{"id":779,"date":"2026-04-30T19:19:57","date_gmt":"2026-04-30T19:19:57","guid":{"rendered":"https:\/\/agrupacionespsoe.es\/barajas\/?p=779"},"modified":"2026-05-01T19:31:47","modified_gmt":"2026-05-01T19:31:47","slug":"dia-del-militante-montse-minguez-psoe-barajas","status":"publish","type":"post","link":"https:\/\/agrupacionespsoe.es\/barajas\/noticias\/dia-del-militante-montse-minguez-psoe-barajas","title":{"rendered":"El PSOE de Barajas suma cuatro nuevos militantes junto a Montse M\u00ednguez"},"content":{"rendered":"\n<h2 class=\"wp-block-heading\">La agrupaci\u00f3n socialista dio la bienvenida a Emma, Julia, Enrique y Antonia en un acto cargado de orgullo, compromiso y defensa del proyecto colectivo frente al ruido de la derecha.<\/h2>\n\n\n\n<p>Hay decisiones que hablan de compromiso incluso cuando el contexto invita a quedarse al margen. Afiliarse a un partido pol\u00edtico en tiempos de ruido, desafecci\u00f3n y crispaci\u00f3n es una de ellas. Y eso fue precisamente lo que celebr\u00f3 este 29 de abril el PSOE de Barajas en una nueva edici\u00f3n de su D\u00eda del Militante: la llegada de cuatro nuevas voces dispuestas a sumar, construir y defender el proyecto socialista desde el distrito.<\/p>\n\n\n\n<hr class=\"wp-block-separator has-alpha-channel-opacity\" \/>\n\n\n\n<h2 class=\"wp-block-heading has-medium-font-size\">Una agrupaci\u00f3n que sigue creciendo<\/h2>\n\n\n\n<p>La sede de la Agrupaci\u00f3n Socialista de Barajas vivi\u00f3 este martes una de esas tardes que explican por qu\u00e9 la pol\u00edtica sigue teniendo sentido cuando se hace desde la convicci\u00f3n, la cercan\u00eda y el compromiso colectivo.<\/p>\n\n\n\n<p>Emma, Julia, Enrique y Antonia recibieron la bienvenida oficial como nuevos militantes del PSOE en el tradicional D\u00eda del Militante, una cita ya consolidada en el calendario de la agrupaci\u00f3n y que este a\u00f1o cont\u00f3 con una madrina de excepci\u00f3n: Montse M\u00ednguez, portavoz federal del PSOE y diputada en el Congreso por Lleida.<\/p>\n\n\n\n<p>M\u00e1s que un acto interno, la jornada se convirti\u00f3 en una reivindicaci\u00f3n p\u00fablica de algo cada vez m\u00e1s necesario: la voluntad de dar un paso adelante y comprometerse con una organizaci\u00f3n pol\u00edtica en un momento en el que la derecha intenta instalar la resignaci\u00f3n, el descr\u00e9dito de lo p\u00fablico y la idea de que nada merece la pena.<\/p>\n\n\n\n<blockquote class=\"wp-block-quote is-layout-flow wp-block-quote-is-layout-flow\">\n<p>Cada nueva persona que decide militar demuestra que el compromiso sigue vivo y que el socialismo sigue teniendo futuro tambi\u00e9n desde Barajas<\/p>\n<\/blockquote>\n\n\n\n<p>La secretaria general del PSOE de Barajas y concejala del Ayuntamiento de Madrid, Mar\u00eda Caso, fue la encargada de abrir el encuentro recordando que cada nueva afiliaci\u00f3n tiene hoy un significado especialmente profundo.<\/p>\n\n\n\n<p>En un tiempo marcado por la desafecci\u00f3n pol\u00edtica y por quienes repiten que \u201ctodos son iguales\u201d, la incorporaci\u00f3n de nuevos compa\u00f1eros y compa\u00f1eras supone exactamente lo contrario: la demostraci\u00f3n de que sigue habiendo personas convencidas de que la pol\u00edtica sirve para mejorar la vida de la gente y de que merece la pena organizarse para defenderla.<\/p>\n\n\n\n<p>Caso reivindic\u00f3 adem\u00e1s el modelo de agrupaci\u00f3n que el PSOE de Barajas viene construyendo en los \u00faltimos a\u00f1os: una casa abierta, activa y pegada a los problemas reales del distrito, donde cada nueva voz cuenta desde el primer d\u00eda y donde la militancia no es una etiqueta, sino una forma de implicarse en la vida p\u00fablica de los barrios.<\/p>\n\n\n\n<div class=\"wp-block-media-text is-stacked-on-mobile\"><figure class=\"wp-block-media-text__media\"><img loading=\"lazy\" decoding=\"async\" width=\"1024\" height=\"683\" src=\"https:\/\/agrupacionespsoe.es\/barajas\/wp-content\/uploads\/sites\/177\/2026\/05\/2026.04.29-Dia-del-militante-con-Montse-Minguez-1024x683.jpg\" alt=\"\" class=\"wp-image-789 size-full\" srcset=\"https:\/\/agrupacionespsoe.es\/barajas\/wp-content\/uploads\/sites\/177\/2026\/05\/2026.04.29-Dia-del-militante-con-Montse-Minguez-1024x683.jpg 1024w, https:\/\/agrupacionespsoe.es\/barajas\/wp-content\/uploads\/sites\/177\/2026\/05\/2026.04.29-Dia-del-militante-con-Montse-Minguez-300x200.jpg 300w, https:\/\/agrupacionespsoe.es\/barajas\/wp-content\/uploads\/sites\/177\/2026\/05\/2026.04.29-Dia-del-militante-con-Montse-Minguez-768x512.jpg 768w, https:\/\/agrupacionespsoe.es\/barajas\/wp-content\/uploads\/sites\/177\/2026\/05\/2026.04.29-Dia-del-militante-con-Montse-Minguez-1536x1024.jpg 1536w, https:\/\/agrupacionespsoe.es\/barajas\/wp-content\/uploads\/sites\/177\/2026\/05\/2026.04.29-Dia-del-militante-con-Montse-Minguez.jpg 2048w\" sizes=\"auto, (max-width: 1024px) 100vw, 1024px\" \/><\/figure><div class=\"wp-block-media-text__content\">\n<p>El D\u00eda del Militante sirvi\u00f3 tambi\u00e9n para reafirmar una idea central: el PSOE de Barajas no solo mantiene intacta su actividad pol\u00edtica y vecinal, sino que sigue ensanchando su base humana y reforzando su proyecto colectivo.<\/p>\n<\/div><\/div>\n\n\n\n<h2 class=\"wp-block-heading has-medium-font-size\">Montse M\u00ednguez: orgullo socialista frente al ruido<\/h2>\n\n\n\n<p>Ese mensaje encontr\u00f3 continuidad en la intervenci\u00f3n de Montse M\u00ednguez, que imprimi\u00f3 al acto una fuerte carga pol\u00edtica y emocional.<\/p>\n\n\n\n<p>La portavoz federal del PSOE defini\u00f3 al Partido Socialista como una gran familia construida a lo largo de m\u00e1s de un siglo de luchas y avances sociales, y record\u00f3 a los nuevos militantes que las agrupaciones socialistas siguen siendo espacios desde los que nacen las grandes transformaciones colectivas del pa\u00eds.<\/p>\n\n\n\n<p>Frente al ruido medi\u00e1tico, el insulto permanente y la estrategia de crispaci\u00f3n impulsada por la derecha y la ultraderecha, M\u00ednguez lanz\u00f3 un mensaje de resistencia y confianza: los y las socialistas no est\u00e1n solos.<\/p>\n\n\n\n<p>Muy al contrario, defendi\u00f3 que existe una mayor\u00eda social que sigue creyendo en la justicia social, en la igualdad, en el feminismo, en la defensa de la sanidad y la educaci\u00f3n p\u00fablicas y en un Gobierno que proteja a la ciudadan\u00eda frente a los abusos del mercado.<\/p>\n\n\n\n<blockquote class=\"wp-block-quote is-layout-flow wp-block-quote-is-layout-flow\">\n<p>Cuando el Partido Socialista abre sus puertas, es imparable.<\/p>\n<\/blockquote>\n\n\n\n<p>M\u00ednguez puso adem\u00e1s en valor la resistencia del PSOE y del presidente del Gobierno, Pedro S\u00e1nchez, ante una oposici\u00f3n basada en el desgaste, la desinformaci\u00f3n y la crispaci\u00f3n permanente. En ese contexto, anim\u00f3 a la agrupaci\u00f3n a seguir ampliando esa red de compromiso cotidiano que convierte a cada militante en portavoz de los valores socialistas en su entorno.<\/p>\n\n\n\n<p>Su intervenci\u00f3n conect\u00f3 la historia del PSOE con los retos actuales: defender los derechos conquistados, proteger a las generaciones futuras y evitar que los avances sociales retrocedan de la mano de quienes quieren devolver el pa\u00eds al pasado.<\/p>\n\n\n\n<hr class=\"wp-block-separator has-alpha-channel-opacity\" \/>\n\n\n\n<h2 class=\"wp-block-heading has-medium-font-size\">Cuatro historias, una misma convicci\u00f3n<\/h2>\n\n\n\n<p>Si la pol\u00edtica tiene rostro, la tarde lo demostr\u00f3 en el turno de palabra de los nuevos militantes.<\/p>\n\n\n\n<p>Emma, Julia, Enrique y Antonia compartieron las razones personales y pol\u00edticas que les han llevado a dar el paso de afiliarse al PSOE. Cuatro trayectorias distintas, cuatro generaciones y experiencias diferentes, pero una misma conclusi\u00f3n compartida: cuando los derechos se ponen en cuesti\u00f3n, organizarse deja de ser una opci\u00f3n secundaria para convertirse en una responsabilidad.<\/p>\n\n\n\n<div class=\"wp-block-media-text is-stacked-on-mobile\"><figure class=\"wp-block-media-text__media\"><img loading=\"lazy\" decoding=\"async\" width=\"1024\" height=\"683\" src=\"https:\/\/agrupacionespsoe.es\/barajas\/wp-content\/uploads\/sites\/177\/2026\/05\/2026.04.29-Dia-del-militante-con-Montse-Minguez-12-1024x683.jpg\" alt=\"\" class=\"wp-image-784 size-full\" srcset=\"https:\/\/agrupacionespsoe.es\/barajas\/wp-content\/uploads\/sites\/177\/2026\/05\/2026.04.29-Dia-del-militante-con-Montse-Minguez-12-1024x683.jpg 1024w, https:\/\/agrupacionespsoe.es\/barajas\/wp-content\/uploads\/sites\/177\/2026\/05\/2026.04.29-Dia-del-militante-con-Montse-Minguez-12-300x200.jpg 300w, https:\/\/agrupacionespsoe.es\/barajas\/wp-content\/uploads\/sites\/177\/2026\/05\/2026.04.29-Dia-del-militante-con-Montse-Minguez-12-768x512.jpg 768w, https:\/\/agrupacionespsoe.es\/barajas\/wp-content\/uploads\/sites\/177\/2026\/05\/2026.04.29-Dia-del-militante-con-Montse-Minguez-12-1536x1024.jpg 1536w, https:\/\/agrupacionespsoe.es\/barajas\/wp-content\/uploads\/sites\/177\/2026\/05\/2026.04.29-Dia-del-militante-con-Montse-Minguez-12.jpg 2048w\" sizes=\"auto, (max-width: 1024px) 100vw, 1024px\" \/><\/figure><div class=\"wp-block-media-text__content\">\n<p>Emma explic\u00f3 que su afiliaci\u00f3n nace de una convicci\u00f3n feminista profunda y de la necesidad de seguir peleando desde dentro por una sociedad libre de violencia machista y con igualdad real entre hombres y mujeres. Su intervenci\u00f3n record\u00f3 que el feminismo sigue siendo una de las grandes razones para militar en el Partido Socialista.<\/p>\n<\/div><\/div>\n\n\n\n<div class=\"wp-block-media-text has-media-on-the-right is-stacked-on-mobile\"><div class=\"wp-block-media-text__content\">\n<p>Enrique y Antonia aportaron una de las reflexiones m\u00e1s emotivas del acto. Despu\u00e9s de toda una vida votando socialista, han decidido dar el paso de militar ahora, en un momento en el que sienten que permanecer como simples espectadores ya no basta frente a la crispaci\u00f3n, la injusticia y el deterioro del debate p\u00fablico.<\/p>\n<\/div><figure class=\"wp-block-media-text__media\"><img loading=\"lazy\" decoding=\"async\" width=\"1024\" height=\"683\" src=\"https:\/\/agrupacionespsoe.es\/barajas\/wp-content\/uploads\/sites\/177\/2026\/05\/2026.04.29-Dia-del-militante-con-Montse-Minguez-15-1024x683.jpg\" alt=\"\" class=\"wp-image-785 size-full\" srcset=\"https:\/\/agrupacionespsoe.es\/barajas\/wp-content\/uploads\/sites\/177\/2026\/05\/2026.04.29-Dia-del-militante-con-Montse-Minguez-15-1024x683.jpg 1024w, https:\/\/agrupacionespsoe.es\/barajas\/wp-content\/uploads\/sites\/177\/2026\/05\/2026.04.29-Dia-del-militante-con-Montse-Minguez-15-300x200.jpg 300w, https:\/\/agrupacionespsoe.es\/barajas\/wp-content\/uploads\/sites\/177\/2026\/05\/2026.04.29-Dia-del-militante-con-Montse-Minguez-15-768x512.jpg 768w, https:\/\/agrupacionespsoe.es\/barajas\/wp-content\/uploads\/sites\/177\/2026\/05\/2026.04.29-Dia-del-militante-con-Montse-Minguez-15-1536x1024.jpg 1536w, https:\/\/agrupacionespsoe.es\/barajas\/wp-content\/uploads\/sites\/177\/2026\/05\/2026.04.29-Dia-del-militante-con-Montse-Minguez-15.jpg 2048w\" sizes=\"auto, (max-width: 1024px) 100vw, 1024px\" \/><\/figure><\/div>\n\n\n\n<div class=\"wp-block-media-text is-stacked-on-mobile\"><figure class=\"wp-block-media-text__media\"><img loading=\"lazy\" decoding=\"async\" width=\"1024\" height=\"683\" src=\"https:\/\/agrupacionespsoe.es\/barajas\/wp-content\/uploads\/sites\/177\/2026\/05\/2026.04.29-Dia-del-militante-con-Montse-Minguez-20-1024x683.jpg\" alt=\"Montse M\u00ednguez interviene en el D\u00eda del Militante organizado por el PSOE de Barajas\" class=\"wp-image-787 size-full\" srcset=\"https:\/\/agrupacionespsoe.es\/barajas\/wp-content\/uploads\/sites\/177\/2026\/05\/2026.04.29-Dia-del-militante-con-Montse-Minguez-20-1024x683.jpg 1024w, https:\/\/agrupacionespsoe.es\/barajas\/wp-content\/uploads\/sites\/177\/2026\/05\/2026.04.29-Dia-del-militante-con-Montse-Minguez-20-300x200.jpg 300w, https:\/\/agrupacionespsoe.es\/barajas\/wp-content\/uploads\/sites\/177\/2026\/05\/2026.04.29-Dia-del-militante-con-Montse-Minguez-20-768x512.jpg 768w, https:\/\/agrupacionespsoe.es\/barajas\/wp-content\/uploads\/sites\/177\/2026\/05\/2026.04.29-Dia-del-militante-con-Montse-Minguez-20-1536x1024.jpg 1536w, https:\/\/agrupacionespsoe.es\/barajas\/wp-content\/uploads\/sites\/177\/2026\/05\/2026.04.29-Dia-del-militante-con-Montse-Minguez-20.jpg 2048w\" sizes=\"auto, (max-width: 1024px) 100vw, 1024px\" \/><\/figure><div class=\"wp-block-media-text__content\">\n<p>Julia puso voz a una historia reconocible para miles de familias trabajadoras: la de quienes pudieron construir un futuro gracias a las oportunidades abiertas por los gobiernos socialistas. Record\u00f3 c\u00f3mo las becas hicieron posible que una familia humilde como la suya accediera a estudios y proyectos de vida que antes parec\u00edan imposibles.<\/p>\n<\/div><\/div>\n\n\n\n<blockquote class=\"wp-block-quote is-layout-flow wp-block-quote-is-layout-flow\">\n<p>Militar tambi\u00e9n es devolver a la sociedad parte de lo que la sociedad nos ha dado<\/p>\n<\/blockquote>\n\n\n\n<h2 class=\"wp-block-heading has-medium-font-size\">Orgullo socialista y futuro<\/h2>\n\n\n\n<p>El D\u00eda del Militante dej\u00f3 una fotograf\u00eda n\u00edtida de la etapa que atraviesa el PSOE de Barajas: una agrupaci\u00f3n viva, en crecimiento, conectada con la direcci\u00f3n federal del partido y decidida a seguir ampliando su militancia como mejor respuesta frente a quienes quieren una ciudadan\u00eda desmovilizada y una izquierda resignada.<\/p>\n\n\n\n<p>Emma, Julia, Enrique y Antonia no fueron solo cuatro nombres recibidos con una rosa y un aplauso. Fueron la constataci\u00f3n de que el socialismo sigue incorporando nuevas energ\u00edas, nuevas miradas y nuevas razones para seguir luchando.<\/p>\n\n\n\n<p>Porque cada nueva incorporaci\u00f3n no es solo una suma de nombres. Es una nueva voz, una nueva historia y una nueva fuerza al servicio de un mismo objetivo: mejorar la vida de la gente y defender, tambi\u00e9n desde Barajas, el proyecto de pa\u00eds que representa el PSOE.<\/p>\n\n\n\n<div class=\"wp-block-jetpack-tiled-gallery aligncenter is-style-rectangular\"><div class=\"\"><div class=\"tiled-gallery__gallery\"><div class=\"tiled-gallery__row\"><div class=\"tiled-gallery__col\" style=\"flex-basis:66.80565%\"><figure class=\"tiled-gallery__item\"><img decoding=\"async\" srcset=\"https:\/\/i0.wp.com\/agrupacionespsoe.es\/barajas\/wp-content\/uploads\/sites\/177\/2026\/05\/2026.04.29-Dia-del-militante-con-Montse-Minguez-16-1024x683.jpg?strip=info&#038;w=600&#038;ssl=1 600w,https:\/\/i0.wp.com\/agrupacionespsoe.es\/barajas\/wp-content\/uploads\/sites\/177\/2026\/05\/2026.04.29-Dia-del-militante-con-Montse-Minguez-16-1024x683.jpg?strip=info&#038;w=900&#038;ssl=1 900w,https:\/\/i0.wp.com\/agrupacionespsoe.es\/barajas\/wp-content\/uploads\/sites\/177\/2026\/05\/2026.04.29-Dia-del-militante-con-Montse-Minguez-16-1024x683.jpg?strip=info&#038;w=1200&#038;ssl=1 1200w,https:\/\/i0.wp.com\/agrupacionespsoe.es\/barajas\/wp-content\/uploads\/sites\/177\/2026\/05\/2026.04.29-Dia-del-militante-con-Montse-Minguez-16-1024x683.jpg?strip=info&#038;w=1500&#038;ssl=1 1500w,https:\/\/i0.wp.com\/agrupacionespsoe.es\/barajas\/wp-content\/uploads\/sites\/177\/2026\/05\/2026.04.29-Dia-del-militante-con-Montse-Minguez-16-1024x683.jpg?strip=info&#038;w=1800&#038;ssl=1 1800w,https:\/\/i0.wp.com\/agrupacionespsoe.es\/barajas\/wp-content\/uploads\/sites\/177\/2026\/05\/2026.04.29-Dia-del-militante-con-Montse-Minguez-16-1024x683.jpg?strip=info&#038;w=2000&#038;ssl=1 2000w\" alt=\"\" data-height=\"1365\" data-id=\"786\" data-link=\"https:\/\/agrupacionespsoe.es\/barajas\/?attachment_id=786\" data-url=\"https:\/\/agrupacionespsoe.es\/barajas\/wp-content\/uploads\/sites\/177\/2026\/05\/2026.04.29-Dia-del-militante-con-Montse-Minguez-16-1024x683.jpg\" data-width=\"2048\" src=\"https:\/\/i0.wp.com\/agrupacionespsoe.es\/barajas\/wp-content\/uploads\/sites\/177\/2026\/05\/2026.04.29-Dia-del-militante-con-Montse-Minguez-16-1024x683.jpg?ssl=1\" data-amp-layout=\"responsive\" \/><\/figure><\/div><div class=\"tiled-gallery__col\" style=\"flex-basis:33.19435%\"><figure class=\"tiled-gallery__item\"><img decoding=\"async\" srcset=\"https:\/\/i0.wp.com\/agrupacionespsoe.es\/barajas\/wp-content\/uploads\/sites\/177\/2026\/05\/2026.04.29-Dia-del-militante-con-Montse-Minguez-1024x683.jpg?strip=info&#038;w=600&#038;ssl=1 600w,https:\/\/i0.wp.com\/agrupacionespsoe.es\/barajas\/wp-content\/uploads\/sites\/177\/2026\/05\/2026.04.29-Dia-del-militante-con-Montse-Minguez-1024x683.jpg?strip=info&#038;w=900&#038;ssl=1 900w,https:\/\/i0.wp.com\/agrupacionespsoe.es\/barajas\/wp-content\/uploads\/sites\/177\/2026\/05\/2026.04.29-Dia-del-militante-con-Montse-Minguez-1024x683.jpg?strip=info&#038;w=1200&#038;ssl=1 1200w,https:\/\/i0.wp.com\/agrupacionespsoe.es\/barajas\/wp-content\/uploads\/sites\/177\/2026\/05\/2026.04.29-Dia-del-militante-con-Montse-Minguez-1024x683.jpg?strip=info&#038;w=1500&#038;ssl=1 1500w,https:\/\/i0.wp.com\/agrupacionespsoe.es\/barajas\/wp-content\/uploads\/sites\/177\/2026\/05\/2026.04.29-Dia-del-militante-con-Montse-Minguez-1024x683.jpg?strip=info&#038;w=1800&#038;ssl=1 1800w,https:\/\/i0.wp.com\/agrupacionespsoe.es\/barajas\/wp-content\/uploads\/sites\/177\/2026\/05\/2026.04.29-Dia-del-militante-con-Montse-Minguez-1024x683.jpg?strip=info&#038;w=2000&#038;ssl=1 2000w\" alt=\"Mar\u00eda Caso durante el D\u00eda del Militante del PSOE de Barajas\" data-height=\"1365\" data-id=\"789\" data-link=\"https:\/\/agrupacionespsoe.es\/barajas\/?attachment_id=789\" data-url=\"https:\/\/agrupacionespsoe.es\/barajas\/wp-content\/uploads\/sites\/177\/2026\/05\/2026.04.29-Dia-del-militante-con-Montse-Minguez-1024x683.jpg\" data-width=\"2048\" src=\"https:\/\/i0.wp.com\/agrupacionespsoe.es\/barajas\/wp-content\/uploads\/sites\/177\/2026\/05\/2026.04.29-Dia-del-militante-con-Montse-Minguez-1024x683.jpg?ssl=1\" data-amp-layout=\"responsive\" \/><\/figure><figure class=\"tiled-gallery__item\"><img decoding=\"async\" srcset=\"https:\/\/i0.wp.com\/agrupacionespsoe.es\/barajas\/wp-content\/uploads\/sites\/177\/2026\/05\/2026.04.29-Dia-del-militante-con-Montse-Minguez-20-1024x683.jpg?strip=info&#038;w=600&#038;ssl=1 600w,https:\/\/i0.wp.com\/agrupacionespsoe.es\/barajas\/wp-content\/uploads\/sites\/177\/2026\/05\/2026.04.29-Dia-del-militante-con-Montse-Minguez-20-1024x683.jpg?strip=info&#038;w=900&#038;ssl=1 900w,https:\/\/i0.wp.com\/agrupacionespsoe.es\/barajas\/wp-content\/uploads\/sites\/177\/2026\/05\/2026.04.29-Dia-del-militante-con-Montse-Minguez-20-1024x683.jpg?strip=info&#038;w=1200&#038;ssl=1 1200w,https:\/\/i0.wp.com\/agrupacionespsoe.es\/barajas\/wp-content\/uploads\/sites\/177\/2026\/05\/2026.04.29-Dia-del-militante-con-Montse-Minguez-20-1024x683.jpg?strip=info&#038;w=1500&#038;ssl=1 1500w,https:\/\/i0.wp.com\/agrupacionespsoe.es\/barajas\/wp-content\/uploads\/sites\/177\/2026\/05\/2026.04.29-Dia-del-militante-con-Montse-Minguez-20-1024x683.jpg?strip=info&#038;w=1800&#038;ssl=1 1800w,https:\/\/i0.wp.com\/agrupacionespsoe.es\/barajas\/wp-content\/uploads\/sites\/177\/2026\/05\/2026.04.29-Dia-del-militante-con-Montse-Minguez-20-1024x683.jpg?strip=info&#038;w=2000&#038;ssl=1 2000w\" alt=\"Montse M\u00ednguez interviene en el D\u00eda del Militante organizado por el PSOE de Barajas\" data-height=\"1365\" data-id=\"787\" data-link=\"https:\/\/agrupacionespsoe.es\/barajas\/?attachment_id=787\" data-url=\"https:\/\/agrupacionespsoe.es\/barajas\/wp-content\/uploads\/sites\/177\/2026\/05\/2026.04.29-Dia-del-militante-con-Montse-Minguez-20-1024x683.jpg\" data-width=\"2048\" src=\"https:\/\/i0.wp.com\/agrupacionespsoe.es\/barajas\/wp-content\/uploads\/sites\/177\/2026\/05\/2026.04.29-Dia-del-militante-con-Montse-Minguez-20-1024x683.jpg?ssl=1\" data-amp-layout=\"responsive\" \/><\/figure><\/div><\/div><div class=\"tiled-gallery__row\"><div class=\"tiled-gallery__col\" style=\"flex-basis:33.33333%\"><figure class=\"tiled-gallery__item\"><img decoding=\"async\" srcset=\"https:\/\/i0.wp.com\/agrupacionespsoe.es\/barajas\/wp-content\/uploads\/sites\/177\/2026\/05\/2026.04.29-Dia-del-militante-con-Montse-Minguez-25-1024x683.jpg?strip=info&#038;w=600&#038;ssl=1 600w,https:\/\/i0.wp.com\/agrupacionespsoe.es\/barajas\/wp-content\/uploads\/sites\/177\/2026\/05\/2026.04.29-Dia-del-militante-con-Montse-Minguez-25-1024x683.jpg?strip=info&#038;w=900&#038;ssl=1 900w,https:\/\/i0.wp.com\/agrupacionespsoe.es\/barajas\/wp-content\/uploads\/sites\/177\/2026\/05\/2026.04.29-Dia-del-militante-con-Montse-Minguez-25-1024x683.jpg?strip=info&#038;w=1200&#038;ssl=1 1200w,https:\/\/i0.wp.com\/agrupacionespsoe.es\/barajas\/wp-content\/uploads\/sites\/177\/2026\/05\/2026.04.29-Dia-del-militante-con-Montse-Minguez-25-1024x683.jpg?strip=info&#038;w=1500&#038;ssl=1 1500w,https:\/\/i0.wp.com\/agrupacionespsoe.es\/barajas\/wp-content\/uploads\/sites\/177\/2026\/05\/2026.04.29-Dia-del-militante-con-Montse-Minguez-25-1024x683.jpg?strip=info&#038;w=1800&#038;ssl=1 1800w,https:\/\/i0.wp.com\/agrupacionespsoe.es\/barajas\/wp-content\/uploads\/sites\/177\/2026\/05\/2026.04.29-Dia-del-militante-con-Montse-Minguez-25-1024x683.jpg?strip=info&#038;w=2000&#038;ssl=1 2000w\" alt=\"\" data-height=\"1365\" data-id=\"788\" data-link=\"https:\/\/agrupacionespsoe.es\/barajas\/?attachment_id=788\" data-url=\"https:\/\/agrupacionespsoe.es\/barajas\/wp-content\/uploads\/sites\/177\/2026\/05\/2026.04.29-Dia-del-militante-con-Montse-Minguez-25-1024x683.jpg\" data-width=\"2048\" src=\"https:\/\/i0.wp.com\/agrupacionespsoe.es\/barajas\/wp-content\/uploads\/sites\/177\/2026\/05\/2026.04.29-Dia-del-militante-con-Montse-Minguez-25-1024x683.jpg?ssl=1\" data-amp-layout=\"responsive\" \/><\/figure><\/div><div class=\"tiled-gallery__col\" style=\"flex-basis:33.33333%\"><figure class=\"tiled-gallery__item\"><img decoding=\"async\" srcset=\"https:\/\/i0.wp.com\/agrupacionespsoe.es\/barajas\/wp-content\/uploads\/sites\/177\/2026\/05\/2026.04.29-Dia-del-militante-con-Montse-Minguez-5-1024x683.jpg?strip=info&#038;w=600&#038;ssl=1 600w,https:\/\/i0.wp.com\/agrupacionespsoe.es\/barajas\/wp-content\/uploads\/sites\/177\/2026\/05\/2026.04.29-Dia-del-militante-con-Montse-Minguez-5-1024x683.jpg?strip=info&#038;w=900&#038;ssl=1 900w,https:\/\/i0.wp.com\/agrupacionespsoe.es\/barajas\/wp-content\/uploads\/sites\/177\/2026\/05\/2026.04.29-Dia-del-militante-con-Montse-Minguez-5-1024x683.jpg?strip=info&#038;w=1200&#038;ssl=1 1200w,https:\/\/i0.wp.com\/agrupacionespsoe.es\/barajas\/wp-content\/uploads\/sites\/177\/2026\/05\/2026.04.29-Dia-del-militante-con-Montse-Minguez-5-1024x683.jpg?strip=info&#038;w=1500&#038;ssl=1 1500w,https:\/\/i0.wp.com\/agrupacionespsoe.es\/barajas\/wp-content\/uploads\/sites\/177\/2026\/05\/2026.04.29-Dia-del-militante-con-Montse-Minguez-5-1024x683.jpg?strip=info&#038;w=1800&#038;ssl=1 1800w,https:\/\/i0.wp.com\/agrupacionespsoe.es\/barajas\/wp-content\/uploads\/sites\/177\/2026\/05\/2026.04.29-Dia-del-militante-con-Montse-Minguez-5-1024x683.jpg?strip=info&#038;w=2000&#038;ssl=1 2000w\" alt=\"\" data-height=\"1365\" data-id=\"781\" data-link=\"https:\/\/agrupacionespsoe.es\/barajas\/?attachment_id=781\" data-url=\"https:\/\/agrupacionespsoe.es\/barajas\/wp-content\/uploads\/sites\/177\/2026\/05\/2026.04.29-Dia-del-militante-con-Montse-Minguez-5-1024x683.jpg\" data-width=\"2048\" src=\"https:\/\/i0.wp.com\/agrupacionespsoe.es\/barajas\/wp-content\/uploads\/sites\/177\/2026\/05\/2026.04.29-Dia-del-militante-con-Montse-Minguez-5-1024x683.jpg?ssl=1\" data-amp-layout=\"responsive\" \/><\/figure><\/div><div class=\"tiled-gallery__col\" style=\"flex-basis:33.33333%\"><figure class=\"tiled-gallery__item\"><img decoding=\"async\" srcset=\"https:\/\/i0.wp.com\/agrupacionespsoe.es\/barajas\/wp-content\/uploads\/sites\/177\/2026\/05\/2026.04.29-Dia-del-militante-con-Montse-Minguez-15-1024x683.jpg?strip=info&#038;w=600&#038;ssl=1 600w,https:\/\/i0.wp.com\/agrupacionespsoe.es\/barajas\/wp-content\/uploads\/sites\/177\/2026\/05\/2026.04.29-Dia-del-militante-con-Montse-Minguez-15-1024x683.jpg?strip=info&#038;w=900&#038;ssl=1 900w,https:\/\/i0.wp.com\/agrupacionespsoe.es\/barajas\/wp-content\/uploads\/sites\/177\/2026\/05\/2026.04.29-Dia-del-militante-con-Montse-Minguez-15-1024x683.jpg?strip=info&#038;w=1200&#038;ssl=1 1200w,https:\/\/i0.wp.com\/agrupacionespsoe.es\/barajas\/wp-content\/uploads\/sites\/177\/2026\/05\/2026.04.29-Dia-del-militante-con-Montse-Minguez-15-1024x683.jpg?strip=info&#038;w=1500&#038;ssl=1 1500w,https:\/\/i0.wp.com\/agrupacionespsoe.es\/barajas\/wp-content\/uploads\/sites\/177\/2026\/05\/2026.04.29-Dia-del-militante-con-Montse-Minguez-15-1024x683.jpg?strip=info&#038;w=1800&#038;ssl=1 1800w,https:\/\/i0.wp.com\/agrupacionespsoe.es\/barajas\/wp-content\/uploads\/sites\/177\/2026\/05\/2026.04.29-Dia-del-militante-con-Montse-Minguez-15-1024x683.jpg?strip=info&#038;w=2000&#038;ssl=1 2000w\" alt=\"Enrique y Antonia explican sus motivos de afiliaci\u00f3n en el D\u00eda del Militante del PSOE de Baraja\" data-height=\"1365\" data-id=\"785\" data-link=\"https:\/\/agrupacionespsoe.es\/barajas\/?attachment_id=785\" data-url=\"https:\/\/agrupacionespsoe.es\/barajas\/wp-content\/uploads\/sites\/177\/2026\/05\/2026.04.29-Dia-del-militante-con-Montse-Minguez-15-1024x683.jpg\" data-width=\"2048\" src=\"https:\/\/i0.wp.com\/agrupacionespsoe.es\/barajas\/wp-content\/uploads\/sites\/177\/2026\/05\/2026.04.29-Dia-del-militante-con-Montse-Minguez-15-1024x683.jpg?ssl=1\" data-amp-layout=\"responsive\" \/><\/figure><\/div><\/div><div class=\"tiled-gallery__row\"><div class=\"tiled-gallery__col\" style=\"flex-basis:25.00000%\"><figure class=\"tiled-gallery__item\"><img decoding=\"async\" srcset=\"https:\/\/i0.wp.com\/agrupacionespsoe.es\/barajas\/wp-content\/uploads\/sites\/177\/2026\/05\/2026.04.29-Dia-del-militante-con-Montse-Minguez-12-1024x683.jpg?strip=info&#038;w=600&#038;ssl=1 600w,https:\/\/i0.wp.com\/agrupacionespsoe.es\/barajas\/wp-content\/uploads\/sites\/177\/2026\/05\/2026.04.29-Dia-del-militante-con-Montse-Minguez-12-1024x683.jpg?strip=info&#038;w=900&#038;ssl=1 900w,https:\/\/i0.wp.com\/agrupacionespsoe.es\/barajas\/wp-content\/uploads\/sites\/177\/2026\/05\/2026.04.29-Dia-del-militante-con-Montse-Minguez-12-1024x683.jpg?strip=info&#038;w=1200&#038;ssl=1 1200w,https:\/\/i0.wp.com\/agrupacionespsoe.es\/barajas\/wp-content\/uploads\/sites\/177\/2026\/05\/2026.04.29-Dia-del-militante-con-Montse-Minguez-12-1024x683.jpg?strip=info&#038;w=1500&#038;ssl=1 1500w,https:\/\/i0.wp.com\/agrupacionespsoe.es\/barajas\/wp-content\/uploads\/sites\/177\/2026\/05\/2026.04.29-Dia-del-militante-con-Montse-Minguez-12-1024x683.jpg?strip=info&#038;w=1800&#038;ssl=1 1800w,https:\/\/i0.wp.com\/agrupacionespsoe.es\/barajas\/wp-content\/uploads\/sites\/177\/2026\/05\/2026.04.29-Dia-del-militante-con-Montse-Minguez-12-1024x683.jpg?strip=info&#038;w=2000&#038;ssl=1 2000w\" alt=\"Emma durante su intervenci\u00f3n como nueva militante del PSOE de Barajas\" data-height=\"1365\" data-id=\"784\" data-link=\"https:\/\/agrupacionespsoe.es\/barajas\/?attachment_id=784\" data-url=\"https:\/\/agrupacionespsoe.es\/barajas\/wp-content\/uploads\/sites\/177\/2026\/05\/2026.04.29-Dia-del-militante-con-Montse-Minguez-12-1024x683.jpg\" data-width=\"2048\" src=\"https:\/\/i0.wp.com\/agrupacionespsoe.es\/barajas\/wp-content\/uploads\/sites\/177\/2026\/05\/2026.04.29-Dia-del-militante-con-Montse-Minguez-12-1024x683.jpg?ssl=1\" data-amp-layout=\"responsive\" \/><\/figure><\/div><div class=\"tiled-gallery__col\" style=\"flex-basis:25.00000%\"><figure class=\"tiled-gallery__item\"><img decoding=\"async\" srcset=\"https:\/\/i0.wp.com\/agrupacionespsoe.es\/barajas\/wp-content\/uploads\/sites\/177\/2026\/05\/2026.04.29-Dia-del-militante-con-Montse-Minguez-4-1024x683.jpg?strip=info&#038;w=600&#038;ssl=1 600w,https:\/\/i0.wp.com\/agrupacionespsoe.es\/barajas\/wp-content\/uploads\/sites\/177\/2026\/05\/2026.04.29-Dia-del-militante-con-Montse-Minguez-4-1024x683.jpg?strip=info&#038;w=900&#038;ssl=1 900w,https:\/\/i0.wp.com\/agrupacionespsoe.es\/barajas\/wp-content\/uploads\/sites\/177\/2026\/05\/2026.04.29-Dia-del-militante-con-Montse-Minguez-4-1024x683.jpg?strip=info&#038;w=1200&#038;ssl=1 1200w,https:\/\/i0.wp.com\/agrupacionespsoe.es\/barajas\/wp-content\/uploads\/sites\/177\/2026\/05\/2026.04.29-Dia-del-militante-con-Montse-Minguez-4-1024x683.jpg?strip=info&#038;w=1500&#038;ssl=1 1500w,https:\/\/i0.wp.com\/agrupacionespsoe.es\/barajas\/wp-content\/uploads\/sites\/177\/2026\/05\/2026.04.29-Dia-del-militante-con-Montse-Minguez-4-1024x683.jpg?strip=info&#038;w=1800&#038;ssl=1 1800w,https:\/\/i0.wp.com\/agrupacionespsoe.es\/barajas\/wp-content\/uploads\/sites\/177\/2026\/05\/2026.04.29-Dia-del-militante-con-Montse-Minguez-4-1024x683.jpg?strip=info&#038;w=2000&#038;ssl=1 2000w\" alt=\"\" data-height=\"1365\" data-id=\"780\" data-link=\"https:\/\/agrupacionespsoe.es\/barajas\/?attachment_id=780\" data-url=\"https:\/\/agrupacionespsoe.es\/barajas\/wp-content\/uploads\/sites\/177\/2026\/05\/2026.04.29-Dia-del-militante-con-Montse-Minguez-4-1024x683.jpg\" data-width=\"2048\" src=\"https:\/\/i0.wp.com\/agrupacionespsoe.es\/barajas\/wp-content\/uploads\/sites\/177\/2026\/05\/2026.04.29-Dia-del-militante-con-Montse-Minguez-4-1024x683.jpg?ssl=1\" data-amp-layout=\"responsive\" \/><\/figure><\/div><div class=\"tiled-gallery__col\" style=\"flex-basis:25.00000%\"><figure class=\"tiled-gallery__item\"><img decoding=\"async\" srcset=\"https:\/\/i0.wp.com\/agrupacionespsoe.es\/barajas\/wp-content\/uploads\/sites\/177\/2026\/05\/2026.04.29-Dia-del-militante-con-Montse-Minguez-7-1024x683.jpg?strip=info&#038;w=600&#038;ssl=1 600w,https:\/\/i0.wp.com\/agrupacionespsoe.es\/barajas\/wp-content\/uploads\/sites\/177\/2026\/05\/2026.04.29-Dia-del-militante-con-Montse-Minguez-7-1024x683.jpg?strip=info&#038;w=900&#038;ssl=1 900w,https:\/\/i0.wp.com\/agrupacionespsoe.es\/barajas\/wp-content\/uploads\/sites\/177\/2026\/05\/2026.04.29-Dia-del-militante-con-Montse-Minguez-7-1024x683.jpg?strip=info&#038;w=1200&#038;ssl=1 1200w,https:\/\/i0.wp.com\/agrupacionespsoe.es\/barajas\/wp-content\/uploads\/sites\/177\/2026\/05\/2026.04.29-Dia-del-militante-con-Montse-Minguez-7-1024x683.jpg?strip=info&#038;w=1500&#038;ssl=1 1500w,https:\/\/i0.wp.com\/agrupacionespsoe.es\/barajas\/wp-content\/uploads\/sites\/177\/2026\/05\/2026.04.29-Dia-del-militante-con-Montse-Minguez-7-1024x683.jpg?strip=info&#038;w=1800&#038;ssl=1 1800w,https:\/\/i0.wp.com\/agrupacionespsoe.es\/barajas\/wp-content\/uploads\/sites\/177\/2026\/05\/2026.04.29-Dia-del-militante-con-Montse-Minguez-7-1024x683.jpg?strip=info&#038;w=2000&#038;ssl=1 2000w\" alt=\"\" data-height=\"1365\" data-id=\"783\" data-link=\"https:\/\/agrupacionespsoe.es\/barajas\/?attachment_id=783\" data-url=\"https:\/\/agrupacionespsoe.es\/barajas\/wp-content\/uploads\/sites\/177\/2026\/05\/2026.04.29-Dia-del-militante-con-Montse-Minguez-7-1024x683.jpg\" data-width=\"2048\" src=\"https:\/\/i0.wp.com\/agrupacionespsoe.es\/barajas\/wp-content\/uploads\/sites\/177\/2026\/05\/2026.04.29-Dia-del-militante-con-Montse-Minguez-7-1024x683.jpg?ssl=1\" data-amp-layout=\"responsive\" \/><\/figure><\/div><div class=\"tiled-gallery__col\" style=\"flex-basis:25.00000%\"><figure class=\"tiled-gallery__item\"><img decoding=\"async\" srcset=\"https:\/\/i0.wp.com\/agrupacionespsoe.es\/barajas\/wp-content\/uploads\/sites\/177\/2026\/05\/2026.04.29-Dia-del-militante-con-Montse-Minguez-6-1024x683.jpg?strip=info&#038;w=600&#038;ssl=1 600w,https:\/\/i0.wp.com\/agrupacionespsoe.es\/barajas\/wp-content\/uploads\/sites\/177\/2026\/05\/2026.04.29-Dia-del-militante-con-Montse-Minguez-6-1024x683.jpg?strip=info&#038;w=900&#038;ssl=1 900w,https:\/\/i0.wp.com\/agrupacionespsoe.es\/barajas\/wp-content\/uploads\/sites\/177\/2026\/05\/2026.04.29-Dia-del-militante-con-Montse-Minguez-6-1024x683.jpg?strip=info&#038;w=1200&#038;ssl=1 1200w,https:\/\/i0.wp.com\/agrupacionespsoe.es\/barajas\/wp-content\/uploads\/sites\/177\/2026\/05\/2026.04.29-Dia-del-militante-con-Montse-Minguez-6-1024x683.jpg?strip=info&#038;w=1500&#038;ssl=1 1500w,https:\/\/i0.wp.com\/agrupacionespsoe.es\/barajas\/wp-content\/uploads\/sites\/177\/2026\/05\/2026.04.29-Dia-del-militante-con-Montse-Minguez-6-1024x683.jpg?strip=info&#038;w=1800&#038;ssl=1 1800w,https:\/\/i0.wp.com\/agrupacionespsoe.es\/barajas\/wp-content\/uploads\/sites\/177\/2026\/05\/2026.04.29-Dia-del-militante-con-Montse-Minguez-6-1024x683.jpg?strip=info&#038;w=2000&#038;ssl=1 2000w\" alt=\"\" data-height=\"1365\" data-id=\"782\" data-link=\"https:\/\/agrupacionespsoe.es\/barajas\/?attachment_id=782\" data-url=\"https:\/\/agrupacionespsoe.es\/barajas\/wp-content\/uploads\/sites\/177\/2026\/05\/2026.04.29-Dia-del-militante-con-Montse-Minguez-6-1024x683.jpg\" data-width=\"2048\" src=\"https:\/\/i0.wp.com\/agrupacionespsoe.es\/barajas\/wp-content\/uploads\/sites\/177\/2026\/05\/2026.04.29-Dia-del-militante-con-Montse-Minguez-6-1024x683.jpg?ssl=1\" data-amp-layout=\"responsive\" \/><\/figure><\/div><\/div><\/div><\/div><\/div>\n\n\n\n\n\n<hr class=\"wp-block-separator has-alpha-channel-opacity\" \/>\n\n\n\n<div class=\"wp-block-buttons is-content-justification-center is-layout-flex wp-container-core-buttons-is-layout-1 wp-block-buttons-is-layout-flex\">\n<div class=\"wp-block-button\"><a class=\"wp-block-button__link has-white-color has-primary-background-color has-text-color has-background has-link-color has-text-align-center wp-element-button\" href=\"https:\/\/afiliate.psoe.es\/Affiliation\/AffiliationHome\" style=\"padding-right:var(--wp--preset--spacing--30);padding-left:var(--wp--preset--spacing--30)\" target=\"_blank\" rel=\"noreferrer noopener\">S\u00famate al PSOE de Barajas<\/a><\/div>\n<\/div>\n","protected":false},"excerpt":{"rendered":"<p>El PSOE de Barajas dio la bienvenida este 29 de abril a cuatro nuevos militantes \u2014Emma, Julia, Enrique y Antonia\u2014 en el D\u00eda del Militante celebrado junto a Montse M\u00ednguez, una jornada de orgullo socialista, compromiso colectivo y fortalecimiento de la agrupaci\u00f3n.<\/p>\n","protected":false},"author":261,"featured_media":787,"comment_status":"open","ping_status":"open","sticky":false,"template":"","format":"standard","meta":{"_jetpack_memberships_contains_paid_content":false,"footnotes":""},"categories":[6],"tags":[9,7],"class_list":["post-779","post","type-post","status-publish","format-standard","has-post-thumbnail","hentry","category-noticias","tag-actos","tag-noticias"],"yoast_head":"<!-- This site is optimized with the Yoast SEO plugin v24.0 - https:\/\/yoast.com\/wordpress\/plugins\/seo\/ -->\n<title>El PSOE Barajas celebra el D\u00eda del Militante con Montse M\u00ednguez<\/title>\n<meta name=\"description\" content=\"El PSOE de Barajas celebr\u00f3 el D\u00eda del Militante junto a Montse M\u00ednguez, dando la bienvenida a Emma, Julia, Enrique y Antonia como nuevos militantes.\" \/>\n<meta name=\"robots\" content=\"index, follow, max-snippet:-1, max-image-preview:large, max-video-preview:-1\" \/>\n<link rel=\"canonical\" href=\"https:\/\/agrupacionespsoe.es\/barajas\/noticias\/dia-del-militante-montse-minguez-psoe-barajas\" \/>\n<meta property=\"og:locale\" content=\"es_ES\" \/>\n<meta property=\"og:type\" content=\"article\" \/>\n<meta property=\"og:title\" content=\"El PSOE Barajas celebra el D\u00eda del Militante con Montse M\u00ednguez\" \/>\n<meta property=\"og:description\" content=\"El PSOE de Barajas celebr\u00f3 el D\u00eda del Militante junto a Montse M\u00ednguez, dando la bienvenida a Emma, Julia, Enrique y Antonia como nuevos militantes.\" \/>\n<meta property=\"og:url\" content=\"https:\/\/agrupacionespsoe.es\/barajas\/noticias\/dia-del-militante-montse-minguez-psoe-barajas\" \/>\n<meta property=\"og:site_name\" content=\"Agrupaci\u00f3n Socialista de Barajas\" \/>\n<meta property=\"article:published_time\" content=\"2026-04-30T19:19:57+00:00\" \/>\n<meta property=\"article:modified_time\" content=\"2026-05-01T19:31:47+00:00\" \/>\n<meta property=\"og:image\" content=\"https:\/\/agrupacionespsoe.es\/barajas\/wp-content\/uploads\/sites\/177\/2026\/05\/2026.04.29-Dia-del-militante-con-Montse-Minguez-20.jpg\" \/>\n\t<meta property=\"og:image:width\" content=\"2048\" \/>\n\t<meta property=\"og:image:height\" content=\"1365\" \/>\n\t<meta property=\"og:image:type\" content=\"image\/jpeg\" \/>\n<meta name=\"author\" content=\"barajas2\" \/>\n<meta name=\"twitter:card\" content=\"summary_large_image\" \/>\n<meta name=\"twitter:label1\" content=\"Escrito por\" \/>\n\t<meta name=\"twitter:data1\" content=\"barajas2\" \/>\n\t<meta name=\"twitter:label2\" content=\"Tiempo de lectura\" \/>\n\t<meta name=\"twitter:data2\" content=\"8 minutos\" \/>\n<script type=\"application\/ld+json\" class=\"yoast-schema-graph\">{\"@context\":\"https:\/\/schema.org\",\"@graph\":[{\"@type\":\"Article\",\"@id\":\"https:\/\/agrupacionespsoe.es\/barajas\/noticias\/dia-del-militante-montse-minguez-psoe-barajas#article\",\"isPartOf\":{\"@id\":\"https:\/\/agrupacionespsoe.es\/barajas\/noticias\/dia-del-militante-montse-minguez-psoe-barajas\"},\"author\":{\"name\":\"barajas2\",\"@id\":\"https:\/\/agrupacionespsoe.es\/barajas\/#\/schema\/person\/6b35519e3c1467d433035feda3e759f7\"},\"headline\":\"El PSOE de Barajas suma cuatro nuevos militantes junto a Montse M\u00ednguez\",\"datePublished\":\"2026-04-30T19:19:57+00:00\",\"dateModified\":\"2026-05-01T19:31:47+00:00\",\"mainEntityOfPage\":{\"@id\":\"https:\/\/agrupacionespsoe.es\/barajas\/noticias\/dia-del-militante-montse-minguez-psoe-barajas\"},\"wordCount\":1226,\"commentCount\":0,\"publisher\":{\"@id\":\"https:\/\/agrupacionespsoe.es\/barajas\/#organization\"},\"image\":{\"@id\":\"https:\/\/agrupacionespsoe.es\/barajas\/noticias\/dia-del-militante-montse-minguez-psoe-barajas#primaryimage\"},\"thumbnailUrl\":\"https:\/\/agrupacionespsoe.es\/barajas\/wp-content\/uploads\/sites\/177\/2026\/05\/2026.04.29-Dia-del-militante-con-Montse-Minguez-20.jpg\",\"keywords\":[\"Actos\",\"Noticias\"],\"articleSection\":[\"Noticias\"],\"inLanguage\":\"es\",\"potentialAction\":[{\"@type\":\"CommentAction\",\"name\":\"Comment\",\"target\":[\"https:\/\/agrupacionespsoe.es\/barajas\/noticias\/dia-del-militante-montse-minguez-psoe-barajas#respond\"]}]},{\"@type\":\"WebPage\",\"@id\":\"https:\/\/agrupacionespsoe.es\/barajas\/noticias\/dia-del-militante-montse-minguez-psoe-barajas\",\"url\":\"https:\/\/agrupacionespsoe.es\/barajas\/noticias\/dia-del-militante-montse-minguez-psoe-barajas\",\"name\":\"El PSOE Barajas celebra el D\u00eda del Militante con Montse M\u00ednguez\",\"isPartOf\":{\"@id\":\"https:\/\/agrupacionespsoe.es\/barajas\/#website\"},\"primaryImageOfPage\":{\"@id\":\"https:\/\/agrupacionespsoe.es\/barajas\/noticias\/dia-del-militante-montse-minguez-psoe-barajas#primaryimage\"},\"image\":{\"@id\":\"https:\/\/agrupacionespsoe.es\/barajas\/noticias\/dia-del-militante-montse-minguez-psoe-barajas#primaryimage\"},\"thumbnailUrl\":\"https:\/\/agrupacionespsoe.es\/barajas\/wp-content\/uploads\/sites\/177\/2026\/05\/2026.04.29-Dia-del-militante-con-Montse-Minguez-20.jpg\",\"datePublished\":\"2026-04-30T19:19:57+00:00\",\"dateModified\":\"2026-05-01T19:31:47+00:00\",\"description\":\"El PSOE de Barajas celebr\u00f3 el D\u00eda del Militante junto a Montse M\u00ednguez, dando la bienvenida a Emma, Julia, Enrique y Antonia como nuevos militantes.\",\"breadcrumb\":{\"@id\":\"https:\/\/agrupacionespsoe.es\/barajas\/noticias\/dia-del-militante-montse-minguez-psoe-barajas#breadcrumb\"},\"inLanguage\":\"es\",\"potentialAction\":[{\"@type\":\"ReadAction\",\"target\":[\"https:\/\/agrupacionespsoe.es\/barajas\/noticias\/dia-del-militante-montse-minguez-psoe-barajas\"]}]},{\"@type\":\"ImageObject\",\"inLanguage\":\"es\",\"@id\":\"https:\/\/agrupacionespsoe.es\/barajas\/noticias\/dia-del-militante-montse-minguez-psoe-barajas#primaryimage\",\"url\":\"https:\/\/agrupacionespsoe.es\/barajas\/wp-content\/uploads\/sites\/177\/2026\/05\/2026.04.29-Dia-del-militante-con-Montse-Minguez-20.jpg\",\"contentUrl\":\"https:\/\/agrupacionespsoe.es\/barajas\/wp-content\/uploads\/sites\/177\/2026\/05\/2026.04.29-Dia-del-militante-con-Montse-Minguez-20.jpg\",\"width\":2048,\"height\":1365,\"caption\":\"Montse M\u00ednguez, portavoz federal del PSOE, durante el D\u00eda del Militante celebrado en la sede del PSOE de Barajas.\"},{\"@type\":\"BreadcrumbList\",\"@id\":\"https:\/\/agrupacionespsoe.es\/barajas\/noticias\/dia-del-militante-montse-minguez-psoe-barajas#breadcrumb\",\"itemListElement\":[{\"@type\":\"ListItem\",\"position\":1,\"name\":\"Portada\",\"item\":\"https:\/\/agrupacionespsoe.es\/barajas\/\"},{\"@type\":\"ListItem\",\"position\":2,\"name\":\"El PSOE de Barajas suma cuatro nuevos militantes junto a Montse M\u00ednguez\"}]},{\"@type\":\"WebSite\",\"@id\":\"https:\/\/agrupacionespsoe.es\/barajas\/#website\",\"url\":\"https:\/\/agrupacionespsoe.es\/barajas\/\",\"name\":\"Agrupaci\u00f3n Socialista de Barajas\",\"description\":\"Agrupaci\u00f3n Socialista de Barajas\",\"publisher\":{\"@id\":\"https:\/\/agrupacionespsoe.es\/barajas\/#organization\"},\"potentialAction\":[{\"@type\":\"SearchAction\",\"target\":{\"@type\":\"EntryPoint\",\"urlTemplate\":\"https:\/\/agrupacionespsoe.es\/barajas\/?s={search_term_string}\"},\"query-input\":{\"@type\":\"PropertyValueSpecification\",\"valueRequired\":true,\"valueName\":\"search_term_string\"}}],\"inLanguage\":\"es\"},{\"@type\":\"Organization\",\"@id\":\"https:\/\/agrupacionespsoe.es\/barajas\/#organization\",\"name\":\"Agrupaci\u00f3n Socialista de Barajas\",\"url\":\"https:\/\/agrupacionespsoe.es\/barajas\/\",\"logo\":{\"@type\":\"ImageObject\",\"inLanguage\":\"es\",\"@id\":\"https:\/\/agrupacionespsoe.es\/barajas\/#\/schema\/logo\/image\/\",\"url\":\"https:\/\/agrupacionespsoe.es\/wp-content\/uploads\/2022\/07\/Logotipo_electoral_del_PSOE.png\",\"contentUrl\":\"https:\/\/agrupacionespsoe.es\/wp-content\/uploads\/2022\/07\/Logotipo_electoral_del_PSOE.png\",\"width\":422,\"height\":422,\"caption\":\"Agrupaci\u00f3n Socialista de Barajas\"},\"image\":{\"@id\":\"https:\/\/agrupacionespsoe.es\/barajas\/#\/schema\/logo\/image\/\"}},{\"@type\":\"Person\",\"@id\":\"https:\/\/agrupacionespsoe.es\/barajas\/#\/schema\/person\/6b35519e3c1467d433035feda3e759f7\",\"name\":\"barajas2\",\"image\":{\"@type\":\"ImageObject\",\"inLanguage\":\"es\",\"@id\":\"https:\/\/agrupacionespsoe.es\/barajas\/#\/schema\/person\/image\/\",\"url\":\"https:\/\/secure.gravatar.com\/avatar\/c06772ef0a4626464d2da5b317eff166?s=96&d=mm&r=g\",\"contentUrl\":\"https:\/\/secure.gravatar.com\/avatar\/c06772ef0a4626464d2da5b317eff166?s=96&d=mm&r=g\",\"caption\":\"barajas2\"},\"url\":\"https:\/\/agrupacionespsoe.es\/barajas\/author\/barajas2\"}]}<\/script>\n<!-- \/ Yoast SEO plugin. -->","yoast_head_json":{"title":"El PSOE Barajas celebra el D\u00eda del Militante con Montse M\u00ednguez","description":"El PSOE de Barajas celebr\u00f3 el D\u00eda del Militante junto a Montse M\u00ednguez, dando la bienvenida a Emma, Julia, Enrique y Antonia como nuevos militantes.","robots":{"index":"index","follow":"follow","max-snippet":"max-snippet:-1","max-image-preview":"max-image-preview:large","max-video-preview":"max-video-preview:-1"},"canonical":"https:\/\/agrupacionespsoe.es\/barajas\/noticias\/dia-del-militante-montse-minguez-psoe-barajas","og_locale":"es_ES","og_type":"article","og_title":"El PSOE Barajas celebra el D\u00eda del Militante con Montse M\u00ednguez","og_description":"El PSOE de Barajas celebr\u00f3 el D\u00eda del Militante junto a Montse M\u00ednguez, dando la bienvenida a Emma, Julia, Enrique y Antonia como nuevos militantes.","og_url":"https:\/\/agrupacionespsoe.es\/barajas\/noticias\/dia-del-militante-montse-minguez-psoe-barajas","og_site_name":"Agrupaci\u00f3n Socialista de Barajas","article_published_time":"2026-04-30T19:19:57+00:00","article_modified_time":"2026-05-01T19:31:47+00:00","og_image":[{"width":2048,"height":1365,"url":"https:\/\/agrupacionespsoe.es\/barajas\/wp-content\/uploads\/sites\/177\/2026\/05\/2026.04.29-Dia-del-militante-con-Montse-Minguez-20.jpg","type":"image\/jpeg"}],"author":"barajas2","twitter_card":"summary_large_image","twitter_misc":{"Escrito por":"barajas2","Tiempo de lectura":"8 minutos"},"schema":{"@context":"https:\/\/schema.org","@graph":[{"@type":"Article","@id":"https:\/\/agrupacionespsoe.es\/barajas\/noticias\/dia-del-militante-montse-minguez-psoe-barajas#article","isPartOf":{"@id":"https:\/\/agrupacionespsoe.es\/barajas\/noticias\/dia-del-militante-montse-minguez-psoe-barajas"},"author":{"name":"barajas2","@id":"https:\/\/agrupacionespsoe.es\/barajas\/#\/schema\/person\/6b35519e3c1467d433035feda3e759f7"},"headline":"El PSOE de Barajas suma cuatro nuevos militantes junto a Montse M\u00ednguez","datePublished":"2026-04-30T19:19:57+00:00","dateModified":"2026-05-01T19:31:47+00:00","mainEntityOfPage":{"@id":"https:\/\/agrupacionespsoe.es\/barajas\/noticias\/dia-del-militante-montse-minguez-psoe-barajas"},"wordCount":1226,"commentCount":0,"publisher":{"@id":"https:\/\/agrupacionespsoe.es\/barajas\/#organization"},"image":{"@id":"https:\/\/agrupacionespsoe.es\/barajas\/noticias\/dia-del-militante-montse-minguez-psoe-barajas#primaryimage"},"thumbnailUrl":"https:\/\/agrupacionespsoe.es\/barajas\/wp-content\/uploads\/sites\/177\/2026\/05\/2026.04.29-Dia-del-militante-con-Montse-Minguez-20.jpg","keywords":["Actos","Noticias"],"articleSection":["Noticias"],"inLanguage":"es","potentialAction":[{"@type":"CommentAction","name":"Comment","target":["https:\/\/agrupacionespsoe.es\/barajas\/noticias\/dia-del-militante-montse-minguez-psoe-barajas#respond"]}]},{"@type":"WebPage","@id":"https:\/\/agrupacionespsoe.es\/barajas\/noticias\/dia-del-militante-montse-minguez-psoe-barajas","url":"https:\/\/agrupacionespsoe.es\/barajas\/noticias\/dia-del-militante-montse-minguez-psoe-barajas","name":"El PSOE Barajas celebra el D\u00eda del Militante con Montse M\u00ednguez","isPartOf":{"@id":"https:\/\/agrupacionespsoe.es\/barajas\/#website"},"primaryImageOfPage":{"@id":"https:\/\/agrupacionespsoe.es\/barajas\/noticias\/dia-del-militante-montse-minguez-psoe-barajas#primaryimage"},"image":{"@id":"https:\/\/agrupacionespsoe.es\/barajas\/noticias\/dia-del-militante-montse-minguez-psoe-barajas#primaryimage"},"thumbnailUrl":"https:\/\/agrupacionespsoe.es\/barajas\/wp-content\/uploads\/sites\/177\/2026\/05\/2026.04.29-Dia-del-militante-con-Montse-Minguez-20.jpg","datePublished":"2026-04-30T19:19:57+00:00","dateModified":"2026-05-01T19:31:47+00:00","description":"El PSOE de Barajas celebr\u00f3 el D\u00eda del Militante junto a Montse M\u00ednguez, dando la bienvenida a Emma, Julia, Enrique y Antonia como nuevos militantes.","breadcrumb":{"@id":"https:\/\/agrupacionespsoe.es\/barajas\/noticias\/dia-del-militante-montse-minguez-psoe-barajas#breadcrumb"},"inLanguage":"es","potentialAction":[{"@type":"ReadAction","target":["https:\/\/agrupacionespsoe.es\/barajas\/noticias\/dia-del-militante-montse-minguez-psoe-barajas"]}]},{"@type":"ImageObject","inLanguage":"es","@id":"https:\/\/agrupacionespsoe.es\/barajas\/noticias\/dia-del-militante-montse-minguez-psoe-barajas#primaryimage","url":"https:\/\/agrupacionespsoe.es\/barajas\/wp-content\/uploads\/sites\/177\/2026\/05\/2026.04.29-Dia-del-militante-con-Montse-Minguez-20.jpg","contentUrl":"https:\/\/agrupacionespsoe.es\/barajas\/wp-content\/uploads\/sites\/177\/2026\/05\/2026.04.29-Dia-del-militante-con-Montse-Minguez-20.jpg","width":2048,"height":1365,"caption":"Montse M\u00ednguez, portavoz federal del PSOE, durante el D\u00eda del Militante celebrado en la sede del PSOE de Barajas."},{"@type":"BreadcrumbList","@id":"https:\/\/agrupacionespsoe.es\/barajas\/noticias\/dia-del-militante-montse-minguez-psoe-barajas#breadcrumb","itemListElement":[{"@type":"ListItem","position":1,"name":"Portada","item":"https:\/\/agrupacionespsoe.es\/barajas\/"},{"@type":"ListItem","position":2,"name":"El PSOE de Barajas suma cuatro nuevos militantes junto a Montse M\u00ednguez"}]},{"@type":"WebSite","@id":"https:\/\/agrupacionespsoe.es\/barajas\/#website","url":"https:\/\/agrupacionespsoe.es\/barajas\/","name":"Agrupaci\u00f3n Socialista de Barajas","description":"Agrupaci\u00f3n Socialista de Barajas","publisher":{"@id":"https:\/\/agrupacionespsoe.es\/barajas\/#organization"},"potentialAction":[{"@type":"SearchAction","target":{"@type":"EntryPoint","urlTemplate":"https:\/\/agrupacionespsoe.es\/barajas\/?s={search_term_string}"},"query-input":{"@type":"PropertyValueSpecification","valueRequired":true,"valueName":"search_term_string"}}],"inLanguage":"es"},{"@type":"Organization","@id":"https:\/\/agrupacionespsoe.es\/barajas\/#organization","name":"Agrupaci\u00f3n Socialista de Barajas","url":"https:\/\/agrupacionespsoe.es\/barajas\/","logo":{"@type":"ImageObject","inLanguage":"es","@id":"https:\/\/agrupacionespsoe.es\/barajas\/#\/schema\/logo\/image\/","url":"https:\/\/agrupacionespsoe.es\/wp-content\/uploads\/2022\/07\/Logotipo_electoral_del_PSOE.png","contentUrl":"https:\/\/agrupacionespsoe.es\/wp-content\/uploads\/2022\/07\/Logotipo_electoral_del_PSOE.png","width":422,"height":422,"caption":"Agrupaci\u00f3n Socialista de Barajas"},"image":{"@id":"https:\/\/agrupacionespsoe.es\/barajas\/#\/schema\/logo\/image\/"}},{"@type":"Person","@id":"https:\/\/agrupacionespsoe.es\/barajas\/#\/schema\/person\/6b35519e3c1467d433035feda3e759f7","name":"barajas2","image":{"@type":"ImageObject","inLanguage":"es","@id":"https:\/\/agrupacionespsoe.es\/barajas\/#\/schema\/person\/image\/","url":"https:\/\/secure.gravatar.com\/avatar\/c06772ef0a4626464d2da5b317eff166?s=96&d=mm&r=g","contentUrl":"https:\/\/secure.gravatar.com\/avatar\/c06772ef0a4626464d2da5b317eff166?s=96&d=mm&r=g","caption":"barajas2"},"url":"https:\/\/agrupacionespsoe.es\/barajas\/author\/barajas2"}]}},"jetpack_featured_media_url":"https:\/\/agrupacionespsoe.es\/barajas\/wp-content\/uploads\/sites\/177\/2026\/05\/2026.04.29-Dia-del-militante-con-Montse-Minguez-20.jpg","jetpack_sharing_enabled":true,"_links":{"self":[{"href":"https:\/\/agrupacionespsoe.es\/barajas\/wp-json\/wp\/v2\/posts\/779","targetHints":{"allow":["GET"]}}],"collection":[{"href":"https:\/\/agrupacionespsoe.es\/barajas\/wp-json\/wp\/v2\/posts"}],"about":[{"href":"https:\/\/agrupacionespsoe.es\/barajas\/wp-json\/wp\/v2\/types\/post"}],"author":[{"embeddable":true,"href":"https:\/\/agrupacionespsoe.es\/barajas\/wp-json\/wp\/v2\/users\/261"}],"replies":[{"embeddable":true,"href":"https:\/\/agrupacionespsoe.es\/barajas\/wp-json\/wp\/v2\/comments?post=779"}],"version-history":[{"count":5,"href":"https:\/\/agrupacionespsoe.es\/barajas\/wp-json\/wp\/v2\/posts\/779\/revisions"}],"predecessor-version":[{"id":795,"href":"https:\/\/agrupacionespsoe.es\/barajas\/wp-json\/wp\/v2\/posts\/779\/revisions\/795"}],"wp:featuredmedia":[{"embeddable":true,"href":"https:\/\/agrupacionespsoe.es\/barajas\/wp-json\/wp\/v2\/media\/787"}],"wp:attachment":[{"href":"https:\/\/agrupacionespsoe.es\/barajas\/wp-json\/wp\/v2\/media?parent=779"}],"wp:term":[{"taxonomy":"category","embeddable":true,"href":"https:\/\/agrupacionespsoe.es\/barajas\/wp-json\/wp\/v2\/categories?post=779"},{"taxonomy":"post_tag","embeddable":true,"href":"https:\/\/agrupacionespsoe.es\/barajas\/wp-json\/wp\/v2\/tags?post=779"}],"curies":[{"name":"wp","href":"https:\/\/api.w.org\/{rel}","templated":true}]}}