{"id":713,"date":"2025-05-23T16:32:00","date_gmt":"2025-05-23T16:32:00","guid":{"rendered":"https:\/\/agrupacionespsoe.es\/barajas\/?p=713"},"modified":"2026-03-03T15:06:06","modified_gmt":"2026-03-03T15:06:06","slug":"descubrimos-a-figura-de-juan-negrin-con-javier-perez-cobo","status":"publish","type":"post","link":"https:\/\/agrupacionespsoe.es\/barajas\/noticias\/descubrimos-a-figura-de-juan-negrin-con-javier-perez-cobo","title":{"rendered":"Descubrimos a figura de Juan Negr\u00edn con Javier P\u00e9rez Cobo"},"content":{"rendered":"\n<p>La figura de Juan Negr\u00edn, \u00faltimo Presidente del Consejo de Ministros de la Segunda Rep\u00fablica y figura clave de la Historia de nuestro partido, es todav\u00eda hoy un misterio en muchos aspectos.<\/p>\n\n\n\n<p>Por eso, desde la Agrupaci\u00f3n Socialista de Barajas hemos querido contar con la experiencia de Javier P\u00e9rez Cobo, historiador, Secretario de Memoria Hist\u00f3rica de las Juventudes Socialistas de Madrid y vecino del distrito para desvelarlos.<\/p>\n\n\n\n<p>Juan Negr\u00edn no s\u00f3lo fue uno de los intelectuales m\u00e1s importantes de la primera mitad del S.XX en nuestro pa\u00eds, sino uno de los pol\u00edticos que m\u00e1s luch\u00f3 por la unidad y la victoria de la Segunda Rep\u00fablica, buscando apoyos hasta el \u00faltimo minuto y revelando todas sus habilidades para la negociaci\u00f3n.<\/p>\n\n\n\n<p><\/p>\n\n\n\n<figure class=\"wp-block-embed is-type-video is-provider-youtube wp-block-embed-youtube wp-embed-aspect-16-9 wp-has-aspect-ratio\"><div class=\"wp-block-embed__wrapper\">\n<iframe loading=\"lazy\" title=\"\u00abJuan Negri\u0301n, memoria de un socialdemo\u0301crata\u00bb por Javier P\u00e9rez Cobo (22\/05\/2025)\" width=\"500\" height=\"281\" src=\"https:\/\/www.youtube.com\/embed\/l09ss2ywZ1c?list=PLO9Syc3JvomeWMosGmY_KHHJsfPguADPV\" frameborder=\"0\" allow=\"accelerometer; autoplay; clipboard-write; encrypted-media; gyroscope; picture-in-picture; web-share\" referrerpolicy=\"strict-origin-when-cross-origin\" allowfullscreen><\/iframe>\n<\/div><\/figure>\n","protected":false},"excerpt":{"rendered":"<p>La figura de Juan Negr\u00edn, \u00faltimo Presidente del Consejo de Ministros de la Segunda Rep\u00fablica y figura clave de la Historia de nuestro partido, es todav\u00eda hoy un misterio en muchos aspectos. Por eso, desde la Agrupaci\u00f3n Socialista de Barajas hemos querido contar con la experiencia de Javier P\u00e9rez Cobo, historiador, Secretario de Memoria Hist\u00f3rica &#8230;<\/p>\n","protected":false},"author":261,"featured_media":762,"comment_status":"closed","ping_status":"open","sticky":false,"template":"","format":"standard","meta":{"_jetpack_memberships_contains_paid_content":false,"footnotes":""},"categories":[6],"tags":[9,7],"class_list":["post-713","post","type-post","status-publish","format-standard","has-post-thumbnail","hentry","category-noticias","tag-actos","tag-noticias"],"yoast_head":"<!-- This site is optimized with the Yoast SEO plugin v24.0 - https:\/\/yoast.com\/wordpress\/plugins\/seo\/ -->\n<title>Descubrimos a figura de Juan Negr\u00edn con Javier P\u00e9rez Cobo - Agrupaci\u00f3n Socialista de Barajas<\/title>\n<meta name=\"robots\" content=\"index, follow, max-snippet:-1, max-image-preview:large, max-video-preview:-1\" \/>\n<link rel=\"canonical\" href=\"https:\/\/agrupacionespsoe.es\/barajas\/sin-categoria\/descubrimos-a-figura-de-juan-negrin-con-javier-perez-cobo\" \/>\n<meta property=\"og:locale\" content=\"es_ES\" \/>\n<meta property=\"og:type\" content=\"article\" \/>\n<meta property=\"og:title\" content=\"Descubrimos a figura de Juan Negr\u00edn con Javier P\u00e9rez Cobo - Agrupaci\u00f3n Socialista de Barajas\" \/>\n<meta property=\"og:description\" content=\"La figura de Juan Negr\u00edn, \u00faltimo Presidente del Consejo de Ministros de la Segunda Rep\u00fablica y figura clave de la Historia de nuestro partido, es todav\u00eda hoy un misterio en muchos aspectos. Por eso, desde la Agrupaci\u00f3n Socialista de Barajas hemos querido contar con la experiencia de Javier P\u00e9rez Cobo, historiador, Secretario de Memoria Hist\u00f3rica ...\" \/>\n<meta property=\"og:url\" content=\"https:\/\/agrupacionespsoe.es\/barajas\/sin-categoria\/descubrimos-a-figura-de-juan-negrin-con-javier-perez-cobo\" \/>\n<meta property=\"og:site_name\" content=\"Agrupaci\u00f3n Socialista de Barajas\" \/>\n<meta property=\"article:published_time\" content=\"2025-05-23T16:32:00+00:00\" \/>\n<meta property=\"article:modified_time\" content=\"2026-03-03T15:06:06+00:00\" \/>\n<meta name=\"author\" content=\"barajas2\" \/>\n<meta name=\"twitter:card\" content=\"summary_large_image\" \/>\n<meta name=\"twitter:label1\" content=\"Escrito por\" \/>\n\t<meta name=\"twitter:data1\" content=\"barajas2\" \/>\n\t<meta name=\"twitter:label2\" content=\"Tiempo de lectura\" \/>\n\t<meta name=\"twitter:data2\" content=\"1 minuto\" \/>\n<script type=\"application\/ld+json\" class=\"yoast-schema-graph\">{\"@context\":\"https:\/\/schema.org\",\"@graph\":[{\"@type\":\"Article\",\"@id\":\"https:\/\/agrupacionespsoe.es\/barajas\/sin-categoria\/descubrimos-a-figura-de-juan-negrin-con-javier-perez-cobo#article\",\"isPartOf\":{\"@id\":\"https:\/\/agrupacionespsoe.es\/barajas\/sin-categoria\/descubrimos-a-figura-de-juan-negrin-con-javier-perez-cobo\"},\"author\":{\"name\":\"barajas2\",\"@id\":\"https:\/\/agrupacionespsoe.es\/barajas\/#\/schema\/person\/6b35519e3c1467d433035feda3e759f7\"},\"headline\":\"Descubrimos a figura de Juan Negr\u00edn con Javier P\u00e9rez Cobo\",\"datePublished\":\"2025-05-23T16:32:00+00:00\",\"dateModified\":\"2026-03-03T15:06:06+00:00\",\"mainEntityOfPage\":{\"@id\":\"https:\/\/agrupacionespsoe.es\/barajas\/sin-categoria\/descubrimos-a-figura-de-juan-negrin-con-javier-perez-cobo\"},\"wordCount\":158,\"publisher\":{\"@id\":\"https:\/\/agrupacionespsoe.es\/barajas\/#organization\"},\"image\":{\"@id\":\"https:\/\/agrupacionespsoe.es\/barajas\/sin-categoria\/descubrimos-a-figura-de-juan-negrin-con-javier-perez-cobo#primaryimage\"},\"thumbnailUrl\":\"https:\/\/agrupacionespsoe.es\/barajas\/wp-content\/uploads\/sites\/177\/2026\/03\/IMG_1982-scaled.jpg\",\"keywords\":[\"Actos\",\"Noticias\"],\"articleSection\":[\"Noticias\"],\"inLanguage\":\"es\"},{\"@type\":\"WebPage\",\"@id\":\"https:\/\/agrupacionespsoe.es\/barajas\/sin-categoria\/descubrimos-a-figura-de-juan-negrin-con-javier-perez-cobo\",\"url\":\"https:\/\/agrupacionespsoe.es\/barajas\/sin-categoria\/descubrimos-a-figura-de-juan-negrin-con-javier-perez-cobo\",\"name\":\"Descubrimos a figura de Juan Negr\u00edn con Javier P\u00e9rez Cobo - Agrupaci\u00f3n Socialista de Barajas\",\"isPartOf\":{\"@id\":\"https:\/\/agrupacionespsoe.es\/barajas\/#website\"},\"primaryImageOfPage\":{\"@id\":\"https:\/\/agrupacionespsoe.es\/barajas\/sin-categoria\/descubrimos-a-figura-de-juan-negrin-con-javier-perez-cobo#primaryimage\"},\"image\":{\"@id\":\"https:\/\/agrupacionespsoe.es\/barajas\/sin-categoria\/descubrimos-a-figura-de-juan-negrin-con-javier-perez-cobo#primaryimage\"},\"thumbnailUrl\":\"https:\/\/agrupacionespsoe.es\/barajas\/wp-content\/uploads\/sites\/177\/2026\/03\/IMG_1982-scaled.jpg\",\"datePublished\":\"2025-05-23T16:32:00+00:00\",\"dateModified\":\"2026-03-03T15:06:06+00:00\",\"breadcrumb\":{\"@id\":\"https:\/\/agrupacionespsoe.es\/barajas\/sin-categoria\/descubrimos-a-figura-de-juan-negrin-con-javier-perez-cobo#breadcrumb\"},\"inLanguage\":\"es\",\"potentialAction\":[{\"@type\":\"ReadAction\",\"target\":[\"https:\/\/agrupacionespsoe.es\/barajas\/sin-categoria\/descubrimos-a-figura-de-juan-negrin-con-javier-perez-cobo\"]}]},{\"@type\":\"ImageObject\",\"inLanguage\":\"es\",\"@id\":\"https:\/\/agrupacionespsoe.es\/barajas\/sin-categoria\/descubrimos-a-figura-de-juan-negrin-con-javier-perez-cobo#primaryimage\",\"url\":\"https:\/\/agrupacionespsoe.es\/barajas\/wp-content\/uploads\/sites\/177\/2026\/03\/IMG_1982-scaled.jpg\",\"contentUrl\":\"https:\/\/agrupacionespsoe.es\/barajas\/wp-content\/uploads\/sites\/177\/2026\/03\/IMG_1982-scaled.jpg\",\"width\":2560,\"height\":1707},{\"@type\":\"BreadcrumbList\",\"@id\":\"https:\/\/agrupacionespsoe.es\/barajas\/sin-categoria\/descubrimos-a-figura-de-juan-negrin-con-javier-perez-cobo#breadcrumb\",\"itemListElement\":[{\"@type\":\"ListItem\",\"position\":1,\"name\":\"Portada\",\"item\":\"https:\/\/agrupacionespsoe.es\/barajas\/\"},{\"@type\":\"ListItem\",\"position\":2,\"name\":\"Descubrimos a figura de Juan Negr\u00edn con Javier P\u00e9rez Cobo\"}]},{\"@type\":\"WebSite\",\"@id\":\"https:\/\/agrupacionespsoe.es\/barajas\/#website\",\"url\":\"https:\/\/agrupacionespsoe.es\/barajas\/\",\"name\":\"Agrupaci\u00f3n Socialista de Barajas\",\"description\":\"Agrupaci\u00f3n Socialista de Barajas\",\"publisher\":{\"@id\":\"https:\/\/agrupacionespsoe.es\/barajas\/#organization\"},\"potentialAction\":[{\"@type\":\"SearchAction\",\"target\":{\"@type\":\"EntryPoint\",\"urlTemplate\":\"https:\/\/agrupacionespsoe.es\/barajas\/?s={search_term_string}\"},\"query-input\":{\"@type\":\"PropertyValueSpecification\",\"valueRequired\":true,\"valueName\":\"search_term_string\"}}],\"inLanguage\":\"es\"},{\"@type\":\"Organization\",\"@id\":\"https:\/\/agrupacionespsoe.es\/barajas\/#organization\",\"name\":\"Agrupaci\u00f3n Socialista de Barajas\",\"url\":\"https:\/\/agrupacionespsoe.es\/barajas\/\",\"logo\":{\"@type\":\"ImageObject\",\"inLanguage\":\"es\",\"@id\":\"https:\/\/agrupacionespsoe.es\/barajas\/#\/schema\/logo\/image\/\",\"url\":\"https:\/\/agrupacionespsoe.es\/wp-content\/uploads\/2022\/07\/Logotipo_electoral_del_PSOE.png\",\"contentUrl\":\"https:\/\/agrupacionespsoe.es\/wp-content\/uploads\/2022\/07\/Logotipo_electoral_del_PSOE.png\",\"width\":422,\"height\":422,\"caption\":\"Agrupaci\u00f3n Socialista de Barajas\"},\"image\":{\"@id\":\"https:\/\/agrupacionespsoe.es\/barajas\/#\/schema\/logo\/image\/\"}},{\"@type\":\"Person\",\"@id\":\"https:\/\/agrupacionespsoe.es\/barajas\/#\/schema\/person\/6b35519e3c1467d433035feda3e759f7\",\"name\":\"barajas2\",\"image\":{\"@type\":\"ImageObject\",\"inLanguage\":\"es\",\"@id\":\"https:\/\/agrupacionespsoe.es\/barajas\/#\/schema\/person\/image\/\",\"url\":\"https:\/\/secure.gravatar.com\/avatar\/c06772ef0a4626464d2da5b317eff166?s=96&d=mm&r=g\",\"contentUrl\":\"https:\/\/secure.gravatar.com\/avatar\/c06772ef0a4626464d2da5b317eff166?s=96&d=mm&r=g\",\"caption\":\"barajas2\"},\"url\":\"https:\/\/agrupacionespsoe.es\/barajas\/author\/barajas2\"}]}<\/script>\n<!-- \/ Yoast SEO plugin. -->","yoast_head_json":{"title":"Descubrimos a figura de Juan Negr\u00edn con Javier P\u00e9rez Cobo - Agrupaci\u00f3n Socialista de Barajas","robots":{"index":"index","follow":"follow","max-snippet":"max-snippet:-1","max-image-preview":"max-image-preview:large","max-video-preview":"max-video-preview:-1"},"canonical":"https:\/\/agrupacionespsoe.es\/barajas\/sin-categoria\/descubrimos-a-figura-de-juan-negrin-con-javier-perez-cobo","og_locale":"es_ES","og_type":"article","og_title":"Descubrimos a figura de Juan Negr\u00edn con Javier P\u00e9rez Cobo - Agrupaci\u00f3n Socialista de Barajas","og_description":"La figura de Juan Negr\u00edn, \u00faltimo Presidente del Consejo de Ministros de la Segunda Rep\u00fablica y figura clave de la Historia de nuestro partido, es todav\u00eda hoy un misterio en muchos aspectos. Por eso, desde la Agrupaci\u00f3n Socialista de Barajas hemos querido contar con la experiencia de Javier P\u00e9rez Cobo, historiador, Secretario de Memoria Hist\u00f3rica ...","og_url":"https:\/\/agrupacionespsoe.es\/barajas\/sin-categoria\/descubrimos-a-figura-de-juan-negrin-con-javier-perez-cobo","og_site_name":"Agrupaci\u00f3n Socialista de Barajas","article_published_time":"2025-05-23T16:32:00+00:00","article_modified_time":"2026-03-03T15:06:06+00:00","author":"barajas2","twitter_card":"summary_large_image","twitter_misc":{"Escrito por":"barajas2","Tiempo de lectura":"1 minuto"},"schema":{"@context":"https:\/\/schema.org","@graph":[{"@type":"Article","@id":"https:\/\/agrupacionespsoe.es\/barajas\/sin-categoria\/descubrimos-a-figura-de-juan-negrin-con-javier-perez-cobo#article","isPartOf":{"@id":"https:\/\/agrupacionespsoe.es\/barajas\/sin-categoria\/descubrimos-a-figura-de-juan-negrin-con-javier-perez-cobo"},"author":{"name":"barajas2","@id":"https:\/\/agrupacionespsoe.es\/barajas\/#\/schema\/person\/6b35519e3c1467d433035feda3e759f7"},"headline":"Descubrimos a figura de Juan Negr\u00edn con Javier P\u00e9rez Cobo","datePublished":"2025-05-23T16:32:00+00:00","dateModified":"2026-03-03T15:06:06+00:00","mainEntityOfPage":{"@id":"https:\/\/agrupacionespsoe.es\/barajas\/sin-categoria\/descubrimos-a-figura-de-juan-negrin-con-javier-perez-cobo"},"wordCount":158,"publisher":{"@id":"https:\/\/agrupacionespsoe.es\/barajas\/#organization"},"image":{"@id":"https:\/\/agrupacionespsoe.es\/barajas\/sin-categoria\/descubrimos-a-figura-de-juan-negrin-con-javier-perez-cobo#primaryimage"},"thumbnailUrl":"https:\/\/agrupacionespsoe.es\/barajas\/wp-content\/uploads\/sites\/177\/2026\/03\/IMG_1982-scaled.jpg","keywords":["Actos","Noticias"],"articleSection":["Noticias"],"inLanguage":"es"},{"@type":"WebPage","@id":"https:\/\/agrupacionespsoe.es\/barajas\/sin-categoria\/descubrimos-a-figura-de-juan-negrin-con-javier-perez-cobo","url":"https:\/\/agrupacionespsoe.es\/barajas\/sin-categoria\/descubrimos-a-figura-de-juan-negrin-con-javier-perez-cobo","name":"Descubrimos a figura de Juan Negr\u00edn con Javier P\u00e9rez Cobo - Agrupaci\u00f3n Socialista de Barajas","isPartOf":{"@id":"https:\/\/agrupacionespsoe.es\/barajas\/#website"},"primaryImageOfPage":{"@id":"https:\/\/agrupacionespsoe.es\/barajas\/sin-categoria\/descubrimos-a-figura-de-juan-negrin-con-javier-perez-cobo#primaryimage"},"image":{"@id":"https:\/\/agrupacionespsoe.es\/barajas\/sin-categoria\/descubrimos-a-figura-de-juan-negrin-con-javier-perez-cobo#primaryimage"},"thumbnailUrl":"https:\/\/agrupacionespsoe.es\/barajas\/wp-content\/uploads\/sites\/177\/2026\/03\/IMG_1982-scaled.jpg","datePublished":"2025-05-23T16:32:00+00:00","dateModified":"2026-03-03T15:06:06+00:00","breadcrumb":{"@id":"https:\/\/agrupacionespsoe.es\/barajas\/sin-categoria\/descubrimos-a-figura-de-juan-negrin-con-javier-perez-cobo#breadcrumb"},"inLanguage":"es","potentialAction":[{"@type":"ReadAction","target":["https:\/\/agrupacionespsoe.es\/barajas\/sin-categoria\/descubrimos-a-figura-de-juan-negrin-con-javier-perez-cobo"]}]},{"@type":"ImageObject","inLanguage":"es","@id":"https:\/\/agrupacionespsoe.es\/barajas\/sin-categoria\/descubrimos-a-figura-de-juan-negrin-con-javier-perez-cobo#primaryimage","url":"https:\/\/agrupacionespsoe.es\/barajas\/wp-content\/uploads\/sites\/177\/2026\/03\/IMG_1982-scaled.jpg","contentUrl":"https:\/\/agrupacionespsoe.es\/barajas\/wp-content\/uploads\/sites\/177\/2026\/03\/IMG_1982-scaled.jpg","width":2560,"height":1707},{"@type":"BreadcrumbList","@id":"https:\/\/agrupacionespsoe.es\/barajas\/sin-categoria\/descubrimos-a-figura-de-juan-negrin-con-javier-perez-cobo#breadcrumb","itemListElement":[{"@type":"ListItem","position":1,"name":"Portada","item":"https:\/\/agrupacionespsoe.es\/barajas\/"},{"@type":"ListItem","position":2,"name":"Descubrimos a figura de Juan Negr\u00edn con Javier P\u00e9rez Cobo"}]},{"@type":"WebSite","@id":"https:\/\/agrupacionespsoe.es\/barajas\/#website","url":"https:\/\/agrupacionespsoe.es\/barajas\/","name":"Agrupaci\u00f3n Socialista de Barajas","description":"Agrupaci\u00f3n Socialista de Barajas","publisher":{"@id":"https:\/\/agrupacionespsoe.es\/barajas\/#organization"},"potentialAction":[{"@type":"SearchAction","target":{"@type":"EntryPoint","urlTemplate":"https:\/\/agrupacionespsoe.es\/barajas\/?s={search_term_string}"},"query-input":{"@type":"PropertyValueSpecification","valueRequired":true,"valueName":"search_term_string"}}],"inLanguage":"es"},{"@type":"Organization","@id":"https:\/\/agrupacionespsoe.es\/barajas\/#organization","name":"Agrupaci\u00f3n Socialista de Barajas","url":"https:\/\/agrupacionespsoe.es\/barajas\/","logo":{"@type":"ImageObject","inLanguage":"es","@id":"https:\/\/agrupacionespsoe.es\/barajas\/#\/schema\/logo\/image\/","url":"https:\/\/agrupacionespsoe.es\/wp-content\/uploads\/2022\/07\/Logotipo_electoral_del_PSOE.png","contentUrl":"https:\/\/agrupacionespsoe.es\/wp-content\/uploads\/2022\/07\/Logotipo_electoral_del_PSOE.png","width":422,"height":422,"caption":"Agrupaci\u00f3n Socialista de Barajas"},"image":{"@id":"https:\/\/agrupacionespsoe.es\/barajas\/#\/schema\/logo\/image\/"}},{"@type":"Person","@id":"https:\/\/agrupacionespsoe.es\/barajas\/#\/schema\/person\/6b35519e3c1467d433035feda3e759f7","name":"barajas2","image":{"@type":"ImageObject","inLanguage":"es","@id":"https:\/\/agrupacionespsoe.es\/barajas\/#\/schema\/person\/image\/","url":"https:\/\/secure.gravatar.com\/avatar\/c06772ef0a4626464d2da5b317eff166?s=96&d=mm&r=g","contentUrl":"https:\/\/secure.gravatar.com\/avatar\/c06772ef0a4626464d2da5b317eff166?s=96&d=mm&r=g","caption":"barajas2"},"url":"https:\/\/agrupacionespsoe.es\/barajas\/author\/barajas2"}]}},"jetpack_featured_media_url":"https:\/\/agrupacionespsoe.es\/barajas\/wp-content\/uploads\/sites\/177\/2026\/03\/IMG_1982-scaled.jpg","jetpack_sharing_enabled":true,"_links":{"self":[{"href":"https:\/\/agrupacionespsoe.es\/barajas\/wp-json\/wp\/v2\/posts\/713","targetHints":{"allow":["GET"]}}],"collection":[{"href":"https:\/\/agrupacionespsoe.es\/barajas\/wp-json\/wp\/v2\/posts"}],"about":[{"href":"https:\/\/agrupacionespsoe.es\/barajas\/wp-json\/wp\/v2\/types\/post"}],"author":[{"embeddable":true,"href":"https:\/\/agrupacionespsoe.es\/barajas\/wp-json\/wp\/v2\/users\/261"}],"replies":[{"embeddable":true,"href":"https:\/\/agrupacionespsoe.es\/barajas\/wp-json\/wp\/v2\/comments?post=713"}],"version-history":[{"count":2,"href":"https:\/\/agrupacionespsoe.es\/barajas\/wp-json\/wp\/v2\/posts\/713\/revisions"}],"predecessor-version":[{"id":763,"href":"https:\/\/agrupacionespsoe.es\/barajas\/wp-json\/wp\/v2\/posts\/713\/revisions\/763"}],"wp:featuredmedia":[{"embeddable":true,"href":"https:\/\/agrupacionespsoe.es\/barajas\/wp-json\/wp\/v2\/media\/762"}],"wp:attachment":[{"href":"https:\/\/agrupacionespsoe.es\/barajas\/wp-json\/wp\/v2\/media?parent=713"}],"wp:term":[{"taxonomy":"category","embeddable":true,"href":"https:\/\/agrupacionespsoe.es\/barajas\/wp-json\/wp\/v2\/categories?post=713"},{"taxonomy":"post_tag","embeddable":true,"href":"https:\/\/agrupacionespsoe.es\/barajas\/wp-json\/wp\/v2\/tags?post=713"}],"curies":[{"name":"wp","href":"https:\/\/api.w.org\/{rel}","templated":true}]}}