{"id":404,"date":"2024-01-20T18:04:00","date_gmt":"2024-01-20T18:04:00","guid":{"rendered":"https:\/\/agrupacionespsoe.es\/barajas\/?p=404"},"modified":"2024-03-10T18:24:00","modified_gmt":"2024-03-10T18:24:00","slug":"aprobada-nuestra-proposicion-para-reponer-la-secadora-de-la-e-i-el-bateo","status":"publish","type":"post","link":"https:\/\/agrupacionespsoe.es\/barajas\/noticias\/aprobada-nuestra-proposicion-para-reponer-la-secadora-de-la-e-i-el-bateo","title":{"rendered":"Aprobada nuestra proposici\u00f3n para reponer la secadora de la E.I. El Bateo"},"content":{"rendered":"\n<p>El pleno de enero de la Junta Municipal de Barajas  ha aprobado por unanimidad la proposici\u00f3n presentada por nuestro grupo municipal para reemplazar la secadora dom\u00e9stica por una industrial de la Escuela Infantil El Bateo, que presta servicio a las familias del Barrio de la Alameda de Osuna.<\/p>\n\n\n\n<figure class=\"wp-block-embed is-type-video is-provider-youtube wp-block-embed-youtube wp-embed-aspect-16-9 wp-has-aspect-ratio\"><div class=\"wp-block-embed__wrapper\">\n<iframe loading=\"lazy\" title=\"\ud83d\udca1 Proposici\u00f3n para sustituir la secadora dom\u00e9stica por industrial en la E.I. El Bateo (16\/01\/2024)\" width=\"500\" height=\"281\" src=\"https:\/\/www.youtube.com\/embed\/7nnj6KP3q4Y?feature=oembed\" frameborder=\"0\" allow=\"accelerometer; autoplay; clipboard-write; encrypted-media; gyroscope; picture-in-picture; web-share\" referrerpolicy=\"strict-origin-when-cross-origin\" allowfullscreen><\/iframe>\n<\/div><\/figure>\n\n\n\n<p>La empresa gestora de la escuela llevaba desde 2019 prestando servicio con una secadora dom\u00e9stica tras averiarse la industrial con que la Junta Municipal hab\u00eda dotado al centro en el momento de la cesi\u00f3n, con los graves inconvenientes que generaba tanto a las profesionales del centro como a las familias.<\/p>\n\n\n\n<p>Nuestra portavoz adjunta, Margot Lerena, defendi\u00f3 en su primera intervenci\u00f3n en el pleno, la necesidad de restituir por parte de la empresa concesionaria este equipamiento b\u00e1sico para el centro educativo lo antes posible y que para ello la Junta Municipal se mostrase vigilante para que, en todo momento, se cumplieran las condiciones del contrato de gesti\u00f3n.<\/p>\n\n\n\n<figure class=\"wp-block-embed is-type-video is-provider-youtube wp-block-embed-youtube wp-embed-aspect-16-9 wp-has-aspect-ratio\"><div class=\"wp-block-embed__wrapper\">\n<iframe loading=\"lazy\" title=\"\ud83d\udc76 Solicitamos que la Escuela Infantil El Bateo vuelva a tener una secadora industrial\" width=\"500\" height=\"281\" src=\"https:\/\/www.youtube.com\/embed\/jRSZxL5dnjM?feature=oembed\" frameborder=\"0\" allow=\"accelerometer; autoplay; clipboard-write; encrypted-media; gyroscope; picture-in-picture; web-share\" referrerpolicy=\"strict-origin-when-cross-origin\" allowfullscreen><\/iframe>\n<\/div><\/figure>\n","protected":false},"excerpt":{"rendered":"<p>El pleno de enero de la Junta Municipal de Barajas  ha aprobado por unanimidad la proposici\u00f3n presentada por nuestro grupo municipal para reemplazar la secadora dom\u00e9stica por una industrial de la Escuela Infantil El Bateo.<\/p>\n","protected":false},"author":261,"featured_media":254,"comment_status":"open","ping_status":"open","sticky":false,"template":"","format":"standard","meta":{"_jetpack_memberships_contains_paid_content":false,"footnotes":""},"categories":[6],"tags":[10,7],"class_list":["post-404","post","type-post","status-publish","format-standard","has-post-thumbnail","hentry","category-noticias","tag-grupo-municipal","tag-noticias"],"yoast_head":"<!-- This site is optimized with the Yoast SEO plugin v24.0 - https:\/\/yoast.com\/wordpress\/plugins\/seo\/ -->\n<title>Aprobada nuestra proposici\u00f3n para reponer la secadora de la E.I. El Bateo - Agrupaci\u00f3n Socialista de Barajas<\/title>\n<meta name=\"robots\" content=\"index, follow, max-snippet:-1, max-image-preview:large, max-video-preview:-1\" \/>\n<link rel=\"canonical\" href=\"https:\/\/agrupacionespsoe.es\/barajas\/noticias\/aprobada-nuestra-proposicion-para-reponer-la-secadora-de-la-e-i-el-bateo\" \/>\n<meta property=\"og:locale\" content=\"es_ES\" \/>\n<meta property=\"og:type\" content=\"article\" \/>\n<meta property=\"og:title\" content=\"Aprobada nuestra proposici\u00f3n para reponer la secadora de la E.I. El Bateo - Agrupaci\u00f3n Socialista de Barajas\" \/>\n<meta property=\"og:description\" content=\"El pleno de enero de la Junta Municipal de Barajas ha aprobado por unanimidad la proposici\u00f3n presentada por nuestro grupo municipal para reemplazar la secadora dom\u00e9stica por una industrial de la Escuela Infantil El Bateo.\" \/>\n<meta property=\"og:url\" content=\"https:\/\/agrupacionespsoe.es\/barajas\/noticias\/aprobada-nuestra-proposicion-para-reponer-la-secadora-de-la-e-i-el-bateo\" \/>\n<meta property=\"og:site_name\" content=\"Agrupaci\u00f3n Socialista de Barajas\" \/>\n<meta property=\"article:published_time\" content=\"2024-01-20T18:04:00+00:00\" \/>\n<meta property=\"article:modified_time\" content=\"2024-03-10T18:24:00+00:00\" \/>\n<meta property=\"og:image\" content=\"https:\/\/agrupacionespsoe.es\/barajas\/wp-content\/uploads\/sites\/177\/2024\/01\/Margot-Lerena-en-la-EI-El-Bateo.png\" \/>\n\t<meta property=\"og:image:width\" content=\"1920\" \/>\n\t<meta property=\"og:image:height\" content=\"1080\" \/>\n\t<meta property=\"og:image:type\" content=\"image\/png\" \/>\n<meta name=\"author\" content=\"barajas2\" \/>\n<meta name=\"twitter:card\" content=\"summary_large_image\" \/>\n<meta name=\"twitter:label1\" content=\"Escrito por\" \/>\n\t<meta name=\"twitter:data1\" content=\"barajas2\" \/>\n\t<meta name=\"twitter:label2\" content=\"Tiempo de lectura\" \/>\n\t<meta name=\"twitter:data2\" content=\"1 minuto\" \/>\n<script type=\"application\/ld+json\" class=\"yoast-schema-graph\">{\"@context\":\"https:\/\/schema.org\",\"@graph\":[{\"@type\":\"Article\",\"@id\":\"https:\/\/agrupacionespsoe.es\/barajas\/noticias\/aprobada-nuestra-proposicion-para-reponer-la-secadora-de-la-e-i-el-bateo#article\",\"isPartOf\":{\"@id\":\"https:\/\/agrupacionespsoe.es\/barajas\/noticias\/aprobada-nuestra-proposicion-para-reponer-la-secadora-de-la-e-i-el-bateo\"},\"author\":{\"name\":\"barajas2\",\"@id\":\"https:\/\/agrupacionespsoe.es\/barajas\/#\/schema\/person\/6b35519e3c1467d433035feda3e759f7\"},\"headline\":\"Aprobada nuestra proposici\u00f3n para reponer la secadora de la E.I. El Bateo\",\"datePublished\":\"2024-01-20T18:04:00+00:00\",\"dateModified\":\"2024-03-10T18:24:00+00:00\",\"mainEntityOfPage\":{\"@id\":\"https:\/\/agrupacionespsoe.es\/barajas\/noticias\/aprobada-nuestra-proposicion-para-reponer-la-secadora-de-la-e-i-el-bateo\"},\"wordCount\":187,\"commentCount\":0,\"publisher\":{\"@id\":\"https:\/\/agrupacionespsoe.es\/barajas\/#organization\"},\"image\":{\"@id\":\"https:\/\/agrupacionespsoe.es\/barajas\/noticias\/aprobada-nuestra-proposicion-para-reponer-la-secadora-de-la-e-i-el-bateo#primaryimage\"},\"thumbnailUrl\":\"https:\/\/agrupacionespsoe.es\/barajas\/wp-content\/uploads\/sites\/177\/2024\/01\/Margot-Lerena-en-la-EI-El-Bateo-e1710095480332.png\",\"keywords\":[\"Grupo Municipal\",\"Noticias\"],\"articleSection\":[\"Noticias\"],\"inLanguage\":\"es\",\"potentialAction\":[{\"@type\":\"CommentAction\",\"name\":\"Comment\",\"target\":[\"https:\/\/agrupacionespsoe.es\/barajas\/noticias\/aprobada-nuestra-proposicion-para-reponer-la-secadora-de-la-e-i-el-bateo#respond\"]}]},{\"@type\":\"WebPage\",\"@id\":\"https:\/\/agrupacionespsoe.es\/barajas\/noticias\/aprobada-nuestra-proposicion-para-reponer-la-secadora-de-la-e-i-el-bateo\",\"url\":\"https:\/\/agrupacionespsoe.es\/barajas\/noticias\/aprobada-nuestra-proposicion-para-reponer-la-secadora-de-la-e-i-el-bateo\",\"name\":\"Aprobada nuestra proposici\u00f3n para reponer la secadora de la E.I. El Bateo - Agrupaci\u00f3n Socialista de Barajas\",\"isPartOf\":{\"@id\":\"https:\/\/agrupacionespsoe.es\/barajas\/#website\"},\"primaryImageOfPage\":{\"@id\":\"https:\/\/agrupacionespsoe.es\/barajas\/noticias\/aprobada-nuestra-proposicion-para-reponer-la-secadora-de-la-e-i-el-bateo#primaryimage\"},\"image\":{\"@id\":\"https:\/\/agrupacionespsoe.es\/barajas\/noticias\/aprobada-nuestra-proposicion-para-reponer-la-secadora-de-la-e-i-el-bateo#primaryimage\"},\"thumbnailUrl\":\"https:\/\/agrupacionespsoe.es\/barajas\/wp-content\/uploads\/sites\/177\/2024\/01\/Margot-Lerena-en-la-EI-El-Bateo-e1710095480332.png\",\"datePublished\":\"2024-01-20T18:04:00+00:00\",\"dateModified\":\"2024-03-10T18:24:00+00:00\",\"breadcrumb\":{\"@id\":\"https:\/\/agrupacionespsoe.es\/barajas\/noticias\/aprobada-nuestra-proposicion-para-reponer-la-secadora-de-la-e-i-el-bateo#breadcrumb\"},\"inLanguage\":\"es\",\"potentialAction\":[{\"@type\":\"ReadAction\",\"target\":[\"https:\/\/agrupacionespsoe.es\/barajas\/noticias\/aprobada-nuestra-proposicion-para-reponer-la-secadora-de-la-e-i-el-bateo\"]}]},{\"@type\":\"ImageObject\",\"inLanguage\":\"es\",\"@id\":\"https:\/\/agrupacionespsoe.es\/barajas\/noticias\/aprobada-nuestra-proposicion-para-reponer-la-secadora-de-la-e-i-el-bateo#primaryimage\",\"url\":\"https:\/\/agrupacionespsoe.es\/barajas\/wp-content\/uploads\/sites\/177\/2024\/01\/Margot-Lerena-en-la-EI-El-Bateo-e1710095480332.png\",\"contentUrl\":\"https:\/\/agrupacionespsoe.es\/barajas\/wp-content\/uploads\/sites\/177\/2024\/01\/Margot-Lerena-en-la-EI-El-Bateo-e1710095480332.png\",\"width\":1619,\"height\":1080},{\"@type\":\"BreadcrumbList\",\"@id\":\"https:\/\/agrupacionespsoe.es\/barajas\/noticias\/aprobada-nuestra-proposicion-para-reponer-la-secadora-de-la-e-i-el-bateo#breadcrumb\",\"itemListElement\":[{\"@type\":\"ListItem\",\"position\":1,\"name\":\"Portada\",\"item\":\"https:\/\/agrupacionespsoe.es\/barajas\/\"},{\"@type\":\"ListItem\",\"position\":2,\"name\":\"Aprobada nuestra proposici\u00f3n para reponer la secadora de la E.I. El Bateo\"}]},{\"@type\":\"WebSite\",\"@id\":\"https:\/\/agrupacionespsoe.es\/barajas\/#website\",\"url\":\"https:\/\/agrupacionespsoe.es\/barajas\/\",\"name\":\"Agrupaci\u00f3n Socialista de Barajas\",\"description\":\"Agrupaci\u00f3n Socialista de Barajas\",\"publisher\":{\"@id\":\"https:\/\/agrupacionespsoe.es\/barajas\/#organization\"},\"potentialAction\":[{\"@type\":\"SearchAction\",\"target\":{\"@type\":\"EntryPoint\",\"urlTemplate\":\"https:\/\/agrupacionespsoe.es\/barajas\/?s={search_term_string}\"},\"query-input\":{\"@type\":\"PropertyValueSpecification\",\"valueRequired\":true,\"valueName\":\"search_term_string\"}}],\"inLanguage\":\"es\"},{\"@type\":\"Organization\",\"@id\":\"https:\/\/agrupacionespsoe.es\/barajas\/#organization\",\"name\":\"Agrupaci\u00f3n Socialista de Barajas\",\"url\":\"https:\/\/agrupacionespsoe.es\/barajas\/\",\"logo\":{\"@type\":\"ImageObject\",\"inLanguage\":\"es\",\"@id\":\"https:\/\/agrupacionespsoe.es\/barajas\/#\/schema\/logo\/image\/\",\"url\":\"https:\/\/agrupacionespsoe.es\/wp-content\/uploads\/2022\/07\/Logotipo_electoral_del_PSOE.png\",\"contentUrl\":\"https:\/\/agrupacionespsoe.es\/wp-content\/uploads\/2022\/07\/Logotipo_electoral_del_PSOE.png\",\"width\":422,\"height\":422,\"caption\":\"Agrupaci\u00f3n Socialista de Barajas\"},\"image\":{\"@id\":\"https:\/\/agrupacionespsoe.es\/barajas\/#\/schema\/logo\/image\/\"}},{\"@type\":\"Person\",\"@id\":\"https:\/\/agrupacionespsoe.es\/barajas\/#\/schema\/person\/6b35519e3c1467d433035feda3e759f7\",\"name\":\"barajas2\",\"image\":{\"@type\":\"ImageObject\",\"inLanguage\":\"es\",\"@id\":\"https:\/\/agrupacionespsoe.es\/barajas\/#\/schema\/person\/image\/\",\"url\":\"https:\/\/secure.gravatar.com\/avatar\/c06772ef0a4626464d2da5b317eff166?s=96&d=mm&r=g\",\"contentUrl\":\"https:\/\/secure.gravatar.com\/avatar\/c06772ef0a4626464d2da5b317eff166?s=96&d=mm&r=g\",\"caption\":\"barajas2\"},\"url\":\"https:\/\/agrupacionespsoe.es\/barajas\/author\/barajas2\"}]}<\/script>\n<!-- \/ Yoast SEO plugin. -->","yoast_head_json":{"title":"Aprobada nuestra proposici\u00f3n para reponer la secadora de la E.I. El Bateo - Agrupaci\u00f3n Socialista de Barajas","robots":{"index":"index","follow":"follow","max-snippet":"max-snippet:-1","max-image-preview":"max-image-preview:large","max-video-preview":"max-video-preview:-1"},"canonical":"https:\/\/agrupacionespsoe.es\/barajas\/noticias\/aprobada-nuestra-proposicion-para-reponer-la-secadora-de-la-e-i-el-bateo","og_locale":"es_ES","og_type":"article","og_title":"Aprobada nuestra proposici\u00f3n para reponer la secadora de la E.I. El Bateo - Agrupaci\u00f3n Socialista de Barajas","og_description":"El pleno de enero de la Junta Municipal de Barajas ha aprobado por unanimidad la proposici\u00f3n presentada por nuestro grupo municipal para reemplazar la secadora dom\u00e9stica por una industrial de la Escuela Infantil El Bateo.","og_url":"https:\/\/agrupacionespsoe.es\/barajas\/noticias\/aprobada-nuestra-proposicion-para-reponer-la-secadora-de-la-e-i-el-bateo","og_site_name":"Agrupaci\u00f3n Socialista de Barajas","article_published_time":"2024-01-20T18:04:00+00:00","article_modified_time":"2024-03-10T18:24:00+00:00","og_image":[{"width":1920,"height":1080,"url":"https:\/\/agrupacionespsoe.es\/barajas\/wp-content\/uploads\/sites\/177\/2024\/01\/Margot-Lerena-en-la-EI-El-Bateo.png","type":"image\/png"}],"author":"barajas2","twitter_card":"summary_large_image","twitter_misc":{"Escrito por":"barajas2","Tiempo de lectura":"1 minuto"},"schema":{"@context":"https:\/\/schema.org","@graph":[{"@type":"Article","@id":"https:\/\/agrupacionespsoe.es\/barajas\/noticias\/aprobada-nuestra-proposicion-para-reponer-la-secadora-de-la-e-i-el-bateo#article","isPartOf":{"@id":"https:\/\/agrupacionespsoe.es\/barajas\/noticias\/aprobada-nuestra-proposicion-para-reponer-la-secadora-de-la-e-i-el-bateo"},"author":{"name":"barajas2","@id":"https:\/\/agrupacionespsoe.es\/barajas\/#\/schema\/person\/6b35519e3c1467d433035feda3e759f7"},"headline":"Aprobada nuestra proposici\u00f3n para reponer la secadora de la E.I. El Bateo","datePublished":"2024-01-20T18:04:00+00:00","dateModified":"2024-03-10T18:24:00+00:00","mainEntityOfPage":{"@id":"https:\/\/agrupacionespsoe.es\/barajas\/noticias\/aprobada-nuestra-proposicion-para-reponer-la-secadora-de-la-e-i-el-bateo"},"wordCount":187,"commentCount":0,"publisher":{"@id":"https:\/\/agrupacionespsoe.es\/barajas\/#organization"},"image":{"@id":"https:\/\/agrupacionespsoe.es\/barajas\/noticias\/aprobada-nuestra-proposicion-para-reponer-la-secadora-de-la-e-i-el-bateo#primaryimage"},"thumbnailUrl":"https:\/\/agrupacionespsoe.es\/barajas\/wp-content\/uploads\/sites\/177\/2024\/01\/Margot-Lerena-en-la-EI-El-Bateo-e1710095480332.png","keywords":["Grupo Municipal","Noticias"],"articleSection":["Noticias"],"inLanguage":"es","potentialAction":[{"@type":"CommentAction","name":"Comment","target":["https:\/\/agrupacionespsoe.es\/barajas\/noticias\/aprobada-nuestra-proposicion-para-reponer-la-secadora-de-la-e-i-el-bateo#respond"]}]},{"@type":"WebPage","@id":"https:\/\/agrupacionespsoe.es\/barajas\/noticias\/aprobada-nuestra-proposicion-para-reponer-la-secadora-de-la-e-i-el-bateo","url":"https:\/\/agrupacionespsoe.es\/barajas\/noticias\/aprobada-nuestra-proposicion-para-reponer-la-secadora-de-la-e-i-el-bateo","name":"Aprobada nuestra proposici\u00f3n para reponer la secadora de la E.I. El Bateo - Agrupaci\u00f3n Socialista de Barajas","isPartOf":{"@id":"https:\/\/agrupacionespsoe.es\/barajas\/#website"},"primaryImageOfPage":{"@id":"https:\/\/agrupacionespsoe.es\/barajas\/noticias\/aprobada-nuestra-proposicion-para-reponer-la-secadora-de-la-e-i-el-bateo#primaryimage"},"image":{"@id":"https:\/\/agrupacionespsoe.es\/barajas\/noticias\/aprobada-nuestra-proposicion-para-reponer-la-secadora-de-la-e-i-el-bateo#primaryimage"},"thumbnailUrl":"https:\/\/agrupacionespsoe.es\/barajas\/wp-content\/uploads\/sites\/177\/2024\/01\/Margot-Lerena-en-la-EI-El-Bateo-e1710095480332.png","datePublished":"2024-01-20T18:04:00+00:00","dateModified":"2024-03-10T18:24:00+00:00","breadcrumb":{"@id":"https:\/\/agrupacionespsoe.es\/barajas\/noticias\/aprobada-nuestra-proposicion-para-reponer-la-secadora-de-la-e-i-el-bateo#breadcrumb"},"inLanguage":"es","potentialAction":[{"@type":"ReadAction","target":["https:\/\/agrupacionespsoe.es\/barajas\/noticias\/aprobada-nuestra-proposicion-para-reponer-la-secadora-de-la-e-i-el-bateo"]}]},{"@type":"ImageObject","inLanguage":"es","@id":"https:\/\/agrupacionespsoe.es\/barajas\/noticias\/aprobada-nuestra-proposicion-para-reponer-la-secadora-de-la-e-i-el-bateo#primaryimage","url":"https:\/\/agrupacionespsoe.es\/barajas\/wp-content\/uploads\/sites\/177\/2024\/01\/Margot-Lerena-en-la-EI-El-Bateo-e1710095480332.png","contentUrl":"https:\/\/agrupacionespsoe.es\/barajas\/wp-content\/uploads\/sites\/177\/2024\/01\/Margot-Lerena-en-la-EI-El-Bateo-e1710095480332.png","width":1619,"height":1080},{"@type":"BreadcrumbList","@id":"https:\/\/agrupacionespsoe.es\/barajas\/noticias\/aprobada-nuestra-proposicion-para-reponer-la-secadora-de-la-e-i-el-bateo#breadcrumb","itemListElement":[{"@type":"ListItem","position":1,"name":"Portada","item":"https:\/\/agrupacionespsoe.es\/barajas\/"},{"@type":"ListItem","position":2,"name":"Aprobada nuestra proposici\u00f3n para reponer la secadora de la E.I. El Bateo"}]},{"@type":"WebSite","@id":"https:\/\/agrupacionespsoe.es\/barajas\/#website","url":"https:\/\/agrupacionespsoe.es\/barajas\/","name":"Agrupaci\u00f3n Socialista de Barajas","description":"Agrupaci\u00f3n Socialista de Barajas","publisher":{"@id":"https:\/\/agrupacionespsoe.es\/barajas\/#organization"},"potentialAction":[{"@type":"SearchAction","target":{"@type":"EntryPoint","urlTemplate":"https:\/\/agrupacionespsoe.es\/barajas\/?s={search_term_string}"},"query-input":{"@type":"PropertyValueSpecification","valueRequired":true,"valueName":"search_term_string"}}],"inLanguage":"es"},{"@type":"Organization","@id":"https:\/\/agrupacionespsoe.es\/barajas\/#organization","name":"Agrupaci\u00f3n Socialista de Barajas","url":"https:\/\/agrupacionespsoe.es\/barajas\/","logo":{"@type":"ImageObject","inLanguage":"es","@id":"https:\/\/agrupacionespsoe.es\/barajas\/#\/schema\/logo\/image\/","url":"https:\/\/agrupacionespsoe.es\/wp-content\/uploads\/2022\/07\/Logotipo_electoral_del_PSOE.png","contentUrl":"https:\/\/agrupacionespsoe.es\/wp-content\/uploads\/2022\/07\/Logotipo_electoral_del_PSOE.png","width":422,"height":422,"caption":"Agrupaci\u00f3n Socialista de Barajas"},"image":{"@id":"https:\/\/agrupacionespsoe.es\/barajas\/#\/schema\/logo\/image\/"}},{"@type":"Person","@id":"https:\/\/agrupacionespsoe.es\/barajas\/#\/schema\/person\/6b35519e3c1467d433035feda3e759f7","name":"barajas2","image":{"@type":"ImageObject","inLanguage":"es","@id":"https:\/\/agrupacionespsoe.es\/barajas\/#\/schema\/person\/image\/","url":"https:\/\/secure.gravatar.com\/avatar\/c06772ef0a4626464d2da5b317eff166?s=96&d=mm&r=g","contentUrl":"https:\/\/secure.gravatar.com\/avatar\/c06772ef0a4626464d2da5b317eff166?s=96&d=mm&r=g","caption":"barajas2"},"url":"https:\/\/agrupacionespsoe.es\/barajas\/author\/barajas2"}]}},"jetpack_featured_media_url":"https:\/\/agrupacionespsoe.es\/barajas\/wp-content\/uploads\/sites\/177\/2024\/01\/Margot-Lerena-en-la-EI-El-Bateo-e1710095480332.png","jetpack_sharing_enabled":true,"_links":{"self":[{"href":"https:\/\/agrupacionespsoe.es\/barajas\/wp-json\/wp\/v2\/posts\/404","targetHints":{"allow":["GET"]}}],"collection":[{"href":"https:\/\/agrupacionespsoe.es\/barajas\/wp-json\/wp\/v2\/posts"}],"about":[{"href":"https:\/\/agrupacionespsoe.es\/barajas\/wp-json\/wp\/v2\/types\/post"}],"author":[{"embeddable":true,"href":"https:\/\/agrupacionespsoe.es\/barajas\/wp-json\/wp\/v2\/users\/261"}],"replies":[{"embeddable":true,"href":"https:\/\/agrupacionespsoe.es\/barajas\/wp-json\/wp\/v2\/comments?post=404"}],"version-history":[{"count":2,"href":"https:\/\/agrupacionespsoe.es\/barajas\/wp-json\/wp\/v2\/posts\/404\/revisions"}],"predecessor-version":[{"id":412,"href":"https:\/\/agrupacionespsoe.es\/barajas\/wp-json\/wp\/v2\/posts\/404\/revisions\/412"}],"wp:featuredmedia":[{"embeddable":true,"href":"https:\/\/agrupacionespsoe.es\/barajas\/wp-json\/wp\/v2\/media\/254"}],"wp:attachment":[{"href":"https:\/\/agrupacionespsoe.es\/barajas\/wp-json\/wp\/v2\/media?parent=404"}],"wp:term":[{"taxonomy":"category","embeddable":true,"href":"https:\/\/agrupacionespsoe.es\/barajas\/wp-json\/wp\/v2\/categories?post=404"},{"taxonomy":"post_tag","embeddable":true,"href":"https:\/\/agrupacionespsoe.es\/barajas\/wp-json\/wp\/v2\/tags?post=404"}],"curies":[{"name":"wp","href":"https:\/\/api.w.org\/{rel}","templated":true}]}}