{"id":296,"date":"2024-01-24T10:06:11","date_gmt":"2024-01-24T10:06:11","guid":{"rendered":"https:\/\/agrupacionespsoe.es\/barajas\/?p=296"},"modified":"2024-03-10T17:51:59","modified_gmt":"2024-03-10T17:51:59","slug":"municipalismo-a-pie-de-calle-con-mercedes-gonzalez-reyes-maroto-y-maria-caso","status":"publish","type":"post","link":"https:\/\/agrupacionespsoe.es\/barajas\/noticias\/municipalismo-a-pie-de-calle-con-mercedes-gonzalez-reyes-maroto-y-maria-caso","title":{"rendered":"Municipalismo a pie de calle con Mercedes Gonz\u00e1lez, Reyes Maroto y Mar\u00eda Caso"},"content":{"rendered":"\n<p>Vecinos, asociaciones y militantes se han dado cita en nuestra agrupaci\u00f3n para compartir las inquietudes y necesidades de Barajas con Mercedes Gonz\u00e1lez (Diputada nacional y Secretaria General del PSOE Madrid Ciudad), Reyes Maroto (Portavoz del Grupo Municipal Socialista en el Ayuntamiento de Madrid) y Mar\u00eda Caso (Concejala del Ayuntamiento de Madrid y Secretaria de Organizaci\u00f3n del PSOE-M Barajas).<\/p>\n\n\n\n<p>Entre los principales problemas que han destacado las entidades vecinales han destacado la necesidad de poner en marcha el polideportivo de la Calle Mistral, la rehabilitaci\u00f3n del Jard\u00edn de la Duquesa y el fin de las obras del Palacio del Capricho o la necesidad de unas urgencias dotadas en el Centro de Salud Barajas.<\/p>\n\n\n\n<p>Todas estas inquietudes est\u00e1n siendo llevadas al Pleno de la Junta Municipal de mano de nuestros vocales vecinos, obteniendo, en muchos casos, la misma respuesta por parte del equipo de Gobierno del Partido Popular: no es una prioridad para las vecinas y vecinos de Barajas.<\/p>\n\n\n\n<figure class=\"wp-block-gallery has-nested-images columns-default is-cropped wp-block-gallery-1 is-layout-flex wp-block-gallery-is-layout-flex\">\n<figure class=\"wp-block-image size-large\"><img loading=\"lazy\" decoding=\"async\" width=\"1024\" height=\"683\" data-id=\"300\" src=\"https:\/\/agrupacionespsoe.es\/barajas\/wp-content\/uploads\/sites\/177\/2024\/01\/2024.01.23-Municipalismo-a-pie-de-calle-07-1024x683.jpg\" alt=\"\" class=\"wp-image-300\" srcset=\"https:\/\/agrupacionespsoe.es\/barajas\/wp-content\/uploads\/sites\/177\/2024\/01\/2024.01.23-Municipalismo-a-pie-de-calle-07-1024x683.jpg 1024w, https:\/\/agrupacionespsoe.es\/barajas\/wp-content\/uploads\/sites\/177\/2024\/01\/2024.01.23-Municipalismo-a-pie-de-calle-07-300x200.jpg 300w, https:\/\/agrupacionespsoe.es\/barajas\/wp-content\/uploads\/sites\/177\/2024\/01\/2024.01.23-Municipalismo-a-pie-de-calle-07-768x512.jpg 768w, https:\/\/agrupacionespsoe.es\/barajas\/wp-content\/uploads\/sites\/177\/2024\/01\/2024.01.23-Municipalismo-a-pie-de-calle-07-1536x1024.jpg 1536w, https:\/\/agrupacionespsoe.es\/barajas\/wp-content\/uploads\/sites\/177\/2024\/01\/2024.01.23-Municipalismo-a-pie-de-calle-07.jpg 1920w\" sizes=\"auto, (max-width: 1024px) 100vw, 1024px\" \/><\/figure>\n\n\n\n<figure class=\"wp-block-image size-large\"><img loading=\"lazy\" decoding=\"async\" width=\"1024\" height=\"683\" data-id=\"305\" src=\"https:\/\/agrupacionespsoe.es\/barajas\/wp-content\/uploads\/sites\/177\/2024\/01\/2024.01.23-Municipalismo-a-pie-de-calle-28-1024x683.jpg\" alt=\"\" class=\"wp-image-305\" srcset=\"https:\/\/agrupacionespsoe.es\/barajas\/wp-content\/uploads\/sites\/177\/2024\/01\/2024.01.23-Municipalismo-a-pie-de-calle-28-1024x683.jpg 1024w, https:\/\/agrupacionespsoe.es\/barajas\/wp-content\/uploads\/sites\/177\/2024\/01\/2024.01.23-Municipalismo-a-pie-de-calle-28-300x200.jpg 300w, https:\/\/agrupacionespsoe.es\/barajas\/wp-content\/uploads\/sites\/177\/2024\/01\/2024.01.23-Municipalismo-a-pie-de-calle-28-768x512.jpg 768w, https:\/\/agrupacionespsoe.es\/barajas\/wp-content\/uploads\/sites\/177\/2024\/01\/2024.01.23-Municipalismo-a-pie-de-calle-28-1536x1024.jpg 1536w, https:\/\/agrupacionespsoe.es\/barajas\/wp-content\/uploads\/sites\/177\/2024\/01\/2024.01.23-Municipalismo-a-pie-de-calle-28.jpg 1920w\" sizes=\"auto, (max-width: 1024px) 100vw, 1024px\" \/><\/figure>\n\n\n\n<figure class=\"wp-block-image size-large\"><img loading=\"lazy\" decoding=\"async\" width=\"1024\" height=\"683\" data-id=\"304\" src=\"https:\/\/agrupacionespsoe.es\/barajas\/wp-content\/uploads\/sites\/177\/2024\/01\/2024.01.23-Municipalismo-a-pie-de-calle-27-1024x683.jpg\" alt=\"\" class=\"wp-image-304\" srcset=\"https:\/\/agrupacionespsoe.es\/barajas\/wp-content\/uploads\/sites\/177\/2024\/01\/2024.01.23-Municipalismo-a-pie-de-calle-27-1024x683.jpg 1024w, https:\/\/agrupacionespsoe.es\/barajas\/wp-content\/uploads\/sites\/177\/2024\/01\/2024.01.23-Municipalismo-a-pie-de-calle-27-300x200.jpg 300w, https:\/\/agrupacionespsoe.es\/barajas\/wp-content\/uploads\/sites\/177\/2024\/01\/2024.01.23-Municipalismo-a-pie-de-calle-27-768x512.jpg 768w, https:\/\/agrupacionespsoe.es\/barajas\/wp-content\/uploads\/sites\/177\/2024\/01\/2024.01.23-Municipalismo-a-pie-de-calle-27-1536x1024.jpg 1536w, https:\/\/agrupacionespsoe.es\/barajas\/wp-content\/uploads\/sites\/177\/2024\/01\/2024.01.23-Municipalismo-a-pie-de-calle-27.jpg 1920w\" sizes=\"auto, (max-width: 1024px) 100vw, 1024px\" \/><\/figure>\n\n\n\n<figure class=\"wp-block-image size-large\"><img loading=\"lazy\" decoding=\"async\" width=\"1024\" height=\"683\" data-id=\"303\" src=\"https:\/\/agrupacionespsoe.es\/barajas\/wp-content\/uploads\/sites\/177\/2024\/01\/2024.01.23-Municipalismo-a-pie-de-calle-19-1024x683.jpg\" alt=\"\" class=\"wp-image-303\" srcset=\"https:\/\/agrupacionespsoe.es\/barajas\/wp-content\/uploads\/sites\/177\/2024\/01\/2024.01.23-Municipalismo-a-pie-de-calle-19-1024x683.jpg 1024w, https:\/\/agrupacionespsoe.es\/barajas\/wp-content\/uploads\/sites\/177\/2024\/01\/2024.01.23-Municipalismo-a-pie-de-calle-19-300x200.jpg 300w, https:\/\/agrupacionespsoe.es\/barajas\/wp-content\/uploads\/sites\/177\/2024\/01\/2024.01.23-Municipalismo-a-pie-de-calle-19-768x512.jpg 768w, https:\/\/agrupacionespsoe.es\/barajas\/wp-content\/uploads\/sites\/177\/2024\/01\/2024.01.23-Municipalismo-a-pie-de-calle-19-1536x1024.jpg 1536w, https:\/\/agrupacionespsoe.es\/barajas\/wp-content\/uploads\/sites\/177\/2024\/01\/2024.01.23-Municipalismo-a-pie-de-calle-19.jpg 1920w\" sizes=\"auto, (max-width: 1024px) 100vw, 1024px\" \/><\/figure>\n\n\n\n<figure class=\"wp-block-image size-large\"><img loading=\"lazy\" decoding=\"async\" width=\"1024\" height=\"683\" data-id=\"302\" src=\"https:\/\/agrupacionespsoe.es\/barajas\/wp-content\/uploads\/sites\/177\/2024\/01\/2024.01.23-Municipalismo-a-pie-de-calle-17-1024x683.jpg\" alt=\"\" class=\"wp-image-302\" srcset=\"https:\/\/agrupacionespsoe.es\/barajas\/wp-content\/uploads\/sites\/177\/2024\/01\/2024.01.23-Municipalismo-a-pie-de-calle-17-1024x683.jpg 1024w, https:\/\/agrupacionespsoe.es\/barajas\/wp-content\/uploads\/sites\/177\/2024\/01\/2024.01.23-Municipalismo-a-pie-de-calle-17-300x200.jpg 300w, https:\/\/agrupacionespsoe.es\/barajas\/wp-content\/uploads\/sites\/177\/2024\/01\/2024.01.23-Municipalismo-a-pie-de-calle-17-768x512.jpg 768w, https:\/\/agrupacionespsoe.es\/barajas\/wp-content\/uploads\/sites\/177\/2024\/01\/2024.01.23-Municipalismo-a-pie-de-calle-17-1536x1024.jpg 1536w, https:\/\/agrupacionespsoe.es\/barajas\/wp-content\/uploads\/sites\/177\/2024\/01\/2024.01.23-Municipalismo-a-pie-de-calle-17.jpg 1920w\" sizes=\"auto, (max-width: 1024px) 100vw, 1024px\" \/><\/figure>\n\n\n\n<figure class=\"wp-block-image size-large\"><img loading=\"lazy\" decoding=\"async\" width=\"1024\" height=\"683\" data-id=\"301\" src=\"https:\/\/agrupacionespsoe.es\/barajas\/wp-content\/uploads\/sites\/177\/2024\/01\/2024.01.23-Municipalismo-a-pie-de-calle-11-1024x683.jpg\" alt=\"\" class=\"wp-image-301\" srcset=\"https:\/\/agrupacionespsoe.es\/barajas\/wp-content\/uploads\/sites\/177\/2024\/01\/2024.01.23-Municipalismo-a-pie-de-calle-11-1024x683.jpg 1024w, https:\/\/agrupacionespsoe.es\/barajas\/wp-content\/uploads\/sites\/177\/2024\/01\/2024.01.23-Municipalismo-a-pie-de-calle-11-300x200.jpg 300w, https:\/\/agrupacionespsoe.es\/barajas\/wp-content\/uploads\/sites\/177\/2024\/01\/2024.01.23-Municipalismo-a-pie-de-calle-11-768x512.jpg 768w, https:\/\/agrupacionespsoe.es\/barajas\/wp-content\/uploads\/sites\/177\/2024\/01\/2024.01.23-Municipalismo-a-pie-de-calle-11-1536x1024.jpg 1536w, https:\/\/agrupacionespsoe.es\/barajas\/wp-content\/uploads\/sites\/177\/2024\/01\/2024.01.23-Municipalismo-a-pie-de-calle-11.jpg 1920w\" sizes=\"auto, (max-width: 1024px) 100vw, 1024px\" \/><\/figure>\n<\/figure>\n\n\n","protected":false},"excerpt":{"rendered":"<p>Vecinos, asociaciones y militantes se han dado cita en nuestra agrupaci\u00f3n para compartir las inquietudes y necesidades de Barajas con Mercedes Gonz\u00e1lez, Reyes Maroto y Mar\u00eda Caso.<\/p>\n","protected":false},"author":261,"featured_media":300,"comment_status":"open","ping_status":"open","sticky":false,"template":"","format":"standard","meta":{"_jetpack_memberships_contains_paid_content":false,"footnotes":""},"categories":[6],"tags":[7],"class_list":["post-296","post","type-post","status-publish","format-standard","has-post-thumbnail","hentry","category-noticias","tag-noticias"],"yoast_head":"<!-- This site is optimized with the Yoast SEO plugin v24.0 - https:\/\/yoast.com\/wordpress\/plugins\/seo\/ -->\n<title>Municipalismo a pie de calle con Mercedes Gonz\u00e1lez, Reyes Maroto y Mar\u00eda Caso - Agrupaci\u00f3n Socialista de Barajas<\/title>\n<meta name=\"robots\" content=\"index, follow, max-snippet:-1, max-image-preview:large, max-video-preview:-1\" \/>\n<link rel=\"canonical\" href=\"https:\/\/agrupacionespsoe.es\/barajas\/noticias\/municipalismo-a-pie-de-calle-con-mercedes-gonzalez-reyes-maroto-y-maria-caso\" \/>\n<meta property=\"og:locale\" content=\"es_ES\" \/>\n<meta property=\"og:type\" content=\"article\" \/>\n<meta property=\"og:title\" content=\"Municipalismo a pie de calle con Mercedes Gonz\u00e1lez, Reyes Maroto y Mar\u00eda Caso - Agrupaci\u00f3n Socialista de Barajas\" \/>\n<meta property=\"og:description\" content=\"Vecinos, asociaciones y militantes se han dado cita en nuestra agrupaci\u00f3n para compartir las inquietudes y necesidades de Barajas con Mercedes Gonz\u00e1lez, Reyes Maroto y Mar\u00eda Caso.\" \/>\n<meta property=\"og:url\" content=\"https:\/\/agrupacionespsoe.es\/barajas\/noticias\/municipalismo-a-pie-de-calle-con-mercedes-gonzalez-reyes-maroto-y-maria-caso\" \/>\n<meta property=\"og:site_name\" content=\"Agrupaci\u00f3n Socialista de Barajas\" \/>\n<meta property=\"article:published_time\" content=\"2024-01-24T10:06:11+00:00\" \/>\n<meta property=\"article:modified_time\" content=\"2024-03-10T17:51:59+00:00\" \/>\n<meta property=\"og:image\" content=\"https:\/\/agrupacionespsoe.es\/barajas\/wp-content\/uploads\/sites\/177\/2024\/01\/2024.01.23-Municipalismo-a-pie-de-calle-07.jpg\" \/>\n\t<meta property=\"og:image:width\" content=\"1920\" \/>\n\t<meta property=\"og:image:height\" content=\"1280\" \/>\n\t<meta property=\"og:image:type\" content=\"image\/jpeg\" \/>\n<meta name=\"author\" content=\"barajas2\" \/>\n<meta name=\"twitter:card\" content=\"summary_large_image\" \/>\n<meta name=\"twitter:label1\" content=\"Escrito por\" \/>\n\t<meta name=\"twitter:data1\" content=\"barajas2\" \/>\n\t<meta name=\"twitter:label2\" content=\"Tiempo de lectura\" \/>\n\t<meta name=\"twitter:data2\" content=\"2 minutos\" \/>\n<script type=\"application\/ld+json\" class=\"yoast-schema-graph\">{\"@context\":\"https:\/\/schema.org\",\"@graph\":[{\"@type\":\"Article\",\"@id\":\"https:\/\/agrupacionespsoe.es\/barajas\/noticias\/municipalismo-a-pie-de-calle-con-mercedes-gonzalez-reyes-maroto-y-maria-caso#article\",\"isPartOf\":{\"@id\":\"https:\/\/agrupacionespsoe.es\/barajas\/noticias\/municipalismo-a-pie-de-calle-con-mercedes-gonzalez-reyes-maroto-y-maria-caso\"},\"author\":{\"name\":\"barajas2\",\"@id\":\"https:\/\/agrupacionespsoe.es\/barajas\/#\/schema\/person\/6b35519e3c1467d433035feda3e759f7\"},\"headline\":\"Municipalismo a pie de calle con Mercedes Gonz\u00e1lez, Reyes Maroto y Mar\u00eda Caso\",\"datePublished\":\"2024-01-24T10:06:11+00:00\",\"dateModified\":\"2024-03-10T17:51:59+00:00\",\"mainEntityOfPage\":{\"@id\":\"https:\/\/agrupacionespsoe.es\/barajas\/noticias\/municipalismo-a-pie-de-calle-con-mercedes-gonzalez-reyes-maroto-y-maria-caso\"},\"wordCount\":179,\"commentCount\":0,\"publisher\":{\"@id\":\"https:\/\/agrupacionespsoe.es\/barajas\/#organization\"},\"image\":{\"@id\":\"https:\/\/agrupacionespsoe.es\/barajas\/noticias\/municipalismo-a-pie-de-calle-con-mercedes-gonzalez-reyes-maroto-y-maria-caso#primaryimage\"},\"thumbnailUrl\":\"https:\/\/agrupacionespsoe.es\/barajas\/wp-content\/uploads\/sites\/177\/2024\/01\/2024.01.23-Municipalismo-a-pie-de-calle-07.jpg\",\"keywords\":[\"Noticias\"],\"articleSection\":[\"Noticias\"],\"inLanguage\":\"es\",\"potentialAction\":[{\"@type\":\"CommentAction\",\"name\":\"Comment\",\"target\":[\"https:\/\/agrupacionespsoe.es\/barajas\/noticias\/municipalismo-a-pie-de-calle-con-mercedes-gonzalez-reyes-maroto-y-maria-caso#respond\"]}]},{\"@type\":\"WebPage\",\"@id\":\"https:\/\/agrupacionespsoe.es\/barajas\/noticias\/municipalismo-a-pie-de-calle-con-mercedes-gonzalez-reyes-maroto-y-maria-caso\",\"url\":\"https:\/\/agrupacionespsoe.es\/barajas\/noticias\/municipalismo-a-pie-de-calle-con-mercedes-gonzalez-reyes-maroto-y-maria-caso\",\"name\":\"Municipalismo a pie de calle con Mercedes Gonz\u00e1lez, Reyes Maroto y Mar\u00eda Caso - Agrupaci\u00f3n Socialista de Barajas\",\"isPartOf\":{\"@id\":\"https:\/\/agrupacionespsoe.es\/barajas\/#website\"},\"primaryImageOfPage\":{\"@id\":\"https:\/\/agrupacionespsoe.es\/barajas\/noticias\/municipalismo-a-pie-de-calle-con-mercedes-gonzalez-reyes-maroto-y-maria-caso#primaryimage\"},\"image\":{\"@id\":\"https:\/\/agrupacionespsoe.es\/barajas\/noticias\/municipalismo-a-pie-de-calle-con-mercedes-gonzalez-reyes-maroto-y-maria-caso#primaryimage\"},\"thumbnailUrl\":\"https:\/\/agrupacionespsoe.es\/barajas\/wp-content\/uploads\/sites\/177\/2024\/01\/2024.01.23-Municipalismo-a-pie-de-calle-07.jpg\",\"datePublished\":\"2024-01-24T10:06:11+00:00\",\"dateModified\":\"2024-03-10T17:51:59+00:00\",\"breadcrumb\":{\"@id\":\"https:\/\/agrupacionespsoe.es\/barajas\/noticias\/municipalismo-a-pie-de-calle-con-mercedes-gonzalez-reyes-maroto-y-maria-caso#breadcrumb\"},\"inLanguage\":\"es\",\"potentialAction\":[{\"@type\":\"ReadAction\",\"target\":[\"https:\/\/agrupacionespsoe.es\/barajas\/noticias\/municipalismo-a-pie-de-calle-con-mercedes-gonzalez-reyes-maroto-y-maria-caso\"]}]},{\"@type\":\"ImageObject\",\"inLanguage\":\"es\",\"@id\":\"https:\/\/agrupacionespsoe.es\/barajas\/noticias\/municipalismo-a-pie-de-calle-con-mercedes-gonzalez-reyes-maroto-y-maria-caso#primaryimage\",\"url\":\"https:\/\/agrupacionespsoe.es\/barajas\/wp-content\/uploads\/sites\/177\/2024\/01\/2024.01.23-Municipalismo-a-pie-de-calle-07.jpg\",\"contentUrl\":\"https:\/\/agrupacionespsoe.es\/barajas\/wp-content\/uploads\/sites\/177\/2024\/01\/2024.01.23-Municipalismo-a-pie-de-calle-07.jpg\",\"width\":1920,\"height\":1280},{\"@type\":\"BreadcrumbList\",\"@id\":\"https:\/\/agrupacionespsoe.es\/barajas\/noticias\/municipalismo-a-pie-de-calle-con-mercedes-gonzalez-reyes-maroto-y-maria-caso#breadcrumb\",\"itemListElement\":[{\"@type\":\"ListItem\",\"position\":1,\"name\":\"Portada\",\"item\":\"https:\/\/agrupacionespsoe.es\/barajas\/\"},{\"@type\":\"ListItem\",\"position\":2,\"name\":\"Municipalismo a pie de calle con Mercedes Gonz\u00e1lez, Reyes Maroto y Mar\u00eda Caso\"}]},{\"@type\":\"WebSite\",\"@id\":\"https:\/\/agrupacionespsoe.es\/barajas\/#website\",\"url\":\"https:\/\/agrupacionespsoe.es\/barajas\/\",\"name\":\"Agrupaci\u00f3n Socialista de Barajas\",\"description\":\"Agrupaci\u00f3n Socialista de Barajas\",\"publisher\":{\"@id\":\"https:\/\/agrupacionespsoe.es\/barajas\/#organization\"},\"potentialAction\":[{\"@type\":\"SearchAction\",\"target\":{\"@type\":\"EntryPoint\",\"urlTemplate\":\"https:\/\/agrupacionespsoe.es\/barajas\/?s={search_term_string}\"},\"query-input\":{\"@type\":\"PropertyValueSpecification\",\"valueRequired\":true,\"valueName\":\"search_term_string\"}}],\"inLanguage\":\"es\"},{\"@type\":\"Organization\",\"@id\":\"https:\/\/agrupacionespsoe.es\/barajas\/#organization\",\"name\":\"Agrupaci\u00f3n Socialista de Barajas\",\"url\":\"https:\/\/agrupacionespsoe.es\/barajas\/\",\"logo\":{\"@type\":\"ImageObject\",\"inLanguage\":\"es\",\"@id\":\"https:\/\/agrupacionespsoe.es\/barajas\/#\/schema\/logo\/image\/\",\"url\":\"https:\/\/agrupacionespsoe.es\/wp-content\/uploads\/2022\/07\/Logotipo_electoral_del_PSOE.png\",\"contentUrl\":\"https:\/\/agrupacionespsoe.es\/wp-content\/uploads\/2022\/07\/Logotipo_electoral_del_PSOE.png\",\"width\":422,\"height\":422,\"caption\":\"Agrupaci\u00f3n Socialista de Barajas\"},\"image\":{\"@id\":\"https:\/\/agrupacionespsoe.es\/barajas\/#\/schema\/logo\/image\/\"}},{\"@type\":\"Person\",\"@id\":\"https:\/\/agrupacionespsoe.es\/barajas\/#\/schema\/person\/6b35519e3c1467d433035feda3e759f7\",\"name\":\"barajas2\",\"image\":{\"@type\":\"ImageObject\",\"inLanguage\":\"es\",\"@id\":\"https:\/\/agrupacionespsoe.es\/barajas\/#\/schema\/person\/image\/\",\"url\":\"https:\/\/secure.gravatar.com\/avatar\/c06772ef0a4626464d2da5b317eff166?s=96&d=mm&r=g\",\"contentUrl\":\"https:\/\/secure.gravatar.com\/avatar\/c06772ef0a4626464d2da5b317eff166?s=96&d=mm&r=g\",\"caption\":\"barajas2\"},\"url\":\"https:\/\/agrupacionespsoe.es\/barajas\/author\/barajas2\"}]}<\/script>\n<!-- \/ Yoast SEO plugin. -->","yoast_head_json":{"title":"Municipalismo a pie de calle con Mercedes Gonz\u00e1lez, Reyes Maroto y Mar\u00eda Caso - Agrupaci\u00f3n Socialista de Barajas","robots":{"index":"index","follow":"follow","max-snippet":"max-snippet:-1","max-image-preview":"max-image-preview:large","max-video-preview":"max-video-preview:-1"},"canonical":"https:\/\/agrupacionespsoe.es\/barajas\/noticias\/municipalismo-a-pie-de-calle-con-mercedes-gonzalez-reyes-maroto-y-maria-caso","og_locale":"es_ES","og_type":"article","og_title":"Municipalismo a pie de calle con Mercedes Gonz\u00e1lez, Reyes Maroto y Mar\u00eda Caso - Agrupaci\u00f3n Socialista de Barajas","og_description":"Vecinos, asociaciones y militantes se han dado cita en nuestra agrupaci\u00f3n para compartir las inquietudes y necesidades de Barajas con Mercedes Gonz\u00e1lez, Reyes Maroto y Mar\u00eda Caso.","og_url":"https:\/\/agrupacionespsoe.es\/barajas\/noticias\/municipalismo-a-pie-de-calle-con-mercedes-gonzalez-reyes-maroto-y-maria-caso","og_site_name":"Agrupaci\u00f3n Socialista de Barajas","article_published_time":"2024-01-24T10:06:11+00:00","article_modified_time":"2024-03-10T17:51:59+00:00","og_image":[{"width":1920,"height":1280,"url":"https:\/\/agrupacionespsoe.es\/barajas\/wp-content\/uploads\/sites\/177\/2024\/01\/2024.01.23-Municipalismo-a-pie-de-calle-07.jpg","type":"image\/jpeg"}],"author":"barajas2","twitter_card":"summary_large_image","twitter_misc":{"Escrito por":"barajas2","Tiempo de lectura":"2 minutos"},"schema":{"@context":"https:\/\/schema.org","@graph":[{"@type":"Article","@id":"https:\/\/agrupacionespsoe.es\/barajas\/noticias\/municipalismo-a-pie-de-calle-con-mercedes-gonzalez-reyes-maroto-y-maria-caso#article","isPartOf":{"@id":"https:\/\/agrupacionespsoe.es\/barajas\/noticias\/municipalismo-a-pie-de-calle-con-mercedes-gonzalez-reyes-maroto-y-maria-caso"},"author":{"name":"barajas2","@id":"https:\/\/agrupacionespsoe.es\/barajas\/#\/schema\/person\/6b35519e3c1467d433035feda3e759f7"},"headline":"Municipalismo a pie de calle con Mercedes Gonz\u00e1lez, Reyes Maroto y Mar\u00eda Caso","datePublished":"2024-01-24T10:06:11+00:00","dateModified":"2024-03-10T17:51:59+00:00","mainEntityOfPage":{"@id":"https:\/\/agrupacionespsoe.es\/barajas\/noticias\/municipalismo-a-pie-de-calle-con-mercedes-gonzalez-reyes-maroto-y-maria-caso"},"wordCount":179,"commentCount":0,"publisher":{"@id":"https:\/\/agrupacionespsoe.es\/barajas\/#organization"},"image":{"@id":"https:\/\/agrupacionespsoe.es\/barajas\/noticias\/municipalismo-a-pie-de-calle-con-mercedes-gonzalez-reyes-maroto-y-maria-caso#primaryimage"},"thumbnailUrl":"https:\/\/agrupacionespsoe.es\/barajas\/wp-content\/uploads\/sites\/177\/2024\/01\/2024.01.23-Municipalismo-a-pie-de-calle-07.jpg","keywords":["Noticias"],"articleSection":["Noticias"],"inLanguage":"es","potentialAction":[{"@type":"CommentAction","name":"Comment","target":["https:\/\/agrupacionespsoe.es\/barajas\/noticias\/municipalismo-a-pie-de-calle-con-mercedes-gonzalez-reyes-maroto-y-maria-caso#respond"]}]},{"@type":"WebPage","@id":"https:\/\/agrupacionespsoe.es\/barajas\/noticias\/municipalismo-a-pie-de-calle-con-mercedes-gonzalez-reyes-maroto-y-maria-caso","url":"https:\/\/agrupacionespsoe.es\/barajas\/noticias\/municipalismo-a-pie-de-calle-con-mercedes-gonzalez-reyes-maroto-y-maria-caso","name":"Municipalismo a pie de calle con Mercedes Gonz\u00e1lez, Reyes Maroto y Mar\u00eda Caso - Agrupaci\u00f3n Socialista de Barajas","isPartOf":{"@id":"https:\/\/agrupacionespsoe.es\/barajas\/#website"},"primaryImageOfPage":{"@id":"https:\/\/agrupacionespsoe.es\/barajas\/noticias\/municipalismo-a-pie-de-calle-con-mercedes-gonzalez-reyes-maroto-y-maria-caso#primaryimage"},"image":{"@id":"https:\/\/agrupacionespsoe.es\/barajas\/noticias\/municipalismo-a-pie-de-calle-con-mercedes-gonzalez-reyes-maroto-y-maria-caso#primaryimage"},"thumbnailUrl":"https:\/\/agrupacionespsoe.es\/barajas\/wp-content\/uploads\/sites\/177\/2024\/01\/2024.01.23-Municipalismo-a-pie-de-calle-07.jpg","datePublished":"2024-01-24T10:06:11+00:00","dateModified":"2024-03-10T17:51:59+00:00","breadcrumb":{"@id":"https:\/\/agrupacionespsoe.es\/barajas\/noticias\/municipalismo-a-pie-de-calle-con-mercedes-gonzalez-reyes-maroto-y-maria-caso#breadcrumb"},"inLanguage":"es","potentialAction":[{"@type":"ReadAction","target":["https:\/\/agrupacionespsoe.es\/barajas\/noticias\/municipalismo-a-pie-de-calle-con-mercedes-gonzalez-reyes-maroto-y-maria-caso"]}]},{"@type":"ImageObject","inLanguage":"es","@id":"https:\/\/agrupacionespsoe.es\/barajas\/noticias\/municipalismo-a-pie-de-calle-con-mercedes-gonzalez-reyes-maroto-y-maria-caso#primaryimage","url":"https:\/\/agrupacionespsoe.es\/barajas\/wp-content\/uploads\/sites\/177\/2024\/01\/2024.01.23-Municipalismo-a-pie-de-calle-07.jpg","contentUrl":"https:\/\/agrupacionespsoe.es\/barajas\/wp-content\/uploads\/sites\/177\/2024\/01\/2024.01.23-Municipalismo-a-pie-de-calle-07.jpg","width":1920,"height":1280},{"@type":"BreadcrumbList","@id":"https:\/\/agrupacionespsoe.es\/barajas\/noticias\/municipalismo-a-pie-de-calle-con-mercedes-gonzalez-reyes-maroto-y-maria-caso#breadcrumb","itemListElement":[{"@type":"ListItem","position":1,"name":"Portada","item":"https:\/\/agrupacionespsoe.es\/barajas\/"},{"@type":"ListItem","position":2,"name":"Municipalismo a pie de calle con Mercedes Gonz\u00e1lez, Reyes Maroto y Mar\u00eda Caso"}]},{"@type":"WebSite","@id":"https:\/\/agrupacionespsoe.es\/barajas\/#website","url":"https:\/\/agrupacionespsoe.es\/barajas\/","name":"Agrupaci\u00f3n Socialista de Barajas","description":"Agrupaci\u00f3n Socialista de Barajas","publisher":{"@id":"https:\/\/agrupacionespsoe.es\/barajas\/#organization"},"potentialAction":[{"@type":"SearchAction","target":{"@type":"EntryPoint","urlTemplate":"https:\/\/agrupacionespsoe.es\/barajas\/?s={search_term_string}"},"query-input":{"@type":"PropertyValueSpecification","valueRequired":true,"valueName":"search_term_string"}}],"inLanguage":"es"},{"@type":"Organization","@id":"https:\/\/agrupacionespsoe.es\/barajas\/#organization","name":"Agrupaci\u00f3n Socialista de Barajas","url":"https:\/\/agrupacionespsoe.es\/barajas\/","logo":{"@type":"ImageObject","inLanguage":"es","@id":"https:\/\/agrupacionespsoe.es\/barajas\/#\/schema\/logo\/image\/","url":"https:\/\/agrupacionespsoe.es\/wp-content\/uploads\/2022\/07\/Logotipo_electoral_del_PSOE.png","contentUrl":"https:\/\/agrupacionespsoe.es\/wp-content\/uploads\/2022\/07\/Logotipo_electoral_del_PSOE.png","width":422,"height":422,"caption":"Agrupaci\u00f3n Socialista de Barajas"},"image":{"@id":"https:\/\/agrupacionespsoe.es\/barajas\/#\/schema\/logo\/image\/"}},{"@type":"Person","@id":"https:\/\/agrupacionespsoe.es\/barajas\/#\/schema\/person\/6b35519e3c1467d433035feda3e759f7","name":"barajas2","image":{"@type":"ImageObject","inLanguage":"es","@id":"https:\/\/agrupacionespsoe.es\/barajas\/#\/schema\/person\/image\/","url":"https:\/\/secure.gravatar.com\/avatar\/c06772ef0a4626464d2da5b317eff166?s=96&d=mm&r=g","contentUrl":"https:\/\/secure.gravatar.com\/avatar\/c06772ef0a4626464d2da5b317eff166?s=96&d=mm&r=g","caption":"barajas2"},"url":"https:\/\/agrupacionespsoe.es\/barajas\/author\/barajas2"}]}},"jetpack_featured_media_url":"https:\/\/agrupacionespsoe.es\/barajas\/wp-content\/uploads\/sites\/177\/2024\/01\/2024.01.23-Municipalismo-a-pie-de-calle-07.jpg","jetpack_sharing_enabled":true,"_links":{"self":[{"href":"https:\/\/agrupacionespsoe.es\/barajas\/wp-json\/wp\/v2\/posts\/296","targetHints":{"allow":["GET"]}}],"collection":[{"href":"https:\/\/agrupacionespsoe.es\/barajas\/wp-json\/wp\/v2\/posts"}],"about":[{"href":"https:\/\/agrupacionespsoe.es\/barajas\/wp-json\/wp\/v2\/types\/post"}],"author":[{"embeddable":true,"href":"https:\/\/agrupacionespsoe.es\/barajas\/wp-json\/wp\/v2\/users\/261"}],"replies":[{"embeddable":true,"href":"https:\/\/agrupacionespsoe.es\/barajas\/wp-json\/wp\/v2\/comments?post=296"}],"version-history":[{"count":6,"href":"https:\/\/agrupacionespsoe.es\/barajas\/wp-json\/wp\/v2\/posts\/296\/revisions"}],"predecessor-version":[{"id":360,"href":"https:\/\/agrupacionespsoe.es\/barajas\/wp-json\/wp\/v2\/posts\/296\/revisions\/360"}],"wp:featuredmedia":[{"embeddable":true,"href":"https:\/\/agrupacionespsoe.es\/barajas\/wp-json\/wp\/v2\/media\/300"}],"wp:attachment":[{"href":"https:\/\/agrupacionespsoe.es\/barajas\/wp-json\/wp\/v2\/media?parent=296"}],"wp:term":[{"taxonomy":"category","embeddable":true,"href":"https:\/\/agrupacionespsoe.es\/barajas\/wp-json\/wp\/v2\/categories?post=296"},{"taxonomy":"post_tag","embeddable":true,"href":"https:\/\/agrupacionespsoe.es\/barajas\/wp-json\/wp\/v2\/tags?post=296"}],"curies":[{"name":"wp","href":"https:\/\/api.w.org\/{rel}","templated":true}]}}