{"id":225,"date":"2022-07-15T07:33:00","date_gmt":"2022-07-15T07:33:00","guid":{"rendered":"https:\/\/agrupacionespsoe.es\/barajas\/?p=225"},"modified":"2024-03-10T18:33:46","modified_gmt":"2024-03-10T18:33:46","slug":"no-al-cierre-del-suap-en-barajas","status":"publish","type":"post","link":"https:\/\/agrupacionespsoe.es\/barajas\/noticias\/no-al-cierre-del-suap-en-barajas","title":{"rendered":"No al cierre del SUAP en Barajas"},"content":{"rendered":"\n<p>La Comunidad de Madrid ha decidido cerrar todos los Servicios de Urgencias de Atenci\u00f3n Primaria. El PSOE lleva a\u00f1os reclamando su apertura en el distrito y ahora sabemos que no volver\u00e1 a abrirse. <\/p>\n\n\n\n<p>El Partido Popular sigue desmantelando la sanidad p\u00fablica, pero los vecinos y vecinas de Barajas no lo permitiremos. <\/p>\n\n\n\n<p>\u00a1Seguimos!<\/p>\n\n\n\n<figure class=\"wp-block-embed is-type-video is-provider-youtube wp-block-embed-youtube wp-embed-aspect-16-9 wp-has-aspect-ratio\"><div class=\"wp-block-embed__wrapper\">\n<iframe loading=\"lazy\" title=\"NO AL CIERRE DEL SUAP EN BARAJAS\" width=\"500\" height=\"281\" src=\"https:\/\/www.youtube.com\/embed\/o-J5_maUW34?feature=oembed\" frameborder=\"0\" allow=\"accelerometer; autoplay; clipboard-write; encrypted-media; gyroscope; picture-in-picture; web-share\" referrerpolicy=\"strict-origin-when-cross-origin\" allowfullscreen><\/iframe>\n<\/div><\/figure>\n","protected":false},"excerpt":{"rendered":"<p>La Comunidad de Madrid ha decidido cerrar todos los Servicios de Urgencias de Atenci\u00f3n Primaria. El PSOE lleva a\u00f1os reclamando su apertura en el distrito y ahora sabemos que no volver\u00e1 a abrirse. <\/p>\n","protected":false},"author":261,"featured_media":364,"comment_status":"open","ping_status":"open","sticky":false,"template":"","format":"standard","meta":{"_jetpack_memberships_contains_paid_content":false,"footnotes":""},"categories":[6],"tags":[],"class_list":["post-225","post","type-post","status-publish","format-standard","has-post-thumbnail","hentry","category-noticias"],"yoast_head":"<!-- This site is optimized with the Yoast SEO plugin v24.0 - https:\/\/yoast.com\/wordpress\/plugins\/seo\/ -->\n<title>No al cierre del SUAP en Barajas - Agrupaci\u00f3n Socialista de Barajas<\/title>\n<meta name=\"robots\" content=\"index, follow, max-snippet:-1, max-image-preview:large, max-video-preview:-1\" \/>\n<link rel=\"canonical\" href=\"https:\/\/agrupacionespsoe.es\/barajas\/noticias\/no-al-cierre-del-suap-en-barajas\" \/>\n<meta property=\"og:locale\" content=\"es_ES\" \/>\n<meta property=\"og:type\" content=\"article\" \/>\n<meta property=\"og:title\" content=\"No al cierre del SUAP en Barajas - Agrupaci\u00f3n Socialista de Barajas\" \/>\n<meta property=\"og:description\" content=\"La Comunidad de Madrid ha decidido cerrar todos los Servicios de Urgencias de Atenci\u00f3n Primaria. El PSOE lleva a\u00f1os reclamando su apertura en el distrito y ahora sabemos que no volver\u00e1 a abrirse.\" \/>\n<meta property=\"og:url\" content=\"https:\/\/agrupacionespsoe.es\/barajas\/noticias\/no-al-cierre-del-suap-en-barajas\" \/>\n<meta property=\"og:site_name\" content=\"Agrupaci\u00f3n Socialista de Barajas\" \/>\n<meta property=\"article:published_time\" content=\"2022-07-15T07:33:00+00:00\" \/>\n<meta property=\"article:modified_time\" content=\"2024-03-10T18:33:46+00:00\" \/>\n<meta property=\"og:image\" content=\"https:\/\/agrupacionespsoe.es\/barajas\/wp-content\/uploads\/sites\/177\/2022\/07\/Centro-de-Salud-Barajas-e1710095621972.jpg\" \/>\n\t<meta property=\"og:image:width\" content=\"1280\" \/>\n\t<meta property=\"og:image:height\" content=\"853\" \/>\n\t<meta property=\"og:image:type\" content=\"image\/jpeg\" \/>\n<meta name=\"author\" content=\"barajas2\" \/>\n<meta name=\"twitter:card\" content=\"summary_large_image\" \/>\n<meta name=\"twitter:label1\" content=\"Escrito por\" \/>\n\t<meta name=\"twitter:data1\" content=\"barajas2\" \/>\n\t<meta name=\"twitter:label2\" content=\"Tiempo de lectura\" \/>\n\t<meta name=\"twitter:data2\" content=\"1 minuto\" \/>\n<script type=\"application\/ld+json\" class=\"yoast-schema-graph\">{\"@context\":\"https:\/\/schema.org\",\"@graph\":[{\"@type\":\"Article\",\"@id\":\"https:\/\/agrupacionespsoe.es\/barajas\/noticias\/no-al-cierre-del-suap-en-barajas#article\",\"isPartOf\":{\"@id\":\"https:\/\/agrupacionespsoe.es\/barajas\/noticias\/no-al-cierre-del-suap-en-barajas\"},\"author\":{\"name\":\"barajas2\",\"@id\":\"https:\/\/agrupacionespsoe.es\/barajas\/#\/schema\/person\/6b35519e3c1467d433035feda3e759f7\"},\"headline\":\"No al cierre del SUAP en Barajas\",\"datePublished\":\"2022-07-15T07:33:00+00:00\",\"dateModified\":\"2024-03-10T18:33:46+00:00\",\"mainEntityOfPage\":{\"@id\":\"https:\/\/agrupacionespsoe.es\/barajas\/noticias\/no-al-cierre-del-suap-en-barajas\"},\"wordCount\":67,\"commentCount\":0,\"publisher\":{\"@id\":\"https:\/\/agrupacionespsoe.es\/barajas\/#organization\"},\"image\":{\"@id\":\"https:\/\/agrupacionespsoe.es\/barajas\/noticias\/no-al-cierre-del-suap-en-barajas#primaryimage\"},\"thumbnailUrl\":\"https:\/\/agrupacionespsoe.es\/barajas\/wp-content\/uploads\/sites\/177\/2022\/07\/Centro-de-Salud-Barajas-e1710095621972.jpg\",\"articleSection\":[\"Noticias\"],\"inLanguage\":\"es\",\"potentialAction\":[{\"@type\":\"CommentAction\",\"name\":\"Comment\",\"target\":[\"https:\/\/agrupacionespsoe.es\/barajas\/noticias\/no-al-cierre-del-suap-en-barajas#respond\"]}]},{\"@type\":\"WebPage\",\"@id\":\"https:\/\/agrupacionespsoe.es\/barajas\/noticias\/no-al-cierre-del-suap-en-barajas\",\"url\":\"https:\/\/agrupacionespsoe.es\/barajas\/noticias\/no-al-cierre-del-suap-en-barajas\",\"name\":\"No al cierre del SUAP en Barajas - Agrupaci\u00f3n Socialista de Barajas\",\"isPartOf\":{\"@id\":\"https:\/\/agrupacionespsoe.es\/barajas\/#website\"},\"primaryImageOfPage\":{\"@id\":\"https:\/\/agrupacionespsoe.es\/barajas\/noticias\/no-al-cierre-del-suap-en-barajas#primaryimage\"},\"image\":{\"@id\":\"https:\/\/agrupacionespsoe.es\/barajas\/noticias\/no-al-cierre-del-suap-en-barajas#primaryimage\"},\"thumbnailUrl\":\"https:\/\/agrupacionespsoe.es\/barajas\/wp-content\/uploads\/sites\/177\/2022\/07\/Centro-de-Salud-Barajas-e1710095621972.jpg\",\"datePublished\":\"2022-07-15T07:33:00+00:00\",\"dateModified\":\"2024-03-10T18:33:46+00:00\",\"breadcrumb\":{\"@id\":\"https:\/\/agrupacionespsoe.es\/barajas\/noticias\/no-al-cierre-del-suap-en-barajas#breadcrumb\"},\"inLanguage\":\"es\",\"potentialAction\":[{\"@type\":\"ReadAction\",\"target\":[\"https:\/\/agrupacionespsoe.es\/barajas\/noticias\/no-al-cierre-del-suap-en-barajas\"]}]},{\"@type\":\"ImageObject\",\"inLanguage\":\"es\",\"@id\":\"https:\/\/agrupacionespsoe.es\/barajas\/noticias\/no-al-cierre-del-suap-en-barajas#primaryimage\",\"url\":\"https:\/\/agrupacionespsoe.es\/barajas\/wp-content\/uploads\/sites\/177\/2022\/07\/Centro-de-Salud-Barajas-e1710095621972.jpg\",\"contentUrl\":\"https:\/\/agrupacionespsoe.es\/barajas\/wp-content\/uploads\/sites\/177\/2022\/07\/Centro-de-Salud-Barajas-e1710095621972.jpg\",\"width\":1280,\"height\":853},{\"@type\":\"BreadcrumbList\",\"@id\":\"https:\/\/agrupacionespsoe.es\/barajas\/noticias\/no-al-cierre-del-suap-en-barajas#breadcrumb\",\"itemListElement\":[{\"@type\":\"ListItem\",\"position\":1,\"name\":\"Portada\",\"item\":\"https:\/\/agrupacionespsoe.es\/barajas\/\"},{\"@type\":\"ListItem\",\"position\":2,\"name\":\"No al cierre del SUAP en Barajas\"}]},{\"@type\":\"WebSite\",\"@id\":\"https:\/\/agrupacionespsoe.es\/barajas\/#website\",\"url\":\"https:\/\/agrupacionespsoe.es\/barajas\/\",\"name\":\"Agrupaci\u00f3n Socialista de Barajas\",\"description\":\"Agrupaci\u00f3n Socialista de Barajas\",\"publisher\":{\"@id\":\"https:\/\/agrupacionespsoe.es\/barajas\/#organization\"},\"potentialAction\":[{\"@type\":\"SearchAction\",\"target\":{\"@type\":\"EntryPoint\",\"urlTemplate\":\"https:\/\/agrupacionespsoe.es\/barajas\/?s={search_term_string}\"},\"query-input\":{\"@type\":\"PropertyValueSpecification\",\"valueRequired\":true,\"valueName\":\"search_term_string\"}}],\"inLanguage\":\"es\"},{\"@type\":\"Organization\",\"@id\":\"https:\/\/agrupacionespsoe.es\/barajas\/#organization\",\"name\":\"Agrupaci\u00f3n Socialista de Barajas\",\"url\":\"https:\/\/agrupacionespsoe.es\/barajas\/\",\"logo\":{\"@type\":\"ImageObject\",\"inLanguage\":\"es\",\"@id\":\"https:\/\/agrupacionespsoe.es\/barajas\/#\/schema\/logo\/image\/\",\"url\":\"https:\/\/agrupacionespsoe.es\/wp-content\/uploads\/2022\/07\/Logotipo_electoral_del_PSOE.png\",\"contentUrl\":\"https:\/\/agrupacionespsoe.es\/wp-content\/uploads\/2022\/07\/Logotipo_electoral_del_PSOE.png\",\"width\":422,\"height\":422,\"caption\":\"Agrupaci\u00f3n Socialista de Barajas\"},\"image\":{\"@id\":\"https:\/\/agrupacionespsoe.es\/barajas\/#\/schema\/logo\/image\/\"}},{\"@type\":\"Person\",\"@id\":\"https:\/\/agrupacionespsoe.es\/barajas\/#\/schema\/person\/6b35519e3c1467d433035feda3e759f7\",\"name\":\"barajas2\",\"image\":{\"@type\":\"ImageObject\",\"inLanguage\":\"es\",\"@id\":\"https:\/\/agrupacionespsoe.es\/barajas\/#\/schema\/person\/image\/\",\"url\":\"https:\/\/secure.gravatar.com\/avatar\/c06772ef0a4626464d2da5b317eff166?s=96&d=mm&r=g\",\"contentUrl\":\"https:\/\/secure.gravatar.com\/avatar\/c06772ef0a4626464d2da5b317eff166?s=96&d=mm&r=g\",\"caption\":\"barajas2\"},\"url\":\"https:\/\/agrupacionespsoe.es\/barajas\/author\/barajas2\"}]}<\/script>\n<!-- \/ Yoast SEO plugin. -->","yoast_head_json":{"title":"No al cierre del SUAP en Barajas - Agrupaci\u00f3n Socialista de Barajas","robots":{"index":"index","follow":"follow","max-snippet":"max-snippet:-1","max-image-preview":"max-image-preview:large","max-video-preview":"max-video-preview:-1"},"canonical":"https:\/\/agrupacionespsoe.es\/barajas\/noticias\/no-al-cierre-del-suap-en-barajas","og_locale":"es_ES","og_type":"article","og_title":"No al cierre del SUAP en Barajas - Agrupaci\u00f3n Socialista de Barajas","og_description":"La Comunidad de Madrid ha decidido cerrar todos los Servicios de Urgencias de Atenci\u00f3n Primaria. El PSOE lleva a\u00f1os reclamando su apertura en el distrito y ahora sabemos que no volver\u00e1 a abrirse.","og_url":"https:\/\/agrupacionespsoe.es\/barajas\/noticias\/no-al-cierre-del-suap-en-barajas","og_site_name":"Agrupaci\u00f3n Socialista de Barajas","article_published_time":"2022-07-15T07:33:00+00:00","article_modified_time":"2024-03-10T18:33:46+00:00","og_image":[{"width":1280,"height":853,"url":"https:\/\/agrupacionespsoe.es\/barajas\/wp-content\/uploads\/sites\/177\/2022\/07\/Centro-de-Salud-Barajas-e1710095621972.jpg","type":"image\/jpeg"}],"author":"barajas2","twitter_card":"summary_large_image","twitter_misc":{"Escrito por":"barajas2","Tiempo de lectura":"1 minuto"},"schema":{"@context":"https:\/\/schema.org","@graph":[{"@type":"Article","@id":"https:\/\/agrupacionespsoe.es\/barajas\/noticias\/no-al-cierre-del-suap-en-barajas#article","isPartOf":{"@id":"https:\/\/agrupacionespsoe.es\/barajas\/noticias\/no-al-cierre-del-suap-en-barajas"},"author":{"name":"barajas2","@id":"https:\/\/agrupacionespsoe.es\/barajas\/#\/schema\/person\/6b35519e3c1467d433035feda3e759f7"},"headline":"No al cierre del SUAP en Barajas","datePublished":"2022-07-15T07:33:00+00:00","dateModified":"2024-03-10T18:33:46+00:00","mainEntityOfPage":{"@id":"https:\/\/agrupacionespsoe.es\/barajas\/noticias\/no-al-cierre-del-suap-en-barajas"},"wordCount":67,"commentCount":0,"publisher":{"@id":"https:\/\/agrupacionespsoe.es\/barajas\/#organization"},"image":{"@id":"https:\/\/agrupacionespsoe.es\/barajas\/noticias\/no-al-cierre-del-suap-en-barajas#primaryimage"},"thumbnailUrl":"https:\/\/agrupacionespsoe.es\/barajas\/wp-content\/uploads\/sites\/177\/2022\/07\/Centro-de-Salud-Barajas-e1710095621972.jpg","articleSection":["Noticias"],"inLanguage":"es","potentialAction":[{"@type":"CommentAction","name":"Comment","target":["https:\/\/agrupacionespsoe.es\/barajas\/noticias\/no-al-cierre-del-suap-en-barajas#respond"]}]},{"@type":"WebPage","@id":"https:\/\/agrupacionespsoe.es\/barajas\/noticias\/no-al-cierre-del-suap-en-barajas","url":"https:\/\/agrupacionespsoe.es\/barajas\/noticias\/no-al-cierre-del-suap-en-barajas","name":"No al cierre del SUAP en Barajas - Agrupaci\u00f3n Socialista de Barajas","isPartOf":{"@id":"https:\/\/agrupacionespsoe.es\/barajas\/#website"},"primaryImageOfPage":{"@id":"https:\/\/agrupacionespsoe.es\/barajas\/noticias\/no-al-cierre-del-suap-en-barajas#primaryimage"},"image":{"@id":"https:\/\/agrupacionespsoe.es\/barajas\/noticias\/no-al-cierre-del-suap-en-barajas#primaryimage"},"thumbnailUrl":"https:\/\/agrupacionespsoe.es\/barajas\/wp-content\/uploads\/sites\/177\/2022\/07\/Centro-de-Salud-Barajas-e1710095621972.jpg","datePublished":"2022-07-15T07:33:00+00:00","dateModified":"2024-03-10T18:33:46+00:00","breadcrumb":{"@id":"https:\/\/agrupacionespsoe.es\/barajas\/noticias\/no-al-cierre-del-suap-en-barajas#breadcrumb"},"inLanguage":"es","potentialAction":[{"@type":"ReadAction","target":["https:\/\/agrupacionespsoe.es\/barajas\/noticias\/no-al-cierre-del-suap-en-barajas"]}]},{"@type":"ImageObject","inLanguage":"es","@id":"https:\/\/agrupacionespsoe.es\/barajas\/noticias\/no-al-cierre-del-suap-en-barajas#primaryimage","url":"https:\/\/agrupacionespsoe.es\/barajas\/wp-content\/uploads\/sites\/177\/2022\/07\/Centro-de-Salud-Barajas-e1710095621972.jpg","contentUrl":"https:\/\/agrupacionespsoe.es\/barajas\/wp-content\/uploads\/sites\/177\/2022\/07\/Centro-de-Salud-Barajas-e1710095621972.jpg","width":1280,"height":853},{"@type":"BreadcrumbList","@id":"https:\/\/agrupacionespsoe.es\/barajas\/noticias\/no-al-cierre-del-suap-en-barajas#breadcrumb","itemListElement":[{"@type":"ListItem","position":1,"name":"Portada","item":"https:\/\/agrupacionespsoe.es\/barajas\/"},{"@type":"ListItem","position":2,"name":"No al cierre del SUAP en Barajas"}]},{"@type":"WebSite","@id":"https:\/\/agrupacionespsoe.es\/barajas\/#website","url":"https:\/\/agrupacionespsoe.es\/barajas\/","name":"Agrupaci\u00f3n Socialista de Barajas","description":"Agrupaci\u00f3n Socialista de Barajas","publisher":{"@id":"https:\/\/agrupacionespsoe.es\/barajas\/#organization"},"potentialAction":[{"@type":"SearchAction","target":{"@type":"EntryPoint","urlTemplate":"https:\/\/agrupacionespsoe.es\/barajas\/?s={search_term_string}"},"query-input":{"@type":"PropertyValueSpecification","valueRequired":true,"valueName":"search_term_string"}}],"inLanguage":"es"},{"@type":"Organization","@id":"https:\/\/agrupacionespsoe.es\/barajas\/#organization","name":"Agrupaci\u00f3n Socialista de Barajas","url":"https:\/\/agrupacionespsoe.es\/barajas\/","logo":{"@type":"ImageObject","inLanguage":"es","@id":"https:\/\/agrupacionespsoe.es\/barajas\/#\/schema\/logo\/image\/","url":"https:\/\/agrupacionespsoe.es\/wp-content\/uploads\/2022\/07\/Logotipo_electoral_del_PSOE.png","contentUrl":"https:\/\/agrupacionespsoe.es\/wp-content\/uploads\/2022\/07\/Logotipo_electoral_del_PSOE.png","width":422,"height":422,"caption":"Agrupaci\u00f3n Socialista de Barajas"},"image":{"@id":"https:\/\/agrupacionespsoe.es\/barajas\/#\/schema\/logo\/image\/"}},{"@type":"Person","@id":"https:\/\/agrupacionespsoe.es\/barajas\/#\/schema\/person\/6b35519e3c1467d433035feda3e759f7","name":"barajas2","image":{"@type":"ImageObject","inLanguage":"es","@id":"https:\/\/agrupacionespsoe.es\/barajas\/#\/schema\/person\/image\/","url":"https:\/\/secure.gravatar.com\/avatar\/c06772ef0a4626464d2da5b317eff166?s=96&d=mm&r=g","contentUrl":"https:\/\/secure.gravatar.com\/avatar\/c06772ef0a4626464d2da5b317eff166?s=96&d=mm&r=g","caption":"barajas2"},"url":"https:\/\/agrupacionespsoe.es\/barajas\/author\/barajas2"}]}},"jetpack_featured_media_url":"https:\/\/agrupacionespsoe.es\/barajas\/wp-content\/uploads\/sites\/177\/2022\/07\/Centro-de-Salud-Barajas-e1710095621972.jpg","jetpack_sharing_enabled":true,"_links":{"self":[{"href":"https:\/\/agrupacionespsoe.es\/barajas\/wp-json\/wp\/v2\/posts\/225","targetHints":{"allow":["GET"]}}],"collection":[{"href":"https:\/\/agrupacionespsoe.es\/barajas\/wp-json\/wp\/v2\/posts"}],"about":[{"href":"https:\/\/agrupacionespsoe.es\/barajas\/wp-json\/wp\/v2\/types\/post"}],"author":[{"embeddable":true,"href":"https:\/\/agrupacionespsoe.es\/barajas\/wp-json\/wp\/v2\/users\/261"}],"replies":[{"embeddable":true,"href":"https:\/\/agrupacionespsoe.es\/barajas\/wp-json\/wp\/v2\/comments?post=225"}],"version-history":[{"count":2,"href":"https:\/\/agrupacionespsoe.es\/barajas\/wp-json\/wp\/v2\/posts\/225\/revisions"}],"predecessor-version":[{"id":363,"href":"https:\/\/agrupacionespsoe.es\/barajas\/wp-json\/wp\/v2\/posts\/225\/revisions\/363"}],"wp:featuredmedia":[{"embeddable":true,"href":"https:\/\/agrupacionespsoe.es\/barajas\/wp-json\/wp\/v2\/media\/364"}],"wp:attachment":[{"href":"https:\/\/agrupacionespsoe.es\/barajas\/wp-json\/wp\/v2\/media?parent=225"}],"wp:term":[{"taxonomy":"category","embeddable":true,"href":"https:\/\/agrupacionespsoe.es\/barajas\/wp-json\/wp\/v2\/categories?post=225"},{"taxonomy":"post_tag","embeddable":true,"href":"https:\/\/agrupacionespsoe.es\/barajas\/wp-json\/wp\/v2\/tags?post=225"}],"curies":[{"name":"wp","href":"https:\/\/api.w.org\/{rel}","templated":true}]}}