{"id":175,"date":"2023-09-30T13:15:00","date_gmt":"2023-09-30T13:15:00","guid":{"rendered":"https:\/\/agrupacionespsoe.es\/barajas\/?p=175"},"modified":"2024-01-30T14:11:05","modified_gmt":"2024-01-30T14:11:05","slug":"mesa-informativa-de-educacion-en-el-mercadillo-de-barajas","status":"publish","type":"post","link":"https:\/\/agrupacionespsoe.es\/barajas\/noticias\/mesa-informativa-de-educacion-en-el-mercadillo-de-barajas","title":{"rendered":"Mesa informativa de Educaci\u00f3n en el Mercadillo de Barajas"},"content":{"rendered":"\n<p>Esta ma\u00f1ana hemos compartido con los vecinos y vecinas de Barajas las propuestas en  materia de educaci\u00f3n <a href=\"https:\/\/www.psoemadrid.es\/psoe-madrid\/juan-lobato-presenta-las-propuestas-de-mejora-de-la-educacion-en-la-comunidad-de-madrid\/\" target=\"_blank\" rel=\"noreferrer noopener\">presentadas por Juan Lobato y el PSOE-M<\/a>.<\/p>\n\n\n\n<p>Una apuesta porque sea la educaci\u00f3n p\u00fablica la que apueste por ofrecer servicios como comedor escolar gratuito para familias con ingresos de hasta 35.000 \u20ac o el refuerzo de orientadores y psic\u00f3logos en los centros.<\/p>\n\n\n<div align=\"center\">\n<blockquote class=\"twitter-tweet\">\n<p lang=\"es\" dir=\"ltr\">\u00bfYa te has levantado de la siesta \ud83e\udd71?<\/p>\n<p>\u00a1Pues entonces ya puedes ver lo que ha dado de s\u00ed nuestra ma\u00f1ana en el <a href=\"https:\/\/twitter.com\/hashtag\/MercadilloBarajas?src=hash&amp;ref_src=twsrc%5Etfw\">#MercadilloBarajas<\/a> explicando las propuestas en <a href=\"https:\/\/twitter.com\/hashtag\/educaci%C3%B3n?src=hash&amp;ref_src=twsrc%5Etfw\">#educaci\u00f3n<\/a> \ud83d\udc69\u200d\ud83c\udfeb de <a href=\"https:\/\/twitter.com\/juanlobato_es?ref_src=twsrc%5Etfw\">@juanlobato_es<\/a> y el <a href=\"https:\/\/twitter.com\/psoe_m?ref_src=twsrc%5Etfw\">@psoe_m<\/a>!<\/p>\n<p>En detalle \ud83d\udc49 <a href=\"https:\/\/t.co\/dzIMnCLJk6\">https:\/\/t.co\/dzIMnCLJk6<\/a><a href=\"https:\/\/twitter.com\/hashtag\/Barajas?src=hash&amp;ref_src=twsrc%5Etfw\">#Barajas<\/a> <a href=\"https:\/\/twitter.com\/hashtag\/DistritoBarajas?src=hash&amp;ref_src=twsrc%5Etfw\">#DistritoBarajas<\/a> <a href=\"https:\/\/t.co\/WlmgQB52Pm\">pic.twitter.com\/WlmgQB52Pm<\/a><\/p>\n<p>\u2014 PSOE Barajas \/\u2764 (@PSOEBarajas) <a href=\"https:\/\/twitter.com\/PSOEBarajas\/status\/1708177535572308464?ref_src=twsrc%5Etfw\">September 30, 2023<\/a><\/p><\/blockquote>\n<p> \n<\/p>\n<\/div>","protected":false},"excerpt":{"rendered":"<p>Esta ma\u00f1ana hemos compartido con los vecinos y vecinas de Barajas las propuestas en  materia de educaci\u00f3n presentadas por Juan Lobato y el PSOE-M.<\/p>\n","protected":false},"author":261,"featured_media":176,"comment_status":"open","ping_status":"open","sticky":false,"template":"","format":"standard","meta":{"_jetpack_memberships_contains_paid_content":false,"footnotes":""},"categories":[6],"tags":[],"class_list":["post-175","post","type-post","status-publish","format-standard","has-post-thumbnail","hentry","category-noticias"],"yoast_head":"<!-- This site is optimized with the Yoast SEO plugin v24.0 - https:\/\/yoast.com\/wordpress\/plugins\/seo\/ -->\n<title>Mesa informativa de Educaci\u00f3n en el Mercadillo de Barajas - Agrupaci\u00f3n Socialista de Barajas<\/title>\n<meta name=\"robots\" content=\"index, follow, max-snippet:-1, max-image-preview:large, max-video-preview:-1\" \/>\n<link rel=\"canonical\" href=\"https:\/\/agrupacionespsoe.es\/barajas\/noticias\/mesa-informativa-de-educacion-en-el-mercadillo-de-barajas\" \/>\n<meta property=\"og:locale\" content=\"es_ES\" \/>\n<meta property=\"og:type\" content=\"article\" \/>\n<meta property=\"og:title\" content=\"Mesa informativa de Educaci\u00f3n en el Mercadillo de Barajas - Agrupaci\u00f3n Socialista de Barajas\" \/>\n<meta property=\"og:description\" content=\"Esta ma\u00f1ana hemos compartido con los vecinos y vecinas de Barajas las propuestas en materia de educaci\u00f3n presentadas por Juan Lobato y el PSOE-M.\" \/>\n<meta property=\"og:url\" content=\"https:\/\/agrupacionespsoe.es\/barajas\/noticias\/mesa-informativa-de-educacion-en-el-mercadillo-de-barajas\" \/>\n<meta property=\"og:site_name\" content=\"Agrupaci\u00f3n Socialista de Barajas\" \/>\n<meta property=\"article:published_time\" content=\"2023-09-30T13:15:00+00:00\" \/>\n<meta property=\"article:modified_time\" content=\"2024-01-30T14:11:05+00:00\" \/>\n<meta property=\"og:image\" content=\"https:\/\/agrupacionespsoe.es\/barajas\/wp-content\/uploads\/sites\/177\/2023\/10\/2023.09.30-Mesa-informativa-sobre-Educacion-en-el-mercadillo-01.jpg\" \/>\n\t<meta property=\"og:image:width\" content=\"1920\" \/>\n\t<meta property=\"og:image:height\" content=\"1280\" \/>\n\t<meta property=\"og:image:type\" content=\"image\/jpeg\" \/>\n<meta name=\"author\" content=\"barajas2\" \/>\n<meta name=\"twitter:card\" content=\"summary_large_image\" \/>\n<meta name=\"twitter:label1\" content=\"Escrito por\" \/>\n\t<meta name=\"twitter:data1\" content=\"barajas2\" \/>\n\t<meta name=\"twitter:label2\" content=\"Tiempo de lectura\" \/>\n\t<meta name=\"twitter:data2\" content=\"1 minuto\" \/>\n<script type=\"application\/ld+json\" class=\"yoast-schema-graph\">{\"@context\":\"https:\/\/schema.org\",\"@graph\":[{\"@type\":\"Article\",\"@id\":\"https:\/\/agrupacionespsoe.es\/barajas\/noticias\/mesa-informativa-de-educacion-en-el-mercadillo-de-barajas#article\",\"isPartOf\":{\"@id\":\"https:\/\/agrupacionespsoe.es\/barajas\/noticias\/mesa-informativa-de-educacion-en-el-mercadillo-de-barajas\"},\"author\":{\"name\":\"barajas2\",\"@id\":\"https:\/\/agrupacionespsoe.es\/barajas\/#\/schema\/person\/6b35519e3c1467d433035feda3e759f7\"},\"headline\":\"Mesa informativa de Educaci\u00f3n en el Mercadillo de Barajas\",\"datePublished\":\"2023-09-30T13:15:00+00:00\",\"dateModified\":\"2024-01-30T14:11:05+00:00\",\"mainEntityOfPage\":{\"@id\":\"https:\/\/agrupacionespsoe.es\/barajas\/noticias\/mesa-informativa-de-educacion-en-el-mercadillo-de-barajas\"},\"wordCount\":126,\"commentCount\":0,\"publisher\":{\"@id\":\"https:\/\/agrupacionespsoe.es\/barajas\/#organization\"},\"image\":{\"@id\":\"https:\/\/agrupacionespsoe.es\/barajas\/noticias\/mesa-informativa-de-educacion-en-el-mercadillo-de-barajas#primaryimage\"},\"thumbnailUrl\":\"https:\/\/agrupacionespsoe.es\/barajas\/wp-content\/uploads\/sites\/177\/2023\/10\/2023.09.30-Mesa-informativa-sobre-Educacion-en-el-mercadillo-01.jpg\",\"articleSection\":[\"Noticias\"],\"inLanguage\":\"es\",\"potentialAction\":[{\"@type\":\"CommentAction\",\"name\":\"Comment\",\"target\":[\"https:\/\/agrupacionespsoe.es\/barajas\/noticias\/mesa-informativa-de-educacion-en-el-mercadillo-de-barajas#respond\"]}]},{\"@type\":\"WebPage\",\"@id\":\"https:\/\/agrupacionespsoe.es\/barajas\/noticias\/mesa-informativa-de-educacion-en-el-mercadillo-de-barajas\",\"url\":\"https:\/\/agrupacionespsoe.es\/barajas\/noticias\/mesa-informativa-de-educacion-en-el-mercadillo-de-barajas\",\"name\":\"Mesa informativa de Educaci\u00f3n en el Mercadillo de Barajas - Agrupaci\u00f3n Socialista de Barajas\",\"isPartOf\":{\"@id\":\"https:\/\/agrupacionespsoe.es\/barajas\/#website\"},\"primaryImageOfPage\":{\"@id\":\"https:\/\/agrupacionespsoe.es\/barajas\/noticias\/mesa-informativa-de-educacion-en-el-mercadillo-de-barajas#primaryimage\"},\"image\":{\"@id\":\"https:\/\/agrupacionespsoe.es\/barajas\/noticias\/mesa-informativa-de-educacion-en-el-mercadillo-de-barajas#primaryimage\"},\"thumbnailUrl\":\"https:\/\/agrupacionespsoe.es\/barajas\/wp-content\/uploads\/sites\/177\/2023\/10\/2023.09.30-Mesa-informativa-sobre-Educacion-en-el-mercadillo-01.jpg\",\"datePublished\":\"2023-09-30T13:15:00+00:00\",\"dateModified\":\"2024-01-30T14:11:05+00:00\",\"breadcrumb\":{\"@id\":\"https:\/\/agrupacionespsoe.es\/barajas\/noticias\/mesa-informativa-de-educacion-en-el-mercadillo-de-barajas#breadcrumb\"},\"inLanguage\":\"es\",\"potentialAction\":[{\"@type\":\"ReadAction\",\"target\":[\"https:\/\/agrupacionespsoe.es\/barajas\/noticias\/mesa-informativa-de-educacion-en-el-mercadillo-de-barajas\"]}]},{\"@type\":\"ImageObject\",\"inLanguage\":\"es\",\"@id\":\"https:\/\/agrupacionespsoe.es\/barajas\/noticias\/mesa-informativa-de-educacion-en-el-mercadillo-de-barajas#primaryimage\",\"url\":\"https:\/\/agrupacionespsoe.es\/barajas\/wp-content\/uploads\/sites\/177\/2023\/10\/2023.09.30-Mesa-informativa-sobre-Educacion-en-el-mercadillo-01.jpg\",\"contentUrl\":\"https:\/\/agrupacionespsoe.es\/barajas\/wp-content\/uploads\/sites\/177\/2023\/10\/2023.09.30-Mesa-informativa-sobre-Educacion-en-el-mercadillo-01.jpg\",\"width\":1920,\"height\":1280},{\"@type\":\"BreadcrumbList\",\"@id\":\"https:\/\/agrupacionespsoe.es\/barajas\/noticias\/mesa-informativa-de-educacion-en-el-mercadillo-de-barajas#breadcrumb\",\"itemListElement\":[{\"@type\":\"ListItem\",\"position\":1,\"name\":\"Portada\",\"item\":\"https:\/\/agrupacionespsoe.es\/barajas\/\"},{\"@type\":\"ListItem\",\"position\":2,\"name\":\"Mesa informativa de Educaci\u00f3n en el Mercadillo de Barajas\"}]},{\"@type\":\"WebSite\",\"@id\":\"https:\/\/agrupacionespsoe.es\/barajas\/#website\",\"url\":\"https:\/\/agrupacionespsoe.es\/barajas\/\",\"name\":\"Agrupaci\u00f3n Socialista de Barajas\",\"description\":\"Agrupaci\u00f3n Socialista de Barajas\",\"publisher\":{\"@id\":\"https:\/\/agrupacionespsoe.es\/barajas\/#organization\"},\"potentialAction\":[{\"@type\":\"SearchAction\",\"target\":{\"@type\":\"EntryPoint\",\"urlTemplate\":\"https:\/\/agrupacionespsoe.es\/barajas\/?s={search_term_string}\"},\"query-input\":{\"@type\":\"PropertyValueSpecification\",\"valueRequired\":true,\"valueName\":\"search_term_string\"}}],\"inLanguage\":\"es\"},{\"@type\":\"Organization\",\"@id\":\"https:\/\/agrupacionespsoe.es\/barajas\/#organization\",\"name\":\"Agrupaci\u00f3n Socialista de Barajas\",\"url\":\"https:\/\/agrupacionespsoe.es\/barajas\/\",\"logo\":{\"@type\":\"ImageObject\",\"inLanguage\":\"es\",\"@id\":\"https:\/\/agrupacionespsoe.es\/barajas\/#\/schema\/logo\/image\/\",\"url\":\"https:\/\/agrupacionespsoe.es\/wp-content\/uploads\/2022\/07\/Logotipo_electoral_del_PSOE.png\",\"contentUrl\":\"https:\/\/agrupacionespsoe.es\/wp-content\/uploads\/2022\/07\/Logotipo_electoral_del_PSOE.png\",\"width\":422,\"height\":422,\"caption\":\"Agrupaci\u00f3n Socialista de Barajas\"},\"image\":{\"@id\":\"https:\/\/agrupacionespsoe.es\/barajas\/#\/schema\/logo\/image\/\"}},{\"@type\":\"Person\",\"@id\":\"https:\/\/agrupacionespsoe.es\/barajas\/#\/schema\/person\/6b35519e3c1467d433035feda3e759f7\",\"name\":\"barajas2\",\"image\":{\"@type\":\"ImageObject\",\"inLanguage\":\"es\",\"@id\":\"https:\/\/agrupacionespsoe.es\/barajas\/#\/schema\/person\/image\/\",\"url\":\"https:\/\/secure.gravatar.com\/avatar\/c06772ef0a4626464d2da5b317eff166?s=96&d=mm&r=g\",\"contentUrl\":\"https:\/\/secure.gravatar.com\/avatar\/c06772ef0a4626464d2da5b317eff166?s=96&d=mm&r=g\",\"caption\":\"barajas2\"},\"url\":\"https:\/\/agrupacionespsoe.es\/barajas\/author\/barajas2\"}]}<\/script>\n<!-- \/ Yoast SEO plugin. -->","yoast_head_json":{"title":"Mesa informativa de Educaci\u00f3n en el Mercadillo de Barajas - Agrupaci\u00f3n Socialista de Barajas","robots":{"index":"index","follow":"follow","max-snippet":"max-snippet:-1","max-image-preview":"max-image-preview:large","max-video-preview":"max-video-preview:-1"},"canonical":"https:\/\/agrupacionespsoe.es\/barajas\/noticias\/mesa-informativa-de-educacion-en-el-mercadillo-de-barajas","og_locale":"es_ES","og_type":"article","og_title":"Mesa informativa de Educaci\u00f3n en el Mercadillo de Barajas - Agrupaci\u00f3n Socialista de Barajas","og_description":"Esta ma\u00f1ana hemos compartido con los vecinos y vecinas de Barajas las propuestas en materia de educaci\u00f3n presentadas por Juan Lobato y el PSOE-M.","og_url":"https:\/\/agrupacionespsoe.es\/barajas\/noticias\/mesa-informativa-de-educacion-en-el-mercadillo-de-barajas","og_site_name":"Agrupaci\u00f3n Socialista de Barajas","article_published_time":"2023-09-30T13:15:00+00:00","article_modified_time":"2024-01-30T14:11:05+00:00","og_image":[{"width":1920,"height":1280,"url":"https:\/\/agrupacionespsoe.es\/barajas\/wp-content\/uploads\/sites\/177\/2023\/10\/2023.09.30-Mesa-informativa-sobre-Educacion-en-el-mercadillo-01.jpg","type":"image\/jpeg"}],"author":"barajas2","twitter_card":"summary_large_image","twitter_misc":{"Escrito por":"barajas2","Tiempo de lectura":"1 minuto"},"schema":{"@context":"https:\/\/schema.org","@graph":[{"@type":"Article","@id":"https:\/\/agrupacionespsoe.es\/barajas\/noticias\/mesa-informativa-de-educacion-en-el-mercadillo-de-barajas#article","isPartOf":{"@id":"https:\/\/agrupacionespsoe.es\/barajas\/noticias\/mesa-informativa-de-educacion-en-el-mercadillo-de-barajas"},"author":{"name":"barajas2","@id":"https:\/\/agrupacionespsoe.es\/barajas\/#\/schema\/person\/6b35519e3c1467d433035feda3e759f7"},"headline":"Mesa informativa de Educaci\u00f3n en el Mercadillo de Barajas","datePublished":"2023-09-30T13:15:00+00:00","dateModified":"2024-01-30T14:11:05+00:00","mainEntityOfPage":{"@id":"https:\/\/agrupacionespsoe.es\/barajas\/noticias\/mesa-informativa-de-educacion-en-el-mercadillo-de-barajas"},"wordCount":126,"commentCount":0,"publisher":{"@id":"https:\/\/agrupacionespsoe.es\/barajas\/#organization"},"image":{"@id":"https:\/\/agrupacionespsoe.es\/barajas\/noticias\/mesa-informativa-de-educacion-en-el-mercadillo-de-barajas#primaryimage"},"thumbnailUrl":"https:\/\/agrupacionespsoe.es\/barajas\/wp-content\/uploads\/sites\/177\/2023\/10\/2023.09.30-Mesa-informativa-sobre-Educacion-en-el-mercadillo-01.jpg","articleSection":["Noticias"],"inLanguage":"es","potentialAction":[{"@type":"CommentAction","name":"Comment","target":["https:\/\/agrupacionespsoe.es\/barajas\/noticias\/mesa-informativa-de-educacion-en-el-mercadillo-de-barajas#respond"]}]},{"@type":"WebPage","@id":"https:\/\/agrupacionespsoe.es\/barajas\/noticias\/mesa-informativa-de-educacion-en-el-mercadillo-de-barajas","url":"https:\/\/agrupacionespsoe.es\/barajas\/noticias\/mesa-informativa-de-educacion-en-el-mercadillo-de-barajas","name":"Mesa informativa de Educaci\u00f3n en el Mercadillo de Barajas - Agrupaci\u00f3n Socialista de Barajas","isPartOf":{"@id":"https:\/\/agrupacionespsoe.es\/barajas\/#website"},"primaryImageOfPage":{"@id":"https:\/\/agrupacionespsoe.es\/barajas\/noticias\/mesa-informativa-de-educacion-en-el-mercadillo-de-barajas#primaryimage"},"image":{"@id":"https:\/\/agrupacionespsoe.es\/barajas\/noticias\/mesa-informativa-de-educacion-en-el-mercadillo-de-barajas#primaryimage"},"thumbnailUrl":"https:\/\/agrupacionespsoe.es\/barajas\/wp-content\/uploads\/sites\/177\/2023\/10\/2023.09.30-Mesa-informativa-sobre-Educacion-en-el-mercadillo-01.jpg","datePublished":"2023-09-30T13:15:00+00:00","dateModified":"2024-01-30T14:11:05+00:00","breadcrumb":{"@id":"https:\/\/agrupacionespsoe.es\/barajas\/noticias\/mesa-informativa-de-educacion-en-el-mercadillo-de-barajas#breadcrumb"},"inLanguage":"es","potentialAction":[{"@type":"ReadAction","target":["https:\/\/agrupacionespsoe.es\/barajas\/noticias\/mesa-informativa-de-educacion-en-el-mercadillo-de-barajas"]}]},{"@type":"ImageObject","inLanguage":"es","@id":"https:\/\/agrupacionespsoe.es\/barajas\/noticias\/mesa-informativa-de-educacion-en-el-mercadillo-de-barajas#primaryimage","url":"https:\/\/agrupacionespsoe.es\/barajas\/wp-content\/uploads\/sites\/177\/2023\/10\/2023.09.30-Mesa-informativa-sobre-Educacion-en-el-mercadillo-01.jpg","contentUrl":"https:\/\/agrupacionespsoe.es\/barajas\/wp-content\/uploads\/sites\/177\/2023\/10\/2023.09.30-Mesa-informativa-sobre-Educacion-en-el-mercadillo-01.jpg","width":1920,"height":1280},{"@type":"BreadcrumbList","@id":"https:\/\/agrupacionespsoe.es\/barajas\/noticias\/mesa-informativa-de-educacion-en-el-mercadillo-de-barajas#breadcrumb","itemListElement":[{"@type":"ListItem","position":1,"name":"Portada","item":"https:\/\/agrupacionespsoe.es\/barajas\/"},{"@type":"ListItem","position":2,"name":"Mesa informativa de Educaci\u00f3n en el Mercadillo de Barajas"}]},{"@type":"WebSite","@id":"https:\/\/agrupacionespsoe.es\/barajas\/#website","url":"https:\/\/agrupacionespsoe.es\/barajas\/","name":"Agrupaci\u00f3n Socialista de Barajas","description":"Agrupaci\u00f3n Socialista de Barajas","publisher":{"@id":"https:\/\/agrupacionespsoe.es\/barajas\/#organization"},"potentialAction":[{"@type":"SearchAction","target":{"@type":"EntryPoint","urlTemplate":"https:\/\/agrupacionespsoe.es\/barajas\/?s={search_term_string}"},"query-input":{"@type":"PropertyValueSpecification","valueRequired":true,"valueName":"search_term_string"}}],"inLanguage":"es"},{"@type":"Organization","@id":"https:\/\/agrupacionespsoe.es\/barajas\/#organization","name":"Agrupaci\u00f3n Socialista de Barajas","url":"https:\/\/agrupacionespsoe.es\/barajas\/","logo":{"@type":"ImageObject","inLanguage":"es","@id":"https:\/\/agrupacionespsoe.es\/barajas\/#\/schema\/logo\/image\/","url":"https:\/\/agrupacionespsoe.es\/wp-content\/uploads\/2022\/07\/Logotipo_electoral_del_PSOE.png","contentUrl":"https:\/\/agrupacionespsoe.es\/wp-content\/uploads\/2022\/07\/Logotipo_electoral_del_PSOE.png","width":422,"height":422,"caption":"Agrupaci\u00f3n Socialista de Barajas"},"image":{"@id":"https:\/\/agrupacionespsoe.es\/barajas\/#\/schema\/logo\/image\/"}},{"@type":"Person","@id":"https:\/\/agrupacionespsoe.es\/barajas\/#\/schema\/person\/6b35519e3c1467d433035feda3e759f7","name":"barajas2","image":{"@type":"ImageObject","inLanguage":"es","@id":"https:\/\/agrupacionespsoe.es\/barajas\/#\/schema\/person\/image\/","url":"https:\/\/secure.gravatar.com\/avatar\/c06772ef0a4626464d2da5b317eff166?s=96&d=mm&r=g","contentUrl":"https:\/\/secure.gravatar.com\/avatar\/c06772ef0a4626464d2da5b317eff166?s=96&d=mm&r=g","caption":"barajas2"},"url":"https:\/\/agrupacionespsoe.es\/barajas\/author\/barajas2"}]}},"jetpack_featured_media_url":"https:\/\/agrupacionespsoe.es\/barajas\/wp-content\/uploads\/sites\/177\/2023\/10\/2023.09.30-Mesa-informativa-sobre-Educacion-en-el-mercadillo-01.jpg","jetpack_sharing_enabled":true,"_links":{"self":[{"href":"https:\/\/agrupacionespsoe.es\/barajas\/wp-json\/wp\/v2\/posts\/175","targetHints":{"allow":["GET"]}}],"collection":[{"href":"https:\/\/agrupacionespsoe.es\/barajas\/wp-json\/wp\/v2\/posts"}],"about":[{"href":"https:\/\/agrupacionespsoe.es\/barajas\/wp-json\/wp\/v2\/types\/post"}],"author":[{"embeddable":true,"href":"https:\/\/agrupacionespsoe.es\/barajas\/wp-json\/wp\/v2\/users\/261"}],"replies":[{"embeddable":true,"href":"https:\/\/agrupacionespsoe.es\/barajas\/wp-json\/wp\/v2\/comments?post=175"}],"version-history":[{"count":5,"href":"https:\/\/agrupacionespsoe.es\/barajas\/wp-json\/wp\/v2\/posts\/175\/revisions"}],"predecessor-version":[{"id":361,"href":"https:\/\/agrupacionespsoe.es\/barajas\/wp-json\/wp\/v2\/posts\/175\/revisions\/361"}],"wp:featuredmedia":[{"embeddable":true,"href":"https:\/\/agrupacionespsoe.es\/barajas\/wp-json\/wp\/v2\/media\/176"}],"wp:attachment":[{"href":"https:\/\/agrupacionespsoe.es\/barajas\/wp-json\/wp\/v2\/media?parent=175"}],"wp:term":[{"taxonomy":"category","embeddable":true,"href":"https:\/\/agrupacionespsoe.es\/barajas\/wp-json\/wp\/v2\/categories?post=175"},{"taxonomy":"post_tag","embeddable":true,"href":"https:\/\/agrupacionespsoe.es\/barajas\/wp-json\/wp\/v2\/tags?post=175"}],"curies":[{"name":"wp","href":"https:\/\/api.w.org\/{rel}","templated":true}]}}