{"id":934,"date":"2024-10-22T14:34:38","date_gmt":"2024-10-22T12:34:38","guid":{"rendered":"https:\/\/agrupacionespsoe.es\/acoruna\/?p=934"},"modified":"2025-10-21T17:16:50","modified_gmt":"2025-10-21T15:16:50","slug":"os-socialistas-de-santiago-reclaman-mais-chan-industrial-e-partidas-sociais-para-a-comarca-nos-orzamentos-da-xunta","status":"publish","type":"post","link":"https:\/\/agrupacionespsoe.es\/acoruna\/os-socialistas-de-santiago-reclaman-mais-chan-industrial-e-partidas-sociais-para-a-comarca-nos-orzamentos-da-xunta\/","title":{"rendered":"Os socialistas de Santiago reclaman &#8220;m\u00e1is chan industrial e partidas sociais para a comarca nos orzamentos da Xunta&#8221;"},"content":{"rendered":"\n<p>Os socialistas da Santiago consideran \u201cdecepcionanes\u201d os orzamentos da Xunta de Galicia para o ano 2025, feitos p\u00fablicos onte, \u201cxa que non miran para a nosa comarca, non atenden as nosas necesidades\u201d.<\/p>\n\n\n\n<p>\u201cNin m\u00e1is chan industrial, nin m\u00e1is vivenda p\u00fablica, nin melloras nas infraestruturas nin aposta polas pol\u00edticas sociais\u201d, sost\u00e9n Patricia Iglesias, deputada da responsable da comarca de Santiago no grupo dos socialistas no Parlamento de Galicia.<\/p>\n\n\n\n<p>\u201cAs contas auton\u00f3micas tampouco recollen melloras na sanidade p\u00fablica nin nos centros educativos\u201d, engade.<\/p>\n\n\n\n<p>\u201cNingunha das demandas do PSOE de Santiago te\u00f1en cabida nas contas da Xunta para mellorar as infraestruturas e servizos da comarca\u201d, remata.<\/p>\n","protected":false},"excerpt":{"rendered":"<p>Os socialistas da Santiago consideran \u201cdecepcionanes\u201d os orzamentos da Xunta de Galicia para o ano 2025, feitos p\u00fablicos onte, \u201cxa que non miran para a nosa comarca, non atenden as nosas necesidades\u201d. \u201cNin m\u00e1is chan industrial, nin m\u00e1is vivenda p\u00fablica, nin melloras nas infraestruturas nin aposta polas pol\u00edticas sociais\u201d, sost\u00e9n Patricia Iglesias, deputada da responsable &#8230;<\/p>\n","protected":false},"author":288,"featured_media":935,"comment_status":"open","ping_status":"open","sticky":false,"template":"","format":"standard","meta":{"_jetpack_memberships_contains_paid_content":false,"footnotes":""},"categories":[163,2,62,56,68,111],"tags":[60,287,50,54,22],"class_list":["post-934","post","type-post","status-publish","format-standard","has-post-thumbnail","hentry","category-agrupacion-provincial-da-coruna","category-economia-gl","category-industria","category-infraestruturas","category-parlamento-de-galicia","category-xunta-de-galicia","tag-industria","tag-orzamentos","tag-parlamento-de-galicia","tag-patricia-iglesias","tag-psdeg-psoe"],"yoast_head":"<!-- This site is optimized with the Yoast SEO plugin v24.0 - https:\/\/yoast.com\/wordpress\/plugins\/seo\/ -->\n<title>Os socialistas de Santiago reclaman &quot;m\u00e1is chan industrial e partidas sociais para a comarca nos orzamentos da Xunta&quot; - Agrupaci\u00f3n Provincial da Coru\u00f1a PSOE<\/title>\n<meta name=\"robots\" content=\"index, follow, max-snippet:-1, max-image-preview:large, max-video-preview:-1\" \/>\n<link rel=\"canonical\" href=\"https:\/\/agrupacionespsoe.es\/acoruna\/os-socialistas-de-santiago-reclaman-mais-chan-industrial-e-partidas-sociais-para-a-comarca-nos-orzamentos-da-xunta\/\" \/>\n<meta property=\"og:locale\" content=\"es_ES\" \/>\n<meta property=\"og:type\" content=\"article\" \/>\n<meta property=\"og:title\" content=\"Os socialistas de Santiago reclaman &quot;m\u00e1is chan industrial e partidas sociais para a comarca nos orzamentos da Xunta&quot; - Agrupaci\u00f3n Provincial da Coru\u00f1a PSOE\" \/>\n<meta property=\"og:description\" content=\"Os socialistas da Santiago consideran \u201cdecepcionanes\u201d os orzamentos da Xunta de Galicia para o ano 2025, feitos p\u00fablicos onte, \u201cxa que non miran para a nosa comarca, non atenden as nosas necesidades\u201d. \u201cNin m\u00e1is chan industrial, nin m\u00e1is vivenda p\u00fablica, nin melloras nas infraestruturas nin aposta polas pol\u00edticas sociais\u201d, sost\u00e9n Patricia Iglesias, deputada da responsable ...\" \/>\n<meta property=\"og:url\" content=\"https:\/\/agrupacionespsoe.es\/acoruna\/os-socialistas-de-santiago-reclaman-mais-chan-industrial-e-partidas-sociais-para-a-comarca-nos-orzamentos-da-xunta\/\" \/>\n<meta property=\"og:site_name\" content=\"Agrupaci\u00f3n Provincial da Coru\u00f1a PSOE\" \/>\n<meta property=\"article:published_time\" content=\"2024-10-22T12:34:38+00:00\" \/>\n<meta property=\"article:modified_time\" content=\"2025-10-21T15:16:50+00:00\" \/>\n<meta property=\"og:image\" content=\"https:\/\/agrupacionespsoe.es\/acoruna\/wp-content\/uploads\/sites\/198\/2024\/10\/Patricia-Iglesias-021024-02-1200x675-1.jpg\" \/>\n\t<meta property=\"og:image:width\" content=\"1200\" \/>\n\t<meta property=\"og:image:height\" content=\"675\" \/>\n\t<meta property=\"og:image:type\" content=\"image\/jpeg\" \/>\n<meta name=\"author\" content=\"acoruna3\" \/>\n<meta name=\"twitter:card\" content=\"summary_large_image\" \/>\n<meta name=\"twitter:label1\" content=\"Escrito por\" \/>\n\t<meta name=\"twitter:data1\" content=\"acoruna3\" \/>\n\t<meta name=\"twitter:label2\" content=\"Tiempo de lectura\" \/>\n\t<meta name=\"twitter:data2\" content=\"1 minuto\" \/>\n<script type=\"application\/ld+json\" class=\"yoast-schema-graph\">{\"@context\":\"https:\/\/schema.org\",\"@graph\":[{\"@type\":\"Article\",\"@id\":\"https:\/\/agrupacionespsoe.es\/acoruna\/os-socialistas-de-santiago-reclaman-mais-chan-industrial-e-partidas-sociais-para-a-comarca-nos-orzamentos-da-xunta\/#article\",\"isPartOf\":{\"@id\":\"https:\/\/agrupacionespsoe.es\/acoruna\/os-socialistas-de-santiago-reclaman-mais-chan-industrial-e-partidas-sociais-para-a-comarca-nos-orzamentos-da-xunta\/\"},\"author\":{\"name\":\"acoruna3\",\"@id\":\"https:\/\/agrupacionespsoe.es\/acoruna\/#\/schema\/person\/05f45136513aefe68f9f17f00bea655b\"},\"headline\":\"Os socialistas de Santiago reclaman &#8220;m\u00e1is chan industrial e partidas sociais para a comarca nos orzamentos da Xunta&#8221;\",\"datePublished\":\"2024-10-22T12:34:38+00:00\",\"dateModified\":\"2025-10-21T15:16:50+00:00\",\"mainEntityOfPage\":{\"@id\":\"https:\/\/agrupacionespsoe.es\/acoruna\/os-socialistas-de-santiago-reclaman-mais-chan-industrial-e-partidas-sociais-para-a-comarca-nos-orzamentos-da-xunta\/\"},\"wordCount\":130,\"commentCount\":0,\"publisher\":{\"@id\":\"https:\/\/agrupacionespsoe.es\/acoruna\/#organization\"},\"image\":{\"@id\":\"https:\/\/agrupacionespsoe.es\/acoruna\/os-socialistas-de-santiago-reclaman-mais-chan-industrial-e-partidas-sociais-para-a-comarca-nos-orzamentos-da-xunta\/#primaryimage\"},\"thumbnailUrl\":\"https:\/\/agrupacionespsoe.es\/acoruna\/wp-content\/uploads\/sites\/198\/2024\/10\/Patricia-Iglesias-021024-02-1200x675-1.jpg\",\"keywords\":[\"industria\",\"Orzamentos\",\"Parlamento de Galicia\",\"Patricia Iglesias\",\"PSdeG-PSOE\"],\"articleSection\":[\"Agrupaci\u00f3n Provincial da Coru\u00f1a\",\"Econom\u00eda\",\"Industria\",\"Infraestruturas\",\"Parlamento de Galicia\",\"Xunta de Galicia\"],\"inLanguage\":\"es\",\"potentialAction\":[{\"@type\":\"CommentAction\",\"name\":\"Comment\",\"target\":[\"https:\/\/agrupacionespsoe.es\/acoruna\/os-socialistas-de-santiago-reclaman-mais-chan-industrial-e-partidas-sociais-para-a-comarca-nos-orzamentos-da-xunta\/#respond\"]}]},{\"@type\":\"WebPage\",\"@id\":\"https:\/\/agrupacionespsoe.es\/acoruna\/os-socialistas-de-santiago-reclaman-mais-chan-industrial-e-partidas-sociais-para-a-comarca-nos-orzamentos-da-xunta\/\",\"url\":\"https:\/\/agrupacionespsoe.es\/acoruna\/os-socialistas-de-santiago-reclaman-mais-chan-industrial-e-partidas-sociais-para-a-comarca-nos-orzamentos-da-xunta\/\",\"name\":\"Os socialistas de Santiago reclaman \\\"m\u00e1is chan industrial e partidas sociais para a comarca nos orzamentos da Xunta\\\" - Agrupaci\u00f3n Provincial da Coru\u00f1a PSOE\",\"isPartOf\":{\"@id\":\"https:\/\/agrupacionespsoe.es\/acoruna\/#website\"},\"primaryImageOfPage\":{\"@id\":\"https:\/\/agrupacionespsoe.es\/acoruna\/os-socialistas-de-santiago-reclaman-mais-chan-industrial-e-partidas-sociais-para-a-comarca-nos-orzamentos-da-xunta\/#primaryimage\"},\"image\":{\"@id\":\"https:\/\/agrupacionespsoe.es\/acoruna\/os-socialistas-de-santiago-reclaman-mais-chan-industrial-e-partidas-sociais-para-a-comarca-nos-orzamentos-da-xunta\/#primaryimage\"},\"thumbnailUrl\":\"https:\/\/agrupacionespsoe.es\/acoruna\/wp-content\/uploads\/sites\/198\/2024\/10\/Patricia-Iglesias-021024-02-1200x675-1.jpg\",\"datePublished\":\"2024-10-22T12:34:38+00:00\",\"dateModified\":\"2025-10-21T15:16:50+00:00\",\"breadcrumb\":{\"@id\":\"https:\/\/agrupacionespsoe.es\/acoruna\/os-socialistas-de-santiago-reclaman-mais-chan-industrial-e-partidas-sociais-para-a-comarca-nos-orzamentos-da-xunta\/#breadcrumb\"},\"inLanguage\":\"es\",\"potentialAction\":[{\"@type\":\"ReadAction\",\"target\":[\"https:\/\/agrupacionespsoe.es\/acoruna\/os-socialistas-de-santiago-reclaman-mais-chan-industrial-e-partidas-sociais-para-a-comarca-nos-orzamentos-da-xunta\/\"]}]},{\"@type\":\"ImageObject\",\"inLanguage\":\"es\",\"@id\":\"https:\/\/agrupacionespsoe.es\/acoruna\/os-socialistas-de-santiago-reclaman-mais-chan-industrial-e-partidas-sociais-para-a-comarca-nos-orzamentos-da-xunta\/#primaryimage\",\"url\":\"https:\/\/agrupacionespsoe.es\/acoruna\/wp-content\/uploads\/sites\/198\/2024\/10\/Patricia-Iglesias-021024-02-1200x675-1.jpg\",\"contentUrl\":\"https:\/\/agrupacionespsoe.es\/acoruna\/wp-content\/uploads\/sites\/198\/2024\/10\/Patricia-Iglesias-021024-02-1200x675-1.jpg\",\"width\":1200,\"height\":675},{\"@type\":\"BreadcrumbList\",\"@id\":\"https:\/\/agrupacionespsoe.es\/acoruna\/os-socialistas-de-santiago-reclaman-mais-chan-industrial-e-partidas-sociais-para-a-comarca-nos-orzamentos-da-xunta\/#breadcrumb\",\"itemListElement\":[{\"@type\":\"ListItem\",\"position\":1,\"name\":\"Portada\",\"item\":\"https:\/\/agrupacionespsoe.es\/acoruna\/\"},{\"@type\":\"ListItem\",\"position\":2,\"name\":\"Os socialistas de Santiago reclaman \u00abm\u00e1is chan industrial e partidas sociais para a comarca nos orzamentos da Xunta\u00bb\"}]},{\"@type\":\"WebSite\",\"@id\":\"https:\/\/agrupacionespsoe.es\/acoruna\/#website\",\"url\":\"https:\/\/agrupacionespsoe.es\/acoruna\/\",\"name\":\"Agrupaci\u00f3n Provincial da Coru\u00f1a PSOE\",\"description\":\"Provincial PSdeG-PSOE da Coru\u00f1a\",\"publisher\":{\"@id\":\"https:\/\/agrupacionespsoe.es\/acoruna\/#organization\"},\"potentialAction\":[{\"@type\":\"SearchAction\",\"target\":{\"@type\":\"EntryPoint\",\"urlTemplate\":\"https:\/\/agrupacionespsoe.es\/acoruna\/?s={search_term_string}\"},\"query-input\":{\"@type\":\"PropertyValueSpecification\",\"valueRequired\":true,\"valueName\":\"search_term_string\"}}],\"inLanguage\":\"es\"},{\"@type\":\"Organization\",\"@id\":\"https:\/\/agrupacionespsoe.es\/acoruna\/#organization\",\"name\":\"Agrupaci\u00f3n Provincial da Coru\u00f1a PSOE\",\"url\":\"https:\/\/agrupacionespsoe.es\/acoruna\/\",\"logo\":{\"@type\":\"ImageObject\",\"inLanguage\":\"es\",\"@id\":\"https:\/\/agrupacionespsoe.es\/acoruna\/#\/schema\/logo\/image\/\",\"url\":\"https:\/\/agrupacionespsoe.es\/wp-content\/uploads\/2022\/07\/Logotipo_electoral_del_PSOE.png\",\"contentUrl\":\"https:\/\/agrupacionespsoe.es\/wp-content\/uploads\/2022\/07\/Logotipo_electoral_del_PSOE.png\",\"width\":422,\"height\":422,\"caption\":\"Agrupaci\u00f3n Provincial da Coru\u00f1a PSOE\"},\"image\":{\"@id\":\"https:\/\/agrupacionespsoe.es\/acoruna\/#\/schema\/logo\/image\/\"}},{\"@type\":\"Person\",\"@id\":\"https:\/\/agrupacionespsoe.es\/acoruna\/#\/schema\/person\/05f45136513aefe68f9f17f00bea655b\",\"name\":\"acoruna3\",\"image\":{\"@type\":\"ImageObject\",\"inLanguage\":\"es\",\"@id\":\"https:\/\/agrupacionespsoe.es\/acoruna\/#\/schema\/person\/image\/\",\"url\":\"https:\/\/secure.gravatar.com\/avatar\/de46dc2dbe817ec62c4bca660e47fb1a?s=96&d=mm&r=g\",\"contentUrl\":\"https:\/\/secure.gravatar.com\/avatar\/de46dc2dbe817ec62c4bca660e47fb1a?s=96&d=mm&r=g\",\"caption\":\"acoruna3\"},\"url\":\"https:\/\/agrupacionespsoe.es\/acoruna\/author\/acoruna3\/\"}]}<\/script>\n<!-- \/ Yoast SEO plugin. -->","yoast_head_json":{"title":"Os socialistas de Santiago reclaman \"m\u00e1is chan industrial e partidas sociais para a comarca nos orzamentos da Xunta\" - Agrupaci\u00f3n Provincial da Coru\u00f1a PSOE","robots":{"index":"index","follow":"follow","max-snippet":"max-snippet:-1","max-image-preview":"max-image-preview:large","max-video-preview":"max-video-preview:-1"},"canonical":"https:\/\/agrupacionespsoe.es\/acoruna\/os-socialistas-de-santiago-reclaman-mais-chan-industrial-e-partidas-sociais-para-a-comarca-nos-orzamentos-da-xunta\/","og_locale":"es_ES","og_type":"article","og_title":"Os socialistas de Santiago reclaman \"m\u00e1is chan industrial e partidas sociais para a comarca nos orzamentos da Xunta\" - Agrupaci\u00f3n Provincial da Coru\u00f1a PSOE","og_description":"Os socialistas da Santiago consideran \u201cdecepcionanes\u201d os orzamentos da Xunta de Galicia para o ano 2025, feitos p\u00fablicos onte, \u201cxa que non miran para a nosa comarca, non atenden as nosas necesidades\u201d. \u201cNin m\u00e1is chan industrial, nin m\u00e1is vivenda p\u00fablica, nin melloras nas infraestruturas nin aposta polas pol\u00edticas sociais\u201d, sost\u00e9n Patricia Iglesias, deputada da responsable ...","og_url":"https:\/\/agrupacionespsoe.es\/acoruna\/os-socialistas-de-santiago-reclaman-mais-chan-industrial-e-partidas-sociais-para-a-comarca-nos-orzamentos-da-xunta\/","og_site_name":"Agrupaci\u00f3n Provincial da Coru\u00f1a PSOE","article_published_time":"2024-10-22T12:34:38+00:00","article_modified_time":"2025-10-21T15:16:50+00:00","og_image":[{"width":1200,"height":675,"url":"https:\/\/agrupacionespsoe.es\/acoruna\/wp-content\/uploads\/sites\/198\/2024\/10\/Patricia-Iglesias-021024-02-1200x675-1.jpg","type":"image\/jpeg"}],"author":"acoruna3","twitter_card":"summary_large_image","twitter_misc":{"Escrito por":"acoruna3","Tiempo de lectura":"1 minuto"},"schema":{"@context":"https:\/\/schema.org","@graph":[{"@type":"Article","@id":"https:\/\/agrupacionespsoe.es\/acoruna\/os-socialistas-de-santiago-reclaman-mais-chan-industrial-e-partidas-sociais-para-a-comarca-nos-orzamentos-da-xunta\/#article","isPartOf":{"@id":"https:\/\/agrupacionespsoe.es\/acoruna\/os-socialistas-de-santiago-reclaman-mais-chan-industrial-e-partidas-sociais-para-a-comarca-nos-orzamentos-da-xunta\/"},"author":{"name":"acoruna3","@id":"https:\/\/agrupacionespsoe.es\/acoruna\/#\/schema\/person\/05f45136513aefe68f9f17f00bea655b"},"headline":"Os socialistas de Santiago reclaman &#8220;m\u00e1is chan industrial e partidas sociais para a comarca nos orzamentos da Xunta&#8221;","datePublished":"2024-10-22T12:34:38+00:00","dateModified":"2025-10-21T15:16:50+00:00","mainEntityOfPage":{"@id":"https:\/\/agrupacionespsoe.es\/acoruna\/os-socialistas-de-santiago-reclaman-mais-chan-industrial-e-partidas-sociais-para-a-comarca-nos-orzamentos-da-xunta\/"},"wordCount":130,"commentCount":0,"publisher":{"@id":"https:\/\/agrupacionespsoe.es\/acoruna\/#organization"},"image":{"@id":"https:\/\/agrupacionespsoe.es\/acoruna\/os-socialistas-de-santiago-reclaman-mais-chan-industrial-e-partidas-sociais-para-a-comarca-nos-orzamentos-da-xunta\/#primaryimage"},"thumbnailUrl":"https:\/\/agrupacionespsoe.es\/acoruna\/wp-content\/uploads\/sites\/198\/2024\/10\/Patricia-Iglesias-021024-02-1200x675-1.jpg","keywords":["industria","Orzamentos","Parlamento de Galicia","Patricia Iglesias","PSdeG-PSOE"],"articleSection":["Agrupaci\u00f3n Provincial da Coru\u00f1a","Econom\u00eda","Industria","Infraestruturas","Parlamento de Galicia","Xunta de Galicia"],"inLanguage":"es","potentialAction":[{"@type":"CommentAction","name":"Comment","target":["https:\/\/agrupacionespsoe.es\/acoruna\/os-socialistas-de-santiago-reclaman-mais-chan-industrial-e-partidas-sociais-para-a-comarca-nos-orzamentos-da-xunta\/#respond"]}]},{"@type":"WebPage","@id":"https:\/\/agrupacionespsoe.es\/acoruna\/os-socialistas-de-santiago-reclaman-mais-chan-industrial-e-partidas-sociais-para-a-comarca-nos-orzamentos-da-xunta\/","url":"https:\/\/agrupacionespsoe.es\/acoruna\/os-socialistas-de-santiago-reclaman-mais-chan-industrial-e-partidas-sociais-para-a-comarca-nos-orzamentos-da-xunta\/","name":"Os socialistas de Santiago reclaman \"m\u00e1is chan industrial e partidas sociais para a comarca nos orzamentos da Xunta\" - Agrupaci\u00f3n Provincial da Coru\u00f1a PSOE","isPartOf":{"@id":"https:\/\/agrupacionespsoe.es\/acoruna\/#website"},"primaryImageOfPage":{"@id":"https:\/\/agrupacionespsoe.es\/acoruna\/os-socialistas-de-santiago-reclaman-mais-chan-industrial-e-partidas-sociais-para-a-comarca-nos-orzamentos-da-xunta\/#primaryimage"},"image":{"@id":"https:\/\/agrupacionespsoe.es\/acoruna\/os-socialistas-de-santiago-reclaman-mais-chan-industrial-e-partidas-sociais-para-a-comarca-nos-orzamentos-da-xunta\/#primaryimage"},"thumbnailUrl":"https:\/\/agrupacionespsoe.es\/acoruna\/wp-content\/uploads\/sites\/198\/2024\/10\/Patricia-Iglesias-021024-02-1200x675-1.jpg","datePublished":"2024-10-22T12:34:38+00:00","dateModified":"2025-10-21T15:16:50+00:00","breadcrumb":{"@id":"https:\/\/agrupacionespsoe.es\/acoruna\/os-socialistas-de-santiago-reclaman-mais-chan-industrial-e-partidas-sociais-para-a-comarca-nos-orzamentos-da-xunta\/#breadcrumb"},"inLanguage":"es","potentialAction":[{"@type":"ReadAction","target":["https:\/\/agrupacionespsoe.es\/acoruna\/os-socialistas-de-santiago-reclaman-mais-chan-industrial-e-partidas-sociais-para-a-comarca-nos-orzamentos-da-xunta\/"]}]},{"@type":"ImageObject","inLanguage":"es","@id":"https:\/\/agrupacionespsoe.es\/acoruna\/os-socialistas-de-santiago-reclaman-mais-chan-industrial-e-partidas-sociais-para-a-comarca-nos-orzamentos-da-xunta\/#primaryimage","url":"https:\/\/agrupacionespsoe.es\/acoruna\/wp-content\/uploads\/sites\/198\/2024\/10\/Patricia-Iglesias-021024-02-1200x675-1.jpg","contentUrl":"https:\/\/agrupacionespsoe.es\/acoruna\/wp-content\/uploads\/sites\/198\/2024\/10\/Patricia-Iglesias-021024-02-1200x675-1.jpg","width":1200,"height":675},{"@type":"BreadcrumbList","@id":"https:\/\/agrupacionespsoe.es\/acoruna\/os-socialistas-de-santiago-reclaman-mais-chan-industrial-e-partidas-sociais-para-a-comarca-nos-orzamentos-da-xunta\/#breadcrumb","itemListElement":[{"@type":"ListItem","position":1,"name":"Portada","item":"https:\/\/agrupacionespsoe.es\/acoruna\/"},{"@type":"ListItem","position":2,"name":"Os socialistas de Santiago reclaman \u00abm\u00e1is chan industrial e partidas sociais para a comarca nos orzamentos da Xunta\u00bb"}]},{"@type":"WebSite","@id":"https:\/\/agrupacionespsoe.es\/acoruna\/#website","url":"https:\/\/agrupacionespsoe.es\/acoruna\/","name":"Agrupaci\u00f3n Provincial da Coru\u00f1a PSOE","description":"Provincial PSdeG-PSOE da Coru\u00f1a","publisher":{"@id":"https:\/\/agrupacionespsoe.es\/acoruna\/#organization"},"potentialAction":[{"@type":"SearchAction","target":{"@type":"EntryPoint","urlTemplate":"https:\/\/agrupacionespsoe.es\/acoruna\/?s={search_term_string}"},"query-input":{"@type":"PropertyValueSpecification","valueRequired":true,"valueName":"search_term_string"}}],"inLanguage":"es"},{"@type":"Organization","@id":"https:\/\/agrupacionespsoe.es\/acoruna\/#organization","name":"Agrupaci\u00f3n Provincial da Coru\u00f1a PSOE","url":"https:\/\/agrupacionespsoe.es\/acoruna\/","logo":{"@type":"ImageObject","inLanguage":"es","@id":"https:\/\/agrupacionespsoe.es\/acoruna\/#\/schema\/logo\/image\/","url":"https:\/\/agrupacionespsoe.es\/wp-content\/uploads\/2022\/07\/Logotipo_electoral_del_PSOE.png","contentUrl":"https:\/\/agrupacionespsoe.es\/wp-content\/uploads\/2022\/07\/Logotipo_electoral_del_PSOE.png","width":422,"height":422,"caption":"Agrupaci\u00f3n Provincial da Coru\u00f1a PSOE"},"image":{"@id":"https:\/\/agrupacionespsoe.es\/acoruna\/#\/schema\/logo\/image\/"}},{"@type":"Person","@id":"https:\/\/agrupacionespsoe.es\/acoruna\/#\/schema\/person\/05f45136513aefe68f9f17f00bea655b","name":"acoruna3","image":{"@type":"ImageObject","inLanguage":"es","@id":"https:\/\/agrupacionespsoe.es\/acoruna\/#\/schema\/person\/image\/","url":"https:\/\/secure.gravatar.com\/avatar\/de46dc2dbe817ec62c4bca660e47fb1a?s=96&d=mm&r=g","contentUrl":"https:\/\/secure.gravatar.com\/avatar\/de46dc2dbe817ec62c4bca660e47fb1a?s=96&d=mm&r=g","caption":"acoruna3"},"url":"https:\/\/agrupacionespsoe.es\/acoruna\/author\/acoruna3\/"}]}},"jetpack_featured_media_url":"https:\/\/agrupacionespsoe.es\/acoruna\/wp-content\/uploads\/sites\/198\/2024\/10\/Patricia-Iglesias-021024-02-1200x675-1.jpg","jetpack_sharing_enabled":true,"jetpack_likes_enabled":true,"_links":{"self":[{"href":"https:\/\/agrupacionespsoe.es\/acoruna\/wp-json\/wp\/v2\/posts\/934","targetHints":{"allow":["GET"]}}],"collection":[{"href":"https:\/\/agrupacionespsoe.es\/acoruna\/wp-json\/wp\/v2\/posts"}],"about":[{"href":"https:\/\/agrupacionespsoe.es\/acoruna\/wp-json\/wp\/v2\/types\/post"}],"author":[{"embeddable":true,"href":"https:\/\/agrupacionespsoe.es\/acoruna\/wp-json\/wp\/v2\/users\/288"}],"replies":[{"embeddable":true,"href":"https:\/\/agrupacionespsoe.es\/acoruna\/wp-json\/wp\/v2\/comments?post=934"}],"version-history":[{"count":2,"href":"https:\/\/agrupacionespsoe.es\/acoruna\/wp-json\/wp\/v2\/posts\/934\/revisions"}],"predecessor-version":[{"id":971,"href":"https:\/\/agrupacionespsoe.es\/acoruna\/wp-json\/wp\/v2\/posts\/934\/revisions\/971"}],"wp:featuredmedia":[{"embeddable":true,"href":"https:\/\/agrupacionespsoe.es\/acoruna\/wp-json\/wp\/v2\/media\/935"}],"wp:attachment":[{"href":"https:\/\/agrupacionespsoe.es\/acoruna\/wp-json\/wp\/v2\/media?parent=934"}],"wp:term":[{"taxonomy":"category","embeddable":true,"href":"https:\/\/agrupacionespsoe.es\/acoruna\/wp-json\/wp\/v2\/categories?post=934"},{"taxonomy":"post_tag","embeddable":true,"href":"https:\/\/agrupacionespsoe.es\/acoruna\/wp-json\/wp\/v2\/tags?post=934"}],"curies":[{"name":"wp","href":"https:\/\/api.w.org\/{rel}","templated":true}]}}