{"id":817,"date":"2024-09-11T12:28:54","date_gmt":"2024-09-11T10:28:54","guid":{"rendered":"https:\/\/agrupacionespsoe.es\/acoruna\/?p=817"},"modified":"2024-09-11T12:28:55","modified_gmt":"2024-09-11T10:28:55","slug":"el-psoe-de-oleiros-denuncia-que-el-capricho-faraonico-del-multiusos-deja-sin-beca-de-comedor-a-mas-del-80-de-las-familias-solicitantes","status":"publish","type":"post","link":"https:\/\/agrupacionespsoe.es\/acoruna\/el-psoe-de-oleiros-denuncia-que-el-capricho-faraonico-del-multiusos-deja-sin-beca-de-comedor-a-mas-del-80-de-las-familias-solicitantes\/","title":{"rendered":"El PSOE de Oleiros denuncia que el capricho fara\u00f3nico del multiusos deja sin beca de comedor a m\u00e1s del 80% de las familias solicitantes"},"content":{"rendered":"\n<p><strong>Exigir\u00e1 en el pr\u00f3ximo pleno una subsanaci\u00f3n a las familias afectadas<\/strong><\/p>\n\n\n\n<section class=\"wp-block-psoe-separador bg-primary px-2\"><hr class=\"color-white bg-white opacity-1 h-[1px] w-full\" \/><\/section>\n\n\n\n<p class=\"has-medium-font-size\">(Agrupaci\u00f3n de Oleiros) <strong>352 familias oleirenses se quedar\u00e1n fuera de las ayudas para comedores escolares en el curso 2024\/2025 por culpa de la gesti\u00f3n negligente de un gobierno municipal que se ocupa de malgastar 14\u20ac millones de euros en una obra fara\u00f3nica <\/strong>mientras no se preocupa de sus vecinos y niega las ayudas a familias que lo solicitaron. De acuerdo a las bases u<strong>na familia de 4 miembros que ingrese mensualmente un total de 1896\u20ac no tiene derecho a ayudas, o unas de 3 miembros que ingrese m\u00e1s de 1740\u20ac<\/strong>.<\/p>\n\n\n\n<p class=\"has-medium-font-size\">M\u00e1s all\u00e1 de la propaganda institucional del Concello cuando se conoci\u00f3 la convocatoria, que dec\u00eda que \u201c<em>Oleiros ampliaba las subvenciones para comedores escolares\u201d<\/em>, la realidad tozuda de las cifras es que <strong>se le deneg\u00f3 a m\u00e1s de 4 de cada cinco solicitantes<\/strong>. Y eso teniendo en cuenta que la presente convocatoria se hizo desde a Conceller\u00eda de Servizos Sociais y no desde la de Educaci\u00f3n tal y como nosotros solicitamos en Comisi\u00f3n y en el Pleno, ya que obligar a hacer la solicitud ante Servizos Sociais tiene cierta carga negativa, estigmatiza y puede hacer que la cifra real de demandantes no fuese mayor por el <strong>rechazo a que genera acudir a Servizos Sociais para pedir algo que es un apoyo a la Educaci\u00f3n<\/strong>. Los <strong>recursos en educaci\u00f3n si son una inversi\u00f3n real que da frutos y no el hormig\u00f3n del Multiusos<\/strong>.<\/p>\n\n\n\n<p class=\"has-medium-font-size\">Mientras el Alcalde va a los programas de radio, que pagamos todos los oleirenses, a hacerse autobombo y hablar de otros ayuntamientos o administraciones, para poner una cortina de humo, la realidad desatendida es esta, y <strong>su prioridad pol\u00edtica la megaloman\u00eda plasmada en un Multiusos sobre el que que a\u00fan no nos ha presentado ni un estudio de retorno ni de los gastos que va a suponer su mantenimiento<\/strong>.<\/p>\n\n\n\n<p class=\"has-medium-font-size\">De nuevo los vecinos de Oleiros salen perdiendo con una gesti\u00f3n caduca y alejada de las prioridades ciudadanas.&#8221;<\/p>\n\n\n\n<p>Enlace a la resoluci\u00f3n (14 de 18 p\u00e1ginas denegando):<\/p>\n\n\n\n<p><a href=\"https:\/\/www.oleiros.org\/documents\/39407\/0\/Publicaci%C3%B3n+anexo+I.pdf\/1e320074-84be-2308-d969-f13f253fb5f9?t=1725562898803\">(Microsoft Word &#8211; Resoluci\\363n comedores 2024-2025 definitiva.doc) (oleiros.org)<\/a><\/p>\n","protected":false},"excerpt":{"rendered":"<p>Exigir\u00e1 en el pr\u00f3ximo pleno una subsanaci\u00f3n a las familias afectadas (Agrupaci\u00f3n de Oleiros) 352 familias oleirenses se quedar\u00e1n fuera de las ayudas para comedores escolares en el curso 2024\/2025 por culpa de la gesti\u00f3n negligente de un gobierno municipal que se ocupa de malgastar 14\u20ac millones de euros en una obra fara\u00f3nica mientras no &#8230;<\/p>\n","protected":false},"author":282,"featured_media":523,"comment_status":"open","ping_status":"open","sticky":false,"template":"","format":"standard","meta":{"_jetpack_memberships_contains_paid_content":false,"footnotes":""},"categories":[84,105],"tags":[107,22,24],"class_list":["post-817","post","type-post","status-publish","format-standard","has-post-thumbnail","hentry","category-educacion","category-oleiros","tag-oleiros","tag-psdeg-psoe","tag-socialistas"],"yoast_head":"<!-- This site is optimized with the Yoast SEO plugin v24.0 - https:\/\/yoast.com\/wordpress\/plugins\/seo\/ -->\n<title>El PSOE de Oleiros denuncia que el capricho fara\u00f3nico del multiusos deja sin beca de comedor a m\u00e1s del 80% de las familias solicitantes - Agrupaci\u00f3n Provincial da Coru\u00f1a PSOE<\/title>\n<meta name=\"description\" content=\"Exigir\u00e1 en el pr\u00f3ximo pleno una subsanaci\u00f3n a las familias afectadas\" \/>\n<meta name=\"robots\" content=\"index, follow, max-snippet:-1, max-image-preview:large, max-video-preview:-1\" \/>\n<link rel=\"canonical\" href=\"https:\/\/agrupacionespsoe.es\/acoruna\/el-psoe-de-oleiros-denuncia-que-el-capricho-faraonico-del-multiusos-deja-sin-beca-de-comedor-a-mas-del-80-de-las-familias-solicitantes\/\" \/>\n<meta property=\"og:locale\" content=\"es_ES\" \/>\n<meta property=\"og:type\" content=\"article\" \/>\n<meta property=\"og:title\" content=\"El PSOE de Oleiros denuncia que el capricho fara\u00f3nico del multiusos deja sin beca de comedor a m\u00e1s del 80% de las familias solicitantes - Agrupaci\u00f3n Provincial da Coru\u00f1a PSOE\" \/>\n<meta property=\"og:description\" content=\"Exigir\u00e1 en el pr\u00f3ximo pleno una subsanaci\u00f3n a las familias afectadas\" \/>\n<meta property=\"og:url\" content=\"https:\/\/agrupacionespsoe.es\/acoruna\/el-psoe-de-oleiros-denuncia-que-el-capricho-faraonico-del-multiusos-deja-sin-beca-de-comedor-a-mas-del-80-de-las-familias-solicitantes\/\" \/>\n<meta property=\"og:site_name\" content=\"Agrupaci\u00f3n Provincial da Coru\u00f1a PSOE\" \/>\n<meta property=\"article:published_time\" content=\"2024-09-11T10:28:54+00:00\" \/>\n<meta property=\"article:modified_time\" content=\"2024-09-11T10:28:55+00:00\" \/>\n<meta property=\"og:image\" content=\"https:\/\/agrupacionespsoe.es\/acoruna\/wp-content\/uploads\/sites\/198\/2024\/05\/Macu-Acuna-recurso-e1716807762244.jpg\" \/>\n\t<meta property=\"og:image:width\" content=\"580\" \/>\n\t<meta property=\"og:image:height\" content=\"638\" \/>\n\t<meta property=\"og:image:type\" content=\"image\/jpeg\" \/>\n<meta name=\"author\" content=\"Olympia M\u00e9ndez\" \/>\n<meta name=\"twitter:card\" content=\"summary_large_image\" \/>\n<meta name=\"twitter:label1\" content=\"Escrito por\" \/>\n\t<meta name=\"twitter:data1\" content=\"Olympia M\u00e9ndez\" \/>\n\t<meta name=\"twitter:label2\" content=\"Tiempo de lectura\" \/>\n\t<meta name=\"twitter:data2\" content=\"2 minutos\" \/>\n<script type=\"application\/ld+json\" class=\"yoast-schema-graph\">{\"@context\":\"https:\/\/schema.org\",\"@graph\":[{\"@type\":\"Article\",\"@id\":\"https:\/\/agrupacionespsoe.es\/acoruna\/el-psoe-de-oleiros-denuncia-que-el-capricho-faraonico-del-multiusos-deja-sin-beca-de-comedor-a-mas-del-80-de-las-familias-solicitantes\/#article\",\"isPartOf\":{\"@id\":\"https:\/\/agrupacionespsoe.es\/acoruna\/el-psoe-de-oleiros-denuncia-que-el-capricho-faraonico-del-multiusos-deja-sin-beca-de-comedor-a-mas-del-80-de-las-familias-solicitantes\/\"},\"author\":{\"name\":\"Olympia M\u00e9ndez\",\"@id\":\"https:\/\/agrupacionespsoe.es\/acoruna\/#\/schema\/person\/dbf2b36187b136d06a53f7937d5d5af9\"},\"headline\":\"El PSOE de Oleiros denuncia que el capricho fara\u00f3nico del multiusos deja sin beca de comedor a m\u00e1s del 80% de las familias solicitantes\",\"datePublished\":\"2024-09-11T10:28:54+00:00\",\"dateModified\":\"2024-09-11T10:28:55+00:00\",\"mainEntityOfPage\":{\"@id\":\"https:\/\/agrupacionespsoe.es\/acoruna\/el-psoe-de-oleiros-denuncia-que-el-capricho-faraonico-del-multiusos-deja-sin-beca-de-comedor-a-mas-del-80-de-las-familias-solicitantes\/\"},\"wordCount\":387,\"commentCount\":0,\"publisher\":{\"@id\":\"https:\/\/agrupacionespsoe.es\/acoruna\/#organization\"},\"image\":{\"@id\":\"https:\/\/agrupacionespsoe.es\/acoruna\/el-psoe-de-oleiros-denuncia-que-el-capricho-faraonico-del-multiusos-deja-sin-beca-de-comedor-a-mas-del-80-de-las-familias-solicitantes\/#primaryimage\"},\"thumbnailUrl\":\"https:\/\/agrupacionespsoe.es\/acoruna\/wp-content\/uploads\/sites\/198\/2024\/05\/Macu-Acuna-recurso-e1716807762244.jpg\",\"keywords\":[\"Oleiros\",\"PSdeG-PSOE\",\"Socialistas\"],\"articleSection\":[\"Educaci\u00f3n\",\"Oleiros\"],\"inLanguage\":\"es\",\"potentialAction\":[{\"@type\":\"CommentAction\",\"name\":\"Comment\",\"target\":[\"https:\/\/agrupacionespsoe.es\/acoruna\/el-psoe-de-oleiros-denuncia-que-el-capricho-faraonico-del-multiusos-deja-sin-beca-de-comedor-a-mas-del-80-de-las-familias-solicitantes\/#respond\"]}]},{\"@type\":\"WebPage\",\"@id\":\"https:\/\/agrupacionespsoe.es\/acoruna\/el-psoe-de-oleiros-denuncia-que-el-capricho-faraonico-del-multiusos-deja-sin-beca-de-comedor-a-mas-del-80-de-las-familias-solicitantes\/\",\"url\":\"https:\/\/agrupacionespsoe.es\/acoruna\/el-psoe-de-oleiros-denuncia-que-el-capricho-faraonico-del-multiusos-deja-sin-beca-de-comedor-a-mas-del-80-de-las-familias-solicitantes\/\",\"name\":\"El PSOE de Oleiros denuncia que el capricho fara\u00f3nico del multiusos deja sin beca de comedor a m\u00e1s del 80% de las familias solicitantes - Agrupaci\u00f3n Provincial da Coru\u00f1a PSOE\",\"isPartOf\":{\"@id\":\"https:\/\/agrupacionespsoe.es\/acoruna\/#website\"},\"primaryImageOfPage\":{\"@id\":\"https:\/\/agrupacionespsoe.es\/acoruna\/el-psoe-de-oleiros-denuncia-que-el-capricho-faraonico-del-multiusos-deja-sin-beca-de-comedor-a-mas-del-80-de-las-familias-solicitantes\/#primaryimage\"},\"image\":{\"@id\":\"https:\/\/agrupacionespsoe.es\/acoruna\/el-psoe-de-oleiros-denuncia-que-el-capricho-faraonico-del-multiusos-deja-sin-beca-de-comedor-a-mas-del-80-de-las-familias-solicitantes\/#primaryimage\"},\"thumbnailUrl\":\"https:\/\/agrupacionespsoe.es\/acoruna\/wp-content\/uploads\/sites\/198\/2024\/05\/Macu-Acuna-recurso-e1716807762244.jpg\",\"datePublished\":\"2024-09-11T10:28:54+00:00\",\"dateModified\":\"2024-09-11T10:28:55+00:00\",\"description\":\"Exigir\u00e1 en el pr\u00f3ximo pleno una subsanaci\u00f3n a las familias afectadas\",\"breadcrumb\":{\"@id\":\"https:\/\/agrupacionespsoe.es\/acoruna\/el-psoe-de-oleiros-denuncia-que-el-capricho-faraonico-del-multiusos-deja-sin-beca-de-comedor-a-mas-del-80-de-las-familias-solicitantes\/#breadcrumb\"},\"inLanguage\":\"es\",\"potentialAction\":[{\"@type\":\"ReadAction\",\"target\":[\"https:\/\/agrupacionespsoe.es\/acoruna\/el-psoe-de-oleiros-denuncia-que-el-capricho-faraonico-del-multiusos-deja-sin-beca-de-comedor-a-mas-del-80-de-las-familias-solicitantes\/\"]}]},{\"@type\":\"ImageObject\",\"inLanguage\":\"es\",\"@id\":\"https:\/\/agrupacionespsoe.es\/acoruna\/el-psoe-de-oleiros-denuncia-que-el-capricho-faraonico-del-multiusos-deja-sin-beca-de-comedor-a-mas-del-80-de-las-familias-solicitantes\/#primaryimage\",\"url\":\"https:\/\/agrupacionespsoe.es\/acoruna\/wp-content\/uploads\/sites\/198\/2024\/05\/Macu-Acuna-recurso-e1716807762244.jpg\",\"contentUrl\":\"https:\/\/agrupacionespsoe.es\/acoruna\/wp-content\/uploads\/sites\/198\/2024\/05\/Macu-Acuna-recurso-e1716807762244.jpg\",\"width\":580,\"height\":638},{\"@type\":\"BreadcrumbList\",\"@id\":\"https:\/\/agrupacionespsoe.es\/acoruna\/el-psoe-de-oleiros-denuncia-que-el-capricho-faraonico-del-multiusos-deja-sin-beca-de-comedor-a-mas-del-80-de-las-familias-solicitantes\/#breadcrumb\",\"itemListElement\":[{\"@type\":\"ListItem\",\"position\":1,\"name\":\"Portada\",\"item\":\"https:\/\/agrupacionespsoe.es\/acoruna\/\"},{\"@type\":\"ListItem\",\"position\":2,\"name\":\"El PSOE de Oleiros denuncia que el capricho fara\u00f3nico del multiusos deja sin beca de comedor a m\u00e1s del 80% de las familias solicitantes\"}]},{\"@type\":\"WebSite\",\"@id\":\"https:\/\/agrupacionespsoe.es\/acoruna\/#website\",\"url\":\"https:\/\/agrupacionespsoe.es\/acoruna\/\",\"name\":\"Agrupaci\u00f3n Provincial da Coru\u00f1a PSOE\",\"description\":\"Provincial PSdeG-PSOE da Coru\u00f1a\",\"publisher\":{\"@id\":\"https:\/\/agrupacionespsoe.es\/acoruna\/#organization\"},\"potentialAction\":[{\"@type\":\"SearchAction\",\"target\":{\"@type\":\"EntryPoint\",\"urlTemplate\":\"https:\/\/agrupacionespsoe.es\/acoruna\/?s={search_term_string}\"},\"query-input\":{\"@type\":\"PropertyValueSpecification\",\"valueRequired\":true,\"valueName\":\"search_term_string\"}}],\"inLanguage\":\"es\"},{\"@type\":\"Organization\",\"@id\":\"https:\/\/agrupacionespsoe.es\/acoruna\/#organization\",\"name\":\"Agrupaci\u00f3n Provincial da Coru\u00f1a PSOE\",\"url\":\"https:\/\/agrupacionespsoe.es\/acoruna\/\",\"logo\":{\"@type\":\"ImageObject\",\"inLanguage\":\"es\",\"@id\":\"https:\/\/agrupacionespsoe.es\/acoruna\/#\/schema\/logo\/image\/\",\"url\":\"https:\/\/agrupacionespsoe.es\/wp-content\/uploads\/2022\/07\/Logotipo_electoral_del_PSOE.png\",\"contentUrl\":\"https:\/\/agrupacionespsoe.es\/wp-content\/uploads\/2022\/07\/Logotipo_electoral_del_PSOE.png\",\"width\":422,\"height\":422,\"caption\":\"Agrupaci\u00f3n Provincial da Coru\u00f1a PSOE\"},\"image\":{\"@id\":\"https:\/\/agrupacionespsoe.es\/acoruna\/#\/schema\/logo\/image\/\"}},{\"@type\":\"Person\",\"@id\":\"https:\/\/agrupacionespsoe.es\/acoruna\/#\/schema\/person\/dbf2b36187b136d06a53f7937d5d5af9\",\"name\":\"Olympia M\u00e9ndez\",\"image\":{\"@type\":\"ImageObject\",\"inLanguage\":\"es\",\"@id\":\"https:\/\/agrupacionespsoe.es\/acoruna\/#\/schema\/person\/image\/\",\"url\":\"https:\/\/secure.gravatar.com\/avatar\/12db1fb8bfe20deb7a2d4ddc95b9042b?s=96&d=mm&r=g\",\"contentUrl\":\"https:\/\/secure.gravatar.com\/avatar\/12db1fb8bfe20deb7a2d4ddc95b9042b?s=96&d=mm&r=g\",\"caption\":\"Olympia M\u00e9ndez\"},\"url\":\"https:\/\/agrupacionespsoe.es\/acoruna\/author\/acoruna2\/\"}]}<\/script>\n<!-- \/ Yoast SEO plugin. -->","yoast_head_json":{"title":"El PSOE de Oleiros denuncia que el capricho fara\u00f3nico del multiusos deja sin beca de comedor a m\u00e1s del 80% de las familias solicitantes - Agrupaci\u00f3n Provincial da Coru\u00f1a PSOE","description":"Exigir\u00e1 en el pr\u00f3ximo pleno una subsanaci\u00f3n a las familias afectadas","robots":{"index":"index","follow":"follow","max-snippet":"max-snippet:-1","max-image-preview":"max-image-preview:large","max-video-preview":"max-video-preview:-1"},"canonical":"https:\/\/agrupacionespsoe.es\/acoruna\/el-psoe-de-oleiros-denuncia-que-el-capricho-faraonico-del-multiusos-deja-sin-beca-de-comedor-a-mas-del-80-de-las-familias-solicitantes\/","og_locale":"es_ES","og_type":"article","og_title":"El PSOE de Oleiros denuncia que el capricho fara\u00f3nico del multiusos deja sin beca de comedor a m\u00e1s del 80% de las familias solicitantes - Agrupaci\u00f3n Provincial da Coru\u00f1a PSOE","og_description":"Exigir\u00e1 en el pr\u00f3ximo pleno una subsanaci\u00f3n a las familias afectadas","og_url":"https:\/\/agrupacionespsoe.es\/acoruna\/el-psoe-de-oleiros-denuncia-que-el-capricho-faraonico-del-multiusos-deja-sin-beca-de-comedor-a-mas-del-80-de-las-familias-solicitantes\/","og_site_name":"Agrupaci\u00f3n Provincial da Coru\u00f1a PSOE","article_published_time":"2024-09-11T10:28:54+00:00","article_modified_time":"2024-09-11T10:28:55+00:00","og_image":[{"width":580,"height":638,"url":"https:\/\/agrupacionespsoe.es\/acoruna\/wp-content\/uploads\/sites\/198\/2024\/05\/Macu-Acuna-recurso-e1716807762244.jpg","type":"image\/jpeg"}],"author":"Olympia M\u00e9ndez","twitter_card":"summary_large_image","twitter_misc":{"Escrito por":"Olympia M\u00e9ndez","Tiempo de lectura":"2 minutos"},"schema":{"@context":"https:\/\/schema.org","@graph":[{"@type":"Article","@id":"https:\/\/agrupacionespsoe.es\/acoruna\/el-psoe-de-oleiros-denuncia-que-el-capricho-faraonico-del-multiusos-deja-sin-beca-de-comedor-a-mas-del-80-de-las-familias-solicitantes\/#article","isPartOf":{"@id":"https:\/\/agrupacionespsoe.es\/acoruna\/el-psoe-de-oleiros-denuncia-que-el-capricho-faraonico-del-multiusos-deja-sin-beca-de-comedor-a-mas-del-80-de-las-familias-solicitantes\/"},"author":{"name":"Olympia M\u00e9ndez","@id":"https:\/\/agrupacionespsoe.es\/acoruna\/#\/schema\/person\/dbf2b36187b136d06a53f7937d5d5af9"},"headline":"El PSOE de Oleiros denuncia que el capricho fara\u00f3nico del multiusos deja sin beca de comedor a m\u00e1s del 80% de las familias solicitantes","datePublished":"2024-09-11T10:28:54+00:00","dateModified":"2024-09-11T10:28:55+00:00","mainEntityOfPage":{"@id":"https:\/\/agrupacionespsoe.es\/acoruna\/el-psoe-de-oleiros-denuncia-que-el-capricho-faraonico-del-multiusos-deja-sin-beca-de-comedor-a-mas-del-80-de-las-familias-solicitantes\/"},"wordCount":387,"commentCount":0,"publisher":{"@id":"https:\/\/agrupacionespsoe.es\/acoruna\/#organization"},"image":{"@id":"https:\/\/agrupacionespsoe.es\/acoruna\/el-psoe-de-oleiros-denuncia-que-el-capricho-faraonico-del-multiusos-deja-sin-beca-de-comedor-a-mas-del-80-de-las-familias-solicitantes\/#primaryimage"},"thumbnailUrl":"https:\/\/agrupacionespsoe.es\/acoruna\/wp-content\/uploads\/sites\/198\/2024\/05\/Macu-Acuna-recurso-e1716807762244.jpg","keywords":["Oleiros","PSdeG-PSOE","Socialistas"],"articleSection":["Educaci\u00f3n","Oleiros"],"inLanguage":"es","potentialAction":[{"@type":"CommentAction","name":"Comment","target":["https:\/\/agrupacionespsoe.es\/acoruna\/el-psoe-de-oleiros-denuncia-que-el-capricho-faraonico-del-multiusos-deja-sin-beca-de-comedor-a-mas-del-80-de-las-familias-solicitantes\/#respond"]}]},{"@type":"WebPage","@id":"https:\/\/agrupacionespsoe.es\/acoruna\/el-psoe-de-oleiros-denuncia-que-el-capricho-faraonico-del-multiusos-deja-sin-beca-de-comedor-a-mas-del-80-de-las-familias-solicitantes\/","url":"https:\/\/agrupacionespsoe.es\/acoruna\/el-psoe-de-oleiros-denuncia-que-el-capricho-faraonico-del-multiusos-deja-sin-beca-de-comedor-a-mas-del-80-de-las-familias-solicitantes\/","name":"El PSOE de Oleiros denuncia que el capricho fara\u00f3nico del multiusos deja sin beca de comedor a m\u00e1s del 80% de las familias solicitantes - Agrupaci\u00f3n Provincial da Coru\u00f1a PSOE","isPartOf":{"@id":"https:\/\/agrupacionespsoe.es\/acoruna\/#website"},"primaryImageOfPage":{"@id":"https:\/\/agrupacionespsoe.es\/acoruna\/el-psoe-de-oleiros-denuncia-que-el-capricho-faraonico-del-multiusos-deja-sin-beca-de-comedor-a-mas-del-80-de-las-familias-solicitantes\/#primaryimage"},"image":{"@id":"https:\/\/agrupacionespsoe.es\/acoruna\/el-psoe-de-oleiros-denuncia-que-el-capricho-faraonico-del-multiusos-deja-sin-beca-de-comedor-a-mas-del-80-de-las-familias-solicitantes\/#primaryimage"},"thumbnailUrl":"https:\/\/agrupacionespsoe.es\/acoruna\/wp-content\/uploads\/sites\/198\/2024\/05\/Macu-Acuna-recurso-e1716807762244.jpg","datePublished":"2024-09-11T10:28:54+00:00","dateModified":"2024-09-11T10:28:55+00:00","description":"Exigir\u00e1 en el pr\u00f3ximo pleno una subsanaci\u00f3n a las familias afectadas","breadcrumb":{"@id":"https:\/\/agrupacionespsoe.es\/acoruna\/el-psoe-de-oleiros-denuncia-que-el-capricho-faraonico-del-multiusos-deja-sin-beca-de-comedor-a-mas-del-80-de-las-familias-solicitantes\/#breadcrumb"},"inLanguage":"es","potentialAction":[{"@type":"ReadAction","target":["https:\/\/agrupacionespsoe.es\/acoruna\/el-psoe-de-oleiros-denuncia-que-el-capricho-faraonico-del-multiusos-deja-sin-beca-de-comedor-a-mas-del-80-de-las-familias-solicitantes\/"]}]},{"@type":"ImageObject","inLanguage":"es","@id":"https:\/\/agrupacionespsoe.es\/acoruna\/el-psoe-de-oleiros-denuncia-que-el-capricho-faraonico-del-multiusos-deja-sin-beca-de-comedor-a-mas-del-80-de-las-familias-solicitantes\/#primaryimage","url":"https:\/\/agrupacionespsoe.es\/acoruna\/wp-content\/uploads\/sites\/198\/2024\/05\/Macu-Acuna-recurso-e1716807762244.jpg","contentUrl":"https:\/\/agrupacionespsoe.es\/acoruna\/wp-content\/uploads\/sites\/198\/2024\/05\/Macu-Acuna-recurso-e1716807762244.jpg","width":580,"height":638},{"@type":"BreadcrumbList","@id":"https:\/\/agrupacionespsoe.es\/acoruna\/el-psoe-de-oleiros-denuncia-que-el-capricho-faraonico-del-multiusos-deja-sin-beca-de-comedor-a-mas-del-80-de-las-familias-solicitantes\/#breadcrumb","itemListElement":[{"@type":"ListItem","position":1,"name":"Portada","item":"https:\/\/agrupacionespsoe.es\/acoruna\/"},{"@type":"ListItem","position":2,"name":"El PSOE de Oleiros denuncia que el capricho fara\u00f3nico del multiusos deja sin beca de comedor a m\u00e1s del 80% de las familias solicitantes"}]},{"@type":"WebSite","@id":"https:\/\/agrupacionespsoe.es\/acoruna\/#website","url":"https:\/\/agrupacionespsoe.es\/acoruna\/","name":"Agrupaci\u00f3n Provincial da Coru\u00f1a PSOE","description":"Provincial PSdeG-PSOE da Coru\u00f1a","publisher":{"@id":"https:\/\/agrupacionespsoe.es\/acoruna\/#organization"},"potentialAction":[{"@type":"SearchAction","target":{"@type":"EntryPoint","urlTemplate":"https:\/\/agrupacionespsoe.es\/acoruna\/?s={search_term_string}"},"query-input":{"@type":"PropertyValueSpecification","valueRequired":true,"valueName":"search_term_string"}}],"inLanguage":"es"},{"@type":"Organization","@id":"https:\/\/agrupacionespsoe.es\/acoruna\/#organization","name":"Agrupaci\u00f3n Provincial da Coru\u00f1a PSOE","url":"https:\/\/agrupacionespsoe.es\/acoruna\/","logo":{"@type":"ImageObject","inLanguage":"es","@id":"https:\/\/agrupacionespsoe.es\/acoruna\/#\/schema\/logo\/image\/","url":"https:\/\/agrupacionespsoe.es\/wp-content\/uploads\/2022\/07\/Logotipo_electoral_del_PSOE.png","contentUrl":"https:\/\/agrupacionespsoe.es\/wp-content\/uploads\/2022\/07\/Logotipo_electoral_del_PSOE.png","width":422,"height":422,"caption":"Agrupaci\u00f3n Provincial da Coru\u00f1a PSOE"},"image":{"@id":"https:\/\/agrupacionespsoe.es\/acoruna\/#\/schema\/logo\/image\/"}},{"@type":"Person","@id":"https:\/\/agrupacionespsoe.es\/acoruna\/#\/schema\/person\/dbf2b36187b136d06a53f7937d5d5af9","name":"Olympia M\u00e9ndez","image":{"@type":"ImageObject","inLanguage":"es","@id":"https:\/\/agrupacionespsoe.es\/acoruna\/#\/schema\/person\/image\/","url":"https:\/\/secure.gravatar.com\/avatar\/12db1fb8bfe20deb7a2d4ddc95b9042b?s=96&d=mm&r=g","contentUrl":"https:\/\/secure.gravatar.com\/avatar\/12db1fb8bfe20deb7a2d4ddc95b9042b?s=96&d=mm&r=g","caption":"Olympia M\u00e9ndez"},"url":"https:\/\/agrupacionespsoe.es\/acoruna\/author\/acoruna2\/"}]}},"jetpack_featured_media_url":"https:\/\/agrupacionespsoe.es\/acoruna\/wp-content\/uploads\/sites\/198\/2024\/05\/Macu-Acuna-recurso-e1716807762244.jpg","jetpack_sharing_enabled":true,"jetpack_likes_enabled":true,"_links":{"self":[{"href":"https:\/\/agrupacionespsoe.es\/acoruna\/wp-json\/wp\/v2\/posts\/817","targetHints":{"allow":["GET"]}}],"collection":[{"href":"https:\/\/agrupacionespsoe.es\/acoruna\/wp-json\/wp\/v2\/posts"}],"about":[{"href":"https:\/\/agrupacionespsoe.es\/acoruna\/wp-json\/wp\/v2\/types\/post"}],"author":[{"embeddable":true,"href":"https:\/\/agrupacionespsoe.es\/acoruna\/wp-json\/wp\/v2\/users\/282"}],"replies":[{"embeddable":true,"href":"https:\/\/agrupacionespsoe.es\/acoruna\/wp-json\/wp\/v2\/comments?post=817"}],"version-history":[{"count":2,"href":"https:\/\/agrupacionespsoe.es\/acoruna\/wp-json\/wp\/v2\/posts\/817\/revisions"}],"predecessor-version":[{"id":819,"href":"https:\/\/agrupacionespsoe.es\/acoruna\/wp-json\/wp\/v2\/posts\/817\/revisions\/819"}],"wp:featuredmedia":[{"embeddable":true,"href":"https:\/\/agrupacionespsoe.es\/acoruna\/wp-json\/wp\/v2\/media\/523"}],"wp:attachment":[{"href":"https:\/\/agrupacionespsoe.es\/acoruna\/wp-json\/wp\/v2\/media?parent=817"}],"wp:term":[{"taxonomy":"category","embeddable":true,"href":"https:\/\/agrupacionespsoe.es\/acoruna\/wp-json\/wp\/v2\/categories?post=817"},{"taxonomy":"post_tag","embeddable":true,"href":"https:\/\/agrupacionespsoe.es\/acoruna\/wp-json\/wp\/v2\/tags?post=817"}],"curies":[{"name":"wp","href":"https:\/\/api.w.org\/{rel}","templated":true}]}}