{"id":752,"date":"2024-08-01T14:05:00","date_gmt":"2024-08-01T12:05:00","guid":{"rendered":"https:\/\/agrupacionespsoe.es\/acoruna\/?p=752"},"modified":"2024-08-02T12:16:33","modified_gmt":"2024-08-02T10:16:33","slug":"o-psdeg-psoe-de-ferrol-denuncia-a-desastrosa-situacion-do-centro-de-atencion-a-discapacidade-souto-de-leixa-e-levara-iniciativas-ao-parlamento-e-o-pleno-de-ferrol-para-pedir-unha-auditoria-da-sua-si","status":"publish","type":"post","link":"https:\/\/agrupacionespsoe.es\/acoruna\/o-psdeg-psoe-de-ferrol-denuncia-a-desastrosa-situacion-do-centro-de-atencion-a-discapacidade-souto-de-leixa-e-levara-iniciativas-ao-parlamento-e-o-pleno-de-ferrol-para-pedir-unha-auditoria-da-sua-si\/","title":{"rendered":"O PSdeG-PSOE de Ferrol denuncia a &#8220;desastrosa situaci\u00f3n do Centro de Atenci\u00f3n \u00e1 Discapacidade Souto de Leixa e levar\u00e1 iniciativas ao Parlamento e o Pleno de Ferrol para pedir unha auditor\u00eda da s\u00faa situaci\u00f3n e a volta \u00e1 s\u00faa xesti\u00f3n p\u00fablica"},"content":{"rendered":"\n<p><strong>Os socialistas lembran que o centro foi privatizado polo goberno do PP na&nbsp; Xunta de Galicia e s\u00famanse \u00e1s protestas de familias das persoas usuarias e dos traballadores, que denuncian unha p\u00e9sima xesti\u00f3n e carencias de persoal e medios que afectan gravemente \u00e1 calidade asistencial<\/strong><\/p>\n\n\n\n<section class=\"wp-block-psoe-separador bg-primary px-2\"><hr class=\"color-white bg-white opacity-1 h-[1px] w-full\" \/><\/section>\n\n\n\n<p class=\"has-medium-font-size\">O PSdeG-PSOE de Ferrol denuncia a \u201cdesastrosa situaci\u00f3n\u201d do centro de atenci\u00f3n \u00e1 discapacidade Souto de Leixa, privatizado polo Partido Popular en 2010 e que agora o goberno de Alfonso Rueda volve ofertar a mans privadas cun contrato de 12,7 mill\u00f3ns de euros durante catro anos.<\/p>\n\n\n\n<p class=\"has-medium-font-size\">Os socialistas s\u00famanse as\u00ed \u00e1s protestas das familias dos usuarios e dos traballadores e traballadoras do centro, que ve\u00f1en denunciando en reiteradas ocasi\u00f3ns o mal estado das instalaci\u00f3ns e a p\u00e9sima xesti\u00f3n do mesmo, con notables carencias de persoal e medios \u201cque afectan gravemente \u00e1 calidade asistencial nun \u00e1mbito especialmente sensible como \u00e9 o da atenci\u00f3n \u00e1s persoas con discapacidade intelectual\u201d.<\/p>\n\n\n\n<p class=\"has-medium-font-size\">\u201cAs familias dos usuarios que\u00edxanse reiteradamente dunhas instalaci\u00f3ns en mal estado&nbsp; e de p\u00e9simas condici\u00f3ns en servizos tan b\u00e1sicos como a comida, a medicaci\u00f3n ou a atenci\u00f3n aos seus seres queridos e os traballadores de malas condici\u00f3ns laborais e falta de medios e de persoal. A Xunta co\u00f1ece estas denuncias desde hai moito tempo pero non fai nada ao respecto\u201d, afirmou o portavoz do PSOE, \u00c1ngel Mato, que anunciou que os socialistas levar\u00e1n iniciativas ao Parlamento de Galicia e ao pleno de Ferrol para instar \u00e1 Xunta a dar explicaci\u00f3ns p\u00fablicas sobre a situaci\u00f3n que atravesa o centro.<\/p>\n\n\n\n<p class=\"has-medium-font-size\">Neste sentido, o portavoz socialista anunciou que pedir\u00e1n unha auditor\u00eda externa sobre a atenci\u00f3n que se presta no Souto de Leixa e as condici\u00f3ns das persoas residentes e as condici\u00f3ns laborais do persoal que traballan nel, e&nbsp; demandar\u00e1n a volta \u00e1 xesti\u00f3n p\u00fablica do centro para recuperar a calidade asistencial que estas persoas merecen. \u201cPreoc\u00fapanos a situaci\u00f3n destas persoas e a indolencia do goberno da Xunta de Galicia ante as continuas queixas por parte dos ususarios. Non se entende que un \u00e1mbito tan sensible como o da atenci\u00f3n \u00e1s persoas con discapacidade intelectual se opere con criterios de beneficio econ\u00f3mico\u201d, afirmou Mato.<\/p>\n\n\n\n<figure class=\"wp-block-audio\"><audio controls src=\"https:\/\/agrupacionespsoe.es\/acoruna\/wp-content\/uploads\/sites\/198\/2024\/08\/Audio-Angel-Mato.ogg\"><\/audio><figcaption class=\"wp-element-caption\">Declaraci\u00f3ns de \u00c1ngel Mato<\/figcaption><\/figure>\n","protected":false},"excerpt":{"rendered":"<p>Os socialistas lembran que o centro foi privatizado polo goberno do PP na&nbsp; Xunta de Galicia e s\u00famanse \u00e1s protestas de familias das persoas usuarias e dos traballadores, que denuncian unha p\u00e9sima xesti\u00f3n e carencias de persoal e medios que afectan gravemente \u00e1 calidade asistencial O PSdeG-PSOE de Ferrol denuncia a \u201cdesastrosa situaci\u00f3n\u201d do centro &#8230;<\/p>\n","protected":false},"author":282,"featured_media":755,"comment_status":"open","ping_status":"open","sticky":false,"template":"","format":"standard","meta":{"_jetpack_memberships_contains_paid_content":false,"footnotes":""},"categories":[183,99],"tags":[187,185,26,167,22,24],"class_list":["post-752","post","type-post","status-publish","format-standard","has-post-thumbnail","hentry","category-ferrol","category-politicas-sociais","tag-angel-mato","tag-ferrol","tag-ferrolterra","tag-politicas-sociais","tag-psdeg-psoe","tag-socialistas"],"yoast_head":"<!-- This site is optimized with the Yoast SEO plugin v24.0 - https:\/\/yoast.com\/wordpress\/plugins\/seo\/ -->\n<title>O PSdeG-PSOE de Ferrol denuncia a &quot;desastrosa situaci\u00f3n do Centro de Atenci\u00f3n \u00e1 Discapacidade Souto de Leixa e levar\u00e1 iniciativas ao Parlamento e o Pleno de Ferrol para pedir unha auditor\u00eda da s\u00faa situaci\u00f3n e a volta \u00e1 s\u00faa xesti\u00f3n p\u00fablica - Agrupaci\u00f3n Provincial da Coru\u00f1a PSOE<\/title>\n<meta name=\"description\" content=\"Os socialistas lembran que o centro foi privatizado polo goberno do PP na\u00a0 Xunta de Galicia e s\u00famanse \u00e1s protestas de familias das persoas usuarias e dos traballadores, que denuncian unha p\u00e9sima xesti\u00f3n e carencias de persoal e medios que afectan gravemente \u00e1 calidade asistencial\" \/>\n<meta name=\"robots\" content=\"index, follow, max-snippet:-1, max-image-preview:large, max-video-preview:-1\" \/>\n<link rel=\"canonical\" href=\"https:\/\/agrupacionespsoe.es\/acoruna\/o-psdeg-psoe-de-ferrol-denuncia-a-desastrosa-situacion-do-centro-de-atencion-a-discapacidade-souto-de-leixa-e-levara-iniciativas-ao-parlamento-e-o-pleno-de-ferrol-para-pedir-unha-auditoria-da-sua-si\/\" \/>\n<meta property=\"og:locale\" content=\"es_ES\" \/>\n<meta property=\"og:type\" content=\"article\" \/>\n<meta property=\"og:title\" content=\"O PSdeG-PSOE de Ferrol denuncia a &quot;desastrosa situaci\u00f3n do Centro de Atenci\u00f3n \u00e1 Discapacidade Souto de Leixa e levar\u00e1 iniciativas ao Parlamento e o Pleno de Ferrol para pedir unha auditor\u00eda da s\u00faa situaci\u00f3n e a volta \u00e1 s\u00faa xesti\u00f3n p\u00fablica - Agrupaci\u00f3n Provincial da Coru\u00f1a PSOE\" \/>\n<meta property=\"og:description\" content=\"Os socialistas lembran que o centro foi privatizado polo goberno do PP na\u00a0 Xunta de Galicia e s\u00famanse \u00e1s protestas de familias das persoas usuarias e dos traballadores, que denuncian unha p\u00e9sima xesti\u00f3n e carencias de persoal e medios que afectan gravemente \u00e1 calidade asistencial\" \/>\n<meta property=\"og:url\" content=\"https:\/\/agrupacionespsoe.es\/acoruna\/o-psdeg-psoe-de-ferrol-denuncia-a-desastrosa-situacion-do-centro-de-atencion-a-discapacidade-souto-de-leixa-e-levara-iniciativas-ao-parlamento-e-o-pleno-de-ferrol-para-pedir-unha-auditoria-da-sua-si\/\" \/>\n<meta property=\"og:site_name\" content=\"Agrupaci\u00f3n Provincial da Coru\u00f1a PSOE\" \/>\n<meta property=\"article:published_time\" content=\"2024-08-01T12:05:00+00:00\" \/>\n<meta property=\"article:modified_time\" content=\"2024-08-02T10:16:33+00:00\" \/>\n<meta property=\"og:image\" content=\"https:\/\/agrupacionespsoe.es\/acoruna\/wp-content\/uploads\/sites\/198\/2024\/08\/Angel-Mato-Ferrol-1.jpg\" \/>\n\t<meta property=\"og:image:width\" content=\"550\" \/>\n\t<meta property=\"og:image:height\" content=\"708\" \/>\n\t<meta property=\"og:image:type\" content=\"image\/jpeg\" \/>\n<meta name=\"author\" content=\"Olympia M\u00e9ndez\" \/>\n<meta name=\"twitter:card\" content=\"summary_large_image\" \/>\n<meta name=\"twitter:label1\" content=\"Escrito por\" \/>\n\t<meta name=\"twitter:data1\" content=\"Olympia M\u00e9ndez\" \/>\n\t<meta name=\"twitter:label2\" content=\"Tiempo de lectura\" \/>\n\t<meta name=\"twitter:data2\" content=\"2 minutos\" \/>\n<script type=\"application\/ld+json\" class=\"yoast-schema-graph\">{\"@context\":\"https:\/\/schema.org\",\"@graph\":[{\"@type\":\"Article\",\"@id\":\"https:\/\/agrupacionespsoe.es\/acoruna\/o-psdeg-psoe-de-ferrol-denuncia-a-desastrosa-situacion-do-centro-de-atencion-a-discapacidade-souto-de-leixa-e-levara-iniciativas-ao-parlamento-e-o-pleno-de-ferrol-para-pedir-unha-auditoria-da-sua-si\/#article\",\"isPartOf\":{\"@id\":\"https:\/\/agrupacionespsoe.es\/acoruna\/o-psdeg-psoe-de-ferrol-denuncia-a-desastrosa-situacion-do-centro-de-atencion-a-discapacidade-souto-de-leixa-e-levara-iniciativas-ao-parlamento-e-o-pleno-de-ferrol-para-pedir-unha-auditoria-da-sua-si\/\"},\"author\":{\"name\":\"Olympia M\u00e9ndez\",\"@id\":\"https:\/\/agrupacionespsoe.es\/acoruna\/#\/schema\/person\/dbf2b36187b136d06a53f7937d5d5af9\"},\"headline\":\"O PSdeG-PSOE de Ferrol denuncia a &#8220;desastrosa situaci\u00f3n do Centro de Atenci\u00f3n \u00e1 Discapacidade Souto de Leixa e levar\u00e1 iniciativas ao Parlamento e o Pleno de Ferrol para pedir unha auditor\u00eda da s\u00faa situaci\u00f3n e a volta \u00e1 s\u00faa xesti\u00f3n p\u00fablica\",\"datePublished\":\"2024-08-01T12:05:00+00:00\",\"dateModified\":\"2024-08-02T10:16:33+00:00\",\"mainEntityOfPage\":{\"@id\":\"https:\/\/agrupacionespsoe.es\/acoruna\/o-psdeg-psoe-de-ferrol-denuncia-a-desastrosa-situacion-do-centro-de-atencion-a-discapacidade-souto-de-leixa-e-levara-iniciativas-ao-parlamento-e-o-pleno-de-ferrol-para-pedir-unha-auditoria-da-sua-si\/\"},\"wordCount\":437,\"commentCount\":0,\"publisher\":{\"@id\":\"https:\/\/agrupacionespsoe.es\/acoruna\/#organization\"},\"image\":{\"@id\":\"https:\/\/agrupacionespsoe.es\/acoruna\/o-psdeg-psoe-de-ferrol-denuncia-a-desastrosa-situacion-do-centro-de-atencion-a-discapacidade-souto-de-leixa-e-levara-iniciativas-ao-parlamento-e-o-pleno-de-ferrol-para-pedir-unha-auditoria-da-sua-si\/#primaryimage\"},\"thumbnailUrl\":\"https:\/\/agrupacionespsoe.es\/acoruna\/wp-content\/uploads\/sites\/198\/2024\/08\/Angel-Mato-Ferrol-1.jpg\",\"keywords\":[\"\u00c1ngel Mato\",\"Ferrol\",\"Ferrolterra\",\"Pol\u00edticas Sociais\",\"PSdeG-PSOE\",\"Socialistas\"],\"articleSection\":[\"Ferrol\",\"Pol\u00edticas Sociais\"],\"inLanguage\":\"es\",\"potentialAction\":[{\"@type\":\"CommentAction\",\"name\":\"Comment\",\"target\":[\"https:\/\/agrupacionespsoe.es\/acoruna\/o-psdeg-psoe-de-ferrol-denuncia-a-desastrosa-situacion-do-centro-de-atencion-a-discapacidade-souto-de-leixa-e-levara-iniciativas-ao-parlamento-e-o-pleno-de-ferrol-para-pedir-unha-auditoria-da-sua-si\/#respond\"]}]},{\"@type\":\"WebPage\",\"@id\":\"https:\/\/agrupacionespsoe.es\/acoruna\/o-psdeg-psoe-de-ferrol-denuncia-a-desastrosa-situacion-do-centro-de-atencion-a-discapacidade-souto-de-leixa-e-levara-iniciativas-ao-parlamento-e-o-pleno-de-ferrol-para-pedir-unha-auditoria-da-sua-si\/\",\"url\":\"https:\/\/agrupacionespsoe.es\/acoruna\/o-psdeg-psoe-de-ferrol-denuncia-a-desastrosa-situacion-do-centro-de-atencion-a-discapacidade-souto-de-leixa-e-levara-iniciativas-ao-parlamento-e-o-pleno-de-ferrol-para-pedir-unha-auditoria-da-sua-si\/\",\"name\":\"O PSdeG-PSOE de Ferrol denuncia a \\\"desastrosa situaci\u00f3n do Centro de Atenci\u00f3n \u00e1 Discapacidade Souto de Leixa e levar\u00e1 iniciativas ao Parlamento e o Pleno de Ferrol para pedir unha auditor\u00eda da s\u00faa situaci\u00f3n e a volta \u00e1 s\u00faa xesti\u00f3n p\u00fablica - Agrupaci\u00f3n Provincial da Coru\u00f1a PSOE\",\"isPartOf\":{\"@id\":\"https:\/\/agrupacionespsoe.es\/acoruna\/#website\"},\"primaryImageOfPage\":{\"@id\":\"https:\/\/agrupacionespsoe.es\/acoruna\/o-psdeg-psoe-de-ferrol-denuncia-a-desastrosa-situacion-do-centro-de-atencion-a-discapacidade-souto-de-leixa-e-levara-iniciativas-ao-parlamento-e-o-pleno-de-ferrol-para-pedir-unha-auditoria-da-sua-si\/#primaryimage\"},\"image\":{\"@id\":\"https:\/\/agrupacionespsoe.es\/acoruna\/o-psdeg-psoe-de-ferrol-denuncia-a-desastrosa-situacion-do-centro-de-atencion-a-discapacidade-souto-de-leixa-e-levara-iniciativas-ao-parlamento-e-o-pleno-de-ferrol-para-pedir-unha-auditoria-da-sua-si\/#primaryimage\"},\"thumbnailUrl\":\"https:\/\/agrupacionespsoe.es\/acoruna\/wp-content\/uploads\/sites\/198\/2024\/08\/Angel-Mato-Ferrol-1.jpg\",\"datePublished\":\"2024-08-01T12:05:00+00:00\",\"dateModified\":\"2024-08-02T10:16:33+00:00\",\"description\":\"Os socialistas lembran que o centro foi privatizado polo goberno do PP na\u00a0 Xunta de Galicia e s\u00famanse \u00e1s protestas de familias das persoas usuarias e dos traballadores, que denuncian unha p\u00e9sima xesti\u00f3n e carencias de persoal e medios que afectan gravemente \u00e1 calidade asistencial\",\"breadcrumb\":{\"@id\":\"https:\/\/agrupacionespsoe.es\/acoruna\/o-psdeg-psoe-de-ferrol-denuncia-a-desastrosa-situacion-do-centro-de-atencion-a-discapacidade-souto-de-leixa-e-levara-iniciativas-ao-parlamento-e-o-pleno-de-ferrol-para-pedir-unha-auditoria-da-sua-si\/#breadcrumb\"},\"inLanguage\":\"es\",\"potentialAction\":[{\"@type\":\"ReadAction\",\"target\":[\"https:\/\/agrupacionespsoe.es\/acoruna\/o-psdeg-psoe-de-ferrol-denuncia-a-desastrosa-situacion-do-centro-de-atencion-a-discapacidade-souto-de-leixa-e-levara-iniciativas-ao-parlamento-e-o-pleno-de-ferrol-para-pedir-unha-auditoria-da-sua-si\/\"]}]},{\"@type\":\"ImageObject\",\"inLanguage\":\"es\",\"@id\":\"https:\/\/agrupacionespsoe.es\/acoruna\/o-psdeg-psoe-de-ferrol-denuncia-a-desastrosa-situacion-do-centro-de-atencion-a-discapacidade-souto-de-leixa-e-levara-iniciativas-ao-parlamento-e-o-pleno-de-ferrol-para-pedir-unha-auditoria-da-sua-si\/#primaryimage\",\"url\":\"https:\/\/agrupacionespsoe.es\/acoruna\/wp-content\/uploads\/sites\/198\/2024\/08\/Angel-Mato-Ferrol-1.jpg\",\"contentUrl\":\"https:\/\/agrupacionespsoe.es\/acoruna\/wp-content\/uploads\/sites\/198\/2024\/08\/Angel-Mato-Ferrol-1.jpg\",\"width\":550,\"height\":708},{\"@type\":\"BreadcrumbList\",\"@id\":\"https:\/\/agrupacionespsoe.es\/acoruna\/o-psdeg-psoe-de-ferrol-denuncia-a-desastrosa-situacion-do-centro-de-atencion-a-discapacidade-souto-de-leixa-e-levara-iniciativas-ao-parlamento-e-o-pleno-de-ferrol-para-pedir-unha-auditoria-da-sua-si\/#breadcrumb\",\"itemListElement\":[{\"@type\":\"ListItem\",\"position\":1,\"name\":\"Portada\",\"item\":\"https:\/\/agrupacionespsoe.es\/acoruna\/\"},{\"@type\":\"ListItem\",\"position\":2,\"name\":\"O PSdeG-PSOE de Ferrol denuncia a \u00abdesastrosa situaci\u00f3n do Centro de Atenci\u00f3n \u00e1 Discapacidade Souto de Leixa e levar\u00e1 iniciativas ao Parlamento e o Pleno de Ferrol para pedir unha auditor\u00eda da s\u00faa situaci\u00f3n e a volta \u00e1 s\u00faa xesti\u00f3n p\u00fablica\"}]},{\"@type\":\"WebSite\",\"@id\":\"https:\/\/agrupacionespsoe.es\/acoruna\/#website\",\"url\":\"https:\/\/agrupacionespsoe.es\/acoruna\/\",\"name\":\"Agrupaci\u00f3n Provincial da Coru\u00f1a PSOE\",\"description\":\"Provincial PSdeG-PSOE da Coru\u00f1a\",\"publisher\":{\"@id\":\"https:\/\/agrupacionespsoe.es\/acoruna\/#organization\"},\"potentialAction\":[{\"@type\":\"SearchAction\",\"target\":{\"@type\":\"EntryPoint\",\"urlTemplate\":\"https:\/\/agrupacionespsoe.es\/acoruna\/?s={search_term_string}\"},\"query-input\":{\"@type\":\"PropertyValueSpecification\",\"valueRequired\":true,\"valueName\":\"search_term_string\"}}],\"inLanguage\":\"es\"},{\"@type\":\"Organization\",\"@id\":\"https:\/\/agrupacionespsoe.es\/acoruna\/#organization\",\"name\":\"Agrupaci\u00f3n Provincial da Coru\u00f1a PSOE\",\"url\":\"https:\/\/agrupacionespsoe.es\/acoruna\/\",\"logo\":{\"@type\":\"ImageObject\",\"inLanguage\":\"es\",\"@id\":\"https:\/\/agrupacionespsoe.es\/acoruna\/#\/schema\/logo\/image\/\",\"url\":\"https:\/\/agrupacionespsoe.es\/wp-content\/uploads\/2022\/07\/Logotipo_electoral_del_PSOE.png\",\"contentUrl\":\"https:\/\/agrupacionespsoe.es\/wp-content\/uploads\/2022\/07\/Logotipo_electoral_del_PSOE.png\",\"width\":422,\"height\":422,\"caption\":\"Agrupaci\u00f3n Provincial da Coru\u00f1a PSOE\"},\"image\":{\"@id\":\"https:\/\/agrupacionespsoe.es\/acoruna\/#\/schema\/logo\/image\/\"}},{\"@type\":\"Person\",\"@id\":\"https:\/\/agrupacionespsoe.es\/acoruna\/#\/schema\/person\/dbf2b36187b136d06a53f7937d5d5af9\",\"name\":\"Olympia M\u00e9ndez\",\"image\":{\"@type\":\"ImageObject\",\"inLanguage\":\"es\",\"@id\":\"https:\/\/agrupacionespsoe.es\/acoruna\/#\/schema\/person\/image\/\",\"url\":\"https:\/\/secure.gravatar.com\/avatar\/12db1fb8bfe20deb7a2d4ddc95b9042b?s=96&d=mm&r=g\",\"contentUrl\":\"https:\/\/secure.gravatar.com\/avatar\/12db1fb8bfe20deb7a2d4ddc95b9042b?s=96&d=mm&r=g\",\"caption\":\"Olympia M\u00e9ndez\"},\"url\":\"https:\/\/agrupacionespsoe.es\/acoruna\/author\/acoruna2\/\"}]}<\/script>\n<!-- \/ Yoast SEO plugin. -->","yoast_head_json":{"title":"O PSdeG-PSOE de Ferrol denuncia a \"desastrosa situaci\u00f3n do Centro de Atenci\u00f3n \u00e1 Discapacidade Souto de Leixa e levar\u00e1 iniciativas ao Parlamento e o Pleno de Ferrol para pedir unha auditor\u00eda da s\u00faa situaci\u00f3n e a volta \u00e1 s\u00faa xesti\u00f3n p\u00fablica - Agrupaci\u00f3n Provincial da Coru\u00f1a PSOE","description":"Os socialistas lembran que o centro foi privatizado polo goberno do PP na\u00a0 Xunta de Galicia e s\u00famanse \u00e1s protestas de familias das persoas usuarias e dos traballadores, que denuncian unha p\u00e9sima xesti\u00f3n e carencias de persoal e medios que afectan gravemente \u00e1 calidade asistencial","robots":{"index":"index","follow":"follow","max-snippet":"max-snippet:-1","max-image-preview":"max-image-preview:large","max-video-preview":"max-video-preview:-1"},"canonical":"https:\/\/agrupacionespsoe.es\/acoruna\/o-psdeg-psoe-de-ferrol-denuncia-a-desastrosa-situacion-do-centro-de-atencion-a-discapacidade-souto-de-leixa-e-levara-iniciativas-ao-parlamento-e-o-pleno-de-ferrol-para-pedir-unha-auditoria-da-sua-si\/","og_locale":"es_ES","og_type":"article","og_title":"O PSdeG-PSOE de Ferrol denuncia a \"desastrosa situaci\u00f3n do Centro de Atenci\u00f3n \u00e1 Discapacidade Souto de Leixa e levar\u00e1 iniciativas ao Parlamento e o Pleno de Ferrol para pedir unha auditor\u00eda da s\u00faa situaci\u00f3n e a volta \u00e1 s\u00faa xesti\u00f3n p\u00fablica - Agrupaci\u00f3n Provincial da Coru\u00f1a PSOE","og_description":"Os socialistas lembran que o centro foi privatizado polo goberno do PP na\u00a0 Xunta de Galicia e s\u00famanse \u00e1s protestas de familias das persoas usuarias e dos traballadores, que denuncian unha p\u00e9sima xesti\u00f3n e carencias de persoal e medios que afectan gravemente \u00e1 calidade asistencial","og_url":"https:\/\/agrupacionespsoe.es\/acoruna\/o-psdeg-psoe-de-ferrol-denuncia-a-desastrosa-situacion-do-centro-de-atencion-a-discapacidade-souto-de-leixa-e-levara-iniciativas-ao-parlamento-e-o-pleno-de-ferrol-para-pedir-unha-auditoria-da-sua-si\/","og_site_name":"Agrupaci\u00f3n Provincial da Coru\u00f1a PSOE","article_published_time":"2024-08-01T12:05:00+00:00","article_modified_time":"2024-08-02T10:16:33+00:00","og_image":[{"width":550,"height":708,"url":"https:\/\/agrupacionespsoe.es\/acoruna\/wp-content\/uploads\/sites\/198\/2024\/08\/Angel-Mato-Ferrol-1.jpg","type":"image\/jpeg"}],"author":"Olympia M\u00e9ndez","twitter_card":"summary_large_image","twitter_misc":{"Escrito por":"Olympia M\u00e9ndez","Tiempo de lectura":"2 minutos"},"schema":{"@context":"https:\/\/schema.org","@graph":[{"@type":"Article","@id":"https:\/\/agrupacionespsoe.es\/acoruna\/o-psdeg-psoe-de-ferrol-denuncia-a-desastrosa-situacion-do-centro-de-atencion-a-discapacidade-souto-de-leixa-e-levara-iniciativas-ao-parlamento-e-o-pleno-de-ferrol-para-pedir-unha-auditoria-da-sua-si\/#article","isPartOf":{"@id":"https:\/\/agrupacionespsoe.es\/acoruna\/o-psdeg-psoe-de-ferrol-denuncia-a-desastrosa-situacion-do-centro-de-atencion-a-discapacidade-souto-de-leixa-e-levara-iniciativas-ao-parlamento-e-o-pleno-de-ferrol-para-pedir-unha-auditoria-da-sua-si\/"},"author":{"name":"Olympia M\u00e9ndez","@id":"https:\/\/agrupacionespsoe.es\/acoruna\/#\/schema\/person\/dbf2b36187b136d06a53f7937d5d5af9"},"headline":"O PSdeG-PSOE de Ferrol denuncia a &#8220;desastrosa situaci\u00f3n do Centro de Atenci\u00f3n \u00e1 Discapacidade Souto de Leixa e levar\u00e1 iniciativas ao Parlamento e o Pleno de Ferrol para pedir unha auditor\u00eda da s\u00faa situaci\u00f3n e a volta \u00e1 s\u00faa xesti\u00f3n p\u00fablica","datePublished":"2024-08-01T12:05:00+00:00","dateModified":"2024-08-02T10:16:33+00:00","mainEntityOfPage":{"@id":"https:\/\/agrupacionespsoe.es\/acoruna\/o-psdeg-psoe-de-ferrol-denuncia-a-desastrosa-situacion-do-centro-de-atencion-a-discapacidade-souto-de-leixa-e-levara-iniciativas-ao-parlamento-e-o-pleno-de-ferrol-para-pedir-unha-auditoria-da-sua-si\/"},"wordCount":437,"commentCount":0,"publisher":{"@id":"https:\/\/agrupacionespsoe.es\/acoruna\/#organization"},"image":{"@id":"https:\/\/agrupacionespsoe.es\/acoruna\/o-psdeg-psoe-de-ferrol-denuncia-a-desastrosa-situacion-do-centro-de-atencion-a-discapacidade-souto-de-leixa-e-levara-iniciativas-ao-parlamento-e-o-pleno-de-ferrol-para-pedir-unha-auditoria-da-sua-si\/#primaryimage"},"thumbnailUrl":"https:\/\/agrupacionespsoe.es\/acoruna\/wp-content\/uploads\/sites\/198\/2024\/08\/Angel-Mato-Ferrol-1.jpg","keywords":["\u00c1ngel Mato","Ferrol","Ferrolterra","Pol\u00edticas Sociais","PSdeG-PSOE","Socialistas"],"articleSection":["Ferrol","Pol\u00edticas Sociais"],"inLanguage":"es","potentialAction":[{"@type":"CommentAction","name":"Comment","target":["https:\/\/agrupacionespsoe.es\/acoruna\/o-psdeg-psoe-de-ferrol-denuncia-a-desastrosa-situacion-do-centro-de-atencion-a-discapacidade-souto-de-leixa-e-levara-iniciativas-ao-parlamento-e-o-pleno-de-ferrol-para-pedir-unha-auditoria-da-sua-si\/#respond"]}]},{"@type":"WebPage","@id":"https:\/\/agrupacionespsoe.es\/acoruna\/o-psdeg-psoe-de-ferrol-denuncia-a-desastrosa-situacion-do-centro-de-atencion-a-discapacidade-souto-de-leixa-e-levara-iniciativas-ao-parlamento-e-o-pleno-de-ferrol-para-pedir-unha-auditoria-da-sua-si\/","url":"https:\/\/agrupacionespsoe.es\/acoruna\/o-psdeg-psoe-de-ferrol-denuncia-a-desastrosa-situacion-do-centro-de-atencion-a-discapacidade-souto-de-leixa-e-levara-iniciativas-ao-parlamento-e-o-pleno-de-ferrol-para-pedir-unha-auditoria-da-sua-si\/","name":"O PSdeG-PSOE de Ferrol denuncia a \"desastrosa situaci\u00f3n do Centro de Atenci\u00f3n \u00e1 Discapacidade Souto de Leixa e levar\u00e1 iniciativas ao Parlamento e o Pleno de Ferrol para pedir unha auditor\u00eda da s\u00faa situaci\u00f3n e a volta \u00e1 s\u00faa xesti\u00f3n p\u00fablica - Agrupaci\u00f3n Provincial da Coru\u00f1a PSOE","isPartOf":{"@id":"https:\/\/agrupacionespsoe.es\/acoruna\/#website"},"primaryImageOfPage":{"@id":"https:\/\/agrupacionespsoe.es\/acoruna\/o-psdeg-psoe-de-ferrol-denuncia-a-desastrosa-situacion-do-centro-de-atencion-a-discapacidade-souto-de-leixa-e-levara-iniciativas-ao-parlamento-e-o-pleno-de-ferrol-para-pedir-unha-auditoria-da-sua-si\/#primaryimage"},"image":{"@id":"https:\/\/agrupacionespsoe.es\/acoruna\/o-psdeg-psoe-de-ferrol-denuncia-a-desastrosa-situacion-do-centro-de-atencion-a-discapacidade-souto-de-leixa-e-levara-iniciativas-ao-parlamento-e-o-pleno-de-ferrol-para-pedir-unha-auditoria-da-sua-si\/#primaryimage"},"thumbnailUrl":"https:\/\/agrupacionespsoe.es\/acoruna\/wp-content\/uploads\/sites\/198\/2024\/08\/Angel-Mato-Ferrol-1.jpg","datePublished":"2024-08-01T12:05:00+00:00","dateModified":"2024-08-02T10:16:33+00:00","description":"Os socialistas lembran que o centro foi privatizado polo goberno do PP na\u00a0 Xunta de Galicia e s\u00famanse \u00e1s protestas de familias das persoas usuarias e dos traballadores, que denuncian unha p\u00e9sima xesti\u00f3n e carencias de persoal e medios que afectan gravemente \u00e1 calidade asistencial","breadcrumb":{"@id":"https:\/\/agrupacionespsoe.es\/acoruna\/o-psdeg-psoe-de-ferrol-denuncia-a-desastrosa-situacion-do-centro-de-atencion-a-discapacidade-souto-de-leixa-e-levara-iniciativas-ao-parlamento-e-o-pleno-de-ferrol-para-pedir-unha-auditoria-da-sua-si\/#breadcrumb"},"inLanguage":"es","potentialAction":[{"@type":"ReadAction","target":["https:\/\/agrupacionespsoe.es\/acoruna\/o-psdeg-psoe-de-ferrol-denuncia-a-desastrosa-situacion-do-centro-de-atencion-a-discapacidade-souto-de-leixa-e-levara-iniciativas-ao-parlamento-e-o-pleno-de-ferrol-para-pedir-unha-auditoria-da-sua-si\/"]}]},{"@type":"ImageObject","inLanguage":"es","@id":"https:\/\/agrupacionespsoe.es\/acoruna\/o-psdeg-psoe-de-ferrol-denuncia-a-desastrosa-situacion-do-centro-de-atencion-a-discapacidade-souto-de-leixa-e-levara-iniciativas-ao-parlamento-e-o-pleno-de-ferrol-para-pedir-unha-auditoria-da-sua-si\/#primaryimage","url":"https:\/\/agrupacionespsoe.es\/acoruna\/wp-content\/uploads\/sites\/198\/2024\/08\/Angel-Mato-Ferrol-1.jpg","contentUrl":"https:\/\/agrupacionespsoe.es\/acoruna\/wp-content\/uploads\/sites\/198\/2024\/08\/Angel-Mato-Ferrol-1.jpg","width":550,"height":708},{"@type":"BreadcrumbList","@id":"https:\/\/agrupacionespsoe.es\/acoruna\/o-psdeg-psoe-de-ferrol-denuncia-a-desastrosa-situacion-do-centro-de-atencion-a-discapacidade-souto-de-leixa-e-levara-iniciativas-ao-parlamento-e-o-pleno-de-ferrol-para-pedir-unha-auditoria-da-sua-si\/#breadcrumb","itemListElement":[{"@type":"ListItem","position":1,"name":"Portada","item":"https:\/\/agrupacionespsoe.es\/acoruna\/"},{"@type":"ListItem","position":2,"name":"O PSdeG-PSOE de Ferrol denuncia a \u00abdesastrosa situaci\u00f3n do Centro de Atenci\u00f3n \u00e1 Discapacidade Souto de Leixa e levar\u00e1 iniciativas ao Parlamento e o Pleno de Ferrol para pedir unha auditor\u00eda da s\u00faa situaci\u00f3n e a volta \u00e1 s\u00faa xesti\u00f3n p\u00fablica"}]},{"@type":"WebSite","@id":"https:\/\/agrupacionespsoe.es\/acoruna\/#website","url":"https:\/\/agrupacionespsoe.es\/acoruna\/","name":"Agrupaci\u00f3n Provincial da Coru\u00f1a PSOE","description":"Provincial PSdeG-PSOE da Coru\u00f1a","publisher":{"@id":"https:\/\/agrupacionespsoe.es\/acoruna\/#organization"},"potentialAction":[{"@type":"SearchAction","target":{"@type":"EntryPoint","urlTemplate":"https:\/\/agrupacionespsoe.es\/acoruna\/?s={search_term_string}"},"query-input":{"@type":"PropertyValueSpecification","valueRequired":true,"valueName":"search_term_string"}}],"inLanguage":"es"},{"@type":"Organization","@id":"https:\/\/agrupacionespsoe.es\/acoruna\/#organization","name":"Agrupaci\u00f3n Provincial da Coru\u00f1a PSOE","url":"https:\/\/agrupacionespsoe.es\/acoruna\/","logo":{"@type":"ImageObject","inLanguage":"es","@id":"https:\/\/agrupacionespsoe.es\/acoruna\/#\/schema\/logo\/image\/","url":"https:\/\/agrupacionespsoe.es\/wp-content\/uploads\/2022\/07\/Logotipo_electoral_del_PSOE.png","contentUrl":"https:\/\/agrupacionespsoe.es\/wp-content\/uploads\/2022\/07\/Logotipo_electoral_del_PSOE.png","width":422,"height":422,"caption":"Agrupaci\u00f3n Provincial da Coru\u00f1a PSOE"},"image":{"@id":"https:\/\/agrupacionespsoe.es\/acoruna\/#\/schema\/logo\/image\/"}},{"@type":"Person","@id":"https:\/\/agrupacionespsoe.es\/acoruna\/#\/schema\/person\/dbf2b36187b136d06a53f7937d5d5af9","name":"Olympia M\u00e9ndez","image":{"@type":"ImageObject","inLanguage":"es","@id":"https:\/\/agrupacionespsoe.es\/acoruna\/#\/schema\/person\/image\/","url":"https:\/\/secure.gravatar.com\/avatar\/12db1fb8bfe20deb7a2d4ddc95b9042b?s=96&d=mm&r=g","contentUrl":"https:\/\/secure.gravatar.com\/avatar\/12db1fb8bfe20deb7a2d4ddc95b9042b?s=96&d=mm&r=g","caption":"Olympia M\u00e9ndez"},"url":"https:\/\/agrupacionespsoe.es\/acoruna\/author\/acoruna2\/"}]}},"jetpack_featured_media_url":"https:\/\/agrupacionespsoe.es\/acoruna\/wp-content\/uploads\/sites\/198\/2024\/08\/Angel-Mato-Ferrol-1.jpg","jetpack_sharing_enabled":true,"jetpack_likes_enabled":true,"_links":{"self":[{"href":"https:\/\/agrupacionespsoe.es\/acoruna\/wp-json\/wp\/v2\/posts\/752","targetHints":{"allow":["GET"]}}],"collection":[{"href":"https:\/\/agrupacionespsoe.es\/acoruna\/wp-json\/wp\/v2\/posts"}],"about":[{"href":"https:\/\/agrupacionespsoe.es\/acoruna\/wp-json\/wp\/v2\/types\/post"}],"author":[{"embeddable":true,"href":"https:\/\/agrupacionespsoe.es\/acoruna\/wp-json\/wp\/v2\/users\/282"}],"replies":[{"embeddable":true,"href":"https:\/\/agrupacionespsoe.es\/acoruna\/wp-json\/wp\/v2\/comments?post=752"}],"version-history":[{"count":4,"href":"https:\/\/agrupacionespsoe.es\/acoruna\/wp-json\/wp\/v2\/posts\/752\/revisions"}],"predecessor-version":[{"id":761,"href":"https:\/\/agrupacionespsoe.es\/acoruna\/wp-json\/wp\/v2\/posts\/752\/revisions\/761"}],"wp:featuredmedia":[{"embeddable":true,"href":"https:\/\/agrupacionespsoe.es\/acoruna\/wp-json\/wp\/v2\/media\/755"}],"wp:attachment":[{"href":"https:\/\/agrupacionespsoe.es\/acoruna\/wp-json\/wp\/v2\/media?parent=752"}],"wp:term":[{"taxonomy":"category","embeddable":true,"href":"https:\/\/agrupacionespsoe.es\/acoruna\/wp-json\/wp\/v2\/categories?post=752"},{"taxonomy":"post_tag","embeddable":true,"href":"https:\/\/agrupacionespsoe.es\/acoruna\/wp-json\/wp\/v2\/tags?post=752"}],"curies":[{"name":"wp","href":"https:\/\/api.w.org\/{rel}","templated":true}]}}