{"id":719,"date":"2024-07-11T18:19:44","date_gmt":"2024-07-11T16:19:44","guid":{"rendered":"https:\/\/agrupacionespsoe.es\/acoruna\/?p=719"},"modified":"2024-07-11T18:19:44","modified_gmt":"2024-07-11T16:19:44","slug":"el-psoe-de-oleiros-exige-al-concello-implicacion-para-ayudar-a-los-padres-y-madres-con-hijos-con-necesidades-de-apoyo","status":"publish","type":"post","link":"https:\/\/agrupacionespsoe.es\/acoruna\/el-psoe-de-oleiros-exige-al-concello-implicacion-para-ayudar-a-los-padres-y-madres-con-hijos-con-necesidades-de-apoyo\/","title":{"rendered":"El PSOE de Oleiros exige al concello implicaci\u00f3n para ayudar a los padres y madres con hijos con necesidades de apoyo"},"content":{"rendered":"\n<p><strong>El Grupo Municipal Socialista de Oleiros present\u00f3 en este sentido una moci\u00f3n en el \u00faltimo pleno que el alcalde impidi\u00f3 debatir, dejando claro su escaso inter\u00e9s en atender los problemas de los vecinos. <\/strong><\/p>\n\n\n\n<p><strong>Ahora mismo la Xunta tiene abierta una convocatoria dirigida a ayuntamientos para extender la Red de Atenci\u00f3n Temprana, por lo que los socialistas exigen que Oleiros se presente a esta convocatoria y se implique para dar respuesta lo antes posible a las necesidades de ni\u00f1os de 0 a 6 a\u00f1os con problemas de desarrollo o con riesgo de padecerlos<\/strong>.<\/p>\n\n\n\n<p class=\"has-medium-font-size\">El Grupo Municipal Socialista present\u00f3 una Moci\u00f3n en el pasado pleno&nbsp;<strong>instando al Gobierno del Concello de Oleiros a que asuma los deberes que tiene con los vecinos y vecinas de Oleiros<\/strong>, padres y madres de ni\u00f1os y ni\u00f1as con necesidades especiales.<\/p>\n\n\n\n<p class=\"has-medium-font-size\">Los Socialistas ped\u00edamos en esa Moci\u00f3n la implicaci\u00f3n de la alcald\u00eda de Oleiros en la ATENCI\u00d3N TEMPRANA, como ya est\u00e1n haciendo otros ayuntamientos del entorno como Abegondo, Bergondo, Sada, Cambre, Arteixo, Carral, etc&#8230;Pero&nbsp;<strong>el Sr. Garc\u00eda ni siquiera nos permiti\u00f3 el debate de la iniciativa votando en contra para impedir hasta hablar del problema y de las necesidades de unos menores que necesitan atenci\u00f3n especial y del apoyo a sus familias<\/strong>.<\/p>\n\n\n\n<p class=\"has-medium-font-size\">El Decreto 183\/2013 cre\u00f3 en Galicia la Red de Atenci\u00f3n Temprana. En ese Decreto se deja claro el deber de facilitar, a trav\u00e9s de los servicios p\u00fablicos, una actuaci\u00f3n trascendente para el progreso de esos ni\u00f1os y ni\u00f1as de 0 a 6 a\u00f1os con necesidades especiales. Adem\u00e1s, esa actuaci\u00f3n debe hacerse de una manera continuada, flexible y contextualizada, posibilitando una intervenci\u00f3n m\u00faltiple dirigida no solo a los ni\u00f1os y las ni\u00f1as, sino tambi\u00e9n a sus familias y a la comunidad.&nbsp;<strong>Por eso para esta actuaci\u00f3n una pieza clave es, por su cercan\u00eda, el papel activo del concello<\/strong>.<\/p>\n\n\n\n<p class=\"has-medium-font-size\">La comarca de A Coru\u00f1a cuenta con una Unidad de Atenci\u00f3n Temprana en el Hospital Teresa Herrera. Pero ese Servicio tiene a&nbsp;<strong>d\u00eda de hoy tanta demanda y carga de trabajo, que no es capaz de atender todas las solicitudes de intervenci\u00f3n que le llegan a trav\u00e9s de los Servicios de Pediatr\u00eda<\/strong>, lo que est\u00e1 provocando que ni\u00f1os y ni\u00f1as de 0 a 6 a\u00f1os est\u00e9n quedando sin atenci\u00f3n o recibiendo esa atenci\u00f3n muy tarde lo que complica el pron\u00f3stico y evoluci\u00f3n de su problema.<\/p>\n\n\n\n<p class=\"has-medium-font-size\">Sabemos que&nbsp;<strong>en Oleiros hay ni\u00f1os y ni\u00f1as, en ese rango de edad, con necesidades de apoyo que no pueden acceder al saturado servicio de atenci\u00f3n temprana del sistema p\u00fablico<\/strong>&nbsp;generando la l\u00f3gica desesperaci\u00f3n de sus padres y madres que se ven abocados a buscar soluciones fuera del sistema que non son accesibles para todos dado su coste, lo que es injusto y discriminatorio.<\/p>\n\n\n\n<p class=\"has-medium-font-size\">Otros&nbsp;<strong>ayuntamientos lim\u00edtrofes, incluso alguno gobernado por AV, m\u00e1s conscientes y sensibles que Oleiros con este problema, est\u00e1n prestando desde hace tiempo esta atenci\u00f3n<\/strong>. Sin comprometer las arcas municipales, pues est\u00e1n&nbsp;<strong>utilizando para ello las aportaciones p\u00fablicas que existen en forma de subvenci\u00f3n de la Xunta<\/strong>, y financiadas a trav\u00e9s de fondos Europeos, para prestar estos servicios en el marco de la Red Gallega de Atenci\u00f3n Temprana. De ese manera disponen de planes de intervenciones individuales para esas familias adaptadas las peculiaridades y caracter\u00edsticas de cada caso, de manera gratuita para los usuarios y usuarias, ayudando a dar soluciones y amparo la esos ni\u00f1os y ni\u00f1as necesitados de actuaciones espec\u00edficas.&nbsp;<strong>Oleiros no puede neg\u00e1rselo a sus vecinos.<\/strong><\/p>\n\n\n\n<p class=\"has-medium-font-size\"><strong>Para los socialistas la negativa del alcalde de Oleiros deja clara la falta de sensibilidad, inter\u00e9s y el desprecio absoluto por ese problema<\/strong>, por el calvario que viven a diario esos menores y sus familias. Cuando el Concello, sin gastos a\u00f1adidos ni grandes esfuerzos, podr\u00eda prestarles una ayuda fundamental e imprescindible acerc\u00e1ndoles esos cuidados que tanto precisan.<\/p>\n\n\n\n<p class=\"has-medium-font-size\">Desde el Grupo Municipal Socialista seguiremos luchando por la Atenci\u00f3n Temprana solicitando al Concello que se informe, en los distintos centros escolares del concello, del n\u00famero de ni\u00f1os y ni\u00f1as con sospecha de necesidades educativas de apoyo, que tienen escolarizados en cada uno de ellos, para poder cuantificar adecuadamente el problema. Y\u00a0<strong>exigimos que el concello se presente a la actual convocatoria abierta por la Xunta para captar fondos y poner en marcha este servicio. La buena gesti\u00f3n exige no dejar a nadie atr\u00e1s<\/strong>.&#8221;<\/p>\n","protected":false},"excerpt":{"rendered":"<p>El Grupo Municipal Socialista de Oleiros present\u00f3 en este sentido una moci\u00f3n en el \u00faltimo pleno que el alcalde impidi\u00f3 debatir, dejando claro su escaso inter\u00e9s en atender los problemas de los vecinos. Ahora mismo la Xunta tiene abierta una convocatoria dirigida a ayuntamientos para extender la Red de Atenci\u00f3n Temprana, por lo que los &#8230;<\/p>\n","protected":false},"author":282,"featured_media":523,"comment_status":"open","ping_status":"open","sticky":false,"template":"","format":"standard","meta":{"_jetpack_memberships_contains_paid_content":false,"footnotes":""},"categories":[105,99],"tags":[80,107,22,24],"class_list":["post-719","post","type-post","status-publish","format-standard","has-post-thumbnail","hentry","category-oleiros","category-politicas-sociais","tag-educacion","tag-oleiros","tag-psdeg-psoe","tag-socialistas"],"yoast_head":"<!-- This site is optimized with the Yoast SEO plugin v24.0 - https:\/\/yoast.com\/wordpress\/plugins\/seo\/ -->\n<title>El PSOE de Oleiros exige al concello implicaci\u00f3n para ayudar a los padres y madres con hijos con necesidades de apoyo - Agrupaci\u00f3n Provincial da Coru\u00f1a PSOE<\/title>\n<meta name=\"description\" content=\"El Grupo Municipal Socialista de Oleiros present\u00f3 en este sentido una moci\u00f3n en el \u00faltimo pleno que el alcalde impidi\u00f3 debatir, dejando claro su escaso inter\u00e9s en atender los problemas de los vecinos.\" \/>\n<meta name=\"robots\" content=\"index, follow, max-snippet:-1, max-image-preview:large, max-video-preview:-1\" \/>\n<link rel=\"canonical\" href=\"https:\/\/agrupacionespsoe.es\/acoruna\/el-psoe-de-oleiros-exige-al-concello-implicacion-para-ayudar-a-los-padres-y-madres-con-hijos-con-necesidades-de-apoyo\/\" \/>\n<meta property=\"og:locale\" content=\"es_ES\" \/>\n<meta property=\"og:type\" content=\"article\" \/>\n<meta property=\"og:title\" content=\"El PSOE de Oleiros exige al concello implicaci\u00f3n para ayudar a los padres y madres con hijos con necesidades de apoyo - Agrupaci\u00f3n Provincial da Coru\u00f1a PSOE\" \/>\n<meta property=\"og:description\" content=\"El Grupo Municipal Socialista de Oleiros present\u00f3 en este sentido una moci\u00f3n en el \u00faltimo pleno que el alcalde impidi\u00f3 debatir, dejando claro su escaso inter\u00e9s en atender los problemas de los vecinos.\" \/>\n<meta property=\"og:url\" content=\"https:\/\/agrupacionespsoe.es\/acoruna\/el-psoe-de-oleiros-exige-al-concello-implicacion-para-ayudar-a-los-padres-y-madres-con-hijos-con-necesidades-de-apoyo\/\" \/>\n<meta property=\"og:site_name\" content=\"Agrupaci\u00f3n Provincial da Coru\u00f1a PSOE\" \/>\n<meta property=\"article:published_time\" content=\"2024-07-11T16:19:44+00:00\" \/>\n<meta property=\"og:image\" content=\"https:\/\/agrupacionespsoe.es\/acoruna\/wp-content\/uploads\/sites\/198\/2024\/05\/Macu-Acuna-recurso-e1716807762244.jpg\" \/>\n\t<meta property=\"og:image:width\" content=\"580\" \/>\n\t<meta property=\"og:image:height\" content=\"638\" \/>\n\t<meta property=\"og:image:type\" content=\"image\/jpeg\" \/>\n<meta name=\"author\" content=\"Olympia M\u00e9ndez\" \/>\n<meta name=\"twitter:card\" content=\"summary_large_image\" \/>\n<meta name=\"twitter:label1\" content=\"Escrito por\" \/>\n\t<meta name=\"twitter:data1\" content=\"Olympia M\u00e9ndez\" \/>\n\t<meta name=\"twitter:label2\" content=\"Tiempo de lectura\" \/>\n\t<meta name=\"twitter:data2\" content=\"4 minutos\" \/>\n<script type=\"application\/ld+json\" class=\"yoast-schema-graph\">{\"@context\":\"https:\/\/schema.org\",\"@graph\":[{\"@type\":\"Article\",\"@id\":\"https:\/\/agrupacionespsoe.es\/acoruna\/el-psoe-de-oleiros-exige-al-concello-implicacion-para-ayudar-a-los-padres-y-madres-con-hijos-con-necesidades-de-apoyo\/#article\",\"isPartOf\":{\"@id\":\"https:\/\/agrupacionespsoe.es\/acoruna\/el-psoe-de-oleiros-exige-al-concello-implicacion-para-ayudar-a-los-padres-y-madres-con-hijos-con-necesidades-de-apoyo\/\"},\"author\":{\"name\":\"Olympia M\u00e9ndez\",\"@id\":\"https:\/\/agrupacionespsoe.es\/acoruna\/#\/schema\/person\/dbf2b36187b136d06a53f7937d5d5af9\"},\"headline\":\"El PSOE de Oleiros exige al concello implicaci\u00f3n para ayudar a los padres y madres con hijos con necesidades de apoyo\",\"datePublished\":\"2024-07-11T16:19:44+00:00\",\"dateModified\":\"2024-07-11T16:19:44+00:00\",\"mainEntityOfPage\":{\"@id\":\"https:\/\/agrupacionespsoe.es\/acoruna\/el-psoe-de-oleiros-exige-al-concello-implicacion-para-ayudar-a-los-padres-y-madres-con-hijos-con-necesidades-de-apoyo\/\"},\"wordCount\":810,\"commentCount\":0,\"publisher\":{\"@id\":\"https:\/\/agrupacionespsoe.es\/acoruna\/#organization\"},\"image\":{\"@id\":\"https:\/\/agrupacionespsoe.es\/acoruna\/el-psoe-de-oleiros-exige-al-concello-implicacion-para-ayudar-a-los-padres-y-madres-con-hijos-con-necesidades-de-apoyo\/#primaryimage\"},\"thumbnailUrl\":\"https:\/\/agrupacionespsoe.es\/acoruna\/wp-content\/uploads\/sites\/198\/2024\/05\/Macu-Acuna-recurso-e1716807762244.jpg\",\"keywords\":[\"Educaci\u00f3n\",\"Oleiros\",\"PSdeG-PSOE\",\"Socialistas\"],\"articleSection\":[\"Oleiros\",\"Pol\u00edticas Sociais\"],\"inLanguage\":\"es\",\"potentialAction\":[{\"@type\":\"CommentAction\",\"name\":\"Comment\",\"target\":[\"https:\/\/agrupacionespsoe.es\/acoruna\/el-psoe-de-oleiros-exige-al-concello-implicacion-para-ayudar-a-los-padres-y-madres-con-hijos-con-necesidades-de-apoyo\/#respond\"]}]},{\"@type\":\"WebPage\",\"@id\":\"https:\/\/agrupacionespsoe.es\/acoruna\/el-psoe-de-oleiros-exige-al-concello-implicacion-para-ayudar-a-los-padres-y-madres-con-hijos-con-necesidades-de-apoyo\/\",\"url\":\"https:\/\/agrupacionespsoe.es\/acoruna\/el-psoe-de-oleiros-exige-al-concello-implicacion-para-ayudar-a-los-padres-y-madres-con-hijos-con-necesidades-de-apoyo\/\",\"name\":\"El PSOE de Oleiros exige al concello implicaci\u00f3n para ayudar a los padres y madres con hijos con necesidades de apoyo - Agrupaci\u00f3n Provincial da Coru\u00f1a PSOE\",\"isPartOf\":{\"@id\":\"https:\/\/agrupacionespsoe.es\/acoruna\/#website\"},\"primaryImageOfPage\":{\"@id\":\"https:\/\/agrupacionespsoe.es\/acoruna\/el-psoe-de-oleiros-exige-al-concello-implicacion-para-ayudar-a-los-padres-y-madres-con-hijos-con-necesidades-de-apoyo\/#primaryimage\"},\"image\":{\"@id\":\"https:\/\/agrupacionespsoe.es\/acoruna\/el-psoe-de-oleiros-exige-al-concello-implicacion-para-ayudar-a-los-padres-y-madres-con-hijos-con-necesidades-de-apoyo\/#primaryimage\"},\"thumbnailUrl\":\"https:\/\/agrupacionespsoe.es\/acoruna\/wp-content\/uploads\/sites\/198\/2024\/05\/Macu-Acuna-recurso-e1716807762244.jpg\",\"datePublished\":\"2024-07-11T16:19:44+00:00\",\"dateModified\":\"2024-07-11T16:19:44+00:00\",\"description\":\"El Grupo Municipal Socialista de Oleiros present\u00f3 en este sentido una moci\u00f3n en el \u00faltimo pleno que el alcalde impidi\u00f3 debatir, dejando claro su escaso inter\u00e9s en atender los problemas de los vecinos.\",\"breadcrumb\":{\"@id\":\"https:\/\/agrupacionespsoe.es\/acoruna\/el-psoe-de-oleiros-exige-al-concello-implicacion-para-ayudar-a-los-padres-y-madres-con-hijos-con-necesidades-de-apoyo\/#breadcrumb\"},\"inLanguage\":\"es\",\"potentialAction\":[{\"@type\":\"ReadAction\",\"target\":[\"https:\/\/agrupacionespsoe.es\/acoruna\/el-psoe-de-oleiros-exige-al-concello-implicacion-para-ayudar-a-los-padres-y-madres-con-hijos-con-necesidades-de-apoyo\/\"]}]},{\"@type\":\"ImageObject\",\"inLanguage\":\"es\",\"@id\":\"https:\/\/agrupacionespsoe.es\/acoruna\/el-psoe-de-oleiros-exige-al-concello-implicacion-para-ayudar-a-los-padres-y-madres-con-hijos-con-necesidades-de-apoyo\/#primaryimage\",\"url\":\"https:\/\/agrupacionespsoe.es\/acoruna\/wp-content\/uploads\/sites\/198\/2024\/05\/Macu-Acuna-recurso-e1716807762244.jpg\",\"contentUrl\":\"https:\/\/agrupacionespsoe.es\/acoruna\/wp-content\/uploads\/sites\/198\/2024\/05\/Macu-Acuna-recurso-e1716807762244.jpg\",\"width\":580,\"height\":638},{\"@type\":\"BreadcrumbList\",\"@id\":\"https:\/\/agrupacionespsoe.es\/acoruna\/el-psoe-de-oleiros-exige-al-concello-implicacion-para-ayudar-a-los-padres-y-madres-con-hijos-con-necesidades-de-apoyo\/#breadcrumb\",\"itemListElement\":[{\"@type\":\"ListItem\",\"position\":1,\"name\":\"Portada\",\"item\":\"https:\/\/agrupacionespsoe.es\/acoruna\/\"},{\"@type\":\"ListItem\",\"position\":2,\"name\":\"El PSOE de Oleiros exige al concello implicaci\u00f3n para ayudar a los padres y madres con hijos con necesidades de apoyo\"}]},{\"@type\":\"WebSite\",\"@id\":\"https:\/\/agrupacionespsoe.es\/acoruna\/#website\",\"url\":\"https:\/\/agrupacionespsoe.es\/acoruna\/\",\"name\":\"Agrupaci\u00f3n Provincial da Coru\u00f1a PSOE\",\"description\":\"Provincial PSdeG-PSOE da Coru\u00f1a\",\"publisher\":{\"@id\":\"https:\/\/agrupacionespsoe.es\/acoruna\/#organization\"},\"potentialAction\":[{\"@type\":\"SearchAction\",\"target\":{\"@type\":\"EntryPoint\",\"urlTemplate\":\"https:\/\/agrupacionespsoe.es\/acoruna\/?s={search_term_string}\"},\"query-input\":{\"@type\":\"PropertyValueSpecification\",\"valueRequired\":true,\"valueName\":\"search_term_string\"}}],\"inLanguage\":\"es\"},{\"@type\":\"Organization\",\"@id\":\"https:\/\/agrupacionespsoe.es\/acoruna\/#organization\",\"name\":\"Agrupaci\u00f3n Provincial da Coru\u00f1a PSOE\",\"url\":\"https:\/\/agrupacionespsoe.es\/acoruna\/\",\"logo\":{\"@type\":\"ImageObject\",\"inLanguage\":\"es\",\"@id\":\"https:\/\/agrupacionespsoe.es\/acoruna\/#\/schema\/logo\/image\/\",\"url\":\"https:\/\/agrupacionespsoe.es\/wp-content\/uploads\/2022\/07\/Logotipo_electoral_del_PSOE.png\",\"contentUrl\":\"https:\/\/agrupacionespsoe.es\/wp-content\/uploads\/2022\/07\/Logotipo_electoral_del_PSOE.png\",\"width\":422,\"height\":422,\"caption\":\"Agrupaci\u00f3n Provincial da Coru\u00f1a PSOE\"},\"image\":{\"@id\":\"https:\/\/agrupacionespsoe.es\/acoruna\/#\/schema\/logo\/image\/\"}},{\"@type\":\"Person\",\"@id\":\"https:\/\/agrupacionespsoe.es\/acoruna\/#\/schema\/person\/dbf2b36187b136d06a53f7937d5d5af9\",\"name\":\"Olympia M\u00e9ndez\",\"image\":{\"@type\":\"ImageObject\",\"inLanguage\":\"es\",\"@id\":\"https:\/\/agrupacionespsoe.es\/acoruna\/#\/schema\/person\/image\/\",\"url\":\"https:\/\/secure.gravatar.com\/avatar\/12db1fb8bfe20deb7a2d4ddc95b9042b?s=96&d=mm&r=g\",\"contentUrl\":\"https:\/\/secure.gravatar.com\/avatar\/12db1fb8bfe20deb7a2d4ddc95b9042b?s=96&d=mm&r=g\",\"caption\":\"Olympia M\u00e9ndez\"},\"url\":\"https:\/\/agrupacionespsoe.es\/acoruna\/author\/acoruna2\/\"}]}<\/script>\n<!-- \/ Yoast SEO plugin. -->","yoast_head_json":{"title":"El PSOE de Oleiros exige al concello implicaci\u00f3n para ayudar a los padres y madres con hijos con necesidades de apoyo - Agrupaci\u00f3n Provincial da Coru\u00f1a PSOE","description":"El Grupo Municipal Socialista de Oleiros present\u00f3 en este sentido una moci\u00f3n en el \u00faltimo pleno que el alcalde impidi\u00f3 debatir, dejando claro su escaso inter\u00e9s en atender los problemas de los vecinos.","robots":{"index":"index","follow":"follow","max-snippet":"max-snippet:-1","max-image-preview":"max-image-preview:large","max-video-preview":"max-video-preview:-1"},"canonical":"https:\/\/agrupacionespsoe.es\/acoruna\/el-psoe-de-oleiros-exige-al-concello-implicacion-para-ayudar-a-los-padres-y-madres-con-hijos-con-necesidades-de-apoyo\/","og_locale":"es_ES","og_type":"article","og_title":"El PSOE de Oleiros exige al concello implicaci\u00f3n para ayudar a los padres y madres con hijos con necesidades de apoyo - Agrupaci\u00f3n Provincial da Coru\u00f1a PSOE","og_description":"El Grupo Municipal Socialista de Oleiros present\u00f3 en este sentido una moci\u00f3n en el \u00faltimo pleno que el alcalde impidi\u00f3 debatir, dejando claro su escaso inter\u00e9s en atender los problemas de los vecinos.","og_url":"https:\/\/agrupacionespsoe.es\/acoruna\/el-psoe-de-oleiros-exige-al-concello-implicacion-para-ayudar-a-los-padres-y-madres-con-hijos-con-necesidades-de-apoyo\/","og_site_name":"Agrupaci\u00f3n Provincial da Coru\u00f1a PSOE","article_published_time":"2024-07-11T16:19:44+00:00","og_image":[{"width":580,"height":638,"url":"https:\/\/agrupacionespsoe.es\/acoruna\/wp-content\/uploads\/sites\/198\/2024\/05\/Macu-Acuna-recurso-e1716807762244.jpg","type":"image\/jpeg"}],"author":"Olympia M\u00e9ndez","twitter_card":"summary_large_image","twitter_misc":{"Escrito por":"Olympia M\u00e9ndez","Tiempo de lectura":"4 minutos"},"schema":{"@context":"https:\/\/schema.org","@graph":[{"@type":"Article","@id":"https:\/\/agrupacionespsoe.es\/acoruna\/el-psoe-de-oleiros-exige-al-concello-implicacion-para-ayudar-a-los-padres-y-madres-con-hijos-con-necesidades-de-apoyo\/#article","isPartOf":{"@id":"https:\/\/agrupacionespsoe.es\/acoruna\/el-psoe-de-oleiros-exige-al-concello-implicacion-para-ayudar-a-los-padres-y-madres-con-hijos-con-necesidades-de-apoyo\/"},"author":{"name":"Olympia M\u00e9ndez","@id":"https:\/\/agrupacionespsoe.es\/acoruna\/#\/schema\/person\/dbf2b36187b136d06a53f7937d5d5af9"},"headline":"El PSOE de Oleiros exige al concello implicaci\u00f3n para ayudar a los padres y madres con hijos con necesidades de apoyo","datePublished":"2024-07-11T16:19:44+00:00","dateModified":"2024-07-11T16:19:44+00:00","mainEntityOfPage":{"@id":"https:\/\/agrupacionespsoe.es\/acoruna\/el-psoe-de-oleiros-exige-al-concello-implicacion-para-ayudar-a-los-padres-y-madres-con-hijos-con-necesidades-de-apoyo\/"},"wordCount":810,"commentCount":0,"publisher":{"@id":"https:\/\/agrupacionespsoe.es\/acoruna\/#organization"},"image":{"@id":"https:\/\/agrupacionespsoe.es\/acoruna\/el-psoe-de-oleiros-exige-al-concello-implicacion-para-ayudar-a-los-padres-y-madres-con-hijos-con-necesidades-de-apoyo\/#primaryimage"},"thumbnailUrl":"https:\/\/agrupacionespsoe.es\/acoruna\/wp-content\/uploads\/sites\/198\/2024\/05\/Macu-Acuna-recurso-e1716807762244.jpg","keywords":["Educaci\u00f3n","Oleiros","PSdeG-PSOE","Socialistas"],"articleSection":["Oleiros","Pol\u00edticas Sociais"],"inLanguage":"es","potentialAction":[{"@type":"CommentAction","name":"Comment","target":["https:\/\/agrupacionespsoe.es\/acoruna\/el-psoe-de-oleiros-exige-al-concello-implicacion-para-ayudar-a-los-padres-y-madres-con-hijos-con-necesidades-de-apoyo\/#respond"]}]},{"@type":"WebPage","@id":"https:\/\/agrupacionespsoe.es\/acoruna\/el-psoe-de-oleiros-exige-al-concello-implicacion-para-ayudar-a-los-padres-y-madres-con-hijos-con-necesidades-de-apoyo\/","url":"https:\/\/agrupacionespsoe.es\/acoruna\/el-psoe-de-oleiros-exige-al-concello-implicacion-para-ayudar-a-los-padres-y-madres-con-hijos-con-necesidades-de-apoyo\/","name":"El PSOE de Oleiros exige al concello implicaci\u00f3n para ayudar a los padres y madres con hijos con necesidades de apoyo - Agrupaci\u00f3n Provincial da Coru\u00f1a PSOE","isPartOf":{"@id":"https:\/\/agrupacionespsoe.es\/acoruna\/#website"},"primaryImageOfPage":{"@id":"https:\/\/agrupacionespsoe.es\/acoruna\/el-psoe-de-oleiros-exige-al-concello-implicacion-para-ayudar-a-los-padres-y-madres-con-hijos-con-necesidades-de-apoyo\/#primaryimage"},"image":{"@id":"https:\/\/agrupacionespsoe.es\/acoruna\/el-psoe-de-oleiros-exige-al-concello-implicacion-para-ayudar-a-los-padres-y-madres-con-hijos-con-necesidades-de-apoyo\/#primaryimage"},"thumbnailUrl":"https:\/\/agrupacionespsoe.es\/acoruna\/wp-content\/uploads\/sites\/198\/2024\/05\/Macu-Acuna-recurso-e1716807762244.jpg","datePublished":"2024-07-11T16:19:44+00:00","dateModified":"2024-07-11T16:19:44+00:00","description":"El Grupo Municipal Socialista de Oleiros present\u00f3 en este sentido una moci\u00f3n en el \u00faltimo pleno que el alcalde impidi\u00f3 debatir, dejando claro su escaso inter\u00e9s en atender los problemas de los vecinos.","breadcrumb":{"@id":"https:\/\/agrupacionespsoe.es\/acoruna\/el-psoe-de-oleiros-exige-al-concello-implicacion-para-ayudar-a-los-padres-y-madres-con-hijos-con-necesidades-de-apoyo\/#breadcrumb"},"inLanguage":"es","potentialAction":[{"@type":"ReadAction","target":["https:\/\/agrupacionespsoe.es\/acoruna\/el-psoe-de-oleiros-exige-al-concello-implicacion-para-ayudar-a-los-padres-y-madres-con-hijos-con-necesidades-de-apoyo\/"]}]},{"@type":"ImageObject","inLanguage":"es","@id":"https:\/\/agrupacionespsoe.es\/acoruna\/el-psoe-de-oleiros-exige-al-concello-implicacion-para-ayudar-a-los-padres-y-madres-con-hijos-con-necesidades-de-apoyo\/#primaryimage","url":"https:\/\/agrupacionespsoe.es\/acoruna\/wp-content\/uploads\/sites\/198\/2024\/05\/Macu-Acuna-recurso-e1716807762244.jpg","contentUrl":"https:\/\/agrupacionespsoe.es\/acoruna\/wp-content\/uploads\/sites\/198\/2024\/05\/Macu-Acuna-recurso-e1716807762244.jpg","width":580,"height":638},{"@type":"BreadcrumbList","@id":"https:\/\/agrupacionespsoe.es\/acoruna\/el-psoe-de-oleiros-exige-al-concello-implicacion-para-ayudar-a-los-padres-y-madres-con-hijos-con-necesidades-de-apoyo\/#breadcrumb","itemListElement":[{"@type":"ListItem","position":1,"name":"Portada","item":"https:\/\/agrupacionespsoe.es\/acoruna\/"},{"@type":"ListItem","position":2,"name":"El PSOE de Oleiros exige al concello implicaci\u00f3n para ayudar a los padres y madres con hijos con necesidades de apoyo"}]},{"@type":"WebSite","@id":"https:\/\/agrupacionespsoe.es\/acoruna\/#website","url":"https:\/\/agrupacionespsoe.es\/acoruna\/","name":"Agrupaci\u00f3n Provincial da Coru\u00f1a PSOE","description":"Provincial PSdeG-PSOE da Coru\u00f1a","publisher":{"@id":"https:\/\/agrupacionespsoe.es\/acoruna\/#organization"},"potentialAction":[{"@type":"SearchAction","target":{"@type":"EntryPoint","urlTemplate":"https:\/\/agrupacionespsoe.es\/acoruna\/?s={search_term_string}"},"query-input":{"@type":"PropertyValueSpecification","valueRequired":true,"valueName":"search_term_string"}}],"inLanguage":"es"},{"@type":"Organization","@id":"https:\/\/agrupacionespsoe.es\/acoruna\/#organization","name":"Agrupaci\u00f3n Provincial da Coru\u00f1a PSOE","url":"https:\/\/agrupacionespsoe.es\/acoruna\/","logo":{"@type":"ImageObject","inLanguage":"es","@id":"https:\/\/agrupacionespsoe.es\/acoruna\/#\/schema\/logo\/image\/","url":"https:\/\/agrupacionespsoe.es\/wp-content\/uploads\/2022\/07\/Logotipo_electoral_del_PSOE.png","contentUrl":"https:\/\/agrupacionespsoe.es\/wp-content\/uploads\/2022\/07\/Logotipo_electoral_del_PSOE.png","width":422,"height":422,"caption":"Agrupaci\u00f3n Provincial da Coru\u00f1a PSOE"},"image":{"@id":"https:\/\/agrupacionespsoe.es\/acoruna\/#\/schema\/logo\/image\/"}},{"@type":"Person","@id":"https:\/\/agrupacionespsoe.es\/acoruna\/#\/schema\/person\/dbf2b36187b136d06a53f7937d5d5af9","name":"Olympia M\u00e9ndez","image":{"@type":"ImageObject","inLanguage":"es","@id":"https:\/\/agrupacionespsoe.es\/acoruna\/#\/schema\/person\/image\/","url":"https:\/\/secure.gravatar.com\/avatar\/12db1fb8bfe20deb7a2d4ddc95b9042b?s=96&d=mm&r=g","contentUrl":"https:\/\/secure.gravatar.com\/avatar\/12db1fb8bfe20deb7a2d4ddc95b9042b?s=96&d=mm&r=g","caption":"Olympia M\u00e9ndez"},"url":"https:\/\/agrupacionespsoe.es\/acoruna\/author\/acoruna2\/"}]}},"jetpack_featured_media_url":"https:\/\/agrupacionespsoe.es\/acoruna\/wp-content\/uploads\/sites\/198\/2024\/05\/Macu-Acuna-recurso-e1716807762244.jpg","jetpack_sharing_enabled":true,"jetpack_likes_enabled":true,"_links":{"self":[{"href":"https:\/\/agrupacionespsoe.es\/acoruna\/wp-json\/wp\/v2\/posts\/719","targetHints":{"allow":["GET"]}}],"collection":[{"href":"https:\/\/agrupacionespsoe.es\/acoruna\/wp-json\/wp\/v2\/posts"}],"about":[{"href":"https:\/\/agrupacionespsoe.es\/acoruna\/wp-json\/wp\/v2\/types\/post"}],"author":[{"embeddable":true,"href":"https:\/\/agrupacionespsoe.es\/acoruna\/wp-json\/wp\/v2\/users\/282"}],"replies":[{"embeddable":true,"href":"https:\/\/agrupacionespsoe.es\/acoruna\/wp-json\/wp\/v2\/comments?post=719"}],"version-history":[{"count":2,"href":"https:\/\/agrupacionespsoe.es\/acoruna\/wp-json\/wp\/v2\/posts\/719\/revisions"}],"predecessor-version":[{"id":721,"href":"https:\/\/agrupacionespsoe.es\/acoruna\/wp-json\/wp\/v2\/posts\/719\/revisions\/721"}],"wp:featuredmedia":[{"embeddable":true,"href":"https:\/\/agrupacionespsoe.es\/acoruna\/wp-json\/wp\/v2\/media\/523"}],"wp:attachment":[{"href":"https:\/\/agrupacionespsoe.es\/acoruna\/wp-json\/wp\/v2\/media?parent=719"}],"wp:term":[{"taxonomy":"category","embeddable":true,"href":"https:\/\/agrupacionespsoe.es\/acoruna\/wp-json\/wp\/v2\/categories?post=719"},{"taxonomy":"post_tag","embeddable":true,"href":"https:\/\/agrupacionespsoe.es\/acoruna\/wp-json\/wp\/v2\/tags?post=719"}],"curies":[{"name":"wp","href":"https:\/\/api.w.org\/{rel}","templated":true}]}}