{"id":690,"date":"2024-06-19T09:45:37","date_gmt":"2024-06-19T07:45:37","guid":{"rendered":"https:\/\/agrupacionespsoe.es\/acoruna\/?p=690"},"modified":"2024-06-19T09:47:08","modified_gmt":"2024-06-19T07:47:08","slug":"obdulia-taboadela-destaca-que-mais-de-100-000-mozos-e-mozas-da-provincia-da-coruna-se-poderan","status":"publish","type":"post","link":"https:\/\/agrupacionespsoe.es\/acoruna\/obdulia-taboadela-destaca-que-mais-de-100-000-mozos-e-mozas-da-provincia-da-coruna-se-poderan\/","title":{"rendered":"Obdulia Taboadela destaca que m\u00e1is de 100.000 mozos e mozas da provincia da Coru\u00f1a se poder\u00e1n beneficiar do programa de Verano Joven e o Bono Cultural"},"content":{"rendered":"\n<p><strong>A deputada do PSdeG-PSOE no Congreso pola Coru\u00f1a sinala que estas iniciativas \u201cdemostran o compromiso do Goberno de Pedro S\u00e1nchez coa mocidade de toda Espa\u00f1a\u201d<\/strong><\/p>\n\n\n\n<p><strong>Para Taboadela, estas iniciativas dirixidas \u00e1s persoas novas \u201ccolaboran na s\u00faa formaci\u00f3n como cidad\u00e1ns a trav\u00e9s da viaxe e do consumo de cultura\u201d<\/strong><\/p>\n\n\n\n<section class=\"wp-block-psoe-separador bg-primary px-2\"><hr class=\"color-white bg-white opacity-1 h-[1px] w-full\" \/><\/section>\n\n\n\n<p class=\"has-medium-font-size\">Obdulia Taboadela, deputada socialista no Congreso pola provincia da Coru\u00f1a, sinala que o programa Verano Joven e o Bono Cultural Joven \u201cdemostran o compromiso do Goberno de Pedro S\u00e1nchez coa mocidade de toda Espa\u00f1a\u201d.<\/p>\n\n\n\n<p class=\"has-medium-font-size\">\u201cM\u00e1is de 100.000 mozos e mozas da provincia da Coru\u00f1a se poder\u00e1n beneficiar destes programas, dun total de 5.440.478 a nivel estatal\u201d, destaca a parlamentaria.<\/p>\n\n\n\n<p class=\"has-medium-font-size\">\u201cEstas iniciativas confirma unha vez m\u00e1is que este Goberno pensa na mocidade, no seu presente e no seu futuro\u201d, afirma Taboadela, xa que \u201ccolaboran na s\u00faa formaci\u00f3n como cidad\u00e1ns a trav\u00e9s da viaxe e do consumo de cultura\u201d.<\/p>\n\n\n\n<p class=\"has-medium-font-size\">Por unha banda, o programa Verano Joven permitir\u00e1 viaxar a persoas de entre 18 e 30 a\u00f1os en tren, autob\u00fas e Interrail por Espa\u00f1a e por Europa con descontos que chegan ata o 90%. Estes descontos poder\u00e1n ser aplicados a billetes mercados antes do 1 de xullo para viaxes entre esa data e o 30 de setembro de 2024.<\/p>\n\n\n\n<p class=\"has-medium-font-size\">Na provincia da Coru\u00f1a, m\u00e1is de 100.000 persoas poder\u00e1n beneficiarse desta medida, que conta cun investimento de 130 mill\u00f3ns de euros por parte do Goberno de Espa\u00f1a.<\/p>\n\n\n\n<p class=\"has-medium-font-size\">Por outra banda, o Bono Cultural Joven poder\u00e1 ser solicitado ata o d\u00eda 16 de setembro polas persoas nacidas no ano 2006, e consiste nunha tarxeta prepago de 400\u20ac que se pode empregar en todo tipo de produtos culturais, xa sexa en formato f\u00edsico ou dixital, artes esc\u00e9nicas ou patrimonio cultural.<\/p>\n\n\n\n<p class=\"has-medium-font-size\">Hai m\u00e1is de 3.300 establecementos adheridos en toda Espa\u00f1a, nos que preto de 10.000 mozos e mozas da provincia da Coru\u00f1a poder\u00e1n empregar o bono no prazo dun ano dende a data de concesi\u00f3n. \u201cA xuventude \u00e9 o futuro desta provincia e deste pa\u00eds, polo que dende o Partido Socialista seguiremos a impulsar medida como estas, para que poidan desfrutar de todo tipo de oportunidades independentemente da s\u00faa situaci\u00f3n socioecon\u00f3mica\u201d, concl\u00fae a deputada socialista.<\/p>\n","protected":false},"excerpt":{"rendered":"<p>Obdulia Taboadela, deputada socialista no Congreso pola provincia da Coru\u00f1a, sinala que o programa Verano Joven e o Bono Cultural Joven \u201cdemostran o compromiso do Goberno de Pedro S\u00e1nchez coa mocidade de toda Espa\u00f1a\u201d.<\/p>\n","protected":false},"author":282,"featured_media":409,"comment_status":"open","ping_status":"open","sticky":false,"template":"","format":"standard","meta":{"_jetpack_memberships_contains_paid_content":false,"footnotes":""},"categories":[141,151],"tags":[143,153,22,24],"class_list":["post-690","post","type-post","status-publish","format-standard","has-post-thumbnail","hentry","category-goberno-de-espana","category-xuventude","tag-goberno-de-espana","tag-obdulia-taboadela","tag-psdeg-psoe","tag-socialistas"],"yoast_head":"<!-- This site is optimized with the Yoast SEO plugin v24.0 - https:\/\/yoast.com\/wordpress\/plugins\/seo\/ -->\n<title>Obdulia Taboadela destaca que m\u00e1is de 100.000 mozos e mozas da provincia da Coru\u00f1a se poder\u00e1n beneficiar do programa de Verano Joven e o Bono Cultural - Agrupaci\u00f3n Provincial da Coru\u00f1a PSOE<\/title>\n<meta name=\"description\" content=\"A deputada do PSdeG-PSOE no Congreso pola Coru\u00f1a sinala que estas iniciativas \u201cdemostran o compromiso do Goberno de Pedro S\u00e1nchez coa mocidade de toda Espa\u00f1a\u201d\" \/>\n<meta name=\"robots\" content=\"index, follow, max-snippet:-1, max-image-preview:large, max-video-preview:-1\" \/>\n<link rel=\"canonical\" href=\"https:\/\/agrupacionespsoe.es\/acoruna\/obdulia-taboadela-destaca-que-mais-de-100-000-mozos-e-mozas-da-provincia-da-coruna-se-poderan\/\" \/>\n<meta property=\"og:locale\" content=\"es_ES\" \/>\n<meta property=\"og:type\" content=\"article\" \/>\n<meta property=\"og:title\" content=\"Obdulia Taboadela destaca que m\u00e1is de 100.000 mozos e mozas da provincia da Coru\u00f1a se poder\u00e1n beneficiar do programa de Verano Joven e o Bono Cultural - Agrupaci\u00f3n Provincial da Coru\u00f1a PSOE\" \/>\n<meta property=\"og:description\" content=\"A deputada do PSdeG-PSOE no Congreso pola Coru\u00f1a sinala que estas iniciativas \u201cdemostran o compromiso do Goberno de Pedro S\u00e1nchez coa mocidade de toda Espa\u00f1a\u201d\" \/>\n<meta property=\"og:url\" content=\"https:\/\/agrupacionespsoe.es\/acoruna\/obdulia-taboadela-destaca-que-mais-de-100-000-mozos-e-mozas-da-provincia-da-coruna-se-poderan\/\" \/>\n<meta property=\"og:site_name\" content=\"Agrupaci\u00f3n Provincial da Coru\u00f1a PSOE\" \/>\n<meta property=\"article:published_time\" content=\"2024-06-19T07:45:37+00:00\" \/>\n<meta property=\"article:modified_time\" content=\"2024-06-19T07:47:08+00:00\" \/>\n<meta property=\"og:image\" content=\"https:\/\/agrupacionespsoe.es\/acoruna\/wp-content\/uploads\/sites\/198\/2024\/05\/Obdulia-Taboadela-recurso.jpg\" \/>\n\t<meta property=\"og:image:width\" content=\"260\" \/>\n\t<meta property=\"og:image:height\" content=\"320\" \/>\n\t<meta property=\"og:image:type\" content=\"image\/jpeg\" \/>\n<meta name=\"author\" content=\"Olympia M\u00e9ndez\" \/>\n<meta name=\"twitter:card\" content=\"summary_large_image\" \/>\n<meta name=\"twitter:label1\" content=\"Escrito por\" \/>\n\t<meta name=\"twitter:data1\" content=\"Olympia M\u00e9ndez\" \/>\n\t<meta name=\"twitter:label2\" content=\"Tiempo de lectura\" \/>\n\t<meta name=\"twitter:data2\" content=\"2 minutos\" \/>\n<script type=\"application\/ld+json\" class=\"yoast-schema-graph\">{\"@context\":\"https:\/\/schema.org\",\"@graph\":[{\"@type\":\"Article\",\"@id\":\"https:\/\/agrupacionespsoe.es\/acoruna\/obdulia-taboadela-destaca-que-mais-de-100-000-mozos-e-mozas-da-provincia-da-coruna-se-poderan\/#article\",\"isPartOf\":{\"@id\":\"https:\/\/agrupacionespsoe.es\/acoruna\/obdulia-taboadela-destaca-que-mais-de-100-000-mozos-e-mozas-da-provincia-da-coruna-se-poderan\/\"},\"author\":{\"name\":\"Olympia M\u00e9ndez\",\"@id\":\"https:\/\/agrupacionespsoe.es\/acoruna\/#\/schema\/person\/dbf2b36187b136d06a53f7937d5d5af9\"},\"headline\":\"Obdulia Taboadela destaca que m\u00e1is de 100.000 mozos e mozas da provincia da Coru\u00f1a se poder\u00e1n beneficiar do programa de Verano Joven e o Bono Cultural\",\"datePublished\":\"2024-06-19T07:45:37+00:00\",\"dateModified\":\"2024-06-19T07:47:08+00:00\",\"mainEntityOfPage\":{\"@id\":\"https:\/\/agrupacionespsoe.es\/acoruna\/obdulia-taboadela-destaca-que-mais-de-100-000-mozos-e-mozas-da-provincia-da-coruna-se-poderan\/\"},\"wordCount\":408,\"commentCount\":0,\"publisher\":{\"@id\":\"https:\/\/agrupacionespsoe.es\/acoruna\/#organization\"},\"image\":{\"@id\":\"https:\/\/agrupacionespsoe.es\/acoruna\/obdulia-taboadela-destaca-que-mais-de-100-000-mozos-e-mozas-da-provincia-da-coruna-se-poderan\/#primaryimage\"},\"thumbnailUrl\":\"https:\/\/agrupacionespsoe.es\/acoruna\/wp-content\/uploads\/sites\/198\/2024\/05\/Obdulia-Taboadela-recurso.jpg\",\"keywords\":[\"Goberno de Espa\u00f1a\",\"Obdulia Taboadela\",\"PSdeG-PSOE\",\"Socialistas\"],\"articleSection\":[\"Goberno de Espa\u00f1a\",\"Xuventude\"],\"inLanguage\":\"es\",\"potentialAction\":[{\"@type\":\"CommentAction\",\"name\":\"Comment\",\"target\":[\"https:\/\/agrupacionespsoe.es\/acoruna\/obdulia-taboadela-destaca-que-mais-de-100-000-mozos-e-mozas-da-provincia-da-coruna-se-poderan\/#respond\"]}]},{\"@type\":\"WebPage\",\"@id\":\"https:\/\/agrupacionespsoe.es\/acoruna\/obdulia-taboadela-destaca-que-mais-de-100-000-mozos-e-mozas-da-provincia-da-coruna-se-poderan\/\",\"url\":\"https:\/\/agrupacionespsoe.es\/acoruna\/obdulia-taboadela-destaca-que-mais-de-100-000-mozos-e-mozas-da-provincia-da-coruna-se-poderan\/\",\"name\":\"Obdulia Taboadela destaca que m\u00e1is de 100.000 mozos e mozas da provincia da Coru\u00f1a se poder\u00e1n beneficiar do programa de Verano Joven e o Bono Cultural - Agrupaci\u00f3n Provincial da Coru\u00f1a PSOE\",\"isPartOf\":{\"@id\":\"https:\/\/agrupacionespsoe.es\/acoruna\/#website\"},\"primaryImageOfPage\":{\"@id\":\"https:\/\/agrupacionespsoe.es\/acoruna\/obdulia-taboadela-destaca-que-mais-de-100-000-mozos-e-mozas-da-provincia-da-coruna-se-poderan\/#primaryimage\"},\"image\":{\"@id\":\"https:\/\/agrupacionespsoe.es\/acoruna\/obdulia-taboadela-destaca-que-mais-de-100-000-mozos-e-mozas-da-provincia-da-coruna-se-poderan\/#primaryimage\"},\"thumbnailUrl\":\"https:\/\/agrupacionespsoe.es\/acoruna\/wp-content\/uploads\/sites\/198\/2024\/05\/Obdulia-Taboadela-recurso.jpg\",\"datePublished\":\"2024-06-19T07:45:37+00:00\",\"dateModified\":\"2024-06-19T07:47:08+00:00\",\"description\":\"A deputada do PSdeG-PSOE no Congreso pola Coru\u00f1a sinala que estas iniciativas \u201cdemostran o compromiso do Goberno de Pedro S\u00e1nchez coa mocidade de toda Espa\u00f1a\u201d\",\"breadcrumb\":{\"@id\":\"https:\/\/agrupacionespsoe.es\/acoruna\/obdulia-taboadela-destaca-que-mais-de-100-000-mozos-e-mozas-da-provincia-da-coruna-se-poderan\/#breadcrumb\"},\"inLanguage\":\"es\",\"potentialAction\":[{\"@type\":\"ReadAction\",\"target\":[\"https:\/\/agrupacionespsoe.es\/acoruna\/obdulia-taboadela-destaca-que-mais-de-100-000-mozos-e-mozas-da-provincia-da-coruna-se-poderan\/\"]}]},{\"@type\":\"ImageObject\",\"inLanguage\":\"es\",\"@id\":\"https:\/\/agrupacionespsoe.es\/acoruna\/obdulia-taboadela-destaca-que-mais-de-100-000-mozos-e-mozas-da-provincia-da-coruna-se-poderan\/#primaryimage\",\"url\":\"https:\/\/agrupacionespsoe.es\/acoruna\/wp-content\/uploads\/sites\/198\/2024\/05\/Obdulia-Taboadela-recurso.jpg\",\"contentUrl\":\"https:\/\/agrupacionespsoe.es\/acoruna\/wp-content\/uploads\/sites\/198\/2024\/05\/Obdulia-Taboadela-recurso.jpg\",\"width\":260,\"height\":320},{\"@type\":\"BreadcrumbList\",\"@id\":\"https:\/\/agrupacionespsoe.es\/acoruna\/obdulia-taboadela-destaca-que-mais-de-100-000-mozos-e-mozas-da-provincia-da-coruna-se-poderan\/#breadcrumb\",\"itemListElement\":[{\"@type\":\"ListItem\",\"position\":1,\"name\":\"Portada\",\"item\":\"https:\/\/agrupacionespsoe.es\/acoruna\/\"},{\"@type\":\"ListItem\",\"position\":2,\"name\":\"Obdulia Taboadela destaca que m\u00e1is de 100.000 mozos e mozas da provincia da Coru\u00f1a se poder\u00e1n beneficiar do programa de Verano Joven e o Bono Cultural\"}]},{\"@type\":\"WebSite\",\"@id\":\"https:\/\/agrupacionespsoe.es\/acoruna\/#website\",\"url\":\"https:\/\/agrupacionespsoe.es\/acoruna\/\",\"name\":\"Agrupaci\u00f3n Provincial da Coru\u00f1a PSOE\",\"description\":\"Provincial PSdeG-PSOE da Coru\u00f1a\",\"publisher\":{\"@id\":\"https:\/\/agrupacionespsoe.es\/acoruna\/#organization\"},\"potentialAction\":[{\"@type\":\"SearchAction\",\"target\":{\"@type\":\"EntryPoint\",\"urlTemplate\":\"https:\/\/agrupacionespsoe.es\/acoruna\/?s={search_term_string}\"},\"query-input\":{\"@type\":\"PropertyValueSpecification\",\"valueRequired\":true,\"valueName\":\"search_term_string\"}}],\"inLanguage\":\"es\"},{\"@type\":\"Organization\",\"@id\":\"https:\/\/agrupacionespsoe.es\/acoruna\/#organization\",\"name\":\"Agrupaci\u00f3n Provincial da Coru\u00f1a PSOE\",\"url\":\"https:\/\/agrupacionespsoe.es\/acoruna\/\",\"logo\":{\"@type\":\"ImageObject\",\"inLanguage\":\"es\",\"@id\":\"https:\/\/agrupacionespsoe.es\/acoruna\/#\/schema\/logo\/image\/\",\"url\":\"https:\/\/agrupacionespsoe.es\/wp-content\/uploads\/2022\/07\/Logotipo_electoral_del_PSOE.png\",\"contentUrl\":\"https:\/\/agrupacionespsoe.es\/wp-content\/uploads\/2022\/07\/Logotipo_electoral_del_PSOE.png\",\"width\":422,\"height\":422,\"caption\":\"Agrupaci\u00f3n Provincial da Coru\u00f1a PSOE\"},\"image\":{\"@id\":\"https:\/\/agrupacionespsoe.es\/acoruna\/#\/schema\/logo\/image\/\"}},{\"@type\":\"Person\",\"@id\":\"https:\/\/agrupacionespsoe.es\/acoruna\/#\/schema\/person\/dbf2b36187b136d06a53f7937d5d5af9\",\"name\":\"Olympia M\u00e9ndez\",\"image\":{\"@type\":\"ImageObject\",\"inLanguage\":\"es\",\"@id\":\"https:\/\/agrupacionespsoe.es\/acoruna\/#\/schema\/person\/image\/\",\"url\":\"https:\/\/secure.gravatar.com\/avatar\/12db1fb8bfe20deb7a2d4ddc95b9042b?s=96&d=mm&r=g\",\"contentUrl\":\"https:\/\/secure.gravatar.com\/avatar\/12db1fb8bfe20deb7a2d4ddc95b9042b?s=96&d=mm&r=g\",\"caption\":\"Olympia M\u00e9ndez\"},\"url\":\"https:\/\/agrupacionespsoe.es\/acoruna\/author\/acoruna2\/\"}]}<\/script>\n<!-- \/ Yoast SEO plugin. -->","yoast_head_json":{"title":"Obdulia Taboadela destaca que m\u00e1is de 100.000 mozos e mozas da provincia da Coru\u00f1a se poder\u00e1n beneficiar do programa de Verano Joven e o Bono Cultural - Agrupaci\u00f3n Provincial da Coru\u00f1a PSOE","description":"A deputada do PSdeG-PSOE no Congreso pola Coru\u00f1a sinala que estas iniciativas \u201cdemostran o compromiso do Goberno de Pedro S\u00e1nchez coa mocidade de toda Espa\u00f1a\u201d","robots":{"index":"index","follow":"follow","max-snippet":"max-snippet:-1","max-image-preview":"max-image-preview:large","max-video-preview":"max-video-preview:-1"},"canonical":"https:\/\/agrupacionespsoe.es\/acoruna\/obdulia-taboadela-destaca-que-mais-de-100-000-mozos-e-mozas-da-provincia-da-coruna-se-poderan\/","og_locale":"es_ES","og_type":"article","og_title":"Obdulia Taboadela destaca que m\u00e1is de 100.000 mozos e mozas da provincia da Coru\u00f1a se poder\u00e1n beneficiar do programa de Verano Joven e o Bono Cultural - Agrupaci\u00f3n Provincial da Coru\u00f1a PSOE","og_description":"A deputada do PSdeG-PSOE no Congreso pola Coru\u00f1a sinala que estas iniciativas \u201cdemostran o compromiso do Goberno de Pedro S\u00e1nchez coa mocidade de toda Espa\u00f1a\u201d","og_url":"https:\/\/agrupacionespsoe.es\/acoruna\/obdulia-taboadela-destaca-que-mais-de-100-000-mozos-e-mozas-da-provincia-da-coruna-se-poderan\/","og_site_name":"Agrupaci\u00f3n Provincial da Coru\u00f1a PSOE","article_published_time":"2024-06-19T07:45:37+00:00","article_modified_time":"2024-06-19T07:47:08+00:00","og_image":[{"width":260,"height":320,"url":"https:\/\/agrupacionespsoe.es\/acoruna\/wp-content\/uploads\/sites\/198\/2024\/05\/Obdulia-Taboadela-recurso.jpg","type":"image\/jpeg"}],"author":"Olympia M\u00e9ndez","twitter_card":"summary_large_image","twitter_misc":{"Escrito por":"Olympia M\u00e9ndez","Tiempo de lectura":"2 minutos"},"schema":{"@context":"https:\/\/schema.org","@graph":[{"@type":"Article","@id":"https:\/\/agrupacionespsoe.es\/acoruna\/obdulia-taboadela-destaca-que-mais-de-100-000-mozos-e-mozas-da-provincia-da-coruna-se-poderan\/#article","isPartOf":{"@id":"https:\/\/agrupacionespsoe.es\/acoruna\/obdulia-taboadela-destaca-que-mais-de-100-000-mozos-e-mozas-da-provincia-da-coruna-se-poderan\/"},"author":{"name":"Olympia M\u00e9ndez","@id":"https:\/\/agrupacionespsoe.es\/acoruna\/#\/schema\/person\/dbf2b36187b136d06a53f7937d5d5af9"},"headline":"Obdulia Taboadela destaca que m\u00e1is de 100.000 mozos e mozas da provincia da Coru\u00f1a se poder\u00e1n beneficiar do programa de Verano Joven e o Bono Cultural","datePublished":"2024-06-19T07:45:37+00:00","dateModified":"2024-06-19T07:47:08+00:00","mainEntityOfPage":{"@id":"https:\/\/agrupacionespsoe.es\/acoruna\/obdulia-taboadela-destaca-que-mais-de-100-000-mozos-e-mozas-da-provincia-da-coruna-se-poderan\/"},"wordCount":408,"commentCount":0,"publisher":{"@id":"https:\/\/agrupacionespsoe.es\/acoruna\/#organization"},"image":{"@id":"https:\/\/agrupacionespsoe.es\/acoruna\/obdulia-taboadela-destaca-que-mais-de-100-000-mozos-e-mozas-da-provincia-da-coruna-se-poderan\/#primaryimage"},"thumbnailUrl":"https:\/\/agrupacionespsoe.es\/acoruna\/wp-content\/uploads\/sites\/198\/2024\/05\/Obdulia-Taboadela-recurso.jpg","keywords":["Goberno de Espa\u00f1a","Obdulia Taboadela","PSdeG-PSOE","Socialistas"],"articleSection":["Goberno de Espa\u00f1a","Xuventude"],"inLanguage":"es","potentialAction":[{"@type":"CommentAction","name":"Comment","target":["https:\/\/agrupacionespsoe.es\/acoruna\/obdulia-taboadela-destaca-que-mais-de-100-000-mozos-e-mozas-da-provincia-da-coruna-se-poderan\/#respond"]}]},{"@type":"WebPage","@id":"https:\/\/agrupacionespsoe.es\/acoruna\/obdulia-taboadela-destaca-que-mais-de-100-000-mozos-e-mozas-da-provincia-da-coruna-se-poderan\/","url":"https:\/\/agrupacionespsoe.es\/acoruna\/obdulia-taboadela-destaca-que-mais-de-100-000-mozos-e-mozas-da-provincia-da-coruna-se-poderan\/","name":"Obdulia Taboadela destaca que m\u00e1is de 100.000 mozos e mozas da provincia da Coru\u00f1a se poder\u00e1n beneficiar do programa de Verano Joven e o Bono Cultural - Agrupaci\u00f3n Provincial da Coru\u00f1a PSOE","isPartOf":{"@id":"https:\/\/agrupacionespsoe.es\/acoruna\/#website"},"primaryImageOfPage":{"@id":"https:\/\/agrupacionespsoe.es\/acoruna\/obdulia-taboadela-destaca-que-mais-de-100-000-mozos-e-mozas-da-provincia-da-coruna-se-poderan\/#primaryimage"},"image":{"@id":"https:\/\/agrupacionespsoe.es\/acoruna\/obdulia-taboadela-destaca-que-mais-de-100-000-mozos-e-mozas-da-provincia-da-coruna-se-poderan\/#primaryimage"},"thumbnailUrl":"https:\/\/agrupacionespsoe.es\/acoruna\/wp-content\/uploads\/sites\/198\/2024\/05\/Obdulia-Taboadela-recurso.jpg","datePublished":"2024-06-19T07:45:37+00:00","dateModified":"2024-06-19T07:47:08+00:00","description":"A deputada do PSdeG-PSOE no Congreso pola Coru\u00f1a sinala que estas iniciativas \u201cdemostran o compromiso do Goberno de Pedro S\u00e1nchez coa mocidade de toda Espa\u00f1a\u201d","breadcrumb":{"@id":"https:\/\/agrupacionespsoe.es\/acoruna\/obdulia-taboadela-destaca-que-mais-de-100-000-mozos-e-mozas-da-provincia-da-coruna-se-poderan\/#breadcrumb"},"inLanguage":"es","potentialAction":[{"@type":"ReadAction","target":["https:\/\/agrupacionespsoe.es\/acoruna\/obdulia-taboadela-destaca-que-mais-de-100-000-mozos-e-mozas-da-provincia-da-coruna-se-poderan\/"]}]},{"@type":"ImageObject","inLanguage":"es","@id":"https:\/\/agrupacionespsoe.es\/acoruna\/obdulia-taboadela-destaca-que-mais-de-100-000-mozos-e-mozas-da-provincia-da-coruna-se-poderan\/#primaryimage","url":"https:\/\/agrupacionespsoe.es\/acoruna\/wp-content\/uploads\/sites\/198\/2024\/05\/Obdulia-Taboadela-recurso.jpg","contentUrl":"https:\/\/agrupacionespsoe.es\/acoruna\/wp-content\/uploads\/sites\/198\/2024\/05\/Obdulia-Taboadela-recurso.jpg","width":260,"height":320},{"@type":"BreadcrumbList","@id":"https:\/\/agrupacionespsoe.es\/acoruna\/obdulia-taboadela-destaca-que-mais-de-100-000-mozos-e-mozas-da-provincia-da-coruna-se-poderan\/#breadcrumb","itemListElement":[{"@type":"ListItem","position":1,"name":"Portada","item":"https:\/\/agrupacionespsoe.es\/acoruna\/"},{"@type":"ListItem","position":2,"name":"Obdulia Taboadela destaca que m\u00e1is de 100.000 mozos e mozas da provincia da Coru\u00f1a se poder\u00e1n beneficiar do programa de Verano Joven e o Bono Cultural"}]},{"@type":"WebSite","@id":"https:\/\/agrupacionespsoe.es\/acoruna\/#website","url":"https:\/\/agrupacionespsoe.es\/acoruna\/","name":"Agrupaci\u00f3n Provincial da Coru\u00f1a PSOE","description":"Provincial PSdeG-PSOE da Coru\u00f1a","publisher":{"@id":"https:\/\/agrupacionespsoe.es\/acoruna\/#organization"},"potentialAction":[{"@type":"SearchAction","target":{"@type":"EntryPoint","urlTemplate":"https:\/\/agrupacionespsoe.es\/acoruna\/?s={search_term_string}"},"query-input":{"@type":"PropertyValueSpecification","valueRequired":true,"valueName":"search_term_string"}}],"inLanguage":"es"},{"@type":"Organization","@id":"https:\/\/agrupacionespsoe.es\/acoruna\/#organization","name":"Agrupaci\u00f3n Provincial da Coru\u00f1a PSOE","url":"https:\/\/agrupacionespsoe.es\/acoruna\/","logo":{"@type":"ImageObject","inLanguage":"es","@id":"https:\/\/agrupacionespsoe.es\/acoruna\/#\/schema\/logo\/image\/","url":"https:\/\/agrupacionespsoe.es\/wp-content\/uploads\/2022\/07\/Logotipo_electoral_del_PSOE.png","contentUrl":"https:\/\/agrupacionespsoe.es\/wp-content\/uploads\/2022\/07\/Logotipo_electoral_del_PSOE.png","width":422,"height":422,"caption":"Agrupaci\u00f3n Provincial da Coru\u00f1a PSOE"},"image":{"@id":"https:\/\/agrupacionespsoe.es\/acoruna\/#\/schema\/logo\/image\/"}},{"@type":"Person","@id":"https:\/\/agrupacionespsoe.es\/acoruna\/#\/schema\/person\/dbf2b36187b136d06a53f7937d5d5af9","name":"Olympia M\u00e9ndez","image":{"@type":"ImageObject","inLanguage":"es","@id":"https:\/\/agrupacionespsoe.es\/acoruna\/#\/schema\/person\/image\/","url":"https:\/\/secure.gravatar.com\/avatar\/12db1fb8bfe20deb7a2d4ddc95b9042b?s=96&d=mm&r=g","contentUrl":"https:\/\/secure.gravatar.com\/avatar\/12db1fb8bfe20deb7a2d4ddc95b9042b?s=96&d=mm&r=g","caption":"Olympia M\u00e9ndez"},"url":"https:\/\/agrupacionespsoe.es\/acoruna\/author\/acoruna2\/"}]}},"jetpack_featured_media_url":"https:\/\/agrupacionespsoe.es\/acoruna\/wp-content\/uploads\/sites\/198\/2024\/05\/Obdulia-Taboadela-recurso.jpg","jetpack_sharing_enabled":true,"jetpack_likes_enabled":true,"_links":{"self":[{"href":"https:\/\/agrupacionespsoe.es\/acoruna\/wp-json\/wp\/v2\/posts\/690","targetHints":{"allow":["GET"]}}],"collection":[{"href":"https:\/\/agrupacionespsoe.es\/acoruna\/wp-json\/wp\/v2\/posts"}],"about":[{"href":"https:\/\/agrupacionespsoe.es\/acoruna\/wp-json\/wp\/v2\/types\/post"}],"author":[{"embeddable":true,"href":"https:\/\/agrupacionespsoe.es\/acoruna\/wp-json\/wp\/v2\/users\/282"}],"replies":[{"embeddable":true,"href":"https:\/\/agrupacionespsoe.es\/acoruna\/wp-json\/wp\/v2\/comments?post=690"}],"version-history":[{"count":3,"href":"https:\/\/agrupacionespsoe.es\/acoruna\/wp-json\/wp\/v2\/posts\/690\/revisions"}],"predecessor-version":[{"id":693,"href":"https:\/\/agrupacionespsoe.es\/acoruna\/wp-json\/wp\/v2\/posts\/690\/revisions\/693"}],"wp:featuredmedia":[{"embeddable":true,"href":"https:\/\/agrupacionespsoe.es\/acoruna\/wp-json\/wp\/v2\/media\/409"}],"wp:attachment":[{"href":"https:\/\/agrupacionespsoe.es\/acoruna\/wp-json\/wp\/v2\/media?parent=690"}],"wp:term":[{"taxonomy":"category","embeddable":true,"href":"https:\/\/agrupacionespsoe.es\/acoruna\/wp-json\/wp\/v2\/categories?post=690"},{"taxonomy":"post_tag","embeddable":true,"href":"https:\/\/agrupacionespsoe.es\/acoruna\/wp-json\/wp\/v2\/tags?post=690"}],"curies":[{"name":"wp","href":"https:\/\/api.w.org\/{rel}","templated":true}]}}