{"id":3675,"date":"2026-09-05T13:40:21","date_gmt":"2026-09-05T11:40:21","guid":{"rendered":"https:\/\/agrupacionespsoe.es\/acoruna\/?p=3675"},"modified":"2026-09-05T13:40:22","modified_gmt":"2026-09-05T11:40:22","slug":"o-psdeg-reclama-a-xunta-mais-profesionais-e-a-recuperacion-do-servizo-de-tarde-no-centro-de-saude-de-ordes","status":"publish","type":"post","link":"https:\/\/agrupacionespsoe.es\/acoruna\/o-psdeg-reclama-a-xunta-mais-profesionais-e-a-recuperacion-do-servizo-de-tarde-no-centro-de-saude-de-ordes\/","title":{"rendered":"O PSdeG reclama \u00e1 Xunta m\u00e1is profesionais e a recuperaci\u00f3n do servizo de tarde no centro de sa\u00fade de Ordes"},"content":{"rendered":"\n<p><strong>A voceira do PSdeG en Ordes, Noelia Rivadas denuncia que a atenci\u00f3n sanitaria no municipio est\u00e1 &#8220;moit\u00edsimo m\u00e1is limitada&#8221; e reclama tam\u00e9n un pediatra de garda, melloras na sala de fisioterapia, unha sala de raios X con persoal propio e a climatizaci\u00f3n do centro<\/strong> <br><br><strong>O deputado do PSdeG no Parlamento de Galicia, Aitor Bouza, anuncia que o Grupo Parlamentario Socialista canalizar\u00e1 estas reivindicaci\u00f3ns para instar \u00e1 Xunta a escoitar \u00e1s veci\u00f1as e veci\u00f1os de Ordes.<\/strong><\/p>\n\n\n\n<p>O PSdeG-PSOE levar\u00e1 ao Parlamento de Galicia as principais demandas da veci\u00f1anza de Ordes en materia sanitaria, co obxectivo de esixir \u00e1 Xunta que incremente os recursos humanos e materiais do Centro de Sa\u00fade e garanta unha atenci\u00f3n p\u00fablica de calidade no municipio.<\/p>\n\n\n\n<p>A voceira socialista no Concello de Ordes, Noelia Rivadas, explica que entre as principais reivindicaci\u00f3ns se atopa a recuperaci\u00f3n do servizo de tarde e o aumento do persoal sanitario. &#8220;Precisamos recuperar o servizo de tarde e aumentar o persoal do centro de Sa\u00fade. Chegamos a ter dous profesionais de medicina e dous de enfermer\u00eda. Hoxe temos unha atenci\u00f3n moito m\u00e1is limitada&#8221;, denuncia.<\/p>\n\n\n\n<p>Rivadas reclama tam\u00e9n a incorporaci\u00f3n dun pediatra de garda para o Punto de Atenci\u00f3n Continuada, as\u00ed como melloras nas condici\u00f3ns da sala de fisioterapia e a creaci\u00f3n dunha sala de raios X con persoal propio. Neste \u00faltimo caso, sinala que actualmente o municipio &#8220;depende dunha unidade m\u00f3bil que s\u00f3 permite realizar actividade programada&#8221;.<\/p>\n\n\n\n<p>Entre as demandas trasladadas polo Grupo Municipal Socialista at\u00f3panse tam\u00e9n a necesaria construci\u00f3n do heliporto e a instalaci\u00f3n dun sistema de climatizaci\u00f3n adecuado no Centro de Sa\u00fade. A voceira socialista lembra que durante o pasado ver\u00e1n &#8220;as instalaci\u00f3ns chegaron a alcanzar case os corenta graos&#8221;, po\u00f1endo de manifesto a necesidade de adaptar as infraestruturas sanitarias \u00e1s elevadas temperaturas.<\/p>\n\n\n\n<p>Pola s\u00faa banda, o deputado do PSdeG no Parlamento de Galicia, Aitor Bouza, anuncia que o Grupo Parlamentario Socialista canalizar\u00e1 estas reivindicaci\u00f3ns a trav\u00e9s de iniciativas parlamentarias para reclamar \u00e1 Xunta que &#8220;escoite as demandas de todas as s\u00faas veci\u00f1as e veci\u00f1os de Ordes&#8221;.<\/p>\n\n\n\n<p>Bouza lembra que as necesidades do municipio non se limitan \u00e1s condici\u00f3ns das instalaci\u00f3ns durante o ver\u00e1n, sen\u00f3n que a veci\u00f1anza leva tempo reclamando &#8220;un aumento dos profesionais sanitarios e tam\u00e9n que se recupere esa hora de tarde, esas atenci\u00f3ns tan importantes en horario de tarde a todos os seus veci\u00f1os e veci\u00f1as da localidade&#8221;.<\/p>\n\n\n\n<p>O deputado socialista destaca o traballo desenvolvido polo Grupo Municipal Socialista de Ordes e asegura que &#8220;levaremos e canalizaremos todas esas reivindicaci\u00f3ns e instaremos, como non pode ser doutra maneira, \u00e1 Conseller\u00eda a actuar&#8221;.<\/p>\n\n\n\n<p>Bouza reclama ao presidente da Xunta, Alfonso Rueda, que &#8220;non deixe a todas as veci\u00f1as e os veci\u00f1os de Ordes sen unha atenci\u00f3n p\u00fablica de calidade&#8221; e defende a necesidade de contar cos profesionais suficientes e cunhas infraestruturas sanitarias acordes \u00e1s necesidades da poboaci\u00f3n.<\/p>\n\n\n\n<p>&#8220;Todo iso elevaremos ao Parlamento escoitando todas estas reclamaci\u00f3ns, todas estas esixencias que fagan os galegos e galegas que viven en Ordes&#8221;, sinala o deputado, que reivindica que &#8220;non pode haber galegos de primeira e de segunda para a Xunta de Galicia&#8221;.<\/p>\n\n\n\n<p>Dende o PSdeG consideran que as demandas trasladadas pola veci\u00f1anza de Ordes deben recibir unha resposta inmediata por parte da Xunta e reclaman ao Goberno galego que incremente os recursos destinados ao municipio para garantir unha atenci\u00f3n sanitaria p\u00fablica, pr\u00f3xima e de calidade.<\/p>\n","protected":false},"excerpt":{"rendered":"<p>A voceira do PSdeG en Ordes, Noelia Rivadas denuncia que a atenci\u00f3n sanitaria no municipio est\u00e1 &#8220;moit\u00edsimo m\u00e1is limitada&#8221; e reclama tam\u00e9n un pediatra de garda, melloras na sala de fisioterapia, unha sala de raios X con persoal propio e a climatizaci\u00f3n do centro O deputado do PSdeG no Parlamento de Galicia, Aitor Bouza, anuncia &#8230;<\/p>\n","protected":false},"author":288,"featured_media":3487,"comment_status":"open","ping_status":"open","sticky":false,"template":"","format":"standard","meta":{"_jetpack_memberships_contains_paid_content":false,"footnotes":""},"categories":[349,89,111],"tags":[237,159],"class_list":["post-3675","post","type-post","status-publish","format-standard","has-post-thumbnail","hentry","category-ordes","category-sanidade","category-xunta-de-galicia","tag-sanidade","tag-xunta-de-galicia"],"yoast_head":"<!-- This site is optimized with the Yoast SEO plugin v24.0 - https:\/\/yoast.com\/wordpress\/plugins\/seo\/ -->\n<title>O PSdeG reclama \u00e1 Xunta m\u00e1is profesionais e a recuperaci\u00f3n do servizo de tarde no centro de sa\u00fade de Ordes - Agrupaci\u00f3n Provincial da Coru\u00f1a PSOE<\/title>\n<meta name=\"robots\" content=\"index, follow, max-snippet:-1, max-image-preview:large, max-video-preview:-1\" \/>\n<link rel=\"canonical\" href=\"https:\/\/agrupacionespsoe.es\/acoruna\/o-psdeg-reclama-a-xunta-mais-profesionais-e-a-recuperacion-do-servizo-de-tarde-no-centro-de-saude-de-ordes\/\" \/>\n<meta property=\"og:locale\" content=\"es_ES\" \/>\n<meta property=\"og:type\" content=\"article\" \/>\n<meta property=\"og:title\" content=\"O PSdeG reclama \u00e1 Xunta m\u00e1is profesionais e a recuperaci\u00f3n do servizo de tarde no centro de sa\u00fade de Ordes - Agrupaci\u00f3n Provincial da Coru\u00f1a PSOE\" \/>\n<meta property=\"og:description\" content=\"A voceira do PSdeG en Ordes, Noelia Rivadas denuncia que a atenci\u00f3n sanitaria no municipio est\u00e1 &#8220;moit\u00edsimo m\u00e1is limitada&#8221; e reclama tam\u00e9n un pediatra de garda, melloras na sala de fisioterapia, unha sala de raios X con persoal propio e a climatizaci\u00f3n do centro O deputado do PSdeG no Parlamento de Galicia, Aitor Bouza, anuncia ...\" \/>\n<meta property=\"og:url\" content=\"https:\/\/agrupacionespsoe.es\/acoruna\/o-psdeg-reclama-a-xunta-mais-profesionais-e-a-recuperacion-do-servizo-de-tarde-no-centro-de-saude-de-ordes\/\" \/>\n<meta property=\"og:site_name\" content=\"Agrupaci\u00f3n Provincial da Coru\u00f1a PSOE\" \/>\n<meta property=\"article:published_time\" content=\"2026-09-05T11:40:21+00:00\" \/>\n<meta property=\"article:modified_time\" content=\"2026-09-05T11:40:22+00:00\" \/>\n<meta property=\"og:image\" content=\"https:\/\/agrupacionespsoe.es\/acoruna\/wp-content\/uploads\/sites\/198\/2026\/07\/PSOE-FERROL-1-de-xullo.jpg\" \/>\n\t<meta property=\"og:image:width\" content=\"1024\" \/>\n\t<meta property=\"og:image:height\" content=\"822\" \/>\n\t<meta property=\"og:image:type\" content=\"image\/jpeg\" \/>\n<meta name=\"author\" content=\"acoruna3\" \/>\n<meta name=\"twitter:card\" content=\"summary_large_image\" \/>\n<meta name=\"twitter:label1\" content=\"Escrito por\" \/>\n\t<meta name=\"twitter:data1\" content=\"acoruna3\" \/>\n\t<meta name=\"twitter:label2\" content=\"Tiempo de lectura\" \/>\n\t<meta name=\"twitter:data2\" content=\"3 minutos\" \/>\n<script type=\"application\/ld+json\" class=\"yoast-schema-graph\">{\"@context\":\"https:\/\/schema.org\",\"@graph\":[{\"@type\":\"Article\",\"@id\":\"https:\/\/agrupacionespsoe.es\/acoruna\/o-psdeg-reclama-a-xunta-mais-profesionais-e-a-recuperacion-do-servizo-de-tarde-no-centro-de-saude-de-ordes\/#article\",\"isPartOf\":{\"@id\":\"https:\/\/agrupacionespsoe.es\/acoruna\/o-psdeg-reclama-a-xunta-mais-profesionais-e-a-recuperacion-do-servizo-de-tarde-no-centro-de-saude-de-ordes\/\"},\"author\":{\"name\":\"acoruna3\",\"@id\":\"https:\/\/agrupacionespsoe.es\/acoruna\/#\/schema\/person\/05f45136513aefe68f9f17f00bea655b\"},\"headline\":\"O PSdeG reclama \u00e1 Xunta m\u00e1is profesionais e a recuperaci\u00f3n do servizo de tarde no centro de sa\u00fade de Ordes\",\"datePublished\":\"2026-09-05T11:40:21+00:00\",\"dateModified\":\"2026-09-05T11:40:22+00:00\",\"mainEntityOfPage\":{\"@id\":\"https:\/\/agrupacionespsoe.es\/acoruna\/o-psdeg-reclama-a-xunta-mais-profesionais-e-a-recuperacion-do-servizo-de-tarde-no-centro-de-saude-de-ordes\/\"},\"wordCount\":631,\"commentCount\":0,\"publisher\":{\"@id\":\"https:\/\/agrupacionespsoe.es\/acoruna\/#organization\"},\"image\":{\"@id\":\"https:\/\/agrupacionespsoe.es\/acoruna\/o-psdeg-reclama-a-xunta-mais-profesionais-e-a-recuperacion-do-servizo-de-tarde-no-centro-de-saude-de-ordes\/#primaryimage\"},\"thumbnailUrl\":\"https:\/\/agrupacionespsoe.es\/acoruna\/wp-content\/uploads\/sites\/198\/2026\/07\/PSOE-FERROL-1-de-xullo.jpg\",\"keywords\":[\"Sanidade\",\"Xunta de Galicia\"],\"articleSection\":[\"Ordes\",\"Sanidade\",\"Xunta de Galicia\"],\"inLanguage\":\"es\",\"potentialAction\":[{\"@type\":\"CommentAction\",\"name\":\"Comment\",\"target\":[\"https:\/\/agrupacionespsoe.es\/acoruna\/o-psdeg-reclama-a-xunta-mais-profesionais-e-a-recuperacion-do-servizo-de-tarde-no-centro-de-saude-de-ordes\/#respond\"]}]},{\"@type\":\"WebPage\",\"@id\":\"https:\/\/agrupacionespsoe.es\/acoruna\/o-psdeg-reclama-a-xunta-mais-profesionais-e-a-recuperacion-do-servizo-de-tarde-no-centro-de-saude-de-ordes\/\",\"url\":\"https:\/\/agrupacionespsoe.es\/acoruna\/o-psdeg-reclama-a-xunta-mais-profesionais-e-a-recuperacion-do-servizo-de-tarde-no-centro-de-saude-de-ordes\/\",\"name\":\"O PSdeG reclama \u00e1 Xunta m\u00e1is profesionais e a recuperaci\u00f3n do servizo de tarde no centro de sa\u00fade de Ordes - Agrupaci\u00f3n Provincial da Coru\u00f1a PSOE\",\"isPartOf\":{\"@id\":\"https:\/\/agrupacionespsoe.es\/acoruna\/#website\"},\"primaryImageOfPage\":{\"@id\":\"https:\/\/agrupacionespsoe.es\/acoruna\/o-psdeg-reclama-a-xunta-mais-profesionais-e-a-recuperacion-do-servizo-de-tarde-no-centro-de-saude-de-ordes\/#primaryimage\"},\"image\":{\"@id\":\"https:\/\/agrupacionespsoe.es\/acoruna\/o-psdeg-reclama-a-xunta-mais-profesionais-e-a-recuperacion-do-servizo-de-tarde-no-centro-de-saude-de-ordes\/#primaryimage\"},\"thumbnailUrl\":\"https:\/\/agrupacionespsoe.es\/acoruna\/wp-content\/uploads\/sites\/198\/2026\/07\/PSOE-FERROL-1-de-xullo.jpg\",\"datePublished\":\"2026-09-05T11:40:21+00:00\",\"dateModified\":\"2026-09-05T11:40:22+00:00\",\"breadcrumb\":{\"@id\":\"https:\/\/agrupacionespsoe.es\/acoruna\/o-psdeg-reclama-a-xunta-mais-profesionais-e-a-recuperacion-do-servizo-de-tarde-no-centro-de-saude-de-ordes\/#breadcrumb\"},\"inLanguage\":\"es\",\"potentialAction\":[{\"@type\":\"ReadAction\",\"target\":[\"https:\/\/agrupacionespsoe.es\/acoruna\/o-psdeg-reclama-a-xunta-mais-profesionais-e-a-recuperacion-do-servizo-de-tarde-no-centro-de-saude-de-ordes\/\"]}]},{\"@type\":\"ImageObject\",\"inLanguage\":\"es\",\"@id\":\"https:\/\/agrupacionespsoe.es\/acoruna\/o-psdeg-reclama-a-xunta-mais-profesionais-e-a-recuperacion-do-servizo-de-tarde-no-centro-de-saude-de-ordes\/#primaryimage\",\"url\":\"https:\/\/agrupacionespsoe.es\/acoruna\/wp-content\/uploads\/sites\/198\/2026\/07\/PSOE-FERROL-1-de-xullo.jpg\",\"contentUrl\":\"https:\/\/agrupacionespsoe.es\/acoruna\/wp-content\/uploads\/sites\/198\/2026\/07\/PSOE-FERROL-1-de-xullo.jpg\",\"width\":1024,\"height\":822},{\"@type\":\"BreadcrumbList\",\"@id\":\"https:\/\/agrupacionespsoe.es\/acoruna\/o-psdeg-reclama-a-xunta-mais-profesionais-e-a-recuperacion-do-servizo-de-tarde-no-centro-de-saude-de-ordes\/#breadcrumb\",\"itemListElement\":[{\"@type\":\"ListItem\",\"position\":1,\"name\":\"Portada\",\"item\":\"https:\/\/agrupacionespsoe.es\/acoruna\/\"},{\"@type\":\"ListItem\",\"position\":2,\"name\":\"O PSdeG reclama \u00e1 Xunta m\u00e1is profesionais e a recuperaci\u00f3n do servizo de tarde no centro de sa\u00fade de Ordes\"}]},{\"@type\":\"WebSite\",\"@id\":\"https:\/\/agrupacionespsoe.es\/acoruna\/#website\",\"url\":\"https:\/\/agrupacionespsoe.es\/acoruna\/\",\"name\":\"Agrupaci\u00f3n Provincial da Coru\u00f1a PSOE\",\"description\":\"Provincial PSdeG-PSOE da Coru\u00f1a\",\"publisher\":{\"@id\":\"https:\/\/agrupacionespsoe.es\/acoruna\/#organization\"},\"potentialAction\":[{\"@type\":\"SearchAction\",\"target\":{\"@type\":\"EntryPoint\",\"urlTemplate\":\"https:\/\/agrupacionespsoe.es\/acoruna\/?s={search_term_string}\"},\"query-input\":{\"@type\":\"PropertyValueSpecification\",\"valueRequired\":true,\"valueName\":\"search_term_string\"}}],\"inLanguage\":\"es\"},{\"@type\":\"Organization\",\"@id\":\"https:\/\/agrupacionespsoe.es\/acoruna\/#organization\",\"name\":\"Agrupaci\u00f3n Provincial da Coru\u00f1a PSOE\",\"url\":\"https:\/\/agrupacionespsoe.es\/acoruna\/\",\"logo\":{\"@type\":\"ImageObject\",\"inLanguage\":\"es\",\"@id\":\"https:\/\/agrupacionespsoe.es\/acoruna\/#\/schema\/logo\/image\/\",\"url\":\"https:\/\/agrupacionespsoe.es\/wp-content\/uploads\/2022\/07\/Logotipo_electoral_del_PSOE.png\",\"contentUrl\":\"https:\/\/agrupacionespsoe.es\/wp-content\/uploads\/2022\/07\/Logotipo_electoral_del_PSOE.png\",\"width\":422,\"height\":422,\"caption\":\"Agrupaci\u00f3n Provincial da Coru\u00f1a PSOE\"},\"image\":{\"@id\":\"https:\/\/agrupacionespsoe.es\/acoruna\/#\/schema\/logo\/image\/\"}},{\"@type\":\"Person\",\"@id\":\"https:\/\/agrupacionespsoe.es\/acoruna\/#\/schema\/person\/05f45136513aefe68f9f17f00bea655b\",\"name\":\"acoruna3\",\"image\":{\"@type\":\"ImageObject\",\"inLanguage\":\"es\",\"@id\":\"https:\/\/agrupacionespsoe.es\/acoruna\/#\/schema\/person\/image\/\",\"url\":\"https:\/\/secure.gravatar.com\/avatar\/de46dc2dbe817ec62c4bca660e47fb1a?s=96&d=mm&r=g\",\"contentUrl\":\"https:\/\/secure.gravatar.com\/avatar\/de46dc2dbe817ec62c4bca660e47fb1a?s=96&d=mm&r=g\",\"caption\":\"acoruna3\"},\"url\":\"https:\/\/agrupacionespsoe.es\/acoruna\/author\/acoruna3\/\"}]}<\/script>\n<!-- \/ Yoast SEO plugin. -->","yoast_head_json":{"title":"O PSdeG reclama \u00e1 Xunta m\u00e1is profesionais e a recuperaci\u00f3n do servizo de tarde no centro de sa\u00fade de Ordes - Agrupaci\u00f3n Provincial da Coru\u00f1a PSOE","robots":{"index":"index","follow":"follow","max-snippet":"max-snippet:-1","max-image-preview":"max-image-preview:large","max-video-preview":"max-video-preview:-1"},"canonical":"https:\/\/agrupacionespsoe.es\/acoruna\/o-psdeg-reclama-a-xunta-mais-profesionais-e-a-recuperacion-do-servizo-de-tarde-no-centro-de-saude-de-ordes\/","og_locale":"es_ES","og_type":"article","og_title":"O PSdeG reclama \u00e1 Xunta m\u00e1is profesionais e a recuperaci\u00f3n do servizo de tarde no centro de sa\u00fade de Ordes - Agrupaci\u00f3n Provincial da Coru\u00f1a PSOE","og_description":"A voceira do PSdeG en Ordes, Noelia Rivadas denuncia que a atenci\u00f3n sanitaria no municipio est\u00e1 &#8220;moit\u00edsimo m\u00e1is limitada&#8221; e reclama tam\u00e9n un pediatra de garda, melloras na sala de fisioterapia, unha sala de raios X con persoal propio e a climatizaci\u00f3n do centro O deputado do PSdeG no Parlamento de Galicia, Aitor Bouza, anuncia ...","og_url":"https:\/\/agrupacionespsoe.es\/acoruna\/o-psdeg-reclama-a-xunta-mais-profesionais-e-a-recuperacion-do-servizo-de-tarde-no-centro-de-saude-de-ordes\/","og_site_name":"Agrupaci\u00f3n Provincial da Coru\u00f1a PSOE","article_published_time":"2026-09-05T11:40:21+00:00","article_modified_time":"2026-09-05T11:40:22+00:00","og_image":[{"width":1024,"height":822,"url":"https:\/\/agrupacionespsoe.es\/acoruna\/wp-content\/uploads\/sites\/198\/2026\/07\/PSOE-FERROL-1-de-xullo.jpg","type":"image\/jpeg"}],"author":"acoruna3","twitter_card":"summary_large_image","twitter_misc":{"Escrito por":"acoruna3","Tiempo de lectura":"3 minutos"},"schema":{"@context":"https:\/\/schema.org","@graph":[{"@type":"Article","@id":"https:\/\/agrupacionespsoe.es\/acoruna\/o-psdeg-reclama-a-xunta-mais-profesionais-e-a-recuperacion-do-servizo-de-tarde-no-centro-de-saude-de-ordes\/#article","isPartOf":{"@id":"https:\/\/agrupacionespsoe.es\/acoruna\/o-psdeg-reclama-a-xunta-mais-profesionais-e-a-recuperacion-do-servizo-de-tarde-no-centro-de-saude-de-ordes\/"},"author":{"name":"acoruna3","@id":"https:\/\/agrupacionespsoe.es\/acoruna\/#\/schema\/person\/05f45136513aefe68f9f17f00bea655b"},"headline":"O PSdeG reclama \u00e1 Xunta m\u00e1is profesionais e a recuperaci\u00f3n do servizo de tarde no centro de sa\u00fade de Ordes","datePublished":"2026-09-05T11:40:21+00:00","dateModified":"2026-09-05T11:40:22+00:00","mainEntityOfPage":{"@id":"https:\/\/agrupacionespsoe.es\/acoruna\/o-psdeg-reclama-a-xunta-mais-profesionais-e-a-recuperacion-do-servizo-de-tarde-no-centro-de-saude-de-ordes\/"},"wordCount":631,"commentCount":0,"publisher":{"@id":"https:\/\/agrupacionespsoe.es\/acoruna\/#organization"},"image":{"@id":"https:\/\/agrupacionespsoe.es\/acoruna\/o-psdeg-reclama-a-xunta-mais-profesionais-e-a-recuperacion-do-servizo-de-tarde-no-centro-de-saude-de-ordes\/#primaryimage"},"thumbnailUrl":"https:\/\/agrupacionespsoe.es\/acoruna\/wp-content\/uploads\/sites\/198\/2026\/07\/PSOE-FERROL-1-de-xullo.jpg","keywords":["Sanidade","Xunta de Galicia"],"articleSection":["Ordes","Sanidade","Xunta de Galicia"],"inLanguage":"es","potentialAction":[{"@type":"CommentAction","name":"Comment","target":["https:\/\/agrupacionespsoe.es\/acoruna\/o-psdeg-reclama-a-xunta-mais-profesionais-e-a-recuperacion-do-servizo-de-tarde-no-centro-de-saude-de-ordes\/#respond"]}]},{"@type":"WebPage","@id":"https:\/\/agrupacionespsoe.es\/acoruna\/o-psdeg-reclama-a-xunta-mais-profesionais-e-a-recuperacion-do-servizo-de-tarde-no-centro-de-saude-de-ordes\/","url":"https:\/\/agrupacionespsoe.es\/acoruna\/o-psdeg-reclama-a-xunta-mais-profesionais-e-a-recuperacion-do-servizo-de-tarde-no-centro-de-saude-de-ordes\/","name":"O PSdeG reclama \u00e1 Xunta m\u00e1is profesionais e a recuperaci\u00f3n do servizo de tarde no centro de sa\u00fade de Ordes - Agrupaci\u00f3n Provincial da Coru\u00f1a PSOE","isPartOf":{"@id":"https:\/\/agrupacionespsoe.es\/acoruna\/#website"},"primaryImageOfPage":{"@id":"https:\/\/agrupacionespsoe.es\/acoruna\/o-psdeg-reclama-a-xunta-mais-profesionais-e-a-recuperacion-do-servizo-de-tarde-no-centro-de-saude-de-ordes\/#primaryimage"},"image":{"@id":"https:\/\/agrupacionespsoe.es\/acoruna\/o-psdeg-reclama-a-xunta-mais-profesionais-e-a-recuperacion-do-servizo-de-tarde-no-centro-de-saude-de-ordes\/#primaryimage"},"thumbnailUrl":"https:\/\/agrupacionespsoe.es\/acoruna\/wp-content\/uploads\/sites\/198\/2026\/07\/PSOE-FERROL-1-de-xullo.jpg","datePublished":"2026-09-05T11:40:21+00:00","dateModified":"2026-09-05T11:40:22+00:00","breadcrumb":{"@id":"https:\/\/agrupacionespsoe.es\/acoruna\/o-psdeg-reclama-a-xunta-mais-profesionais-e-a-recuperacion-do-servizo-de-tarde-no-centro-de-saude-de-ordes\/#breadcrumb"},"inLanguage":"es","potentialAction":[{"@type":"ReadAction","target":["https:\/\/agrupacionespsoe.es\/acoruna\/o-psdeg-reclama-a-xunta-mais-profesionais-e-a-recuperacion-do-servizo-de-tarde-no-centro-de-saude-de-ordes\/"]}]},{"@type":"ImageObject","inLanguage":"es","@id":"https:\/\/agrupacionespsoe.es\/acoruna\/o-psdeg-reclama-a-xunta-mais-profesionais-e-a-recuperacion-do-servizo-de-tarde-no-centro-de-saude-de-ordes\/#primaryimage","url":"https:\/\/agrupacionespsoe.es\/acoruna\/wp-content\/uploads\/sites\/198\/2026\/07\/PSOE-FERROL-1-de-xullo.jpg","contentUrl":"https:\/\/agrupacionespsoe.es\/acoruna\/wp-content\/uploads\/sites\/198\/2026\/07\/PSOE-FERROL-1-de-xullo.jpg","width":1024,"height":822},{"@type":"BreadcrumbList","@id":"https:\/\/agrupacionespsoe.es\/acoruna\/o-psdeg-reclama-a-xunta-mais-profesionais-e-a-recuperacion-do-servizo-de-tarde-no-centro-de-saude-de-ordes\/#breadcrumb","itemListElement":[{"@type":"ListItem","position":1,"name":"Portada","item":"https:\/\/agrupacionespsoe.es\/acoruna\/"},{"@type":"ListItem","position":2,"name":"O PSdeG reclama \u00e1 Xunta m\u00e1is profesionais e a recuperaci\u00f3n do servizo de tarde no centro de sa\u00fade de Ordes"}]},{"@type":"WebSite","@id":"https:\/\/agrupacionespsoe.es\/acoruna\/#website","url":"https:\/\/agrupacionespsoe.es\/acoruna\/","name":"Agrupaci\u00f3n Provincial da Coru\u00f1a PSOE","description":"Provincial PSdeG-PSOE da Coru\u00f1a","publisher":{"@id":"https:\/\/agrupacionespsoe.es\/acoruna\/#organization"},"potentialAction":[{"@type":"SearchAction","target":{"@type":"EntryPoint","urlTemplate":"https:\/\/agrupacionespsoe.es\/acoruna\/?s={search_term_string}"},"query-input":{"@type":"PropertyValueSpecification","valueRequired":true,"valueName":"search_term_string"}}],"inLanguage":"es"},{"@type":"Organization","@id":"https:\/\/agrupacionespsoe.es\/acoruna\/#organization","name":"Agrupaci\u00f3n Provincial da Coru\u00f1a PSOE","url":"https:\/\/agrupacionespsoe.es\/acoruna\/","logo":{"@type":"ImageObject","inLanguage":"es","@id":"https:\/\/agrupacionespsoe.es\/acoruna\/#\/schema\/logo\/image\/","url":"https:\/\/agrupacionespsoe.es\/wp-content\/uploads\/2022\/07\/Logotipo_electoral_del_PSOE.png","contentUrl":"https:\/\/agrupacionespsoe.es\/wp-content\/uploads\/2022\/07\/Logotipo_electoral_del_PSOE.png","width":422,"height":422,"caption":"Agrupaci\u00f3n Provincial da Coru\u00f1a PSOE"},"image":{"@id":"https:\/\/agrupacionespsoe.es\/acoruna\/#\/schema\/logo\/image\/"}},{"@type":"Person","@id":"https:\/\/agrupacionespsoe.es\/acoruna\/#\/schema\/person\/05f45136513aefe68f9f17f00bea655b","name":"acoruna3","image":{"@type":"ImageObject","inLanguage":"es","@id":"https:\/\/agrupacionespsoe.es\/acoruna\/#\/schema\/person\/image\/","url":"https:\/\/secure.gravatar.com\/avatar\/de46dc2dbe817ec62c4bca660e47fb1a?s=96&d=mm&r=g","contentUrl":"https:\/\/secure.gravatar.com\/avatar\/de46dc2dbe817ec62c4bca660e47fb1a?s=96&d=mm&r=g","caption":"acoruna3"},"url":"https:\/\/agrupacionespsoe.es\/acoruna\/author\/acoruna3\/"}]}},"jetpack_featured_media_url":"https:\/\/agrupacionespsoe.es\/acoruna\/wp-content\/uploads\/sites\/198\/2026\/07\/PSOE-FERROL-1-de-xullo.jpg","jetpack_sharing_enabled":true,"jetpack_likes_enabled":true,"_links":{"self":[{"href":"https:\/\/agrupacionespsoe.es\/acoruna\/wp-json\/wp\/v2\/posts\/3675","targetHints":{"allow":["GET"]}}],"collection":[{"href":"https:\/\/agrupacionespsoe.es\/acoruna\/wp-json\/wp\/v2\/posts"}],"about":[{"href":"https:\/\/agrupacionespsoe.es\/acoruna\/wp-json\/wp\/v2\/types\/post"}],"author":[{"embeddable":true,"href":"https:\/\/agrupacionespsoe.es\/acoruna\/wp-json\/wp\/v2\/users\/288"}],"replies":[{"embeddable":true,"href":"https:\/\/agrupacionespsoe.es\/acoruna\/wp-json\/wp\/v2\/comments?post=3675"}],"version-history":[{"count":3,"href":"https:\/\/agrupacionespsoe.es\/acoruna\/wp-json\/wp\/v2\/posts\/3675\/revisions"}],"predecessor-version":[{"id":3678,"href":"https:\/\/agrupacionespsoe.es\/acoruna\/wp-json\/wp\/v2\/posts\/3675\/revisions\/3678"}],"wp:featuredmedia":[{"embeddable":true,"href":"https:\/\/agrupacionespsoe.es\/acoruna\/wp-json\/wp\/v2\/media\/3487"}],"wp:attachment":[{"href":"https:\/\/agrupacionespsoe.es\/acoruna\/wp-json\/wp\/v2\/media?parent=3675"}],"wp:term":[{"taxonomy":"category","embeddable":true,"href":"https:\/\/agrupacionespsoe.es\/acoruna\/wp-json\/wp\/v2\/categories?post=3675"},{"taxonomy":"post_tag","embeddable":true,"href":"https:\/\/agrupacionespsoe.es\/acoruna\/wp-json\/wp\/v2\/tags?post=3675"}],"curies":[{"name":"wp","href":"https:\/\/api.w.org\/{rel}","templated":true}]}}