{"id":3664,"date":"2026-09-03T17:15:32","date_gmt":"2026-09-03T15:15:32","guid":{"rendered":"https:\/\/agrupacionespsoe.es\/acoruna\/?p=3664"},"modified":"2026-09-03T17:15:33","modified_gmt":"2026-09-03T15:15:33","slug":"o-psdeg-levara-ao-parlamento-galego-as-reclamacions-da-comunidade-educativa-de-ordes","status":"publish","type":"post","link":"https:\/\/agrupacionespsoe.es\/acoruna\/o-psdeg-levara-ao-parlamento-galego-as-reclamacions-da-comunidade-educativa-de-ordes\/","title":{"rendered":"O PSdeG levar\u00e1 ao Parlamento galego as reclamaci\u00f3ns da comunidade educativa de Ordes"},"content":{"rendered":"\n<ul class=\"wp-block-list\">\n<li><strong><strong>Aitor Bouza e Noelia Rivadas reun\u00edronse cunha variedade de representantes dos centros educativos do municipio<\/strong><\/strong><\/li>\n<\/ul>\n\n\n\n<section class=\"wp-block-psoe-separador bg-primary px-2\"><hr class=\"color-white bg-white opacity-1 h-[1px] w-full\" \/><\/section>\n\n\n\n<p class=\"has-medium-font-size\">O PSdeG-PSOE levar\u00e1 ao Parlamento de Galicia as reivindicaci\u00f3ns da comunidade educativa de Ordes logo de reunirse con representantes da mesma. A voceira socialista local Noelia Rivadas explica que &#8220;en materia educativa \u00e1s demandas dende Ordes seguen sendo moi claras&#8221;.<\/p>\n\n\n\n<p class=\"has-medium-font-size\">&#8220;Precisamos m\u00e1is profesorado especialista tanto de PT como da AL e tam\u00e9n m\u00e1is auxiliares educativos nos centros do Mes\u00f3n do Vento, Castelao, Campomaior e IES N\u00famero 1 e Maruxa Maio&#8221;, indica a socialista.<\/p>\n\n\n\n<p class=\"has-medium-font-size\">&#8220;Tam\u00e9n reclamamos no seu d\u00eda unha reforma integral do Castelao, a dotaci\u00f3n nun comedor para o Campomaior e m\u00e1is persoal para o servizo de comedor do Mes\u00f3n do Vento, onde mesmo se chegou a solicitar un axudante de coci\u00f1a&#8221; engade.<\/p>\n\n\n\n<p class=\"has-medium-font-size\">Rivadas lamenta que &#8220;a d\u00eda de hoxe non sabemos en que condici\u00f3ns van comezar as clases en setembro, con que dotaci\u00f3n de persoal, e tampouco temos constancia de que o goberno local nin sequera solicitase unha reuni\u00f3n coa Conseller\u00eda para abordar estas necesidades&#8221;.<\/p>\n\n\n\n<p class=\"has-medium-font-size\">&#8220;Non estamos falando, por tanto, de necesidades novas, sen\u00f3n de cuesti\u00f3ns que levan moito tempo enriba da mesa e que precisan dunha xesti\u00f3n e unha resposta&#8221;, concl\u00fae a portavoz socialista.<\/p>\n\n\n\n<p class=\"has-medium-font-size\">Pola s\u00faa banda, o deputado socialista Aitor Bouza anuncia que levar\u00e1 ao Parlamento &#8220;todas as s\u00faas reivindicaci\u00f3ns, tanto de infraestruturas, de rehabilitaci\u00f3n dos centros, que tan necesarias son, inclusive de ampliaci\u00f3ns nos casos nos que as\u00ed \u00e9 necesario para que poidan ter un servizo de comedor&#8221;.<\/p>\n\n\n\n<p class=\"has-medium-font-size\">&#8220;Tam\u00e9n, por suposto, reclamaremos neste inicio de curso escolar todo o profesorado para cubrir as necesidades educativas de todo alumnado de Ordes&#8221;, salienta o deputado no Parlamento galego.<\/p>\n\n\n\n<p class=\"has-medium-font-size\">Ademais, o grupo socialista far\u00e1 &#8220;as correspondentes emendas aos orzamentos da Xunta de Galicia para que se acometan canto antes e que os dereitos das alumnas e dos alumnos de Ordes sexan reco\u00f1ecidos&#8221;.<\/p>\n\n\n\n<section class=\"wp-block-psoe-separador bg-primary px-2\"><hr class=\"color-white bg-white opacity-1 h-[1px] w-full\" \/><\/section>\n\n\n\n<figure class=\"wp-block-audio\"><audio controls src=\"https:\/\/agrupacionespsoe.es\/acoruna\/wp-content\/uploads\/sites\/198\/2026\/09\/Audio-Ordes-Noelia-Rivadas.mp3\"><\/audio><figcaption class=\"wp-element-caption\">Noelia Rivadas &#8211; educaci\u00f3n Ordes &#8211; set26<\/figcaption><\/figure>\n\n\n\n<figure class=\"wp-block-audio\"><audio controls src=\"https:\/\/agrupacionespsoe.es\/acoruna\/wp-content\/uploads\/sites\/198\/2026\/09\/Audio-Ordes-Aitor-Bouza.mp3\"><\/audio><figcaption class=\"wp-element-caption\">Aitor Bouza &#8211; educaci\u00f3n Ordes &#8211; set26<\/figcaption><\/figure>\n","protected":false},"excerpt":{"rendered":"<p>O PSdeG-PSOE levar\u00e1 ao Parlamento de Galicia as reivindicaci\u00f3ns da comunidade educativa de Ordes logo de reunirse con representantes da mesma. A voceira socialista local Noelia Rivadas explica que &#8220;en materia educativa \u00e1s demandas dende Ordes seguen sendo moi claras&#8221;. &#8220;Precisamos m\u00e1is profesorado especialista tanto de PT como da AL e tam\u00e9n m\u00e1is auxiliares educativos &#8230;<\/p>\n","protected":false},"author":282,"featured_media":3162,"comment_status":"open","ping_status":"open","sticky":false,"template":"","format":"standard","meta":{"_jetpack_memberships_contains_paid_content":false,"footnotes":""},"categories":[84,349,111],"tags":[587,1015,653,1025,80,733,58,695,353,287,50,22,159],"class_list":["post-3664","post","type-post","status-publish","format-standard","has-post-thumbnail","hentry","category-educacion","category-ordes","category-xunta-de-galicia","tag-aitor-bouza-manso","tag-comedor-escolar","tag-compostela","tag-comunidade-educativa","tag-educacion","tag-ies","tag-infraestruturas","tag-noelia-rivadas","tag-ordes","tag-orzamentos","tag-parlamento-de-galicia","tag-psdeg-psoe","tag-xunta-de-galicia"],"yoast_head":"<!-- This site is optimized with the Yoast SEO plugin v24.0 - https:\/\/yoast.com\/wordpress\/plugins\/seo\/ -->\n<title>O PSdeG levar\u00e1 ao Parlamento galego as reclamaci\u00f3ns da comunidade educativa de Ordes - Agrupaci\u00f3n Provincial da Coru\u00f1a PSOE<\/title>\n<meta name=\"description\" content=\"Aitor Bouza e Noelia Rivadas reun\u00edronse cunha variedade de representantes dos centros educativos do municipio.\" \/>\n<meta name=\"robots\" content=\"index, follow, max-snippet:-1, max-image-preview:large, max-video-preview:-1\" \/>\n<link rel=\"canonical\" href=\"https:\/\/agrupacionespsoe.es\/acoruna\/o-psdeg-levara-ao-parlamento-galego-as-reclamacions-da-comunidade-educativa-de-ordes\/\" \/>\n<meta property=\"og:locale\" content=\"es_ES\" \/>\n<meta property=\"og:type\" content=\"article\" \/>\n<meta property=\"og:title\" content=\"O PSdeG levar\u00e1 ao Parlamento galego as reclamaci\u00f3ns da comunidade educativa de Ordes - Agrupaci\u00f3n Provincial da Coru\u00f1a PSOE\" \/>\n<meta property=\"og:description\" content=\"Aitor Bouza e Noelia Rivadas reun\u00edronse cunha variedade de representantes dos centros educativos do municipio.\" \/>\n<meta property=\"og:url\" content=\"https:\/\/agrupacionespsoe.es\/acoruna\/o-psdeg-levara-ao-parlamento-galego-as-reclamacions-da-comunidade-educativa-de-ordes\/\" \/>\n<meta property=\"og:site_name\" content=\"Agrupaci\u00f3n Provincial da Coru\u00f1a PSOE\" \/>\n<meta property=\"article:published_time\" content=\"2026-09-03T15:15:32+00:00\" \/>\n<meta property=\"article:modified_time\" content=\"2026-09-03T15:15:33+00:00\" \/>\n<meta property=\"og:image\" content=\"https:\/\/agrupacionespsoe.es\/acoruna\/wp-content\/uploads\/sites\/198\/2026\/04\/PSOE-ORDES-28-de-abril.jpeg\" \/>\n\t<meta property=\"og:image:width\" content=\"1600\" \/>\n\t<meta property=\"og:image:height\" content=\"1200\" \/>\n\t<meta property=\"og:image:type\" content=\"image\/jpeg\" \/>\n<meta name=\"author\" content=\"Olympia M\u00e9ndez\" \/>\n<meta name=\"twitter:card\" content=\"summary_large_image\" \/>\n<meta name=\"twitter:label1\" content=\"Escrito por\" \/>\n\t<meta name=\"twitter:data1\" content=\"Olympia M\u00e9ndez\" \/>\n\t<meta name=\"twitter:label2\" content=\"Tiempo de lectura\" \/>\n\t<meta name=\"twitter:data2\" content=\"2 minutos\" \/>\n<script type=\"application\/ld+json\" class=\"yoast-schema-graph\">{\"@context\":\"https:\/\/schema.org\",\"@graph\":[{\"@type\":\"Article\",\"@id\":\"https:\/\/agrupacionespsoe.es\/acoruna\/o-psdeg-levara-ao-parlamento-galego-as-reclamacions-da-comunidade-educativa-de-ordes\/#article\",\"isPartOf\":{\"@id\":\"https:\/\/agrupacionespsoe.es\/acoruna\/o-psdeg-levara-ao-parlamento-galego-as-reclamacions-da-comunidade-educativa-de-ordes\/\"},\"author\":{\"name\":\"Olympia M\u00e9ndez\",\"@id\":\"https:\/\/agrupacionespsoe.es\/acoruna\/#\/schema\/person\/dbf2b36187b136d06a53f7937d5d5af9\"},\"headline\":\"O PSdeG levar\u00e1 ao Parlamento galego as reclamaci\u00f3ns da comunidade educativa de Ordes\",\"datePublished\":\"2026-09-03T15:15:32+00:00\",\"dateModified\":\"2026-09-03T15:15:33+00:00\",\"mainEntityOfPage\":{\"@id\":\"https:\/\/agrupacionespsoe.es\/acoruna\/o-psdeg-levara-ao-parlamento-galego-as-reclamacions-da-comunidade-educativa-de-ordes\/\"},\"wordCount\":365,\"commentCount\":0,\"publisher\":{\"@id\":\"https:\/\/agrupacionespsoe.es\/acoruna\/#organization\"},\"image\":{\"@id\":\"https:\/\/agrupacionespsoe.es\/acoruna\/o-psdeg-levara-ao-parlamento-galego-as-reclamacions-da-comunidade-educativa-de-ordes\/#primaryimage\"},\"thumbnailUrl\":\"https:\/\/agrupacionespsoe.es\/acoruna\/wp-content\/uploads\/sites\/198\/2026\/04\/PSOE-ORDES-28-de-abril.jpeg\",\"keywords\":[\"Aitor Bouza Manso\",\"Comedor escolar\",\"Compostela\",\"Comunidade Educativa\",\"Educaci\u00f3n\",\"IES\",\"Infraestruturas\",\"Noelia Rivadas\",\"Ordes\",\"Orzamentos\",\"Parlamento de Galicia\",\"PSdeG-PSOE\",\"Xunta de Galicia\"],\"articleSection\":[\"Educaci\u00f3n\",\"Ordes\",\"Xunta de Galicia\"],\"inLanguage\":\"es\",\"potentialAction\":[{\"@type\":\"CommentAction\",\"name\":\"Comment\",\"target\":[\"https:\/\/agrupacionespsoe.es\/acoruna\/o-psdeg-levara-ao-parlamento-galego-as-reclamacions-da-comunidade-educativa-de-ordes\/#respond\"]}]},{\"@type\":\"WebPage\",\"@id\":\"https:\/\/agrupacionespsoe.es\/acoruna\/o-psdeg-levara-ao-parlamento-galego-as-reclamacions-da-comunidade-educativa-de-ordes\/\",\"url\":\"https:\/\/agrupacionespsoe.es\/acoruna\/o-psdeg-levara-ao-parlamento-galego-as-reclamacions-da-comunidade-educativa-de-ordes\/\",\"name\":\"O PSdeG levar\u00e1 ao Parlamento galego as reclamaci\u00f3ns da comunidade educativa de Ordes - Agrupaci\u00f3n Provincial da Coru\u00f1a PSOE\",\"isPartOf\":{\"@id\":\"https:\/\/agrupacionespsoe.es\/acoruna\/#website\"},\"primaryImageOfPage\":{\"@id\":\"https:\/\/agrupacionespsoe.es\/acoruna\/o-psdeg-levara-ao-parlamento-galego-as-reclamacions-da-comunidade-educativa-de-ordes\/#primaryimage\"},\"image\":{\"@id\":\"https:\/\/agrupacionespsoe.es\/acoruna\/o-psdeg-levara-ao-parlamento-galego-as-reclamacions-da-comunidade-educativa-de-ordes\/#primaryimage\"},\"thumbnailUrl\":\"https:\/\/agrupacionespsoe.es\/acoruna\/wp-content\/uploads\/sites\/198\/2026\/04\/PSOE-ORDES-28-de-abril.jpeg\",\"datePublished\":\"2026-09-03T15:15:32+00:00\",\"dateModified\":\"2026-09-03T15:15:33+00:00\",\"description\":\"Aitor Bouza e Noelia Rivadas reun\u00edronse cunha variedade de representantes dos centros educativos do municipio.\",\"breadcrumb\":{\"@id\":\"https:\/\/agrupacionespsoe.es\/acoruna\/o-psdeg-levara-ao-parlamento-galego-as-reclamacions-da-comunidade-educativa-de-ordes\/#breadcrumb\"},\"inLanguage\":\"es\",\"potentialAction\":[{\"@type\":\"ReadAction\",\"target\":[\"https:\/\/agrupacionespsoe.es\/acoruna\/o-psdeg-levara-ao-parlamento-galego-as-reclamacions-da-comunidade-educativa-de-ordes\/\"]}]},{\"@type\":\"ImageObject\",\"inLanguage\":\"es\",\"@id\":\"https:\/\/agrupacionespsoe.es\/acoruna\/o-psdeg-levara-ao-parlamento-galego-as-reclamacions-da-comunidade-educativa-de-ordes\/#primaryimage\",\"url\":\"https:\/\/agrupacionespsoe.es\/acoruna\/wp-content\/uploads\/sites\/198\/2026\/04\/PSOE-ORDES-28-de-abril.jpeg\",\"contentUrl\":\"https:\/\/agrupacionespsoe.es\/acoruna\/wp-content\/uploads\/sites\/198\/2026\/04\/PSOE-ORDES-28-de-abril.jpeg\",\"width\":1600,\"height\":1200},{\"@type\":\"BreadcrumbList\",\"@id\":\"https:\/\/agrupacionespsoe.es\/acoruna\/o-psdeg-levara-ao-parlamento-galego-as-reclamacions-da-comunidade-educativa-de-ordes\/#breadcrumb\",\"itemListElement\":[{\"@type\":\"ListItem\",\"position\":1,\"name\":\"Portada\",\"item\":\"https:\/\/agrupacionespsoe.es\/acoruna\/\"},{\"@type\":\"ListItem\",\"position\":2,\"name\":\"O PSdeG levar\u00e1 ao Parlamento galego as reclamaci\u00f3ns da comunidade educativa de Ordes\"}]},{\"@type\":\"WebSite\",\"@id\":\"https:\/\/agrupacionespsoe.es\/acoruna\/#website\",\"url\":\"https:\/\/agrupacionespsoe.es\/acoruna\/\",\"name\":\"Agrupaci\u00f3n Provincial da Coru\u00f1a PSOE\",\"description\":\"Provincial PSdeG-PSOE da Coru\u00f1a\",\"publisher\":{\"@id\":\"https:\/\/agrupacionespsoe.es\/acoruna\/#organization\"},\"potentialAction\":[{\"@type\":\"SearchAction\",\"target\":{\"@type\":\"EntryPoint\",\"urlTemplate\":\"https:\/\/agrupacionespsoe.es\/acoruna\/?s={search_term_string}\"},\"query-input\":{\"@type\":\"PropertyValueSpecification\",\"valueRequired\":true,\"valueName\":\"search_term_string\"}}],\"inLanguage\":\"es\"},{\"@type\":\"Organization\",\"@id\":\"https:\/\/agrupacionespsoe.es\/acoruna\/#organization\",\"name\":\"Agrupaci\u00f3n Provincial da Coru\u00f1a PSOE\",\"url\":\"https:\/\/agrupacionespsoe.es\/acoruna\/\",\"logo\":{\"@type\":\"ImageObject\",\"inLanguage\":\"es\",\"@id\":\"https:\/\/agrupacionespsoe.es\/acoruna\/#\/schema\/logo\/image\/\",\"url\":\"https:\/\/agrupacionespsoe.es\/wp-content\/uploads\/2022\/07\/Logotipo_electoral_del_PSOE.png\",\"contentUrl\":\"https:\/\/agrupacionespsoe.es\/wp-content\/uploads\/2022\/07\/Logotipo_electoral_del_PSOE.png\",\"width\":422,\"height\":422,\"caption\":\"Agrupaci\u00f3n Provincial da Coru\u00f1a PSOE\"},\"image\":{\"@id\":\"https:\/\/agrupacionespsoe.es\/acoruna\/#\/schema\/logo\/image\/\"}},{\"@type\":\"Person\",\"@id\":\"https:\/\/agrupacionespsoe.es\/acoruna\/#\/schema\/person\/dbf2b36187b136d06a53f7937d5d5af9\",\"name\":\"Olympia M\u00e9ndez\",\"image\":{\"@type\":\"ImageObject\",\"inLanguage\":\"es\",\"@id\":\"https:\/\/agrupacionespsoe.es\/acoruna\/#\/schema\/person\/image\/\",\"url\":\"https:\/\/secure.gravatar.com\/avatar\/12db1fb8bfe20deb7a2d4ddc95b9042b?s=96&d=mm&r=g\",\"contentUrl\":\"https:\/\/secure.gravatar.com\/avatar\/12db1fb8bfe20deb7a2d4ddc95b9042b?s=96&d=mm&r=g\",\"caption\":\"Olympia M\u00e9ndez\"},\"url\":\"https:\/\/agrupacionespsoe.es\/acoruna\/author\/acoruna2\/\"}]}<\/script>\n<!-- \/ Yoast SEO plugin. -->","yoast_head_json":{"title":"O PSdeG levar\u00e1 ao Parlamento galego as reclamaci\u00f3ns da comunidade educativa de Ordes - Agrupaci\u00f3n Provincial da Coru\u00f1a PSOE","description":"Aitor Bouza e Noelia Rivadas reun\u00edronse cunha variedade de representantes dos centros educativos do municipio.","robots":{"index":"index","follow":"follow","max-snippet":"max-snippet:-1","max-image-preview":"max-image-preview:large","max-video-preview":"max-video-preview:-1"},"canonical":"https:\/\/agrupacionespsoe.es\/acoruna\/o-psdeg-levara-ao-parlamento-galego-as-reclamacions-da-comunidade-educativa-de-ordes\/","og_locale":"es_ES","og_type":"article","og_title":"O PSdeG levar\u00e1 ao Parlamento galego as reclamaci\u00f3ns da comunidade educativa de Ordes - Agrupaci\u00f3n Provincial da Coru\u00f1a PSOE","og_description":"Aitor Bouza e Noelia Rivadas reun\u00edronse cunha variedade de representantes dos centros educativos do municipio.","og_url":"https:\/\/agrupacionespsoe.es\/acoruna\/o-psdeg-levara-ao-parlamento-galego-as-reclamacions-da-comunidade-educativa-de-ordes\/","og_site_name":"Agrupaci\u00f3n Provincial da Coru\u00f1a PSOE","article_published_time":"2026-09-03T15:15:32+00:00","article_modified_time":"2026-09-03T15:15:33+00:00","og_image":[{"width":1600,"height":1200,"url":"https:\/\/agrupacionespsoe.es\/acoruna\/wp-content\/uploads\/sites\/198\/2026\/04\/PSOE-ORDES-28-de-abril.jpeg","type":"image\/jpeg"}],"author":"Olympia M\u00e9ndez","twitter_card":"summary_large_image","twitter_misc":{"Escrito por":"Olympia M\u00e9ndez","Tiempo de lectura":"2 minutos"},"schema":{"@context":"https:\/\/schema.org","@graph":[{"@type":"Article","@id":"https:\/\/agrupacionespsoe.es\/acoruna\/o-psdeg-levara-ao-parlamento-galego-as-reclamacions-da-comunidade-educativa-de-ordes\/#article","isPartOf":{"@id":"https:\/\/agrupacionespsoe.es\/acoruna\/o-psdeg-levara-ao-parlamento-galego-as-reclamacions-da-comunidade-educativa-de-ordes\/"},"author":{"name":"Olympia M\u00e9ndez","@id":"https:\/\/agrupacionespsoe.es\/acoruna\/#\/schema\/person\/dbf2b36187b136d06a53f7937d5d5af9"},"headline":"O PSdeG levar\u00e1 ao Parlamento galego as reclamaci\u00f3ns da comunidade educativa de Ordes","datePublished":"2026-09-03T15:15:32+00:00","dateModified":"2026-09-03T15:15:33+00:00","mainEntityOfPage":{"@id":"https:\/\/agrupacionespsoe.es\/acoruna\/o-psdeg-levara-ao-parlamento-galego-as-reclamacions-da-comunidade-educativa-de-ordes\/"},"wordCount":365,"commentCount":0,"publisher":{"@id":"https:\/\/agrupacionespsoe.es\/acoruna\/#organization"},"image":{"@id":"https:\/\/agrupacionespsoe.es\/acoruna\/o-psdeg-levara-ao-parlamento-galego-as-reclamacions-da-comunidade-educativa-de-ordes\/#primaryimage"},"thumbnailUrl":"https:\/\/agrupacionespsoe.es\/acoruna\/wp-content\/uploads\/sites\/198\/2026\/04\/PSOE-ORDES-28-de-abril.jpeg","keywords":["Aitor Bouza Manso","Comedor escolar","Compostela","Comunidade Educativa","Educaci\u00f3n","IES","Infraestruturas","Noelia Rivadas","Ordes","Orzamentos","Parlamento de Galicia","PSdeG-PSOE","Xunta de Galicia"],"articleSection":["Educaci\u00f3n","Ordes","Xunta de Galicia"],"inLanguage":"es","potentialAction":[{"@type":"CommentAction","name":"Comment","target":["https:\/\/agrupacionespsoe.es\/acoruna\/o-psdeg-levara-ao-parlamento-galego-as-reclamacions-da-comunidade-educativa-de-ordes\/#respond"]}]},{"@type":"WebPage","@id":"https:\/\/agrupacionespsoe.es\/acoruna\/o-psdeg-levara-ao-parlamento-galego-as-reclamacions-da-comunidade-educativa-de-ordes\/","url":"https:\/\/agrupacionespsoe.es\/acoruna\/o-psdeg-levara-ao-parlamento-galego-as-reclamacions-da-comunidade-educativa-de-ordes\/","name":"O PSdeG levar\u00e1 ao Parlamento galego as reclamaci\u00f3ns da comunidade educativa de Ordes - Agrupaci\u00f3n Provincial da Coru\u00f1a PSOE","isPartOf":{"@id":"https:\/\/agrupacionespsoe.es\/acoruna\/#website"},"primaryImageOfPage":{"@id":"https:\/\/agrupacionespsoe.es\/acoruna\/o-psdeg-levara-ao-parlamento-galego-as-reclamacions-da-comunidade-educativa-de-ordes\/#primaryimage"},"image":{"@id":"https:\/\/agrupacionespsoe.es\/acoruna\/o-psdeg-levara-ao-parlamento-galego-as-reclamacions-da-comunidade-educativa-de-ordes\/#primaryimage"},"thumbnailUrl":"https:\/\/agrupacionespsoe.es\/acoruna\/wp-content\/uploads\/sites\/198\/2026\/04\/PSOE-ORDES-28-de-abril.jpeg","datePublished":"2026-09-03T15:15:32+00:00","dateModified":"2026-09-03T15:15:33+00:00","description":"Aitor Bouza e Noelia Rivadas reun\u00edronse cunha variedade de representantes dos centros educativos do municipio.","breadcrumb":{"@id":"https:\/\/agrupacionespsoe.es\/acoruna\/o-psdeg-levara-ao-parlamento-galego-as-reclamacions-da-comunidade-educativa-de-ordes\/#breadcrumb"},"inLanguage":"es","potentialAction":[{"@type":"ReadAction","target":["https:\/\/agrupacionespsoe.es\/acoruna\/o-psdeg-levara-ao-parlamento-galego-as-reclamacions-da-comunidade-educativa-de-ordes\/"]}]},{"@type":"ImageObject","inLanguage":"es","@id":"https:\/\/agrupacionespsoe.es\/acoruna\/o-psdeg-levara-ao-parlamento-galego-as-reclamacions-da-comunidade-educativa-de-ordes\/#primaryimage","url":"https:\/\/agrupacionespsoe.es\/acoruna\/wp-content\/uploads\/sites\/198\/2026\/04\/PSOE-ORDES-28-de-abril.jpeg","contentUrl":"https:\/\/agrupacionespsoe.es\/acoruna\/wp-content\/uploads\/sites\/198\/2026\/04\/PSOE-ORDES-28-de-abril.jpeg","width":1600,"height":1200},{"@type":"BreadcrumbList","@id":"https:\/\/agrupacionespsoe.es\/acoruna\/o-psdeg-levara-ao-parlamento-galego-as-reclamacions-da-comunidade-educativa-de-ordes\/#breadcrumb","itemListElement":[{"@type":"ListItem","position":1,"name":"Portada","item":"https:\/\/agrupacionespsoe.es\/acoruna\/"},{"@type":"ListItem","position":2,"name":"O PSdeG levar\u00e1 ao Parlamento galego as reclamaci\u00f3ns da comunidade educativa de Ordes"}]},{"@type":"WebSite","@id":"https:\/\/agrupacionespsoe.es\/acoruna\/#website","url":"https:\/\/agrupacionespsoe.es\/acoruna\/","name":"Agrupaci\u00f3n Provincial da Coru\u00f1a PSOE","description":"Provincial PSdeG-PSOE da Coru\u00f1a","publisher":{"@id":"https:\/\/agrupacionespsoe.es\/acoruna\/#organization"},"potentialAction":[{"@type":"SearchAction","target":{"@type":"EntryPoint","urlTemplate":"https:\/\/agrupacionespsoe.es\/acoruna\/?s={search_term_string}"},"query-input":{"@type":"PropertyValueSpecification","valueRequired":true,"valueName":"search_term_string"}}],"inLanguage":"es"},{"@type":"Organization","@id":"https:\/\/agrupacionespsoe.es\/acoruna\/#organization","name":"Agrupaci\u00f3n Provincial da Coru\u00f1a PSOE","url":"https:\/\/agrupacionespsoe.es\/acoruna\/","logo":{"@type":"ImageObject","inLanguage":"es","@id":"https:\/\/agrupacionespsoe.es\/acoruna\/#\/schema\/logo\/image\/","url":"https:\/\/agrupacionespsoe.es\/wp-content\/uploads\/2022\/07\/Logotipo_electoral_del_PSOE.png","contentUrl":"https:\/\/agrupacionespsoe.es\/wp-content\/uploads\/2022\/07\/Logotipo_electoral_del_PSOE.png","width":422,"height":422,"caption":"Agrupaci\u00f3n Provincial da Coru\u00f1a PSOE"},"image":{"@id":"https:\/\/agrupacionespsoe.es\/acoruna\/#\/schema\/logo\/image\/"}},{"@type":"Person","@id":"https:\/\/agrupacionespsoe.es\/acoruna\/#\/schema\/person\/dbf2b36187b136d06a53f7937d5d5af9","name":"Olympia M\u00e9ndez","image":{"@type":"ImageObject","inLanguage":"es","@id":"https:\/\/agrupacionespsoe.es\/acoruna\/#\/schema\/person\/image\/","url":"https:\/\/secure.gravatar.com\/avatar\/12db1fb8bfe20deb7a2d4ddc95b9042b?s=96&d=mm&r=g","contentUrl":"https:\/\/secure.gravatar.com\/avatar\/12db1fb8bfe20deb7a2d4ddc95b9042b?s=96&d=mm&r=g","caption":"Olympia M\u00e9ndez"},"url":"https:\/\/agrupacionespsoe.es\/acoruna\/author\/acoruna2\/"}]}},"jetpack_featured_media_url":"https:\/\/agrupacionespsoe.es\/acoruna\/wp-content\/uploads\/sites\/198\/2026\/04\/PSOE-ORDES-28-de-abril.jpeg","jetpack_sharing_enabled":true,"jetpack_likes_enabled":true,"_links":{"self":[{"href":"https:\/\/agrupacionespsoe.es\/acoruna\/wp-json\/wp\/v2\/posts\/3664","targetHints":{"allow":["GET"]}}],"collection":[{"href":"https:\/\/agrupacionespsoe.es\/acoruna\/wp-json\/wp\/v2\/posts"}],"about":[{"href":"https:\/\/agrupacionespsoe.es\/acoruna\/wp-json\/wp\/v2\/types\/post"}],"author":[{"embeddable":true,"href":"https:\/\/agrupacionespsoe.es\/acoruna\/wp-json\/wp\/v2\/users\/282"}],"replies":[{"embeddable":true,"href":"https:\/\/agrupacionespsoe.es\/acoruna\/wp-json\/wp\/v2\/comments?post=3664"}],"version-history":[{"count":2,"href":"https:\/\/agrupacionespsoe.es\/acoruna\/wp-json\/wp\/v2\/posts\/3664\/revisions"}],"predecessor-version":[{"id":3668,"href":"https:\/\/agrupacionespsoe.es\/acoruna\/wp-json\/wp\/v2\/posts\/3664\/revisions\/3668"}],"wp:featuredmedia":[{"embeddable":true,"href":"https:\/\/agrupacionespsoe.es\/acoruna\/wp-json\/wp\/v2\/media\/3162"}],"wp:attachment":[{"href":"https:\/\/agrupacionespsoe.es\/acoruna\/wp-json\/wp\/v2\/media?parent=3664"}],"wp:term":[{"taxonomy":"category","embeddable":true,"href":"https:\/\/agrupacionespsoe.es\/acoruna\/wp-json\/wp\/v2\/categories?post=3664"},{"taxonomy":"post_tag","embeddable":true,"href":"https:\/\/agrupacionespsoe.es\/acoruna\/wp-json\/wp\/v2\/tags?post=3664"}],"curies":[{"name":"wp","href":"https:\/\/api.w.org\/{rel}","templated":true}]}}