{"id":3660,"date":"2026-08-31T17:55:03","date_gmt":"2026-08-31T15:55:03","guid":{"rendered":"https:\/\/agrupacionespsoe.es\/acoruna\/?p=3660"},"modified":"2026-08-31T17:55:04","modified_gmt":"2026-08-31T15:55:04","slug":"o-psdeg-leva-ao-parlamento-a-falta-de-medicos-en-curtis-tras-quedar-o-centro-de-saude-sen-facultativos-durante-horas","status":"publish","type":"post","link":"https:\/\/agrupacionespsoe.es\/acoruna\/o-psdeg-leva-ao-parlamento-a-falta-de-medicos-en-curtis-tras-quedar-o-centro-de-saude-sen-facultativos-durante-horas\/","title":{"rendered":"O PSdeG leva ao Parlamento a falta de m\u00e9dicos en Curtis tras quedar o centro de sa\u00fade sen facultativos durante horas"},"content":{"rendered":"\n<ul class=\"wp-block-list\">\n<li><strong>Silvia Longueira reclamar\u00e1 \u00e1 Xunta explicaci\u00f3ns sobre a planificaci\u00f3n sanitaria do ver\u00e1n e informaci\u00f3n detallada dos d\u00edas nos que os centros de sa\u00fade da comarca quedaron sen m\u00e9dicos<\/strong><\/li>\n\n\n\n<li><strong>Fernando Rey denuncia que a \u00fanica m\u00e9dica de Teixeiro est\u00e1 \u201cdesbordada\u201d e advirte de que a Xunta \u201cnon pode xogar coa sa\u00fade da xente nin coa sanidade\u201d<\/strong><\/li>\n<\/ul>\n\n\n\n<section class=\"wp-block-psoe-separador bg-primary px-2\"><hr class=\"color-white bg-white opacity-1 h-[1px] w-full\" \/><\/section>\n\n\n\n<p class=\"has-medium-font-size\">O PSdeG-PSOE denuncia a &#8220;grave situaci\u00f3n&#8221; que atravesa a atenci\u00f3n sanitaria en Curtis, onde a falta de persoal chegou a provocar que o centro de sa\u00fade quedase durante horas sen ning\u00fan facultativo dispo\u00f1ible.<\/p>\n\n\n\n<p class=\"has-medium-font-size\">A deputada socialista Silvia Longueira levar\u00e1 esta situaci\u00f3n ao Parlamento de Galicia para reclamar explicaci\u00f3ns \u00e1 Xunta sobre a planificaci\u00f3n dos recursos sanitarios durante o ver\u00e1n e esixir medidas que garantan a atenci\u00f3n nos concellos rurais.<\/p>\n\n\n\n<p class=\"has-medium-font-size\">Curtis conta cunha poboaci\u00f3n aproximada de 4.300 habitantes, dos que o 27 % son maiores de 65 anos. Esta realidade demogr\u00e1fica, en opini\u00f3n do PSdeG, fai especialmente preocupante a ausencia de profesionais sanitarios.<\/p>\n\n\n\n<p class=\"has-medium-font-size\">Longueira advertiu de que os problemas para cubrir as consultas se repetiron este ver\u00e1n en diferentes centros de sa\u00fade da comarca de Betanzos, con incidencias en concellos como Curtis, Irixoa, Aranga ou Coir\u00f3s.<\/p>\n\n\n\n<p class=\"has-medium-font-size\">A situaci\u00f3n chegou ao seu punto m\u00e1is grave durante a segunda quincena de agosto en Curtis, cando a \u00fanica m\u00e9dica dispo\u00f1ible tivo que abandonar o centro de sa\u00fade para acompa\u00f1ar unha urxencia ao CHUAC da Coru\u00f1a, deixando durante ese tempo aos pacientes sen atenci\u00f3n facultativa.<\/p>\n\n\n\n<p class=\"has-medium-font-size\">\u201cOs centros de sa\u00fade das Mari\u00f1as-Betanzos sofren este ano unha ausencia de m\u00e9dicos nas consultas. En Curtis chegamos ao caso de que a m\u00e9dica tivo que abandonar o centro para acompa\u00f1ar unha urxencia ao CHUAC, deixando s\u00f3s aos pacientes\u201d, denunciou Longueira.<\/p>\n\n\n\n<p class=\"has-medium-font-size\">A deputada socialista incidiu en que esta situaci\u00f3n afecta especialmente a un territorio cunha elevada porcentaxe de persoas maiores e poboaci\u00f3n vulnerable e advertiu de que se te\u00f1en producido xornadas nas que a veci\u00f1anza chegou a quedar sen asistencia m\u00e9dica nun radio de arredor de 20 quil\u00f3metros.<\/p>\n\n\n\n<p class=\"has-medium-font-size\">\u201cPregunt\u00e1monos cal \u00e9 o obxectivo do Goberno da Xunta e que planificaci\u00f3n realizou para garantir a atenci\u00f3n sanitaria durante o ver\u00e1n neste tipo de zonas rurais\u201d, sinalou.<\/p>\n\n\n\n<p class=\"has-medium-font-size\"><strong>Longueira pedir\u00e1 explicaci\u00f3ns no Parlamento<\/strong><\/p>\n\n\n\n<p class=\"has-medium-font-size\">Ante esta situaci\u00f3n, a socialista presentar\u00e1 unha iniciativa no Parlamento de Galicia para que a Xunta explique que planificaci\u00f3n realizou a conseller\u00eda de Sanidade para atender \u00e1 poboaci\u00f3n durante o ver\u00e1n de 2026 e cales eran os seus obxectivos.<\/p>\n\n\n\n<p class=\"has-medium-font-size\">O grupo socialista reclamar\u00e1 tam\u00e9n ao Goberno galego informaci\u00f3n detallada sobre as incidencias rexistradas durante os primeiros oito meses do ano na atenci\u00f3n sanitaria dos concellos das mari\u00f1as betanceiras, especificando os d\u00edas nos que os centros de sa\u00fade estiveron sen m\u00e9dicos, o n\u00famero de veci\u00f1os e veci\u00f1as atendidos e as derivaci\u00f3ns realizadas a outros recursos sanitarios.<\/p>\n\n\n\n<p class=\"has-medium-font-size\">Ademais, o PSdeG solicitar\u00e1 \u00e1 Xunta que traslade ao Parlamento a s\u00faa planificaci\u00f3n sanitaria para decembro de 2026 e xaneiro de 2027, ante a chegada dun novo per\u00edodo vacacional e dun momento no que previsiblemente volver\u00e1 incrementarse a demanda asistencial.<\/p>\n\n\n\n<p class=\"has-medium-font-size\">Para Longueira, os problemas vividos este ver\u00e1n evidencian que \u201cnon existe unha planificaci\u00f3n suficiente para garantir a asistencia sanitaria nas zonas rurais cando chegan os per\u00edodos de vacaci\u00f3ns\u201d e reclamou \u00e1 Xunta que se anticipe para evitar que a situaci\u00f3n volva repetirse.<\/p>\n\n\n\n<p class=\"has-medium-font-size\"><strong>\u201cA \u00fanica doutora est\u00e1 desbordada\u201d<\/strong><\/p>\n\n\n\n<p class=\"has-medium-font-size\">Pola s\u00faa banda, o portavoz socialista de Curtis, Fernando Rey, lembrou que o PSdeG local leva tempo denunciando a falta de persoal tanto no centro de sa\u00fade de Teixeiro como no PAC.<\/p>\n\n\n\n<p class=\"has-medium-font-size\">\u201cDende o PSdeG de Curtis vimos denunciando hai moito tempo a falta de persoal no centro de sa\u00fade de Teixeiro e no PAC. Esta semana tivemos tan s\u00f3 unha doutora, que est\u00e1 desbordada pola saturaci\u00f3n existente e que, ademais, ten que atender as urxencias que poidan producirse ao longo da ma\u00f1\u00e1\u201d, explicou.<\/p>\n\n\n\n<p class=\"has-medium-font-size\">Rey incidiu especialmente nas consecuencias que ten que unha \u00fanica facultativa deba atender un traslado hospitalario. \u201cDurante todo o tempo da viaxe da ambulancia ao CHUAC, o centro de sa\u00fade queda sen persoal m\u00e9dico. \u00c9 unha barbaridade, porque dende o PSdeG de Curtis entendemos que non se pode xogar coa sa\u00fade da xente nin coa sanidade\u201d, afirmou.<\/p>\n\n\n\n<p class=\"has-medium-font-size\">Os socialistas consideran que o sucedido en Curtis non \u00e9 un problema puntual, sen\u00f3n unha mostra das dificultades de cobertura sanitaria que sofren diferentes concellos rurais, e reclaman \u00e1 Xunta que garanta os efectivos necesarios para que unha urxencia ou unha ausencia non implique deixar sen atenci\u00f3n m\u00e9dica a toda a poboaci\u00f3n dunha zona.<\/p>\n\n\n\n<p class=\"has-medium-font-size\">O PSdeG esixe as\u00ed ao Goberno galego unha planificaci\u00f3n espec\u00edfica para os per\u00edodos vacacionais e para os territorios cunha elevada porcentaxe de poboaci\u00f3n maior, garantindo unha atenci\u00f3n sanitaria p\u00fablica, continuada e segura con independencia do lugar de residencia.<\/p>\n","protected":false},"excerpt":{"rendered":"<p>O PSdeG-PSOE denuncia a &#8220;grave situaci\u00f3n&#8221; que atravesa a atenci\u00f3n sanitaria en Curtis, onde a falta de persoal chegou a provocar que o centro de sa\u00fade quedase durante horas sen ning\u00fan facultativo dispo\u00f1ible. A deputada socialista Silvia Longueira levar\u00e1 esta situaci\u00f3n ao Parlamento de Galicia para reclamar explicaci\u00f3ns \u00e1 Xunta sobre a planificaci\u00f3n dos recursos &#8230;<\/p>\n","protected":false},"author":282,"featured_media":3661,"comment_status":"open","ping_status":"open","sticky":false,"template":"","format":"standard","meta":{"_jetpack_memberships_contains_paid_content":false,"footnotes":""},"categories":[317,89],"tags":[383,309,921,635,50,1069,22,285,159],"class_list":["post-3660","post","type-post","status-publish","format-standard","has-post-thumbnail","hentry","category-curtis","category-sanidade","tag-centro-de-saude","tag-curtis","tag-fernando-rey-leira","tag-marinas-betanceiras","tag-parlamento-de-galicia","tag-persoal-sanitario","tag-psdeg-psoe","tag-silvia-longueira","tag-xunta-de-galicia"],"yoast_head":"<!-- This site is optimized with the Yoast SEO plugin v24.0 - https:\/\/yoast.com\/wordpress\/plugins\/seo\/ -->\n<title>O PSdeG leva ao Parlamento a falta de m\u00e9dicos en Curtis tras quedar o centro de sa\u00fade sen facultativos durante horas - Agrupaci\u00f3n Provincial da Coru\u00f1a PSOE<\/title>\n<meta name=\"description\" content=\"Silvia Longueira reclamar\u00e1 \u00e1 Xunta explicaci\u00f3ns sobre a planificaci\u00f3n sanitaria do ver\u00e1n e informaci\u00f3n detallada dos d\u00edas nos que os centros de sa\u00fade da comarca quedaron sen m\u00e9dicos.\" \/>\n<meta name=\"robots\" content=\"index, follow, max-snippet:-1, max-image-preview:large, max-video-preview:-1\" \/>\n<link rel=\"canonical\" href=\"https:\/\/agrupacionespsoe.es\/acoruna\/o-psdeg-leva-ao-parlamento-a-falta-de-medicos-en-curtis-tras-quedar-o-centro-de-saude-sen-facultativos-durante-horas\/\" \/>\n<meta property=\"og:locale\" content=\"es_ES\" \/>\n<meta property=\"og:type\" content=\"article\" \/>\n<meta property=\"og:title\" content=\"O PSdeG leva ao Parlamento a falta de m\u00e9dicos en Curtis tras quedar o centro de sa\u00fade sen facultativos durante horas - Agrupaci\u00f3n Provincial da Coru\u00f1a PSOE\" \/>\n<meta property=\"og:description\" content=\"Silvia Longueira reclamar\u00e1 \u00e1 Xunta explicaci\u00f3ns sobre a planificaci\u00f3n sanitaria do ver\u00e1n e informaci\u00f3n detallada dos d\u00edas nos que os centros de sa\u00fade da comarca quedaron sen m\u00e9dicos.\" \/>\n<meta property=\"og:url\" content=\"https:\/\/agrupacionespsoe.es\/acoruna\/o-psdeg-leva-ao-parlamento-a-falta-de-medicos-en-curtis-tras-quedar-o-centro-de-saude-sen-facultativos-durante-horas\/\" \/>\n<meta property=\"og:site_name\" content=\"Agrupaci\u00f3n Provincial da Coru\u00f1a PSOE\" \/>\n<meta property=\"article:published_time\" content=\"2026-08-31T15:55:03+00:00\" \/>\n<meta property=\"article:modified_time\" content=\"2026-08-31T15:55:04+00:00\" \/>\n<meta property=\"og:image\" content=\"https:\/\/agrupacionespsoe.es\/acoruna\/wp-content\/uploads\/sites\/198\/2026\/08\/PSOE-CURTIS-31-de-agosto.jpeg\" \/>\n\t<meta property=\"og:image:width\" content=\"1600\" \/>\n\t<meta property=\"og:image:height\" content=\"1066\" \/>\n\t<meta property=\"og:image:type\" content=\"image\/jpeg\" \/>\n<meta name=\"author\" content=\"Olympia M\u00e9ndez\" \/>\n<meta name=\"twitter:card\" content=\"summary_large_image\" \/>\n<meta name=\"twitter:label1\" content=\"Escrito por\" \/>\n\t<meta name=\"twitter:data1\" content=\"Olympia M\u00e9ndez\" \/>\n\t<meta name=\"twitter:label2\" content=\"Tiempo de lectura\" \/>\n\t<meta name=\"twitter:data2\" content=\"4 minutos\" \/>\n<script type=\"application\/ld+json\" class=\"yoast-schema-graph\">{\"@context\":\"https:\/\/schema.org\",\"@graph\":[{\"@type\":\"Article\",\"@id\":\"https:\/\/agrupacionespsoe.es\/acoruna\/o-psdeg-leva-ao-parlamento-a-falta-de-medicos-en-curtis-tras-quedar-o-centro-de-saude-sen-facultativos-durante-horas\/#article\",\"isPartOf\":{\"@id\":\"https:\/\/agrupacionespsoe.es\/acoruna\/o-psdeg-leva-ao-parlamento-a-falta-de-medicos-en-curtis-tras-quedar-o-centro-de-saude-sen-facultativos-durante-horas\/\"},\"author\":{\"name\":\"Olympia M\u00e9ndez\",\"@id\":\"https:\/\/agrupacionespsoe.es\/acoruna\/#\/schema\/person\/dbf2b36187b136d06a53f7937d5d5af9\"},\"headline\":\"O PSdeG leva ao Parlamento a falta de m\u00e9dicos en Curtis tras quedar o centro de sa\u00fade sen facultativos durante horas\",\"datePublished\":\"2026-08-31T15:55:03+00:00\",\"dateModified\":\"2026-08-31T15:55:04+00:00\",\"mainEntityOfPage\":{\"@id\":\"https:\/\/agrupacionespsoe.es\/acoruna\/o-psdeg-leva-ao-parlamento-a-falta-de-medicos-en-curtis-tras-quedar-o-centro-de-saude-sen-facultativos-durante-horas\/\"},\"wordCount\":867,\"commentCount\":0,\"publisher\":{\"@id\":\"https:\/\/agrupacionespsoe.es\/acoruna\/#organization\"},\"image\":{\"@id\":\"https:\/\/agrupacionespsoe.es\/acoruna\/o-psdeg-leva-ao-parlamento-a-falta-de-medicos-en-curtis-tras-quedar-o-centro-de-saude-sen-facultativos-durante-horas\/#primaryimage\"},\"thumbnailUrl\":\"https:\/\/agrupacionespsoe.es\/acoruna\/wp-content\/uploads\/sites\/198\/2026\/08\/PSOE-CURTIS-31-de-agosto.jpeg\",\"keywords\":[\"Centro de Sa\u00fade\",\"Curtis\",\"Fernando Rey Leira\",\"Mari\u00f1as Betanceiras\",\"Parlamento de Galicia\",\"Persoal sanitario\",\"PSdeG-PSOE\",\"Silvia Longueira\",\"Xunta de Galicia\"],\"articleSection\":[\"Curtis\",\"Sanidade\"],\"inLanguage\":\"es\",\"potentialAction\":[{\"@type\":\"CommentAction\",\"name\":\"Comment\",\"target\":[\"https:\/\/agrupacionespsoe.es\/acoruna\/o-psdeg-leva-ao-parlamento-a-falta-de-medicos-en-curtis-tras-quedar-o-centro-de-saude-sen-facultativos-durante-horas\/#respond\"]}]},{\"@type\":\"WebPage\",\"@id\":\"https:\/\/agrupacionespsoe.es\/acoruna\/o-psdeg-leva-ao-parlamento-a-falta-de-medicos-en-curtis-tras-quedar-o-centro-de-saude-sen-facultativos-durante-horas\/\",\"url\":\"https:\/\/agrupacionespsoe.es\/acoruna\/o-psdeg-leva-ao-parlamento-a-falta-de-medicos-en-curtis-tras-quedar-o-centro-de-saude-sen-facultativos-durante-horas\/\",\"name\":\"O PSdeG leva ao Parlamento a falta de m\u00e9dicos en Curtis tras quedar o centro de sa\u00fade sen facultativos durante horas - Agrupaci\u00f3n Provincial da Coru\u00f1a PSOE\",\"isPartOf\":{\"@id\":\"https:\/\/agrupacionespsoe.es\/acoruna\/#website\"},\"primaryImageOfPage\":{\"@id\":\"https:\/\/agrupacionespsoe.es\/acoruna\/o-psdeg-leva-ao-parlamento-a-falta-de-medicos-en-curtis-tras-quedar-o-centro-de-saude-sen-facultativos-durante-horas\/#primaryimage\"},\"image\":{\"@id\":\"https:\/\/agrupacionespsoe.es\/acoruna\/o-psdeg-leva-ao-parlamento-a-falta-de-medicos-en-curtis-tras-quedar-o-centro-de-saude-sen-facultativos-durante-horas\/#primaryimage\"},\"thumbnailUrl\":\"https:\/\/agrupacionespsoe.es\/acoruna\/wp-content\/uploads\/sites\/198\/2026\/08\/PSOE-CURTIS-31-de-agosto.jpeg\",\"datePublished\":\"2026-08-31T15:55:03+00:00\",\"dateModified\":\"2026-08-31T15:55:04+00:00\",\"description\":\"Silvia Longueira reclamar\u00e1 \u00e1 Xunta explicaci\u00f3ns sobre a planificaci\u00f3n sanitaria do ver\u00e1n e informaci\u00f3n detallada dos d\u00edas nos que os centros de sa\u00fade da comarca quedaron sen m\u00e9dicos.\",\"breadcrumb\":{\"@id\":\"https:\/\/agrupacionespsoe.es\/acoruna\/o-psdeg-leva-ao-parlamento-a-falta-de-medicos-en-curtis-tras-quedar-o-centro-de-saude-sen-facultativos-durante-horas\/#breadcrumb\"},\"inLanguage\":\"es\",\"potentialAction\":[{\"@type\":\"ReadAction\",\"target\":[\"https:\/\/agrupacionespsoe.es\/acoruna\/o-psdeg-leva-ao-parlamento-a-falta-de-medicos-en-curtis-tras-quedar-o-centro-de-saude-sen-facultativos-durante-horas\/\"]}]},{\"@type\":\"ImageObject\",\"inLanguage\":\"es\",\"@id\":\"https:\/\/agrupacionespsoe.es\/acoruna\/o-psdeg-leva-ao-parlamento-a-falta-de-medicos-en-curtis-tras-quedar-o-centro-de-saude-sen-facultativos-durante-horas\/#primaryimage\",\"url\":\"https:\/\/agrupacionespsoe.es\/acoruna\/wp-content\/uploads\/sites\/198\/2026\/08\/PSOE-CURTIS-31-de-agosto.jpeg\",\"contentUrl\":\"https:\/\/agrupacionespsoe.es\/acoruna\/wp-content\/uploads\/sites\/198\/2026\/08\/PSOE-CURTIS-31-de-agosto.jpeg\",\"width\":1600,\"height\":1066},{\"@type\":\"BreadcrumbList\",\"@id\":\"https:\/\/agrupacionespsoe.es\/acoruna\/o-psdeg-leva-ao-parlamento-a-falta-de-medicos-en-curtis-tras-quedar-o-centro-de-saude-sen-facultativos-durante-horas\/#breadcrumb\",\"itemListElement\":[{\"@type\":\"ListItem\",\"position\":1,\"name\":\"Portada\",\"item\":\"https:\/\/agrupacionespsoe.es\/acoruna\/\"},{\"@type\":\"ListItem\",\"position\":2,\"name\":\"O PSdeG leva ao Parlamento a falta de m\u00e9dicos en Curtis tras quedar o centro de sa\u00fade sen facultativos durante horas\"}]},{\"@type\":\"WebSite\",\"@id\":\"https:\/\/agrupacionespsoe.es\/acoruna\/#website\",\"url\":\"https:\/\/agrupacionespsoe.es\/acoruna\/\",\"name\":\"Agrupaci\u00f3n Provincial da Coru\u00f1a PSOE\",\"description\":\"Provincial PSdeG-PSOE da Coru\u00f1a\",\"publisher\":{\"@id\":\"https:\/\/agrupacionespsoe.es\/acoruna\/#organization\"},\"potentialAction\":[{\"@type\":\"SearchAction\",\"target\":{\"@type\":\"EntryPoint\",\"urlTemplate\":\"https:\/\/agrupacionespsoe.es\/acoruna\/?s={search_term_string}\"},\"query-input\":{\"@type\":\"PropertyValueSpecification\",\"valueRequired\":true,\"valueName\":\"search_term_string\"}}],\"inLanguage\":\"es\"},{\"@type\":\"Organization\",\"@id\":\"https:\/\/agrupacionespsoe.es\/acoruna\/#organization\",\"name\":\"Agrupaci\u00f3n Provincial da Coru\u00f1a PSOE\",\"url\":\"https:\/\/agrupacionespsoe.es\/acoruna\/\",\"logo\":{\"@type\":\"ImageObject\",\"inLanguage\":\"es\",\"@id\":\"https:\/\/agrupacionespsoe.es\/acoruna\/#\/schema\/logo\/image\/\",\"url\":\"https:\/\/agrupacionespsoe.es\/wp-content\/uploads\/2022\/07\/Logotipo_electoral_del_PSOE.png\",\"contentUrl\":\"https:\/\/agrupacionespsoe.es\/wp-content\/uploads\/2022\/07\/Logotipo_electoral_del_PSOE.png\",\"width\":422,\"height\":422,\"caption\":\"Agrupaci\u00f3n Provincial da Coru\u00f1a PSOE\"},\"image\":{\"@id\":\"https:\/\/agrupacionespsoe.es\/acoruna\/#\/schema\/logo\/image\/\"}},{\"@type\":\"Person\",\"@id\":\"https:\/\/agrupacionespsoe.es\/acoruna\/#\/schema\/person\/dbf2b36187b136d06a53f7937d5d5af9\",\"name\":\"Olympia M\u00e9ndez\",\"image\":{\"@type\":\"ImageObject\",\"inLanguage\":\"es\",\"@id\":\"https:\/\/agrupacionespsoe.es\/acoruna\/#\/schema\/person\/image\/\",\"url\":\"https:\/\/secure.gravatar.com\/avatar\/12db1fb8bfe20deb7a2d4ddc95b9042b?s=96&d=mm&r=g\",\"contentUrl\":\"https:\/\/secure.gravatar.com\/avatar\/12db1fb8bfe20deb7a2d4ddc95b9042b?s=96&d=mm&r=g\",\"caption\":\"Olympia M\u00e9ndez\"},\"url\":\"https:\/\/agrupacionespsoe.es\/acoruna\/author\/acoruna2\/\"}]}<\/script>\n<!-- \/ Yoast SEO plugin. -->","yoast_head_json":{"title":"O PSdeG leva ao Parlamento a falta de m\u00e9dicos en Curtis tras quedar o centro de sa\u00fade sen facultativos durante horas - Agrupaci\u00f3n Provincial da Coru\u00f1a PSOE","description":"Silvia Longueira reclamar\u00e1 \u00e1 Xunta explicaci\u00f3ns sobre a planificaci\u00f3n sanitaria do ver\u00e1n e informaci\u00f3n detallada dos d\u00edas nos que os centros de sa\u00fade da comarca quedaron sen m\u00e9dicos.","robots":{"index":"index","follow":"follow","max-snippet":"max-snippet:-1","max-image-preview":"max-image-preview:large","max-video-preview":"max-video-preview:-1"},"canonical":"https:\/\/agrupacionespsoe.es\/acoruna\/o-psdeg-leva-ao-parlamento-a-falta-de-medicos-en-curtis-tras-quedar-o-centro-de-saude-sen-facultativos-durante-horas\/","og_locale":"es_ES","og_type":"article","og_title":"O PSdeG leva ao Parlamento a falta de m\u00e9dicos en Curtis tras quedar o centro de sa\u00fade sen facultativos durante horas - Agrupaci\u00f3n Provincial da Coru\u00f1a PSOE","og_description":"Silvia Longueira reclamar\u00e1 \u00e1 Xunta explicaci\u00f3ns sobre a planificaci\u00f3n sanitaria do ver\u00e1n e informaci\u00f3n detallada dos d\u00edas nos que os centros de sa\u00fade da comarca quedaron sen m\u00e9dicos.","og_url":"https:\/\/agrupacionespsoe.es\/acoruna\/o-psdeg-leva-ao-parlamento-a-falta-de-medicos-en-curtis-tras-quedar-o-centro-de-saude-sen-facultativos-durante-horas\/","og_site_name":"Agrupaci\u00f3n Provincial da Coru\u00f1a PSOE","article_published_time":"2026-08-31T15:55:03+00:00","article_modified_time":"2026-08-31T15:55:04+00:00","og_image":[{"width":1600,"height":1066,"url":"https:\/\/agrupacionespsoe.es\/acoruna\/wp-content\/uploads\/sites\/198\/2026\/08\/PSOE-CURTIS-31-de-agosto.jpeg","type":"image\/jpeg"}],"author":"Olympia M\u00e9ndez","twitter_card":"summary_large_image","twitter_misc":{"Escrito por":"Olympia M\u00e9ndez","Tiempo de lectura":"4 minutos"},"schema":{"@context":"https:\/\/schema.org","@graph":[{"@type":"Article","@id":"https:\/\/agrupacionespsoe.es\/acoruna\/o-psdeg-leva-ao-parlamento-a-falta-de-medicos-en-curtis-tras-quedar-o-centro-de-saude-sen-facultativos-durante-horas\/#article","isPartOf":{"@id":"https:\/\/agrupacionespsoe.es\/acoruna\/o-psdeg-leva-ao-parlamento-a-falta-de-medicos-en-curtis-tras-quedar-o-centro-de-saude-sen-facultativos-durante-horas\/"},"author":{"name":"Olympia M\u00e9ndez","@id":"https:\/\/agrupacionespsoe.es\/acoruna\/#\/schema\/person\/dbf2b36187b136d06a53f7937d5d5af9"},"headline":"O PSdeG leva ao Parlamento a falta de m\u00e9dicos en Curtis tras quedar o centro de sa\u00fade sen facultativos durante horas","datePublished":"2026-08-31T15:55:03+00:00","dateModified":"2026-08-31T15:55:04+00:00","mainEntityOfPage":{"@id":"https:\/\/agrupacionespsoe.es\/acoruna\/o-psdeg-leva-ao-parlamento-a-falta-de-medicos-en-curtis-tras-quedar-o-centro-de-saude-sen-facultativos-durante-horas\/"},"wordCount":867,"commentCount":0,"publisher":{"@id":"https:\/\/agrupacionespsoe.es\/acoruna\/#organization"},"image":{"@id":"https:\/\/agrupacionespsoe.es\/acoruna\/o-psdeg-leva-ao-parlamento-a-falta-de-medicos-en-curtis-tras-quedar-o-centro-de-saude-sen-facultativos-durante-horas\/#primaryimage"},"thumbnailUrl":"https:\/\/agrupacionespsoe.es\/acoruna\/wp-content\/uploads\/sites\/198\/2026\/08\/PSOE-CURTIS-31-de-agosto.jpeg","keywords":["Centro de Sa\u00fade","Curtis","Fernando Rey Leira","Mari\u00f1as Betanceiras","Parlamento de Galicia","Persoal sanitario","PSdeG-PSOE","Silvia Longueira","Xunta de Galicia"],"articleSection":["Curtis","Sanidade"],"inLanguage":"es","potentialAction":[{"@type":"CommentAction","name":"Comment","target":["https:\/\/agrupacionespsoe.es\/acoruna\/o-psdeg-leva-ao-parlamento-a-falta-de-medicos-en-curtis-tras-quedar-o-centro-de-saude-sen-facultativos-durante-horas\/#respond"]}]},{"@type":"WebPage","@id":"https:\/\/agrupacionespsoe.es\/acoruna\/o-psdeg-leva-ao-parlamento-a-falta-de-medicos-en-curtis-tras-quedar-o-centro-de-saude-sen-facultativos-durante-horas\/","url":"https:\/\/agrupacionespsoe.es\/acoruna\/o-psdeg-leva-ao-parlamento-a-falta-de-medicos-en-curtis-tras-quedar-o-centro-de-saude-sen-facultativos-durante-horas\/","name":"O PSdeG leva ao Parlamento a falta de m\u00e9dicos en Curtis tras quedar o centro de sa\u00fade sen facultativos durante horas - Agrupaci\u00f3n Provincial da Coru\u00f1a PSOE","isPartOf":{"@id":"https:\/\/agrupacionespsoe.es\/acoruna\/#website"},"primaryImageOfPage":{"@id":"https:\/\/agrupacionespsoe.es\/acoruna\/o-psdeg-leva-ao-parlamento-a-falta-de-medicos-en-curtis-tras-quedar-o-centro-de-saude-sen-facultativos-durante-horas\/#primaryimage"},"image":{"@id":"https:\/\/agrupacionespsoe.es\/acoruna\/o-psdeg-leva-ao-parlamento-a-falta-de-medicos-en-curtis-tras-quedar-o-centro-de-saude-sen-facultativos-durante-horas\/#primaryimage"},"thumbnailUrl":"https:\/\/agrupacionespsoe.es\/acoruna\/wp-content\/uploads\/sites\/198\/2026\/08\/PSOE-CURTIS-31-de-agosto.jpeg","datePublished":"2026-08-31T15:55:03+00:00","dateModified":"2026-08-31T15:55:04+00:00","description":"Silvia Longueira reclamar\u00e1 \u00e1 Xunta explicaci\u00f3ns sobre a planificaci\u00f3n sanitaria do ver\u00e1n e informaci\u00f3n detallada dos d\u00edas nos que os centros de sa\u00fade da comarca quedaron sen m\u00e9dicos.","breadcrumb":{"@id":"https:\/\/agrupacionespsoe.es\/acoruna\/o-psdeg-leva-ao-parlamento-a-falta-de-medicos-en-curtis-tras-quedar-o-centro-de-saude-sen-facultativos-durante-horas\/#breadcrumb"},"inLanguage":"es","potentialAction":[{"@type":"ReadAction","target":["https:\/\/agrupacionespsoe.es\/acoruna\/o-psdeg-leva-ao-parlamento-a-falta-de-medicos-en-curtis-tras-quedar-o-centro-de-saude-sen-facultativos-durante-horas\/"]}]},{"@type":"ImageObject","inLanguage":"es","@id":"https:\/\/agrupacionespsoe.es\/acoruna\/o-psdeg-leva-ao-parlamento-a-falta-de-medicos-en-curtis-tras-quedar-o-centro-de-saude-sen-facultativos-durante-horas\/#primaryimage","url":"https:\/\/agrupacionespsoe.es\/acoruna\/wp-content\/uploads\/sites\/198\/2026\/08\/PSOE-CURTIS-31-de-agosto.jpeg","contentUrl":"https:\/\/agrupacionespsoe.es\/acoruna\/wp-content\/uploads\/sites\/198\/2026\/08\/PSOE-CURTIS-31-de-agosto.jpeg","width":1600,"height":1066},{"@type":"BreadcrumbList","@id":"https:\/\/agrupacionespsoe.es\/acoruna\/o-psdeg-leva-ao-parlamento-a-falta-de-medicos-en-curtis-tras-quedar-o-centro-de-saude-sen-facultativos-durante-horas\/#breadcrumb","itemListElement":[{"@type":"ListItem","position":1,"name":"Portada","item":"https:\/\/agrupacionespsoe.es\/acoruna\/"},{"@type":"ListItem","position":2,"name":"O PSdeG leva ao Parlamento a falta de m\u00e9dicos en Curtis tras quedar o centro de sa\u00fade sen facultativos durante horas"}]},{"@type":"WebSite","@id":"https:\/\/agrupacionespsoe.es\/acoruna\/#website","url":"https:\/\/agrupacionespsoe.es\/acoruna\/","name":"Agrupaci\u00f3n Provincial da Coru\u00f1a PSOE","description":"Provincial PSdeG-PSOE da Coru\u00f1a","publisher":{"@id":"https:\/\/agrupacionespsoe.es\/acoruna\/#organization"},"potentialAction":[{"@type":"SearchAction","target":{"@type":"EntryPoint","urlTemplate":"https:\/\/agrupacionespsoe.es\/acoruna\/?s={search_term_string}"},"query-input":{"@type":"PropertyValueSpecification","valueRequired":true,"valueName":"search_term_string"}}],"inLanguage":"es"},{"@type":"Organization","@id":"https:\/\/agrupacionespsoe.es\/acoruna\/#organization","name":"Agrupaci\u00f3n Provincial da Coru\u00f1a PSOE","url":"https:\/\/agrupacionespsoe.es\/acoruna\/","logo":{"@type":"ImageObject","inLanguage":"es","@id":"https:\/\/agrupacionespsoe.es\/acoruna\/#\/schema\/logo\/image\/","url":"https:\/\/agrupacionespsoe.es\/wp-content\/uploads\/2022\/07\/Logotipo_electoral_del_PSOE.png","contentUrl":"https:\/\/agrupacionespsoe.es\/wp-content\/uploads\/2022\/07\/Logotipo_electoral_del_PSOE.png","width":422,"height":422,"caption":"Agrupaci\u00f3n Provincial da Coru\u00f1a PSOE"},"image":{"@id":"https:\/\/agrupacionespsoe.es\/acoruna\/#\/schema\/logo\/image\/"}},{"@type":"Person","@id":"https:\/\/agrupacionespsoe.es\/acoruna\/#\/schema\/person\/dbf2b36187b136d06a53f7937d5d5af9","name":"Olympia M\u00e9ndez","image":{"@type":"ImageObject","inLanguage":"es","@id":"https:\/\/agrupacionespsoe.es\/acoruna\/#\/schema\/person\/image\/","url":"https:\/\/secure.gravatar.com\/avatar\/12db1fb8bfe20deb7a2d4ddc95b9042b?s=96&d=mm&r=g","contentUrl":"https:\/\/secure.gravatar.com\/avatar\/12db1fb8bfe20deb7a2d4ddc95b9042b?s=96&d=mm&r=g","caption":"Olympia M\u00e9ndez"},"url":"https:\/\/agrupacionespsoe.es\/acoruna\/author\/acoruna2\/"}]}},"jetpack_featured_media_url":"https:\/\/agrupacionespsoe.es\/acoruna\/wp-content\/uploads\/sites\/198\/2026\/08\/PSOE-CURTIS-31-de-agosto.jpeg","jetpack_sharing_enabled":true,"jetpack_likes_enabled":true,"_links":{"self":[{"href":"https:\/\/agrupacionespsoe.es\/acoruna\/wp-json\/wp\/v2\/posts\/3660","targetHints":{"allow":["GET"]}}],"collection":[{"href":"https:\/\/agrupacionespsoe.es\/acoruna\/wp-json\/wp\/v2\/posts"}],"about":[{"href":"https:\/\/agrupacionespsoe.es\/acoruna\/wp-json\/wp\/v2\/types\/post"}],"author":[{"embeddable":true,"href":"https:\/\/agrupacionespsoe.es\/acoruna\/wp-json\/wp\/v2\/users\/282"}],"replies":[{"embeddable":true,"href":"https:\/\/agrupacionespsoe.es\/acoruna\/wp-json\/wp\/v2\/comments?post=3660"}],"version-history":[{"count":2,"href":"https:\/\/agrupacionespsoe.es\/acoruna\/wp-json\/wp\/v2\/posts\/3660\/revisions"}],"predecessor-version":[{"id":3663,"href":"https:\/\/agrupacionespsoe.es\/acoruna\/wp-json\/wp\/v2\/posts\/3660\/revisions\/3663"}],"wp:featuredmedia":[{"embeddable":true,"href":"https:\/\/agrupacionespsoe.es\/acoruna\/wp-json\/wp\/v2\/media\/3661"}],"wp:attachment":[{"href":"https:\/\/agrupacionespsoe.es\/acoruna\/wp-json\/wp\/v2\/media?parent=3660"}],"wp:term":[{"taxonomy":"category","embeddable":true,"href":"https:\/\/agrupacionespsoe.es\/acoruna\/wp-json\/wp\/v2\/categories?post=3660"},{"taxonomy":"post_tag","embeddable":true,"href":"https:\/\/agrupacionespsoe.es\/acoruna\/wp-json\/wp\/v2\/tags?post=3660"}],"curies":[{"name":"wp","href":"https:\/\/api.w.org\/{rel}","templated":true}]}}