{"id":3179,"date":"2026-04-30T17:35:30","date_gmt":"2026-04-30T15:35:30","guid":{"rendered":"https:\/\/agrupacionespsoe.es\/acoruna\/?p=3179"},"modified":"2026-04-30T17:35:31","modified_gmt":"2026-04-30T15:35:31","slug":"o-psdeg-reclama-no-parlamento-solucions-para-o-transporte-escolar-do-cpi-castro-baxoi-en-mino","status":"publish","type":"post","link":"https:\/\/agrupacionespsoe.es\/acoruna\/o-psdeg-reclama-no-parlamento-solucions-para-o-transporte-escolar-do-cpi-castro-baxoi-en-mino\/","title":{"rendered":"O PSdeG reclama\u00a0 no Parlamento soluci\u00f3ns para o transporte escolar do CPI Castro Baxoi en Mi\u00f1o"},"content":{"rendered":"\n<ul class=\"wp-block-list\">\n<li><strong>Silvia Longueira denuncia que o alumnado perde 5 minutos de clase cada d\u00eda a causa desta problem\u00e1tica<\/strong><\/li>\n<\/ul>\n\n\n\n<section class=\"wp-block-psoe-separador bg-primary px-2\"><hr class=\"color-white bg-white opacity-1 h-[1px] w-full\" \/><\/section>\n\n\n\n<p class=\"has-medium-font-size\">Silvia Longueira, deputada socialista no Parlamento de Galicia, recl\u00e1malle \u00e1 Xunta que po\u00f1a soluci\u00f3n aos problemas do transporte escolar no CPI Castro Baxoi de Mi\u00f1o.<\/p>\n\n\n\n<p class=\"has-medium-font-size\">A socialista denuncia que o alumnado perde diariamente &#8220;cinco minutos de clase porque a Conseller\u00eda de Educaci\u00f3n e a Conseller\u00eda de Presidencia non son capaces de po\u00f1erse de acordo para que o transporte escolar estea a disposici\u00f3n dos alumnos e non os alumnos a disposici\u00f3n do transporte escolar&#8221;.<\/p>\n\n\n\n<p class=\"has-medium-font-size\">&#8220;Como non son capaces de po\u00f1erse de acordo no horario&#8221;, afirma Longueira, o estudantado ten que sa\u00edr das aulas &#8220;cinco minutos antes t\u00f3dolos d\u00edas para poder chegar \u00e1s s\u00faas casas&#8221;.<\/p>\n\n\n\n<p class=\"has-medium-font-size\">A deputada auton\u00f3mica afirma que se trata dunha situaci\u00f3n &#8220;impropia do s\u00e9culo XXI, e sobre todo se estamos a traballar para que Galicia te\u00f1a poboaci\u00f3n asentada no territorio&#8221;.<\/p>\n\n\n\n<p class=\"has-medium-font-size\">Por esta raz\u00f3n, o Grupo Parlamentario Socialista rexistra unha proposici\u00f3n non de lei para o seu debate no pleno do Parlamento, na que explican as deficiencias do servizo de transporte escolar.<\/p>\n\n\n\n<p class=\"has-medium-font-size\">O texto insta \u00e1 Xunta a &#8220;coordinar os horarios lectivos e o transporte das nenas e nenos do Castro Baxoi, de xeito que se cumpran os 50 minutos lectivos por clase, segundo a norma xeral en t\u00f3dolos colexios p\u00fablicos galegos&#8221;. A iniciativa remata instando tam\u00e9n a que se recuperen as horas lectivas detra\u00eddas ao alumnado do Castro Baxoi por causa da non coincidencia co servizo de transporte&#8221;.<\/p>\n\n\n\n<section class=\"wp-block-psoe-separador bg-primary px-2\"><hr class=\"color-white bg-white opacity-1 h-[1px] w-full\" \/><\/section>\n\n\n\n<figure class=\"wp-block-video\"><video controls src=\"https:\/\/agrupacionespsoe.es\/acoruna\/wp-content\/uploads\/sites\/198\/2026\/04\/Audio-Silvia-Longueira-Mino.mp4\"><\/video><figcaption class=\"wp-element-caption\">Silvia Longueira &#8211; CPI Castro Baxoi Mi\u00f1o &#8211; abr26<\/figcaption><\/figure>\n","protected":false},"excerpt":{"rendered":"<p>Silvia Longueira, deputada socialista no Parlamento de Galicia, recl\u00e1malle \u00e1 Xunta que po\u00f1a soluci\u00f3n aos problemas do transporte escolar no CPI Castro Baxoi de Mi\u00f1o. A socialista denuncia que o alumnado perde diariamente &#8220;cinco minutos de clase porque a Conseller\u00eda de Educaci\u00f3n e a Conseller\u00eda de Presidencia non son capaces de po\u00f1erse de acordo para &#8230;<\/p>\n","protected":false},"author":282,"featured_media":2947,"comment_status":"open","ping_status":"open","sticky":false,"template":"","format":"standard","meta":{"_jetpack_memberships_contains_paid_content":false,"footnotes":""},"categories":[84,82,189],"tags":[609,80,687,515,50,22,863,285,1011,159],"class_list":["post-3179","post","type-post","status-publish","format-standard","has-post-thumbnail","hentry","category-educacion","category-mino","category-transporte","tag-cpi","tag-educacion","tag-ensino-publico","tag-medio-rural","tag-parlamento-de-galicia","tag-psdeg-psoe","tag-servizos-publicos","tag-silvia-longueira","tag-transporte-escolar","tag-xunta-de-galicia"],"yoast_head":"<!-- This site is optimized with the Yoast SEO plugin v24.0 - https:\/\/yoast.com\/wordpress\/plugins\/seo\/ -->\n<title>O PSdeG reclama\u00a0 no Parlamento soluci\u00f3ns para o transporte escolar do CPI Castro Baxoi en Mi\u00f1o - Agrupaci\u00f3n Provincial da Coru\u00f1a PSOE<\/title>\n<meta name=\"description\" content=\"Silvia Longueira denuncia que o alumnado perde 5 minutos de clase cada d\u00eda a causa desta problem\u00e1tica.\" \/>\n<meta name=\"robots\" content=\"index, follow, max-snippet:-1, max-image-preview:large, max-video-preview:-1\" \/>\n<link rel=\"canonical\" href=\"https:\/\/agrupacionespsoe.es\/acoruna\/o-psdeg-reclama-no-parlamento-solucions-para-o-transporte-escolar-do-cpi-castro-baxoi-en-mino\/\" \/>\n<meta property=\"og:locale\" content=\"es_ES\" \/>\n<meta property=\"og:type\" content=\"article\" \/>\n<meta property=\"og:title\" content=\"O PSdeG reclama\u00a0 no Parlamento soluci\u00f3ns para o transporte escolar do CPI Castro Baxoi en Mi\u00f1o - Agrupaci\u00f3n Provincial da Coru\u00f1a PSOE\" \/>\n<meta property=\"og:description\" content=\"Silvia Longueira denuncia que o alumnado perde 5 minutos de clase cada d\u00eda a causa desta problem\u00e1tica.\" \/>\n<meta property=\"og:url\" content=\"https:\/\/agrupacionespsoe.es\/acoruna\/o-psdeg-reclama-no-parlamento-solucions-para-o-transporte-escolar-do-cpi-castro-baxoi-en-mino\/\" \/>\n<meta property=\"og:site_name\" content=\"Agrupaci\u00f3n Provincial da Coru\u00f1a PSOE\" \/>\n<meta property=\"article:published_time\" content=\"2026-04-30T15:35:30+00:00\" \/>\n<meta property=\"article:modified_time\" content=\"2026-04-30T15:35:31+00:00\" \/>\n<meta property=\"og:image\" content=\"https:\/\/agrupacionespsoe.es\/acoruna\/wp-content\/uploads\/sites\/198\/2026\/03\/PSOE-OLEIROS-26-de-marzo.jpeg\" \/>\n\t<meta property=\"og:image:width\" content=\"1600\" \/>\n\t<meta property=\"og:image:height\" content=\"1066\" \/>\n\t<meta property=\"og:image:type\" content=\"image\/jpeg\" \/>\n<meta name=\"author\" content=\"Olympia M\u00e9ndez\" \/>\n<meta name=\"twitter:card\" content=\"summary_large_image\" \/>\n<meta name=\"twitter:label1\" content=\"Escrito por\" \/>\n\t<meta name=\"twitter:data1\" content=\"Olympia M\u00e9ndez\" \/>\n\t<meta name=\"twitter:label2\" content=\"Tiempo de lectura\" \/>\n\t<meta name=\"twitter:data2\" content=\"2 minutos\" \/>\n<script type=\"application\/ld+json\" class=\"yoast-schema-graph\">{\"@context\":\"https:\/\/schema.org\",\"@graph\":[{\"@type\":\"Article\",\"@id\":\"https:\/\/agrupacionespsoe.es\/acoruna\/o-psdeg-reclama-no-parlamento-solucions-para-o-transporte-escolar-do-cpi-castro-baxoi-en-mino\/#article\",\"isPartOf\":{\"@id\":\"https:\/\/agrupacionespsoe.es\/acoruna\/o-psdeg-reclama-no-parlamento-solucions-para-o-transporte-escolar-do-cpi-castro-baxoi-en-mino\/\"},\"author\":{\"name\":\"Olympia M\u00e9ndez\",\"@id\":\"https:\/\/agrupacionespsoe.es\/acoruna\/#\/schema\/person\/dbf2b36187b136d06a53f7937d5d5af9\"},\"headline\":\"O PSdeG reclama\u00a0 no Parlamento soluci\u00f3ns para o transporte escolar do CPI Castro Baxoi en Mi\u00f1o\",\"datePublished\":\"2026-04-30T15:35:30+00:00\",\"dateModified\":\"2026-04-30T15:35:31+00:00\",\"mainEntityOfPage\":{\"@id\":\"https:\/\/agrupacionespsoe.es\/acoruna\/o-psdeg-reclama-no-parlamento-solucions-para-o-transporte-escolar-do-cpi-castro-baxoi-en-mino\/\"},\"wordCount\":298,\"commentCount\":0,\"publisher\":{\"@id\":\"https:\/\/agrupacionespsoe.es\/acoruna\/#organization\"},\"image\":{\"@id\":\"https:\/\/agrupacionespsoe.es\/acoruna\/o-psdeg-reclama-no-parlamento-solucions-para-o-transporte-escolar-do-cpi-castro-baxoi-en-mino\/#primaryimage\"},\"thumbnailUrl\":\"https:\/\/agrupacionespsoe.es\/acoruna\/wp-content\/uploads\/sites\/198\/2026\/03\/PSOE-OLEIROS-26-de-marzo.jpeg\",\"keywords\":[\"CPI\",\"Educaci\u00f3n\",\"Ensino P\u00fablico\",\"Medio Rural\",\"Parlamento de Galicia\",\"PSdeG-PSOE\",\"Servizos p\u00fablicos\",\"Silvia Longueira\",\"Transporte escolar\",\"Xunta de Galicia\"],\"articleSection\":[\"Educaci\u00f3n\",\"Mi\u00f1o\",\"Transporte\"],\"inLanguage\":\"es\",\"potentialAction\":[{\"@type\":\"CommentAction\",\"name\":\"Comment\",\"target\":[\"https:\/\/agrupacionespsoe.es\/acoruna\/o-psdeg-reclama-no-parlamento-solucions-para-o-transporte-escolar-do-cpi-castro-baxoi-en-mino\/#respond\"]}]},{\"@type\":\"WebPage\",\"@id\":\"https:\/\/agrupacionespsoe.es\/acoruna\/o-psdeg-reclama-no-parlamento-solucions-para-o-transporte-escolar-do-cpi-castro-baxoi-en-mino\/\",\"url\":\"https:\/\/agrupacionespsoe.es\/acoruna\/o-psdeg-reclama-no-parlamento-solucions-para-o-transporte-escolar-do-cpi-castro-baxoi-en-mino\/\",\"name\":\"O PSdeG reclama\u00a0 no Parlamento soluci\u00f3ns para o transporte escolar do CPI Castro Baxoi en Mi\u00f1o - Agrupaci\u00f3n Provincial da Coru\u00f1a PSOE\",\"isPartOf\":{\"@id\":\"https:\/\/agrupacionespsoe.es\/acoruna\/#website\"},\"primaryImageOfPage\":{\"@id\":\"https:\/\/agrupacionespsoe.es\/acoruna\/o-psdeg-reclama-no-parlamento-solucions-para-o-transporte-escolar-do-cpi-castro-baxoi-en-mino\/#primaryimage\"},\"image\":{\"@id\":\"https:\/\/agrupacionespsoe.es\/acoruna\/o-psdeg-reclama-no-parlamento-solucions-para-o-transporte-escolar-do-cpi-castro-baxoi-en-mino\/#primaryimage\"},\"thumbnailUrl\":\"https:\/\/agrupacionespsoe.es\/acoruna\/wp-content\/uploads\/sites\/198\/2026\/03\/PSOE-OLEIROS-26-de-marzo.jpeg\",\"datePublished\":\"2026-04-30T15:35:30+00:00\",\"dateModified\":\"2026-04-30T15:35:31+00:00\",\"description\":\"Silvia Longueira denuncia que o alumnado perde 5 minutos de clase cada d\u00eda a causa desta problem\u00e1tica.\",\"breadcrumb\":{\"@id\":\"https:\/\/agrupacionespsoe.es\/acoruna\/o-psdeg-reclama-no-parlamento-solucions-para-o-transporte-escolar-do-cpi-castro-baxoi-en-mino\/#breadcrumb\"},\"inLanguage\":\"es\",\"potentialAction\":[{\"@type\":\"ReadAction\",\"target\":[\"https:\/\/agrupacionespsoe.es\/acoruna\/o-psdeg-reclama-no-parlamento-solucions-para-o-transporte-escolar-do-cpi-castro-baxoi-en-mino\/\"]}]},{\"@type\":\"ImageObject\",\"inLanguage\":\"es\",\"@id\":\"https:\/\/agrupacionespsoe.es\/acoruna\/o-psdeg-reclama-no-parlamento-solucions-para-o-transporte-escolar-do-cpi-castro-baxoi-en-mino\/#primaryimage\",\"url\":\"https:\/\/agrupacionespsoe.es\/acoruna\/wp-content\/uploads\/sites\/198\/2026\/03\/PSOE-OLEIROS-26-de-marzo.jpeg\",\"contentUrl\":\"https:\/\/agrupacionespsoe.es\/acoruna\/wp-content\/uploads\/sites\/198\/2026\/03\/PSOE-OLEIROS-26-de-marzo.jpeg\",\"width\":1600,\"height\":1066},{\"@type\":\"BreadcrumbList\",\"@id\":\"https:\/\/agrupacionespsoe.es\/acoruna\/o-psdeg-reclama-no-parlamento-solucions-para-o-transporte-escolar-do-cpi-castro-baxoi-en-mino\/#breadcrumb\",\"itemListElement\":[{\"@type\":\"ListItem\",\"position\":1,\"name\":\"Portada\",\"item\":\"https:\/\/agrupacionespsoe.es\/acoruna\/\"},{\"@type\":\"ListItem\",\"position\":2,\"name\":\"O PSdeG reclama\u00a0 no Parlamento soluci\u00f3ns para o transporte escolar do CPI Castro Baxoi en Mi\u00f1o\"}]},{\"@type\":\"WebSite\",\"@id\":\"https:\/\/agrupacionespsoe.es\/acoruna\/#website\",\"url\":\"https:\/\/agrupacionespsoe.es\/acoruna\/\",\"name\":\"Agrupaci\u00f3n Provincial da Coru\u00f1a PSOE\",\"description\":\"Provincial PSdeG-PSOE da Coru\u00f1a\",\"publisher\":{\"@id\":\"https:\/\/agrupacionespsoe.es\/acoruna\/#organization\"},\"potentialAction\":[{\"@type\":\"SearchAction\",\"target\":{\"@type\":\"EntryPoint\",\"urlTemplate\":\"https:\/\/agrupacionespsoe.es\/acoruna\/?s={search_term_string}\"},\"query-input\":{\"@type\":\"PropertyValueSpecification\",\"valueRequired\":true,\"valueName\":\"search_term_string\"}}],\"inLanguage\":\"es\"},{\"@type\":\"Organization\",\"@id\":\"https:\/\/agrupacionespsoe.es\/acoruna\/#organization\",\"name\":\"Agrupaci\u00f3n Provincial da Coru\u00f1a PSOE\",\"url\":\"https:\/\/agrupacionespsoe.es\/acoruna\/\",\"logo\":{\"@type\":\"ImageObject\",\"inLanguage\":\"es\",\"@id\":\"https:\/\/agrupacionespsoe.es\/acoruna\/#\/schema\/logo\/image\/\",\"url\":\"https:\/\/agrupacionespsoe.es\/wp-content\/uploads\/2022\/07\/Logotipo_electoral_del_PSOE.png\",\"contentUrl\":\"https:\/\/agrupacionespsoe.es\/wp-content\/uploads\/2022\/07\/Logotipo_electoral_del_PSOE.png\",\"width\":422,\"height\":422,\"caption\":\"Agrupaci\u00f3n Provincial da Coru\u00f1a PSOE\"},\"image\":{\"@id\":\"https:\/\/agrupacionespsoe.es\/acoruna\/#\/schema\/logo\/image\/\"}},{\"@type\":\"Person\",\"@id\":\"https:\/\/agrupacionespsoe.es\/acoruna\/#\/schema\/person\/dbf2b36187b136d06a53f7937d5d5af9\",\"name\":\"Olympia M\u00e9ndez\",\"image\":{\"@type\":\"ImageObject\",\"inLanguage\":\"es\",\"@id\":\"https:\/\/agrupacionespsoe.es\/acoruna\/#\/schema\/person\/image\/\",\"url\":\"https:\/\/secure.gravatar.com\/avatar\/12db1fb8bfe20deb7a2d4ddc95b9042b?s=96&d=mm&r=g\",\"contentUrl\":\"https:\/\/secure.gravatar.com\/avatar\/12db1fb8bfe20deb7a2d4ddc95b9042b?s=96&d=mm&r=g\",\"caption\":\"Olympia M\u00e9ndez\"},\"url\":\"https:\/\/agrupacionespsoe.es\/acoruna\/author\/acoruna2\/\"}]}<\/script>\n<!-- \/ Yoast SEO plugin. -->","yoast_head_json":{"title":"O PSdeG reclama\u00a0 no Parlamento soluci\u00f3ns para o transporte escolar do CPI Castro Baxoi en Mi\u00f1o - Agrupaci\u00f3n Provincial da Coru\u00f1a PSOE","description":"Silvia Longueira denuncia que o alumnado perde 5 minutos de clase cada d\u00eda a causa desta problem\u00e1tica.","robots":{"index":"index","follow":"follow","max-snippet":"max-snippet:-1","max-image-preview":"max-image-preview:large","max-video-preview":"max-video-preview:-1"},"canonical":"https:\/\/agrupacionespsoe.es\/acoruna\/o-psdeg-reclama-no-parlamento-solucions-para-o-transporte-escolar-do-cpi-castro-baxoi-en-mino\/","og_locale":"es_ES","og_type":"article","og_title":"O PSdeG reclama\u00a0 no Parlamento soluci\u00f3ns para o transporte escolar do CPI Castro Baxoi en Mi\u00f1o - Agrupaci\u00f3n Provincial da Coru\u00f1a PSOE","og_description":"Silvia Longueira denuncia que o alumnado perde 5 minutos de clase cada d\u00eda a causa desta problem\u00e1tica.","og_url":"https:\/\/agrupacionespsoe.es\/acoruna\/o-psdeg-reclama-no-parlamento-solucions-para-o-transporte-escolar-do-cpi-castro-baxoi-en-mino\/","og_site_name":"Agrupaci\u00f3n Provincial da Coru\u00f1a PSOE","article_published_time":"2026-04-30T15:35:30+00:00","article_modified_time":"2026-04-30T15:35:31+00:00","og_image":[{"width":1600,"height":1066,"url":"https:\/\/agrupacionespsoe.es\/acoruna\/wp-content\/uploads\/sites\/198\/2026\/03\/PSOE-OLEIROS-26-de-marzo.jpeg","type":"image\/jpeg"}],"author":"Olympia M\u00e9ndez","twitter_card":"summary_large_image","twitter_misc":{"Escrito por":"Olympia M\u00e9ndez","Tiempo de lectura":"2 minutos"},"schema":{"@context":"https:\/\/schema.org","@graph":[{"@type":"Article","@id":"https:\/\/agrupacionespsoe.es\/acoruna\/o-psdeg-reclama-no-parlamento-solucions-para-o-transporte-escolar-do-cpi-castro-baxoi-en-mino\/#article","isPartOf":{"@id":"https:\/\/agrupacionespsoe.es\/acoruna\/o-psdeg-reclama-no-parlamento-solucions-para-o-transporte-escolar-do-cpi-castro-baxoi-en-mino\/"},"author":{"name":"Olympia M\u00e9ndez","@id":"https:\/\/agrupacionespsoe.es\/acoruna\/#\/schema\/person\/dbf2b36187b136d06a53f7937d5d5af9"},"headline":"O PSdeG reclama\u00a0 no Parlamento soluci\u00f3ns para o transporte escolar do CPI Castro Baxoi en Mi\u00f1o","datePublished":"2026-04-30T15:35:30+00:00","dateModified":"2026-04-30T15:35:31+00:00","mainEntityOfPage":{"@id":"https:\/\/agrupacionespsoe.es\/acoruna\/o-psdeg-reclama-no-parlamento-solucions-para-o-transporte-escolar-do-cpi-castro-baxoi-en-mino\/"},"wordCount":298,"commentCount":0,"publisher":{"@id":"https:\/\/agrupacionespsoe.es\/acoruna\/#organization"},"image":{"@id":"https:\/\/agrupacionespsoe.es\/acoruna\/o-psdeg-reclama-no-parlamento-solucions-para-o-transporte-escolar-do-cpi-castro-baxoi-en-mino\/#primaryimage"},"thumbnailUrl":"https:\/\/agrupacionespsoe.es\/acoruna\/wp-content\/uploads\/sites\/198\/2026\/03\/PSOE-OLEIROS-26-de-marzo.jpeg","keywords":["CPI","Educaci\u00f3n","Ensino P\u00fablico","Medio Rural","Parlamento de Galicia","PSdeG-PSOE","Servizos p\u00fablicos","Silvia Longueira","Transporte escolar","Xunta de Galicia"],"articleSection":["Educaci\u00f3n","Mi\u00f1o","Transporte"],"inLanguage":"es","potentialAction":[{"@type":"CommentAction","name":"Comment","target":["https:\/\/agrupacionespsoe.es\/acoruna\/o-psdeg-reclama-no-parlamento-solucions-para-o-transporte-escolar-do-cpi-castro-baxoi-en-mino\/#respond"]}]},{"@type":"WebPage","@id":"https:\/\/agrupacionespsoe.es\/acoruna\/o-psdeg-reclama-no-parlamento-solucions-para-o-transporte-escolar-do-cpi-castro-baxoi-en-mino\/","url":"https:\/\/agrupacionespsoe.es\/acoruna\/o-psdeg-reclama-no-parlamento-solucions-para-o-transporte-escolar-do-cpi-castro-baxoi-en-mino\/","name":"O PSdeG reclama\u00a0 no Parlamento soluci\u00f3ns para o transporte escolar do CPI Castro Baxoi en Mi\u00f1o - Agrupaci\u00f3n Provincial da Coru\u00f1a PSOE","isPartOf":{"@id":"https:\/\/agrupacionespsoe.es\/acoruna\/#website"},"primaryImageOfPage":{"@id":"https:\/\/agrupacionespsoe.es\/acoruna\/o-psdeg-reclama-no-parlamento-solucions-para-o-transporte-escolar-do-cpi-castro-baxoi-en-mino\/#primaryimage"},"image":{"@id":"https:\/\/agrupacionespsoe.es\/acoruna\/o-psdeg-reclama-no-parlamento-solucions-para-o-transporte-escolar-do-cpi-castro-baxoi-en-mino\/#primaryimage"},"thumbnailUrl":"https:\/\/agrupacionespsoe.es\/acoruna\/wp-content\/uploads\/sites\/198\/2026\/03\/PSOE-OLEIROS-26-de-marzo.jpeg","datePublished":"2026-04-30T15:35:30+00:00","dateModified":"2026-04-30T15:35:31+00:00","description":"Silvia Longueira denuncia que o alumnado perde 5 minutos de clase cada d\u00eda a causa desta problem\u00e1tica.","breadcrumb":{"@id":"https:\/\/agrupacionespsoe.es\/acoruna\/o-psdeg-reclama-no-parlamento-solucions-para-o-transporte-escolar-do-cpi-castro-baxoi-en-mino\/#breadcrumb"},"inLanguage":"es","potentialAction":[{"@type":"ReadAction","target":["https:\/\/agrupacionespsoe.es\/acoruna\/o-psdeg-reclama-no-parlamento-solucions-para-o-transporte-escolar-do-cpi-castro-baxoi-en-mino\/"]}]},{"@type":"ImageObject","inLanguage":"es","@id":"https:\/\/agrupacionespsoe.es\/acoruna\/o-psdeg-reclama-no-parlamento-solucions-para-o-transporte-escolar-do-cpi-castro-baxoi-en-mino\/#primaryimage","url":"https:\/\/agrupacionespsoe.es\/acoruna\/wp-content\/uploads\/sites\/198\/2026\/03\/PSOE-OLEIROS-26-de-marzo.jpeg","contentUrl":"https:\/\/agrupacionespsoe.es\/acoruna\/wp-content\/uploads\/sites\/198\/2026\/03\/PSOE-OLEIROS-26-de-marzo.jpeg","width":1600,"height":1066},{"@type":"BreadcrumbList","@id":"https:\/\/agrupacionespsoe.es\/acoruna\/o-psdeg-reclama-no-parlamento-solucions-para-o-transporte-escolar-do-cpi-castro-baxoi-en-mino\/#breadcrumb","itemListElement":[{"@type":"ListItem","position":1,"name":"Portada","item":"https:\/\/agrupacionespsoe.es\/acoruna\/"},{"@type":"ListItem","position":2,"name":"O PSdeG reclama\u00a0 no Parlamento soluci\u00f3ns para o transporte escolar do CPI Castro Baxoi en Mi\u00f1o"}]},{"@type":"WebSite","@id":"https:\/\/agrupacionespsoe.es\/acoruna\/#website","url":"https:\/\/agrupacionespsoe.es\/acoruna\/","name":"Agrupaci\u00f3n Provincial da Coru\u00f1a PSOE","description":"Provincial PSdeG-PSOE da Coru\u00f1a","publisher":{"@id":"https:\/\/agrupacionespsoe.es\/acoruna\/#organization"},"potentialAction":[{"@type":"SearchAction","target":{"@type":"EntryPoint","urlTemplate":"https:\/\/agrupacionespsoe.es\/acoruna\/?s={search_term_string}"},"query-input":{"@type":"PropertyValueSpecification","valueRequired":true,"valueName":"search_term_string"}}],"inLanguage":"es"},{"@type":"Organization","@id":"https:\/\/agrupacionespsoe.es\/acoruna\/#organization","name":"Agrupaci\u00f3n Provincial da Coru\u00f1a PSOE","url":"https:\/\/agrupacionespsoe.es\/acoruna\/","logo":{"@type":"ImageObject","inLanguage":"es","@id":"https:\/\/agrupacionespsoe.es\/acoruna\/#\/schema\/logo\/image\/","url":"https:\/\/agrupacionespsoe.es\/wp-content\/uploads\/2022\/07\/Logotipo_electoral_del_PSOE.png","contentUrl":"https:\/\/agrupacionespsoe.es\/wp-content\/uploads\/2022\/07\/Logotipo_electoral_del_PSOE.png","width":422,"height":422,"caption":"Agrupaci\u00f3n Provincial da Coru\u00f1a PSOE"},"image":{"@id":"https:\/\/agrupacionespsoe.es\/acoruna\/#\/schema\/logo\/image\/"}},{"@type":"Person","@id":"https:\/\/agrupacionespsoe.es\/acoruna\/#\/schema\/person\/dbf2b36187b136d06a53f7937d5d5af9","name":"Olympia M\u00e9ndez","image":{"@type":"ImageObject","inLanguage":"es","@id":"https:\/\/agrupacionespsoe.es\/acoruna\/#\/schema\/person\/image\/","url":"https:\/\/secure.gravatar.com\/avatar\/12db1fb8bfe20deb7a2d4ddc95b9042b?s=96&d=mm&r=g","contentUrl":"https:\/\/secure.gravatar.com\/avatar\/12db1fb8bfe20deb7a2d4ddc95b9042b?s=96&d=mm&r=g","caption":"Olympia M\u00e9ndez"},"url":"https:\/\/agrupacionespsoe.es\/acoruna\/author\/acoruna2\/"}]}},"jetpack_featured_media_url":"https:\/\/agrupacionespsoe.es\/acoruna\/wp-content\/uploads\/sites\/198\/2026\/03\/PSOE-OLEIROS-26-de-marzo.jpeg","jetpack_sharing_enabled":true,"jetpack_likes_enabled":true,"_links":{"self":[{"href":"https:\/\/agrupacionespsoe.es\/acoruna\/wp-json\/wp\/v2\/posts\/3179","targetHints":{"allow":["GET"]}}],"collection":[{"href":"https:\/\/agrupacionespsoe.es\/acoruna\/wp-json\/wp\/v2\/posts"}],"about":[{"href":"https:\/\/agrupacionespsoe.es\/acoruna\/wp-json\/wp\/v2\/types\/post"}],"author":[{"embeddable":true,"href":"https:\/\/agrupacionespsoe.es\/acoruna\/wp-json\/wp\/v2\/users\/282"}],"replies":[{"embeddable":true,"href":"https:\/\/agrupacionespsoe.es\/acoruna\/wp-json\/wp\/v2\/comments?post=3179"}],"version-history":[{"count":2,"href":"https:\/\/agrupacionespsoe.es\/acoruna\/wp-json\/wp\/v2\/posts\/3179\/revisions"}],"predecessor-version":[{"id":3182,"href":"https:\/\/agrupacionespsoe.es\/acoruna\/wp-json\/wp\/v2\/posts\/3179\/revisions\/3182"}],"wp:featuredmedia":[{"embeddable":true,"href":"https:\/\/agrupacionespsoe.es\/acoruna\/wp-json\/wp\/v2\/media\/2947"}],"wp:attachment":[{"href":"https:\/\/agrupacionespsoe.es\/acoruna\/wp-json\/wp\/v2\/media?parent=3179"}],"wp:term":[{"taxonomy":"category","embeddable":true,"href":"https:\/\/agrupacionespsoe.es\/acoruna\/wp-json\/wp\/v2\/categories?post=3179"},{"taxonomy":"post_tag","embeddable":true,"href":"https:\/\/agrupacionespsoe.es\/acoruna\/wp-json\/wp\/v2\/tags?post=3179"}],"curies":[{"name":"wp","href":"https:\/\/api.w.org\/{rel}","templated":true}]}}