{"id":3169,"date":"2026-04-29T17:53:12","date_gmt":"2026-04-29T15:53:12","guid":{"rendered":"https:\/\/agrupacionespsoe.es\/acoruna\/?p=3169"},"modified":"2026-04-29T17:54:31","modified_gmt":"2026-04-29T15:54:31","slug":"o-psdeg-esixelle-a-xunta-que-rehabilite-o-pavillon-do-ies-moncho-valcarce-das-pontes","status":"publish","type":"post","link":"https:\/\/agrupacionespsoe.es\/acoruna\/o-psdeg-esixelle-a-xunta-que-rehabilite-o-pavillon-do-ies-moncho-valcarce-das-pontes\/","title":{"rendered":"O PSdeG es\u00edxelle \u00e1 Xunta que rehabilite o pavill\u00f3n do IES Moncho Valcarce das Pontes"},"content":{"rendered":"\n<ul class=\"wp-block-list\">\n<li><strong>Aitor Bouza e Tania Pardo sinalan que a instalaci\u00f3n presenta filtraci\u00f3ns e humidades que impiden o seu funcionamento<\/strong><\/li>\n<\/ul>\n\n\n\n<section class=\"wp-block-psoe-separador bg-primary px-2\"><hr class=\"color-white bg-white opacity-1 h-[1px] w-full\" \/><\/section>\n\n\n\n<p class=\"has-medium-font-size\">O PSdeG-PSOE recl\u00e1malle \u00e1 Xunta de Galicia que rehabilite o pavill\u00f3n do IES Moncho Valcarce das Pontes, que presenta multitude de filtraci\u00f3ns e humidades que impiden o correcto desenvolvento da actividade deportiva no seu interior.<\/p>\n\n\n\n<p class=\"has-medium-font-size\">&#8220;Sum\u00e1monos \u00e1s reivindicaci\u00f3ns que levan facendo non s\u00f3 durante semanas e d\u00edas a comunidade educativa e o Concello das Pontes, sen\u00f3n durante meses e anos&#8221;, sinala o parlamentario socialista Aitor Bouza.<\/p>\n\n\n\n<p class=\"has-medium-font-size\">O deputado es\u00edxelle &#8220;ao se\u00f1or Rueda e \u00e1 Xunta de Galicia que fagan dunha vez estas obras tan necesarias no IES Moncho Valcarce, un centro educativo exclusivo da s\u00faa competencia e que ten a d\u00eda de hoxe un pavill\u00f3n deportivo que se cae&#8221;.<\/p>\n\n\n\n<p class=\"has-medium-font-size\">Reclamou &#8220;que se eliminen as filtraci\u00f3ns e as humidades, que se mellore o illamento t\u00e9rmico e tam\u00e9n que se modernicen as instalaci\u00f3ns tanto de climatizaci\u00f3n como de iluminaci\u00f3n&#8221;. &#8220;Polo menos, para ter esta instalaci\u00f3n conforme a uns est\u00e1ndares de eficiencia enerx\u00e9tica m\u00ednimos&#8221;, engadiu.<\/p>\n\n\n\n<p class=\"has-medium-font-size\">&#8220;Non podemos permitir que o alumnado deste centro educativo te\u00f1a que realizar as s\u00faas actividades nunhas condici\u00f3ns absolutamente deplorables&#8221;, subli\u00f1ou o membro do Parlamento de Galicia.<\/p>\n\n\n\n<p class=\"has-medium-font-size\">Bouza demanda que se incl\u00faa unha partida ao respecto &#8220;nos orzamentos do presente exercicio para que se acometan estas obras tan necesarias, reclamadas dende hai tanto tempo, na mellor brevidade posible&#8221;, co obxectivo de que &#8220;o alumnado e o profesorado deste centro educativo non te\u00f1an que seguir padecendo estes recortes educativos&#8221;.<\/p>\n\n\n\n<p class=\"has-medium-font-size\">&#8220;A Xunta de Galicia prefire mirar para outro lado ou prefire a castigar a este alumnado do concello das Pontes&#8221;, critica Bouza, que afirma que o PSdeG seguir\u00e1 &#8220;ao lado da comunidade educativa&#8221;.<\/p>\n\n\n\n<p class=\"has-medium-font-size\">&#8220;Levaremos tam\u00e9n esta reivindicaci\u00f3n, como non pode ser doutro xeito, o Parlamento de Galicia para que os grupos parlamentarios se posicionen&#8221;, apunta, para que o goberno galego &#8220;non deixe tirados a todos os alumnos e alumnas do IES Moncho Valcarce&#8221;.<\/p>\n\n\n\n<p class=\"has-medium-font-size\">Pola s\u00faa banda, a concelleira socialista Tania Pardo salienta que se trata dunha petici\u00f3n que levan moito tempo solicitando dende o consello escolar do centro, o Concello, os representantes das familias e o propio instituto.<\/p>\n\n\n\n<p class=\"has-medium-font-size\">Pardo quixo recalcar &#8220;o tempo que levamos esperando&#8221; e reclama que o arranxen o antes posible: &#8220;xa non \u00e9 unha cuesti\u00f3n de prometer que vai nos presupostos, \u00e9 que non est\u00e1 nominativamente nos orzamentos, e si outros centros&#8221;.<\/p>\n\n\n\n<p class=\"has-medium-font-size\">Para a socialista, o alumnado deste centro merece &#8220;ter un pavill\u00f3n en \u00f3ptimas condici\u00f3ns para levar a cabo a actividade f\u00edsica&#8221;. &#8220;Hai tam\u00e9n clubes locais que van al\u00ed a adestrar e que non poden facelo, pois a maior parte do ano, en canto chove un pouco ou en canto hai humidade \u00e9 impracticable&#8221;, engade. &#8220;Non cremos xa mais en tanta promesa, queremos que pasen xa a facer o que se comprometeron a facer neste ano, que era dotalo de presuposto e executar as obras no ver\u00e1n&#8221;, concl\u00fae a socialista.<\/p>\n\n\n\n<section class=\"wp-block-psoe-separador bg-primary px-2\"><hr class=\"color-white bg-white opacity-1 h-[1px] w-full\" \/><\/section>\n\n\n\n<figure class=\"wp-block-video\"><video controls src=\"https:\/\/agrupacionespsoe.es\/acoruna\/wp-content\/uploads\/sites\/198\/2026\/04\/Audio-Aitor-Bouza-As-Pontes.mp4\"><\/video><figcaption class=\"wp-element-caption\">Aitor Bouza &#8211; IES Mocho Valcarce &#8211; abr26<\/figcaption><\/figure>\n\n\n\n<figure class=\"wp-block-audio\"><audio controls src=\"https:\/\/agrupacionespsoe.es\/acoruna\/wp-content\/uploads\/sites\/198\/2026\/04\/Audio-Tania-Pardo-As-Pontes.ogg\"><\/audio><figcaption class=\"wp-element-caption\">Tania Pardo &#8211; IES Moncho Valcarce &#8211; abr26<\/figcaption><\/figure>\n","protected":false},"excerpt":{"rendered":"<p>O PSdeG-PSOE recl\u00e1malle \u00e1 Xunta de Galicia que rehabilite o pavill\u00f3n do IES Moncho Valcarce das Pontes, que presenta multitude de filtraci\u00f3ns e humidades que impiden o correcto desenvolvento da actividade deportiva no seu interior. &#8220;Sum\u00e1monos \u00e1s reivindicaci\u00f3ns que levan facendo non s\u00f3 durante semanas e d\u00edas a comunidade educativa e o Concello das Pontes, &#8230;<\/p>\n","protected":false},"author":282,"featured_media":3171,"comment_status":"open","ping_status":"open","sticky":false,"template":"","format":"standard","meta":{"_jetpack_memberships_contains_paid_content":false,"footnotes":""},"categories":[915,84],"tags":[587,917,219,80,733,58,1009,329,287,50,22,159],"class_list":["post-3169","post","type-post","status-publish","format-standard","has-post-thumbnail","hentry","category-as-pontes","category-educacion","tag-aitor-bouza-manso","tag-as-pontes","tag-deportes","tag-educacion","tag-ies","tag-infraestruturas","tag-mocidade","tag-obras","tag-orzamentos","tag-parlamento-de-galicia","tag-psdeg-psoe","tag-xunta-de-galicia"],"yoast_head":"<!-- This site is optimized with the Yoast SEO plugin v24.0 - https:\/\/yoast.com\/wordpress\/plugins\/seo\/ -->\n<title>O PSdeG es\u00edxelle \u00e1 Xunta que rehabilite o pavill\u00f3n do IES Moncho Valcarce das Pontes - Agrupaci\u00f3n Provincial da Coru\u00f1a PSOE<\/title>\n<meta name=\"description\" content=\"Aitor Bouza e Tania Pardo sinalan que a instalaci\u00f3n presenta filtraci\u00f3ns e humidades que impiden o seu funcionamento .\" \/>\n<meta name=\"robots\" content=\"index, follow, max-snippet:-1, max-image-preview:large, max-video-preview:-1\" \/>\n<link rel=\"canonical\" href=\"https:\/\/agrupacionespsoe.es\/acoruna\/o-psdeg-esixelle-a-xunta-que-rehabilite-o-pavillon-do-ies-moncho-valcarce-das-pontes\/\" \/>\n<meta property=\"og:locale\" content=\"es_ES\" \/>\n<meta property=\"og:type\" content=\"article\" \/>\n<meta property=\"og:title\" content=\"O PSdeG es\u00edxelle \u00e1 Xunta que rehabilite o pavill\u00f3n do IES Moncho Valcarce das Pontes - Agrupaci\u00f3n Provincial da Coru\u00f1a PSOE\" \/>\n<meta property=\"og:description\" content=\"Aitor Bouza e Tania Pardo sinalan que a instalaci\u00f3n presenta filtraci\u00f3ns e humidades que impiden o seu funcionamento .\" \/>\n<meta property=\"og:url\" content=\"https:\/\/agrupacionespsoe.es\/acoruna\/o-psdeg-esixelle-a-xunta-que-rehabilite-o-pavillon-do-ies-moncho-valcarce-das-pontes\/\" \/>\n<meta property=\"og:site_name\" content=\"Agrupaci\u00f3n Provincial da Coru\u00f1a PSOE\" \/>\n<meta property=\"article:published_time\" content=\"2026-04-29T15:53:12+00:00\" \/>\n<meta property=\"article:modified_time\" content=\"2026-04-29T15:54:31+00:00\" \/>\n<meta property=\"og:image\" content=\"https:\/\/agrupacionespsoe.es\/acoruna\/wp-content\/uploads\/sites\/198\/2026\/04\/PSOE-AS-PONTES-29-de-abril.jpeg\" \/>\n\t<meta property=\"og:image:width\" content=\"1600\" \/>\n\t<meta property=\"og:image:height\" content=\"1066\" \/>\n\t<meta property=\"og:image:type\" content=\"image\/jpeg\" \/>\n<meta name=\"author\" content=\"Olympia M\u00e9ndez\" \/>\n<meta name=\"twitter:card\" content=\"summary_large_image\" \/>\n<meta name=\"twitter:label1\" content=\"Escrito por\" \/>\n\t<meta name=\"twitter:data1\" content=\"Olympia M\u00e9ndez\" \/>\n\t<meta name=\"twitter:label2\" content=\"Tiempo de lectura\" \/>\n\t<meta name=\"twitter:data2\" content=\"3 minutos\" \/>\n<script type=\"application\/ld+json\" class=\"yoast-schema-graph\">{\"@context\":\"https:\/\/schema.org\",\"@graph\":[{\"@type\":\"Article\",\"@id\":\"https:\/\/agrupacionespsoe.es\/acoruna\/o-psdeg-esixelle-a-xunta-que-rehabilite-o-pavillon-do-ies-moncho-valcarce-das-pontes\/#article\",\"isPartOf\":{\"@id\":\"https:\/\/agrupacionespsoe.es\/acoruna\/o-psdeg-esixelle-a-xunta-que-rehabilite-o-pavillon-do-ies-moncho-valcarce-das-pontes\/\"},\"author\":{\"name\":\"Olympia M\u00e9ndez\",\"@id\":\"https:\/\/agrupacionespsoe.es\/acoruna\/#\/schema\/person\/dbf2b36187b136d06a53f7937d5d5af9\"},\"headline\":\"O PSdeG es\u00edxelle \u00e1 Xunta que rehabilite o pavill\u00f3n do IES Moncho Valcarce das Pontes\",\"datePublished\":\"2026-04-29T15:53:12+00:00\",\"dateModified\":\"2026-04-29T15:54:31+00:00\",\"mainEntityOfPage\":{\"@id\":\"https:\/\/agrupacionespsoe.es\/acoruna\/o-psdeg-esixelle-a-xunta-que-rehabilite-o-pavillon-do-ies-moncho-valcarce-das-pontes\/\"},\"wordCount\":550,\"commentCount\":0,\"publisher\":{\"@id\":\"https:\/\/agrupacionespsoe.es\/acoruna\/#organization\"},\"image\":{\"@id\":\"https:\/\/agrupacionespsoe.es\/acoruna\/o-psdeg-esixelle-a-xunta-que-rehabilite-o-pavillon-do-ies-moncho-valcarce-das-pontes\/#primaryimage\"},\"thumbnailUrl\":\"https:\/\/agrupacionespsoe.es\/acoruna\/wp-content\/uploads\/sites\/198\/2026\/04\/PSOE-AS-PONTES-29-de-abril.jpeg\",\"keywords\":[\"Aitor Bouza Manso\",\"As Pontes\",\"Deportes\",\"Educaci\u00f3n\",\"IES\",\"Infraestruturas\",\"Mocidade\",\"Obras\",\"Orzamentos\",\"Parlamento de Galicia\",\"PSdeG-PSOE\",\"Xunta de Galicia\"],\"articleSection\":[\"As Pontes\",\"Educaci\u00f3n\"],\"inLanguage\":\"es\",\"potentialAction\":[{\"@type\":\"CommentAction\",\"name\":\"Comment\",\"target\":[\"https:\/\/agrupacionespsoe.es\/acoruna\/o-psdeg-esixelle-a-xunta-que-rehabilite-o-pavillon-do-ies-moncho-valcarce-das-pontes\/#respond\"]}]},{\"@type\":\"WebPage\",\"@id\":\"https:\/\/agrupacionespsoe.es\/acoruna\/o-psdeg-esixelle-a-xunta-que-rehabilite-o-pavillon-do-ies-moncho-valcarce-das-pontes\/\",\"url\":\"https:\/\/agrupacionespsoe.es\/acoruna\/o-psdeg-esixelle-a-xunta-que-rehabilite-o-pavillon-do-ies-moncho-valcarce-das-pontes\/\",\"name\":\"O PSdeG es\u00edxelle \u00e1 Xunta que rehabilite o pavill\u00f3n do IES Moncho Valcarce das Pontes - Agrupaci\u00f3n Provincial da Coru\u00f1a PSOE\",\"isPartOf\":{\"@id\":\"https:\/\/agrupacionespsoe.es\/acoruna\/#website\"},\"primaryImageOfPage\":{\"@id\":\"https:\/\/agrupacionespsoe.es\/acoruna\/o-psdeg-esixelle-a-xunta-que-rehabilite-o-pavillon-do-ies-moncho-valcarce-das-pontes\/#primaryimage\"},\"image\":{\"@id\":\"https:\/\/agrupacionespsoe.es\/acoruna\/o-psdeg-esixelle-a-xunta-que-rehabilite-o-pavillon-do-ies-moncho-valcarce-das-pontes\/#primaryimage\"},\"thumbnailUrl\":\"https:\/\/agrupacionespsoe.es\/acoruna\/wp-content\/uploads\/sites\/198\/2026\/04\/PSOE-AS-PONTES-29-de-abril.jpeg\",\"datePublished\":\"2026-04-29T15:53:12+00:00\",\"dateModified\":\"2026-04-29T15:54:31+00:00\",\"description\":\"Aitor Bouza e Tania Pardo sinalan que a instalaci\u00f3n presenta filtraci\u00f3ns e humidades que impiden o seu funcionamento .\",\"breadcrumb\":{\"@id\":\"https:\/\/agrupacionespsoe.es\/acoruna\/o-psdeg-esixelle-a-xunta-que-rehabilite-o-pavillon-do-ies-moncho-valcarce-das-pontes\/#breadcrumb\"},\"inLanguage\":\"es\",\"potentialAction\":[{\"@type\":\"ReadAction\",\"target\":[\"https:\/\/agrupacionespsoe.es\/acoruna\/o-psdeg-esixelle-a-xunta-que-rehabilite-o-pavillon-do-ies-moncho-valcarce-das-pontes\/\"]}]},{\"@type\":\"ImageObject\",\"inLanguage\":\"es\",\"@id\":\"https:\/\/agrupacionespsoe.es\/acoruna\/o-psdeg-esixelle-a-xunta-que-rehabilite-o-pavillon-do-ies-moncho-valcarce-das-pontes\/#primaryimage\",\"url\":\"https:\/\/agrupacionespsoe.es\/acoruna\/wp-content\/uploads\/sites\/198\/2026\/04\/PSOE-AS-PONTES-29-de-abril.jpeg\",\"contentUrl\":\"https:\/\/agrupacionespsoe.es\/acoruna\/wp-content\/uploads\/sites\/198\/2026\/04\/PSOE-AS-PONTES-29-de-abril.jpeg\",\"width\":1600,\"height\":1066},{\"@type\":\"BreadcrumbList\",\"@id\":\"https:\/\/agrupacionespsoe.es\/acoruna\/o-psdeg-esixelle-a-xunta-que-rehabilite-o-pavillon-do-ies-moncho-valcarce-das-pontes\/#breadcrumb\",\"itemListElement\":[{\"@type\":\"ListItem\",\"position\":1,\"name\":\"Portada\",\"item\":\"https:\/\/agrupacionespsoe.es\/acoruna\/\"},{\"@type\":\"ListItem\",\"position\":2,\"name\":\"O PSdeG es\u00edxelle \u00e1 Xunta que rehabilite o pavill\u00f3n do IES Moncho Valcarce das Pontes\"}]},{\"@type\":\"WebSite\",\"@id\":\"https:\/\/agrupacionespsoe.es\/acoruna\/#website\",\"url\":\"https:\/\/agrupacionespsoe.es\/acoruna\/\",\"name\":\"Agrupaci\u00f3n Provincial da Coru\u00f1a PSOE\",\"description\":\"Provincial PSdeG-PSOE da Coru\u00f1a\",\"publisher\":{\"@id\":\"https:\/\/agrupacionespsoe.es\/acoruna\/#organization\"},\"potentialAction\":[{\"@type\":\"SearchAction\",\"target\":{\"@type\":\"EntryPoint\",\"urlTemplate\":\"https:\/\/agrupacionespsoe.es\/acoruna\/?s={search_term_string}\"},\"query-input\":{\"@type\":\"PropertyValueSpecification\",\"valueRequired\":true,\"valueName\":\"search_term_string\"}}],\"inLanguage\":\"es\"},{\"@type\":\"Organization\",\"@id\":\"https:\/\/agrupacionespsoe.es\/acoruna\/#organization\",\"name\":\"Agrupaci\u00f3n Provincial da Coru\u00f1a PSOE\",\"url\":\"https:\/\/agrupacionespsoe.es\/acoruna\/\",\"logo\":{\"@type\":\"ImageObject\",\"inLanguage\":\"es\",\"@id\":\"https:\/\/agrupacionespsoe.es\/acoruna\/#\/schema\/logo\/image\/\",\"url\":\"https:\/\/agrupacionespsoe.es\/wp-content\/uploads\/2022\/07\/Logotipo_electoral_del_PSOE.png\",\"contentUrl\":\"https:\/\/agrupacionespsoe.es\/wp-content\/uploads\/2022\/07\/Logotipo_electoral_del_PSOE.png\",\"width\":422,\"height\":422,\"caption\":\"Agrupaci\u00f3n Provincial da Coru\u00f1a PSOE\"},\"image\":{\"@id\":\"https:\/\/agrupacionespsoe.es\/acoruna\/#\/schema\/logo\/image\/\"}},{\"@type\":\"Person\",\"@id\":\"https:\/\/agrupacionespsoe.es\/acoruna\/#\/schema\/person\/dbf2b36187b136d06a53f7937d5d5af9\",\"name\":\"Olympia M\u00e9ndez\",\"image\":{\"@type\":\"ImageObject\",\"inLanguage\":\"es\",\"@id\":\"https:\/\/agrupacionespsoe.es\/acoruna\/#\/schema\/person\/image\/\",\"url\":\"https:\/\/secure.gravatar.com\/avatar\/12db1fb8bfe20deb7a2d4ddc95b9042b?s=96&d=mm&r=g\",\"contentUrl\":\"https:\/\/secure.gravatar.com\/avatar\/12db1fb8bfe20deb7a2d4ddc95b9042b?s=96&d=mm&r=g\",\"caption\":\"Olympia M\u00e9ndez\"},\"url\":\"https:\/\/agrupacionespsoe.es\/acoruna\/author\/acoruna2\/\"}]}<\/script>\n<!-- \/ Yoast SEO plugin. -->","yoast_head_json":{"title":"O PSdeG es\u00edxelle \u00e1 Xunta que rehabilite o pavill\u00f3n do IES Moncho Valcarce das Pontes - Agrupaci\u00f3n Provincial da Coru\u00f1a PSOE","description":"Aitor Bouza e Tania Pardo sinalan que a instalaci\u00f3n presenta filtraci\u00f3ns e humidades que impiden o seu funcionamento .","robots":{"index":"index","follow":"follow","max-snippet":"max-snippet:-1","max-image-preview":"max-image-preview:large","max-video-preview":"max-video-preview:-1"},"canonical":"https:\/\/agrupacionespsoe.es\/acoruna\/o-psdeg-esixelle-a-xunta-que-rehabilite-o-pavillon-do-ies-moncho-valcarce-das-pontes\/","og_locale":"es_ES","og_type":"article","og_title":"O PSdeG es\u00edxelle \u00e1 Xunta que rehabilite o pavill\u00f3n do IES Moncho Valcarce das Pontes - Agrupaci\u00f3n Provincial da Coru\u00f1a PSOE","og_description":"Aitor Bouza e Tania Pardo sinalan que a instalaci\u00f3n presenta filtraci\u00f3ns e humidades que impiden o seu funcionamento .","og_url":"https:\/\/agrupacionespsoe.es\/acoruna\/o-psdeg-esixelle-a-xunta-que-rehabilite-o-pavillon-do-ies-moncho-valcarce-das-pontes\/","og_site_name":"Agrupaci\u00f3n Provincial da Coru\u00f1a PSOE","article_published_time":"2026-04-29T15:53:12+00:00","article_modified_time":"2026-04-29T15:54:31+00:00","og_image":[{"width":1600,"height":1066,"url":"https:\/\/agrupacionespsoe.es\/acoruna\/wp-content\/uploads\/sites\/198\/2026\/04\/PSOE-AS-PONTES-29-de-abril.jpeg","type":"image\/jpeg"}],"author":"Olympia M\u00e9ndez","twitter_card":"summary_large_image","twitter_misc":{"Escrito por":"Olympia M\u00e9ndez","Tiempo de lectura":"3 minutos"},"schema":{"@context":"https:\/\/schema.org","@graph":[{"@type":"Article","@id":"https:\/\/agrupacionespsoe.es\/acoruna\/o-psdeg-esixelle-a-xunta-que-rehabilite-o-pavillon-do-ies-moncho-valcarce-das-pontes\/#article","isPartOf":{"@id":"https:\/\/agrupacionespsoe.es\/acoruna\/o-psdeg-esixelle-a-xunta-que-rehabilite-o-pavillon-do-ies-moncho-valcarce-das-pontes\/"},"author":{"name":"Olympia M\u00e9ndez","@id":"https:\/\/agrupacionespsoe.es\/acoruna\/#\/schema\/person\/dbf2b36187b136d06a53f7937d5d5af9"},"headline":"O PSdeG es\u00edxelle \u00e1 Xunta que rehabilite o pavill\u00f3n do IES Moncho Valcarce das Pontes","datePublished":"2026-04-29T15:53:12+00:00","dateModified":"2026-04-29T15:54:31+00:00","mainEntityOfPage":{"@id":"https:\/\/agrupacionespsoe.es\/acoruna\/o-psdeg-esixelle-a-xunta-que-rehabilite-o-pavillon-do-ies-moncho-valcarce-das-pontes\/"},"wordCount":550,"commentCount":0,"publisher":{"@id":"https:\/\/agrupacionespsoe.es\/acoruna\/#organization"},"image":{"@id":"https:\/\/agrupacionespsoe.es\/acoruna\/o-psdeg-esixelle-a-xunta-que-rehabilite-o-pavillon-do-ies-moncho-valcarce-das-pontes\/#primaryimage"},"thumbnailUrl":"https:\/\/agrupacionespsoe.es\/acoruna\/wp-content\/uploads\/sites\/198\/2026\/04\/PSOE-AS-PONTES-29-de-abril.jpeg","keywords":["Aitor Bouza Manso","As Pontes","Deportes","Educaci\u00f3n","IES","Infraestruturas","Mocidade","Obras","Orzamentos","Parlamento de Galicia","PSdeG-PSOE","Xunta de Galicia"],"articleSection":["As Pontes","Educaci\u00f3n"],"inLanguage":"es","potentialAction":[{"@type":"CommentAction","name":"Comment","target":["https:\/\/agrupacionespsoe.es\/acoruna\/o-psdeg-esixelle-a-xunta-que-rehabilite-o-pavillon-do-ies-moncho-valcarce-das-pontes\/#respond"]}]},{"@type":"WebPage","@id":"https:\/\/agrupacionespsoe.es\/acoruna\/o-psdeg-esixelle-a-xunta-que-rehabilite-o-pavillon-do-ies-moncho-valcarce-das-pontes\/","url":"https:\/\/agrupacionespsoe.es\/acoruna\/o-psdeg-esixelle-a-xunta-que-rehabilite-o-pavillon-do-ies-moncho-valcarce-das-pontes\/","name":"O PSdeG es\u00edxelle \u00e1 Xunta que rehabilite o pavill\u00f3n do IES Moncho Valcarce das Pontes - Agrupaci\u00f3n Provincial da Coru\u00f1a PSOE","isPartOf":{"@id":"https:\/\/agrupacionespsoe.es\/acoruna\/#website"},"primaryImageOfPage":{"@id":"https:\/\/agrupacionespsoe.es\/acoruna\/o-psdeg-esixelle-a-xunta-que-rehabilite-o-pavillon-do-ies-moncho-valcarce-das-pontes\/#primaryimage"},"image":{"@id":"https:\/\/agrupacionespsoe.es\/acoruna\/o-psdeg-esixelle-a-xunta-que-rehabilite-o-pavillon-do-ies-moncho-valcarce-das-pontes\/#primaryimage"},"thumbnailUrl":"https:\/\/agrupacionespsoe.es\/acoruna\/wp-content\/uploads\/sites\/198\/2026\/04\/PSOE-AS-PONTES-29-de-abril.jpeg","datePublished":"2026-04-29T15:53:12+00:00","dateModified":"2026-04-29T15:54:31+00:00","description":"Aitor Bouza e Tania Pardo sinalan que a instalaci\u00f3n presenta filtraci\u00f3ns e humidades que impiden o seu funcionamento .","breadcrumb":{"@id":"https:\/\/agrupacionespsoe.es\/acoruna\/o-psdeg-esixelle-a-xunta-que-rehabilite-o-pavillon-do-ies-moncho-valcarce-das-pontes\/#breadcrumb"},"inLanguage":"es","potentialAction":[{"@type":"ReadAction","target":["https:\/\/agrupacionespsoe.es\/acoruna\/o-psdeg-esixelle-a-xunta-que-rehabilite-o-pavillon-do-ies-moncho-valcarce-das-pontes\/"]}]},{"@type":"ImageObject","inLanguage":"es","@id":"https:\/\/agrupacionespsoe.es\/acoruna\/o-psdeg-esixelle-a-xunta-que-rehabilite-o-pavillon-do-ies-moncho-valcarce-das-pontes\/#primaryimage","url":"https:\/\/agrupacionespsoe.es\/acoruna\/wp-content\/uploads\/sites\/198\/2026\/04\/PSOE-AS-PONTES-29-de-abril.jpeg","contentUrl":"https:\/\/agrupacionespsoe.es\/acoruna\/wp-content\/uploads\/sites\/198\/2026\/04\/PSOE-AS-PONTES-29-de-abril.jpeg","width":1600,"height":1066},{"@type":"BreadcrumbList","@id":"https:\/\/agrupacionespsoe.es\/acoruna\/o-psdeg-esixelle-a-xunta-que-rehabilite-o-pavillon-do-ies-moncho-valcarce-das-pontes\/#breadcrumb","itemListElement":[{"@type":"ListItem","position":1,"name":"Portada","item":"https:\/\/agrupacionespsoe.es\/acoruna\/"},{"@type":"ListItem","position":2,"name":"O PSdeG es\u00edxelle \u00e1 Xunta que rehabilite o pavill\u00f3n do IES Moncho Valcarce das Pontes"}]},{"@type":"WebSite","@id":"https:\/\/agrupacionespsoe.es\/acoruna\/#website","url":"https:\/\/agrupacionespsoe.es\/acoruna\/","name":"Agrupaci\u00f3n Provincial da Coru\u00f1a PSOE","description":"Provincial PSdeG-PSOE da Coru\u00f1a","publisher":{"@id":"https:\/\/agrupacionespsoe.es\/acoruna\/#organization"},"potentialAction":[{"@type":"SearchAction","target":{"@type":"EntryPoint","urlTemplate":"https:\/\/agrupacionespsoe.es\/acoruna\/?s={search_term_string}"},"query-input":{"@type":"PropertyValueSpecification","valueRequired":true,"valueName":"search_term_string"}}],"inLanguage":"es"},{"@type":"Organization","@id":"https:\/\/agrupacionespsoe.es\/acoruna\/#organization","name":"Agrupaci\u00f3n Provincial da Coru\u00f1a PSOE","url":"https:\/\/agrupacionespsoe.es\/acoruna\/","logo":{"@type":"ImageObject","inLanguage":"es","@id":"https:\/\/agrupacionespsoe.es\/acoruna\/#\/schema\/logo\/image\/","url":"https:\/\/agrupacionespsoe.es\/wp-content\/uploads\/2022\/07\/Logotipo_electoral_del_PSOE.png","contentUrl":"https:\/\/agrupacionespsoe.es\/wp-content\/uploads\/2022\/07\/Logotipo_electoral_del_PSOE.png","width":422,"height":422,"caption":"Agrupaci\u00f3n Provincial da Coru\u00f1a PSOE"},"image":{"@id":"https:\/\/agrupacionespsoe.es\/acoruna\/#\/schema\/logo\/image\/"}},{"@type":"Person","@id":"https:\/\/agrupacionespsoe.es\/acoruna\/#\/schema\/person\/dbf2b36187b136d06a53f7937d5d5af9","name":"Olympia M\u00e9ndez","image":{"@type":"ImageObject","inLanguage":"es","@id":"https:\/\/agrupacionespsoe.es\/acoruna\/#\/schema\/person\/image\/","url":"https:\/\/secure.gravatar.com\/avatar\/12db1fb8bfe20deb7a2d4ddc95b9042b?s=96&d=mm&r=g","contentUrl":"https:\/\/secure.gravatar.com\/avatar\/12db1fb8bfe20deb7a2d4ddc95b9042b?s=96&d=mm&r=g","caption":"Olympia M\u00e9ndez"},"url":"https:\/\/agrupacionespsoe.es\/acoruna\/author\/acoruna2\/"}]}},"jetpack_featured_media_url":"https:\/\/agrupacionespsoe.es\/acoruna\/wp-content\/uploads\/sites\/198\/2026\/04\/PSOE-AS-PONTES-29-de-abril.jpeg","jetpack_sharing_enabled":true,"jetpack_likes_enabled":true,"_links":{"self":[{"href":"https:\/\/agrupacionespsoe.es\/acoruna\/wp-json\/wp\/v2\/posts\/3169","targetHints":{"allow":["GET"]}}],"collection":[{"href":"https:\/\/agrupacionespsoe.es\/acoruna\/wp-json\/wp\/v2\/posts"}],"about":[{"href":"https:\/\/agrupacionespsoe.es\/acoruna\/wp-json\/wp\/v2\/types\/post"}],"author":[{"embeddable":true,"href":"https:\/\/agrupacionespsoe.es\/acoruna\/wp-json\/wp\/v2\/users\/282"}],"replies":[{"embeddable":true,"href":"https:\/\/agrupacionespsoe.es\/acoruna\/wp-json\/wp\/v2\/comments?post=3169"}],"version-history":[{"count":3,"href":"https:\/\/agrupacionespsoe.es\/acoruna\/wp-json\/wp\/v2\/posts\/3169\/revisions"}],"predecessor-version":[{"id":3175,"href":"https:\/\/agrupacionespsoe.es\/acoruna\/wp-json\/wp\/v2\/posts\/3169\/revisions\/3175"}],"wp:featuredmedia":[{"embeddable":true,"href":"https:\/\/agrupacionespsoe.es\/acoruna\/wp-json\/wp\/v2\/media\/3171"}],"wp:attachment":[{"href":"https:\/\/agrupacionespsoe.es\/acoruna\/wp-json\/wp\/v2\/media?parent=3169"}],"wp:term":[{"taxonomy":"category","embeddable":true,"href":"https:\/\/agrupacionespsoe.es\/acoruna\/wp-json\/wp\/v2\/categories?post=3169"},{"taxonomy":"post_tag","embeddable":true,"href":"https:\/\/agrupacionespsoe.es\/acoruna\/wp-json\/wp\/v2\/tags?post=3169"}],"curies":[{"name":"wp","href":"https:\/\/api.w.org\/{rel}","templated":true}]}}