{"id":3165,"date":"2026-04-29T17:48:14","date_gmt":"2026-04-29T15:48:14","guid":{"rendered":"https:\/\/agrupacionespsoe.es\/acoruna\/?p=3165"},"modified":"2026-04-29T17:48:15","modified_gmt":"2026-04-29T15:48:15","slug":"o-psdeg-reclamalle-ao-pp-que-respalde-no-congreso-as-medidas-de-apoio-ao-marisqueo-en-camarinas","status":"publish","type":"post","link":"https:\/\/agrupacionespsoe.es\/acoruna\/o-psdeg-reclamalle-ao-pp-que-respalde-no-congreso-as-medidas-de-apoio-ao-marisqueo-en-camarinas\/","title":{"rendered":"O PSdeG recl\u00e1malle ao PP que respalde no Congreso as medidas de apoio ao marisqueo en Camari\u00f1as"},"content":{"rendered":"\n<ul class=\"wp-block-list\">\n<li><strong>Sandra \u00cdnsua e Patricia Iglesias critican o &#8220;abandono&#8221; do sector por parte da Xunta<\/strong><\/li>\n<\/ul>\n\n\n\n<section class=\"wp-block-psoe-separador bg-primary px-2\"><hr class=\"color-white bg-white opacity-1 h-[1px] w-full\" \/><\/section>\n\n\n\n<p class=\"has-medium-font-size\">O PSdeG-PSOE denuncia o &#8220;abandono&#8221; do sector marisqueiro de Camari\u00f1as e da Costa da Morte por parte do Partido Popular e a Xunta e recl\u00e1malles que apoie no Congreso dos Deputados a iniciativa socialista para eximir a mariscadoras e mariscadores de pagar as cotas de Seguridade Social.<\/p>\n\n\n\n<p class=\"has-medium-font-size\">A alcaldesa de Camari\u00f1as, Sandra \u00cdnsua, criticou a maneira de actuar da deputada auton\u00f3mica do PP Paula Mouzo: &#8220;Moito demandar \u00f3 Estado, pero cando se trata de demandar a Xunta baixa a cabeza&#8221;<\/p>\n\n\n\n<p class=\"has-medium-font-size\">&#8220;A situaci\u00f3n do marisqueo de Camari\u00f1as non \u00e9 como a do resto de Galicia, necesita unha soluci\u00f3n \u00fanica&#8221; afirma a rexedora socialista.<\/p>\n\n\n\n<p class=\"has-medium-font-size\">Pola s\u00faa banda, Patricia Iglesias, deputada socialista no Parlamento de Galicia, sinalou que &#8220;en Camari\u00f1as non fallou o mar, fallou a Xunta&#8221;. &#8220;Son anos de abandono, anos de mirar para outro lado cos bancos marisqueiros no concello de Camari\u00f1as e nas r\u00edas da Costa da Morte&#8221; apuntou.<\/p>\n\n\n\n<p class=\"has-medium-font-size\">&#8220;A Xunta de Galicia, \u00e9 importante po\u00f1elo de manifesto, ten as competencias exclusivas en marisqueo e na xesti\u00f3n das r\u00edas&#8221;, salienta Iglesias, que critica que o Goberno da Xunta &#8220;deixou pasar anos e meses sen actuar mentres o sector avisaba dunha situaci\u00f3n absolutamente l\u00edmite&#8221;.<\/p>\n\n\n\n<p class=\"has-medium-font-size\">A socialista lembra que en decembro deste ano &#8220;xa se advert\u00eda do colapso, e mentres tanto o goberno galego non fixo nada, mirar para outro lado&#8221;. &#8220;Iso non \u00e9 unha crise inevitable, \u00e9 s\u00f3 un abandono, unha pol\u00edtica de brazos ca\u00eddos&#8221;, lamentou.<\/p>\n\n\n\n<p class=\"has-medium-font-size\">&#8220;Cando reaccionaron, fix\u00e9rono tarde e mal, con anuncios confusos, con cambios de criterio, ningunha soluci\u00f3n real para as mariscadoras de Camari\u00f1as&#8221; denuncia Iglesias.<\/p>\n\n\n\n<p class=\"has-medium-font-size\">Subli\u00f1ou que o Goberno de Espa\u00f1a &#8220;puxo enriba da mesa unha medida concreta que o sector levaba tempo reclamando&#8221;: presentou no Congreso dos Deputados unha modificaci\u00f3n lexislativa para eximir \u00e1s mariscadoras de pagar as cotas de seguridade social, con efectos retroactivos mentres dure a paralizaci\u00f3n de actividade.<\/p>\n\n\n\n<p class=\"has-medium-font-size\">&#8220;Agora xa non hai escusas, e a responsabilidade \u00e9 do goberno galego, \u00e9 do se\u00f1or Rueda e dos deputados, ademais, galegos do PP no Congreso en Madrid&#8221; indica a parlamentaria. &#8220;Ter\u00e1n que decidir se est\u00e1n coas mariscadoras galegas e do concello de Camari\u00f1as ou se seguen d\u00e1ndolle as costas&#8221;, destaca.<\/p>\n\n\n\n<p class=\"has-medium-font-size\">&#8220;Pedimos, por tanto, dende o Partido Socialista de Galicia un plan espec\u00edfico e integral para o marisqueo da r\u00eda de Camari\u00f1as e axudas directas espec\u00edficas para este banco&#8221;, concl\u00fae.<\/p>\n\n\n\n<section class=\"wp-block-psoe-separador bg-primary px-2\"><hr class=\"color-white bg-white opacity-1 h-[1px] w-full\" \/><\/section>\n\n\n\n<figure class=\"wp-block-video\"><video controls src=\"https:\/\/agrupacionespsoe.es\/acoruna\/wp-content\/uploads\/sites\/198\/2026\/04\/Audio-Patricia-Iglesias-Camarinas.mp4\"><\/video><figcaption class=\"wp-element-caption\">Patricia Iglesias &#8211; Marisqueo Camari\u00f1as &#8211; abr26<\/figcaption><\/figure>\n","protected":false},"excerpt":{"rendered":"<p>O PSdeG-PSOE denuncia o &#8220;abandono&#8221; do sector marisqueiro de Camari\u00f1as e da Costa da Morte por parte do Partido Popular e a Xunta e recl\u00e1malles que apoie no Congreso dos Deputados a iniciativa socialista para eximir a mariscadoras e mariscadores de pagar as cotas de Seguridade Social. A alcaldesa de Camari\u00f1as, Sandra \u00cdnsua, criticou a &#8230;<\/p>\n","protected":false},"author":282,"featured_media":2818,"comment_status":"open","ping_status":"open","sticky":false,"template":"","format":"standard","meta":{"_jetpack_memberships_contains_paid_content":false,"footnotes":""},"categories":[657,149],"tags":[659,299,449,74,50,54,22,1007,159],"class_list":["post-3165","post","type-post","status-publish","format-standard","has-post-thumbnail","hentry","category-camarinas","category-mar","tag-camarinas","tag-costa-da-morte","tag-mar","tag-marisqueo","tag-parlamento-de-galicia","tag-patricia-iglesias","tag-psdeg-psoe","tag-sandra-insua","tag-xunta-de-galicia"],"yoast_head":"<!-- This site is optimized with the Yoast SEO plugin v24.0 - https:\/\/yoast.com\/wordpress\/plugins\/seo\/ -->\n<title>O PSdeG recl\u00e1malle ao PP que respalde no Congreso as medidas de apoio ao marisqueo en Camari\u00f1as - Agrupaci\u00f3n Provincial da Coru\u00f1a PSOE<\/title>\n<meta name=\"description\" content=\"Sandra \u00cdnsua e Patricia Iglesias critican o &quot;abandono&quot; do sector por parte da Xunta.\" \/>\n<meta name=\"robots\" content=\"index, follow, max-snippet:-1, max-image-preview:large, max-video-preview:-1\" \/>\n<link rel=\"canonical\" href=\"https:\/\/agrupacionespsoe.es\/acoruna\/o-psdeg-reclamalle-ao-pp-que-respalde-no-congreso-as-medidas-de-apoio-ao-marisqueo-en-camarinas\/\" \/>\n<meta property=\"og:locale\" content=\"es_ES\" \/>\n<meta property=\"og:type\" content=\"article\" \/>\n<meta property=\"og:title\" content=\"O PSdeG recl\u00e1malle ao PP que respalde no Congreso as medidas de apoio ao marisqueo en Camari\u00f1as - Agrupaci\u00f3n Provincial da Coru\u00f1a PSOE\" \/>\n<meta property=\"og:description\" content=\"Sandra \u00cdnsua e Patricia Iglesias critican o &quot;abandono&quot; do sector por parte da Xunta.\" \/>\n<meta property=\"og:url\" content=\"https:\/\/agrupacionespsoe.es\/acoruna\/o-psdeg-reclamalle-ao-pp-que-respalde-no-congreso-as-medidas-de-apoio-ao-marisqueo-en-camarinas\/\" \/>\n<meta property=\"og:site_name\" content=\"Agrupaci\u00f3n Provincial da Coru\u00f1a PSOE\" \/>\n<meta property=\"article:published_time\" content=\"2026-04-29T15:48:14+00:00\" \/>\n<meta property=\"article:modified_time\" content=\"2026-04-29T15:48:15+00:00\" \/>\n<meta property=\"og:image\" content=\"https:\/\/agrupacionespsoe.es\/acoruna\/wp-content\/uploads\/sites\/198\/2026\/03\/PSOE-CARBALLO-5-de-marzo.jpeg\" \/>\n\t<meta property=\"og:image:width\" content=\"1600\" \/>\n\t<meta property=\"og:image:height\" content=\"1066\" \/>\n\t<meta property=\"og:image:type\" content=\"image\/jpeg\" \/>\n<meta name=\"author\" content=\"Olympia M\u00e9ndez\" \/>\n<meta name=\"twitter:card\" content=\"summary_large_image\" \/>\n<meta name=\"twitter:label1\" content=\"Escrito por\" \/>\n\t<meta name=\"twitter:data1\" content=\"Olympia M\u00e9ndez\" \/>\n\t<meta name=\"twitter:label2\" content=\"Tiempo de lectura\" \/>\n\t<meta name=\"twitter:data2\" content=\"3 minutos\" \/>\n<script type=\"application\/ld+json\" class=\"yoast-schema-graph\">{\"@context\":\"https:\/\/schema.org\",\"@graph\":[{\"@type\":\"Article\",\"@id\":\"https:\/\/agrupacionespsoe.es\/acoruna\/o-psdeg-reclamalle-ao-pp-que-respalde-no-congreso-as-medidas-de-apoio-ao-marisqueo-en-camarinas\/#article\",\"isPartOf\":{\"@id\":\"https:\/\/agrupacionespsoe.es\/acoruna\/o-psdeg-reclamalle-ao-pp-que-respalde-no-congreso-as-medidas-de-apoio-ao-marisqueo-en-camarinas\/\"},\"author\":{\"name\":\"Olympia M\u00e9ndez\",\"@id\":\"https:\/\/agrupacionespsoe.es\/acoruna\/#\/schema\/person\/dbf2b36187b136d06a53f7937d5d5af9\"},\"headline\":\"O PSdeG recl\u00e1malle ao PP que respalde no Congreso as medidas de apoio ao marisqueo en Camari\u00f1as\",\"datePublished\":\"2026-04-29T15:48:14+00:00\",\"dateModified\":\"2026-04-29T15:48:15+00:00\",\"mainEntityOfPage\":{\"@id\":\"https:\/\/agrupacionespsoe.es\/acoruna\/o-psdeg-reclamalle-ao-pp-que-respalde-no-congreso-as-medidas-de-apoio-ao-marisqueo-en-camarinas\/\"},\"wordCount\":454,\"commentCount\":0,\"publisher\":{\"@id\":\"https:\/\/agrupacionespsoe.es\/acoruna\/#organization\"},\"image\":{\"@id\":\"https:\/\/agrupacionespsoe.es\/acoruna\/o-psdeg-reclamalle-ao-pp-que-respalde-no-congreso-as-medidas-de-apoio-ao-marisqueo-en-camarinas\/#primaryimage\"},\"thumbnailUrl\":\"https:\/\/agrupacionespsoe.es\/acoruna\/wp-content\/uploads\/sites\/198\/2026\/03\/PSOE-CARBALLO-5-de-marzo.jpeg\",\"keywords\":[\"Camari\u00f1as\",\"Costa da Morte\",\"Mar\",\"marisqueo\",\"Parlamento de Galicia\",\"Patricia Iglesias\",\"PSdeG-PSOE\",\"Sandra \u00cdnsua\",\"Xunta de Galicia\"],\"articleSection\":[\"Camari\u00f1as\",\"Mar\"],\"inLanguage\":\"es\",\"potentialAction\":[{\"@type\":\"CommentAction\",\"name\":\"Comment\",\"target\":[\"https:\/\/agrupacionespsoe.es\/acoruna\/o-psdeg-reclamalle-ao-pp-que-respalde-no-congreso-as-medidas-de-apoio-ao-marisqueo-en-camarinas\/#respond\"]}]},{\"@type\":\"WebPage\",\"@id\":\"https:\/\/agrupacionespsoe.es\/acoruna\/o-psdeg-reclamalle-ao-pp-que-respalde-no-congreso-as-medidas-de-apoio-ao-marisqueo-en-camarinas\/\",\"url\":\"https:\/\/agrupacionespsoe.es\/acoruna\/o-psdeg-reclamalle-ao-pp-que-respalde-no-congreso-as-medidas-de-apoio-ao-marisqueo-en-camarinas\/\",\"name\":\"O PSdeG recl\u00e1malle ao PP que respalde no Congreso as medidas de apoio ao marisqueo en Camari\u00f1as - Agrupaci\u00f3n Provincial da Coru\u00f1a PSOE\",\"isPartOf\":{\"@id\":\"https:\/\/agrupacionespsoe.es\/acoruna\/#website\"},\"primaryImageOfPage\":{\"@id\":\"https:\/\/agrupacionespsoe.es\/acoruna\/o-psdeg-reclamalle-ao-pp-que-respalde-no-congreso-as-medidas-de-apoio-ao-marisqueo-en-camarinas\/#primaryimage\"},\"image\":{\"@id\":\"https:\/\/agrupacionespsoe.es\/acoruna\/o-psdeg-reclamalle-ao-pp-que-respalde-no-congreso-as-medidas-de-apoio-ao-marisqueo-en-camarinas\/#primaryimage\"},\"thumbnailUrl\":\"https:\/\/agrupacionespsoe.es\/acoruna\/wp-content\/uploads\/sites\/198\/2026\/03\/PSOE-CARBALLO-5-de-marzo.jpeg\",\"datePublished\":\"2026-04-29T15:48:14+00:00\",\"dateModified\":\"2026-04-29T15:48:15+00:00\",\"description\":\"Sandra \u00cdnsua e Patricia Iglesias critican o \\\"abandono\\\" do sector por parte da Xunta.\",\"breadcrumb\":{\"@id\":\"https:\/\/agrupacionespsoe.es\/acoruna\/o-psdeg-reclamalle-ao-pp-que-respalde-no-congreso-as-medidas-de-apoio-ao-marisqueo-en-camarinas\/#breadcrumb\"},\"inLanguage\":\"es\",\"potentialAction\":[{\"@type\":\"ReadAction\",\"target\":[\"https:\/\/agrupacionespsoe.es\/acoruna\/o-psdeg-reclamalle-ao-pp-que-respalde-no-congreso-as-medidas-de-apoio-ao-marisqueo-en-camarinas\/\"]}]},{\"@type\":\"ImageObject\",\"inLanguage\":\"es\",\"@id\":\"https:\/\/agrupacionespsoe.es\/acoruna\/o-psdeg-reclamalle-ao-pp-que-respalde-no-congreso-as-medidas-de-apoio-ao-marisqueo-en-camarinas\/#primaryimage\",\"url\":\"https:\/\/agrupacionespsoe.es\/acoruna\/wp-content\/uploads\/sites\/198\/2026\/03\/PSOE-CARBALLO-5-de-marzo.jpeg\",\"contentUrl\":\"https:\/\/agrupacionespsoe.es\/acoruna\/wp-content\/uploads\/sites\/198\/2026\/03\/PSOE-CARBALLO-5-de-marzo.jpeg\",\"width\":1600,\"height\":1066},{\"@type\":\"BreadcrumbList\",\"@id\":\"https:\/\/agrupacionespsoe.es\/acoruna\/o-psdeg-reclamalle-ao-pp-que-respalde-no-congreso-as-medidas-de-apoio-ao-marisqueo-en-camarinas\/#breadcrumb\",\"itemListElement\":[{\"@type\":\"ListItem\",\"position\":1,\"name\":\"Portada\",\"item\":\"https:\/\/agrupacionespsoe.es\/acoruna\/\"},{\"@type\":\"ListItem\",\"position\":2,\"name\":\"O PSdeG recl\u00e1malle ao PP que respalde no Congreso as medidas de apoio ao marisqueo en Camari\u00f1as\"}]},{\"@type\":\"WebSite\",\"@id\":\"https:\/\/agrupacionespsoe.es\/acoruna\/#website\",\"url\":\"https:\/\/agrupacionespsoe.es\/acoruna\/\",\"name\":\"Agrupaci\u00f3n Provincial da Coru\u00f1a PSOE\",\"description\":\"Provincial PSdeG-PSOE da Coru\u00f1a\",\"publisher\":{\"@id\":\"https:\/\/agrupacionespsoe.es\/acoruna\/#organization\"},\"potentialAction\":[{\"@type\":\"SearchAction\",\"target\":{\"@type\":\"EntryPoint\",\"urlTemplate\":\"https:\/\/agrupacionespsoe.es\/acoruna\/?s={search_term_string}\"},\"query-input\":{\"@type\":\"PropertyValueSpecification\",\"valueRequired\":true,\"valueName\":\"search_term_string\"}}],\"inLanguage\":\"es\"},{\"@type\":\"Organization\",\"@id\":\"https:\/\/agrupacionespsoe.es\/acoruna\/#organization\",\"name\":\"Agrupaci\u00f3n Provincial da Coru\u00f1a PSOE\",\"url\":\"https:\/\/agrupacionespsoe.es\/acoruna\/\",\"logo\":{\"@type\":\"ImageObject\",\"inLanguage\":\"es\",\"@id\":\"https:\/\/agrupacionespsoe.es\/acoruna\/#\/schema\/logo\/image\/\",\"url\":\"https:\/\/agrupacionespsoe.es\/wp-content\/uploads\/2022\/07\/Logotipo_electoral_del_PSOE.png\",\"contentUrl\":\"https:\/\/agrupacionespsoe.es\/wp-content\/uploads\/2022\/07\/Logotipo_electoral_del_PSOE.png\",\"width\":422,\"height\":422,\"caption\":\"Agrupaci\u00f3n Provincial da Coru\u00f1a PSOE\"},\"image\":{\"@id\":\"https:\/\/agrupacionespsoe.es\/acoruna\/#\/schema\/logo\/image\/\"}},{\"@type\":\"Person\",\"@id\":\"https:\/\/agrupacionespsoe.es\/acoruna\/#\/schema\/person\/dbf2b36187b136d06a53f7937d5d5af9\",\"name\":\"Olympia M\u00e9ndez\",\"image\":{\"@type\":\"ImageObject\",\"inLanguage\":\"es\",\"@id\":\"https:\/\/agrupacionespsoe.es\/acoruna\/#\/schema\/person\/image\/\",\"url\":\"https:\/\/secure.gravatar.com\/avatar\/12db1fb8bfe20deb7a2d4ddc95b9042b?s=96&d=mm&r=g\",\"contentUrl\":\"https:\/\/secure.gravatar.com\/avatar\/12db1fb8bfe20deb7a2d4ddc95b9042b?s=96&d=mm&r=g\",\"caption\":\"Olympia M\u00e9ndez\"},\"url\":\"https:\/\/agrupacionespsoe.es\/acoruna\/author\/acoruna2\/\"}]}<\/script>\n<!-- \/ Yoast SEO plugin. -->","yoast_head_json":{"title":"O PSdeG recl\u00e1malle ao PP que respalde no Congreso as medidas de apoio ao marisqueo en Camari\u00f1as - Agrupaci\u00f3n Provincial da Coru\u00f1a PSOE","description":"Sandra \u00cdnsua e Patricia Iglesias critican o \"abandono\" do sector por parte da Xunta.","robots":{"index":"index","follow":"follow","max-snippet":"max-snippet:-1","max-image-preview":"max-image-preview:large","max-video-preview":"max-video-preview:-1"},"canonical":"https:\/\/agrupacionespsoe.es\/acoruna\/o-psdeg-reclamalle-ao-pp-que-respalde-no-congreso-as-medidas-de-apoio-ao-marisqueo-en-camarinas\/","og_locale":"es_ES","og_type":"article","og_title":"O PSdeG recl\u00e1malle ao PP que respalde no Congreso as medidas de apoio ao marisqueo en Camari\u00f1as - Agrupaci\u00f3n Provincial da Coru\u00f1a PSOE","og_description":"Sandra \u00cdnsua e Patricia Iglesias critican o \"abandono\" do sector por parte da Xunta.","og_url":"https:\/\/agrupacionespsoe.es\/acoruna\/o-psdeg-reclamalle-ao-pp-que-respalde-no-congreso-as-medidas-de-apoio-ao-marisqueo-en-camarinas\/","og_site_name":"Agrupaci\u00f3n Provincial da Coru\u00f1a PSOE","article_published_time":"2026-04-29T15:48:14+00:00","article_modified_time":"2026-04-29T15:48:15+00:00","og_image":[{"width":1600,"height":1066,"url":"https:\/\/agrupacionespsoe.es\/acoruna\/wp-content\/uploads\/sites\/198\/2026\/03\/PSOE-CARBALLO-5-de-marzo.jpeg","type":"image\/jpeg"}],"author":"Olympia M\u00e9ndez","twitter_card":"summary_large_image","twitter_misc":{"Escrito por":"Olympia M\u00e9ndez","Tiempo de lectura":"3 minutos"},"schema":{"@context":"https:\/\/schema.org","@graph":[{"@type":"Article","@id":"https:\/\/agrupacionespsoe.es\/acoruna\/o-psdeg-reclamalle-ao-pp-que-respalde-no-congreso-as-medidas-de-apoio-ao-marisqueo-en-camarinas\/#article","isPartOf":{"@id":"https:\/\/agrupacionespsoe.es\/acoruna\/o-psdeg-reclamalle-ao-pp-que-respalde-no-congreso-as-medidas-de-apoio-ao-marisqueo-en-camarinas\/"},"author":{"name":"Olympia M\u00e9ndez","@id":"https:\/\/agrupacionespsoe.es\/acoruna\/#\/schema\/person\/dbf2b36187b136d06a53f7937d5d5af9"},"headline":"O PSdeG recl\u00e1malle ao PP que respalde no Congreso as medidas de apoio ao marisqueo en Camari\u00f1as","datePublished":"2026-04-29T15:48:14+00:00","dateModified":"2026-04-29T15:48:15+00:00","mainEntityOfPage":{"@id":"https:\/\/agrupacionespsoe.es\/acoruna\/o-psdeg-reclamalle-ao-pp-que-respalde-no-congreso-as-medidas-de-apoio-ao-marisqueo-en-camarinas\/"},"wordCount":454,"commentCount":0,"publisher":{"@id":"https:\/\/agrupacionespsoe.es\/acoruna\/#organization"},"image":{"@id":"https:\/\/agrupacionespsoe.es\/acoruna\/o-psdeg-reclamalle-ao-pp-que-respalde-no-congreso-as-medidas-de-apoio-ao-marisqueo-en-camarinas\/#primaryimage"},"thumbnailUrl":"https:\/\/agrupacionespsoe.es\/acoruna\/wp-content\/uploads\/sites\/198\/2026\/03\/PSOE-CARBALLO-5-de-marzo.jpeg","keywords":["Camari\u00f1as","Costa da Morte","Mar","marisqueo","Parlamento de Galicia","Patricia Iglesias","PSdeG-PSOE","Sandra \u00cdnsua","Xunta de Galicia"],"articleSection":["Camari\u00f1as","Mar"],"inLanguage":"es","potentialAction":[{"@type":"CommentAction","name":"Comment","target":["https:\/\/agrupacionespsoe.es\/acoruna\/o-psdeg-reclamalle-ao-pp-que-respalde-no-congreso-as-medidas-de-apoio-ao-marisqueo-en-camarinas\/#respond"]}]},{"@type":"WebPage","@id":"https:\/\/agrupacionespsoe.es\/acoruna\/o-psdeg-reclamalle-ao-pp-que-respalde-no-congreso-as-medidas-de-apoio-ao-marisqueo-en-camarinas\/","url":"https:\/\/agrupacionespsoe.es\/acoruna\/o-psdeg-reclamalle-ao-pp-que-respalde-no-congreso-as-medidas-de-apoio-ao-marisqueo-en-camarinas\/","name":"O PSdeG recl\u00e1malle ao PP que respalde no Congreso as medidas de apoio ao marisqueo en Camari\u00f1as - Agrupaci\u00f3n Provincial da Coru\u00f1a PSOE","isPartOf":{"@id":"https:\/\/agrupacionespsoe.es\/acoruna\/#website"},"primaryImageOfPage":{"@id":"https:\/\/agrupacionespsoe.es\/acoruna\/o-psdeg-reclamalle-ao-pp-que-respalde-no-congreso-as-medidas-de-apoio-ao-marisqueo-en-camarinas\/#primaryimage"},"image":{"@id":"https:\/\/agrupacionespsoe.es\/acoruna\/o-psdeg-reclamalle-ao-pp-que-respalde-no-congreso-as-medidas-de-apoio-ao-marisqueo-en-camarinas\/#primaryimage"},"thumbnailUrl":"https:\/\/agrupacionespsoe.es\/acoruna\/wp-content\/uploads\/sites\/198\/2026\/03\/PSOE-CARBALLO-5-de-marzo.jpeg","datePublished":"2026-04-29T15:48:14+00:00","dateModified":"2026-04-29T15:48:15+00:00","description":"Sandra \u00cdnsua e Patricia Iglesias critican o \"abandono\" do sector por parte da Xunta.","breadcrumb":{"@id":"https:\/\/agrupacionespsoe.es\/acoruna\/o-psdeg-reclamalle-ao-pp-que-respalde-no-congreso-as-medidas-de-apoio-ao-marisqueo-en-camarinas\/#breadcrumb"},"inLanguage":"es","potentialAction":[{"@type":"ReadAction","target":["https:\/\/agrupacionespsoe.es\/acoruna\/o-psdeg-reclamalle-ao-pp-que-respalde-no-congreso-as-medidas-de-apoio-ao-marisqueo-en-camarinas\/"]}]},{"@type":"ImageObject","inLanguage":"es","@id":"https:\/\/agrupacionespsoe.es\/acoruna\/o-psdeg-reclamalle-ao-pp-que-respalde-no-congreso-as-medidas-de-apoio-ao-marisqueo-en-camarinas\/#primaryimage","url":"https:\/\/agrupacionespsoe.es\/acoruna\/wp-content\/uploads\/sites\/198\/2026\/03\/PSOE-CARBALLO-5-de-marzo.jpeg","contentUrl":"https:\/\/agrupacionespsoe.es\/acoruna\/wp-content\/uploads\/sites\/198\/2026\/03\/PSOE-CARBALLO-5-de-marzo.jpeg","width":1600,"height":1066},{"@type":"BreadcrumbList","@id":"https:\/\/agrupacionespsoe.es\/acoruna\/o-psdeg-reclamalle-ao-pp-que-respalde-no-congreso-as-medidas-de-apoio-ao-marisqueo-en-camarinas\/#breadcrumb","itemListElement":[{"@type":"ListItem","position":1,"name":"Portada","item":"https:\/\/agrupacionespsoe.es\/acoruna\/"},{"@type":"ListItem","position":2,"name":"O PSdeG recl\u00e1malle ao PP que respalde no Congreso as medidas de apoio ao marisqueo en Camari\u00f1as"}]},{"@type":"WebSite","@id":"https:\/\/agrupacionespsoe.es\/acoruna\/#website","url":"https:\/\/agrupacionespsoe.es\/acoruna\/","name":"Agrupaci\u00f3n Provincial da Coru\u00f1a PSOE","description":"Provincial PSdeG-PSOE da Coru\u00f1a","publisher":{"@id":"https:\/\/agrupacionespsoe.es\/acoruna\/#organization"},"potentialAction":[{"@type":"SearchAction","target":{"@type":"EntryPoint","urlTemplate":"https:\/\/agrupacionespsoe.es\/acoruna\/?s={search_term_string}"},"query-input":{"@type":"PropertyValueSpecification","valueRequired":true,"valueName":"search_term_string"}}],"inLanguage":"es"},{"@type":"Organization","@id":"https:\/\/agrupacionespsoe.es\/acoruna\/#organization","name":"Agrupaci\u00f3n Provincial da Coru\u00f1a PSOE","url":"https:\/\/agrupacionespsoe.es\/acoruna\/","logo":{"@type":"ImageObject","inLanguage":"es","@id":"https:\/\/agrupacionespsoe.es\/acoruna\/#\/schema\/logo\/image\/","url":"https:\/\/agrupacionespsoe.es\/wp-content\/uploads\/2022\/07\/Logotipo_electoral_del_PSOE.png","contentUrl":"https:\/\/agrupacionespsoe.es\/wp-content\/uploads\/2022\/07\/Logotipo_electoral_del_PSOE.png","width":422,"height":422,"caption":"Agrupaci\u00f3n Provincial da Coru\u00f1a PSOE"},"image":{"@id":"https:\/\/agrupacionespsoe.es\/acoruna\/#\/schema\/logo\/image\/"}},{"@type":"Person","@id":"https:\/\/agrupacionespsoe.es\/acoruna\/#\/schema\/person\/dbf2b36187b136d06a53f7937d5d5af9","name":"Olympia M\u00e9ndez","image":{"@type":"ImageObject","inLanguage":"es","@id":"https:\/\/agrupacionespsoe.es\/acoruna\/#\/schema\/person\/image\/","url":"https:\/\/secure.gravatar.com\/avatar\/12db1fb8bfe20deb7a2d4ddc95b9042b?s=96&d=mm&r=g","contentUrl":"https:\/\/secure.gravatar.com\/avatar\/12db1fb8bfe20deb7a2d4ddc95b9042b?s=96&d=mm&r=g","caption":"Olympia M\u00e9ndez"},"url":"https:\/\/agrupacionespsoe.es\/acoruna\/author\/acoruna2\/"}]}},"jetpack_featured_media_url":"https:\/\/agrupacionespsoe.es\/acoruna\/wp-content\/uploads\/sites\/198\/2026\/03\/PSOE-CARBALLO-5-de-marzo.jpeg","jetpack_sharing_enabled":true,"jetpack_likes_enabled":true,"_links":{"self":[{"href":"https:\/\/agrupacionespsoe.es\/acoruna\/wp-json\/wp\/v2\/posts\/3165","targetHints":{"allow":["GET"]}}],"collection":[{"href":"https:\/\/agrupacionespsoe.es\/acoruna\/wp-json\/wp\/v2\/posts"}],"about":[{"href":"https:\/\/agrupacionespsoe.es\/acoruna\/wp-json\/wp\/v2\/types\/post"}],"author":[{"embeddable":true,"href":"https:\/\/agrupacionespsoe.es\/acoruna\/wp-json\/wp\/v2\/users\/282"}],"replies":[{"embeddable":true,"href":"https:\/\/agrupacionespsoe.es\/acoruna\/wp-json\/wp\/v2\/comments?post=3165"}],"version-history":[{"count":2,"href":"https:\/\/agrupacionespsoe.es\/acoruna\/wp-json\/wp\/v2\/posts\/3165\/revisions"}],"predecessor-version":[{"id":3168,"href":"https:\/\/agrupacionespsoe.es\/acoruna\/wp-json\/wp\/v2\/posts\/3165\/revisions\/3168"}],"wp:featuredmedia":[{"embeddable":true,"href":"https:\/\/agrupacionespsoe.es\/acoruna\/wp-json\/wp\/v2\/media\/2818"}],"wp:attachment":[{"href":"https:\/\/agrupacionespsoe.es\/acoruna\/wp-json\/wp\/v2\/media?parent=3165"}],"wp:term":[{"taxonomy":"category","embeddable":true,"href":"https:\/\/agrupacionespsoe.es\/acoruna\/wp-json\/wp\/v2\/categories?post=3165"},{"taxonomy":"post_tag","embeddable":true,"href":"https:\/\/agrupacionespsoe.es\/acoruna\/wp-json\/wp\/v2\/tags?post=3165"}],"curies":[{"name":"wp","href":"https:\/\/api.w.org\/{rel}","templated":true}]}}