{"id":3160,"date":"2026-04-28T17:11:16","date_gmt":"2026-04-28T15:11:16","guid":{"rendered":"https:\/\/agrupacionespsoe.es\/acoruna\/?p=3160"},"modified":"2026-04-28T17:11:17","modified_gmt":"2026-04-28T15:11:17","slug":"o-psdeg-esixelle-a-xunta-que-rehabilite-o-centro-de-saude-de-ordes-e-repare-as-goteiras-na-consulta-de-pediatria","status":"publish","type":"post","link":"https:\/\/agrupacionespsoe.es\/acoruna\/o-psdeg-esixelle-a-xunta-que-rehabilite-o-centro-de-saude-de-ordes-e-repare-as-goteiras-na-consulta-de-pediatria\/","title":{"rendered":"O PSdeG es\u00edxelle \u00e1 Xunta que rehabilite o Centro de Sa\u00fade de Ordes e repare as goteiras na consulta de pediatr\u00eda"},"content":{"rendered":"\n<ul class=\"wp-block-list\">\n<li><strong>Aitor Bouza leva a cuesti\u00f3n ao Parlamento de Galicia e reclama que se incorpore nos orzamentos unha partida espec\u00edfica para arranxar o centro<\/strong><\/li>\n<\/ul>\n\n\n\n<section class=\"wp-block-psoe-separador bg-primary px-2\"><hr class=\"color-white bg-white opacity-1 h-[1px] w-full\" \/><\/section>\n\n\n\n<p class=\"has-medium-font-size\">O Grupo Parlamentario Socialista es\u00edxelle \u00e1 Xunta de Galicia que rehabilite o Centro de Sa\u00fade de Ordes, con particular atenci\u00f3n \u00e1s pingueiras que existen na consulta de pediatr\u00eda, segundo denuncian as persoas usuarias do centro.<\/p>\n\n\n\n<p class=\"has-medium-font-size\">&#8220;O noso grupo municipal leva traballando xa insistentemente para que se po\u00f1a soluci\u00f3n \u00e1 situaci\u00f3n absolutamente calamitosa que hai no centro de sa\u00fade&#8221; nos \u00faltimos anos, apunta Aitor Bouza, deputado socialista no Parlamento de Galicia.<\/p>\n\n\n\n<p class=\"has-medium-font-size\">&#8220;Por iso levamos ao Parlamento esta situaci\u00f3n, para esixirlle \u00e1 Xunta de Galicia de Rueda que, de maneira inmediata, proceda \u00e1 reparaci\u00f3n de todas esas goteiras que existen a d\u00eda de hoxe nunha consulta que \u00e9 fundamental como \u00e9 a consulta de pediatr\u00eda&#8221;, explica o parlamentario.<\/p>\n\n\n\n<p class=\"has-medium-font-size\">Bouza salienta que se trata dunha consulta &#8220;na que van nenos e nenas e que a d\u00eda de hoxe non se atopa nas condici\u00f3ns adecuadas&#8221;, que carece dunha &#8220;salubridade e unha seguridade adecuadas&#8221;. &#8220;Non podemos obviar que realmente a seguridade dos nenos e das nenas para unha atenci\u00f3n digna e en condici\u00f3ns \u00f3ptimas \u00e9 m\u00e1is que necesaria&#8221;, engade.<\/p>\n\n\n\n<p class=\"has-medium-font-size\">&#8220;Ten que garantir a Xunta de Galicia do se\u00f1or Rueda que todas esas nenas e nenos de Ordes te\u00f1an a garant\u00eda de que os espazos destinados \u00e1 s\u00faa atenci\u00f3n pedi\u00e1trica cumpran cos est\u00e1ndares de calidade, os est\u00e1ndares de seguridade, e tam\u00e9n co confort&#8221; esixible nun servizo p\u00fablico, subli\u00f1a o socialista. &#8220;Esiximos, polo tanto, soluci\u00f3ns inmediatas e que se incorpore tam\u00e9n unha partida orzamentaria neste propio exercizo&#8221;, apunta Bouza, &#8220;para que se poida acometer todas estas rehabilitaci\u00f3ns, que non son de agora, non son novas, e que son co\u00f1ecidas por parte da Xunta de Galicia&#8221;. &#8220;O \u00fanico que fai \u00e9 mirar cara outro lado mentres os nenos e nenas de Ordes te\u00f1en que ir cun chuvasqueiro para poder ser atendidos no centro de sa\u00fade&#8221;, concl\u00fae.<\/p>\n\n\n\n<section class=\"wp-block-psoe-separador bg-primary px-2\"><hr class=\"color-white bg-white opacity-1 h-[1px] w-full\" \/><\/section>\n\n\n\n<figure class=\"wp-block-video\"><video controls src=\"https:\/\/agrupacionespsoe.es\/acoruna\/wp-content\/uploads\/sites\/198\/2026\/04\/Aitor-Bouza-Centro-de-Saude-de-Ordes.mp4\"><\/video><figcaption class=\"wp-element-caption\">Aitor Bouza &#8211; CS Ordes &#8211; abr26<\/figcaption><\/figure>\n","protected":false},"excerpt":{"rendered":"<p>O Grupo Parlamentario Socialista es\u00edxelle \u00e1 Xunta de Galicia que rehabilite o Centro de Sa\u00fade de Ordes, con particular atenci\u00f3n \u00e1s pingueiras que existen na consulta de pediatr\u00eda, segundo denuncian as persoas usuarias do centro. &#8220;O noso grupo municipal leva traballando xa insistentemente para que se po\u00f1a soluci\u00f3n \u00e1 situaci\u00f3n absolutamente calamitosa que hai no &#8230;<\/p>\n","protected":false},"author":282,"featured_media":3162,"comment_status":"open","ping_status":"open","sticky":false,"template":"","format":"standard","meta":{"_jetpack_memberships_contains_paid_content":false,"footnotes":""},"categories":[349,89],"tags":[587,383,821,58,329,353,287,50,857,22,237,325,863,159],"class_list":["post-3160","post","type-post","status-publish","format-standard","has-post-thumbnail","hentry","category-ordes","category-sanidade","tag-aitor-bouza-manso","tag-centro-de-saude","tag-grupo-municipal-socialista","tag-infraestruturas","tag-obras","tag-ordes","tag-orzamentos","tag-parlamento-de-galicia","tag-pediatria","tag-psdeg-psoe","tag-sanidade","tag-seguridade","tag-servizos-publicos","tag-xunta-de-galicia"],"yoast_head":"<!-- This site is optimized with the Yoast SEO plugin v24.0 - https:\/\/yoast.com\/wordpress\/plugins\/seo\/ -->\n<title>O PSdeG es\u00edxelle \u00e1 Xunta que rehabilite o Centro de Sa\u00fade de Ordes e repare as goteiras na consulta de pediatr\u00eda - Agrupaci\u00f3n Provincial da Coru\u00f1a PSOE<\/title>\n<meta name=\"description\" content=\"Aitor Bouza leva a cuesti\u00f3n ao Parlamento de Galicia e reclama que se incorpore nos orzamentos unha partida espec\u00edfica para arranxar o centro.\" \/>\n<meta name=\"robots\" content=\"index, follow, max-snippet:-1, max-image-preview:large, max-video-preview:-1\" \/>\n<link rel=\"canonical\" href=\"https:\/\/agrupacionespsoe.es\/acoruna\/o-psdeg-esixelle-a-xunta-que-rehabilite-o-centro-de-saude-de-ordes-e-repare-as-goteiras-na-consulta-de-pediatria\/\" \/>\n<meta property=\"og:locale\" content=\"es_ES\" \/>\n<meta property=\"og:type\" content=\"article\" \/>\n<meta property=\"og:title\" content=\"O PSdeG es\u00edxelle \u00e1 Xunta que rehabilite o Centro de Sa\u00fade de Ordes e repare as goteiras na consulta de pediatr\u00eda - Agrupaci\u00f3n Provincial da Coru\u00f1a PSOE\" \/>\n<meta property=\"og:description\" content=\"Aitor Bouza leva a cuesti\u00f3n ao Parlamento de Galicia e reclama que se incorpore nos orzamentos unha partida espec\u00edfica para arranxar o centro.\" \/>\n<meta property=\"og:url\" content=\"https:\/\/agrupacionespsoe.es\/acoruna\/o-psdeg-esixelle-a-xunta-que-rehabilite-o-centro-de-saude-de-ordes-e-repare-as-goteiras-na-consulta-de-pediatria\/\" \/>\n<meta property=\"og:site_name\" content=\"Agrupaci\u00f3n Provincial da Coru\u00f1a PSOE\" \/>\n<meta property=\"article:published_time\" content=\"2026-04-28T15:11:16+00:00\" \/>\n<meta property=\"article:modified_time\" content=\"2026-04-28T15:11:17+00:00\" \/>\n<meta property=\"og:image\" content=\"https:\/\/agrupacionespsoe.es\/acoruna\/wp-content\/uploads\/sites\/198\/2026\/04\/PSOE-ORDES-28-de-abril.jpeg\" \/>\n\t<meta property=\"og:image:width\" content=\"1600\" \/>\n\t<meta property=\"og:image:height\" content=\"1200\" \/>\n\t<meta property=\"og:image:type\" content=\"image\/jpeg\" \/>\n<meta name=\"author\" content=\"Olympia M\u00e9ndez\" \/>\n<meta name=\"twitter:card\" content=\"summary_large_image\" \/>\n<meta name=\"twitter:label1\" content=\"Escrito por\" \/>\n\t<meta name=\"twitter:data1\" content=\"Olympia M\u00e9ndez\" \/>\n\t<meta name=\"twitter:label2\" content=\"Tiempo de lectura\" \/>\n\t<meta name=\"twitter:data2\" content=\"2 minutos\" \/>\n<script type=\"application\/ld+json\" class=\"yoast-schema-graph\">{\"@context\":\"https:\/\/schema.org\",\"@graph\":[{\"@type\":\"Article\",\"@id\":\"https:\/\/agrupacionespsoe.es\/acoruna\/o-psdeg-esixelle-a-xunta-que-rehabilite-o-centro-de-saude-de-ordes-e-repare-as-goteiras-na-consulta-de-pediatria\/#article\",\"isPartOf\":{\"@id\":\"https:\/\/agrupacionespsoe.es\/acoruna\/o-psdeg-esixelle-a-xunta-que-rehabilite-o-centro-de-saude-de-ordes-e-repare-as-goteiras-na-consulta-de-pediatria\/\"},\"author\":{\"name\":\"Olympia M\u00e9ndez\",\"@id\":\"https:\/\/agrupacionespsoe.es\/acoruna\/#\/schema\/person\/dbf2b36187b136d06a53f7937d5d5af9\"},\"headline\":\"O PSdeG es\u00edxelle \u00e1 Xunta que rehabilite o Centro de Sa\u00fade de Ordes e repare as goteiras na consulta de pediatr\u00eda\",\"datePublished\":\"2026-04-28T15:11:16+00:00\",\"dateModified\":\"2026-04-28T15:11:17+00:00\",\"mainEntityOfPage\":{\"@id\":\"https:\/\/agrupacionespsoe.es\/acoruna\/o-psdeg-esixelle-a-xunta-que-rehabilite-o-centro-de-saude-de-ordes-e-repare-as-goteiras-na-consulta-de-pediatria\/\"},\"wordCount\":379,\"commentCount\":0,\"publisher\":{\"@id\":\"https:\/\/agrupacionespsoe.es\/acoruna\/#organization\"},\"image\":{\"@id\":\"https:\/\/agrupacionespsoe.es\/acoruna\/o-psdeg-esixelle-a-xunta-que-rehabilite-o-centro-de-saude-de-ordes-e-repare-as-goteiras-na-consulta-de-pediatria\/#primaryimage\"},\"thumbnailUrl\":\"https:\/\/agrupacionespsoe.es\/acoruna\/wp-content\/uploads\/sites\/198\/2026\/04\/PSOE-ORDES-28-de-abril.jpeg\",\"keywords\":[\"Aitor Bouza Manso\",\"Centro de Sa\u00fade\",\"Grupo Municipal Socialista\",\"Infraestruturas\",\"Obras\",\"Ordes\",\"Orzamentos\",\"Parlamento de Galicia\",\"Pediatr\u00eda\",\"PSdeG-PSOE\",\"Sanidade\",\"Seguridade\",\"Servizos p\u00fablicos\",\"Xunta de Galicia\"],\"articleSection\":[\"Ordes\",\"Sanidade\"],\"inLanguage\":\"es\",\"potentialAction\":[{\"@type\":\"CommentAction\",\"name\":\"Comment\",\"target\":[\"https:\/\/agrupacionespsoe.es\/acoruna\/o-psdeg-esixelle-a-xunta-que-rehabilite-o-centro-de-saude-de-ordes-e-repare-as-goteiras-na-consulta-de-pediatria\/#respond\"]}]},{\"@type\":\"WebPage\",\"@id\":\"https:\/\/agrupacionespsoe.es\/acoruna\/o-psdeg-esixelle-a-xunta-que-rehabilite-o-centro-de-saude-de-ordes-e-repare-as-goteiras-na-consulta-de-pediatria\/\",\"url\":\"https:\/\/agrupacionespsoe.es\/acoruna\/o-psdeg-esixelle-a-xunta-que-rehabilite-o-centro-de-saude-de-ordes-e-repare-as-goteiras-na-consulta-de-pediatria\/\",\"name\":\"O PSdeG es\u00edxelle \u00e1 Xunta que rehabilite o Centro de Sa\u00fade de Ordes e repare as goteiras na consulta de pediatr\u00eda - Agrupaci\u00f3n Provincial da Coru\u00f1a PSOE\",\"isPartOf\":{\"@id\":\"https:\/\/agrupacionespsoe.es\/acoruna\/#website\"},\"primaryImageOfPage\":{\"@id\":\"https:\/\/agrupacionespsoe.es\/acoruna\/o-psdeg-esixelle-a-xunta-que-rehabilite-o-centro-de-saude-de-ordes-e-repare-as-goteiras-na-consulta-de-pediatria\/#primaryimage\"},\"image\":{\"@id\":\"https:\/\/agrupacionespsoe.es\/acoruna\/o-psdeg-esixelle-a-xunta-que-rehabilite-o-centro-de-saude-de-ordes-e-repare-as-goteiras-na-consulta-de-pediatria\/#primaryimage\"},\"thumbnailUrl\":\"https:\/\/agrupacionespsoe.es\/acoruna\/wp-content\/uploads\/sites\/198\/2026\/04\/PSOE-ORDES-28-de-abril.jpeg\",\"datePublished\":\"2026-04-28T15:11:16+00:00\",\"dateModified\":\"2026-04-28T15:11:17+00:00\",\"description\":\"Aitor Bouza leva a cuesti\u00f3n ao Parlamento de Galicia e reclama que se incorpore nos orzamentos unha partida espec\u00edfica para arranxar o centro.\",\"breadcrumb\":{\"@id\":\"https:\/\/agrupacionespsoe.es\/acoruna\/o-psdeg-esixelle-a-xunta-que-rehabilite-o-centro-de-saude-de-ordes-e-repare-as-goteiras-na-consulta-de-pediatria\/#breadcrumb\"},\"inLanguage\":\"es\",\"potentialAction\":[{\"@type\":\"ReadAction\",\"target\":[\"https:\/\/agrupacionespsoe.es\/acoruna\/o-psdeg-esixelle-a-xunta-que-rehabilite-o-centro-de-saude-de-ordes-e-repare-as-goteiras-na-consulta-de-pediatria\/\"]}]},{\"@type\":\"ImageObject\",\"inLanguage\":\"es\",\"@id\":\"https:\/\/agrupacionespsoe.es\/acoruna\/o-psdeg-esixelle-a-xunta-que-rehabilite-o-centro-de-saude-de-ordes-e-repare-as-goteiras-na-consulta-de-pediatria\/#primaryimage\",\"url\":\"https:\/\/agrupacionespsoe.es\/acoruna\/wp-content\/uploads\/sites\/198\/2026\/04\/PSOE-ORDES-28-de-abril.jpeg\",\"contentUrl\":\"https:\/\/agrupacionespsoe.es\/acoruna\/wp-content\/uploads\/sites\/198\/2026\/04\/PSOE-ORDES-28-de-abril.jpeg\",\"width\":1600,\"height\":1200},{\"@type\":\"BreadcrumbList\",\"@id\":\"https:\/\/agrupacionespsoe.es\/acoruna\/o-psdeg-esixelle-a-xunta-que-rehabilite-o-centro-de-saude-de-ordes-e-repare-as-goteiras-na-consulta-de-pediatria\/#breadcrumb\",\"itemListElement\":[{\"@type\":\"ListItem\",\"position\":1,\"name\":\"Portada\",\"item\":\"https:\/\/agrupacionespsoe.es\/acoruna\/\"},{\"@type\":\"ListItem\",\"position\":2,\"name\":\"O PSdeG es\u00edxelle \u00e1 Xunta que rehabilite o Centro de Sa\u00fade de Ordes e repare as goteiras na consulta de pediatr\u00eda\"}]},{\"@type\":\"WebSite\",\"@id\":\"https:\/\/agrupacionespsoe.es\/acoruna\/#website\",\"url\":\"https:\/\/agrupacionespsoe.es\/acoruna\/\",\"name\":\"Agrupaci\u00f3n Provincial da Coru\u00f1a PSOE\",\"description\":\"Provincial PSdeG-PSOE da Coru\u00f1a\",\"publisher\":{\"@id\":\"https:\/\/agrupacionespsoe.es\/acoruna\/#organization\"},\"potentialAction\":[{\"@type\":\"SearchAction\",\"target\":{\"@type\":\"EntryPoint\",\"urlTemplate\":\"https:\/\/agrupacionespsoe.es\/acoruna\/?s={search_term_string}\"},\"query-input\":{\"@type\":\"PropertyValueSpecification\",\"valueRequired\":true,\"valueName\":\"search_term_string\"}}],\"inLanguage\":\"es\"},{\"@type\":\"Organization\",\"@id\":\"https:\/\/agrupacionespsoe.es\/acoruna\/#organization\",\"name\":\"Agrupaci\u00f3n Provincial da Coru\u00f1a PSOE\",\"url\":\"https:\/\/agrupacionespsoe.es\/acoruna\/\",\"logo\":{\"@type\":\"ImageObject\",\"inLanguage\":\"es\",\"@id\":\"https:\/\/agrupacionespsoe.es\/acoruna\/#\/schema\/logo\/image\/\",\"url\":\"https:\/\/agrupacionespsoe.es\/wp-content\/uploads\/2022\/07\/Logotipo_electoral_del_PSOE.png\",\"contentUrl\":\"https:\/\/agrupacionespsoe.es\/wp-content\/uploads\/2022\/07\/Logotipo_electoral_del_PSOE.png\",\"width\":422,\"height\":422,\"caption\":\"Agrupaci\u00f3n Provincial da Coru\u00f1a PSOE\"},\"image\":{\"@id\":\"https:\/\/agrupacionespsoe.es\/acoruna\/#\/schema\/logo\/image\/\"}},{\"@type\":\"Person\",\"@id\":\"https:\/\/agrupacionespsoe.es\/acoruna\/#\/schema\/person\/dbf2b36187b136d06a53f7937d5d5af9\",\"name\":\"Olympia M\u00e9ndez\",\"image\":{\"@type\":\"ImageObject\",\"inLanguage\":\"es\",\"@id\":\"https:\/\/agrupacionespsoe.es\/acoruna\/#\/schema\/person\/image\/\",\"url\":\"https:\/\/secure.gravatar.com\/avatar\/12db1fb8bfe20deb7a2d4ddc95b9042b?s=96&d=mm&r=g\",\"contentUrl\":\"https:\/\/secure.gravatar.com\/avatar\/12db1fb8bfe20deb7a2d4ddc95b9042b?s=96&d=mm&r=g\",\"caption\":\"Olympia M\u00e9ndez\"},\"url\":\"https:\/\/agrupacionespsoe.es\/acoruna\/author\/acoruna2\/\"}]}<\/script>\n<!-- \/ Yoast SEO plugin. -->","yoast_head_json":{"title":"O PSdeG es\u00edxelle \u00e1 Xunta que rehabilite o Centro de Sa\u00fade de Ordes e repare as goteiras na consulta de pediatr\u00eda - Agrupaci\u00f3n Provincial da Coru\u00f1a PSOE","description":"Aitor Bouza leva a cuesti\u00f3n ao Parlamento de Galicia e reclama que se incorpore nos orzamentos unha partida espec\u00edfica para arranxar o centro.","robots":{"index":"index","follow":"follow","max-snippet":"max-snippet:-1","max-image-preview":"max-image-preview:large","max-video-preview":"max-video-preview:-1"},"canonical":"https:\/\/agrupacionespsoe.es\/acoruna\/o-psdeg-esixelle-a-xunta-que-rehabilite-o-centro-de-saude-de-ordes-e-repare-as-goteiras-na-consulta-de-pediatria\/","og_locale":"es_ES","og_type":"article","og_title":"O PSdeG es\u00edxelle \u00e1 Xunta que rehabilite o Centro de Sa\u00fade de Ordes e repare as goteiras na consulta de pediatr\u00eda - Agrupaci\u00f3n Provincial da Coru\u00f1a PSOE","og_description":"Aitor Bouza leva a cuesti\u00f3n ao Parlamento de Galicia e reclama que se incorpore nos orzamentos unha partida espec\u00edfica para arranxar o centro.","og_url":"https:\/\/agrupacionespsoe.es\/acoruna\/o-psdeg-esixelle-a-xunta-que-rehabilite-o-centro-de-saude-de-ordes-e-repare-as-goteiras-na-consulta-de-pediatria\/","og_site_name":"Agrupaci\u00f3n Provincial da Coru\u00f1a PSOE","article_published_time":"2026-04-28T15:11:16+00:00","article_modified_time":"2026-04-28T15:11:17+00:00","og_image":[{"width":1600,"height":1200,"url":"https:\/\/agrupacionespsoe.es\/acoruna\/wp-content\/uploads\/sites\/198\/2026\/04\/PSOE-ORDES-28-de-abril.jpeg","type":"image\/jpeg"}],"author":"Olympia M\u00e9ndez","twitter_card":"summary_large_image","twitter_misc":{"Escrito por":"Olympia M\u00e9ndez","Tiempo de lectura":"2 minutos"},"schema":{"@context":"https:\/\/schema.org","@graph":[{"@type":"Article","@id":"https:\/\/agrupacionespsoe.es\/acoruna\/o-psdeg-esixelle-a-xunta-que-rehabilite-o-centro-de-saude-de-ordes-e-repare-as-goteiras-na-consulta-de-pediatria\/#article","isPartOf":{"@id":"https:\/\/agrupacionespsoe.es\/acoruna\/o-psdeg-esixelle-a-xunta-que-rehabilite-o-centro-de-saude-de-ordes-e-repare-as-goteiras-na-consulta-de-pediatria\/"},"author":{"name":"Olympia M\u00e9ndez","@id":"https:\/\/agrupacionespsoe.es\/acoruna\/#\/schema\/person\/dbf2b36187b136d06a53f7937d5d5af9"},"headline":"O PSdeG es\u00edxelle \u00e1 Xunta que rehabilite o Centro de Sa\u00fade de Ordes e repare as goteiras na consulta de pediatr\u00eda","datePublished":"2026-04-28T15:11:16+00:00","dateModified":"2026-04-28T15:11:17+00:00","mainEntityOfPage":{"@id":"https:\/\/agrupacionespsoe.es\/acoruna\/o-psdeg-esixelle-a-xunta-que-rehabilite-o-centro-de-saude-de-ordes-e-repare-as-goteiras-na-consulta-de-pediatria\/"},"wordCount":379,"commentCount":0,"publisher":{"@id":"https:\/\/agrupacionespsoe.es\/acoruna\/#organization"},"image":{"@id":"https:\/\/agrupacionespsoe.es\/acoruna\/o-psdeg-esixelle-a-xunta-que-rehabilite-o-centro-de-saude-de-ordes-e-repare-as-goteiras-na-consulta-de-pediatria\/#primaryimage"},"thumbnailUrl":"https:\/\/agrupacionespsoe.es\/acoruna\/wp-content\/uploads\/sites\/198\/2026\/04\/PSOE-ORDES-28-de-abril.jpeg","keywords":["Aitor Bouza Manso","Centro de Sa\u00fade","Grupo Municipal Socialista","Infraestruturas","Obras","Ordes","Orzamentos","Parlamento de Galicia","Pediatr\u00eda","PSdeG-PSOE","Sanidade","Seguridade","Servizos p\u00fablicos","Xunta de Galicia"],"articleSection":["Ordes","Sanidade"],"inLanguage":"es","potentialAction":[{"@type":"CommentAction","name":"Comment","target":["https:\/\/agrupacionespsoe.es\/acoruna\/o-psdeg-esixelle-a-xunta-que-rehabilite-o-centro-de-saude-de-ordes-e-repare-as-goteiras-na-consulta-de-pediatria\/#respond"]}]},{"@type":"WebPage","@id":"https:\/\/agrupacionespsoe.es\/acoruna\/o-psdeg-esixelle-a-xunta-que-rehabilite-o-centro-de-saude-de-ordes-e-repare-as-goteiras-na-consulta-de-pediatria\/","url":"https:\/\/agrupacionespsoe.es\/acoruna\/o-psdeg-esixelle-a-xunta-que-rehabilite-o-centro-de-saude-de-ordes-e-repare-as-goteiras-na-consulta-de-pediatria\/","name":"O PSdeG es\u00edxelle \u00e1 Xunta que rehabilite o Centro de Sa\u00fade de Ordes e repare as goteiras na consulta de pediatr\u00eda - Agrupaci\u00f3n Provincial da Coru\u00f1a PSOE","isPartOf":{"@id":"https:\/\/agrupacionespsoe.es\/acoruna\/#website"},"primaryImageOfPage":{"@id":"https:\/\/agrupacionespsoe.es\/acoruna\/o-psdeg-esixelle-a-xunta-que-rehabilite-o-centro-de-saude-de-ordes-e-repare-as-goteiras-na-consulta-de-pediatria\/#primaryimage"},"image":{"@id":"https:\/\/agrupacionespsoe.es\/acoruna\/o-psdeg-esixelle-a-xunta-que-rehabilite-o-centro-de-saude-de-ordes-e-repare-as-goteiras-na-consulta-de-pediatria\/#primaryimage"},"thumbnailUrl":"https:\/\/agrupacionespsoe.es\/acoruna\/wp-content\/uploads\/sites\/198\/2026\/04\/PSOE-ORDES-28-de-abril.jpeg","datePublished":"2026-04-28T15:11:16+00:00","dateModified":"2026-04-28T15:11:17+00:00","description":"Aitor Bouza leva a cuesti\u00f3n ao Parlamento de Galicia e reclama que se incorpore nos orzamentos unha partida espec\u00edfica para arranxar o centro.","breadcrumb":{"@id":"https:\/\/agrupacionespsoe.es\/acoruna\/o-psdeg-esixelle-a-xunta-que-rehabilite-o-centro-de-saude-de-ordes-e-repare-as-goteiras-na-consulta-de-pediatria\/#breadcrumb"},"inLanguage":"es","potentialAction":[{"@type":"ReadAction","target":["https:\/\/agrupacionespsoe.es\/acoruna\/o-psdeg-esixelle-a-xunta-que-rehabilite-o-centro-de-saude-de-ordes-e-repare-as-goteiras-na-consulta-de-pediatria\/"]}]},{"@type":"ImageObject","inLanguage":"es","@id":"https:\/\/agrupacionespsoe.es\/acoruna\/o-psdeg-esixelle-a-xunta-que-rehabilite-o-centro-de-saude-de-ordes-e-repare-as-goteiras-na-consulta-de-pediatria\/#primaryimage","url":"https:\/\/agrupacionespsoe.es\/acoruna\/wp-content\/uploads\/sites\/198\/2026\/04\/PSOE-ORDES-28-de-abril.jpeg","contentUrl":"https:\/\/agrupacionespsoe.es\/acoruna\/wp-content\/uploads\/sites\/198\/2026\/04\/PSOE-ORDES-28-de-abril.jpeg","width":1600,"height":1200},{"@type":"BreadcrumbList","@id":"https:\/\/agrupacionespsoe.es\/acoruna\/o-psdeg-esixelle-a-xunta-que-rehabilite-o-centro-de-saude-de-ordes-e-repare-as-goteiras-na-consulta-de-pediatria\/#breadcrumb","itemListElement":[{"@type":"ListItem","position":1,"name":"Portada","item":"https:\/\/agrupacionespsoe.es\/acoruna\/"},{"@type":"ListItem","position":2,"name":"O PSdeG es\u00edxelle \u00e1 Xunta que rehabilite o Centro de Sa\u00fade de Ordes e repare as goteiras na consulta de pediatr\u00eda"}]},{"@type":"WebSite","@id":"https:\/\/agrupacionespsoe.es\/acoruna\/#website","url":"https:\/\/agrupacionespsoe.es\/acoruna\/","name":"Agrupaci\u00f3n Provincial da Coru\u00f1a PSOE","description":"Provincial PSdeG-PSOE da Coru\u00f1a","publisher":{"@id":"https:\/\/agrupacionespsoe.es\/acoruna\/#organization"},"potentialAction":[{"@type":"SearchAction","target":{"@type":"EntryPoint","urlTemplate":"https:\/\/agrupacionespsoe.es\/acoruna\/?s={search_term_string}"},"query-input":{"@type":"PropertyValueSpecification","valueRequired":true,"valueName":"search_term_string"}}],"inLanguage":"es"},{"@type":"Organization","@id":"https:\/\/agrupacionespsoe.es\/acoruna\/#organization","name":"Agrupaci\u00f3n Provincial da Coru\u00f1a PSOE","url":"https:\/\/agrupacionespsoe.es\/acoruna\/","logo":{"@type":"ImageObject","inLanguage":"es","@id":"https:\/\/agrupacionespsoe.es\/acoruna\/#\/schema\/logo\/image\/","url":"https:\/\/agrupacionespsoe.es\/wp-content\/uploads\/2022\/07\/Logotipo_electoral_del_PSOE.png","contentUrl":"https:\/\/agrupacionespsoe.es\/wp-content\/uploads\/2022\/07\/Logotipo_electoral_del_PSOE.png","width":422,"height":422,"caption":"Agrupaci\u00f3n Provincial da Coru\u00f1a PSOE"},"image":{"@id":"https:\/\/agrupacionespsoe.es\/acoruna\/#\/schema\/logo\/image\/"}},{"@type":"Person","@id":"https:\/\/agrupacionespsoe.es\/acoruna\/#\/schema\/person\/dbf2b36187b136d06a53f7937d5d5af9","name":"Olympia M\u00e9ndez","image":{"@type":"ImageObject","inLanguage":"es","@id":"https:\/\/agrupacionespsoe.es\/acoruna\/#\/schema\/person\/image\/","url":"https:\/\/secure.gravatar.com\/avatar\/12db1fb8bfe20deb7a2d4ddc95b9042b?s=96&d=mm&r=g","contentUrl":"https:\/\/secure.gravatar.com\/avatar\/12db1fb8bfe20deb7a2d4ddc95b9042b?s=96&d=mm&r=g","caption":"Olympia M\u00e9ndez"},"url":"https:\/\/agrupacionespsoe.es\/acoruna\/author\/acoruna2\/"}]}},"jetpack_featured_media_url":"https:\/\/agrupacionespsoe.es\/acoruna\/wp-content\/uploads\/sites\/198\/2026\/04\/PSOE-ORDES-28-de-abril.jpeg","jetpack_sharing_enabled":true,"jetpack_likes_enabled":true,"_links":{"self":[{"href":"https:\/\/agrupacionespsoe.es\/acoruna\/wp-json\/wp\/v2\/posts\/3160","targetHints":{"allow":["GET"]}}],"collection":[{"href":"https:\/\/agrupacionespsoe.es\/acoruna\/wp-json\/wp\/v2\/posts"}],"about":[{"href":"https:\/\/agrupacionespsoe.es\/acoruna\/wp-json\/wp\/v2\/types\/post"}],"author":[{"embeddable":true,"href":"https:\/\/agrupacionespsoe.es\/acoruna\/wp-json\/wp\/v2\/users\/282"}],"replies":[{"embeddable":true,"href":"https:\/\/agrupacionespsoe.es\/acoruna\/wp-json\/wp\/v2\/comments?post=3160"}],"version-history":[{"count":2,"href":"https:\/\/agrupacionespsoe.es\/acoruna\/wp-json\/wp\/v2\/posts\/3160\/revisions"}],"predecessor-version":[{"id":3164,"href":"https:\/\/agrupacionespsoe.es\/acoruna\/wp-json\/wp\/v2\/posts\/3160\/revisions\/3164"}],"wp:featuredmedia":[{"embeddable":true,"href":"https:\/\/agrupacionespsoe.es\/acoruna\/wp-json\/wp\/v2\/media\/3162"}],"wp:attachment":[{"href":"https:\/\/agrupacionespsoe.es\/acoruna\/wp-json\/wp\/v2\/media?parent=3160"}],"wp:term":[{"taxonomy":"category","embeddable":true,"href":"https:\/\/agrupacionespsoe.es\/acoruna\/wp-json\/wp\/v2\/categories?post=3160"},{"taxonomy":"post_tag","embeddable":true,"href":"https:\/\/agrupacionespsoe.es\/acoruna\/wp-json\/wp\/v2\/tags?post=3160"}],"curies":[{"name":"wp","href":"https:\/\/api.w.org\/{rel}","templated":true}]}}