{"id":3157,"date":"2026-04-27T14:54:49","date_gmt":"2026-04-27T12:54:49","guid":{"rendered":"https:\/\/agrupacionespsoe.es\/acoruna\/?p=3157"},"modified":"2026-04-27T14:54:50","modified_gmt":"2026-04-27T12:54:50","slug":"o-psoe-da-laracha-reclamalle-ao-alcalde-que-leve-o-non-a-planta-de-biogas-que-demanda-a-vecinanza-ante-a-conselleira","status":"publish","type":"post","link":"https:\/\/agrupacionespsoe.es\/acoruna\/o-psoe-da-laracha-reclamalle-ao-alcalde-que-leve-o-non-a-planta-de-biogas-que-demanda-a-vecinanza-ante-a-conselleira\/","title":{"rendered":"O PSOE da Laracha recl\u00e1malle ao alcalde que leve &#8220;o non \u00e1 planta de biog\u00e1s que demanda a veci\u00f1anza&#8221; ante a conselleira"},"content":{"rendered":"\n<ul class=\"wp-block-list\">\n<li><strong>In\u00e9s Ramos prop\u00f3n a creaci\u00f3n dunha comisi\u00f3n de traballo sobre esta cuesti\u00f3n<\/strong><\/li>\n<\/ul>\n\n\n\n<section class=\"wp-block-psoe-separador bg-primary px-2\"><hr class=\"color-white bg-white opacity-1 h-[1px] w-full\" \/><\/section>\n\n\n\n<p class=\"has-medium-font-size\">O PSdeG-PSOE da Laracha recl\u00e1malle ao alcalde do municipio que transmita o rexeitamento ao proxecto de instalaci\u00f3n dunha planta de biog\u00e1s en Vista Alegre, Soandres, \u00e1 Xunta de Galicia.<\/p>\n\n\n\n<p class=\"has-medium-font-size\">&#8220;Ante o crecente rexeitamento veci\u00f1al \u00e1 planta proxectada, dende o PSOE da Laracha esix\u00edmoslle ao alcalde a creaci\u00f3n inmediata dunha comisi\u00f3n de traballo conxunta&#8221;, sinala a voceira socialista local In\u00e9s Ramos L\u00f3pez.<\/p>\n\n\n\n<p class=\"has-medium-font-size\">A portavoz explica que &#8220;esta comisi\u00f3n debe estar integrada por representantes da plataforma de persoas afectadas e asociaci\u00f3ns veci\u00f1ais, as\u00ed como por representantes de todos os grupos pol\u00edticos con representaci\u00f3n municipal&#8221;.<\/p>\n\n\n\n<p class=\"has-medium-font-size\">&#8220;O obxectivo \u00e9 \u00fanico e irrenunciable, manter unha xuntanza directa coa Conselleira de Medio Ambiente para trasladarlle, de primeira man, a oposici\u00f3n frontal do tecido social a esta instalaci\u00f3n&#8221;, engade.<\/p>\n\n\n\n<p class=\"has-medium-font-size\">Para a socialista, &#8220;o Goberno local non pode actuar de costas \u00e1 veci\u00f1anza nun asunto de tanta transcendencia ambiental e social&#8221;, e pide facer fronte com\u00fan neste cuesti\u00f3n. &#8220;Vista Alegre non \u00e9 un caso illado, \u00e9 un s\u00edntoma de como este Concello xestiona o territorio sen escoitar a quen o habita&#8221;, indica.<\/p>\n\n\n\n<p class=\"has-medium-font-size\">&#8220;A comisi\u00f3n debe contar coa presenza das persoas afectadas directamente en Soandres e a contorna para que a s\u00faa voz non sexa filtrada nin distorsionada polo Goberno municipal&#8221;, salienta a voceira socialista.<\/p>\n\n\n\n<p class=\"has-medium-font-size\">Reclama tam\u00e9n interlocuci\u00f3n directa coa Xunta, xa que &#8220;a Conseller\u00eda de Medio Ambiente debe escoitar os argumentos t\u00e9cnicos e sociais dos veci\u00f1os, e non s\u00f3 a versi\u00f3n oficial dun Concello que leva meses mirando para outro lado&#8221;. &#8220;O alcalde debe exercer o seu papel de representante da cidadan\u00eda e facilitar esta v\u00eda de di\u00e1logo institucional de forma inmediata&#8221;, subli\u00f1a Ramos L\u00f3pez. &#8220;O malestar veci\u00f1al non agarda, e tampouco n\u00f3s&#8221;, concl\u00fae.<\/p>\n","protected":false},"excerpt":{"rendered":"<p>O PSdeG-PSOE da Laracha recl\u00e1malle ao alcalde do municipio que transmita o rexeitamento ao proxecto de instalaci\u00f3n dunha planta de biog\u00e1s en Vista Alegre, Soandres, \u00e1 Xunta de Galicia. &#8220;Ante o crecente rexeitamento veci\u00f1al \u00e1 planta proxectada, dende o PSOE da Laracha esix\u00edmoslle ao alcalde a creaci\u00f3n inmediata dunha comisi\u00f3n de traballo conxunta&#8221;, sinala a &#8230;<\/p>\n","protected":false},"author":282,"featured_media":2590,"comment_status":"open","ping_status":"open","sticky":false,"template":"","format":"standard","meta":{"_jetpack_memberships_contains_paid_content":false,"footnotes":""},"categories":[97,62,34],"tags":[103,981,60,355,463,95,22,159],"class_list":["post-3157","post","type-post","status-publish","format-standard","has-post-thumbnail","hentry","category-a-laracha","category-industria","category-medio-ambiente","tag-a-laracha","tag-biogas","tag-industria","tag-ines-ramos","tag-medio-ambiente","tag-politica-municipal","tag-psdeg-psoe","tag-xunta-de-galicia"],"yoast_head":"<!-- This site is optimized with the Yoast SEO plugin v24.0 - https:\/\/yoast.com\/wordpress\/plugins\/seo\/ -->\n<title>O PSOE da Laracha recl\u00e1malle ao alcalde que leve &quot;o non \u00e1 planta de biog\u00e1s que demanda a veci\u00f1anza&quot; ante a conselleira - Agrupaci\u00f3n Provincial da Coru\u00f1a PSOE<\/title>\n<meta name=\"description\" content=\"In\u00e9s Ramos prop\u00f3n a creaci\u00f3n dunha comisi\u00f3n de traballo sobre esta cuesti\u00f3n.\" \/>\n<meta name=\"robots\" content=\"index, follow, max-snippet:-1, max-image-preview:large, max-video-preview:-1\" \/>\n<link rel=\"canonical\" href=\"https:\/\/agrupacionespsoe.es\/acoruna\/o-psoe-da-laracha-reclamalle-ao-alcalde-que-leve-o-non-a-planta-de-biogas-que-demanda-a-vecinanza-ante-a-conselleira\/\" \/>\n<meta property=\"og:locale\" content=\"es_ES\" \/>\n<meta property=\"og:type\" content=\"article\" \/>\n<meta property=\"og:title\" content=\"O PSOE da Laracha recl\u00e1malle ao alcalde que leve &quot;o non \u00e1 planta de biog\u00e1s que demanda a veci\u00f1anza&quot; ante a conselleira - Agrupaci\u00f3n Provincial da Coru\u00f1a PSOE\" \/>\n<meta property=\"og:description\" content=\"In\u00e9s Ramos prop\u00f3n a creaci\u00f3n dunha comisi\u00f3n de traballo sobre esta cuesti\u00f3n.\" \/>\n<meta property=\"og:url\" content=\"https:\/\/agrupacionespsoe.es\/acoruna\/o-psoe-da-laracha-reclamalle-ao-alcalde-que-leve-o-non-a-planta-de-biogas-que-demanda-a-vecinanza-ante-a-conselleira\/\" \/>\n<meta property=\"og:site_name\" content=\"Agrupaci\u00f3n Provincial da Coru\u00f1a PSOE\" \/>\n<meta property=\"article:published_time\" content=\"2026-04-27T12:54:49+00:00\" \/>\n<meta property=\"article:modified_time\" content=\"2026-04-27T12:54:50+00:00\" \/>\n<meta property=\"og:image\" content=\"https:\/\/agrupacionespsoe.es\/acoruna\/wp-content\/uploads\/sites\/198\/2026\/01\/PSOE-A-LARACHA-14-de-xaneiro.jpeg\" \/>\n\t<meta property=\"og:image:width\" content=\"1536\" \/>\n\t<meta property=\"og:image:height\" content=\"2048\" \/>\n\t<meta property=\"og:image:type\" content=\"image\/jpeg\" \/>\n<meta name=\"author\" content=\"Olympia M\u00e9ndez\" \/>\n<meta name=\"twitter:card\" content=\"summary_large_image\" \/>\n<meta name=\"twitter:label1\" content=\"Escrito por\" \/>\n\t<meta name=\"twitter:data1\" content=\"Olympia M\u00e9ndez\" \/>\n\t<meta name=\"twitter:label2\" content=\"Tiempo de lectura\" \/>\n\t<meta name=\"twitter:data2\" content=\"2 minutos\" \/>\n<script type=\"application\/ld+json\" class=\"yoast-schema-graph\">{\"@context\":\"https:\/\/schema.org\",\"@graph\":[{\"@type\":\"Article\",\"@id\":\"https:\/\/agrupacionespsoe.es\/acoruna\/o-psoe-da-laracha-reclamalle-ao-alcalde-que-leve-o-non-a-planta-de-biogas-que-demanda-a-vecinanza-ante-a-conselleira\/#article\",\"isPartOf\":{\"@id\":\"https:\/\/agrupacionespsoe.es\/acoruna\/o-psoe-da-laracha-reclamalle-ao-alcalde-que-leve-o-non-a-planta-de-biogas-que-demanda-a-vecinanza-ante-a-conselleira\/\"},\"author\":{\"name\":\"Olympia M\u00e9ndez\",\"@id\":\"https:\/\/agrupacionespsoe.es\/acoruna\/#\/schema\/person\/dbf2b36187b136d06a53f7937d5d5af9\"},\"headline\":\"O PSOE da Laracha recl\u00e1malle ao alcalde que leve &#8220;o non \u00e1 planta de biog\u00e1s que demanda a veci\u00f1anza&#8221; ante a conselleira\",\"datePublished\":\"2026-04-27T12:54:49+00:00\",\"dateModified\":\"2026-04-27T12:54:50+00:00\",\"mainEntityOfPage\":{\"@id\":\"https:\/\/agrupacionespsoe.es\/acoruna\/o-psoe-da-laracha-reclamalle-ao-alcalde-que-leve-o-non-a-planta-de-biogas-que-demanda-a-vecinanza-ante-a-conselleira\/\"},\"wordCount\":347,\"commentCount\":0,\"publisher\":{\"@id\":\"https:\/\/agrupacionespsoe.es\/acoruna\/#organization\"},\"image\":{\"@id\":\"https:\/\/agrupacionespsoe.es\/acoruna\/o-psoe-da-laracha-reclamalle-ao-alcalde-que-leve-o-non-a-planta-de-biogas-que-demanda-a-vecinanza-ante-a-conselleira\/#primaryimage\"},\"thumbnailUrl\":\"https:\/\/agrupacionespsoe.es\/acoruna\/wp-content\/uploads\/sites\/198\/2026\/01\/PSOE-A-LARACHA-14-de-xaneiro.jpeg\",\"keywords\":[\"A Laracha\",\"Biog\u00e1s\",\"industria\",\"In\u00e9s Ramos\",\"Medio Ambiente\",\"Pol\u00edtica Municipal\",\"PSdeG-PSOE\",\"Xunta de Galicia\"],\"articleSection\":[\"A Laracha\",\"Industria\",\"Medio Ambiente\"],\"inLanguage\":\"es\",\"potentialAction\":[{\"@type\":\"CommentAction\",\"name\":\"Comment\",\"target\":[\"https:\/\/agrupacionespsoe.es\/acoruna\/o-psoe-da-laracha-reclamalle-ao-alcalde-que-leve-o-non-a-planta-de-biogas-que-demanda-a-vecinanza-ante-a-conselleira\/#respond\"]}]},{\"@type\":\"WebPage\",\"@id\":\"https:\/\/agrupacionespsoe.es\/acoruna\/o-psoe-da-laracha-reclamalle-ao-alcalde-que-leve-o-non-a-planta-de-biogas-que-demanda-a-vecinanza-ante-a-conselleira\/\",\"url\":\"https:\/\/agrupacionespsoe.es\/acoruna\/o-psoe-da-laracha-reclamalle-ao-alcalde-que-leve-o-non-a-planta-de-biogas-que-demanda-a-vecinanza-ante-a-conselleira\/\",\"name\":\"O PSOE da Laracha recl\u00e1malle ao alcalde que leve \\\"o non \u00e1 planta de biog\u00e1s que demanda a veci\u00f1anza\\\" ante a conselleira - Agrupaci\u00f3n Provincial da Coru\u00f1a PSOE\",\"isPartOf\":{\"@id\":\"https:\/\/agrupacionespsoe.es\/acoruna\/#website\"},\"primaryImageOfPage\":{\"@id\":\"https:\/\/agrupacionespsoe.es\/acoruna\/o-psoe-da-laracha-reclamalle-ao-alcalde-que-leve-o-non-a-planta-de-biogas-que-demanda-a-vecinanza-ante-a-conselleira\/#primaryimage\"},\"image\":{\"@id\":\"https:\/\/agrupacionespsoe.es\/acoruna\/o-psoe-da-laracha-reclamalle-ao-alcalde-que-leve-o-non-a-planta-de-biogas-que-demanda-a-vecinanza-ante-a-conselleira\/#primaryimage\"},\"thumbnailUrl\":\"https:\/\/agrupacionespsoe.es\/acoruna\/wp-content\/uploads\/sites\/198\/2026\/01\/PSOE-A-LARACHA-14-de-xaneiro.jpeg\",\"datePublished\":\"2026-04-27T12:54:49+00:00\",\"dateModified\":\"2026-04-27T12:54:50+00:00\",\"description\":\"In\u00e9s Ramos prop\u00f3n a creaci\u00f3n dunha comisi\u00f3n de traballo sobre esta cuesti\u00f3n.\",\"breadcrumb\":{\"@id\":\"https:\/\/agrupacionespsoe.es\/acoruna\/o-psoe-da-laracha-reclamalle-ao-alcalde-que-leve-o-non-a-planta-de-biogas-que-demanda-a-vecinanza-ante-a-conselleira\/#breadcrumb\"},\"inLanguage\":\"es\",\"potentialAction\":[{\"@type\":\"ReadAction\",\"target\":[\"https:\/\/agrupacionespsoe.es\/acoruna\/o-psoe-da-laracha-reclamalle-ao-alcalde-que-leve-o-non-a-planta-de-biogas-que-demanda-a-vecinanza-ante-a-conselleira\/\"]}]},{\"@type\":\"ImageObject\",\"inLanguage\":\"es\",\"@id\":\"https:\/\/agrupacionespsoe.es\/acoruna\/o-psoe-da-laracha-reclamalle-ao-alcalde-que-leve-o-non-a-planta-de-biogas-que-demanda-a-vecinanza-ante-a-conselleira\/#primaryimage\",\"url\":\"https:\/\/agrupacionespsoe.es\/acoruna\/wp-content\/uploads\/sites\/198\/2026\/01\/PSOE-A-LARACHA-14-de-xaneiro.jpeg\",\"contentUrl\":\"https:\/\/agrupacionespsoe.es\/acoruna\/wp-content\/uploads\/sites\/198\/2026\/01\/PSOE-A-LARACHA-14-de-xaneiro.jpeg\",\"width\":1536,\"height\":2048},{\"@type\":\"BreadcrumbList\",\"@id\":\"https:\/\/agrupacionespsoe.es\/acoruna\/o-psoe-da-laracha-reclamalle-ao-alcalde-que-leve-o-non-a-planta-de-biogas-que-demanda-a-vecinanza-ante-a-conselleira\/#breadcrumb\",\"itemListElement\":[{\"@type\":\"ListItem\",\"position\":1,\"name\":\"Portada\",\"item\":\"https:\/\/agrupacionespsoe.es\/acoruna\/\"},{\"@type\":\"ListItem\",\"position\":2,\"name\":\"O PSOE da Laracha recl\u00e1malle ao alcalde que leve \u00abo non \u00e1 planta de biog\u00e1s que demanda a veci\u00f1anza\u00bb ante a conselleira\"}]},{\"@type\":\"WebSite\",\"@id\":\"https:\/\/agrupacionespsoe.es\/acoruna\/#website\",\"url\":\"https:\/\/agrupacionespsoe.es\/acoruna\/\",\"name\":\"Agrupaci\u00f3n Provincial da Coru\u00f1a PSOE\",\"description\":\"Provincial PSdeG-PSOE da Coru\u00f1a\",\"publisher\":{\"@id\":\"https:\/\/agrupacionespsoe.es\/acoruna\/#organization\"},\"potentialAction\":[{\"@type\":\"SearchAction\",\"target\":{\"@type\":\"EntryPoint\",\"urlTemplate\":\"https:\/\/agrupacionespsoe.es\/acoruna\/?s={search_term_string}\"},\"query-input\":{\"@type\":\"PropertyValueSpecification\",\"valueRequired\":true,\"valueName\":\"search_term_string\"}}],\"inLanguage\":\"es\"},{\"@type\":\"Organization\",\"@id\":\"https:\/\/agrupacionespsoe.es\/acoruna\/#organization\",\"name\":\"Agrupaci\u00f3n Provincial da Coru\u00f1a PSOE\",\"url\":\"https:\/\/agrupacionespsoe.es\/acoruna\/\",\"logo\":{\"@type\":\"ImageObject\",\"inLanguage\":\"es\",\"@id\":\"https:\/\/agrupacionespsoe.es\/acoruna\/#\/schema\/logo\/image\/\",\"url\":\"https:\/\/agrupacionespsoe.es\/wp-content\/uploads\/2022\/07\/Logotipo_electoral_del_PSOE.png\",\"contentUrl\":\"https:\/\/agrupacionespsoe.es\/wp-content\/uploads\/2022\/07\/Logotipo_electoral_del_PSOE.png\",\"width\":422,\"height\":422,\"caption\":\"Agrupaci\u00f3n Provincial da Coru\u00f1a PSOE\"},\"image\":{\"@id\":\"https:\/\/agrupacionespsoe.es\/acoruna\/#\/schema\/logo\/image\/\"}},{\"@type\":\"Person\",\"@id\":\"https:\/\/agrupacionespsoe.es\/acoruna\/#\/schema\/person\/dbf2b36187b136d06a53f7937d5d5af9\",\"name\":\"Olympia M\u00e9ndez\",\"image\":{\"@type\":\"ImageObject\",\"inLanguage\":\"es\",\"@id\":\"https:\/\/agrupacionespsoe.es\/acoruna\/#\/schema\/person\/image\/\",\"url\":\"https:\/\/secure.gravatar.com\/avatar\/12db1fb8bfe20deb7a2d4ddc95b9042b?s=96&d=mm&r=g\",\"contentUrl\":\"https:\/\/secure.gravatar.com\/avatar\/12db1fb8bfe20deb7a2d4ddc95b9042b?s=96&d=mm&r=g\",\"caption\":\"Olympia M\u00e9ndez\"},\"url\":\"https:\/\/agrupacionespsoe.es\/acoruna\/author\/acoruna2\/\"}]}<\/script>\n<!-- \/ Yoast SEO plugin. -->","yoast_head_json":{"title":"O PSOE da Laracha recl\u00e1malle ao alcalde que leve \"o non \u00e1 planta de biog\u00e1s que demanda a veci\u00f1anza\" ante a conselleira - Agrupaci\u00f3n Provincial da Coru\u00f1a PSOE","description":"In\u00e9s Ramos prop\u00f3n a creaci\u00f3n dunha comisi\u00f3n de traballo sobre esta cuesti\u00f3n.","robots":{"index":"index","follow":"follow","max-snippet":"max-snippet:-1","max-image-preview":"max-image-preview:large","max-video-preview":"max-video-preview:-1"},"canonical":"https:\/\/agrupacionespsoe.es\/acoruna\/o-psoe-da-laracha-reclamalle-ao-alcalde-que-leve-o-non-a-planta-de-biogas-que-demanda-a-vecinanza-ante-a-conselleira\/","og_locale":"es_ES","og_type":"article","og_title":"O PSOE da Laracha recl\u00e1malle ao alcalde que leve \"o non \u00e1 planta de biog\u00e1s que demanda a veci\u00f1anza\" ante a conselleira - Agrupaci\u00f3n Provincial da Coru\u00f1a PSOE","og_description":"In\u00e9s Ramos prop\u00f3n a creaci\u00f3n dunha comisi\u00f3n de traballo sobre esta cuesti\u00f3n.","og_url":"https:\/\/agrupacionespsoe.es\/acoruna\/o-psoe-da-laracha-reclamalle-ao-alcalde-que-leve-o-non-a-planta-de-biogas-que-demanda-a-vecinanza-ante-a-conselleira\/","og_site_name":"Agrupaci\u00f3n Provincial da Coru\u00f1a PSOE","article_published_time":"2026-04-27T12:54:49+00:00","article_modified_time":"2026-04-27T12:54:50+00:00","og_image":[{"width":1536,"height":2048,"url":"https:\/\/agrupacionespsoe.es\/acoruna\/wp-content\/uploads\/sites\/198\/2026\/01\/PSOE-A-LARACHA-14-de-xaneiro.jpeg","type":"image\/jpeg"}],"author":"Olympia M\u00e9ndez","twitter_card":"summary_large_image","twitter_misc":{"Escrito por":"Olympia M\u00e9ndez","Tiempo de lectura":"2 minutos"},"schema":{"@context":"https:\/\/schema.org","@graph":[{"@type":"Article","@id":"https:\/\/agrupacionespsoe.es\/acoruna\/o-psoe-da-laracha-reclamalle-ao-alcalde-que-leve-o-non-a-planta-de-biogas-que-demanda-a-vecinanza-ante-a-conselleira\/#article","isPartOf":{"@id":"https:\/\/agrupacionespsoe.es\/acoruna\/o-psoe-da-laracha-reclamalle-ao-alcalde-que-leve-o-non-a-planta-de-biogas-que-demanda-a-vecinanza-ante-a-conselleira\/"},"author":{"name":"Olympia M\u00e9ndez","@id":"https:\/\/agrupacionespsoe.es\/acoruna\/#\/schema\/person\/dbf2b36187b136d06a53f7937d5d5af9"},"headline":"O PSOE da Laracha recl\u00e1malle ao alcalde que leve &#8220;o non \u00e1 planta de biog\u00e1s que demanda a veci\u00f1anza&#8221; ante a conselleira","datePublished":"2026-04-27T12:54:49+00:00","dateModified":"2026-04-27T12:54:50+00:00","mainEntityOfPage":{"@id":"https:\/\/agrupacionespsoe.es\/acoruna\/o-psoe-da-laracha-reclamalle-ao-alcalde-que-leve-o-non-a-planta-de-biogas-que-demanda-a-vecinanza-ante-a-conselleira\/"},"wordCount":347,"commentCount":0,"publisher":{"@id":"https:\/\/agrupacionespsoe.es\/acoruna\/#organization"},"image":{"@id":"https:\/\/agrupacionespsoe.es\/acoruna\/o-psoe-da-laracha-reclamalle-ao-alcalde-que-leve-o-non-a-planta-de-biogas-que-demanda-a-vecinanza-ante-a-conselleira\/#primaryimage"},"thumbnailUrl":"https:\/\/agrupacionespsoe.es\/acoruna\/wp-content\/uploads\/sites\/198\/2026\/01\/PSOE-A-LARACHA-14-de-xaneiro.jpeg","keywords":["A Laracha","Biog\u00e1s","industria","In\u00e9s Ramos","Medio Ambiente","Pol\u00edtica Municipal","PSdeG-PSOE","Xunta de Galicia"],"articleSection":["A Laracha","Industria","Medio Ambiente"],"inLanguage":"es","potentialAction":[{"@type":"CommentAction","name":"Comment","target":["https:\/\/agrupacionespsoe.es\/acoruna\/o-psoe-da-laracha-reclamalle-ao-alcalde-que-leve-o-non-a-planta-de-biogas-que-demanda-a-vecinanza-ante-a-conselleira\/#respond"]}]},{"@type":"WebPage","@id":"https:\/\/agrupacionespsoe.es\/acoruna\/o-psoe-da-laracha-reclamalle-ao-alcalde-que-leve-o-non-a-planta-de-biogas-que-demanda-a-vecinanza-ante-a-conselleira\/","url":"https:\/\/agrupacionespsoe.es\/acoruna\/o-psoe-da-laracha-reclamalle-ao-alcalde-que-leve-o-non-a-planta-de-biogas-que-demanda-a-vecinanza-ante-a-conselleira\/","name":"O PSOE da Laracha recl\u00e1malle ao alcalde que leve \"o non \u00e1 planta de biog\u00e1s que demanda a veci\u00f1anza\" ante a conselleira - Agrupaci\u00f3n Provincial da Coru\u00f1a PSOE","isPartOf":{"@id":"https:\/\/agrupacionespsoe.es\/acoruna\/#website"},"primaryImageOfPage":{"@id":"https:\/\/agrupacionespsoe.es\/acoruna\/o-psoe-da-laracha-reclamalle-ao-alcalde-que-leve-o-non-a-planta-de-biogas-que-demanda-a-vecinanza-ante-a-conselleira\/#primaryimage"},"image":{"@id":"https:\/\/agrupacionespsoe.es\/acoruna\/o-psoe-da-laracha-reclamalle-ao-alcalde-que-leve-o-non-a-planta-de-biogas-que-demanda-a-vecinanza-ante-a-conselleira\/#primaryimage"},"thumbnailUrl":"https:\/\/agrupacionespsoe.es\/acoruna\/wp-content\/uploads\/sites\/198\/2026\/01\/PSOE-A-LARACHA-14-de-xaneiro.jpeg","datePublished":"2026-04-27T12:54:49+00:00","dateModified":"2026-04-27T12:54:50+00:00","description":"In\u00e9s Ramos prop\u00f3n a creaci\u00f3n dunha comisi\u00f3n de traballo sobre esta cuesti\u00f3n.","breadcrumb":{"@id":"https:\/\/agrupacionespsoe.es\/acoruna\/o-psoe-da-laracha-reclamalle-ao-alcalde-que-leve-o-non-a-planta-de-biogas-que-demanda-a-vecinanza-ante-a-conselleira\/#breadcrumb"},"inLanguage":"es","potentialAction":[{"@type":"ReadAction","target":["https:\/\/agrupacionespsoe.es\/acoruna\/o-psoe-da-laracha-reclamalle-ao-alcalde-que-leve-o-non-a-planta-de-biogas-que-demanda-a-vecinanza-ante-a-conselleira\/"]}]},{"@type":"ImageObject","inLanguage":"es","@id":"https:\/\/agrupacionespsoe.es\/acoruna\/o-psoe-da-laracha-reclamalle-ao-alcalde-que-leve-o-non-a-planta-de-biogas-que-demanda-a-vecinanza-ante-a-conselleira\/#primaryimage","url":"https:\/\/agrupacionespsoe.es\/acoruna\/wp-content\/uploads\/sites\/198\/2026\/01\/PSOE-A-LARACHA-14-de-xaneiro.jpeg","contentUrl":"https:\/\/agrupacionespsoe.es\/acoruna\/wp-content\/uploads\/sites\/198\/2026\/01\/PSOE-A-LARACHA-14-de-xaneiro.jpeg","width":1536,"height":2048},{"@type":"BreadcrumbList","@id":"https:\/\/agrupacionespsoe.es\/acoruna\/o-psoe-da-laracha-reclamalle-ao-alcalde-que-leve-o-non-a-planta-de-biogas-que-demanda-a-vecinanza-ante-a-conselleira\/#breadcrumb","itemListElement":[{"@type":"ListItem","position":1,"name":"Portada","item":"https:\/\/agrupacionespsoe.es\/acoruna\/"},{"@type":"ListItem","position":2,"name":"O PSOE da Laracha recl\u00e1malle ao alcalde que leve \u00abo non \u00e1 planta de biog\u00e1s que demanda a veci\u00f1anza\u00bb ante a conselleira"}]},{"@type":"WebSite","@id":"https:\/\/agrupacionespsoe.es\/acoruna\/#website","url":"https:\/\/agrupacionespsoe.es\/acoruna\/","name":"Agrupaci\u00f3n Provincial da Coru\u00f1a PSOE","description":"Provincial PSdeG-PSOE da Coru\u00f1a","publisher":{"@id":"https:\/\/agrupacionespsoe.es\/acoruna\/#organization"},"potentialAction":[{"@type":"SearchAction","target":{"@type":"EntryPoint","urlTemplate":"https:\/\/agrupacionespsoe.es\/acoruna\/?s={search_term_string}"},"query-input":{"@type":"PropertyValueSpecification","valueRequired":true,"valueName":"search_term_string"}}],"inLanguage":"es"},{"@type":"Organization","@id":"https:\/\/agrupacionespsoe.es\/acoruna\/#organization","name":"Agrupaci\u00f3n Provincial da Coru\u00f1a PSOE","url":"https:\/\/agrupacionespsoe.es\/acoruna\/","logo":{"@type":"ImageObject","inLanguage":"es","@id":"https:\/\/agrupacionespsoe.es\/acoruna\/#\/schema\/logo\/image\/","url":"https:\/\/agrupacionespsoe.es\/wp-content\/uploads\/2022\/07\/Logotipo_electoral_del_PSOE.png","contentUrl":"https:\/\/agrupacionespsoe.es\/wp-content\/uploads\/2022\/07\/Logotipo_electoral_del_PSOE.png","width":422,"height":422,"caption":"Agrupaci\u00f3n Provincial da Coru\u00f1a PSOE"},"image":{"@id":"https:\/\/agrupacionespsoe.es\/acoruna\/#\/schema\/logo\/image\/"}},{"@type":"Person","@id":"https:\/\/agrupacionespsoe.es\/acoruna\/#\/schema\/person\/dbf2b36187b136d06a53f7937d5d5af9","name":"Olympia M\u00e9ndez","image":{"@type":"ImageObject","inLanguage":"es","@id":"https:\/\/agrupacionespsoe.es\/acoruna\/#\/schema\/person\/image\/","url":"https:\/\/secure.gravatar.com\/avatar\/12db1fb8bfe20deb7a2d4ddc95b9042b?s=96&d=mm&r=g","contentUrl":"https:\/\/secure.gravatar.com\/avatar\/12db1fb8bfe20deb7a2d4ddc95b9042b?s=96&d=mm&r=g","caption":"Olympia M\u00e9ndez"},"url":"https:\/\/agrupacionespsoe.es\/acoruna\/author\/acoruna2\/"}]}},"jetpack_featured_media_url":"https:\/\/agrupacionespsoe.es\/acoruna\/wp-content\/uploads\/sites\/198\/2026\/01\/PSOE-A-LARACHA-14-de-xaneiro.jpeg","jetpack_sharing_enabled":true,"jetpack_likes_enabled":true,"_links":{"self":[{"href":"https:\/\/agrupacionespsoe.es\/acoruna\/wp-json\/wp\/v2\/posts\/3157","targetHints":{"allow":["GET"]}}],"collection":[{"href":"https:\/\/agrupacionespsoe.es\/acoruna\/wp-json\/wp\/v2\/posts"}],"about":[{"href":"https:\/\/agrupacionespsoe.es\/acoruna\/wp-json\/wp\/v2\/types\/post"}],"author":[{"embeddable":true,"href":"https:\/\/agrupacionespsoe.es\/acoruna\/wp-json\/wp\/v2\/users\/282"}],"replies":[{"embeddable":true,"href":"https:\/\/agrupacionespsoe.es\/acoruna\/wp-json\/wp\/v2\/comments?post=3157"}],"version-history":[{"count":2,"href":"https:\/\/agrupacionespsoe.es\/acoruna\/wp-json\/wp\/v2\/posts\/3157\/revisions"}],"predecessor-version":[{"id":3159,"href":"https:\/\/agrupacionespsoe.es\/acoruna\/wp-json\/wp\/v2\/posts\/3157\/revisions\/3159"}],"wp:featuredmedia":[{"embeddable":true,"href":"https:\/\/agrupacionespsoe.es\/acoruna\/wp-json\/wp\/v2\/media\/2590"}],"wp:attachment":[{"href":"https:\/\/agrupacionespsoe.es\/acoruna\/wp-json\/wp\/v2\/media?parent=3157"}],"wp:term":[{"taxonomy":"category","embeddable":true,"href":"https:\/\/agrupacionespsoe.es\/acoruna\/wp-json\/wp\/v2\/categories?post=3157"},{"taxonomy":"post_tag","embeddable":true,"href":"https:\/\/agrupacionespsoe.es\/acoruna\/wp-json\/wp\/v2\/tags?post=3157"}],"curies":[{"name":"wp","href":"https:\/\/api.w.org\/{rel}","templated":true}]}}