{"id":3152,"date":"2026-04-24T17:40:45","date_gmt":"2026-04-24T15:40:45","guid":{"rendered":"https:\/\/agrupacionespsoe.es\/acoruna\/?p=3152"},"modified":"2026-04-24T17:40:46","modified_gmt":"2026-04-24T15:40:46","slug":"o-psdeg-reclamalle-a-xunta-axudas-para-a-accesibilidade-das-persoas-xordas-na-preparacion-de-oposicions","status":"publish","type":"post","link":"https:\/\/agrupacionespsoe.es\/acoruna\/o-psdeg-reclamalle-a-xunta-axudas-para-a-accesibilidade-das-persoas-xordas-na-preparacion-de-oposicions\/","title":{"rendered":"O PSdeG recl\u00e1malle \u00e1 Xunta axudas para a accesibilidade das persoas xordas na preparaci\u00f3n de oposici\u00f3ns"},"content":{"rendered":"\n<ul class=\"wp-block-list\">\n<li><strong>Aitor Bouza anunciou esta reivindicaci\u00f3n nunha xuntanza coa Asociaci\u00f3n de Persoas Xordas de Ferrolterra<\/strong><\/li>\n<\/ul>\n\n\n\n<section class=\"wp-block-psoe-separador bg-primary px-2\"><hr class=\"color-white bg-white opacity-1 h-[1px] w-full\" \/><\/section>\n\n\n\n<p class=\"has-medium-font-size\">Aitor Bouza, deputado socialista no Parlamento galego, xunto a integrantes da Agrupaci\u00f3n Socialista Local de Ferrol, reuniuse coa Asociaci\u00f3n de Persoas Xordas de Ferrolterra para escoitar as s\u00faas inquedanzas e reivindicaci\u00f3ns, co obxectivo de trasladalas ao Parlamento de Galicia.<\/p>\n\n\n\n<p class=\"has-medium-font-size\">&#8220;Puidemos ver un caso dunha das persoas que integran esta asociaci\u00f3n que realmente ten problemas de accesibilidade para poder estudar e acceder a un emprego p\u00fablico porque non ten a posibilidade de que haxa un int\u00e9rprete dentro das clases para poder preparar esas oposici\u00f3ns&#8221;, explicou Bouza.<\/p>\n\n\n\n<p class=\"has-medium-font-size\">&#8220;Escoitando esta demanda social importante para n\u00f3s, para que realmente se poida garantir un dereito fundamental das persoas xordas, imos a instar a Xunta de Galicia e esixirlle tam\u00e9n ao Goberno galego que estableza un programa de axudas&#8221;, engadiu o socialista.<\/p>\n\n\n\n<p class=\"has-medium-font-size\">O deputado auton\u00f3mico pide que se financien as medidas de accesibilidade na formaci\u00f3n para a preparaci\u00f3n de oposici\u00f3ns, que se reco\u00f1ezan expresamente estes servizos de interpretaci\u00f3n como gasto para a accesibilidade e que se adapte o material para que se poida acceder ao mesmo.<\/p>\n\n\n\n<p class=\"has-medium-font-size\">&#8220;Non soamente se ten que adaptar o propio exame \u00e1s propias caracter\u00edsticas e necesidades das persoas xordas, sen\u00f3n que tam\u00e9n a formaci\u00f3n previa \u00e9 moi importante&#8221;, salientou o parlamentario socialista, que considera que isto \u00e9 clave para garantir &#8220;a igualdade real e efectiva que contempla a propia Constituci\u00f3n&#8221;.<\/p>\n\n\n\n<p class=\"has-medium-font-size\">&#8220;Por iso temos que promover que, no marco destas competencias da Xunta de Galicia, se cumplan estes requisitos e condici\u00f3ns de accesibilidade, tam\u00e9n para que os centros e as academias se poidan ir adaptando a estas necesidades que son tan importantes para garantir os dereitos de toda a cidadan\u00eda&#8221;, apuntou.<\/p>\n\n\n\n<p class=\"has-medium-font-size\">As\u00ed, instou a desenvolver &#8220;a normativa que sexa precisa para que se reco\u00f1eza este dereito \u00e1 formaci\u00f3n preparatoria para as oposici\u00f3ns e que se incl\u00faa esa presenza de lingua de signos cando sexa preciso, para que realmente non se conculque ning\u00fan dereito&#8221;.<\/p>\n\n\n\n<p class=\"has-medium-font-size\">&#8220;Por \u00faltimo, queremos que, en di\u00e1logo co movemento asociativo, se faga un protocolo para que esa accesibilidade non quede simplemente en palabras bonitas, sen\u00f3n que na realidade se dote orzamentariamente para que exista de maneira clara, no orzamento da Xunta de Galicia, unha li\u00f1a e unha partida que permita que realmente esa preparaci\u00f3n se poida facer con garant\u00edas&#8221;, conclu\u00edu.<\/p>\n\n\n\n<section class=\"wp-block-psoe-separador bg-primary px-2\"><hr class=\"color-white bg-white opacity-1 h-[1px] w-full\" \/><\/section>\n\n\n\n<figure class=\"wp-block-video\"><video controls src=\"https:\/\/agrupacionespsoe.es\/acoruna\/wp-content\/uploads\/sites\/198\/2026\/04\/Audio-Aitor-Bouza-persoas-xordas-Ferrolterra.mp4\"><\/video><figcaption class=\"wp-element-caption\">Aitor Bouza &#8211; persoas xordas Ferrolterra &#8211; abr26<\/figcaption><\/figure>\n","protected":false},"excerpt":{"rendered":"<p>Aitor Bouza, deputado socialista no Parlamento galego, xunto a integrantes da Agrupaci\u00f3n Socialista Local de Ferrol, reuniuse coa Asociaci\u00f3n de Persoas Xordas de Ferrolterra para escoitar as s\u00faas inquedanzas e reivindicaci\u00f3ns, co obxectivo de trasladalas ao Parlamento de Galicia. &#8220;Puidemos ver un caso dunha das persoas que integran esta asociaci\u00f3n que realmente ten problemas de &#8230;<\/p>\n","protected":false},"author":282,"featured_media":3154,"comment_status":"open","ping_status":"open","sticky":false,"template":"","format":"standard","meta":{"_jetpack_memberships_contains_paid_content":false,"footnotes":""},"categories":[193,99,111],"tags":[587,697,391,507,287,1005,167,22,929,159],"class_list":["post-3152","post","type-post","status-publish","format-standard","has-post-thumbnail","hentry","category-ferrolterra","category-politicas-sociais","category-xunta-de-galicia","tag-aitor-bouza-manso","tag-asociacions","tag-emprego","tag-inclusion","tag-orzamentos","tag-persoas-xordas","tag-politicas-sociais","tag-psdeg-psoe","tag-tecido-asociativo","tag-xunta-de-galicia"],"yoast_head":"<!-- This site is optimized with the Yoast SEO plugin v24.0 - https:\/\/yoast.com\/wordpress\/plugins\/seo\/ -->\n<title>O PSdeG recl\u00e1malle \u00e1 Xunta axudas para a accesibilidade das persoas xordas na preparaci\u00f3n de oposici\u00f3ns - Agrupaci\u00f3n Provincial da Coru\u00f1a PSOE<\/title>\n<meta name=\"description\" content=\"Aitor Bouza anunciou esta reivindicaci\u00f3n nunha xuntanza coa Asociaci\u00f3n de Persoas Xordas de Ferrolterra.\" \/>\n<meta name=\"robots\" content=\"index, follow, max-snippet:-1, max-image-preview:large, max-video-preview:-1\" \/>\n<link rel=\"canonical\" href=\"https:\/\/agrupacionespsoe.es\/acoruna\/o-psdeg-reclamalle-a-xunta-axudas-para-a-accesibilidade-das-persoas-xordas-na-preparacion-de-oposicions\/\" \/>\n<meta property=\"og:locale\" content=\"es_ES\" \/>\n<meta property=\"og:type\" content=\"article\" \/>\n<meta property=\"og:title\" content=\"O PSdeG recl\u00e1malle \u00e1 Xunta axudas para a accesibilidade das persoas xordas na preparaci\u00f3n de oposici\u00f3ns - Agrupaci\u00f3n Provincial da Coru\u00f1a PSOE\" \/>\n<meta property=\"og:description\" content=\"Aitor Bouza anunciou esta reivindicaci\u00f3n nunha xuntanza coa Asociaci\u00f3n de Persoas Xordas de Ferrolterra.\" \/>\n<meta property=\"og:url\" content=\"https:\/\/agrupacionespsoe.es\/acoruna\/o-psdeg-reclamalle-a-xunta-axudas-para-a-accesibilidade-das-persoas-xordas-na-preparacion-de-oposicions\/\" \/>\n<meta property=\"og:site_name\" content=\"Agrupaci\u00f3n Provincial da Coru\u00f1a PSOE\" \/>\n<meta property=\"article:published_time\" content=\"2026-04-24T15:40:45+00:00\" \/>\n<meta property=\"article:modified_time\" content=\"2026-04-24T15:40:46+00:00\" \/>\n<meta property=\"og:image\" content=\"https:\/\/agrupacionespsoe.es\/acoruna\/wp-content\/uploads\/sites\/198\/2026\/04\/PSOE-FERROL-24-de-abril-2.jpeg\" \/>\n\t<meta property=\"og:image:width\" content=\"1600\" \/>\n\t<meta property=\"og:image:height\" content=\"1200\" \/>\n\t<meta property=\"og:image:type\" content=\"image\/jpeg\" \/>\n<meta name=\"author\" content=\"Olympia M\u00e9ndez\" \/>\n<meta name=\"twitter:card\" content=\"summary_large_image\" \/>\n<meta name=\"twitter:label1\" content=\"Escrito por\" \/>\n\t<meta name=\"twitter:data1\" content=\"Olympia M\u00e9ndez\" \/>\n\t<meta name=\"twitter:label2\" content=\"Tiempo de lectura\" \/>\n\t<meta name=\"twitter:data2\" content=\"2 minutos\" \/>\n<script type=\"application\/ld+json\" class=\"yoast-schema-graph\">{\"@context\":\"https:\/\/schema.org\",\"@graph\":[{\"@type\":\"Article\",\"@id\":\"https:\/\/agrupacionespsoe.es\/acoruna\/o-psdeg-reclamalle-a-xunta-axudas-para-a-accesibilidade-das-persoas-xordas-na-preparacion-de-oposicions\/#article\",\"isPartOf\":{\"@id\":\"https:\/\/agrupacionespsoe.es\/acoruna\/o-psdeg-reclamalle-a-xunta-axudas-para-a-accesibilidade-das-persoas-xordas-na-preparacion-de-oposicions\/\"},\"author\":{\"name\":\"Olympia M\u00e9ndez\",\"@id\":\"https:\/\/agrupacionespsoe.es\/acoruna\/#\/schema\/person\/dbf2b36187b136d06a53f7937d5d5af9\"},\"headline\":\"O PSdeG recl\u00e1malle \u00e1 Xunta axudas para a accesibilidade das persoas xordas na preparaci\u00f3n de oposici\u00f3ns\",\"datePublished\":\"2026-04-24T15:40:45+00:00\",\"dateModified\":\"2026-04-24T15:40:46+00:00\",\"mainEntityOfPage\":{\"@id\":\"https:\/\/agrupacionespsoe.es\/acoruna\/o-psdeg-reclamalle-a-xunta-axudas-para-a-accesibilidade-das-persoas-xordas-na-preparacion-de-oposicions\/\"},\"wordCount\":443,\"commentCount\":0,\"publisher\":{\"@id\":\"https:\/\/agrupacionespsoe.es\/acoruna\/#organization\"},\"image\":{\"@id\":\"https:\/\/agrupacionespsoe.es\/acoruna\/o-psdeg-reclamalle-a-xunta-axudas-para-a-accesibilidade-das-persoas-xordas-na-preparacion-de-oposicions\/#primaryimage\"},\"thumbnailUrl\":\"https:\/\/agrupacionespsoe.es\/acoruna\/wp-content\/uploads\/sites\/198\/2026\/04\/PSOE-FERROL-24-de-abril-2.jpeg\",\"keywords\":[\"Aitor Bouza Manso\",\"Asociaci\u00f3ns\",\"Emprego\",\"Inclusi\u00f3n\",\"Orzamentos\",\"Persoas xordas\",\"Pol\u00edticas Sociais\",\"PSdeG-PSOE\",\"Tecido asociativo\",\"Xunta de Galicia\"],\"articleSection\":[\"Ferrolterra\",\"Pol\u00edticas Sociais\",\"Xunta de Galicia\"],\"inLanguage\":\"es\",\"potentialAction\":[{\"@type\":\"CommentAction\",\"name\":\"Comment\",\"target\":[\"https:\/\/agrupacionespsoe.es\/acoruna\/o-psdeg-reclamalle-a-xunta-axudas-para-a-accesibilidade-das-persoas-xordas-na-preparacion-de-oposicions\/#respond\"]}]},{\"@type\":\"WebPage\",\"@id\":\"https:\/\/agrupacionespsoe.es\/acoruna\/o-psdeg-reclamalle-a-xunta-axudas-para-a-accesibilidade-das-persoas-xordas-na-preparacion-de-oposicions\/\",\"url\":\"https:\/\/agrupacionespsoe.es\/acoruna\/o-psdeg-reclamalle-a-xunta-axudas-para-a-accesibilidade-das-persoas-xordas-na-preparacion-de-oposicions\/\",\"name\":\"O PSdeG recl\u00e1malle \u00e1 Xunta axudas para a accesibilidade das persoas xordas na preparaci\u00f3n de oposici\u00f3ns - Agrupaci\u00f3n Provincial da Coru\u00f1a PSOE\",\"isPartOf\":{\"@id\":\"https:\/\/agrupacionespsoe.es\/acoruna\/#website\"},\"primaryImageOfPage\":{\"@id\":\"https:\/\/agrupacionespsoe.es\/acoruna\/o-psdeg-reclamalle-a-xunta-axudas-para-a-accesibilidade-das-persoas-xordas-na-preparacion-de-oposicions\/#primaryimage\"},\"image\":{\"@id\":\"https:\/\/agrupacionespsoe.es\/acoruna\/o-psdeg-reclamalle-a-xunta-axudas-para-a-accesibilidade-das-persoas-xordas-na-preparacion-de-oposicions\/#primaryimage\"},\"thumbnailUrl\":\"https:\/\/agrupacionespsoe.es\/acoruna\/wp-content\/uploads\/sites\/198\/2026\/04\/PSOE-FERROL-24-de-abril-2.jpeg\",\"datePublished\":\"2026-04-24T15:40:45+00:00\",\"dateModified\":\"2026-04-24T15:40:46+00:00\",\"description\":\"Aitor Bouza anunciou esta reivindicaci\u00f3n nunha xuntanza coa Asociaci\u00f3n de Persoas Xordas de Ferrolterra.\",\"breadcrumb\":{\"@id\":\"https:\/\/agrupacionespsoe.es\/acoruna\/o-psdeg-reclamalle-a-xunta-axudas-para-a-accesibilidade-das-persoas-xordas-na-preparacion-de-oposicions\/#breadcrumb\"},\"inLanguage\":\"es\",\"potentialAction\":[{\"@type\":\"ReadAction\",\"target\":[\"https:\/\/agrupacionespsoe.es\/acoruna\/o-psdeg-reclamalle-a-xunta-axudas-para-a-accesibilidade-das-persoas-xordas-na-preparacion-de-oposicions\/\"]}]},{\"@type\":\"ImageObject\",\"inLanguage\":\"es\",\"@id\":\"https:\/\/agrupacionespsoe.es\/acoruna\/o-psdeg-reclamalle-a-xunta-axudas-para-a-accesibilidade-das-persoas-xordas-na-preparacion-de-oposicions\/#primaryimage\",\"url\":\"https:\/\/agrupacionespsoe.es\/acoruna\/wp-content\/uploads\/sites\/198\/2026\/04\/PSOE-FERROL-24-de-abril-2.jpeg\",\"contentUrl\":\"https:\/\/agrupacionespsoe.es\/acoruna\/wp-content\/uploads\/sites\/198\/2026\/04\/PSOE-FERROL-24-de-abril-2.jpeg\",\"width\":1600,\"height\":1200},{\"@type\":\"BreadcrumbList\",\"@id\":\"https:\/\/agrupacionespsoe.es\/acoruna\/o-psdeg-reclamalle-a-xunta-axudas-para-a-accesibilidade-das-persoas-xordas-na-preparacion-de-oposicions\/#breadcrumb\",\"itemListElement\":[{\"@type\":\"ListItem\",\"position\":1,\"name\":\"Portada\",\"item\":\"https:\/\/agrupacionespsoe.es\/acoruna\/\"},{\"@type\":\"ListItem\",\"position\":2,\"name\":\"O PSdeG recl\u00e1malle \u00e1 Xunta axudas para a accesibilidade das persoas xordas na preparaci\u00f3n de oposici\u00f3ns\"}]},{\"@type\":\"WebSite\",\"@id\":\"https:\/\/agrupacionespsoe.es\/acoruna\/#website\",\"url\":\"https:\/\/agrupacionespsoe.es\/acoruna\/\",\"name\":\"Agrupaci\u00f3n Provincial da Coru\u00f1a PSOE\",\"description\":\"Provincial PSdeG-PSOE da Coru\u00f1a\",\"publisher\":{\"@id\":\"https:\/\/agrupacionespsoe.es\/acoruna\/#organization\"},\"potentialAction\":[{\"@type\":\"SearchAction\",\"target\":{\"@type\":\"EntryPoint\",\"urlTemplate\":\"https:\/\/agrupacionespsoe.es\/acoruna\/?s={search_term_string}\"},\"query-input\":{\"@type\":\"PropertyValueSpecification\",\"valueRequired\":true,\"valueName\":\"search_term_string\"}}],\"inLanguage\":\"es\"},{\"@type\":\"Organization\",\"@id\":\"https:\/\/agrupacionespsoe.es\/acoruna\/#organization\",\"name\":\"Agrupaci\u00f3n Provincial da Coru\u00f1a PSOE\",\"url\":\"https:\/\/agrupacionespsoe.es\/acoruna\/\",\"logo\":{\"@type\":\"ImageObject\",\"inLanguage\":\"es\",\"@id\":\"https:\/\/agrupacionespsoe.es\/acoruna\/#\/schema\/logo\/image\/\",\"url\":\"https:\/\/agrupacionespsoe.es\/wp-content\/uploads\/2022\/07\/Logotipo_electoral_del_PSOE.png\",\"contentUrl\":\"https:\/\/agrupacionespsoe.es\/wp-content\/uploads\/2022\/07\/Logotipo_electoral_del_PSOE.png\",\"width\":422,\"height\":422,\"caption\":\"Agrupaci\u00f3n Provincial da Coru\u00f1a PSOE\"},\"image\":{\"@id\":\"https:\/\/agrupacionespsoe.es\/acoruna\/#\/schema\/logo\/image\/\"}},{\"@type\":\"Person\",\"@id\":\"https:\/\/agrupacionespsoe.es\/acoruna\/#\/schema\/person\/dbf2b36187b136d06a53f7937d5d5af9\",\"name\":\"Olympia M\u00e9ndez\",\"image\":{\"@type\":\"ImageObject\",\"inLanguage\":\"es\",\"@id\":\"https:\/\/agrupacionespsoe.es\/acoruna\/#\/schema\/person\/image\/\",\"url\":\"https:\/\/secure.gravatar.com\/avatar\/12db1fb8bfe20deb7a2d4ddc95b9042b?s=96&d=mm&r=g\",\"contentUrl\":\"https:\/\/secure.gravatar.com\/avatar\/12db1fb8bfe20deb7a2d4ddc95b9042b?s=96&d=mm&r=g\",\"caption\":\"Olympia M\u00e9ndez\"},\"url\":\"https:\/\/agrupacionespsoe.es\/acoruna\/author\/acoruna2\/\"}]}<\/script>\n<!-- \/ Yoast SEO plugin. -->","yoast_head_json":{"title":"O PSdeG recl\u00e1malle \u00e1 Xunta axudas para a accesibilidade das persoas xordas na preparaci\u00f3n de oposici\u00f3ns - Agrupaci\u00f3n Provincial da Coru\u00f1a PSOE","description":"Aitor Bouza anunciou esta reivindicaci\u00f3n nunha xuntanza coa Asociaci\u00f3n de Persoas Xordas de Ferrolterra.","robots":{"index":"index","follow":"follow","max-snippet":"max-snippet:-1","max-image-preview":"max-image-preview:large","max-video-preview":"max-video-preview:-1"},"canonical":"https:\/\/agrupacionespsoe.es\/acoruna\/o-psdeg-reclamalle-a-xunta-axudas-para-a-accesibilidade-das-persoas-xordas-na-preparacion-de-oposicions\/","og_locale":"es_ES","og_type":"article","og_title":"O PSdeG recl\u00e1malle \u00e1 Xunta axudas para a accesibilidade das persoas xordas na preparaci\u00f3n de oposici\u00f3ns - Agrupaci\u00f3n Provincial da Coru\u00f1a PSOE","og_description":"Aitor Bouza anunciou esta reivindicaci\u00f3n nunha xuntanza coa Asociaci\u00f3n de Persoas Xordas de Ferrolterra.","og_url":"https:\/\/agrupacionespsoe.es\/acoruna\/o-psdeg-reclamalle-a-xunta-axudas-para-a-accesibilidade-das-persoas-xordas-na-preparacion-de-oposicions\/","og_site_name":"Agrupaci\u00f3n Provincial da Coru\u00f1a PSOE","article_published_time":"2026-04-24T15:40:45+00:00","article_modified_time":"2026-04-24T15:40:46+00:00","og_image":[{"width":1600,"height":1200,"url":"https:\/\/agrupacionespsoe.es\/acoruna\/wp-content\/uploads\/sites\/198\/2026\/04\/PSOE-FERROL-24-de-abril-2.jpeg","type":"image\/jpeg"}],"author":"Olympia M\u00e9ndez","twitter_card":"summary_large_image","twitter_misc":{"Escrito por":"Olympia M\u00e9ndez","Tiempo de lectura":"2 minutos"},"schema":{"@context":"https:\/\/schema.org","@graph":[{"@type":"Article","@id":"https:\/\/agrupacionespsoe.es\/acoruna\/o-psdeg-reclamalle-a-xunta-axudas-para-a-accesibilidade-das-persoas-xordas-na-preparacion-de-oposicions\/#article","isPartOf":{"@id":"https:\/\/agrupacionespsoe.es\/acoruna\/o-psdeg-reclamalle-a-xunta-axudas-para-a-accesibilidade-das-persoas-xordas-na-preparacion-de-oposicions\/"},"author":{"name":"Olympia M\u00e9ndez","@id":"https:\/\/agrupacionespsoe.es\/acoruna\/#\/schema\/person\/dbf2b36187b136d06a53f7937d5d5af9"},"headline":"O PSdeG recl\u00e1malle \u00e1 Xunta axudas para a accesibilidade das persoas xordas na preparaci\u00f3n de oposici\u00f3ns","datePublished":"2026-04-24T15:40:45+00:00","dateModified":"2026-04-24T15:40:46+00:00","mainEntityOfPage":{"@id":"https:\/\/agrupacionespsoe.es\/acoruna\/o-psdeg-reclamalle-a-xunta-axudas-para-a-accesibilidade-das-persoas-xordas-na-preparacion-de-oposicions\/"},"wordCount":443,"commentCount":0,"publisher":{"@id":"https:\/\/agrupacionespsoe.es\/acoruna\/#organization"},"image":{"@id":"https:\/\/agrupacionespsoe.es\/acoruna\/o-psdeg-reclamalle-a-xunta-axudas-para-a-accesibilidade-das-persoas-xordas-na-preparacion-de-oposicions\/#primaryimage"},"thumbnailUrl":"https:\/\/agrupacionespsoe.es\/acoruna\/wp-content\/uploads\/sites\/198\/2026\/04\/PSOE-FERROL-24-de-abril-2.jpeg","keywords":["Aitor Bouza Manso","Asociaci\u00f3ns","Emprego","Inclusi\u00f3n","Orzamentos","Persoas xordas","Pol\u00edticas Sociais","PSdeG-PSOE","Tecido asociativo","Xunta de Galicia"],"articleSection":["Ferrolterra","Pol\u00edticas Sociais","Xunta de Galicia"],"inLanguage":"es","potentialAction":[{"@type":"CommentAction","name":"Comment","target":["https:\/\/agrupacionespsoe.es\/acoruna\/o-psdeg-reclamalle-a-xunta-axudas-para-a-accesibilidade-das-persoas-xordas-na-preparacion-de-oposicions\/#respond"]}]},{"@type":"WebPage","@id":"https:\/\/agrupacionespsoe.es\/acoruna\/o-psdeg-reclamalle-a-xunta-axudas-para-a-accesibilidade-das-persoas-xordas-na-preparacion-de-oposicions\/","url":"https:\/\/agrupacionespsoe.es\/acoruna\/o-psdeg-reclamalle-a-xunta-axudas-para-a-accesibilidade-das-persoas-xordas-na-preparacion-de-oposicions\/","name":"O PSdeG recl\u00e1malle \u00e1 Xunta axudas para a accesibilidade das persoas xordas na preparaci\u00f3n de oposici\u00f3ns - Agrupaci\u00f3n Provincial da Coru\u00f1a PSOE","isPartOf":{"@id":"https:\/\/agrupacionespsoe.es\/acoruna\/#website"},"primaryImageOfPage":{"@id":"https:\/\/agrupacionespsoe.es\/acoruna\/o-psdeg-reclamalle-a-xunta-axudas-para-a-accesibilidade-das-persoas-xordas-na-preparacion-de-oposicions\/#primaryimage"},"image":{"@id":"https:\/\/agrupacionespsoe.es\/acoruna\/o-psdeg-reclamalle-a-xunta-axudas-para-a-accesibilidade-das-persoas-xordas-na-preparacion-de-oposicions\/#primaryimage"},"thumbnailUrl":"https:\/\/agrupacionespsoe.es\/acoruna\/wp-content\/uploads\/sites\/198\/2026\/04\/PSOE-FERROL-24-de-abril-2.jpeg","datePublished":"2026-04-24T15:40:45+00:00","dateModified":"2026-04-24T15:40:46+00:00","description":"Aitor Bouza anunciou esta reivindicaci\u00f3n nunha xuntanza coa Asociaci\u00f3n de Persoas Xordas de Ferrolterra.","breadcrumb":{"@id":"https:\/\/agrupacionespsoe.es\/acoruna\/o-psdeg-reclamalle-a-xunta-axudas-para-a-accesibilidade-das-persoas-xordas-na-preparacion-de-oposicions\/#breadcrumb"},"inLanguage":"es","potentialAction":[{"@type":"ReadAction","target":["https:\/\/agrupacionespsoe.es\/acoruna\/o-psdeg-reclamalle-a-xunta-axudas-para-a-accesibilidade-das-persoas-xordas-na-preparacion-de-oposicions\/"]}]},{"@type":"ImageObject","inLanguage":"es","@id":"https:\/\/agrupacionespsoe.es\/acoruna\/o-psdeg-reclamalle-a-xunta-axudas-para-a-accesibilidade-das-persoas-xordas-na-preparacion-de-oposicions\/#primaryimage","url":"https:\/\/agrupacionespsoe.es\/acoruna\/wp-content\/uploads\/sites\/198\/2026\/04\/PSOE-FERROL-24-de-abril-2.jpeg","contentUrl":"https:\/\/agrupacionespsoe.es\/acoruna\/wp-content\/uploads\/sites\/198\/2026\/04\/PSOE-FERROL-24-de-abril-2.jpeg","width":1600,"height":1200},{"@type":"BreadcrumbList","@id":"https:\/\/agrupacionespsoe.es\/acoruna\/o-psdeg-reclamalle-a-xunta-axudas-para-a-accesibilidade-das-persoas-xordas-na-preparacion-de-oposicions\/#breadcrumb","itemListElement":[{"@type":"ListItem","position":1,"name":"Portada","item":"https:\/\/agrupacionespsoe.es\/acoruna\/"},{"@type":"ListItem","position":2,"name":"O PSdeG recl\u00e1malle \u00e1 Xunta axudas para a accesibilidade das persoas xordas na preparaci\u00f3n de oposici\u00f3ns"}]},{"@type":"WebSite","@id":"https:\/\/agrupacionespsoe.es\/acoruna\/#website","url":"https:\/\/agrupacionespsoe.es\/acoruna\/","name":"Agrupaci\u00f3n Provincial da Coru\u00f1a PSOE","description":"Provincial PSdeG-PSOE da Coru\u00f1a","publisher":{"@id":"https:\/\/agrupacionespsoe.es\/acoruna\/#organization"},"potentialAction":[{"@type":"SearchAction","target":{"@type":"EntryPoint","urlTemplate":"https:\/\/agrupacionespsoe.es\/acoruna\/?s={search_term_string}"},"query-input":{"@type":"PropertyValueSpecification","valueRequired":true,"valueName":"search_term_string"}}],"inLanguage":"es"},{"@type":"Organization","@id":"https:\/\/agrupacionespsoe.es\/acoruna\/#organization","name":"Agrupaci\u00f3n Provincial da Coru\u00f1a PSOE","url":"https:\/\/agrupacionespsoe.es\/acoruna\/","logo":{"@type":"ImageObject","inLanguage":"es","@id":"https:\/\/agrupacionespsoe.es\/acoruna\/#\/schema\/logo\/image\/","url":"https:\/\/agrupacionespsoe.es\/wp-content\/uploads\/2022\/07\/Logotipo_electoral_del_PSOE.png","contentUrl":"https:\/\/agrupacionespsoe.es\/wp-content\/uploads\/2022\/07\/Logotipo_electoral_del_PSOE.png","width":422,"height":422,"caption":"Agrupaci\u00f3n Provincial da Coru\u00f1a PSOE"},"image":{"@id":"https:\/\/agrupacionespsoe.es\/acoruna\/#\/schema\/logo\/image\/"}},{"@type":"Person","@id":"https:\/\/agrupacionespsoe.es\/acoruna\/#\/schema\/person\/dbf2b36187b136d06a53f7937d5d5af9","name":"Olympia M\u00e9ndez","image":{"@type":"ImageObject","inLanguage":"es","@id":"https:\/\/agrupacionespsoe.es\/acoruna\/#\/schema\/person\/image\/","url":"https:\/\/secure.gravatar.com\/avatar\/12db1fb8bfe20deb7a2d4ddc95b9042b?s=96&d=mm&r=g","contentUrl":"https:\/\/secure.gravatar.com\/avatar\/12db1fb8bfe20deb7a2d4ddc95b9042b?s=96&d=mm&r=g","caption":"Olympia M\u00e9ndez"},"url":"https:\/\/agrupacionespsoe.es\/acoruna\/author\/acoruna2\/"}]}},"jetpack_featured_media_url":"https:\/\/agrupacionespsoe.es\/acoruna\/wp-content\/uploads\/sites\/198\/2026\/04\/PSOE-FERROL-24-de-abril-2.jpeg","jetpack_sharing_enabled":true,"jetpack_likes_enabled":true,"_links":{"self":[{"href":"https:\/\/agrupacionespsoe.es\/acoruna\/wp-json\/wp\/v2\/posts\/3152","targetHints":{"allow":["GET"]}}],"collection":[{"href":"https:\/\/agrupacionespsoe.es\/acoruna\/wp-json\/wp\/v2\/posts"}],"about":[{"href":"https:\/\/agrupacionespsoe.es\/acoruna\/wp-json\/wp\/v2\/types\/post"}],"author":[{"embeddable":true,"href":"https:\/\/agrupacionespsoe.es\/acoruna\/wp-json\/wp\/v2\/users\/282"}],"replies":[{"embeddable":true,"href":"https:\/\/agrupacionespsoe.es\/acoruna\/wp-json\/wp\/v2\/comments?post=3152"}],"version-history":[{"count":2,"href":"https:\/\/agrupacionespsoe.es\/acoruna\/wp-json\/wp\/v2\/posts\/3152\/revisions"}],"predecessor-version":[{"id":3156,"href":"https:\/\/agrupacionespsoe.es\/acoruna\/wp-json\/wp\/v2\/posts\/3152\/revisions\/3156"}],"wp:featuredmedia":[{"embeddable":true,"href":"https:\/\/agrupacionespsoe.es\/acoruna\/wp-json\/wp\/v2\/media\/3154"}],"wp:attachment":[{"href":"https:\/\/agrupacionespsoe.es\/acoruna\/wp-json\/wp\/v2\/media?parent=3152"}],"wp:term":[{"taxonomy":"category","embeddable":true,"href":"https:\/\/agrupacionespsoe.es\/acoruna\/wp-json\/wp\/v2\/categories?post=3152"},{"taxonomy":"post_tag","embeddable":true,"href":"https:\/\/agrupacionespsoe.es\/acoruna\/wp-json\/wp\/v2\/tags?post=3152"}],"curies":[{"name":"wp","href":"https:\/\/api.w.org\/{rel}","templated":true}]}}