{"id":3144,"date":"2026-04-23T17:14:27","date_gmt":"2026-04-23T15:14:27","guid":{"rendered":"https:\/\/agrupacionespsoe.es\/acoruna\/?p=3144"},"modified":"2026-04-24T16:04:42","modified_gmt":"2026-04-24T14:04:42","slug":"o-psdeg-reclamalle-a-xunta-que-escoite-aos-propietarios-e-propietarias-das-fragas-do-eume-e-que-cumpra-a-directiva-europea","status":"publish","type":"post","link":"https:\/\/agrupacionespsoe.es\/acoruna\/o-psdeg-reclamalle-a-xunta-que-escoite-aos-propietarios-e-propietarias-das-fragas-do-eume-e-que-cumpra-a-directiva-europea\/","title":{"rendered":"O PSdeG recl\u00e1malle \u00e1 Xunta que &#8220;escoite aos propietarios e propietarias das Fragas do Eume&#8221; e apoia a s\u00faa campa\u00f1a de recollida de firmas"},"content":{"rendered":"\n<ul class=\"wp-block-list\">\n<li><strong>Aitor Bouza participou da \u00faltima concentraci\u00f3n deste colectivo en Ferrol e volveu esixir ao Goberno galego que cumpra a directiva europea<\/strong><\/li>\n<\/ul>\n\n\n\n<section class=\"wp-block-psoe-separador bg-primary px-2\"><hr class=\"color-white bg-white opacity-1 h-[1px] w-full\" \/><\/section>\n\n\n\n<p class=\"has-medium-font-size\">O PSdeG Provincial da Coru\u00f1a participou na concentraci\u00f3n convocada en Ferrol polos propietarios e propietarias das Fragas do Eume diante do edificio administrativo da Xunta de Galicia en Ferrol. Estiveron presentes Aitor Bouza Manso, deputado auton\u00f3mico, e Jos\u00e9 Simoes, tenente de alcalde de Pontedeume.<\/p>\n\n\n\n<p class=\"has-medium-font-size\">Bouza amosou unha vez m\u00e1is o apoio do PSdeG \u00e1s reivindicaci\u00f3ns dos propietarias e propietarios e \u00e1 campa\u00f1a de recollida de firmas iniciada polos mesmos. &#8220;Lamentamos profundamente que se te\u00f1a que chegar ata este extremo, primeiro acudindo ao Parlamento Europeo e a continuaci\u00f3n tam\u00e9n a trav\u00e9s desta recollida de sinaturas&#8221;, afirmou.<\/p>\n\n\n\n<figure class=\"wp-block-image aligncenter size-large\"><img loading=\"lazy\" decoding=\"async\" width=\"1024\" height=\"768\" src=\"https:\/\/agrupacionespsoe.es\/acoruna\/wp-content\/uploads\/sites\/198\/2026\/04\/PSOE-FERROL-23-de-abril-2-1024x768.jpeg\" alt=\"\" class=\"wp-image-3147\" srcset=\"https:\/\/agrupacionespsoe.es\/acoruna\/wp-content\/uploads\/sites\/198\/2026\/04\/PSOE-FERROL-23-de-abril-2-1024x768.jpeg 1024w, https:\/\/agrupacionespsoe.es\/acoruna\/wp-content\/uploads\/sites\/198\/2026\/04\/PSOE-FERROL-23-de-abril-2-300x225.jpeg 300w, https:\/\/agrupacionespsoe.es\/acoruna\/wp-content\/uploads\/sites\/198\/2026\/04\/PSOE-FERROL-23-de-abril-2-768x576.jpeg 768w, https:\/\/agrupacionespsoe.es\/acoruna\/wp-content\/uploads\/sites\/198\/2026\/04\/PSOE-FERROL-23-de-abril-2-1536x1152.jpeg 1536w, https:\/\/agrupacionespsoe.es\/acoruna\/wp-content\/uploads\/sites\/198\/2026\/04\/PSOE-FERROL-23-de-abril-2-2048x1536.jpeg 2048w\" sizes=\"auto, (max-width: 1024px) 100vw, 1024px\" \/><\/figure>\n\n\n\n<p class=\"has-medium-font-size\">O deputado socialista sinalou que se ven obrigados a pedir axuda \u00e1 cidadan\u00eda porque o Goberno galego &#8220;non escoita as s\u00faas reivindicaci\u00f3ns, a conselleira non os recibe e non atende o que, ao final, non \u00e9 m\u00e1is que o reco\u00f1ecemento dunha directiva europea, o reco\u00f1ecemento dunha normativa galega&#8221;.<\/p>\n\n\n\n<p class=\"has-medium-font-size\">&#8220;Polo tanto, n\u00f3s seguiremos traballando ao car\u00f3n de todos eles e de todas elas, e hoxe aqu\u00ed na r\u00faa, o que facemos \u00e9, pois, escoitar novamente as s\u00faas reivindicaci\u00f3n&#8221;, sinala o parlamentario socialista. &#8220;A Xunta de Galicia o que ten que facer \u00e9 escoitalos, recibilos e, sobre todo, realizar esas compensaci\u00f3ns&#8221;, subli\u00f1a.<\/p>\n\n\n\n<p class=\"has-medium-font-size\">Quixo esixirlle &#8220;\u00e1 Xunta de Galicia ao Se\u00f1or Rueda que escoite aos propietarios e propietarias das Fragas do Eume. &#8220;Non soamente nos temos que encher de orgullo para poder facer gala de todo este parque&#8221;, sen\u00f3n, que, en palabras de Bouza, tam\u00e9n hai que &#8220;protexer o noso parque e protexer as nosas fragas&#8221;.<\/p>\n\n\n\n<p class=\"has-medium-font-size\">&#8220;Tam\u00e9n a trav\u00e9s de todo ese tipo de medidas que se piden nesa Iniciativa Lexislativa Popular que dende o Partido Socialista apoiaremos e impulsaremos&#8221;, engade o socialista. &#8220;Evidentemente animamos a toda a cidadan\u00eda a que se sume para apoiar aos propietarios das propiedades das fragas&#8221;, concl\u00fae.<\/p>\n\n\n\n<section class=\"wp-block-psoe-separador bg-primary px-2\"><hr class=\"color-white bg-white opacity-1 h-[1px] w-full\" \/><\/section>\n\n\n\n<figure class=\"wp-block-video\"><video controls src=\"https:\/\/agrupacionespsoe.es\/acoruna\/wp-content\/uploads\/sites\/198\/2026\/04\/Audio-Aitor-Bouza-concentracion-Fragas-do-Eume.mp4\"><\/video><figcaption class=\"wp-element-caption\">Aitor Bouza &#8211; Concentraci\u00f3ns Fragas do Eume Ferrol &#8211; abr26<\/figcaption><\/figure>\n","protected":false},"excerpt":{"rendered":"<p>O PSdeG Provincial da Coru\u00f1a participou na concentraci\u00f3n convocada en Ferrol polos propietarios e propietarias das Fragas do Eume diante do edificio administrativo da Xunta de Galicia en Ferrol. Estiveron presentes Aitor Bouza Manso, deputado auton\u00f3mico, e Jos\u00e9 Simoes, tenente de alcalde de Pontedeume. Bouza amosou unha vez m\u00e1is o apoio do PSdeG \u00e1s reivindicaci\u00f3ns &#8230;<\/p>\n","protected":false},"author":282,"featured_media":3146,"comment_status":"open","ping_status":"open","sticky":false,"template":"","format":"standard","meta":{"_jetpack_memberships_contains_paid_content":false,"footnotes":""},"categories":[193,631,34],"tags":[587,185,26,155,1003,543,635,845,22,159],"class_list":["post-3144","post","type-post","status-publish","format-standard","has-post-thumbnail","hentry","category-ferrolterra","category-marinas-betanceiras","category-medio-ambiente","tag-aitor-bouza-manso","tag-ferrol","tag-ferrolterra","tag-fragas-do-eume","tag-iniciativa-lexislativa-popular-ilp","tag-iniciativas","tag-marinas-betanceiras","tag-parlamento-europeo","tag-psdeg-psoe","tag-xunta-de-galicia"],"yoast_head":"<!-- This site is optimized with the Yoast SEO plugin v24.0 - https:\/\/yoast.com\/wordpress\/plugins\/seo\/ -->\n<title>O PSdeG recl\u00e1malle \u00e1 Xunta que &quot;escoite aos propietarios e propietarias das Fragas do Eume&quot; e apoia a s\u00faa campa\u00f1a de recollida de firmas - Agrupaci\u00f3n Provincial da Coru\u00f1a PSOE<\/title>\n<meta name=\"description\" content=\"Bernardo Fern\u00e1ndez e Aitor Bouza participaron da \u00faltima concentraci\u00f3n deste colectivo en Ferrol e apoiaron a s\u00faa nova campa\u00f1a de recollida de firmas.\" \/>\n<meta name=\"robots\" content=\"index, follow, max-snippet:-1, max-image-preview:large, max-video-preview:-1\" \/>\n<link rel=\"canonical\" href=\"https:\/\/agrupacionespsoe.es\/acoruna\/o-psdeg-reclamalle-a-xunta-que-escoite-aos-propietarios-e-propietarias-das-fragas-do-eume-e-que-cumpra-a-directiva-europea\/\" \/>\n<meta property=\"og:locale\" content=\"es_ES\" \/>\n<meta property=\"og:type\" content=\"article\" \/>\n<meta property=\"og:title\" content=\"O PSdeG recl\u00e1malle \u00e1 Xunta que &quot;escoite aos propietarios e propietarias das Fragas do Eume&quot; e apoia a s\u00faa campa\u00f1a de recollida de firmas - Agrupaci\u00f3n Provincial da Coru\u00f1a PSOE\" \/>\n<meta property=\"og:description\" content=\"Bernardo Fern\u00e1ndez e Aitor Bouza participaron da \u00faltima concentraci\u00f3n deste colectivo en Ferrol e apoiaron a s\u00faa nova campa\u00f1a de recollida de firmas.\" \/>\n<meta property=\"og:url\" content=\"https:\/\/agrupacionespsoe.es\/acoruna\/o-psdeg-reclamalle-a-xunta-que-escoite-aos-propietarios-e-propietarias-das-fragas-do-eume-e-que-cumpra-a-directiva-europea\/\" \/>\n<meta property=\"og:site_name\" content=\"Agrupaci\u00f3n Provincial da Coru\u00f1a PSOE\" \/>\n<meta property=\"article:published_time\" content=\"2026-04-23T15:14:27+00:00\" \/>\n<meta property=\"article:modified_time\" content=\"2026-04-24T14:04:42+00:00\" \/>\n<meta property=\"og:image\" content=\"https:\/\/agrupacionespsoe.es\/acoruna\/wp-content\/uploads\/sites\/198\/2026\/04\/PSOE-FERROL-23-de-abril-scaled.jpeg\" \/>\n\t<meta property=\"og:image:width\" content=\"2560\" \/>\n\t<meta property=\"og:image:height\" content=\"1920\" \/>\n\t<meta property=\"og:image:type\" content=\"image\/jpeg\" \/>\n<meta name=\"author\" content=\"Olympia M\u00e9ndez\" \/>\n<meta name=\"twitter:card\" content=\"summary_large_image\" \/>\n<meta name=\"twitter:label1\" content=\"Escrito por\" \/>\n\t<meta name=\"twitter:data1\" content=\"Olympia M\u00e9ndez\" \/>\n\t<meta name=\"twitter:label2\" content=\"Tiempo de lectura\" \/>\n\t<meta name=\"twitter:data2\" content=\"2 minutos\" \/>\n<script type=\"application\/ld+json\" class=\"yoast-schema-graph\">{\"@context\":\"https:\/\/schema.org\",\"@graph\":[{\"@type\":\"Article\",\"@id\":\"https:\/\/agrupacionespsoe.es\/acoruna\/o-psdeg-reclamalle-a-xunta-que-escoite-aos-propietarios-e-propietarias-das-fragas-do-eume-e-que-cumpra-a-directiva-europea\/#article\",\"isPartOf\":{\"@id\":\"https:\/\/agrupacionespsoe.es\/acoruna\/o-psdeg-reclamalle-a-xunta-que-escoite-aos-propietarios-e-propietarias-das-fragas-do-eume-e-que-cumpra-a-directiva-europea\/\"},\"author\":{\"name\":\"Olympia M\u00e9ndez\",\"@id\":\"https:\/\/agrupacionespsoe.es\/acoruna\/#\/schema\/person\/dbf2b36187b136d06a53f7937d5d5af9\"},\"headline\":\"O PSdeG recl\u00e1malle \u00e1 Xunta que &#8220;escoite aos propietarios e propietarias das Fragas do Eume&#8221; e apoia a s\u00faa campa\u00f1a de recollida de firmas\",\"datePublished\":\"2026-04-23T15:14:27+00:00\",\"dateModified\":\"2026-04-24T14:04:42+00:00\",\"mainEntityOfPage\":{\"@id\":\"https:\/\/agrupacionespsoe.es\/acoruna\/o-psdeg-reclamalle-a-xunta-que-escoite-aos-propietarios-e-propietarias-das-fragas-do-eume-e-que-cumpra-a-directiva-europea\/\"},\"wordCount\":377,\"commentCount\":0,\"publisher\":{\"@id\":\"https:\/\/agrupacionespsoe.es\/acoruna\/#organization\"},\"image\":{\"@id\":\"https:\/\/agrupacionespsoe.es\/acoruna\/o-psdeg-reclamalle-a-xunta-que-escoite-aos-propietarios-e-propietarias-das-fragas-do-eume-e-que-cumpra-a-directiva-europea\/#primaryimage\"},\"thumbnailUrl\":\"https:\/\/agrupacionespsoe.es\/acoruna\/wp-content\/uploads\/sites\/198\/2026\/04\/PSOE-FERROL-23-de-abril-scaled.jpeg\",\"keywords\":[\"Aitor Bouza Manso\",\"Ferrol\",\"Ferrolterra\",\"Fragas do Eume\",\"Iniciativa Lexislativa Popular ILP\",\"Iniciativas\",\"Mari\u00f1as Betanceiras\",\"Parlamento Europeo\",\"PSdeG-PSOE\",\"Xunta de Galicia\"],\"articleSection\":[\"Ferrolterra\",\"Mari\u00f1as Betanceiras\",\"Medio Ambiente\"],\"inLanguage\":\"es\",\"potentialAction\":[{\"@type\":\"CommentAction\",\"name\":\"Comment\",\"target\":[\"https:\/\/agrupacionespsoe.es\/acoruna\/o-psdeg-reclamalle-a-xunta-que-escoite-aos-propietarios-e-propietarias-das-fragas-do-eume-e-que-cumpra-a-directiva-europea\/#respond\"]}]},{\"@type\":\"WebPage\",\"@id\":\"https:\/\/agrupacionespsoe.es\/acoruna\/o-psdeg-reclamalle-a-xunta-que-escoite-aos-propietarios-e-propietarias-das-fragas-do-eume-e-que-cumpra-a-directiva-europea\/\",\"url\":\"https:\/\/agrupacionespsoe.es\/acoruna\/o-psdeg-reclamalle-a-xunta-que-escoite-aos-propietarios-e-propietarias-das-fragas-do-eume-e-que-cumpra-a-directiva-europea\/\",\"name\":\"O PSdeG recl\u00e1malle \u00e1 Xunta que \\\"escoite aos propietarios e propietarias das Fragas do Eume\\\" e apoia a s\u00faa campa\u00f1a de recollida de firmas - Agrupaci\u00f3n Provincial da Coru\u00f1a PSOE\",\"isPartOf\":{\"@id\":\"https:\/\/agrupacionespsoe.es\/acoruna\/#website\"},\"primaryImageOfPage\":{\"@id\":\"https:\/\/agrupacionespsoe.es\/acoruna\/o-psdeg-reclamalle-a-xunta-que-escoite-aos-propietarios-e-propietarias-das-fragas-do-eume-e-que-cumpra-a-directiva-europea\/#primaryimage\"},\"image\":{\"@id\":\"https:\/\/agrupacionespsoe.es\/acoruna\/o-psdeg-reclamalle-a-xunta-que-escoite-aos-propietarios-e-propietarias-das-fragas-do-eume-e-que-cumpra-a-directiva-europea\/#primaryimage\"},\"thumbnailUrl\":\"https:\/\/agrupacionespsoe.es\/acoruna\/wp-content\/uploads\/sites\/198\/2026\/04\/PSOE-FERROL-23-de-abril-scaled.jpeg\",\"datePublished\":\"2026-04-23T15:14:27+00:00\",\"dateModified\":\"2026-04-24T14:04:42+00:00\",\"description\":\"Bernardo Fern\u00e1ndez e Aitor Bouza participaron da \u00faltima concentraci\u00f3n deste colectivo en Ferrol e apoiaron a s\u00faa nova campa\u00f1a de recollida de firmas.\",\"breadcrumb\":{\"@id\":\"https:\/\/agrupacionespsoe.es\/acoruna\/o-psdeg-reclamalle-a-xunta-que-escoite-aos-propietarios-e-propietarias-das-fragas-do-eume-e-que-cumpra-a-directiva-europea\/#breadcrumb\"},\"inLanguage\":\"es\",\"potentialAction\":[{\"@type\":\"ReadAction\",\"target\":[\"https:\/\/agrupacionespsoe.es\/acoruna\/o-psdeg-reclamalle-a-xunta-que-escoite-aos-propietarios-e-propietarias-das-fragas-do-eume-e-que-cumpra-a-directiva-europea\/\"]}]},{\"@type\":\"ImageObject\",\"inLanguage\":\"es\",\"@id\":\"https:\/\/agrupacionespsoe.es\/acoruna\/o-psdeg-reclamalle-a-xunta-que-escoite-aos-propietarios-e-propietarias-das-fragas-do-eume-e-que-cumpra-a-directiva-europea\/#primaryimage\",\"url\":\"https:\/\/agrupacionespsoe.es\/acoruna\/wp-content\/uploads\/sites\/198\/2026\/04\/PSOE-FERROL-23-de-abril-scaled.jpeg\",\"contentUrl\":\"https:\/\/agrupacionespsoe.es\/acoruna\/wp-content\/uploads\/sites\/198\/2026\/04\/PSOE-FERROL-23-de-abril-scaled.jpeg\",\"width\":2560,\"height\":1920},{\"@type\":\"BreadcrumbList\",\"@id\":\"https:\/\/agrupacionespsoe.es\/acoruna\/o-psdeg-reclamalle-a-xunta-que-escoite-aos-propietarios-e-propietarias-das-fragas-do-eume-e-que-cumpra-a-directiva-europea\/#breadcrumb\",\"itemListElement\":[{\"@type\":\"ListItem\",\"position\":1,\"name\":\"Portada\",\"item\":\"https:\/\/agrupacionespsoe.es\/acoruna\/\"},{\"@type\":\"ListItem\",\"position\":2,\"name\":\"O PSdeG recl\u00e1malle \u00e1 Xunta que \u00abescoite aos propietarios e propietarias das Fragas do Eume\u00bb e apoia a s\u00faa campa\u00f1a de recollida de firmas\"}]},{\"@type\":\"WebSite\",\"@id\":\"https:\/\/agrupacionespsoe.es\/acoruna\/#website\",\"url\":\"https:\/\/agrupacionespsoe.es\/acoruna\/\",\"name\":\"Agrupaci\u00f3n Provincial da Coru\u00f1a PSOE\",\"description\":\"Provincial PSdeG-PSOE da Coru\u00f1a\",\"publisher\":{\"@id\":\"https:\/\/agrupacionespsoe.es\/acoruna\/#organization\"},\"potentialAction\":[{\"@type\":\"SearchAction\",\"target\":{\"@type\":\"EntryPoint\",\"urlTemplate\":\"https:\/\/agrupacionespsoe.es\/acoruna\/?s={search_term_string}\"},\"query-input\":{\"@type\":\"PropertyValueSpecification\",\"valueRequired\":true,\"valueName\":\"search_term_string\"}}],\"inLanguage\":\"es\"},{\"@type\":\"Organization\",\"@id\":\"https:\/\/agrupacionespsoe.es\/acoruna\/#organization\",\"name\":\"Agrupaci\u00f3n Provincial da Coru\u00f1a PSOE\",\"url\":\"https:\/\/agrupacionespsoe.es\/acoruna\/\",\"logo\":{\"@type\":\"ImageObject\",\"inLanguage\":\"es\",\"@id\":\"https:\/\/agrupacionespsoe.es\/acoruna\/#\/schema\/logo\/image\/\",\"url\":\"https:\/\/agrupacionespsoe.es\/wp-content\/uploads\/2022\/07\/Logotipo_electoral_del_PSOE.png\",\"contentUrl\":\"https:\/\/agrupacionespsoe.es\/wp-content\/uploads\/2022\/07\/Logotipo_electoral_del_PSOE.png\",\"width\":422,\"height\":422,\"caption\":\"Agrupaci\u00f3n Provincial da Coru\u00f1a PSOE\"},\"image\":{\"@id\":\"https:\/\/agrupacionespsoe.es\/acoruna\/#\/schema\/logo\/image\/\"}},{\"@type\":\"Person\",\"@id\":\"https:\/\/agrupacionespsoe.es\/acoruna\/#\/schema\/person\/dbf2b36187b136d06a53f7937d5d5af9\",\"name\":\"Olympia M\u00e9ndez\",\"image\":{\"@type\":\"ImageObject\",\"inLanguage\":\"es\",\"@id\":\"https:\/\/agrupacionespsoe.es\/acoruna\/#\/schema\/person\/image\/\",\"url\":\"https:\/\/secure.gravatar.com\/avatar\/12db1fb8bfe20deb7a2d4ddc95b9042b?s=96&d=mm&r=g\",\"contentUrl\":\"https:\/\/secure.gravatar.com\/avatar\/12db1fb8bfe20deb7a2d4ddc95b9042b?s=96&d=mm&r=g\",\"caption\":\"Olympia M\u00e9ndez\"},\"url\":\"https:\/\/agrupacionespsoe.es\/acoruna\/author\/acoruna2\/\"}]}<\/script>\n<!-- \/ Yoast SEO plugin. -->","yoast_head_json":{"title":"O PSdeG recl\u00e1malle \u00e1 Xunta que \"escoite aos propietarios e propietarias das Fragas do Eume\" e apoia a s\u00faa campa\u00f1a de recollida de firmas - Agrupaci\u00f3n Provincial da Coru\u00f1a PSOE","description":"Bernardo Fern\u00e1ndez e Aitor Bouza participaron da \u00faltima concentraci\u00f3n deste colectivo en Ferrol e apoiaron a s\u00faa nova campa\u00f1a de recollida de firmas.","robots":{"index":"index","follow":"follow","max-snippet":"max-snippet:-1","max-image-preview":"max-image-preview:large","max-video-preview":"max-video-preview:-1"},"canonical":"https:\/\/agrupacionespsoe.es\/acoruna\/o-psdeg-reclamalle-a-xunta-que-escoite-aos-propietarios-e-propietarias-das-fragas-do-eume-e-que-cumpra-a-directiva-europea\/","og_locale":"es_ES","og_type":"article","og_title":"O PSdeG recl\u00e1malle \u00e1 Xunta que \"escoite aos propietarios e propietarias das Fragas do Eume\" e apoia a s\u00faa campa\u00f1a de recollida de firmas - Agrupaci\u00f3n Provincial da Coru\u00f1a PSOE","og_description":"Bernardo Fern\u00e1ndez e Aitor Bouza participaron da \u00faltima concentraci\u00f3n deste colectivo en Ferrol e apoiaron a s\u00faa nova campa\u00f1a de recollida de firmas.","og_url":"https:\/\/agrupacionespsoe.es\/acoruna\/o-psdeg-reclamalle-a-xunta-que-escoite-aos-propietarios-e-propietarias-das-fragas-do-eume-e-que-cumpra-a-directiva-europea\/","og_site_name":"Agrupaci\u00f3n Provincial da Coru\u00f1a PSOE","article_published_time":"2026-04-23T15:14:27+00:00","article_modified_time":"2026-04-24T14:04:42+00:00","og_image":[{"width":2560,"height":1920,"url":"https:\/\/agrupacionespsoe.es\/acoruna\/wp-content\/uploads\/sites\/198\/2026\/04\/PSOE-FERROL-23-de-abril-scaled.jpeg","type":"image\/jpeg"}],"author":"Olympia M\u00e9ndez","twitter_card":"summary_large_image","twitter_misc":{"Escrito por":"Olympia M\u00e9ndez","Tiempo de lectura":"2 minutos"},"schema":{"@context":"https:\/\/schema.org","@graph":[{"@type":"Article","@id":"https:\/\/agrupacionespsoe.es\/acoruna\/o-psdeg-reclamalle-a-xunta-que-escoite-aos-propietarios-e-propietarias-das-fragas-do-eume-e-que-cumpra-a-directiva-europea\/#article","isPartOf":{"@id":"https:\/\/agrupacionespsoe.es\/acoruna\/o-psdeg-reclamalle-a-xunta-que-escoite-aos-propietarios-e-propietarias-das-fragas-do-eume-e-que-cumpra-a-directiva-europea\/"},"author":{"name":"Olympia M\u00e9ndez","@id":"https:\/\/agrupacionespsoe.es\/acoruna\/#\/schema\/person\/dbf2b36187b136d06a53f7937d5d5af9"},"headline":"O PSdeG recl\u00e1malle \u00e1 Xunta que &#8220;escoite aos propietarios e propietarias das Fragas do Eume&#8221; e apoia a s\u00faa campa\u00f1a de recollida de firmas","datePublished":"2026-04-23T15:14:27+00:00","dateModified":"2026-04-24T14:04:42+00:00","mainEntityOfPage":{"@id":"https:\/\/agrupacionespsoe.es\/acoruna\/o-psdeg-reclamalle-a-xunta-que-escoite-aos-propietarios-e-propietarias-das-fragas-do-eume-e-que-cumpra-a-directiva-europea\/"},"wordCount":377,"commentCount":0,"publisher":{"@id":"https:\/\/agrupacionespsoe.es\/acoruna\/#organization"},"image":{"@id":"https:\/\/agrupacionespsoe.es\/acoruna\/o-psdeg-reclamalle-a-xunta-que-escoite-aos-propietarios-e-propietarias-das-fragas-do-eume-e-que-cumpra-a-directiva-europea\/#primaryimage"},"thumbnailUrl":"https:\/\/agrupacionespsoe.es\/acoruna\/wp-content\/uploads\/sites\/198\/2026\/04\/PSOE-FERROL-23-de-abril-scaled.jpeg","keywords":["Aitor Bouza Manso","Ferrol","Ferrolterra","Fragas do Eume","Iniciativa Lexislativa Popular ILP","Iniciativas","Mari\u00f1as Betanceiras","Parlamento Europeo","PSdeG-PSOE","Xunta de Galicia"],"articleSection":["Ferrolterra","Mari\u00f1as Betanceiras","Medio Ambiente"],"inLanguage":"es","potentialAction":[{"@type":"CommentAction","name":"Comment","target":["https:\/\/agrupacionespsoe.es\/acoruna\/o-psdeg-reclamalle-a-xunta-que-escoite-aos-propietarios-e-propietarias-das-fragas-do-eume-e-que-cumpra-a-directiva-europea\/#respond"]}]},{"@type":"WebPage","@id":"https:\/\/agrupacionespsoe.es\/acoruna\/o-psdeg-reclamalle-a-xunta-que-escoite-aos-propietarios-e-propietarias-das-fragas-do-eume-e-que-cumpra-a-directiva-europea\/","url":"https:\/\/agrupacionespsoe.es\/acoruna\/o-psdeg-reclamalle-a-xunta-que-escoite-aos-propietarios-e-propietarias-das-fragas-do-eume-e-que-cumpra-a-directiva-europea\/","name":"O PSdeG recl\u00e1malle \u00e1 Xunta que \"escoite aos propietarios e propietarias das Fragas do Eume\" e apoia a s\u00faa campa\u00f1a de recollida de firmas - Agrupaci\u00f3n Provincial da Coru\u00f1a PSOE","isPartOf":{"@id":"https:\/\/agrupacionespsoe.es\/acoruna\/#website"},"primaryImageOfPage":{"@id":"https:\/\/agrupacionespsoe.es\/acoruna\/o-psdeg-reclamalle-a-xunta-que-escoite-aos-propietarios-e-propietarias-das-fragas-do-eume-e-que-cumpra-a-directiva-europea\/#primaryimage"},"image":{"@id":"https:\/\/agrupacionespsoe.es\/acoruna\/o-psdeg-reclamalle-a-xunta-que-escoite-aos-propietarios-e-propietarias-das-fragas-do-eume-e-que-cumpra-a-directiva-europea\/#primaryimage"},"thumbnailUrl":"https:\/\/agrupacionespsoe.es\/acoruna\/wp-content\/uploads\/sites\/198\/2026\/04\/PSOE-FERROL-23-de-abril-scaled.jpeg","datePublished":"2026-04-23T15:14:27+00:00","dateModified":"2026-04-24T14:04:42+00:00","description":"Bernardo Fern\u00e1ndez e Aitor Bouza participaron da \u00faltima concentraci\u00f3n deste colectivo en Ferrol e apoiaron a s\u00faa nova campa\u00f1a de recollida de firmas.","breadcrumb":{"@id":"https:\/\/agrupacionespsoe.es\/acoruna\/o-psdeg-reclamalle-a-xunta-que-escoite-aos-propietarios-e-propietarias-das-fragas-do-eume-e-que-cumpra-a-directiva-europea\/#breadcrumb"},"inLanguage":"es","potentialAction":[{"@type":"ReadAction","target":["https:\/\/agrupacionespsoe.es\/acoruna\/o-psdeg-reclamalle-a-xunta-que-escoite-aos-propietarios-e-propietarias-das-fragas-do-eume-e-que-cumpra-a-directiva-europea\/"]}]},{"@type":"ImageObject","inLanguage":"es","@id":"https:\/\/agrupacionespsoe.es\/acoruna\/o-psdeg-reclamalle-a-xunta-que-escoite-aos-propietarios-e-propietarias-das-fragas-do-eume-e-que-cumpra-a-directiva-europea\/#primaryimage","url":"https:\/\/agrupacionespsoe.es\/acoruna\/wp-content\/uploads\/sites\/198\/2026\/04\/PSOE-FERROL-23-de-abril-scaled.jpeg","contentUrl":"https:\/\/agrupacionespsoe.es\/acoruna\/wp-content\/uploads\/sites\/198\/2026\/04\/PSOE-FERROL-23-de-abril-scaled.jpeg","width":2560,"height":1920},{"@type":"BreadcrumbList","@id":"https:\/\/agrupacionespsoe.es\/acoruna\/o-psdeg-reclamalle-a-xunta-que-escoite-aos-propietarios-e-propietarias-das-fragas-do-eume-e-que-cumpra-a-directiva-europea\/#breadcrumb","itemListElement":[{"@type":"ListItem","position":1,"name":"Portada","item":"https:\/\/agrupacionespsoe.es\/acoruna\/"},{"@type":"ListItem","position":2,"name":"O PSdeG recl\u00e1malle \u00e1 Xunta que \u00abescoite aos propietarios e propietarias das Fragas do Eume\u00bb e apoia a s\u00faa campa\u00f1a de recollida de firmas"}]},{"@type":"WebSite","@id":"https:\/\/agrupacionespsoe.es\/acoruna\/#website","url":"https:\/\/agrupacionespsoe.es\/acoruna\/","name":"Agrupaci\u00f3n Provincial da Coru\u00f1a PSOE","description":"Provincial PSdeG-PSOE da Coru\u00f1a","publisher":{"@id":"https:\/\/agrupacionespsoe.es\/acoruna\/#organization"},"potentialAction":[{"@type":"SearchAction","target":{"@type":"EntryPoint","urlTemplate":"https:\/\/agrupacionespsoe.es\/acoruna\/?s={search_term_string}"},"query-input":{"@type":"PropertyValueSpecification","valueRequired":true,"valueName":"search_term_string"}}],"inLanguage":"es"},{"@type":"Organization","@id":"https:\/\/agrupacionespsoe.es\/acoruna\/#organization","name":"Agrupaci\u00f3n Provincial da Coru\u00f1a PSOE","url":"https:\/\/agrupacionespsoe.es\/acoruna\/","logo":{"@type":"ImageObject","inLanguage":"es","@id":"https:\/\/agrupacionespsoe.es\/acoruna\/#\/schema\/logo\/image\/","url":"https:\/\/agrupacionespsoe.es\/wp-content\/uploads\/2022\/07\/Logotipo_electoral_del_PSOE.png","contentUrl":"https:\/\/agrupacionespsoe.es\/wp-content\/uploads\/2022\/07\/Logotipo_electoral_del_PSOE.png","width":422,"height":422,"caption":"Agrupaci\u00f3n Provincial da Coru\u00f1a PSOE"},"image":{"@id":"https:\/\/agrupacionespsoe.es\/acoruna\/#\/schema\/logo\/image\/"}},{"@type":"Person","@id":"https:\/\/agrupacionespsoe.es\/acoruna\/#\/schema\/person\/dbf2b36187b136d06a53f7937d5d5af9","name":"Olympia M\u00e9ndez","image":{"@type":"ImageObject","inLanguage":"es","@id":"https:\/\/agrupacionespsoe.es\/acoruna\/#\/schema\/person\/image\/","url":"https:\/\/secure.gravatar.com\/avatar\/12db1fb8bfe20deb7a2d4ddc95b9042b?s=96&d=mm&r=g","contentUrl":"https:\/\/secure.gravatar.com\/avatar\/12db1fb8bfe20deb7a2d4ddc95b9042b?s=96&d=mm&r=g","caption":"Olympia M\u00e9ndez"},"url":"https:\/\/agrupacionespsoe.es\/acoruna\/author\/acoruna2\/"}]}},"jetpack_featured_media_url":"https:\/\/agrupacionespsoe.es\/acoruna\/wp-content\/uploads\/sites\/198\/2026\/04\/PSOE-FERROL-23-de-abril-scaled.jpeg","jetpack_sharing_enabled":true,"jetpack_likes_enabled":true,"_links":{"self":[{"href":"https:\/\/agrupacionespsoe.es\/acoruna\/wp-json\/wp\/v2\/posts\/3144","targetHints":{"allow":["GET"]}}],"collection":[{"href":"https:\/\/agrupacionespsoe.es\/acoruna\/wp-json\/wp\/v2\/posts"}],"about":[{"href":"https:\/\/agrupacionespsoe.es\/acoruna\/wp-json\/wp\/v2\/types\/post"}],"author":[{"embeddable":true,"href":"https:\/\/agrupacionespsoe.es\/acoruna\/wp-json\/wp\/v2\/users\/282"}],"replies":[{"embeddable":true,"href":"https:\/\/agrupacionespsoe.es\/acoruna\/wp-json\/wp\/v2\/comments?post=3144"}],"version-history":[{"count":3,"href":"https:\/\/agrupacionespsoe.es\/acoruna\/wp-json\/wp\/v2\/posts\/3144\/revisions"}],"predecessor-version":[{"id":3151,"href":"https:\/\/agrupacionespsoe.es\/acoruna\/wp-json\/wp\/v2\/posts\/3144\/revisions\/3151"}],"wp:featuredmedia":[{"embeddable":true,"href":"https:\/\/agrupacionespsoe.es\/acoruna\/wp-json\/wp\/v2\/media\/3146"}],"wp:attachment":[{"href":"https:\/\/agrupacionespsoe.es\/acoruna\/wp-json\/wp\/v2\/media?parent=3144"}],"wp:term":[{"taxonomy":"category","embeddable":true,"href":"https:\/\/agrupacionespsoe.es\/acoruna\/wp-json\/wp\/v2\/categories?post=3144"},{"taxonomy":"post_tag","embeddable":true,"href":"https:\/\/agrupacionespsoe.es\/acoruna\/wp-json\/wp\/v2\/tags?post=3144"}],"curies":[{"name":"wp","href":"https:\/\/api.w.org\/{rel}","templated":true}]}}