{"id":3132,"date":"2026-04-22T14:09:33","date_gmt":"2026-04-22T12:09:33","guid":{"rendered":"https:\/\/agrupacionespsoe.es\/acoruna\/?p=3132"},"modified":"2026-04-22T14:09:34","modified_gmt":"2026-04-22T12:09:34","slug":"o-psdeg-reclama-a-xunta-a-contrucion-dun-comedor-escolar-no-ceip-campomaior-ordes","status":"publish","type":"post","link":"https:\/\/agrupacionespsoe.es\/acoruna\/o-psdeg-reclama-a-xunta-a-contrucion-dun-comedor-escolar-no-ceip-campomaior-ordes\/","title":{"rendered":"O PSdeG reclama \u00e1 Xunta a contruci\u00f3n dun comedor escolar no CEIP Campomaior (Ordes)"},"content":{"rendered":"\n<ul class=\"wp-block-list\">\n<li><strong>Os socialistas levan ao Parlamento a construci\u00f3n dun comedor no CEIP Campomaior tras reunirse coas ANPAs e presentan unha moci\u00f3n para reforzar o persoal no CEIP do Mes\u00f3n do Vento<\/strong><\/li>\n<\/ul>\n\n\n\n<section class=\"wp-block-psoe-separador bg-primary px-2\"><hr class=\"color-white bg-white opacity-1 h-[1px] w-full\" \/><\/section>\n\n\n\n<p class=\"has-medium-font-size\">O PSdeG v\u00e9n de rexistrar unha iniciativa no Parlamento de Galicia e de presentar unha moci\u00f3n no Concello de Ordes para reclamar melloras nos comedores escolares do municipio.<\/p>\n\n\n\n<p class=\"has-medium-font-size\">Segundo explicou o deputado socialista Aitor Bouza, esta mesma semana mantiveron unha xuntanza coas ANPA de Ordes, na que lles trasladaron as principais deficiencias detectadas nos centros educativos. A ra\u00edz destas reuni\u00f3ns, o Grupo Parlamentario Socialista rexistrou unha iniciativa no parlamento para reclamar \u00e1 Xunta a construci\u00f3n dun comedor escolar no CEIP Campomaior, un centro que carece deste servizo.<\/p>\n\n\n\n<p class=\"has-medium-font-size\">Bouza indicou que esta demanda se leva ao Parlamento \u201cconxuntamente cunha reivindicaci\u00f3n que est\u00e1 facendo o Grupo Municipal Socialista de Ordes\u201d, e subli\u00f1ou que se trata dunha necesidade \u201cimportante e urxente\u201d para o centro.<\/p>\n\n\n\n<p class=\"has-medium-font-size\">Segundo recolle a iniciativa, a ausencia de comedor escolar no CEIP Campomaior sup\u00f3n unha limitaci\u00f3n para o alumnado e as s\u00faas familias, ao dificultar a conciliaci\u00f3n da vida laboral e familiar e impedir o acceso a un servizo complementario b\u00e1sico. Ademais, o PSdeG advirte de que esta situaci\u00f3n xera unha desigualdade respecto doutros centros que si dispo\u00f1en deste recurso.<\/p>\n\n\n\n<p class=\"has-medium-font-size\">O deputado socialista avanzou que os socialistas esixir\u00e1n \u00e1 Xunta que incl\u00faa unha partida espec\u00edfica nos orzamentos deste ano para facer realidade esta infraestrutura. \u201cQueremos esixirlle \u00e1 Xunta de Galicia e ao se\u00f1or Rueda que incorpore ao orzamento deste presente ano, do ano 2026, unha partida para desenvolver e executar este comedor tan necesario para as familias e para toda a comunidade educativa no CEIP Campomaior\u201d, afirmou.<\/p>\n\n\n\n<p class=\"has-medium-font-size\">Do mesmo xeito, a iniciativa tam\u00e9n reclama a posta en marcha de soluci\u00f3ns provisionais mentres non se executa a infraestrutura definitiva. Neste sentido, Bouza sinalou a necesidade de garantir o servizo no curto prazo: \u201cque se estableza unha soluci\u00f3n provisional mentres non se executa esta infraestrutura definitiva e que permita ofrecer un servizo de calidade ao alumnado que precise tam\u00e9n este sistema de comedor para garantir unha conciliaci\u00f3n real e efectiva \u00e1s familias de Ordes\u201d.<\/p>\n\n\n\n<p class=\"has-medium-font-size\">O parlamentario socialista destacou que esta iniciativa responde \u00e1s demandas da propia comunidade educativa e enmarcou o traballo do PSdeG neste \u00e1mbito, afirmando que \u201c\u00e9 a voz da propia comunidade educativa e para iso estamos os socialistas, para traballar a prol e ao car\u00f3n de toda a comunidade educativa para trasladar as s\u00faas inquedanzas e as s\u00faas preocupaci\u00f3ns\u201d.<\/p>\n\n\n\n<p class=\"has-medium-font-size\">No \u00e1mbito municipal, o Grupo Municipal Socialista de Ordes presentou unha moci\u00f3n para abordar a situaci\u00f3n dos comedores escolares no conxunto do concello. A iniciativa incide en que este servizo \u00e9 un elemento esencial da oferta educativa complementaria e un recurso clave para facilitar a conciliaci\u00f3n das familias e garantir a igualdade de oportunidades, especialmente no rural.<\/p>\n\n\n\n<p class=\"has-medium-font-size\">A voceira socialista, Noelia Rivadas, explicou que \u201cpresentamos unha moci\u00f3n para mellorar os comedores escolares no noso concello, tanto ampliando a s\u00faa presenza como reforzando a calidade do servizo\u201d. Segundo indicou, \u201co comedor escolar \u00e9 unha ferramenta clave, non s\u00f3 a nivel educativo, sen\u00f3n tam\u00e9n social, xa que facilita a conciliaci\u00f3n das familias, garante unha alimentaci\u00f3n equilibrada e contrib\u00fae \u00e1 igualdade de oportunidades, especialmente no rural\u201d.<\/p>\n\n\n\n<p class=\"has-medium-font-size\">A moci\u00f3n non s\u00f3 aborada a falta de comedor no CEIP Campomaior, sen\u00f3n que tam\u00e9n recolle a situaci\u00f3n do CEIP do Mes\u00f3n do Vento, que conta con comedor escolar pero presenta, segundo o grupo socialista, unha dotaci\u00f3n insuficiente de persoal de coci\u00f1a en relaci\u00f3n co n\u00famero de usuarios do servizo e coa normativa vixente. Esta situaci\u00f3n, segundo se indica, est\u00e1 a provocar dificultades no funcionamento diario e unha sobrecarga de traballo.<\/p>\n\n\n\n<p class=\"has-medium-font-size\">As\u00ed, Rivadas sinalou que \u201ca falta de persoal de coci\u00f1a est\u00e1 a xerar unha sobrecarga de traballo e ameaza o bo funcionamento do servizo\u201d.<\/p>\n\n\n\n<p class=\"has-medium-font-size\">A trav\u00e9s destas iniciativas, o PSdeG insta \u00e1 Xunta de Galicia a constru\u00edr un comedor no CEIP Campomaior e a dotar ao CEIP do Mes\u00f3n do Vento do persoal necesario para garantir un servizo \u201cdigno e axeitado \u00e1s necesidades reais\u201d das familias e do alumnado de Ordes.<\/p>\n\n\n\n<section class=\"wp-block-psoe-separador bg-primary px-2\"><hr class=\"color-white bg-white opacity-1 h-[1px] w-full\" \/><\/section>\n\n\n\n<figure class=\"wp-block-video\"><video controls src=\"https:\/\/agrupacionespsoe.es\/acoruna\/wp-content\/uploads\/sites\/198\/2026\/04\/AUDIO-NOELIA-RIVADAS.mp4\"><\/video><figcaption class=\"wp-element-caption\">Noelia Rivadas &#8211; CEIP Campomaior &#8211; abr26<\/figcaption><\/figure>\n\n\n\n<figure class=\"wp-block-video\"><video controls src=\"https:\/\/agrupacionespsoe.es\/acoruna\/wp-content\/uploads\/sites\/198\/2026\/04\/AUDIO-AITOR-BOUZA_CEIP.mp4\"><\/video><figcaption class=\"wp-element-caption\">Aitor Bouza &#8211; CEIP Campomaior &#8211; abr26<\/figcaption><\/figure>\n","protected":false},"excerpt":{"rendered":"<p>O PSdeG v\u00e9n de rexistrar unha iniciativa no Parlamento de Galicia e de presentar unha moci\u00f3n no Concello de Ordes para reclamar melloras nos comedores escolares do municipio. Segundo explicou o deputado socialista Aitor Bouza, esta mesma semana mantiveron unha xuntanza coas ANPA de Ordes, na que lles trasladaron as principais deficiencias detectadas nos centros &#8230;<\/p>\n","protected":false},"author":282,"featured_media":2579,"comment_status":"open","ping_status":"open","sticky":false,"template":"","format":"standard","meta":{"_jetpack_memberships_contains_paid_content":false,"footnotes":""},"categories":[84,349],"tags":[587,573,661,459,80,821,58,543,695,353,287,50,22,159],"class_list":["post-3132","post","type-post","status-publish","format-standard","has-post-thumbnail","hentry","category-educacion","category-ordes","tag-aitor-bouza-manso","tag-anpa","tag-ceip","tag-conciliacion","tag-educacion","tag-grupo-municipal-socialista","tag-infraestruturas","tag-iniciativas","tag-noelia-rivadas","tag-ordes","tag-orzamentos","tag-parlamento-de-galicia","tag-psdeg-psoe","tag-xunta-de-galicia"],"yoast_head":"<!-- This site is optimized with the Yoast SEO plugin v24.0 - https:\/\/yoast.com\/wordpress\/plugins\/seo\/ -->\n<title>O PSdeG reclama \u00e1 Xunta a contruci\u00f3n dun comedor escolar no CEIP Campomaior (Ordes) - Agrupaci\u00f3n Provincial da Coru\u00f1a PSOE<\/title>\n<meta name=\"description\" content=\"Os socialistas levan ao Parlamento a construci\u00f3n dun comedor no CEIP Campomaior tras reunirse coas ANPAs e presentan unha moci\u00f3n para reforzar o persoal no CEIP do Mes\u00f3n do Vento.\" \/>\n<meta name=\"robots\" content=\"index, follow, max-snippet:-1, max-image-preview:large, max-video-preview:-1\" \/>\n<link rel=\"canonical\" href=\"https:\/\/agrupacionespsoe.es\/acoruna\/o-psdeg-reclama-a-xunta-a-contrucion-dun-comedor-escolar-no-ceip-campomaior-ordes\/\" \/>\n<meta property=\"og:locale\" content=\"es_ES\" \/>\n<meta property=\"og:type\" content=\"article\" \/>\n<meta property=\"og:title\" content=\"O PSdeG reclama \u00e1 Xunta a contruci\u00f3n dun comedor escolar no CEIP Campomaior (Ordes) - Agrupaci\u00f3n Provincial da Coru\u00f1a PSOE\" \/>\n<meta property=\"og:description\" content=\"Os socialistas levan ao Parlamento a construci\u00f3n dun comedor no CEIP Campomaior tras reunirse coas ANPAs e presentan unha moci\u00f3n para reforzar o persoal no CEIP do Mes\u00f3n do Vento.\" \/>\n<meta property=\"og:url\" content=\"https:\/\/agrupacionespsoe.es\/acoruna\/o-psdeg-reclama-a-xunta-a-contrucion-dun-comedor-escolar-no-ceip-campomaior-ordes\/\" \/>\n<meta property=\"og:site_name\" content=\"Agrupaci\u00f3n Provincial da Coru\u00f1a PSOE\" \/>\n<meta property=\"article:published_time\" content=\"2026-04-22T12:09:33+00:00\" \/>\n<meta property=\"article:modified_time\" content=\"2026-04-22T12:09:34+00:00\" \/>\n<meta property=\"og:image\" content=\"https:\/\/agrupacionespsoe.es\/acoruna\/wp-content\/uploads\/sites\/198\/2026\/01\/PSOE-FERROL-13-de-xaneiro.jpg\" \/>\n\t<meta property=\"og:image:width\" content=\"1024\" \/>\n\t<meta property=\"og:image:height\" content=\"822\" \/>\n\t<meta property=\"og:image:type\" content=\"image\/jpeg\" \/>\n<meta name=\"author\" content=\"Olympia M\u00e9ndez\" \/>\n<meta name=\"twitter:card\" content=\"summary_large_image\" \/>\n<meta name=\"twitter:label1\" content=\"Escrito por\" \/>\n\t<meta name=\"twitter:data1\" content=\"Olympia M\u00e9ndez\" \/>\n\t<meta name=\"twitter:label2\" content=\"Tiempo de lectura\" \/>\n\t<meta name=\"twitter:data2\" content=\"4 minutos\" \/>\n<script type=\"application\/ld+json\" class=\"yoast-schema-graph\">{\"@context\":\"https:\/\/schema.org\",\"@graph\":[{\"@type\":\"Article\",\"@id\":\"https:\/\/agrupacionespsoe.es\/acoruna\/o-psdeg-reclama-a-xunta-a-contrucion-dun-comedor-escolar-no-ceip-campomaior-ordes\/#article\",\"isPartOf\":{\"@id\":\"https:\/\/agrupacionespsoe.es\/acoruna\/o-psdeg-reclama-a-xunta-a-contrucion-dun-comedor-escolar-no-ceip-campomaior-ordes\/\"},\"author\":{\"name\":\"Olympia M\u00e9ndez\",\"@id\":\"https:\/\/agrupacionespsoe.es\/acoruna\/#\/schema\/person\/dbf2b36187b136d06a53f7937d5d5af9\"},\"headline\":\"O PSdeG reclama \u00e1 Xunta a contruci\u00f3n dun comedor escolar no CEIP Campomaior (Ordes)\",\"datePublished\":\"2026-04-22T12:09:33+00:00\",\"dateModified\":\"2026-04-22T12:09:34+00:00\",\"mainEntityOfPage\":{\"@id\":\"https:\/\/agrupacionespsoe.es\/acoruna\/o-psdeg-reclama-a-xunta-a-contrucion-dun-comedor-escolar-no-ceip-campomaior-ordes\/\"},\"wordCount\":748,\"commentCount\":0,\"publisher\":{\"@id\":\"https:\/\/agrupacionespsoe.es\/acoruna\/#organization\"},\"image\":{\"@id\":\"https:\/\/agrupacionespsoe.es\/acoruna\/o-psdeg-reclama-a-xunta-a-contrucion-dun-comedor-escolar-no-ceip-campomaior-ordes\/#primaryimage\"},\"thumbnailUrl\":\"https:\/\/agrupacionespsoe.es\/acoruna\/wp-content\/uploads\/sites\/198\/2026\/01\/PSOE-FERROL-13-de-xaneiro.jpg\",\"keywords\":[\"Aitor Bouza Manso\",\"ANPA\",\"CEIP\",\"Conciliaci\u00f3n\",\"Educaci\u00f3n\",\"Grupo Municipal Socialista\",\"Infraestruturas\",\"Iniciativas\",\"Noelia Rivadas\",\"Ordes\",\"Orzamentos\",\"Parlamento de Galicia\",\"PSdeG-PSOE\",\"Xunta de Galicia\"],\"articleSection\":[\"Educaci\u00f3n\",\"Ordes\"],\"inLanguage\":\"es\",\"potentialAction\":[{\"@type\":\"CommentAction\",\"name\":\"Comment\",\"target\":[\"https:\/\/agrupacionespsoe.es\/acoruna\/o-psdeg-reclama-a-xunta-a-contrucion-dun-comedor-escolar-no-ceip-campomaior-ordes\/#respond\"]}]},{\"@type\":\"WebPage\",\"@id\":\"https:\/\/agrupacionespsoe.es\/acoruna\/o-psdeg-reclama-a-xunta-a-contrucion-dun-comedor-escolar-no-ceip-campomaior-ordes\/\",\"url\":\"https:\/\/agrupacionespsoe.es\/acoruna\/o-psdeg-reclama-a-xunta-a-contrucion-dun-comedor-escolar-no-ceip-campomaior-ordes\/\",\"name\":\"O PSdeG reclama \u00e1 Xunta a contruci\u00f3n dun comedor escolar no CEIP Campomaior (Ordes) - Agrupaci\u00f3n Provincial da Coru\u00f1a PSOE\",\"isPartOf\":{\"@id\":\"https:\/\/agrupacionespsoe.es\/acoruna\/#website\"},\"primaryImageOfPage\":{\"@id\":\"https:\/\/agrupacionespsoe.es\/acoruna\/o-psdeg-reclama-a-xunta-a-contrucion-dun-comedor-escolar-no-ceip-campomaior-ordes\/#primaryimage\"},\"image\":{\"@id\":\"https:\/\/agrupacionespsoe.es\/acoruna\/o-psdeg-reclama-a-xunta-a-contrucion-dun-comedor-escolar-no-ceip-campomaior-ordes\/#primaryimage\"},\"thumbnailUrl\":\"https:\/\/agrupacionespsoe.es\/acoruna\/wp-content\/uploads\/sites\/198\/2026\/01\/PSOE-FERROL-13-de-xaneiro.jpg\",\"datePublished\":\"2026-04-22T12:09:33+00:00\",\"dateModified\":\"2026-04-22T12:09:34+00:00\",\"description\":\"Os socialistas levan ao Parlamento a construci\u00f3n dun comedor no CEIP Campomaior tras reunirse coas ANPAs e presentan unha moci\u00f3n para reforzar o persoal no CEIP do Mes\u00f3n do Vento.\",\"breadcrumb\":{\"@id\":\"https:\/\/agrupacionespsoe.es\/acoruna\/o-psdeg-reclama-a-xunta-a-contrucion-dun-comedor-escolar-no-ceip-campomaior-ordes\/#breadcrumb\"},\"inLanguage\":\"es\",\"potentialAction\":[{\"@type\":\"ReadAction\",\"target\":[\"https:\/\/agrupacionespsoe.es\/acoruna\/o-psdeg-reclama-a-xunta-a-contrucion-dun-comedor-escolar-no-ceip-campomaior-ordes\/\"]}]},{\"@type\":\"ImageObject\",\"inLanguage\":\"es\",\"@id\":\"https:\/\/agrupacionespsoe.es\/acoruna\/o-psdeg-reclama-a-xunta-a-contrucion-dun-comedor-escolar-no-ceip-campomaior-ordes\/#primaryimage\",\"url\":\"https:\/\/agrupacionespsoe.es\/acoruna\/wp-content\/uploads\/sites\/198\/2026\/01\/PSOE-FERROL-13-de-xaneiro.jpg\",\"contentUrl\":\"https:\/\/agrupacionespsoe.es\/acoruna\/wp-content\/uploads\/sites\/198\/2026\/01\/PSOE-FERROL-13-de-xaneiro.jpg\",\"width\":1024,\"height\":822},{\"@type\":\"BreadcrumbList\",\"@id\":\"https:\/\/agrupacionespsoe.es\/acoruna\/o-psdeg-reclama-a-xunta-a-contrucion-dun-comedor-escolar-no-ceip-campomaior-ordes\/#breadcrumb\",\"itemListElement\":[{\"@type\":\"ListItem\",\"position\":1,\"name\":\"Portada\",\"item\":\"https:\/\/agrupacionespsoe.es\/acoruna\/\"},{\"@type\":\"ListItem\",\"position\":2,\"name\":\"O PSdeG reclama \u00e1 Xunta a contruci\u00f3n dun comedor escolar no CEIP Campomaior (Ordes)\"}]},{\"@type\":\"WebSite\",\"@id\":\"https:\/\/agrupacionespsoe.es\/acoruna\/#website\",\"url\":\"https:\/\/agrupacionespsoe.es\/acoruna\/\",\"name\":\"Agrupaci\u00f3n Provincial da Coru\u00f1a PSOE\",\"description\":\"Provincial PSdeG-PSOE da Coru\u00f1a\",\"publisher\":{\"@id\":\"https:\/\/agrupacionespsoe.es\/acoruna\/#organization\"},\"potentialAction\":[{\"@type\":\"SearchAction\",\"target\":{\"@type\":\"EntryPoint\",\"urlTemplate\":\"https:\/\/agrupacionespsoe.es\/acoruna\/?s={search_term_string}\"},\"query-input\":{\"@type\":\"PropertyValueSpecification\",\"valueRequired\":true,\"valueName\":\"search_term_string\"}}],\"inLanguage\":\"es\"},{\"@type\":\"Organization\",\"@id\":\"https:\/\/agrupacionespsoe.es\/acoruna\/#organization\",\"name\":\"Agrupaci\u00f3n Provincial da Coru\u00f1a PSOE\",\"url\":\"https:\/\/agrupacionespsoe.es\/acoruna\/\",\"logo\":{\"@type\":\"ImageObject\",\"inLanguage\":\"es\",\"@id\":\"https:\/\/agrupacionespsoe.es\/acoruna\/#\/schema\/logo\/image\/\",\"url\":\"https:\/\/agrupacionespsoe.es\/wp-content\/uploads\/2022\/07\/Logotipo_electoral_del_PSOE.png\",\"contentUrl\":\"https:\/\/agrupacionespsoe.es\/wp-content\/uploads\/2022\/07\/Logotipo_electoral_del_PSOE.png\",\"width\":422,\"height\":422,\"caption\":\"Agrupaci\u00f3n Provincial da Coru\u00f1a PSOE\"},\"image\":{\"@id\":\"https:\/\/agrupacionespsoe.es\/acoruna\/#\/schema\/logo\/image\/\"}},{\"@type\":\"Person\",\"@id\":\"https:\/\/agrupacionespsoe.es\/acoruna\/#\/schema\/person\/dbf2b36187b136d06a53f7937d5d5af9\",\"name\":\"Olympia M\u00e9ndez\",\"image\":{\"@type\":\"ImageObject\",\"inLanguage\":\"es\",\"@id\":\"https:\/\/agrupacionespsoe.es\/acoruna\/#\/schema\/person\/image\/\",\"url\":\"https:\/\/secure.gravatar.com\/avatar\/12db1fb8bfe20deb7a2d4ddc95b9042b?s=96&d=mm&r=g\",\"contentUrl\":\"https:\/\/secure.gravatar.com\/avatar\/12db1fb8bfe20deb7a2d4ddc95b9042b?s=96&d=mm&r=g\",\"caption\":\"Olympia M\u00e9ndez\"},\"url\":\"https:\/\/agrupacionespsoe.es\/acoruna\/author\/acoruna2\/\"}]}<\/script>\n<!-- \/ Yoast SEO plugin. -->","yoast_head_json":{"title":"O PSdeG reclama \u00e1 Xunta a contruci\u00f3n dun comedor escolar no CEIP Campomaior (Ordes) - Agrupaci\u00f3n Provincial da Coru\u00f1a PSOE","description":"Os socialistas levan ao Parlamento a construci\u00f3n dun comedor no CEIP Campomaior tras reunirse coas ANPAs e presentan unha moci\u00f3n para reforzar o persoal no CEIP do Mes\u00f3n do Vento.","robots":{"index":"index","follow":"follow","max-snippet":"max-snippet:-1","max-image-preview":"max-image-preview:large","max-video-preview":"max-video-preview:-1"},"canonical":"https:\/\/agrupacionespsoe.es\/acoruna\/o-psdeg-reclama-a-xunta-a-contrucion-dun-comedor-escolar-no-ceip-campomaior-ordes\/","og_locale":"es_ES","og_type":"article","og_title":"O PSdeG reclama \u00e1 Xunta a contruci\u00f3n dun comedor escolar no CEIP Campomaior (Ordes) - Agrupaci\u00f3n Provincial da Coru\u00f1a PSOE","og_description":"Os socialistas levan ao Parlamento a construci\u00f3n dun comedor no CEIP Campomaior tras reunirse coas ANPAs e presentan unha moci\u00f3n para reforzar o persoal no CEIP do Mes\u00f3n do Vento.","og_url":"https:\/\/agrupacionespsoe.es\/acoruna\/o-psdeg-reclama-a-xunta-a-contrucion-dun-comedor-escolar-no-ceip-campomaior-ordes\/","og_site_name":"Agrupaci\u00f3n Provincial da Coru\u00f1a PSOE","article_published_time":"2026-04-22T12:09:33+00:00","article_modified_time":"2026-04-22T12:09:34+00:00","og_image":[{"width":1024,"height":822,"url":"https:\/\/agrupacionespsoe.es\/acoruna\/wp-content\/uploads\/sites\/198\/2026\/01\/PSOE-FERROL-13-de-xaneiro.jpg","type":"image\/jpeg"}],"author":"Olympia M\u00e9ndez","twitter_card":"summary_large_image","twitter_misc":{"Escrito por":"Olympia M\u00e9ndez","Tiempo de lectura":"4 minutos"},"schema":{"@context":"https:\/\/schema.org","@graph":[{"@type":"Article","@id":"https:\/\/agrupacionespsoe.es\/acoruna\/o-psdeg-reclama-a-xunta-a-contrucion-dun-comedor-escolar-no-ceip-campomaior-ordes\/#article","isPartOf":{"@id":"https:\/\/agrupacionespsoe.es\/acoruna\/o-psdeg-reclama-a-xunta-a-contrucion-dun-comedor-escolar-no-ceip-campomaior-ordes\/"},"author":{"name":"Olympia M\u00e9ndez","@id":"https:\/\/agrupacionespsoe.es\/acoruna\/#\/schema\/person\/dbf2b36187b136d06a53f7937d5d5af9"},"headline":"O PSdeG reclama \u00e1 Xunta a contruci\u00f3n dun comedor escolar no CEIP Campomaior (Ordes)","datePublished":"2026-04-22T12:09:33+00:00","dateModified":"2026-04-22T12:09:34+00:00","mainEntityOfPage":{"@id":"https:\/\/agrupacionespsoe.es\/acoruna\/o-psdeg-reclama-a-xunta-a-contrucion-dun-comedor-escolar-no-ceip-campomaior-ordes\/"},"wordCount":748,"commentCount":0,"publisher":{"@id":"https:\/\/agrupacionespsoe.es\/acoruna\/#organization"},"image":{"@id":"https:\/\/agrupacionespsoe.es\/acoruna\/o-psdeg-reclama-a-xunta-a-contrucion-dun-comedor-escolar-no-ceip-campomaior-ordes\/#primaryimage"},"thumbnailUrl":"https:\/\/agrupacionespsoe.es\/acoruna\/wp-content\/uploads\/sites\/198\/2026\/01\/PSOE-FERROL-13-de-xaneiro.jpg","keywords":["Aitor Bouza Manso","ANPA","CEIP","Conciliaci\u00f3n","Educaci\u00f3n","Grupo Municipal Socialista","Infraestruturas","Iniciativas","Noelia Rivadas","Ordes","Orzamentos","Parlamento de Galicia","PSdeG-PSOE","Xunta de Galicia"],"articleSection":["Educaci\u00f3n","Ordes"],"inLanguage":"es","potentialAction":[{"@type":"CommentAction","name":"Comment","target":["https:\/\/agrupacionespsoe.es\/acoruna\/o-psdeg-reclama-a-xunta-a-contrucion-dun-comedor-escolar-no-ceip-campomaior-ordes\/#respond"]}]},{"@type":"WebPage","@id":"https:\/\/agrupacionespsoe.es\/acoruna\/o-psdeg-reclama-a-xunta-a-contrucion-dun-comedor-escolar-no-ceip-campomaior-ordes\/","url":"https:\/\/agrupacionespsoe.es\/acoruna\/o-psdeg-reclama-a-xunta-a-contrucion-dun-comedor-escolar-no-ceip-campomaior-ordes\/","name":"O PSdeG reclama \u00e1 Xunta a contruci\u00f3n dun comedor escolar no CEIP Campomaior (Ordes) - Agrupaci\u00f3n Provincial da Coru\u00f1a PSOE","isPartOf":{"@id":"https:\/\/agrupacionespsoe.es\/acoruna\/#website"},"primaryImageOfPage":{"@id":"https:\/\/agrupacionespsoe.es\/acoruna\/o-psdeg-reclama-a-xunta-a-contrucion-dun-comedor-escolar-no-ceip-campomaior-ordes\/#primaryimage"},"image":{"@id":"https:\/\/agrupacionespsoe.es\/acoruna\/o-psdeg-reclama-a-xunta-a-contrucion-dun-comedor-escolar-no-ceip-campomaior-ordes\/#primaryimage"},"thumbnailUrl":"https:\/\/agrupacionespsoe.es\/acoruna\/wp-content\/uploads\/sites\/198\/2026\/01\/PSOE-FERROL-13-de-xaneiro.jpg","datePublished":"2026-04-22T12:09:33+00:00","dateModified":"2026-04-22T12:09:34+00:00","description":"Os socialistas levan ao Parlamento a construci\u00f3n dun comedor no CEIP Campomaior tras reunirse coas ANPAs e presentan unha moci\u00f3n para reforzar o persoal no CEIP do Mes\u00f3n do Vento.","breadcrumb":{"@id":"https:\/\/agrupacionespsoe.es\/acoruna\/o-psdeg-reclama-a-xunta-a-contrucion-dun-comedor-escolar-no-ceip-campomaior-ordes\/#breadcrumb"},"inLanguage":"es","potentialAction":[{"@type":"ReadAction","target":["https:\/\/agrupacionespsoe.es\/acoruna\/o-psdeg-reclama-a-xunta-a-contrucion-dun-comedor-escolar-no-ceip-campomaior-ordes\/"]}]},{"@type":"ImageObject","inLanguage":"es","@id":"https:\/\/agrupacionespsoe.es\/acoruna\/o-psdeg-reclama-a-xunta-a-contrucion-dun-comedor-escolar-no-ceip-campomaior-ordes\/#primaryimage","url":"https:\/\/agrupacionespsoe.es\/acoruna\/wp-content\/uploads\/sites\/198\/2026\/01\/PSOE-FERROL-13-de-xaneiro.jpg","contentUrl":"https:\/\/agrupacionespsoe.es\/acoruna\/wp-content\/uploads\/sites\/198\/2026\/01\/PSOE-FERROL-13-de-xaneiro.jpg","width":1024,"height":822},{"@type":"BreadcrumbList","@id":"https:\/\/agrupacionespsoe.es\/acoruna\/o-psdeg-reclama-a-xunta-a-contrucion-dun-comedor-escolar-no-ceip-campomaior-ordes\/#breadcrumb","itemListElement":[{"@type":"ListItem","position":1,"name":"Portada","item":"https:\/\/agrupacionespsoe.es\/acoruna\/"},{"@type":"ListItem","position":2,"name":"O PSdeG reclama \u00e1 Xunta a contruci\u00f3n dun comedor escolar no CEIP Campomaior (Ordes)"}]},{"@type":"WebSite","@id":"https:\/\/agrupacionespsoe.es\/acoruna\/#website","url":"https:\/\/agrupacionespsoe.es\/acoruna\/","name":"Agrupaci\u00f3n Provincial da Coru\u00f1a PSOE","description":"Provincial PSdeG-PSOE da Coru\u00f1a","publisher":{"@id":"https:\/\/agrupacionespsoe.es\/acoruna\/#organization"},"potentialAction":[{"@type":"SearchAction","target":{"@type":"EntryPoint","urlTemplate":"https:\/\/agrupacionespsoe.es\/acoruna\/?s={search_term_string}"},"query-input":{"@type":"PropertyValueSpecification","valueRequired":true,"valueName":"search_term_string"}}],"inLanguage":"es"},{"@type":"Organization","@id":"https:\/\/agrupacionespsoe.es\/acoruna\/#organization","name":"Agrupaci\u00f3n Provincial da Coru\u00f1a PSOE","url":"https:\/\/agrupacionespsoe.es\/acoruna\/","logo":{"@type":"ImageObject","inLanguage":"es","@id":"https:\/\/agrupacionespsoe.es\/acoruna\/#\/schema\/logo\/image\/","url":"https:\/\/agrupacionespsoe.es\/wp-content\/uploads\/2022\/07\/Logotipo_electoral_del_PSOE.png","contentUrl":"https:\/\/agrupacionespsoe.es\/wp-content\/uploads\/2022\/07\/Logotipo_electoral_del_PSOE.png","width":422,"height":422,"caption":"Agrupaci\u00f3n Provincial da Coru\u00f1a PSOE"},"image":{"@id":"https:\/\/agrupacionespsoe.es\/acoruna\/#\/schema\/logo\/image\/"}},{"@type":"Person","@id":"https:\/\/agrupacionespsoe.es\/acoruna\/#\/schema\/person\/dbf2b36187b136d06a53f7937d5d5af9","name":"Olympia M\u00e9ndez","image":{"@type":"ImageObject","inLanguage":"es","@id":"https:\/\/agrupacionespsoe.es\/acoruna\/#\/schema\/person\/image\/","url":"https:\/\/secure.gravatar.com\/avatar\/12db1fb8bfe20deb7a2d4ddc95b9042b?s=96&d=mm&r=g","contentUrl":"https:\/\/secure.gravatar.com\/avatar\/12db1fb8bfe20deb7a2d4ddc95b9042b?s=96&d=mm&r=g","caption":"Olympia M\u00e9ndez"},"url":"https:\/\/agrupacionespsoe.es\/acoruna\/author\/acoruna2\/"}]}},"jetpack_featured_media_url":"https:\/\/agrupacionespsoe.es\/acoruna\/wp-content\/uploads\/sites\/198\/2026\/01\/PSOE-FERROL-13-de-xaneiro.jpg","jetpack_sharing_enabled":true,"jetpack_likes_enabled":true,"_links":{"self":[{"href":"https:\/\/agrupacionespsoe.es\/acoruna\/wp-json\/wp\/v2\/posts\/3132","targetHints":{"allow":["GET"]}}],"collection":[{"href":"https:\/\/agrupacionespsoe.es\/acoruna\/wp-json\/wp\/v2\/posts"}],"about":[{"href":"https:\/\/agrupacionespsoe.es\/acoruna\/wp-json\/wp\/v2\/types\/post"}],"author":[{"embeddable":true,"href":"https:\/\/agrupacionespsoe.es\/acoruna\/wp-json\/wp\/v2\/users\/282"}],"replies":[{"embeddable":true,"href":"https:\/\/agrupacionespsoe.es\/acoruna\/wp-json\/wp\/v2\/comments?post=3132"}],"version-history":[{"count":2,"href":"https:\/\/agrupacionespsoe.es\/acoruna\/wp-json\/wp\/v2\/posts\/3132\/revisions"}],"predecessor-version":[{"id":3136,"href":"https:\/\/agrupacionespsoe.es\/acoruna\/wp-json\/wp\/v2\/posts\/3132\/revisions\/3136"}],"wp:featuredmedia":[{"embeddable":true,"href":"https:\/\/agrupacionespsoe.es\/acoruna\/wp-json\/wp\/v2\/media\/2579"}],"wp:attachment":[{"href":"https:\/\/agrupacionespsoe.es\/acoruna\/wp-json\/wp\/v2\/media?parent=3132"}],"wp:term":[{"taxonomy":"category","embeddable":true,"href":"https:\/\/agrupacionespsoe.es\/acoruna\/wp-json\/wp\/v2\/categories?post=3132"},{"taxonomy":"post_tag","embeddable":true,"href":"https:\/\/agrupacionespsoe.es\/acoruna\/wp-json\/wp\/v2\/tags?post=3132"}],"curies":[{"name":"wp","href":"https:\/\/api.w.org\/{rel}","templated":true}]}}