{"id":2876,"date":"2026-03-14T17:29:51","date_gmt":"2026-03-14T16:29:51","guid":{"rendered":"https:\/\/agrupacionespsoe.es\/acoruna\/?p=2876"},"modified":"2026-03-14T17:29:51","modified_gmt":"2026-03-14T16:29:51","slug":"o-psoe-de-cambre-sinala-que-non-e-o-momento-de-guerras-politicas-hai-que-centrarse-nos-problemas-da-vecinanza","status":"publish","type":"post","link":"https:\/\/agrupacionespsoe.es\/acoruna\/o-psoe-de-cambre-sinala-que-non-e-o-momento-de-guerras-politicas-hai-que-centrarse-nos-problemas-da-vecinanza\/","title":{"rendered":"O PSOE de Cambre sinala que &#8220;non \u00e9 o momento de guerras pol\u00edticas, hai que centrarse nos problemas da veci\u00f1anza\u201d"},"content":{"rendered":"\n<ul class=\"wp-block-list\">\n<li><strong>Diego Alcantarilla responsabiliza a UxC por \u201cter causado que goberne o PP\u201d e insta aos populares a \u201cgobernar negociando con toda a oposici\u00f3n\u201d<\/strong><\/li>\n<\/ul>\n\n\n\n<section class=\"wp-block-psoe-separador bg-primary px-2\"><hr class=\"color-white bg-white opacity-1 h-[1px] w-full\" \/><\/section>\n\n\n\n<p class=\"has-medium-font-size\">O portavoz do PSOE de Cambre, Diego Alcantarilla, realizou unha valoraci\u00f3n da situaci\u00f3n pol\u00edtica actual no municipio, afirmando que \u201co grupo municipal socialista non vai entrar en guerras pol\u00edticas nin en debates que non achegan soluci\u00f3ns a Cambre\u201d.<\/p>\n\n\n\n<p class=\"has-medium-font-size\">\u201cConsideramos que o que se necesita \u00e9 m\u00e1is responsabilidade pol\u00edtica, e centrarse nos problemas dos veci\u00f1os\u201d, manifestou Alcantarilla, que lembrou que \u201co momento no que se pod\u00eda evitar que o Partido Popular chegase ao goberno municipal xa pasou, concretamente tras a dimisi\u00f3n da ent\u00f3n alcaldesa Mar\u00eda Pan\u201d.<\/p>\n\n\n\n<p class=\"has-medium-font-size\">\u201cTras a dimisi\u00f3n da alcaldesa postuleime como candidato \u00e1 alcald\u00eda para tentar articular unha alternativa progresista de esquerdas, que evitase que o Partido Popular asumise o goberno de Cambre\u201d, subli\u00f1a o socialista.&nbsp; \u201cCon todo, esa alternativa non prosperou\u201d, apunta.<\/p>\n\n\n\n<p class=\"has-medium-font-size\">\u201cPor unha banda, a abstenci\u00f3n de Uni\u00f3n por Cambre permitiu que o Partido Popular accedese \u00e1 alcald\u00eda\u201d, lamenta Alcantarilla. \u201cDoutra banda, o portavoz de Alternativa dos Veci\u00f1os decidiu presentarse tam\u00e9n \u00e1 investidura, o que supuxo que tampouco apoiase a alternativa de esquerdas que si contaba co apoio total do BNG\u201d, continua o voceiro socialista.<\/p>\n\n\n\n<p class=\"has-medium-font-size\">Sinala pois a UxC como responsable de \u201cter causado que goberne o PP\u201d, xa que \u201ca situaci\u00f3n pol\u00edtica actual non \u00e9 froito dunha casualidade, sen\u00f3n de decisi\u00f3ns pol\u00edticas concretas que facilitaron que hoxe o Partido Popular goberne o Concello\u201d.<\/p>\n\n\n\n<p class=\"has-medium-font-size\">\u201cAnte o escenario que agora se est\u00e1 expondo, non \u00e9 o momento de guerras pol\u00edticas, hai que centrarse nos problemas da veci\u00f1anza\u201d, prosegue, salientando que \u201cgobernar negociando con toda a oposici\u00f3n\u201d.<\/p>\n\n\n\n<p class=\"has-medium-font-size\">\u201cO que corresponde nestes momentos \u00e9 que o Partido Popular sexa consciente, que parece que \u00e1s veces se lle esquece, de que goberna en minor\u00eda e act\u00fae en consecuencia, negociando todas as decisi\u00f3ns importantes co conxunto dos grupos da oposici\u00f3n, sen excepci\u00f3ns\u201d, recalca. \u201cO PSOE de Cambre seguir\u00e1 traballando con responsabilidade&nbsp; e cunha prioridade clara, a defender os intereses dos veci\u00f1os e veci\u00f1as de Cambre por encima de calquera estratexia partidista, xa que precisamos soluci\u00f3ns, non m\u00e1is confrontaci\u00f3n pol\u00edtica\u201d, concl\u00fae.<\/p>\n","protected":false},"excerpt":{"rendered":"<p>O portavoz do PSOE de Cambre, Diego Alcantarilla, realizou unha valoraci\u00f3n da situaci\u00f3n pol\u00edtica actual no municipio, afirmando que \u201co grupo municipal socialista non vai entrar en guerras pol\u00edticas nin en debates que non achegan soluci\u00f3ns a Cambre\u201d. \u201cConsideramos que o que se necesita \u00e9 m\u00e1is responsabilidade pol\u00edtica, e centrarse nos problemas dos veci\u00f1os\u201d, manifestou &#8230;<\/p>\n","protected":false},"author":282,"featured_media":1354,"comment_status":"open","ping_status":"open","sticky":false,"template":"","format":"standard","meta":{"_jetpack_memberships_contains_paid_content":false,"footnotes":""},"categories":[38,221],"tags":[36,359,95,22],"class_list":["post-2876","post","type-post","status-publish","format-standard","has-post-thumbnail","hentry","category-cambre","category-politica-municipal","tag-cambre","tag-diego-alcantarilla","tag-politica-municipal","tag-psdeg-psoe"],"yoast_head":"<!-- This site is optimized with the Yoast SEO plugin v24.0 - https:\/\/yoast.com\/wordpress\/plugins\/seo\/ -->\n<title>O PSOE de Cambre sinala que &quot;non \u00e9 o momento de guerras pol\u00edticas, hai que centrarse nos problemas da veci\u00f1anza\u201d - Agrupaci\u00f3n Provincial da Coru\u00f1a PSOE<\/title>\n<meta name=\"description\" content=\"Diego Alcantarilla responsabiliza a UxC por \u201cter causado que goberne o PP\u201d e insta aos populares a \u201cgobernar negociando con toda a oposici\u00f3n\u201d\" \/>\n<meta name=\"robots\" content=\"index, follow, max-snippet:-1, max-image-preview:large, max-video-preview:-1\" \/>\n<link rel=\"canonical\" href=\"https:\/\/agrupacionespsoe.es\/acoruna\/o-psoe-de-cambre-sinala-que-non-e-o-momento-de-guerras-politicas-hai-que-centrarse-nos-problemas-da-vecinanza\/\" \/>\n<meta property=\"og:locale\" content=\"es_ES\" \/>\n<meta property=\"og:type\" content=\"article\" \/>\n<meta property=\"og:title\" content=\"O PSOE de Cambre sinala que &quot;non \u00e9 o momento de guerras pol\u00edticas, hai que centrarse nos problemas da veci\u00f1anza\u201d - Agrupaci\u00f3n Provincial da Coru\u00f1a PSOE\" \/>\n<meta property=\"og:description\" content=\"Diego Alcantarilla responsabiliza a UxC por \u201cter causado que goberne o PP\u201d e insta aos populares a \u201cgobernar negociando con toda a oposici\u00f3n\u201d\" \/>\n<meta property=\"og:url\" content=\"https:\/\/agrupacionespsoe.es\/acoruna\/o-psoe-de-cambre-sinala-que-non-e-o-momento-de-guerras-politicas-hai-que-centrarse-nos-problemas-da-vecinanza\/\" \/>\n<meta property=\"og:site_name\" content=\"Agrupaci\u00f3n Provincial da Coru\u00f1a PSOE\" \/>\n<meta property=\"article:published_time\" content=\"2026-03-14T16:29:51+00:00\" \/>\n<meta property=\"og:image\" content=\"https:\/\/agrupacionespsoe.es\/acoruna\/wp-content\/uploads\/sites\/198\/2025\/04\/PSOE-CAMBRE-4-de-abril-rotated.jpg\" \/>\n\t<meta property=\"og:image:width\" content=\"675\" \/>\n\t<meta property=\"og:image:height\" content=\"1200\" \/>\n\t<meta property=\"og:image:type\" content=\"image\/jpeg\" \/>\n<meta name=\"author\" content=\"Olympia M\u00e9ndez\" \/>\n<meta name=\"twitter:card\" content=\"summary_large_image\" \/>\n<meta name=\"twitter:label1\" content=\"Escrito por\" \/>\n\t<meta name=\"twitter:data1\" content=\"Olympia M\u00e9ndez\" \/>\n\t<meta name=\"twitter:label2\" content=\"Tiempo de lectura\" \/>\n\t<meta name=\"twitter:data2\" content=\"2 minutos\" \/>\n<script type=\"application\/ld+json\" class=\"yoast-schema-graph\">{\"@context\":\"https:\/\/schema.org\",\"@graph\":[{\"@type\":\"Article\",\"@id\":\"https:\/\/agrupacionespsoe.es\/acoruna\/o-psoe-de-cambre-sinala-que-non-e-o-momento-de-guerras-politicas-hai-que-centrarse-nos-problemas-da-vecinanza\/#article\",\"isPartOf\":{\"@id\":\"https:\/\/agrupacionespsoe.es\/acoruna\/o-psoe-de-cambre-sinala-que-non-e-o-momento-de-guerras-politicas-hai-que-centrarse-nos-problemas-da-vecinanza\/\"},\"author\":{\"name\":\"Olympia M\u00e9ndez\",\"@id\":\"https:\/\/agrupacionespsoe.es\/acoruna\/#\/schema\/person\/dbf2b36187b136d06a53f7937d5d5af9\"},\"headline\":\"O PSOE de Cambre sinala que &#8220;non \u00e9 o momento de guerras pol\u00edticas, hai que centrarse nos problemas da veci\u00f1anza\u201d\",\"datePublished\":\"2026-03-14T16:29:51+00:00\",\"dateModified\":\"2026-03-14T16:29:51+00:00\",\"mainEntityOfPage\":{\"@id\":\"https:\/\/agrupacionespsoe.es\/acoruna\/o-psoe-de-cambre-sinala-que-non-e-o-momento-de-guerras-politicas-hai-que-centrarse-nos-problemas-da-vecinanza\/\"},\"wordCount\":408,\"commentCount\":0,\"publisher\":{\"@id\":\"https:\/\/agrupacionespsoe.es\/acoruna\/#organization\"},\"image\":{\"@id\":\"https:\/\/agrupacionespsoe.es\/acoruna\/o-psoe-de-cambre-sinala-que-non-e-o-momento-de-guerras-politicas-hai-que-centrarse-nos-problemas-da-vecinanza\/#primaryimage\"},\"thumbnailUrl\":\"https:\/\/agrupacionespsoe.es\/acoruna\/wp-content\/uploads\/sites\/198\/2025\/04\/PSOE-CAMBRE-4-de-abril-rotated.jpg\",\"keywords\":[\"Cambre\",\"Diego Alcantarilla\",\"Pol\u00edtica Municipal\",\"PSdeG-PSOE\"],\"articleSection\":[\"Cambre\",\"Pol\u00edtica Municipal\"],\"inLanguage\":\"es\",\"potentialAction\":[{\"@type\":\"CommentAction\",\"name\":\"Comment\",\"target\":[\"https:\/\/agrupacionespsoe.es\/acoruna\/o-psoe-de-cambre-sinala-que-non-e-o-momento-de-guerras-politicas-hai-que-centrarse-nos-problemas-da-vecinanza\/#respond\"]}]},{\"@type\":\"WebPage\",\"@id\":\"https:\/\/agrupacionespsoe.es\/acoruna\/o-psoe-de-cambre-sinala-que-non-e-o-momento-de-guerras-politicas-hai-que-centrarse-nos-problemas-da-vecinanza\/\",\"url\":\"https:\/\/agrupacionespsoe.es\/acoruna\/o-psoe-de-cambre-sinala-que-non-e-o-momento-de-guerras-politicas-hai-que-centrarse-nos-problemas-da-vecinanza\/\",\"name\":\"O PSOE de Cambre sinala que \\\"non \u00e9 o momento de guerras pol\u00edticas, hai que centrarse nos problemas da veci\u00f1anza\u201d - Agrupaci\u00f3n Provincial da Coru\u00f1a PSOE\",\"isPartOf\":{\"@id\":\"https:\/\/agrupacionespsoe.es\/acoruna\/#website\"},\"primaryImageOfPage\":{\"@id\":\"https:\/\/agrupacionespsoe.es\/acoruna\/o-psoe-de-cambre-sinala-que-non-e-o-momento-de-guerras-politicas-hai-que-centrarse-nos-problemas-da-vecinanza\/#primaryimage\"},\"image\":{\"@id\":\"https:\/\/agrupacionespsoe.es\/acoruna\/o-psoe-de-cambre-sinala-que-non-e-o-momento-de-guerras-politicas-hai-que-centrarse-nos-problemas-da-vecinanza\/#primaryimage\"},\"thumbnailUrl\":\"https:\/\/agrupacionespsoe.es\/acoruna\/wp-content\/uploads\/sites\/198\/2025\/04\/PSOE-CAMBRE-4-de-abril-rotated.jpg\",\"datePublished\":\"2026-03-14T16:29:51+00:00\",\"dateModified\":\"2026-03-14T16:29:51+00:00\",\"description\":\"Diego Alcantarilla responsabiliza a UxC por \u201cter causado que goberne o PP\u201d e insta aos populares a \u201cgobernar negociando con toda a oposici\u00f3n\u201d\",\"breadcrumb\":{\"@id\":\"https:\/\/agrupacionespsoe.es\/acoruna\/o-psoe-de-cambre-sinala-que-non-e-o-momento-de-guerras-politicas-hai-que-centrarse-nos-problemas-da-vecinanza\/#breadcrumb\"},\"inLanguage\":\"es\",\"potentialAction\":[{\"@type\":\"ReadAction\",\"target\":[\"https:\/\/agrupacionespsoe.es\/acoruna\/o-psoe-de-cambre-sinala-que-non-e-o-momento-de-guerras-politicas-hai-que-centrarse-nos-problemas-da-vecinanza\/\"]}]},{\"@type\":\"ImageObject\",\"inLanguage\":\"es\",\"@id\":\"https:\/\/agrupacionespsoe.es\/acoruna\/o-psoe-de-cambre-sinala-que-non-e-o-momento-de-guerras-politicas-hai-que-centrarse-nos-problemas-da-vecinanza\/#primaryimage\",\"url\":\"https:\/\/agrupacionespsoe.es\/acoruna\/wp-content\/uploads\/sites\/198\/2025\/04\/PSOE-CAMBRE-4-de-abril-rotated.jpg\",\"contentUrl\":\"https:\/\/agrupacionespsoe.es\/acoruna\/wp-content\/uploads\/sites\/198\/2025\/04\/PSOE-CAMBRE-4-de-abril-rotated.jpg\",\"width\":675,\"height\":1200},{\"@type\":\"BreadcrumbList\",\"@id\":\"https:\/\/agrupacionespsoe.es\/acoruna\/o-psoe-de-cambre-sinala-que-non-e-o-momento-de-guerras-politicas-hai-que-centrarse-nos-problemas-da-vecinanza\/#breadcrumb\",\"itemListElement\":[{\"@type\":\"ListItem\",\"position\":1,\"name\":\"Portada\",\"item\":\"https:\/\/agrupacionespsoe.es\/acoruna\/\"},{\"@type\":\"ListItem\",\"position\":2,\"name\":\"O PSOE de Cambre sinala que \u00abnon \u00e9 o momento de guerras pol\u00edticas, hai que centrarse nos problemas da veci\u00f1anza\u201d\"}]},{\"@type\":\"WebSite\",\"@id\":\"https:\/\/agrupacionespsoe.es\/acoruna\/#website\",\"url\":\"https:\/\/agrupacionespsoe.es\/acoruna\/\",\"name\":\"Agrupaci\u00f3n Provincial da Coru\u00f1a PSOE\",\"description\":\"Provincial PSdeG-PSOE da Coru\u00f1a\",\"publisher\":{\"@id\":\"https:\/\/agrupacionespsoe.es\/acoruna\/#organization\"},\"potentialAction\":[{\"@type\":\"SearchAction\",\"target\":{\"@type\":\"EntryPoint\",\"urlTemplate\":\"https:\/\/agrupacionespsoe.es\/acoruna\/?s={search_term_string}\"},\"query-input\":{\"@type\":\"PropertyValueSpecification\",\"valueRequired\":true,\"valueName\":\"search_term_string\"}}],\"inLanguage\":\"es\"},{\"@type\":\"Organization\",\"@id\":\"https:\/\/agrupacionespsoe.es\/acoruna\/#organization\",\"name\":\"Agrupaci\u00f3n Provincial da Coru\u00f1a PSOE\",\"url\":\"https:\/\/agrupacionespsoe.es\/acoruna\/\",\"logo\":{\"@type\":\"ImageObject\",\"inLanguage\":\"es\",\"@id\":\"https:\/\/agrupacionespsoe.es\/acoruna\/#\/schema\/logo\/image\/\",\"url\":\"https:\/\/agrupacionespsoe.es\/wp-content\/uploads\/2022\/07\/Logotipo_electoral_del_PSOE.png\",\"contentUrl\":\"https:\/\/agrupacionespsoe.es\/wp-content\/uploads\/2022\/07\/Logotipo_electoral_del_PSOE.png\",\"width\":422,\"height\":422,\"caption\":\"Agrupaci\u00f3n Provincial da Coru\u00f1a PSOE\"},\"image\":{\"@id\":\"https:\/\/agrupacionespsoe.es\/acoruna\/#\/schema\/logo\/image\/\"}},{\"@type\":\"Person\",\"@id\":\"https:\/\/agrupacionespsoe.es\/acoruna\/#\/schema\/person\/dbf2b36187b136d06a53f7937d5d5af9\",\"name\":\"Olympia M\u00e9ndez\",\"image\":{\"@type\":\"ImageObject\",\"inLanguage\":\"es\",\"@id\":\"https:\/\/agrupacionespsoe.es\/acoruna\/#\/schema\/person\/image\/\",\"url\":\"https:\/\/secure.gravatar.com\/avatar\/12db1fb8bfe20deb7a2d4ddc95b9042b?s=96&d=mm&r=g\",\"contentUrl\":\"https:\/\/secure.gravatar.com\/avatar\/12db1fb8bfe20deb7a2d4ddc95b9042b?s=96&d=mm&r=g\",\"caption\":\"Olympia M\u00e9ndez\"},\"url\":\"https:\/\/agrupacionespsoe.es\/acoruna\/author\/acoruna2\/\"}]}<\/script>\n<!-- \/ Yoast SEO plugin. -->","yoast_head_json":{"title":"O PSOE de Cambre sinala que \"non \u00e9 o momento de guerras pol\u00edticas, hai que centrarse nos problemas da veci\u00f1anza\u201d - Agrupaci\u00f3n Provincial da Coru\u00f1a PSOE","description":"Diego Alcantarilla responsabiliza a UxC por \u201cter causado que goberne o PP\u201d e insta aos populares a \u201cgobernar negociando con toda a oposici\u00f3n\u201d","robots":{"index":"index","follow":"follow","max-snippet":"max-snippet:-1","max-image-preview":"max-image-preview:large","max-video-preview":"max-video-preview:-1"},"canonical":"https:\/\/agrupacionespsoe.es\/acoruna\/o-psoe-de-cambre-sinala-que-non-e-o-momento-de-guerras-politicas-hai-que-centrarse-nos-problemas-da-vecinanza\/","og_locale":"es_ES","og_type":"article","og_title":"O PSOE de Cambre sinala que \"non \u00e9 o momento de guerras pol\u00edticas, hai que centrarse nos problemas da veci\u00f1anza\u201d - Agrupaci\u00f3n Provincial da Coru\u00f1a PSOE","og_description":"Diego Alcantarilla responsabiliza a UxC por \u201cter causado que goberne o PP\u201d e insta aos populares a \u201cgobernar negociando con toda a oposici\u00f3n\u201d","og_url":"https:\/\/agrupacionespsoe.es\/acoruna\/o-psoe-de-cambre-sinala-que-non-e-o-momento-de-guerras-politicas-hai-que-centrarse-nos-problemas-da-vecinanza\/","og_site_name":"Agrupaci\u00f3n Provincial da Coru\u00f1a PSOE","article_published_time":"2026-03-14T16:29:51+00:00","og_image":[{"width":675,"height":1200,"url":"https:\/\/agrupacionespsoe.es\/acoruna\/wp-content\/uploads\/sites\/198\/2025\/04\/PSOE-CAMBRE-4-de-abril-rotated.jpg","type":"image\/jpeg"}],"author":"Olympia M\u00e9ndez","twitter_card":"summary_large_image","twitter_misc":{"Escrito por":"Olympia M\u00e9ndez","Tiempo de lectura":"2 minutos"},"schema":{"@context":"https:\/\/schema.org","@graph":[{"@type":"Article","@id":"https:\/\/agrupacionespsoe.es\/acoruna\/o-psoe-de-cambre-sinala-que-non-e-o-momento-de-guerras-politicas-hai-que-centrarse-nos-problemas-da-vecinanza\/#article","isPartOf":{"@id":"https:\/\/agrupacionespsoe.es\/acoruna\/o-psoe-de-cambre-sinala-que-non-e-o-momento-de-guerras-politicas-hai-que-centrarse-nos-problemas-da-vecinanza\/"},"author":{"name":"Olympia M\u00e9ndez","@id":"https:\/\/agrupacionespsoe.es\/acoruna\/#\/schema\/person\/dbf2b36187b136d06a53f7937d5d5af9"},"headline":"O PSOE de Cambre sinala que &#8220;non \u00e9 o momento de guerras pol\u00edticas, hai que centrarse nos problemas da veci\u00f1anza\u201d","datePublished":"2026-03-14T16:29:51+00:00","dateModified":"2026-03-14T16:29:51+00:00","mainEntityOfPage":{"@id":"https:\/\/agrupacionespsoe.es\/acoruna\/o-psoe-de-cambre-sinala-que-non-e-o-momento-de-guerras-politicas-hai-que-centrarse-nos-problemas-da-vecinanza\/"},"wordCount":408,"commentCount":0,"publisher":{"@id":"https:\/\/agrupacionespsoe.es\/acoruna\/#organization"},"image":{"@id":"https:\/\/agrupacionespsoe.es\/acoruna\/o-psoe-de-cambre-sinala-que-non-e-o-momento-de-guerras-politicas-hai-que-centrarse-nos-problemas-da-vecinanza\/#primaryimage"},"thumbnailUrl":"https:\/\/agrupacionespsoe.es\/acoruna\/wp-content\/uploads\/sites\/198\/2025\/04\/PSOE-CAMBRE-4-de-abril-rotated.jpg","keywords":["Cambre","Diego Alcantarilla","Pol\u00edtica Municipal","PSdeG-PSOE"],"articleSection":["Cambre","Pol\u00edtica Municipal"],"inLanguage":"es","potentialAction":[{"@type":"CommentAction","name":"Comment","target":["https:\/\/agrupacionespsoe.es\/acoruna\/o-psoe-de-cambre-sinala-que-non-e-o-momento-de-guerras-politicas-hai-que-centrarse-nos-problemas-da-vecinanza\/#respond"]}]},{"@type":"WebPage","@id":"https:\/\/agrupacionespsoe.es\/acoruna\/o-psoe-de-cambre-sinala-que-non-e-o-momento-de-guerras-politicas-hai-que-centrarse-nos-problemas-da-vecinanza\/","url":"https:\/\/agrupacionespsoe.es\/acoruna\/o-psoe-de-cambre-sinala-que-non-e-o-momento-de-guerras-politicas-hai-que-centrarse-nos-problemas-da-vecinanza\/","name":"O PSOE de Cambre sinala que \"non \u00e9 o momento de guerras pol\u00edticas, hai que centrarse nos problemas da veci\u00f1anza\u201d - Agrupaci\u00f3n Provincial da Coru\u00f1a PSOE","isPartOf":{"@id":"https:\/\/agrupacionespsoe.es\/acoruna\/#website"},"primaryImageOfPage":{"@id":"https:\/\/agrupacionespsoe.es\/acoruna\/o-psoe-de-cambre-sinala-que-non-e-o-momento-de-guerras-politicas-hai-que-centrarse-nos-problemas-da-vecinanza\/#primaryimage"},"image":{"@id":"https:\/\/agrupacionespsoe.es\/acoruna\/o-psoe-de-cambre-sinala-que-non-e-o-momento-de-guerras-politicas-hai-que-centrarse-nos-problemas-da-vecinanza\/#primaryimage"},"thumbnailUrl":"https:\/\/agrupacionespsoe.es\/acoruna\/wp-content\/uploads\/sites\/198\/2025\/04\/PSOE-CAMBRE-4-de-abril-rotated.jpg","datePublished":"2026-03-14T16:29:51+00:00","dateModified":"2026-03-14T16:29:51+00:00","description":"Diego Alcantarilla responsabiliza a UxC por \u201cter causado que goberne o PP\u201d e insta aos populares a \u201cgobernar negociando con toda a oposici\u00f3n\u201d","breadcrumb":{"@id":"https:\/\/agrupacionespsoe.es\/acoruna\/o-psoe-de-cambre-sinala-que-non-e-o-momento-de-guerras-politicas-hai-que-centrarse-nos-problemas-da-vecinanza\/#breadcrumb"},"inLanguage":"es","potentialAction":[{"@type":"ReadAction","target":["https:\/\/agrupacionespsoe.es\/acoruna\/o-psoe-de-cambre-sinala-que-non-e-o-momento-de-guerras-politicas-hai-que-centrarse-nos-problemas-da-vecinanza\/"]}]},{"@type":"ImageObject","inLanguage":"es","@id":"https:\/\/agrupacionespsoe.es\/acoruna\/o-psoe-de-cambre-sinala-que-non-e-o-momento-de-guerras-politicas-hai-que-centrarse-nos-problemas-da-vecinanza\/#primaryimage","url":"https:\/\/agrupacionespsoe.es\/acoruna\/wp-content\/uploads\/sites\/198\/2025\/04\/PSOE-CAMBRE-4-de-abril-rotated.jpg","contentUrl":"https:\/\/agrupacionespsoe.es\/acoruna\/wp-content\/uploads\/sites\/198\/2025\/04\/PSOE-CAMBRE-4-de-abril-rotated.jpg","width":675,"height":1200},{"@type":"BreadcrumbList","@id":"https:\/\/agrupacionespsoe.es\/acoruna\/o-psoe-de-cambre-sinala-que-non-e-o-momento-de-guerras-politicas-hai-que-centrarse-nos-problemas-da-vecinanza\/#breadcrumb","itemListElement":[{"@type":"ListItem","position":1,"name":"Portada","item":"https:\/\/agrupacionespsoe.es\/acoruna\/"},{"@type":"ListItem","position":2,"name":"O PSOE de Cambre sinala que \u00abnon \u00e9 o momento de guerras pol\u00edticas, hai que centrarse nos problemas da veci\u00f1anza\u201d"}]},{"@type":"WebSite","@id":"https:\/\/agrupacionespsoe.es\/acoruna\/#website","url":"https:\/\/agrupacionespsoe.es\/acoruna\/","name":"Agrupaci\u00f3n Provincial da Coru\u00f1a PSOE","description":"Provincial PSdeG-PSOE da Coru\u00f1a","publisher":{"@id":"https:\/\/agrupacionespsoe.es\/acoruna\/#organization"},"potentialAction":[{"@type":"SearchAction","target":{"@type":"EntryPoint","urlTemplate":"https:\/\/agrupacionespsoe.es\/acoruna\/?s={search_term_string}"},"query-input":{"@type":"PropertyValueSpecification","valueRequired":true,"valueName":"search_term_string"}}],"inLanguage":"es"},{"@type":"Organization","@id":"https:\/\/agrupacionespsoe.es\/acoruna\/#organization","name":"Agrupaci\u00f3n Provincial da Coru\u00f1a PSOE","url":"https:\/\/agrupacionespsoe.es\/acoruna\/","logo":{"@type":"ImageObject","inLanguage":"es","@id":"https:\/\/agrupacionespsoe.es\/acoruna\/#\/schema\/logo\/image\/","url":"https:\/\/agrupacionespsoe.es\/wp-content\/uploads\/2022\/07\/Logotipo_electoral_del_PSOE.png","contentUrl":"https:\/\/agrupacionespsoe.es\/wp-content\/uploads\/2022\/07\/Logotipo_electoral_del_PSOE.png","width":422,"height":422,"caption":"Agrupaci\u00f3n Provincial da Coru\u00f1a PSOE"},"image":{"@id":"https:\/\/agrupacionespsoe.es\/acoruna\/#\/schema\/logo\/image\/"}},{"@type":"Person","@id":"https:\/\/agrupacionespsoe.es\/acoruna\/#\/schema\/person\/dbf2b36187b136d06a53f7937d5d5af9","name":"Olympia M\u00e9ndez","image":{"@type":"ImageObject","inLanguage":"es","@id":"https:\/\/agrupacionespsoe.es\/acoruna\/#\/schema\/person\/image\/","url":"https:\/\/secure.gravatar.com\/avatar\/12db1fb8bfe20deb7a2d4ddc95b9042b?s=96&d=mm&r=g","contentUrl":"https:\/\/secure.gravatar.com\/avatar\/12db1fb8bfe20deb7a2d4ddc95b9042b?s=96&d=mm&r=g","caption":"Olympia M\u00e9ndez"},"url":"https:\/\/agrupacionespsoe.es\/acoruna\/author\/acoruna2\/"}]}},"jetpack_featured_media_url":"https:\/\/agrupacionespsoe.es\/acoruna\/wp-content\/uploads\/sites\/198\/2025\/04\/PSOE-CAMBRE-4-de-abril-rotated.jpg","jetpack_sharing_enabled":true,"jetpack_likes_enabled":true,"_links":{"self":[{"href":"https:\/\/agrupacionespsoe.es\/acoruna\/wp-json\/wp\/v2\/posts\/2876","targetHints":{"allow":["GET"]}}],"collection":[{"href":"https:\/\/agrupacionespsoe.es\/acoruna\/wp-json\/wp\/v2\/posts"}],"about":[{"href":"https:\/\/agrupacionespsoe.es\/acoruna\/wp-json\/wp\/v2\/types\/post"}],"author":[{"embeddable":true,"href":"https:\/\/agrupacionespsoe.es\/acoruna\/wp-json\/wp\/v2\/users\/282"}],"replies":[{"embeddable":true,"href":"https:\/\/agrupacionespsoe.es\/acoruna\/wp-json\/wp\/v2\/comments?post=2876"}],"version-history":[{"count":2,"href":"https:\/\/agrupacionespsoe.es\/acoruna\/wp-json\/wp\/v2\/posts\/2876\/revisions"}],"predecessor-version":[{"id":2878,"href":"https:\/\/agrupacionespsoe.es\/acoruna\/wp-json\/wp\/v2\/posts\/2876\/revisions\/2878"}],"wp:featuredmedia":[{"embeddable":true,"href":"https:\/\/agrupacionespsoe.es\/acoruna\/wp-json\/wp\/v2\/media\/1354"}],"wp:attachment":[{"href":"https:\/\/agrupacionespsoe.es\/acoruna\/wp-json\/wp\/v2\/media?parent=2876"}],"wp:term":[{"taxonomy":"category","embeddable":true,"href":"https:\/\/agrupacionespsoe.es\/acoruna\/wp-json\/wp\/v2\/categories?post=2876"},{"taxonomy":"post_tag","embeddable":true,"href":"https:\/\/agrupacionespsoe.es\/acoruna\/wp-json\/wp\/v2\/tags?post=2876"}],"curies":[{"name":"wp","href":"https:\/\/api.w.org\/{rel}","templated":true}]}}