{"id":2872,"date":"2026-03-13T18:02:03","date_gmt":"2026-03-13T17:02:03","guid":{"rendered":"https:\/\/agrupacionespsoe.es\/acoruna\/?p=2872"},"modified":"2026-03-13T18:02:05","modified_gmt":"2026-03-13T17:02:05","slug":"o-psoe-da-laracha-acusa-ao-goberno-local-de-non-saber-onde-investir-os-cartos-publicos","status":"publish","type":"post","link":"https:\/\/agrupacionespsoe.es\/acoruna\/o-psoe-da-laracha-acusa-ao-goberno-local-de-non-saber-onde-investir-os-cartos-publicos\/","title":{"rendered":"O PSOE da Laracha acusa ao goberno local de \u201cnon saber onde investir os cartos p\u00fablicos\u201d"},"content":{"rendered":"\n<ul class=\"wp-block-list\">\n<li><strong>In\u00e9s Ramos critica uns orzamentos \u201csen ambici\u00f3n\u201d, a reduci\u00f3n de incentivos \u00e1s empresas e a falta de respecto institucional no minuto de silencio do 11M<\/strong><\/li>\n<\/ul>\n\n\n\n<section class=\"wp-block-psoe-separador bg-primary px-2\"><hr class=\"color-white bg-white opacity-1 h-[1px] w-full\" \/><\/section>\n\n\n\n<p class=\"has-medium-font-size\">O Grupo Socialista da Laracha realizou unha valoraci\u00f3n cr\u00edtica do pleno municipal celebrado o m\u00e9rcores, no que se aprobaron os orzamentos de 2026 e varias modificaci\u00f3ns fiscais. A s\u00faa voceira, In\u00e9s Ramos, cuestionou o modelo de xesti\u00f3n econ\u00f3mica do goberno municipal e a falta de planificaci\u00f3n nas principais decisi\u00f3ns adoptadas.<\/p>\n\n\n\n<p class=\"has-medium-font-size\">Por unha banda, dende o PSdeG local criticaron a forma na que o alcalde convocou o minuto de silencio polo D\u00eda Europeo en Memoria das V\u00edtimas do Terrorismo e polos atentados do 11 de marzo de 2004.<\/p>\n\n\n\n<p class=\"has-medium-font-size\">Segundo explicou Ramos, a iniciativa part\u00eda da FEMP, pero o acto realizouse e publicouse nas redes sociais do Concello sen avisar previamente aos grupos da oposici\u00f3n, a pesar de que ese mesmo d\u00eda estaba convocado o pleno municipal.<\/p>\n\n\n\n<p class=\"has-medium-font-size\">\u201cUn minuto de silencio en memoria das v\u00edtimas do terrorismo \u00e9 un acto institucional que deber\u00eda representar a todo o Concello. Se ese d\u00eda hab\u00eda pleno, o l\u00f3xico ser\u00eda facelo coa presenza de toda a Corporaci\u00f3n\u201d, sinalou a portavoz socialista.<\/p>\n\n\n\n<p class=\"has-medium-font-size\"><strong>Cr\u00edtica aos orzamentos municipais<\/strong><\/p>\n\n\n\n<p class=\"has-medium-font-size\">A valoraci\u00f3n m\u00e1is dura do Grupo Socialista centrouse nos orzamentos municipais para 2026, que ascenden a 11,9 mill\u00f3ns de euros.<\/p>\n\n\n\n<p class=\"has-medium-font-size\">\u201cO se\u00f1or L\u00f3pez ten un serio problema cos cartos. Por un lado fala de acci\u00f3ns que vai levar a cabo no Concello das que non sabemos de onde vai sacar os cartos e, por outro lado, deixa partidas absolutamente irrelevantes para cuesti\u00f3ns importantes do concello como a accesibilidade ou a mobilidade\u201d, sinalou In\u00e9s Ramos.<\/p>\n\n\n\n<p class=\"has-medium-font-size\">Segundo afirmou a portavoz socialista, este problema de xesti\u00f3n do di\u00f1eiro p\u00fablico \u00e9 &#8220;especialmente grave nun responsable pol\u00edtico&#8221;. \u201cNunca sabemos que \u00e9 o importante, nunca sabemos onde vai empregar os cartos para aquilo que ten que solucionar a vida dos laracheses, nin cal \u00e9 a prioridade \u00e1 hora de investir\u201d, engadiu.<\/p>\n\n\n\n<p class=\"has-medium-font-size\">Ramos asegurou que esta falta de planificaci\u00f3n tam\u00e9n se reflicte nas propias contas municipais. M\u00e1is do 90 % do orzamento dest\u00ednase a gasto corrente e apenas algo m\u00e1is dun mill\u00f3n de euros a investimentos reais.<\/p>\n\n\n\n<p class=\"has-medium-font-size\">Ademais, lembrou que m\u00e1is de 6,6 mill\u00f3ns de euros dos ingresos proceden doutras administraci\u00f3ns e que o nivel medio de execuci\u00f3n do orzamento nos \u00faltimos anos apenas supera o 74 %. \u201cEste non \u00e9 un orzamento para transformar A Laracha. \u00c9 un orzamento para que todo siga exactamente igual\u201d, resumiu.<\/p>\n\n\n\n<p class=\"has-medium-font-size\">O PSOE tam\u00e9n criticou as cantidades destinadas a servizos b\u00e1sicos, como os 100.000 euros para pavimentaci\u00f3n de v\u00edas p\u00fablicas, apenas 20.000 euros para alcantarillado ou s\u00f3 30.000 euros para emerxencia social en todo o municipio.<\/p>\n\n\n\n<p class=\"has-medium-font-size\"><strong>Reduci\u00f3n das bonificaci\u00f3ns \u00e1s empresas<\/strong><\/p>\n\n\n\n<p class=\"has-medium-font-size\">Outro dos asuntos debatidos no pleno foi a modificaci\u00f3n das ordenanzas fiscais do IBI, IAE e ICIO, que reduce do 95 % ao 80 % as bonificaci\u00f3ns para empresas que crean emprego.<\/p>\n\n\n\n<p class=\"has-medium-font-size\">Para o Grupo Socialista, a medida chega nun momento &#8220;pouco oportuno, especialmente cando est\u00e1 en marcha a ampliaci\u00f3n do parque empresarial do municipio&#8221;.<\/p>\n\n\n\n<p class=\"has-medium-font-size\">\u201cSe queremos atraer empresas e crear emprego na Laracha, o m\u00e1is sensato \u00e9 facilitar as cousas \u00e1s empresas, non po\u00f1erlles m\u00e1is obst\u00e1culos\u201d, explicou Ramos.<\/p>\n\n\n\n<p class=\"has-medium-font-size\">En resumo, para os socialistas, o pleno deixou clara a falta de ambici\u00f3n do goberno municipal. \u201cA Laracha necesita planificaci\u00f3n, prioridades claras e un proxecto de futuro. O que estamos vendo \u00e9 xusto o contrario\u201d, conclu\u00edu In\u00e9s Ramos.<\/p>\n","protected":false},"excerpt":{"rendered":"<p>O Grupo Socialista da Laracha realizou unha valoraci\u00f3n cr\u00edtica do pleno municipal celebrado o m\u00e9rcores, no que se aprobaron os orzamentos de 2026 e varias modificaci\u00f3ns fiscais. A s\u00faa voceira, In\u00e9s Ramos, cuestionou o modelo de xesti\u00f3n econ\u00f3mica do goberno municipal e a falta de planificaci\u00f3n nas principais decisi\u00f3ns adoptadas. Por unha banda, dende o &#8230;<\/p>\n","protected":false},"author":282,"featured_media":2873,"comment_status":"open","ping_status":"open","sticky":false,"template":"","format":"standard","meta":{"_jetpack_memberships_contains_paid_content":false,"footnotes":""},"categories":[97,221],"tags":[103,391,355,785,287,95,22,863,479],"class_list":["post-2872","post","type-post","status-publish","format-standard","has-post-thumbnail","hentry","category-a-laracha","category-politica-municipal","tag-a-laracha","tag-emprego","tag-ines-ramos","tag-investimentos","tag-orzamentos","tag-politica-municipal","tag-psdeg-psoe","tag-servizos-publicos","tag-vias-e-obras"],"yoast_head":"<!-- This site is optimized with the Yoast SEO plugin v24.0 - https:\/\/yoast.com\/wordpress\/plugins\/seo\/ -->\n<title>O PSOE da Laracha acusa ao goberno local de \u201cnon saber onde investir os cartos p\u00fablicos\u201d - Agrupaci\u00f3n Provincial da Coru\u00f1a PSOE<\/title>\n<meta name=\"description\" content=\"In\u00e9s Ramos critica uns orzamentos \u201csen ambici\u00f3n\u201d, a reduci\u00f3n de incentivos \u00e1s empresas e a falta de respecto institucional no minuto de silencio do 11M.\" \/>\n<meta name=\"robots\" content=\"index, follow, max-snippet:-1, max-image-preview:large, max-video-preview:-1\" \/>\n<link rel=\"canonical\" href=\"https:\/\/agrupacionespsoe.es\/acoruna\/o-psoe-da-laracha-acusa-ao-goberno-local-de-non-saber-onde-investir-os-cartos-publicos\/\" \/>\n<meta property=\"og:locale\" content=\"es_ES\" \/>\n<meta property=\"og:type\" content=\"article\" \/>\n<meta property=\"og:title\" content=\"O PSOE da Laracha acusa ao goberno local de \u201cnon saber onde investir os cartos p\u00fablicos\u201d - Agrupaci\u00f3n Provincial da Coru\u00f1a PSOE\" \/>\n<meta property=\"og:description\" content=\"In\u00e9s Ramos critica uns orzamentos \u201csen ambici\u00f3n\u201d, a reduci\u00f3n de incentivos \u00e1s empresas e a falta de respecto institucional no minuto de silencio do 11M.\" \/>\n<meta property=\"og:url\" content=\"https:\/\/agrupacionespsoe.es\/acoruna\/o-psoe-da-laracha-acusa-ao-goberno-local-de-non-saber-onde-investir-os-cartos-publicos\/\" \/>\n<meta property=\"og:site_name\" content=\"Agrupaci\u00f3n Provincial da Coru\u00f1a PSOE\" \/>\n<meta property=\"article:published_time\" content=\"2026-03-13T17:02:03+00:00\" \/>\n<meta property=\"article:modified_time\" content=\"2026-03-13T17:02:05+00:00\" \/>\n<meta property=\"og:image\" content=\"https:\/\/agrupacionespsoe.es\/acoruna\/wp-content\/uploads\/sites\/198\/2026\/03\/PSOE-A-LARACHA-13-de-marzo.jpeg\" \/>\n\t<meta property=\"og:image:width\" content=\"1148\" \/>\n\t<meta property=\"og:image:height\" content=\"2040\" \/>\n\t<meta property=\"og:image:type\" content=\"image\/jpeg\" \/>\n<meta name=\"author\" content=\"Olympia M\u00e9ndez\" \/>\n<meta name=\"twitter:card\" content=\"summary_large_image\" \/>\n<meta name=\"twitter:label1\" content=\"Escrito por\" \/>\n\t<meta name=\"twitter:data1\" content=\"Olympia M\u00e9ndez\" \/>\n\t<meta name=\"twitter:label2\" content=\"Tiempo de lectura\" \/>\n\t<meta name=\"twitter:data2\" content=\"3 minutos\" \/>\n<script type=\"application\/ld+json\" class=\"yoast-schema-graph\">{\"@context\":\"https:\/\/schema.org\",\"@graph\":[{\"@type\":\"Article\",\"@id\":\"https:\/\/agrupacionespsoe.es\/acoruna\/o-psoe-da-laracha-acusa-ao-goberno-local-de-non-saber-onde-investir-os-cartos-publicos\/#article\",\"isPartOf\":{\"@id\":\"https:\/\/agrupacionespsoe.es\/acoruna\/o-psoe-da-laracha-acusa-ao-goberno-local-de-non-saber-onde-investir-os-cartos-publicos\/\"},\"author\":{\"name\":\"Olympia M\u00e9ndez\",\"@id\":\"https:\/\/agrupacionespsoe.es\/acoruna\/#\/schema\/person\/dbf2b36187b136d06a53f7937d5d5af9\"},\"headline\":\"O PSOE da Laracha acusa ao goberno local de \u201cnon saber onde investir os cartos p\u00fablicos\u201d\",\"datePublished\":\"2026-03-13T17:02:03+00:00\",\"dateModified\":\"2026-03-13T17:02:05+00:00\",\"mainEntityOfPage\":{\"@id\":\"https:\/\/agrupacionespsoe.es\/acoruna\/o-psoe-da-laracha-acusa-ao-goberno-local-de-non-saber-onde-investir-os-cartos-publicos\/\"},\"wordCount\":618,\"commentCount\":0,\"publisher\":{\"@id\":\"https:\/\/agrupacionespsoe.es\/acoruna\/#organization\"},\"image\":{\"@id\":\"https:\/\/agrupacionespsoe.es\/acoruna\/o-psoe-da-laracha-acusa-ao-goberno-local-de-non-saber-onde-investir-os-cartos-publicos\/#primaryimage\"},\"thumbnailUrl\":\"https:\/\/agrupacionespsoe.es\/acoruna\/wp-content\/uploads\/sites\/198\/2026\/03\/PSOE-A-LARACHA-13-de-marzo.jpeg\",\"keywords\":[\"A Laracha\",\"Emprego\",\"In\u00e9s Ramos\",\"Investimentos\",\"Orzamentos\",\"Pol\u00edtica Municipal\",\"PSdeG-PSOE\",\"Servizos p\u00fablicos\",\"V\u00edas e Obras\"],\"articleSection\":[\"A Laracha\",\"Pol\u00edtica Municipal\"],\"inLanguage\":\"es\",\"potentialAction\":[{\"@type\":\"CommentAction\",\"name\":\"Comment\",\"target\":[\"https:\/\/agrupacionespsoe.es\/acoruna\/o-psoe-da-laracha-acusa-ao-goberno-local-de-non-saber-onde-investir-os-cartos-publicos\/#respond\"]}]},{\"@type\":\"WebPage\",\"@id\":\"https:\/\/agrupacionespsoe.es\/acoruna\/o-psoe-da-laracha-acusa-ao-goberno-local-de-non-saber-onde-investir-os-cartos-publicos\/\",\"url\":\"https:\/\/agrupacionespsoe.es\/acoruna\/o-psoe-da-laracha-acusa-ao-goberno-local-de-non-saber-onde-investir-os-cartos-publicos\/\",\"name\":\"O PSOE da Laracha acusa ao goberno local de \u201cnon saber onde investir os cartos p\u00fablicos\u201d - Agrupaci\u00f3n Provincial da Coru\u00f1a PSOE\",\"isPartOf\":{\"@id\":\"https:\/\/agrupacionespsoe.es\/acoruna\/#website\"},\"primaryImageOfPage\":{\"@id\":\"https:\/\/agrupacionespsoe.es\/acoruna\/o-psoe-da-laracha-acusa-ao-goberno-local-de-non-saber-onde-investir-os-cartos-publicos\/#primaryimage\"},\"image\":{\"@id\":\"https:\/\/agrupacionespsoe.es\/acoruna\/o-psoe-da-laracha-acusa-ao-goberno-local-de-non-saber-onde-investir-os-cartos-publicos\/#primaryimage\"},\"thumbnailUrl\":\"https:\/\/agrupacionespsoe.es\/acoruna\/wp-content\/uploads\/sites\/198\/2026\/03\/PSOE-A-LARACHA-13-de-marzo.jpeg\",\"datePublished\":\"2026-03-13T17:02:03+00:00\",\"dateModified\":\"2026-03-13T17:02:05+00:00\",\"description\":\"In\u00e9s Ramos critica uns orzamentos \u201csen ambici\u00f3n\u201d, a reduci\u00f3n de incentivos \u00e1s empresas e a falta de respecto institucional no minuto de silencio do 11M.\",\"breadcrumb\":{\"@id\":\"https:\/\/agrupacionespsoe.es\/acoruna\/o-psoe-da-laracha-acusa-ao-goberno-local-de-non-saber-onde-investir-os-cartos-publicos\/#breadcrumb\"},\"inLanguage\":\"es\",\"potentialAction\":[{\"@type\":\"ReadAction\",\"target\":[\"https:\/\/agrupacionespsoe.es\/acoruna\/o-psoe-da-laracha-acusa-ao-goberno-local-de-non-saber-onde-investir-os-cartos-publicos\/\"]}]},{\"@type\":\"ImageObject\",\"inLanguage\":\"es\",\"@id\":\"https:\/\/agrupacionespsoe.es\/acoruna\/o-psoe-da-laracha-acusa-ao-goberno-local-de-non-saber-onde-investir-os-cartos-publicos\/#primaryimage\",\"url\":\"https:\/\/agrupacionespsoe.es\/acoruna\/wp-content\/uploads\/sites\/198\/2026\/03\/PSOE-A-LARACHA-13-de-marzo.jpeg\",\"contentUrl\":\"https:\/\/agrupacionespsoe.es\/acoruna\/wp-content\/uploads\/sites\/198\/2026\/03\/PSOE-A-LARACHA-13-de-marzo.jpeg\",\"width\":1148,\"height\":2040},{\"@type\":\"BreadcrumbList\",\"@id\":\"https:\/\/agrupacionespsoe.es\/acoruna\/o-psoe-da-laracha-acusa-ao-goberno-local-de-non-saber-onde-investir-os-cartos-publicos\/#breadcrumb\",\"itemListElement\":[{\"@type\":\"ListItem\",\"position\":1,\"name\":\"Portada\",\"item\":\"https:\/\/agrupacionespsoe.es\/acoruna\/\"},{\"@type\":\"ListItem\",\"position\":2,\"name\":\"O PSOE da Laracha acusa ao goberno local de \u201cnon saber onde investir os cartos p\u00fablicos\u201d\"}]},{\"@type\":\"WebSite\",\"@id\":\"https:\/\/agrupacionespsoe.es\/acoruna\/#website\",\"url\":\"https:\/\/agrupacionespsoe.es\/acoruna\/\",\"name\":\"Agrupaci\u00f3n Provincial da Coru\u00f1a PSOE\",\"description\":\"Provincial PSdeG-PSOE da Coru\u00f1a\",\"publisher\":{\"@id\":\"https:\/\/agrupacionespsoe.es\/acoruna\/#organization\"},\"potentialAction\":[{\"@type\":\"SearchAction\",\"target\":{\"@type\":\"EntryPoint\",\"urlTemplate\":\"https:\/\/agrupacionespsoe.es\/acoruna\/?s={search_term_string}\"},\"query-input\":{\"@type\":\"PropertyValueSpecification\",\"valueRequired\":true,\"valueName\":\"search_term_string\"}}],\"inLanguage\":\"es\"},{\"@type\":\"Organization\",\"@id\":\"https:\/\/agrupacionespsoe.es\/acoruna\/#organization\",\"name\":\"Agrupaci\u00f3n Provincial da Coru\u00f1a PSOE\",\"url\":\"https:\/\/agrupacionespsoe.es\/acoruna\/\",\"logo\":{\"@type\":\"ImageObject\",\"inLanguage\":\"es\",\"@id\":\"https:\/\/agrupacionespsoe.es\/acoruna\/#\/schema\/logo\/image\/\",\"url\":\"https:\/\/agrupacionespsoe.es\/wp-content\/uploads\/2022\/07\/Logotipo_electoral_del_PSOE.png\",\"contentUrl\":\"https:\/\/agrupacionespsoe.es\/wp-content\/uploads\/2022\/07\/Logotipo_electoral_del_PSOE.png\",\"width\":422,\"height\":422,\"caption\":\"Agrupaci\u00f3n Provincial da Coru\u00f1a PSOE\"},\"image\":{\"@id\":\"https:\/\/agrupacionespsoe.es\/acoruna\/#\/schema\/logo\/image\/\"}},{\"@type\":\"Person\",\"@id\":\"https:\/\/agrupacionespsoe.es\/acoruna\/#\/schema\/person\/dbf2b36187b136d06a53f7937d5d5af9\",\"name\":\"Olympia M\u00e9ndez\",\"image\":{\"@type\":\"ImageObject\",\"inLanguage\":\"es\",\"@id\":\"https:\/\/agrupacionespsoe.es\/acoruna\/#\/schema\/person\/image\/\",\"url\":\"https:\/\/secure.gravatar.com\/avatar\/12db1fb8bfe20deb7a2d4ddc95b9042b?s=96&d=mm&r=g\",\"contentUrl\":\"https:\/\/secure.gravatar.com\/avatar\/12db1fb8bfe20deb7a2d4ddc95b9042b?s=96&d=mm&r=g\",\"caption\":\"Olympia M\u00e9ndez\"},\"url\":\"https:\/\/agrupacionespsoe.es\/acoruna\/author\/acoruna2\/\"}]}<\/script>\n<!-- \/ Yoast SEO plugin. -->","yoast_head_json":{"title":"O PSOE da Laracha acusa ao goberno local de \u201cnon saber onde investir os cartos p\u00fablicos\u201d - Agrupaci\u00f3n Provincial da Coru\u00f1a PSOE","description":"In\u00e9s Ramos critica uns orzamentos \u201csen ambici\u00f3n\u201d, a reduci\u00f3n de incentivos \u00e1s empresas e a falta de respecto institucional no minuto de silencio do 11M.","robots":{"index":"index","follow":"follow","max-snippet":"max-snippet:-1","max-image-preview":"max-image-preview:large","max-video-preview":"max-video-preview:-1"},"canonical":"https:\/\/agrupacionespsoe.es\/acoruna\/o-psoe-da-laracha-acusa-ao-goberno-local-de-non-saber-onde-investir-os-cartos-publicos\/","og_locale":"es_ES","og_type":"article","og_title":"O PSOE da Laracha acusa ao goberno local de \u201cnon saber onde investir os cartos p\u00fablicos\u201d - Agrupaci\u00f3n Provincial da Coru\u00f1a PSOE","og_description":"In\u00e9s Ramos critica uns orzamentos \u201csen ambici\u00f3n\u201d, a reduci\u00f3n de incentivos \u00e1s empresas e a falta de respecto institucional no minuto de silencio do 11M.","og_url":"https:\/\/agrupacionespsoe.es\/acoruna\/o-psoe-da-laracha-acusa-ao-goberno-local-de-non-saber-onde-investir-os-cartos-publicos\/","og_site_name":"Agrupaci\u00f3n Provincial da Coru\u00f1a PSOE","article_published_time":"2026-03-13T17:02:03+00:00","article_modified_time":"2026-03-13T17:02:05+00:00","og_image":[{"width":1148,"height":2040,"url":"https:\/\/agrupacionespsoe.es\/acoruna\/wp-content\/uploads\/sites\/198\/2026\/03\/PSOE-A-LARACHA-13-de-marzo.jpeg","type":"image\/jpeg"}],"author":"Olympia M\u00e9ndez","twitter_card":"summary_large_image","twitter_misc":{"Escrito por":"Olympia M\u00e9ndez","Tiempo de lectura":"3 minutos"},"schema":{"@context":"https:\/\/schema.org","@graph":[{"@type":"Article","@id":"https:\/\/agrupacionespsoe.es\/acoruna\/o-psoe-da-laracha-acusa-ao-goberno-local-de-non-saber-onde-investir-os-cartos-publicos\/#article","isPartOf":{"@id":"https:\/\/agrupacionespsoe.es\/acoruna\/o-psoe-da-laracha-acusa-ao-goberno-local-de-non-saber-onde-investir-os-cartos-publicos\/"},"author":{"name":"Olympia M\u00e9ndez","@id":"https:\/\/agrupacionespsoe.es\/acoruna\/#\/schema\/person\/dbf2b36187b136d06a53f7937d5d5af9"},"headline":"O PSOE da Laracha acusa ao goberno local de \u201cnon saber onde investir os cartos p\u00fablicos\u201d","datePublished":"2026-03-13T17:02:03+00:00","dateModified":"2026-03-13T17:02:05+00:00","mainEntityOfPage":{"@id":"https:\/\/agrupacionespsoe.es\/acoruna\/o-psoe-da-laracha-acusa-ao-goberno-local-de-non-saber-onde-investir-os-cartos-publicos\/"},"wordCount":618,"commentCount":0,"publisher":{"@id":"https:\/\/agrupacionespsoe.es\/acoruna\/#organization"},"image":{"@id":"https:\/\/agrupacionespsoe.es\/acoruna\/o-psoe-da-laracha-acusa-ao-goberno-local-de-non-saber-onde-investir-os-cartos-publicos\/#primaryimage"},"thumbnailUrl":"https:\/\/agrupacionespsoe.es\/acoruna\/wp-content\/uploads\/sites\/198\/2026\/03\/PSOE-A-LARACHA-13-de-marzo.jpeg","keywords":["A Laracha","Emprego","In\u00e9s Ramos","Investimentos","Orzamentos","Pol\u00edtica Municipal","PSdeG-PSOE","Servizos p\u00fablicos","V\u00edas e Obras"],"articleSection":["A Laracha","Pol\u00edtica Municipal"],"inLanguage":"es","potentialAction":[{"@type":"CommentAction","name":"Comment","target":["https:\/\/agrupacionespsoe.es\/acoruna\/o-psoe-da-laracha-acusa-ao-goberno-local-de-non-saber-onde-investir-os-cartos-publicos\/#respond"]}]},{"@type":"WebPage","@id":"https:\/\/agrupacionespsoe.es\/acoruna\/o-psoe-da-laracha-acusa-ao-goberno-local-de-non-saber-onde-investir-os-cartos-publicos\/","url":"https:\/\/agrupacionespsoe.es\/acoruna\/o-psoe-da-laracha-acusa-ao-goberno-local-de-non-saber-onde-investir-os-cartos-publicos\/","name":"O PSOE da Laracha acusa ao goberno local de \u201cnon saber onde investir os cartos p\u00fablicos\u201d - Agrupaci\u00f3n Provincial da Coru\u00f1a PSOE","isPartOf":{"@id":"https:\/\/agrupacionespsoe.es\/acoruna\/#website"},"primaryImageOfPage":{"@id":"https:\/\/agrupacionespsoe.es\/acoruna\/o-psoe-da-laracha-acusa-ao-goberno-local-de-non-saber-onde-investir-os-cartos-publicos\/#primaryimage"},"image":{"@id":"https:\/\/agrupacionespsoe.es\/acoruna\/o-psoe-da-laracha-acusa-ao-goberno-local-de-non-saber-onde-investir-os-cartos-publicos\/#primaryimage"},"thumbnailUrl":"https:\/\/agrupacionespsoe.es\/acoruna\/wp-content\/uploads\/sites\/198\/2026\/03\/PSOE-A-LARACHA-13-de-marzo.jpeg","datePublished":"2026-03-13T17:02:03+00:00","dateModified":"2026-03-13T17:02:05+00:00","description":"In\u00e9s Ramos critica uns orzamentos \u201csen ambici\u00f3n\u201d, a reduci\u00f3n de incentivos \u00e1s empresas e a falta de respecto institucional no minuto de silencio do 11M.","breadcrumb":{"@id":"https:\/\/agrupacionespsoe.es\/acoruna\/o-psoe-da-laracha-acusa-ao-goberno-local-de-non-saber-onde-investir-os-cartos-publicos\/#breadcrumb"},"inLanguage":"es","potentialAction":[{"@type":"ReadAction","target":["https:\/\/agrupacionespsoe.es\/acoruna\/o-psoe-da-laracha-acusa-ao-goberno-local-de-non-saber-onde-investir-os-cartos-publicos\/"]}]},{"@type":"ImageObject","inLanguage":"es","@id":"https:\/\/agrupacionespsoe.es\/acoruna\/o-psoe-da-laracha-acusa-ao-goberno-local-de-non-saber-onde-investir-os-cartos-publicos\/#primaryimage","url":"https:\/\/agrupacionespsoe.es\/acoruna\/wp-content\/uploads\/sites\/198\/2026\/03\/PSOE-A-LARACHA-13-de-marzo.jpeg","contentUrl":"https:\/\/agrupacionespsoe.es\/acoruna\/wp-content\/uploads\/sites\/198\/2026\/03\/PSOE-A-LARACHA-13-de-marzo.jpeg","width":1148,"height":2040},{"@type":"BreadcrumbList","@id":"https:\/\/agrupacionespsoe.es\/acoruna\/o-psoe-da-laracha-acusa-ao-goberno-local-de-non-saber-onde-investir-os-cartos-publicos\/#breadcrumb","itemListElement":[{"@type":"ListItem","position":1,"name":"Portada","item":"https:\/\/agrupacionespsoe.es\/acoruna\/"},{"@type":"ListItem","position":2,"name":"O PSOE da Laracha acusa ao goberno local de \u201cnon saber onde investir os cartos p\u00fablicos\u201d"}]},{"@type":"WebSite","@id":"https:\/\/agrupacionespsoe.es\/acoruna\/#website","url":"https:\/\/agrupacionespsoe.es\/acoruna\/","name":"Agrupaci\u00f3n Provincial da Coru\u00f1a PSOE","description":"Provincial PSdeG-PSOE da Coru\u00f1a","publisher":{"@id":"https:\/\/agrupacionespsoe.es\/acoruna\/#organization"},"potentialAction":[{"@type":"SearchAction","target":{"@type":"EntryPoint","urlTemplate":"https:\/\/agrupacionespsoe.es\/acoruna\/?s={search_term_string}"},"query-input":{"@type":"PropertyValueSpecification","valueRequired":true,"valueName":"search_term_string"}}],"inLanguage":"es"},{"@type":"Organization","@id":"https:\/\/agrupacionespsoe.es\/acoruna\/#organization","name":"Agrupaci\u00f3n Provincial da Coru\u00f1a PSOE","url":"https:\/\/agrupacionespsoe.es\/acoruna\/","logo":{"@type":"ImageObject","inLanguage":"es","@id":"https:\/\/agrupacionespsoe.es\/acoruna\/#\/schema\/logo\/image\/","url":"https:\/\/agrupacionespsoe.es\/wp-content\/uploads\/2022\/07\/Logotipo_electoral_del_PSOE.png","contentUrl":"https:\/\/agrupacionespsoe.es\/wp-content\/uploads\/2022\/07\/Logotipo_electoral_del_PSOE.png","width":422,"height":422,"caption":"Agrupaci\u00f3n Provincial da Coru\u00f1a PSOE"},"image":{"@id":"https:\/\/agrupacionespsoe.es\/acoruna\/#\/schema\/logo\/image\/"}},{"@type":"Person","@id":"https:\/\/agrupacionespsoe.es\/acoruna\/#\/schema\/person\/dbf2b36187b136d06a53f7937d5d5af9","name":"Olympia M\u00e9ndez","image":{"@type":"ImageObject","inLanguage":"es","@id":"https:\/\/agrupacionespsoe.es\/acoruna\/#\/schema\/person\/image\/","url":"https:\/\/secure.gravatar.com\/avatar\/12db1fb8bfe20deb7a2d4ddc95b9042b?s=96&d=mm&r=g","contentUrl":"https:\/\/secure.gravatar.com\/avatar\/12db1fb8bfe20deb7a2d4ddc95b9042b?s=96&d=mm&r=g","caption":"Olympia M\u00e9ndez"},"url":"https:\/\/agrupacionespsoe.es\/acoruna\/author\/acoruna2\/"}]}},"jetpack_featured_media_url":"https:\/\/agrupacionespsoe.es\/acoruna\/wp-content\/uploads\/sites\/198\/2026\/03\/PSOE-A-LARACHA-13-de-marzo.jpeg","jetpack_sharing_enabled":true,"jetpack_likes_enabled":true,"_links":{"self":[{"href":"https:\/\/agrupacionespsoe.es\/acoruna\/wp-json\/wp\/v2\/posts\/2872","targetHints":{"allow":["GET"]}}],"collection":[{"href":"https:\/\/agrupacionespsoe.es\/acoruna\/wp-json\/wp\/v2\/posts"}],"about":[{"href":"https:\/\/agrupacionespsoe.es\/acoruna\/wp-json\/wp\/v2\/types\/post"}],"author":[{"embeddable":true,"href":"https:\/\/agrupacionespsoe.es\/acoruna\/wp-json\/wp\/v2\/users\/282"}],"replies":[{"embeddable":true,"href":"https:\/\/agrupacionespsoe.es\/acoruna\/wp-json\/wp\/v2\/comments?post=2872"}],"version-history":[{"count":2,"href":"https:\/\/agrupacionespsoe.es\/acoruna\/wp-json\/wp\/v2\/posts\/2872\/revisions"}],"predecessor-version":[{"id":2875,"href":"https:\/\/agrupacionespsoe.es\/acoruna\/wp-json\/wp\/v2\/posts\/2872\/revisions\/2875"}],"wp:featuredmedia":[{"embeddable":true,"href":"https:\/\/agrupacionespsoe.es\/acoruna\/wp-json\/wp\/v2\/media\/2873"}],"wp:attachment":[{"href":"https:\/\/agrupacionespsoe.es\/acoruna\/wp-json\/wp\/v2\/media?parent=2872"}],"wp:term":[{"taxonomy":"category","embeddable":true,"href":"https:\/\/agrupacionespsoe.es\/acoruna\/wp-json\/wp\/v2\/categories?post=2872"},{"taxonomy":"post_tag","embeddable":true,"href":"https:\/\/agrupacionespsoe.es\/acoruna\/wp-json\/wp\/v2\/tags?post=2872"}],"curies":[{"name":"wp","href":"https:\/\/api.w.org\/{rel}","templated":true}]}}