{"id":2864,"date":"2026-03-13T17:52:23","date_gmt":"2026-03-13T16:52:23","guid":{"rendered":"https:\/\/agrupacionespsoe.es\/acoruna\/?p=2864"},"modified":"2026-03-13T17:52:24","modified_gmt":"2026-03-13T16:52:24","slug":"o-psdeg-denuncia-dous-anos-de-abandono-da-xunta-coa-costa-da-morte-e-reclama-solucions-urxentes-en-transporte-infraestruturas-e-servizos-publicos","status":"publish","type":"post","link":"https:\/\/agrupacionespsoe.es\/acoruna\/o-psdeg-denuncia-dous-anos-de-abandono-da-xunta-coa-costa-da-morte-e-reclama-solucions-urxentes-en-transporte-infraestruturas-e-servizos-publicos\/","title":{"rendered":"O PSdeG denuncia dous anos de \u201cabandono\u201d da Xunta coa Costa da Morte e reclama soluci\u00f3ns urxentes en transporte, infraestruturas e servizos p\u00fablicos"},"content":{"rendered":"\n<ul class=\"wp-block-list\">\n<li><strong>Bernardo Fern\u00e1ndez e Patricia Iglesias critican en Vimianzo a mala situaci\u00f3n do transporte metropolitano, a falta de avances na autov\u00eda da Costa da Morte e a \u201cdiscriminaci\u00f3n\u201d nos investimentos da Xunta<\/strong><\/li>\n<\/ul>\n\n\n\n<p class=\"has-medium-font-size\">O secretario xeral provincial do PSdeG da Coru\u00f1a, Bernardo Fern\u00e1ndez, e a deputada no Parlamento de Galicia Patricia Iglesias denunciaron hoxe en Vimianzo o \u201cabandono\u201d da Xunta de Galicia coa Costa da Morte tras dous anos de goberno de Alfonso Rueda. Nunha rolda de prensa acompa\u00f1ados por representantes socialistas da comarca, advertiron que \u201cos principais problemas en materia de infraestruturas e servizos p\u00fablicos seguen sen resolverse\u201d.<\/p>\n\n\n\n<p class=\"has-medium-font-size\">Bernardo Fern\u00e1ndez asegurou que estes dous anos de mandato auton\u00f3mico \u201cnon foron positivos para esta terra\u201d, e subli\u00f1ou que a relaci\u00f3n da Xunta coa Costa da Morte mant\u00e9n unha din\u00e1mica que xa se vi\u00f1a producindo nos \u00faltimos anos co goberno de Feij\u00f3o e agora co de Rueda. \u201cAs grandes cuesti\u00f3ns que te\u00f1en que ver con esta bisbarra en materia de infraestruturas ou de servizos seguen a ser unha asignatura pendente que non se est\u00e1 a atender\u201d, afirmou.<\/p>\n\n\n\n<p class=\"has-medium-font-size\">Entre as principais preocupaci\u00f3ns, o secretario xeral destacou a situaci\u00f3n do transporte p\u00fablico. Segundo indicou, \u201cos novos contratos do transporte metropolitano provocaron un empeoramento dun servizo que antes funcionaba medianamente ben\u201d. Fern\u00e1ndez denunciou que actualmente chegan \u00e1s paradas autobuses cheos que deixan persoas &#8220;tiradas\u201d, veh\u00edculos que non chegan ou que o fan tarde, e incluso casos nos que pasan antes de tempo.<\/p>\n\n\n\n<p class=\"has-medium-font-size\">\u201cDurante d\u00e9cadas houbo un illamento notable que afecta a todos os sectores. Non s\u00f3 aos produtivos, sen\u00f3n tam\u00e9n \u00e1 fixaci\u00f3n de poboaci\u00f3n, ao desenvolvemento industrial e \u00e1s oportunidades de futuro para a xente nova\u201d, advertiu.<\/p>\n\n\n\n<p class=\"has-medium-font-size\">\u201cTemos toda a variedade de posibles desfeitas nun servizo p\u00fablico concentradas no transporte metropolitano de Galicia\u201d, criticou, lembrando ademais que existen sentenzas xudiciais contra os adxudicatarios destes servizos pola mala prestaci\u00f3n dos mesmos. \u201cNo \u00e1mbito xudicial tam\u00e9n se est\u00e1 respaldando esta realidade que levamos anos denunciando\u201d, apuntou.<\/p>\n\n\n\n<p class=\"has-medium-font-size\">Neste contexto, reclamou \u00e1 Xunta que deixe de aplicar \u201cparches\u201d e adopte medidas inmediatas para solucionar un problema que, segundo advertiu, afecta a milleiros de veci\u00f1os e veci\u00f1as.<\/p>\n\n\n\n<p class=\"has-medium-font-size\">Pola s\u00faa banda, Patricia Iglesias puxo o foco no illamento da comarca e na falta de avances en infraestruturas clave como a autov\u00eda da Costa da Morte. A deputada socialista lembrou que se trata dun proxecto impulsado polo goberno presidido por Emilio P\u00e9rez Touri\u00f1o e criticou que, tras anos de paralizaci\u00f3n, a Xunta de Galicia contin\u00fae facendo anuncios sen completar o trazado previsto inicialmente.<\/p>\n\n\n\n<p class=\"has-medium-font-size\">A\u00ednda que valorou o anuncio do novo tramo de 5,5 quil\u00f3metros, insistiu en que a comarca precisa \u201co remate da autov\u00eda da Costa da Morte tal e como se concibiu no proxecto orixinario socialista\u201d.<\/p>\n\n\n\n<p class=\"has-medium-font-size\">A parlamentaria tam\u00e9n sinalou o que considera unha \u201cincoherencia\u201d do goberno auton\u00f3mico en materia de mobilidade, explicando que \u201cmentres reclama a gratuidade da AP-9, algo co que n\u00f3s estamos dacordo, mant\u00e9n peaxes en v\u00edas auton\u00f3micas como o tramo Carballo-A Coru\u00f1a, o que sup\u00f3n un custo para estudantes e persoas traballadoras que se desprazan diariamente\u201d.<\/p>\n\n\n\n<p class=\"has-medium-font-size\">Iglesias denunciou ademais unha utilizaci\u00f3n \u201cpartidista\u201d dos fondos p\u00fablicos por parte da Xunta, que, segundo afirmou, \u201cfavorece a concellos gobernados polo PP a trav\u00e9s de convenios de concesi\u00f3n directa que se elixen a dedo\u201d.<\/p>\n\n\n\n<p class=\"has-medium-font-size\">\u201cEstamos a falar de fondos p\u00fablicos que son dos galegos e das galegas, non fondos que pertenzan ao Partido Popular\u201d, afirmou. Nese sentido, advertiu de que existe \u201cunha discriminaci\u00f3n clara e evidente\u201d cara aos concellos socialistas.<\/p>\n\n\n\n<p class=\"has-medium-font-size\">A deputada tam\u00e9n advertiu dos problemas estruturais en servizos p\u00fablicos na comarca, especialmente na sanidade e na educaci\u00f3n. Segundo indicou, faltan profesionais na atenci\u00f3n primaria e en pediatr\u00eda e os consultorios rurais sofren carencias de persoal sanitario.<\/p>\n\n\n\n<p class=\"has-medium-font-size\">No \u00e1mbito educativo, reclamou m\u00e1is investimentos en infraestruturas e m\u00e1is profesorado especializado para atender ao alumnado con necesidades educativas especiais. \u201cFalamos moito de educaci\u00f3n inclusiva, pero a Xunta non aposta polos docentes especializados\u201d, sinalou.<\/p>\n\n\n\n<p class=\"has-medium-font-size\">Iglesias conclu\u00edu denunciando que a Costa da Morte leva \u201cdezasete anos de abandono\u201d por parte dos gobernos do PP na Xunta e asegurou que o PSdeG continuar\u00e1 levando estas demandas ao Parlamento galego.<\/p>\n\n\n\n<section class=\"wp-block-psoe-separador bg-primary px-2\"><hr class=\"color-white bg-white opacity-1 h-[1px] w-full\" \/><\/section>\n\n\n\n<figure class=\"wp-block-gallery has-nested-images columns-default is-cropped wp-block-gallery-1 is-layout-flex wp-block-gallery-is-layout-flex\">\n<figure class=\"wp-block-image size-large\"><img loading=\"lazy\" decoding=\"async\" width=\"1024\" height=\"682\" data-id=\"2865\" src=\"https:\/\/agrupacionespsoe.es\/acoruna\/wp-content\/uploads\/sites\/198\/2026\/03\/RP-Costa-da-Morte-PSDED-1024x682.jpeg\" alt=\"\" class=\"wp-image-2865\" srcset=\"https:\/\/agrupacionespsoe.es\/acoruna\/wp-content\/uploads\/sites\/198\/2026\/03\/RP-Costa-da-Morte-PSDED-1024x682.jpeg 1024w, https:\/\/agrupacionespsoe.es\/acoruna\/wp-content\/uploads\/sites\/198\/2026\/03\/RP-Costa-da-Morte-PSDED-300x200.jpeg 300w, https:\/\/agrupacionespsoe.es\/acoruna\/wp-content\/uploads\/sites\/198\/2026\/03\/RP-Costa-da-Morte-PSDED-768x512.jpeg 768w, https:\/\/agrupacionespsoe.es\/acoruna\/wp-content\/uploads\/sites\/198\/2026\/03\/RP-Costa-da-Morte-PSDED-1536x1023.jpeg 1536w, https:\/\/agrupacionespsoe.es\/acoruna\/wp-content\/uploads\/sites\/198\/2026\/03\/RP-Costa-da-Morte-PSDED.jpeg 1600w\" sizes=\"auto, (max-width: 1024px) 100vw, 1024px\" \/><\/figure>\n\n\n\n<figure class=\"wp-block-image size-large\"><img loading=\"lazy\" decoding=\"async\" width=\"1024\" height=\"682\" data-id=\"2866\" src=\"https:\/\/agrupacionespsoe.es\/acoruna\/wp-content\/uploads\/sites\/198\/2026\/03\/RP-Costa-da-Morte-PSDEG-1024x682.jpeg\" alt=\"\" class=\"wp-image-2866\" srcset=\"https:\/\/agrupacionespsoe.es\/acoruna\/wp-content\/uploads\/sites\/198\/2026\/03\/RP-Costa-da-Morte-PSDEG-1024x682.jpeg 1024w, https:\/\/agrupacionespsoe.es\/acoruna\/wp-content\/uploads\/sites\/198\/2026\/03\/RP-Costa-da-Morte-PSDEG-300x200.jpeg 300w, https:\/\/agrupacionespsoe.es\/acoruna\/wp-content\/uploads\/sites\/198\/2026\/03\/RP-Costa-da-Morte-PSDEG-768x512.jpeg 768w, https:\/\/agrupacionespsoe.es\/acoruna\/wp-content\/uploads\/sites\/198\/2026\/03\/RP-Costa-da-Morte-PSDEG-1536x1023.jpeg 1536w, https:\/\/agrupacionespsoe.es\/acoruna\/wp-content\/uploads\/sites\/198\/2026\/03\/RP-Costa-da-Morte-PSDEG.jpeg 1600w\" sizes=\"auto, (max-width: 1024px) 100vw, 1024px\" \/><\/figure>\n<\/figure>\n","protected":false},"excerpt":{"rendered":"<p>O secretario xeral provincial do PSdeG da Coru\u00f1a, Bernardo Fern\u00e1ndez, e a deputada no Parlamento de Galicia Patricia Iglesias denunciaron hoxe en Vimianzo o \u201cabandono\u201d da Xunta de Galicia coa Costa da Morte tras dous anos de goberno de Alfonso Rueda. Nunha rolda de prensa acompa\u00f1ados por representantes socialistas da comarca, advertiron que \u201cos principais &#8230;<\/p>\n","protected":false},"author":282,"featured_media":2865,"comment_status":"open","ping_status":"open","sticky":false,"template":"","format":"standard","meta":{"_jetpack_memberships_contains_paid_content":false,"footnotes":""},"categories":[163,521],"tags":[893,52,531,299,58,54,22,237,863,633,905,159],"class_list":["post-2864","post","type-post","status-publish","format-standard","has-post-thumbnail","hentry","category-agrupacion-provincial-da-coruna","category-costa-da-morte","tag-alfonso-rueda","tag-bernardo-fernandez","tag-costa-atlantica","tag-costa-da-morte","tag-infraestruturas","tag-patricia-iglesias","tag-psdeg-psoe","tag-sanidade","tag-servizos-publicos","tag-transporte-metropolitano","tag-vimianzo","tag-xunta-de-galicia"],"yoast_head":"<!-- This site is optimized with the Yoast SEO plugin v24.0 - https:\/\/yoast.com\/wordpress\/plugins\/seo\/ -->\n<title>O PSdeG denuncia dous anos de \u201cabandono\u201d da Xunta coa Costa da Morte e reclama soluci\u00f3ns urxentes en transporte, infraestruturas e servizos p\u00fablicos - Agrupaci\u00f3n Provincial da Coru\u00f1a PSOE<\/title>\n<meta name=\"description\" content=\"Bernardo Fern\u00e1ndez e Patricia Iglesias critican en Vimianzo a mala situaci\u00f3n do transporte metropolitano, a falta de avances na autov\u00eda da Costa da Morte e a \u201cdiscriminaci\u00f3n\u201d nos investimentos da Xunta.\" \/>\n<meta name=\"robots\" content=\"index, follow, max-snippet:-1, max-image-preview:large, max-video-preview:-1\" \/>\n<link rel=\"canonical\" href=\"https:\/\/agrupacionespsoe.es\/acoruna\/o-psdeg-denuncia-dous-anos-de-abandono-da-xunta-coa-costa-da-morte-e-reclama-solucions-urxentes-en-transporte-infraestruturas-e-servizos-publicos\/\" \/>\n<meta property=\"og:locale\" content=\"es_ES\" \/>\n<meta property=\"og:type\" content=\"article\" \/>\n<meta property=\"og:title\" content=\"O PSdeG denuncia dous anos de \u201cabandono\u201d da Xunta coa Costa da Morte e reclama soluci\u00f3ns urxentes en transporte, infraestruturas e servizos p\u00fablicos - Agrupaci\u00f3n Provincial da Coru\u00f1a PSOE\" \/>\n<meta property=\"og:description\" content=\"Bernardo Fern\u00e1ndez e Patricia Iglesias critican en Vimianzo a mala situaci\u00f3n do transporte metropolitano, a falta de avances na autov\u00eda da Costa da Morte e a \u201cdiscriminaci\u00f3n\u201d nos investimentos da Xunta.\" \/>\n<meta property=\"og:url\" content=\"https:\/\/agrupacionespsoe.es\/acoruna\/o-psdeg-denuncia-dous-anos-de-abandono-da-xunta-coa-costa-da-morte-e-reclama-solucions-urxentes-en-transporte-infraestruturas-e-servizos-publicos\/\" \/>\n<meta property=\"og:site_name\" content=\"Agrupaci\u00f3n Provincial da Coru\u00f1a PSOE\" \/>\n<meta property=\"article:published_time\" content=\"2026-03-13T16:52:23+00:00\" \/>\n<meta property=\"article:modified_time\" content=\"2026-03-13T16:52:24+00:00\" \/>\n<meta property=\"og:image\" content=\"https:\/\/agrupacionespsoe.es\/acoruna\/wp-content\/uploads\/sites\/198\/2026\/03\/RP-Costa-da-Morte-PSDED.jpeg\" \/>\n\t<meta property=\"og:image:width\" content=\"1600\" \/>\n\t<meta property=\"og:image:height\" content=\"1066\" \/>\n\t<meta property=\"og:image:type\" content=\"image\/jpeg\" \/>\n<meta name=\"author\" content=\"Olympia M\u00e9ndez\" \/>\n<meta name=\"twitter:card\" content=\"summary_large_image\" \/>\n<meta name=\"twitter:label1\" content=\"Escrito por\" \/>\n\t<meta name=\"twitter:data1\" content=\"Olympia M\u00e9ndez\" \/>\n\t<meta name=\"twitter:label2\" content=\"Tiempo de lectura\" \/>\n\t<meta name=\"twitter:data2\" content=\"4 minutos\" \/>\n<script type=\"application\/ld+json\" class=\"yoast-schema-graph\">{\"@context\":\"https:\/\/schema.org\",\"@graph\":[{\"@type\":\"Article\",\"@id\":\"https:\/\/agrupacionespsoe.es\/acoruna\/o-psdeg-denuncia-dous-anos-de-abandono-da-xunta-coa-costa-da-morte-e-reclama-solucions-urxentes-en-transporte-infraestruturas-e-servizos-publicos\/#article\",\"isPartOf\":{\"@id\":\"https:\/\/agrupacionespsoe.es\/acoruna\/o-psdeg-denuncia-dous-anos-de-abandono-da-xunta-coa-costa-da-morte-e-reclama-solucions-urxentes-en-transporte-infraestruturas-e-servizos-publicos\/\"},\"author\":{\"name\":\"Olympia M\u00e9ndez\",\"@id\":\"https:\/\/agrupacionespsoe.es\/acoruna\/#\/schema\/person\/dbf2b36187b136d06a53f7937d5d5af9\"},\"headline\":\"O PSdeG denuncia dous anos de \u201cabandono\u201d da Xunta coa Costa da Morte e reclama soluci\u00f3ns urxentes en transporte, infraestruturas e servizos p\u00fablicos\",\"datePublished\":\"2026-03-13T16:52:23+00:00\",\"dateModified\":\"2026-03-13T16:52:24+00:00\",\"mainEntityOfPage\":{\"@id\":\"https:\/\/agrupacionespsoe.es\/acoruna\/o-psdeg-denuncia-dous-anos-de-abandono-da-xunta-coa-costa-da-morte-e-reclama-solucions-urxentes-en-transporte-infraestruturas-e-servizos-publicos\/\"},\"wordCount\":759,\"commentCount\":0,\"publisher\":{\"@id\":\"https:\/\/agrupacionespsoe.es\/acoruna\/#organization\"},\"image\":{\"@id\":\"https:\/\/agrupacionespsoe.es\/acoruna\/o-psdeg-denuncia-dous-anos-de-abandono-da-xunta-coa-costa-da-morte-e-reclama-solucions-urxentes-en-transporte-infraestruturas-e-servizos-publicos\/#primaryimage\"},\"thumbnailUrl\":\"https:\/\/agrupacionespsoe.es\/acoruna\/wp-content\/uploads\/sites\/198\/2026\/03\/RP-Costa-da-Morte-PSDED.jpeg\",\"keywords\":[\"Alfonso Rueda\",\"Bernardo Fern\u00e1ndez\",\"Costa Atl\u00e1ntica\",\"Costa da Morte\",\"Infraestruturas\",\"Patricia Iglesias\",\"PSdeG-PSOE\",\"Sanidade\",\"Servizos p\u00fablicos\",\"Transporte metropolitano\",\"Vimianzo\",\"Xunta de Galicia\"],\"articleSection\":[\"Agrupaci\u00f3n Provincial da Coru\u00f1a\",\"Costa da Morte\"],\"inLanguage\":\"es\",\"potentialAction\":[{\"@type\":\"CommentAction\",\"name\":\"Comment\",\"target\":[\"https:\/\/agrupacionespsoe.es\/acoruna\/o-psdeg-denuncia-dous-anos-de-abandono-da-xunta-coa-costa-da-morte-e-reclama-solucions-urxentes-en-transporte-infraestruturas-e-servizos-publicos\/#respond\"]}]},{\"@type\":\"WebPage\",\"@id\":\"https:\/\/agrupacionespsoe.es\/acoruna\/o-psdeg-denuncia-dous-anos-de-abandono-da-xunta-coa-costa-da-morte-e-reclama-solucions-urxentes-en-transporte-infraestruturas-e-servizos-publicos\/\",\"url\":\"https:\/\/agrupacionespsoe.es\/acoruna\/o-psdeg-denuncia-dous-anos-de-abandono-da-xunta-coa-costa-da-morte-e-reclama-solucions-urxentes-en-transporte-infraestruturas-e-servizos-publicos\/\",\"name\":\"O PSdeG denuncia dous anos de \u201cabandono\u201d da Xunta coa Costa da Morte e reclama soluci\u00f3ns urxentes en transporte, infraestruturas e servizos p\u00fablicos - Agrupaci\u00f3n Provincial da Coru\u00f1a PSOE\",\"isPartOf\":{\"@id\":\"https:\/\/agrupacionespsoe.es\/acoruna\/#website\"},\"primaryImageOfPage\":{\"@id\":\"https:\/\/agrupacionespsoe.es\/acoruna\/o-psdeg-denuncia-dous-anos-de-abandono-da-xunta-coa-costa-da-morte-e-reclama-solucions-urxentes-en-transporte-infraestruturas-e-servizos-publicos\/#primaryimage\"},\"image\":{\"@id\":\"https:\/\/agrupacionespsoe.es\/acoruna\/o-psdeg-denuncia-dous-anos-de-abandono-da-xunta-coa-costa-da-morte-e-reclama-solucions-urxentes-en-transporte-infraestruturas-e-servizos-publicos\/#primaryimage\"},\"thumbnailUrl\":\"https:\/\/agrupacionespsoe.es\/acoruna\/wp-content\/uploads\/sites\/198\/2026\/03\/RP-Costa-da-Morte-PSDED.jpeg\",\"datePublished\":\"2026-03-13T16:52:23+00:00\",\"dateModified\":\"2026-03-13T16:52:24+00:00\",\"description\":\"Bernardo Fern\u00e1ndez e Patricia Iglesias critican en Vimianzo a mala situaci\u00f3n do transporte metropolitano, a falta de avances na autov\u00eda da Costa da Morte e a \u201cdiscriminaci\u00f3n\u201d nos investimentos da Xunta.\",\"breadcrumb\":{\"@id\":\"https:\/\/agrupacionespsoe.es\/acoruna\/o-psdeg-denuncia-dous-anos-de-abandono-da-xunta-coa-costa-da-morte-e-reclama-solucions-urxentes-en-transporte-infraestruturas-e-servizos-publicos\/#breadcrumb\"},\"inLanguage\":\"es\",\"potentialAction\":[{\"@type\":\"ReadAction\",\"target\":[\"https:\/\/agrupacionespsoe.es\/acoruna\/o-psdeg-denuncia-dous-anos-de-abandono-da-xunta-coa-costa-da-morte-e-reclama-solucions-urxentes-en-transporte-infraestruturas-e-servizos-publicos\/\"]}]},{\"@type\":\"ImageObject\",\"inLanguage\":\"es\",\"@id\":\"https:\/\/agrupacionespsoe.es\/acoruna\/o-psdeg-denuncia-dous-anos-de-abandono-da-xunta-coa-costa-da-morte-e-reclama-solucions-urxentes-en-transporte-infraestruturas-e-servizos-publicos\/#primaryimage\",\"url\":\"https:\/\/agrupacionespsoe.es\/acoruna\/wp-content\/uploads\/sites\/198\/2026\/03\/RP-Costa-da-Morte-PSDED.jpeg\",\"contentUrl\":\"https:\/\/agrupacionespsoe.es\/acoruna\/wp-content\/uploads\/sites\/198\/2026\/03\/RP-Costa-da-Morte-PSDED.jpeg\",\"width\":1600,\"height\":1066},{\"@type\":\"BreadcrumbList\",\"@id\":\"https:\/\/agrupacionespsoe.es\/acoruna\/o-psdeg-denuncia-dous-anos-de-abandono-da-xunta-coa-costa-da-morte-e-reclama-solucions-urxentes-en-transporte-infraestruturas-e-servizos-publicos\/#breadcrumb\",\"itemListElement\":[{\"@type\":\"ListItem\",\"position\":1,\"name\":\"Portada\",\"item\":\"https:\/\/agrupacionespsoe.es\/acoruna\/\"},{\"@type\":\"ListItem\",\"position\":2,\"name\":\"O PSdeG denuncia dous anos de \u201cabandono\u201d da Xunta coa Costa da Morte e reclama soluci\u00f3ns urxentes en transporte, infraestruturas e servizos p\u00fablicos\"}]},{\"@type\":\"WebSite\",\"@id\":\"https:\/\/agrupacionespsoe.es\/acoruna\/#website\",\"url\":\"https:\/\/agrupacionespsoe.es\/acoruna\/\",\"name\":\"Agrupaci\u00f3n Provincial da Coru\u00f1a PSOE\",\"description\":\"Provincial PSdeG-PSOE da Coru\u00f1a\",\"publisher\":{\"@id\":\"https:\/\/agrupacionespsoe.es\/acoruna\/#organization\"},\"potentialAction\":[{\"@type\":\"SearchAction\",\"target\":{\"@type\":\"EntryPoint\",\"urlTemplate\":\"https:\/\/agrupacionespsoe.es\/acoruna\/?s={search_term_string}\"},\"query-input\":{\"@type\":\"PropertyValueSpecification\",\"valueRequired\":true,\"valueName\":\"search_term_string\"}}],\"inLanguage\":\"es\"},{\"@type\":\"Organization\",\"@id\":\"https:\/\/agrupacionespsoe.es\/acoruna\/#organization\",\"name\":\"Agrupaci\u00f3n Provincial da Coru\u00f1a PSOE\",\"url\":\"https:\/\/agrupacionespsoe.es\/acoruna\/\",\"logo\":{\"@type\":\"ImageObject\",\"inLanguage\":\"es\",\"@id\":\"https:\/\/agrupacionespsoe.es\/acoruna\/#\/schema\/logo\/image\/\",\"url\":\"https:\/\/agrupacionespsoe.es\/wp-content\/uploads\/2022\/07\/Logotipo_electoral_del_PSOE.png\",\"contentUrl\":\"https:\/\/agrupacionespsoe.es\/wp-content\/uploads\/2022\/07\/Logotipo_electoral_del_PSOE.png\",\"width\":422,\"height\":422,\"caption\":\"Agrupaci\u00f3n Provincial da Coru\u00f1a PSOE\"},\"image\":{\"@id\":\"https:\/\/agrupacionespsoe.es\/acoruna\/#\/schema\/logo\/image\/\"}},{\"@type\":\"Person\",\"@id\":\"https:\/\/agrupacionespsoe.es\/acoruna\/#\/schema\/person\/dbf2b36187b136d06a53f7937d5d5af9\",\"name\":\"Olympia M\u00e9ndez\",\"image\":{\"@type\":\"ImageObject\",\"inLanguage\":\"es\",\"@id\":\"https:\/\/agrupacionespsoe.es\/acoruna\/#\/schema\/person\/image\/\",\"url\":\"https:\/\/secure.gravatar.com\/avatar\/12db1fb8bfe20deb7a2d4ddc95b9042b?s=96&d=mm&r=g\",\"contentUrl\":\"https:\/\/secure.gravatar.com\/avatar\/12db1fb8bfe20deb7a2d4ddc95b9042b?s=96&d=mm&r=g\",\"caption\":\"Olympia M\u00e9ndez\"},\"url\":\"https:\/\/agrupacionespsoe.es\/acoruna\/author\/acoruna2\/\"}]}<\/script>\n<!-- \/ Yoast SEO plugin. -->","yoast_head_json":{"title":"O PSdeG denuncia dous anos de \u201cabandono\u201d da Xunta coa Costa da Morte e reclama soluci\u00f3ns urxentes en transporte, infraestruturas e servizos p\u00fablicos - Agrupaci\u00f3n Provincial da Coru\u00f1a PSOE","description":"Bernardo Fern\u00e1ndez e Patricia Iglesias critican en Vimianzo a mala situaci\u00f3n do transporte metropolitano, a falta de avances na autov\u00eda da Costa da Morte e a \u201cdiscriminaci\u00f3n\u201d nos investimentos da Xunta.","robots":{"index":"index","follow":"follow","max-snippet":"max-snippet:-1","max-image-preview":"max-image-preview:large","max-video-preview":"max-video-preview:-1"},"canonical":"https:\/\/agrupacionespsoe.es\/acoruna\/o-psdeg-denuncia-dous-anos-de-abandono-da-xunta-coa-costa-da-morte-e-reclama-solucions-urxentes-en-transporte-infraestruturas-e-servizos-publicos\/","og_locale":"es_ES","og_type":"article","og_title":"O PSdeG denuncia dous anos de \u201cabandono\u201d da Xunta coa Costa da Morte e reclama soluci\u00f3ns urxentes en transporte, infraestruturas e servizos p\u00fablicos - Agrupaci\u00f3n Provincial da Coru\u00f1a PSOE","og_description":"Bernardo Fern\u00e1ndez e Patricia Iglesias critican en Vimianzo a mala situaci\u00f3n do transporte metropolitano, a falta de avances na autov\u00eda da Costa da Morte e a \u201cdiscriminaci\u00f3n\u201d nos investimentos da Xunta.","og_url":"https:\/\/agrupacionespsoe.es\/acoruna\/o-psdeg-denuncia-dous-anos-de-abandono-da-xunta-coa-costa-da-morte-e-reclama-solucions-urxentes-en-transporte-infraestruturas-e-servizos-publicos\/","og_site_name":"Agrupaci\u00f3n Provincial da Coru\u00f1a PSOE","article_published_time":"2026-03-13T16:52:23+00:00","article_modified_time":"2026-03-13T16:52:24+00:00","og_image":[{"width":1600,"height":1066,"url":"https:\/\/agrupacionespsoe.es\/acoruna\/wp-content\/uploads\/sites\/198\/2026\/03\/RP-Costa-da-Morte-PSDED.jpeg","type":"image\/jpeg"}],"author":"Olympia M\u00e9ndez","twitter_card":"summary_large_image","twitter_misc":{"Escrito por":"Olympia M\u00e9ndez","Tiempo de lectura":"4 minutos"},"schema":{"@context":"https:\/\/schema.org","@graph":[{"@type":"Article","@id":"https:\/\/agrupacionespsoe.es\/acoruna\/o-psdeg-denuncia-dous-anos-de-abandono-da-xunta-coa-costa-da-morte-e-reclama-solucions-urxentes-en-transporte-infraestruturas-e-servizos-publicos\/#article","isPartOf":{"@id":"https:\/\/agrupacionespsoe.es\/acoruna\/o-psdeg-denuncia-dous-anos-de-abandono-da-xunta-coa-costa-da-morte-e-reclama-solucions-urxentes-en-transporte-infraestruturas-e-servizos-publicos\/"},"author":{"name":"Olympia M\u00e9ndez","@id":"https:\/\/agrupacionespsoe.es\/acoruna\/#\/schema\/person\/dbf2b36187b136d06a53f7937d5d5af9"},"headline":"O PSdeG denuncia dous anos de \u201cabandono\u201d da Xunta coa Costa da Morte e reclama soluci\u00f3ns urxentes en transporte, infraestruturas e servizos p\u00fablicos","datePublished":"2026-03-13T16:52:23+00:00","dateModified":"2026-03-13T16:52:24+00:00","mainEntityOfPage":{"@id":"https:\/\/agrupacionespsoe.es\/acoruna\/o-psdeg-denuncia-dous-anos-de-abandono-da-xunta-coa-costa-da-morte-e-reclama-solucions-urxentes-en-transporte-infraestruturas-e-servizos-publicos\/"},"wordCount":759,"commentCount":0,"publisher":{"@id":"https:\/\/agrupacionespsoe.es\/acoruna\/#organization"},"image":{"@id":"https:\/\/agrupacionespsoe.es\/acoruna\/o-psdeg-denuncia-dous-anos-de-abandono-da-xunta-coa-costa-da-morte-e-reclama-solucions-urxentes-en-transporte-infraestruturas-e-servizos-publicos\/#primaryimage"},"thumbnailUrl":"https:\/\/agrupacionespsoe.es\/acoruna\/wp-content\/uploads\/sites\/198\/2026\/03\/RP-Costa-da-Morte-PSDED.jpeg","keywords":["Alfonso Rueda","Bernardo Fern\u00e1ndez","Costa Atl\u00e1ntica","Costa da Morte","Infraestruturas","Patricia Iglesias","PSdeG-PSOE","Sanidade","Servizos p\u00fablicos","Transporte metropolitano","Vimianzo","Xunta de Galicia"],"articleSection":["Agrupaci\u00f3n Provincial da Coru\u00f1a","Costa da Morte"],"inLanguage":"es","potentialAction":[{"@type":"CommentAction","name":"Comment","target":["https:\/\/agrupacionespsoe.es\/acoruna\/o-psdeg-denuncia-dous-anos-de-abandono-da-xunta-coa-costa-da-morte-e-reclama-solucions-urxentes-en-transporte-infraestruturas-e-servizos-publicos\/#respond"]}]},{"@type":"WebPage","@id":"https:\/\/agrupacionespsoe.es\/acoruna\/o-psdeg-denuncia-dous-anos-de-abandono-da-xunta-coa-costa-da-morte-e-reclama-solucions-urxentes-en-transporte-infraestruturas-e-servizos-publicos\/","url":"https:\/\/agrupacionespsoe.es\/acoruna\/o-psdeg-denuncia-dous-anos-de-abandono-da-xunta-coa-costa-da-morte-e-reclama-solucions-urxentes-en-transporte-infraestruturas-e-servizos-publicos\/","name":"O PSdeG denuncia dous anos de \u201cabandono\u201d da Xunta coa Costa da Morte e reclama soluci\u00f3ns urxentes en transporte, infraestruturas e servizos p\u00fablicos - Agrupaci\u00f3n Provincial da Coru\u00f1a PSOE","isPartOf":{"@id":"https:\/\/agrupacionespsoe.es\/acoruna\/#website"},"primaryImageOfPage":{"@id":"https:\/\/agrupacionespsoe.es\/acoruna\/o-psdeg-denuncia-dous-anos-de-abandono-da-xunta-coa-costa-da-morte-e-reclama-solucions-urxentes-en-transporte-infraestruturas-e-servizos-publicos\/#primaryimage"},"image":{"@id":"https:\/\/agrupacionespsoe.es\/acoruna\/o-psdeg-denuncia-dous-anos-de-abandono-da-xunta-coa-costa-da-morte-e-reclama-solucions-urxentes-en-transporte-infraestruturas-e-servizos-publicos\/#primaryimage"},"thumbnailUrl":"https:\/\/agrupacionespsoe.es\/acoruna\/wp-content\/uploads\/sites\/198\/2026\/03\/RP-Costa-da-Morte-PSDED.jpeg","datePublished":"2026-03-13T16:52:23+00:00","dateModified":"2026-03-13T16:52:24+00:00","description":"Bernardo Fern\u00e1ndez e Patricia Iglesias critican en Vimianzo a mala situaci\u00f3n do transporte metropolitano, a falta de avances na autov\u00eda da Costa da Morte e a \u201cdiscriminaci\u00f3n\u201d nos investimentos da Xunta.","breadcrumb":{"@id":"https:\/\/agrupacionespsoe.es\/acoruna\/o-psdeg-denuncia-dous-anos-de-abandono-da-xunta-coa-costa-da-morte-e-reclama-solucions-urxentes-en-transporte-infraestruturas-e-servizos-publicos\/#breadcrumb"},"inLanguage":"es","potentialAction":[{"@type":"ReadAction","target":["https:\/\/agrupacionespsoe.es\/acoruna\/o-psdeg-denuncia-dous-anos-de-abandono-da-xunta-coa-costa-da-morte-e-reclama-solucions-urxentes-en-transporte-infraestruturas-e-servizos-publicos\/"]}]},{"@type":"ImageObject","inLanguage":"es","@id":"https:\/\/agrupacionespsoe.es\/acoruna\/o-psdeg-denuncia-dous-anos-de-abandono-da-xunta-coa-costa-da-morte-e-reclama-solucions-urxentes-en-transporte-infraestruturas-e-servizos-publicos\/#primaryimage","url":"https:\/\/agrupacionespsoe.es\/acoruna\/wp-content\/uploads\/sites\/198\/2026\/03\/RP-Costa-da-Morte-PSDED.jpeg","contentUrl":"https:\/\/agrupacionespsoe.es\/acoruna\/wp-content\/uploads\/sites\/198\/2026\/03\/RP-Costa-da-Morte-PSDED.jpeg","width":1600,"height":1066},{"@type":"BreadcrumbList","@id":"https:\/\/agrupacionespsoe.es\/acoruna\/o-psdeg-denuncia-dous-anos-de-abandono-da-xunta-coa-costa-da-morte-e-reclama-solucions-urxentes-en-transporte-infraestruturas-e-servizos-publicos\/#breadcrumb","itemListElement":[{"@type":"ListItem","position":1,"name":"Portada","item":"https:\/\/agrupacionespsoe.es\/acoruna\/"},{"@type":"ListItem","position":2,"name":"O PSdeG denuncia dous anos de \u201cabandono\u201d da Xunta coa Costa da Morte e reclama soluci\u00f3ns urxentes en transporte, infraestruturas e servizos p\u00fablicos"}]},{"@type":"WebSite","@id":"https:\/\/agrupacionespsoe.es\/acoruna\/#website","url":"https:\/\/agrupacionespsoe.es\/acoruna\/","name":"Agrupaci\u00f3n Provincial da Coru\u00f1a PSOE","description":"Provincial PSdeG-PSOE da Coru\u00f1a","publisher":{"@id":"https:\/\/agrupacionespsoe.es\/acoruna\/#organization"},"potentialAction":[{"@type":"SearchAction","target":{"@type":"EntryPoint","urlTemplate":"https:\/\/agrupacionespsoe.es\/acoruna\/?s={search_term_string}"},"query-input":{"@type":"PropertyValueSpecification","valueRequired":true,"valueName":"search_term_string"}}],"inLanguage":"es"},{"@type":"Organization","@id":"https:\/\/agrupacionespsoe.es\/acoruna\/#organization","name":"Agrupaci\u00f3n Provincial da Coru\u00f1a PSOE","url":"https:\/\/agrupacionespsoe.es\/acoruna\/","logo":{"@type":"ImageObject","inLanguage":"es","@id":"https:\/\/agrupacionespsoe.es\/acoruna\/#\/schema\/logo\/image\/","url":"https:\/\/agrupacionespsoe.es\/wp-content\/uploads\/2022\/07\/Logotipo_electoral_del_PSOE.png","contentUrl":"https:\/\/agrupacionespsoe.es\/wp-content\/uploads\/2022\/07\/Logotipo_electoral_del_PSOE.png","width":422,"height":422,"caption":"Agrupaci\u00f3n Provincial da Coru\u00f1a PSOE"},"image":{"@id":"https:\/\/agrupacionespsoe.es\/acoruna\/#\/schema\/logo\/image\/"}},{"@type":"Person","@id":"https:\/\/agrupacionespsoe.es\/acoruna\/#\/schema\/person\/dbf2b36187b136d06a53f7937d5d5af9","name":"Olympia M\u00e9ndez","image":{"@type":"ImageObject","inLanguage":"es","@id":"https:\/\/agrupacionespsoe.es\/acoruna\/#\/schema\/person\/image\/","url":"https:\/\/secure.gravatar.com\/avatar\/12db1fb8bfe20deb7a2d4ddc95b9042b?s=96&d=mm&r=g","contentUrl":"https:\/\/secure.gravatar.com\/avatar\/12db1fb8bfe20deb7a2d4ddc95b9042b?s=96&d=mm&r=g","caption":"Olympia M\u00e9ndez"},"url":"https:\/\/agrupacionespsoe.es\/acoruna\/author\/acoruna2\/"}]}},"jetpack_featured_media_url":"https:\/\/agrupacionespsoe.es\/acoruna\/wp-content\/uploads\/sites\/198\/2026\/03\/RP-Costa-da-Morte-PSDED.jpeg","jetpack_sharing_enabled":true,"jetpack_likes_enabled":true,"_links":{"self":[{"href":"https:\/\/agrupacionespsoe.es\/acoruna\/wp-json\/wp\/v2\/posts\/2864","targetHints":{"allow":["GET"]}}],"collection":[{"href":"https:\/\/agrupacionespsoe.es\/acoruna\/wp-json\/wp\/v2\/posts"}],"about":[{"href":"https:\/\/agrupacionespsoe.es\/acoruna\/wp-json\/wp\/v2\/types\/post"}],"author":[{"embeddable":true,"href":"https:\/\/agrupacionespsoe.es\/acoruna\/wp-json\/wp\/v2\/users\/282"}],"replies":[{"embeddable":true,"href":"https:\/\/agrupacionespsoe.es\/acoruna\/wp-json\/wp\/v2\/comments?post=2864"}],"version-history":[{"count":2,"href":"https:\/\/agrupacionespsoe.es\/acoruna\/wp-json\/wp\/v2\/posts\/2864\/revisions"}],"predecessor-version":[{"id":2868,"href":"https:\/\/agrupacionespsoe.es\/acoruna\/wp-json\/wp\/v2\/posts\/2864\/revisions\/2868"}],"wp:featuredmedia":[{"embeddable":true,"href":"https:\/\/agrupacionespsoe.es\/acoruna\/wp-json\/wp\/v2\/media\/2865"}],"wp:attachment":[{"href":"https:\/\/agrupacionespsoe.es\/acoruna\/wp-json\/wp\/v2\/media?parent=2864"}],"wp:term":[{"taxonomy":"category","embeddable":true,"href":"https:\/\/agrupacionespsoe.es\/acoruna\/wp-json\/wp\/v2\/categories?post=2864"},{"taxonomy":"post_tag","embeddable":true,"href":"https:\/\/agrupacionespsoe.es\/acoruna\/wp-json\/wp\/v2\/tags?post=2864"}],"curies":[{"name":"wp","href":"https:\/\/api.w.org\/{rel}","templated":true}]}}