{"id":2856,"date":"2026-03-13T17:43:21","date_gmt":"2026-03-13T16:43:21","guid":{"rendered":"https:\/\/agrupacionespsoe.es\/acoruna\/?p=2856"},"modified":"2026-03-13T17:43:22","modified_gmt":"2026-03-13T16:43:22","slug":"o-psdeg-reclamalle-a-xunta-que-no-centro-de-saude-de-carral-se-poidan-pasar-consultas-sen-estar-debaixo-de-pingueiras","status":"publish","type":"post","link":"https:\/\/agrupacionespsoe.es\/acoruna\/o-psdeg-reclamalle-a-xunta-que-no-centro-de-saude-de-carral-se-poidan-pasar-consultas-sen-estar-debaixo-de-pingueiras\/","title":{"rendered":"O PSdeG recl\u00e1malle \u00e1 Xunta que no Centro de Sa\u00fade de Carral se poidan pasar consultas &#8220;sen estar debaixo de pingueiras&#8221;"},"content":{"rendered":"\n<ul class=\"wp-block-list\">\n<li><strong>Silvia Longueira esixiu que, mentres non se constr\u00faa un novo ambulatorio, se acometan melloras nun edificio que, ademais de quedar pequeno para atender \u00e1 poboaci\u00f3n da localidade, se aproxima aos 40 anos e carece do mantemento axeitado<\/strong><\/li>\n\n\n\n<li><strong>A deputada sinalou que, grazas \u00e1 presi\u00f3n do Grupo Socialista a trav\u00e9s de diversas iniciativas, hoxe mesmo, a Conseller\u00eda de Sanidade enviou un equipo de t\u00e9cnicos a revisar as instalaci\u00f3ns<\/strong><\/li>\n<\/ul>\n\n\n\n<section class=\"wp-block-psoe-separador bg-primary px-2\"><hr class=\"color-white bg-white opacity-1 h-[1px] w-full\" \/><\/section>\n\n\n\n<p class=\"has-medium-font-size\">A deputada socialista Silvia Longueira reclamoulle hoxe \u00e1 Xunta que execute as obras de mantemento necesarias para que no centro de sa\u00fade de Carral se poida pasar consulta \u201csen estar debaixo de pingueiras\u201d. Referiuse as\u00ed \u00e1s deficiencias que se rexistran nun edificio que queda pequeno para atender \u00e1 poboaci\u00f3n da localidade e que presenta numerosas deficiencias e se achega \u00e1s catro d\u00e9cadas en uso.<\/p>\n\n\n\n<p class=\"has-medium-font-size\">Longueira recordou que os veci\u00f1os ve\u00f1en demandando desde hai tempo melloras no centro de sa\u00fade, \u00e1 espera de que se aborde dunha vez a construci\u00f3n dun novo ambulatorio. Esas instalaci\u00f3ns deber\u00edan dar servizo no futuro a unha poboaci\u00f3n en constante aumento, sinalou.<\/p>\n\n\n\n<p class=\"has-medium-font-size\">A deputada socialista defendeu a necesidade de garantir o funcionamento correcto do actual centro de sa\u00fade logo de continuos problemas para a prestaci\u00f3n do servizo. Como exemplo desas eivas puxo que, en decembro, os veci\u00f1os e veci\u00f1as de Carral non puideron solicitar ningunha cita para o m\u00e9dico de familia. Explicou tam\u00e9n que para as citas coa matrona, o sistema de solicitude on-line respond\u00eda cunha mensaxe que dic\u00eda: \u201cA axenda do profesional non disp\u00f3n de ocos libres. Contacta co teu centro de sa\u00fade\u201d.<\/p>\n\n\n\n<p class=\"has-medium-font-size\">Silvia Longueira sinalou incluso as dificultades para habilitar unha quenda de tarde, ante a falta de espazo, para reducir as agardas na atenci\u00f3n primaria. As\u00ed, as citas estanse dando cun prazo de quince d\u00edas, \u201ce para as an\u00e1lises estanse tardando trinta\u201d.<\/p>\n\n\n\n<p class=\"has-medium-font-size\">Valorou tam\u00e9n que, grazas \u00e1 presi\u00f3n que ve\u00f1en exercendo os socialistas a trav\u00e9s de diversas iniciativas, a conseller\u00eda enviou hoxe mesmo ao centro de sa\u00fade de Carral un grupo de t\u00e9cnicos para que revisasen o estado do edificio. \u201cAgardamos que despois do ver\u00e1n os problemas estean arranxados\u201d, dixo a parlamentaria do PSdeG.<\/p>\n\n\n\n<p><\/p>\n","protected":false},"excerpt":{"rendered":"<p>A deputada socialista Silvia Longueira reclamoulle hoxe \u00e1 Xunta que execute as obras de mantemento necesarias para que no centro de sa\u00fade de Carral se poida pasar consulta \u201csen estar debaixo de pingueiras\u201d. Referiuse as\u00ed \u00e1s deficiencias que se rexistran nun edificio que queda pequeno para atender \u00e1 poboaci\u00f3n da localidade e que presenta numerosas &#8230;<\/p>\n","protected":false},"author":282,"featured_media":2857,"comment_status":"open","ping_status":"open","sticky":false,"template":"","format":"standard","meta":{"_jetpack_memberships_contains_paid_content":false,"footnotes":""},"categories":[425,89],"tags":[427,383,58,50,22,237,285,159],"class_list":["post-2856","post","type-post","status-publish","format-standard","has-post-thumbnail","hentry","category-carral","category-sanidade","tag-carral","tag-centro-de-saude","tag-infraestruturas","tag-parlamento-de-galicia","tag-psdeg-psoe","tag-sanidade","tag-silvia-longueira","tag-xunta-de-galicia"],"yoast_head":"<!-- This site is optimized with the Yoast SEO plugin v24.0 - https:\/\/yoast.com\/wordpress\/plugins\/seo\/ -->\n<title>O PSdeG recl\u00e1malle \u00e1 Xunta que no Centro de Sa\u00fade de Carral se poidan pasar consultas &quot;sen estar debaixo de pingueiras&quot; - Agrupaci\u00f3n Provincial da Coru\u00f1a PSOE<\/title>\n<meta name=\"description\" content=\"Silvia Longueira esixiu que, mentres non se constr\u00faa un novo ambulatorio, se acometan melloras nun edificio que, ademais de quedar pequeno para atender \u00e1 poboaci\u00f3n da localidade, se aproxima aos 40 anos e carece do mantemento axeitado.\" \/>\n<meta name=\"robots\" content=\"index, follow, max-snippet:-1, max-image-preview:large, max-video-preview:-1\" \/>\n<link rel=\"canonical\" href=\"https:\/\/agrupacionespsoe.es\/acoruna\/o-psdeg-reclamalle-a-xunta-que-no-centro-de-saude-de-carral-se-poidan-pasar-consultas-sen-estar-debaixo-de-pingueiras\/\" \/>\n<meta property=\"og:locale\" content=\"es_ES\" \/>\n<meta property=\"og:type\" content=\"article\" \/>\n<meta property=\"og:title\" content=\"O PSdeG recl\u00e1malle \u00e1 Xunta que no Centro de Sa\u00fade de Carral se poidan pasar consultas &quot;sen estar debaixo de pingueiras&quot; - Agrupaci\u00f3n Provincial da Coru\u00f1a PSOE\" \/>\n<meta property=\"og:description\" content=\"Silvia Longueira esixiu que, mentres non se constr\u00faa un novo ambulatorio, se acometan melloras nun edificio que, ademais de quedar pequeno para atender \u00e1 poboaci\u00f3n da localidade, se aproxima aos 40 anos e carece do mantemento axeitado.\" \/>\n<meta property=\"og:url\" content=\"https:\/\/agrupacionespsoe.es\/acoruna\/o-psdeg-reclamalle-a-xunta-que-no-centro-de-saude-de-carral-se-poidan-pasar-consultas-sen-estar-debaixo-de-pingueiras\/\" \/>\n<meta property=\"og:site_name\" content=\"Agrupaci\u00f3n Provincial da Coru\u00f1a PSOE\" \/>\n<meta property=\"article:published_time\" content=\"2026-03-13T16:43:21+00:00\" \/>\n<meta property=\"article:modified_time\" content=\"2026-03-13T16:43:22+00:00\" \/>\n<meta property=\"og:image\" content=\"https:\/\/agrupacionespsoe.es\/acoruna\/wp-content\/uploads\/sites\/198\/2026\/03\/SilviaLongueira_Pleno-scaled.jpeg\" \/>\n\t<meta property=\"og:image:width\" content=\"2560\" \/>\n\t<meta property=\"og:image:height\" content=\"1436\" \/>\n\t<meta property=\"og:image:type\" content=\"image\/jpeg\" \/>\n<meta name=\"author\" content=\"Olympia M\u00e9ndez\" \/>\n<meta name=\"twitter:card\" content=\"summary_large_image\" \/>\n<meta name=\"twitter:label1\" content=\"Escrito por\" \/>\n\t<meta name=\"twitter:data1\" content=\"Olympia M\u00e9ndez\" \/>\n\t<meta name=\"twitter:label2\" content=\"Tiempo de lectura\" \/>\n\t<meta name=\"twitter:data2\" content=\"2 minutos\" \/>\n<script type=\"application\/ld+json\" class=\"yoast-schema-graph\">{\"@context\":\"https:\/\/schema.org\",\"@graph\":[{\"@type\":\"Article\",\"@id\":\"https:\/\/agrupacionespsoe.es\/acoruna\/o-psdeg-reclamalle-a-xunta-que-no-centro-de-saude-de-carral-se-poidan-pasar-consultas-sen-estar-debaixo-de-pingueiras\/#article\",\"isPartOf\":{\"@id\":\"https:\/\/agrupacionespsoe.es\/acoruna\/o-psdeg-reclamalle-a-xunta-que-no-centro-de-saude-de-carral-se-poidan-pasar-consultas-sen-estar-debaixo-de-pingueiras\/\"},\"author\":{\"name\":\"Olympia M\u00e9ndez\",\"@id\":\"https:\/\/agrupacionespsoe.es\/acoruna\/#\/schema\/person\/dbf2b36187b136d06a53f7937d5d5af9\"},\"headline\":\"O PSdeG recl\u00e1malle \u00e1 Xunta que no Centro de Sa\u00fade de Carral se poidan pasar consultas &#8220;sen estar debaixo de pingueiras&#8221;\",\"datePublished\":\"2026-03-13T16:43:21+00:00\",\"dateModified\":\"2026-03-13T16:43:22+00:00\",\"mainEntityOfPage\":{\"@id\":\"https:\/\/agrupacionespsoe.es\/acoruna\/o-psdeg-reclamalle-a-xunta-que-no-centro-de-saude-de-carral-se-poidan-pasar-consultas-sen-estar-debaixo-de-pingueiras\/\"},\"wordCount\":401,\"commentCount\":0,\"publisher\":{\"@id\":\"https:\/\/agrupacionespsoe.es\/acoruna\/#organization\"},\"image\":{\"@id\":\"https:\/\/agrupacionespsoe.es\/acoruna\/o-psdeg-reclamalle-a-xunta-que-no-centro-de-saude-de-carral-se-poidan-pasar-consultas-sen-estar-debaixo-de-pingueiras\/#primaryimage\"},\"thumbnailUrl\":\"https:\/\/agrupacionespsoe.es\/acoruna\/wp-content\/uploads\/sites\/198\/2026\/03\/SilviaLongueira_Pleno-scaled.jpeg\",\"keywords\":[\"Carral\",\"Centro de Sa\u00fade\",\"Infraestruturas\",\"Parlamento de Galicia\",\"PSdeG-PSOE\",\"Sanidade\",\"Silvia Longueira\",\"Xunta de Galicia\"],\"articleSection\":[\"Carral\",\"Sanidade\"],\"inLanguage\":\"es\",\"potentialAction\":[{\"@type\":\"CommentAction\",\"name\":\"Comment\",\"target\":[\"https:\/\/agrupacionespsoe.es\/acoruna\/o-psdeg-reclamalle-a-xunta-que-no-centro-de-saude-de-carral-se-poidan-pasar-consultas-sen-estar-debaixo-de-pingueiras\/#respond\"]}]},{\"@type\":\"WebPage\",\"@id\":\"https:\/\/agrupacionespsoe.es\/acoruna\/o-psdeg-reclamalle-a-xunta-que-no-centro-de-saude-de-carral-se-poidan-pasar-consultas-sen-estar-debaixo-de-pingueiras\/\",\"url\":\"https:\/\/agrupacionespsoe.es\/acoruna\/o-psdeg-reclamalle-a-xunta-que-no-centro-de-saude-de-carral-se-poidan-pasar-consultas-sen-estar-debaixo-de-pingueiras\/\",\"name\":\"O PSdeG recl\u00e1malle \u00e1 Xunta que no Centro de Sa\u00fade de Carral se poidan pasar consultas \\\"sen estar debaixo de pingueiras\\\" - Agrupaci\u00f3n Provincial da Coru\u00f1a PSOE\",\"isPartOf\":{\"@id\":\"https:\/\/agrupacionespsoe.es\/acoruna\/#website\"},\"primaryImageOfPage\":{\"@id\":\"https:\/\/agrupacionespsoe.es\/acoruna\/o-psdeg-reclamalle-a-xunta-que-no-centro-de-saude-de-carral-se-poidan-pasar-consultas-sen-estar-debaixo-de-pingueiras\/#primaryimage\"},\"image\":{\"@id\":\"https:\/\/agrupacionespsoe.es\/acoruna\/o-psdeg-reclamalle-a-xunta-que-no-centro-de-saude-de-carral-se-poidan-pasar-consultas-sen-estar-debaixo-de-pingueiras\/#primaryimage\"},\"thumbnailUrl\":\"https:\/\/agrupacionespsoe.es\/acoruna\/wp-content\/uploads\/sites\/198\/2026\/03\/SilviaLongueira_Pleno-scaled.jpeg\",\"datePublished\":\"2026-03-13T16:43:21+00:00\",\"dateModified\":\"2026-03-13T16:43:22+00:00\",\"description\":\"Silvia Longueira esixiu que, mentres non se constr\u00faa un novo ambulatorio, se acometan melloras nun edificio que, ademais de quedar pequeno para atender \u00e1 poboaci\u00f3n da localidade, se aproxima aos 40 anos e carece do mantemento axeitado.\",\"breadcrumb\":{\"@id\":\"https:\/\/agrupacionespsoe.es\/acoruna\/o-psdeg-reclamalle-a-xunta-que-no-centro-de-saude-de-carral-se-poidan-pasar-consultas-sen-estar-debaixo-de-pingueiras\/#breadcrumb\"},\"inLanguage\":\"es\",\"potentialAction\":[{\"@type\":\"ReadAction\",\"target\":[\"https:\/\/agrupacionespsoe.es\/acoruna\/o-psdeg-reclamalle-a-xunta-que-no-centro-de-saude-de-carral-se-poidan-pasar-consultas-sen-estar-debaixo-de-pingueiras\/\"]}]},{\"@type\":\"ImageObject\",\"inLanguage\":\"es\",\"@id\":\"https:\/\/agrupacionespsoe.es\/acoruna\/o-psdeg-reclamalle-a-xunta-que-no-centro-de-saude-de-carral-se-poidan-pasar-consultas-sen-estar-debaixo-de-pingueiras\/#primaryimage\",\"url\":\"https:\/\/agrupacionespsoe.es\/acoruna\/wp-content\/uploads\/sites\/198\/2026\/03\/SilviaLongueira_Pleno-scaled.jpeg\",\"contentUrl\":\"https:\/\/agrupacionespsoe.es\/acoruna\/wp-content\/uploads\/sites\/198\/2026\/03\/SilviaLongueira_Pleno-scaled.jpeg\",\"width\":2560,\"height\":1436},{\"@type\":\"BreadcrumbList\",\"@id\":\"https:\/\/agrupacionespsoe.es\/acoruna\/o-psdeg-reclamalle-a-xunta-que-no-centro-de-saude-de-carral-se-poidan-pasar-consultas-sen-estar-debaixo-de-pingueiras\/#breadcrumb\",\"itemListElement\":[{\"@type\":\"ListItem\",\"position\":1,\"name\":\"Portada\",\"item\":\"https:\/\/agrupacionespsoe.es\/acoruna\/\"},{\"@type\":\"ListItem\",\"position\":2,\"name\":\"O PSdeG recl\u00e1malle \u00e1 Xunta que no Centro de Sa\u00fade de Carral se poidan pasar consultas \u00absen estar debaixo de pingueiras\u00bb\"}]},{\"@type\":\"WebSite\",\"@id\":\"https:\/\/agrupacionespsoe.es\/acoruna\/#website\",\"url\":\"https:\/\/agrupacionespsoe.es\/acoruna\/\",\"name\":\"Agrupaci\u00f3n Provincial da Coru\u00f1a PSOE\",\"description\":\"Provincial PSdeG-PSOE da Coru\u00f1a\",\"publisher\":{\"@id\":\"https:\/\/agrupacionespsoe.es\/acoruna\/#organization\"},\"potentialAction\":[{\"@type\":\"SearchAction\",\"target\":{\"@type\":\"EntryPoint\",\"urlTemplate\":\"https:\/\/agrupacionespsoe.es\/acoruna\/?s={search_term_string}\"},\"query-input\":{\"@type\":\"PropertyValueSpecification\",\"valueRequired\":true,\"valueName\":\"search_term_string\"}}],\"inLanguage\":\"es\"},{\"@type\":\"Organization\",\"@id\":\"https:\/\/agrupacionespsoe.es\/acoruna\/#organization\",\"name\":\"Agrupaci\u00f3n Provincial da Coru\u00f1a PSOE\",\"url\":\"https:\/\/agrupacionespsoe.es\/acoruna\/\",\"logo\":{\"@type\":\"ImageObject\",\"inLanguage\":\"es\",\"@id\":\"https:\/\/agrupacionespsoe.es\/acoruna\/#\/schema\/logo\/image\/\",\"url\":\"https:\/\/agrupacionespsoe.es\/wp-content\/uploads\/2022\/07\/Logotipo_electoral_del_PSOE.png\",\"contentUrl\":\"https:\/\/agrupacionespsoe.es\/wp-content\/uploads\/2022\/07\/Logotipo_electoral_del_PSOE.png\",\"width\":422,\"height\":422,\"caption\":\"Agrupaci\u00f3n Provincial da Coru\u00f1a PSOE\"},\"image\":{\"@id\":\"https:\/\/agrupacionespsoe.es\/acoruna\/#\/schema\/logo\/image\/\"}},{\"@type\":\"Person\",\"@id\":\"https:\/\/agrupacionespsoe.es\/acoruna\/#\/schema\/person\/dbf2b36187b136d06a53f7937d5d5af9\",\"name\":\"Olympia M\u00e9ndez\",\"image\":{\"@type\":\"ImageObject\",\"inLanguage\":\"es\",\"@id\":\"https:\/\/agrupacionespsoe.es\/acoruna\/#\/schema\/person\/image\/\",\"url\":\"https:\/\/secure.gravatar.com\/avatar\/12db1fb8bfe20deb7a2d4ddc95b9042b?s=96&d=mm&r=g\",\"contentUrl\":\"https:\/\/secure.gravatar.com\/avatar\/12db1fb8bfe20deb7a2d4ddc95b9042b?s=96&d=mm&r=g\",\"caption\":\"Olympia M\u00e9ndez\"},\"url\":\"https:\/\/agrupacionespsoe.es\/acoruna\/author\/acoruna2\/\"}]}<\/script>\n<!-- \/ Yoast SEO plugin. -->","yoast_head_json":{"title":"O PSdeG recl\u00e1malle \u00e1 Xunta que no Centro de Sa\u00fade de Carral se poidan pasar consultas \"sen estar debaixo de pingueiras\" - Agrupaci\u00f3n Provincial da Coru\u00f1a PSOE","description":"Silvia Longueira esixiu que, mentres non se constr\u00faa un novo ambulatorio, se acometan melloras nun edificio que, ademais de quedar pequeno para atender \u00e1 poboaci\u00f3n da localidade, se aproxima aos 40 anos e carece do mantemento axeitado.","robots":{"index":"index","follow":"follow","max-snippet":"max-snippet:-1","max-image-preview":"max-image-preview:large","max-video-preview":"max-video-preview:-1"},"canonical":"https:\/\/agrupacionespsoe.es\/acoruna\/o-psdeg-reclamalle-a-xunta-que-no-centro-de-saude-de-carral-se-poidan-pasar-consultas-sen-estar-debaixo-de-pingueiras\/","og_locale":"es_ES","og_type":"article","og_title":"O PSdeG recl\u00e1malle \u00e1 Xunta que no Centro de Sa\u00fade de Carral se poidan pasar consultas \"sen estar debaixo de pingueiras\" - Agrupaci\u00f3n Provincial da Coru\u00f1a PSOE","og_description":"Silvia Longueira esixiu que, mentres non se constr\u00faa un novo ambulatorio, se acometan melloras nun edificio que, ademais de quedar pequeno para atender \u00e1 poboaci\u00f3n da localidade, se aproxima aos 40 anos e carece do mantemento axeitado.","og_url":"https:\/\/agrupacionespsoe.es\/acoruna\/o-psdeg-reclamalle-a-xunta-que-no-centro-de-saude-de-carral-se-poidan-pasar-consultas-sen-estar-debaixo-de-pingueiras\/","og_site_name":"Agrupaci\u00f3n Provincial da Coru\u00f1a PSOE","article_published_time":"2026-03-13T16:43:21+00:00","article_modified_time":"2026-03-13T16:43:22+00:00","og_image":[{"width":2560,"height":1436,"url":"https:\/\/agrupacionespsoe.es\/acoruna\/wp-content\/uploads\/sites\/198\/2026\/03\/SilviaLongueira_Pleno-scaled.jpeg","type":"image\/jpeg"}],"author":"Olympia M\u00e9ndez","twitter_card":"summary_large_image","twitter_misc":{"Escrito por":"Olympia M\u00e9ndez","Tiempo de lectura":"2 minutos"},"schema":{"@context":"https:\/\/schema.org","@graph":[{"@type":"Article","@id":"https:\/\/agrupacionespsoe.es\/acoruna\/o-psdeg-reclamalle-a-xunta-que-no-centro-de-saude-de-carral-se-poidan-pasar-consultas-sen-estar-debaixo-de-pingueiras\/#article","isPartOf":{"@id":"https:\/\/agrupacionespsoe.es\/acoruna\/o-psdeg-reclamalle-a-xunta-que-no-centro-de-saude-de-carral-se-poidan-pasar-consultas-sen-estar-debaixo-de-pingueiras\/"},"author":{"name":"Olympia M\u00e9ndez","@id":"https:\/\/agrupacionespsoe.es\/acoruna\/#\/schema\/person\/dbf2b36187b136d06a53f7937d5d5af9"},"headline":"O PSdeG recl\u00e1malle \u00e1 Xunta que no Centro de Sa\u00fade de Carral se poidan pasar consultas &#8220;sen estar debaixo de pingueiras&#8221;","datePublished":"2026-03-13T16:43:21+00:00","dateModified":"2026-03-13T16:43:22+00:00","mainEntityOfPage":{"@id":"https:\/\/agrupacionespsoe.es\/acoruna\/o-psdeg-reclamalle-a-xunta-que-no-centro-de-saude-de-carral-se-poidan-pasar-consultas-sen-estar-debaixo-de-pingueiras\/"},"wordCount":401,"commentCount":0,"publisher":{"@id":"https:\/\/agrupacionespsoe.es\/acoruna\/#organization"},"image":{"@id":"https:\/\/agrupacionespsoe.es\/acoruna\/o-psdeg-reclamalle-a-xunta-que-no-centro-de-saude-de-carral-se-poidan-pasar-consultas-sen-estar-debaixo-de-pingueiras\/#primaryimage"},"thumbnailUrl":"https:\/\/agrupacionespsoe.es\/acoruna\/wp-content\/uploads\/sites\/198\/2026\/03\/SilviaLongueira_Pleno-scaled.jpeg","keywords":["Carral","Centro de Sa\u00fade","Infraestruturas","Parlamento de Galicia","PSdeG-PSOE","Sanidade","Silvia Longueira","Xunta de Galicia"],"articleSection":["Carral","Sanidade"],"inLanguage":"es","potentialAction":[{"@type":"CommentAction","name":"Comment","target":["https:\/\/agrupacionespsoe.es\/acoruna\/o-psdeg-reclamalle-a-xunta-que-no-centro-de-saude-de-carral-se-poidan-pasar-consultas-sen-estar-debaixo-de-pingueiras\/#respond"]}]},{"@type":"WebPage","@id":"https:\/\/agrupacionespsoe.es\/acoruna\/o-psdeg-reclamalle-a-xunta-que-no-centro-de-saude-de-carral-se-poidan-pasar-consultas-sen-estar-debaixo-de-pingueiras\/","url":"https:\/\/agrupacionespsoe.es\/acoruna\/o-psdeg-reclamalle-a-xunta-que-no-centro-de-saude-de-carral-se-poidan-pasar-consultas-sen-estar-debaixo-de-pingueiras\/","name":"O PSdeG recl\u00e1malle \u00e1 Xunta que no Centro de Sa\u00fade de Carral se poidan pasar consultas \"sen estar debaixo de pingueiras\" - Agrupaci\u00f3n Provincial da Coru\u00f1a PSOE","isPartOf":{"@id":"https:\/\/agrupacionespsoe.es\/acoruna\/#website"},"primaryImageOfPage":{"@id":"https:\/\/agrupacionespsoe.es\/acoruna\/o-psdeg-reclamalle-a-xunta-que-no-centro-de-saude-de-carral-se-poidan-pasar-consultas-sen-estar-debaixo-de-pingueiras\/#primaryimage"},"image":{"@id":"https:\/\/agrupacionespsoe.es\/acoruna\/o-psdeg-reclamalle-a-xunta-que-no-centro-de-saude-de-carral-se-poidan-pasar-consultas-sen-estar-debaixo-de-pingueiras\/#primaryimage"},"thumbnailUrl":"https:\/\/agrupacionespsoe.es\/acoruna\/wp-content\/uploads\/sites\/198\/2026\/03\/SilviaLongueira_Pleno-scaled.jpeg","datePublished":"2026-03-13T16:43:21+00:00","dateModified":"2026-03-13T16:43:22+00:00","description":"Silvia Longueira esixiu que, mentres non se constr\u00faa un novo ambulatorio, se acometan melloras nun edificio que, ademais de quedar pequeno para atender \u00e1 poboaci\u00f3n da localidade, se aproxima aos 40 anos e carece do mantemento axeitado.","breadcrumb":{"@id":"https:\/\/agrupacionespsoe.es\/acoruna\/o-psdeg-reclamalle-a-xunta-que-no-centro-de-saude-de-carral-se-poidan-pasar-consultas-sen-estar-debaixo-de-pingueiras\/#breadcrumb"},"inLanguage":"es","potentialAction":[{"@type":"ReadAction","target":["https:\/\/agrupacionespsoe.es\/acoruna\/o-psdeg-reclamalle-a-xunta-que-no-centro-de-saude-de-carral-se-poidan-pasar-consultas-sen-estar-debaixo-de-pingueiras\/"]}]},{"@type":"ImageObject","inLanguage":"es","@id":"https:\/\/agrupacionespsoe.es\/acoruna\/o-psdeg-reclamalle-a-xunta-que-no-centro-de-saude-de-carral-se-poidan-pasar-consultas-sen-estar-debaixo-de-pingueiras\/#primaryimage","url":"https:\/\/agrupacionespsoe.es\/acoruna\/wp-content\/uploads\/sites\/198\/2026\/03\/SilviaLongueira_Pleno-scaled.jpeg","contentUrl":"https:\/\/agrupacionespsoe.es\/acoruna\/wp-content\/uploads\/sites\/198\/2026\/03\/SilviaLongueira_Pleno-scaled.jpeg","width":2560,"height":1436},{"@type":"BreadcrumbList","@id":"https:\/\/agrupacionespsoe.es\/acoruna\/o-psdeg-reclamalle-a-xunta-que-no-centro-de-saude-de-carral-se-poidan-pasar-consultas-sen-estar-debaixo-de-pingueiras\/#breadcrumb","itemListElement":[{"@type":"ListItem","position":1,"name":"Portada","item":"https:\/\/agrupacionespsoe.es\/acoruna\/"},{"@type":"ListItem","position":2,"name":"O PSdeG recl\u00e1malle \u00e1 Xunta que no Centro de Sa\u00fade de Carral se poidan pasar consultas \u00absen estar debaixo de pingueiras\u00bb"}]},{"@type":"WebSite","@id":"https:\/\/agrupacionespsoe.es\/acoruna\/#website","url":"https:\/\/agrupacionespsoe.es\/acoruna\/","name":"Agrupaci\u00f3n Provincial da Coru\u00f1a PSOE","description":"Provincial PSdeG-PSOE da Coru\u00f1a","publisher":{"@id":"https:\/\/agrupacionespsoe.es\/acoruna\/#organization"},"potentialAction":[{"@type":"SearchAction","target":{"@type":"EntryPoint","urlTemplate":"https:\/\/agrupacionespsoe.es\/acoruna\/?s={search_term_string}"},"query-input":{"@type":"PropertyValueSpecification","valueRequired":true,"valueName":"search_term_string"}}],"inLanguage":"es"},{"@type":"Organization","@id":"https:\/\/agrupacionespsoe.es\/acoruna\/#organization","name":"Agrupaci\u00f3n Provincial da Coru\u00f1a PSOE","url":"https:\/\/agrupacionespsoe.es\/acoruna\/","logo":{"@type":"ImageObject","inLanguage":"es","@id":"https:\/\/agrupacionespsoe.es\/acoruna\/#\/schema\/logo\/image\/","url":"https:\/\/agrupacionespsoe.es\/wp-content\/uploads\/2022\/07\/Logotipo_electoral_del_PSOE.png","contentUrl":"https:\/\/agrupacionespsoe.es\/wp-content\/uploads\/2022\/07\/Logotipo_electoral_del_PSOE.png","width":422,"height":422,"caption":"Agrupaci\u00f3n Provincial da Coru\u00f1a PSOE"},"image":{"@id":"https:\/\/agrupacionespsoe.es\/acoruna\/#\/schema\/logo\/image\/"}},{"@type":"Person","@id":"https:\/\/agrupacionespsoe.es\/acoruna\/#\/schema\/person\/dbf2b36187b136d06a53f7937d5d5af9","name":"Olympia M\u00e9ndez","image":{"@type":"ImageObject","inLanguage":"es","@id":"https:\/\/agrupacionespsoe.es\/acoruna\/#\/schema\/person\/image\/","url":"https:\/\/secure.gravatar.com\/avatar\/12db1fb8bfe20deb7a2d4ddc95b9042b?s=96&d=mm&r=g","contentUrl":"https:\/\/secure.gravatar.com\/avatar\/12db1fb8bfe20deb7a2d4ddc95b9042b?s=96&d=mm&r=g","caption":"Olympia M\u00e9ndez"},"url":"https:\/\/agrupacionespsoe.es\/acoruna\/author\/acoruna2\/"}]}},"jetpack_featured_media_url":"https:\/\/agrupacionespsoe.es\/acoruna\/wp-content\/uploads\/sites\/198\/2026\/03\/SilviaLongueira_Pleno-scaled.jpeg","jetpack_sharing_enabled":true,"jetpack_likes_enabled":true,"_links":{"self":[{"href":"https:\/\/agrupacionespsoe.es\/acoruna\/wp-json\/wp\/v2\/posts\/2856","targetHints":{"allow":["GET"]}}],"collection":[{"href":"https:\/\/agrupacionespsoe.es\/acoruna\/wp-json\/wp\/v2\/posts"}],"about":[{"href":"https:\/\/agrupacionespsoe.es\/acoruna\/wp-json\/wp\/v2\/types\/post"}],"author":[{"embeddable":true,"href":"https:\/\/agrupacionespsoe.es\/acoruna\/wp-json\/wp\/v2\/users\/282"}],"replies":[{"embeddable":true,"href":"https:\/\/agrupacionespsoe.es\/acoruna\/wp-json\/wp\/v2\/comments?post=2856"}],"version-history":[{"count":2,"href":"https:\/\/agrupacionespsoe.es\/acoruna\/wp-json\/wp\/v2\/posts\/2856\/revisions"}],"predecessor-version":[{"id":2859,"href":"https:\/\/agrupacionespsoe.es\/acoruna\/wp-json\/wp\/v2\/posts\/2856\/revisions\/2859"}],"wp:featuredmedia":[{"embeddable":true,"href":"https:\/\/agrupacionespsoe.es\/acoruna\/wp-json\/wp\/v2\/media\/2857"}],"wp:attachment":[{"href":"https:\/\/agrupacionespsoe.es\/acoruna\/wp-json\/wp\/v2\/media?parent=2856"}],"wp:term":[{"taxonomy":"category","embeddable":true,"href":"https:\/\/agrupacionespsoe.es\/acoruna\/wp-json\/wp\/v2\/categories?post=2856"},{"taxonomy":"post_tag","embeddable":true,"href":"https:\/\/agrupacionespsoe.es\/acoruna\/wp-json\/wp\/v2\/tags?post=2856"}],"curies":[{"name":"wp","href":"https:\/\/api.w.org\/{rel}","templated":true}]}}