{"id":2844,"date":"2026-03-09T16:06:17","date_gmt":"2026-03-09T15:06:17","guid":{"rendered":"https:\/\/agrupacionespsoe.es\/acoruna\/?p=2844"},"modified":"2026-03-09T17:56:32","modified_gmt":"2026-03-09T16:56:32","slug":"o-psdeg-denuncia-que-ferrol-perde-co-senor-rueda-como-presidente-da-xunta-tras-2-anos-de-mandato","status":"publish","type":"post","link":"https:\/\/agrupacionespsoe.es\/acoruna\/o-psdeg-denuncia-que-ferrol-perde-co-senor-rueda-como-presidente-da-xunta-tras-2-anos-de-mandato\/","title":{"rendered":"O PSdeG denuncia que &#8220;Ferrol perde co se\u00f1or Rueda como presidente da Xunta&#8221; tras 2 anos de mandato"},"content":{"rendered":"\n<ul class=\"wp-block-list\">\n<li><strong>Bernardo Fern\u00e1ndez, Aitor Bouza e Rafa Beceiro fixeron balance destes dous anos nunha rolda de prensa na sede do PSdeG-PSOE de Ferrol<\/strong><\/li>\n<\/ul>\n\n\n\n<section class=\"wp-block-psoe-separador bg-primary px-2\"><hr class=\"color-white bg-white opacity-1 h-[1px] w-full\" \/><\/section>\n\n\n\n<p class=\"has-medium-font-size\">O PSdeG-PSOE realizou a s\u00faa valoraci\u00f3n do que os 2 anos de mandato de Alfonso Rueda supuxeron para a cidade e a bisbarra de Ferrol. Foi nunha rolda de prensa na Casa do Pobo de Ferrol na que participaron o secretario xeral provincial Bernardo Fern\u00e1ndez Pi\u00f1eiro, o parlamentario socialista Aitor Bouza e o concelleiro e secretario de organizaci\u00f3n local Rafa Beceiro.<\/p>\n\n\n\n<p class=\"has-medium-font-size\">Este \u00faltimo comezou a rolda lembrando que &#8220;o centro de investigaci\u00f3n da industria intelixente, o EI3 da Universidade, \u00e9 un proxecto que xa ten orzamento, que foi aprobado no Parlamento de Galicia \u00e9 que a d\u00eda de hoxe non est\u00e1 nin executado nin sabemos ning\u00fan tipo de prazo&#8221;<\/p>\n\n\n\n<p class=\"has-medium-font-size\">&#8220;Algo parecido ocorre co polo de investigaci\u00f3n da e\u00f3lica mari\u00f1a que se vai situar no CIS, que foi anunciado e do que tampouco a d\u00eda de hoxe hai ningunha novidade&#8221;, lamenta o edil. &#8220;A isto s\u00famase a falta de solo industrial na nosa cidade, agravada porque o noso goberno municipal regalou, e digo regalou, o \u00fanico solo industrial dispo\u00f1ible que hab\u00eda para facer unha cidade deportiva&#8221;, engade.<\/p>\n\n\n\n<p class=\"has-medium-font-size\">&#8220;Tanto a Xunta como a Autoridade Portuaria como o Concello te\u00f1en un convenio para desenvolver o pol\u00edgono industrial de Mandi\u00e1, pois tampouco houbo novidades neste neste \u00e1mbito&#8221;, apunta Beceiro. &#8220;Fronte \u00e1 falta de iniciativa da Xunta hai que dicir que aqu\u00ed o \u00fanico que apostou realmente por Ferrol en materia industrial foi o goberno de Pedro S\u00e1nchez&#8221;, afirma, mencionando o programa de fragatas F-110, o taller de bloques ou o centro do xemelgo dixital.<\/p>\n\n\n\n<p class=\"has-medium-font-size\">Pola s\u00faa banda, Aitor Bouza declarou que &#8220;Ferrol perde co se\u00f1or rueda como presidente da Xunta de Galicia&#8221;, aportando tam\u00e9n o exemplo das carencias en profesorado de pedagox\u00eda terap\u00e9utica e de audici\u00f3n e linguaxe, &#8220;os PTs os ALs que tanta falta fan nesta cidade&#8221;.<\/p>\n\n\n\n<p class=\"has-medium-font-size\">Destacou tam\u00e9n que o conselleiro de educaci\u00f3n Rom\u00e1n Rodr\u00edguez comprometeuse en campa\u00f1a electoral con &#8220;d\u00faas cuesti\u00f3ns importantes que a d\u00eda de hoxe est\u00e1n sen facer&#8221;, o pavill\u00f3n de deportes no IES Ferrol Vello e a pista cuberta no IES Concepcion Arenal.<\/p>\n\n\n\n<p class=\"has-medium-font-size\">Bouza lembrou que xa te\u00f1en levado estas cuesti\u00f3ns ao Parlamento de Galicia e &#8220;nada se fixo por parte do goberno galego&#8221;. &#8220;Absoluto desprezo da Xunta de Galicia a Ferrol, a Ferrolterra, \u00e1 s\u00faa comunidade educativa&#8221;, critica o deputado socialista.<\/p>\n\n\n\n<p class=\"has-medium-font-size\">No referente \u00e1 sanidade, indicou &#8220;as urxencias est\u00e1n absolutamente colapsadas, e non \u00e9 unha cuesti\u00f3n que digamos dende o Partido Socialista, \u00e9 unha cuesti\u00f3n que cada veci\u00f1o ou veci\u00f1a de Ferrol sabe cando ten que acudir porque ten unha doenza. Explica que &#8220;aos m\u00e9dicos de cabeceira, intentamos acudir a eles ou a elas e non podemos, porque cando se pide unha cita tardas 3 semanas en poder acudir&#8221; e &#8220;como \u00e9 l\u00f3xico calquera persoa o que fai \u00e9 acudir a urxencias&#8221;.<\/p>\n\n\n\n<p class=\"has-medium-font-size\">Finalmente, Bernardo Fern\u00e1ndez sinalou que &#8220;hai moitas promesas e visitas nas que se anuncian todo tipo de investimentos, pero que 2 anos despois seguimos sen ver&#8221;. Comezou subli\u00f1ando que &#8220;o compromiso da Xunta de Galicia con Ferrol no que a habilitaci\u00f3n de vivenda p\u00fablica ou do banco de alugueiro se refire \u00e9 totalmente inexistente&#8221;.<\/p>\n\n\n\n<p class=\"has-medium-font-size\">Recordou o novo anuncio de 70 vivendas p\u00fablicas, pero contrap\u00faxoo a que &#8220;en 2 anos de goberno de afonso rueda nada se fixo para paliar a falta de vivenda p\u00fablica&#8221;, unha problem\u00e1tica da que &#8220;todas as enquisas, o que arroxan \u00e9 que a principal preocupaci\u00f3n da cidadan\u00eda actualmente \u00e9 o acceso \u00e1 vivenda&#8221;. &#8220;A administraci\u00f3n que ten a competencia exclusiva en materia de vivenda \u00e9 a administraci\u00f3n auton\u00f3mica&#8221;, salientou.<\/p>\n\n\n\n<p class=\"has-medium-font-size\">Como apunta o secretario xera provincial, a Xunta &#8220;prometeu 8.000 vivendas nesta lexislatura p\u00fablicas en galicia&#8221;, pero nestes dous anos s\u00f3 se constru\u00edron 155 vivendas. &#8220;Moito vai ter que apurar a Xunta de Galicia para constru\u00edr as 7.850 restantes&#8221;, ironiza Fern\u00e1ndez.<\/p>\n\n\n\n<p class=\"has-medium-font-size\">No referente ao transporte quixo destacar que o PP &#8220;\u00e9 moi reivindicativo no que o transporte por ferrocarril se refire&#8221;, lembrando que &#8220;o Partido Socialista dende hai anos e cos distintos gobernos do estado foi moi belixerante con este tema e seguimos a selo&#8221;, pero que &#8220;cando se ten que falar do transporte por estrada de viaxeiros a\u00ed si que xa nada se sabe do Partido Popular&#8221;.<\/p>\n\n\n\n<section class=\"wp-block-psoe-separador bg-primary px-2\"><hr class=\"color-white bg-white opacity-1 h-[1px] w-full\" \/><\/section>\n\n\n\n<figure class=\"wp-block-audio\"><audio controls src=\"https:\/\/agrupacionespsoe.es\/acoruna\/wp-content\/uploads\/sites\/198\/2026\/03\/Rafa-Beceiro-balance-Ferrol.mp3\"><\/audio><figcaption class=\"wp-element-caption\">Rafa Beceiro &#8211; balance Xunta Ferrol &#8211; mar26<\/figcaption><\/figure>\n\n\n\n<figure class=\"wp-block-audio\"><audio controls src=\"https:\/\/agrupacionespsoe.es\/acoruna\/wp-content\/uploads\/sites\/198\/2026\/03\/Bernardo-Fernandez-balance-Ferrol.mp3\"><\/audio><figcaption class=\"wp-element-caption\">Bernardo Fern\u00e1ndez Pi\u00f1eiro &#8211; balance Xunta Ferrol &#8211; mar26<\/figcaption><\/figure>\n\n\n\n<figure class=\"wp-block-audio\"><audio controls src=\"https:\/\/agrupacionespsoe.es\/acoruna\/wp-content\/uploads\/sites\/198\/2026\/03\/Aitor-Bouza-balance-Ferrol.mp3\"><\/audio><figcaption class=\"wp-element-caption\">Aitor Bouza &#8211; balance Xunta Ferrol &#8211; mar26<\/figcaption><\/figure>\n","protected":false},"excerpt":{"rendered":"<p>O PSdeG-PSOE realizou a s\u00faa valoraci\u00f3n do que os 2 anos de mandato de Alfonso Rueda supuxeron para a cidade e a bisbarra de Ferrol. Foi nunha rolda de prensa na Casa do Pobo de Ferrol na que participaron o secretario xeral provincial Bernardo Fern\u00e1ndez Pi\u00f1eiro, o parlamentario socialista Aitor Bouza e o concelleiro e &#8230;<\/p>\n","protected":false},"author":282,"featured_media":2845,"comment_status":"open","ping_status":"open","sticky":false,"template":"","format":"standard","meta":{"_jetpack_memberships_contains_paid_content":false,"footnotes":""},"categories":[163,193,111],"tags":[587,893,895,52,899,80,185,26,60,50,22,24,841,901,173,159],"class_list":["post-2844","post","type-post","status-publish","format-standard","has-post-thumbnail","hentry","category-agrupacion-provincial-da-coruna","category-ferrolterra","category-xunta-de-galicia","tag-aitor-bouza-manso","tag-alfonso-rueda","tag-balance","tag-bernardo-fernandez","tag-casa-do-pobo","tag-educacion","tag-ferrol","tag-ferrolterra","tag-industria","tag-parlamento-de-galicia","tag-psdeg-psoe","tag-socialistas","tag-transporte-publico","tag-tren","tag-vivenda","tag-xunta-de-galicia"],"yoast_head":"<!-- This site is optimized with the Yoast SEO plugin v24.0 - https:\/\/yoast.com\/wordpress\/plugins\/seo\/ -->\n<title>O PSdeG denuncia que &quot;Ferrol perde co se\u00f1or Rueda como presidente da Xunta&quot; tras 2 anos de mandato - Agrupaci\u00f3n Provincial da Coru\u00f1a PSOE<\/title>\n<meta name=\"description\" content=\"Bernardo Fern\u00e1ndez, Aitor Bouza e Rafa Beceiro fixeron balance destes dous anos nunha rolda de prensa na sede do PSdeG-PSOE de Ferrol.\" \/>\n<meta name=\"robots\" content=\"index, follow, max-snippet:-1, max-image-preview:large, max-video-preview:-1\" \/>\n<link rel=\"canonical\" href=\"https:\/\/agrupacionespsoe.es\/acoruna\/o-psdeg-denuncia-que-ferrol-perde-co-senor-rueda-como-presidente-da-xunta-tras-2-anos-de-mandato\/\" \/>\n<meta property=\"og:locale\" content=\"es_ES\" \/>\n<meta property=\"og:type\" content=\"article\" \/>\n<meta property=\"og:title\" content=\"O PSdeG denuncia que &quot;Ferrol perde co se\u00f1or Rueda como presidente da Xunta&quot; tras 2 anos de mandato - Agrupaci\u00f3n Provincial da Coru\u00f1a PSOE\" \/>\n<meta property=\"og:description\" content=\"Bernardo Fern\u00e1ndez, Aitor Bouza e Rafa Beceiro fixeron balance destes dous anos nunha rolda de prensa na sede do PSdeG-PSOE de Ferrol.\" \/>\n<meta property=\"og:url\" content=\"https:\/\/agrupacionespsoe.es\/acoruna\/o-psdeg-denuncia-que-ferrol-perde-co-senor-rueda-como-presidente-da-xunta-tras-2-anos-de-mandato\/\" \/>\n<meta property=\"og:site_name\" content=\"Agrupaci\u00f3n Provincial da Coru\u00f1a PSOE\" \/>\n<meta property=\"article:published_time\" content=\"2026-03-09T15:06:17+00:00\" \/>\n<meta property=\"article:modified_time\" content=\"2026-03-09T16:56:32+00:00\" \/>\n<meta property=\"og:image\" content=\"https:\/\/agrupacionespsoe.es\/acoruna\/wp-content\/uploads\/sites\/198\/2026\/03\/PSOE-FERROL-9-de-marzo.jpeg\" \/>\n\t<meta property=\"og:image:width\" content=\"1600\" \/>\n\t<meta property=\"og:image:height\" content=\"1204\" \/>\n\t<meta property=\"og:image:type\" content=\"image\/jpeg\" \/>\n<meta name=\"author\" content=\"Olympia M\u00e9ndez\" \/>\n<meta name=\"twitter:card\" content=\"summary_large_image\" \/>\n<meta name=\"twitter:label1\" content=\"Escrito por\" \/>\n\t<meta name=\"twitter:data1\" content=\"Olympia M\u00e9ndez\" \/>\n\t<meta name=\"twitter:label2\" content=\"Tiempo de lectura\" \/>\n\t<meta name=\"twitter:data2\" content=\"4 minutos\" \/>\n<script type=\"application\/ld+json\" class=\"yoast-schema-graph\">{\"@context\":\"https:\/\/schema.org\",\"@graph\":[{\"@type\":\"Article\",\"@id\":\"https:\/\/agrupacionespsoe.es\/acoruna\/o-psdeg-denuncia-que-ferrol-perde-co-senor-rueda-como-presidente-da-xunta-tras-2-anos-de-mandato\/#article\",\"isPartOf\":{\"@id\":\"https:\/\/agrupacionespsoe.es\/acoruna\/o-psdeg-denuncia-que-ferrol-perde-co-senor-rueda-como-presidente-da-xunta-tras-2-anos-de-mandato\/\"},\"author\":{\"name\":\"Olympia M\u00e9ndez\",\"@id\":\"https:\/\/agrupacionespsoe.es\/acoruna\/#\/schema\/person\/dbf2b36187b136d06a53f7937d5d5af9\"},\"headline\":\"O PSdeG denuncia que &#8220;Ferrol perde co se\u00f1or Rueda como presidente da Xunta&#8221; tras 2 anos de mandato\",\"datePublished\":\"2026-03-09T15:06:17+00:00\",\"dateModified\":\"2026-03-09T16:56:32+00:00\",\"mainEntityOfPage\":{\"@id\":\"https:\/\/agrupacionespsoe.es\/acoruna\/o-psdeg-denuncia-que-ferrol-perde-co-senor-rueda-como-presidente-da-xunta-tras-2-anos-de-mandato\/\"},\"wordCount\":792,\"commentCount\":0,\"publisher\":{\"@id\":\"https:\/\/agrupacionespsoe.es\/acoruna\/#organization\"},\"image\":{\"@id\":\"https:\/\/agrupacionespsoe.es\/acoruna\/o-psdeg-denuncia-que-ferrol-perde-co-senor-rueda-como-presidente-da-xunta-tras-2-anos-de-mandato\/#primaryimage\"},\"thumbnailUrl\":\"https:\/\/agrupacionespsoe.es\/acoruna\/wp-content\/uploads\/sites\/198\/2026\/03\/PSOE-FERROL-9-de-marzo.jpeg\",\"keywords\":[\"Aitor Bouza Manso\",\"Alfonso Rueda\",\"Balance\",\"Bernardo Fern\u00e1ndez\",\"Casa do Pobo\",\"Educaci\u00f3n\",\"Ferrol\",\"Ferrolterra\",\"industria\",\"Parlamento de Galicia\",\"PSdeG-PSOE\",\"Socialistas\",\"Transporte p\u00fablico\",\"Tren\",\"Vivenda\",\"Xunta de Galicia\"],\"articleSection\":[\"Agrupaci\u00f3n Provincial da Coru\u00f1a\",\"Ferrolterra\",\"Xunta de Galicia\"],\"inLanguage\":\"es\",\"potentialAction\":[{\"@type\":\"CommentAction\",\"name\":\"Comment\",\"target\":[\"https:\/\/agrupacionespsoe.es\/acoruna\/o-psdeg-denuncia-que-ferrol-perde-co-senor-rueda-como-presidente-da-xunta-tras-2-anos-de-mandato\/#respond\"]}]},{\"@type\":\"WebPage\",\"@id\":\"https:\/\/agrupacionespsoe.es\/acoruna\/o-psdeg-denuncia-que-ferrol-perde-co-senor-rueda-como-presidente-da-xunta-tras-2-anos-de-mandato\/\",\"url\":\"https:\/\/agrupacionespsoe.es\/acoruna\/o-psdeg-denuncia-que-ferrol-perde-co-senor-rueda-como-presidente-da-xunta-tras-2-anos-de-mandato\/\",\"name\":\"O PSdeG denuncia que \\\"Ferrol perde co se\u00f1or Rueda como presidente da Xunta\\\" tras 2 anos de mandato - Agrupaci\u00f3n Provincial da Coru\u00f1a PSOE\",\"isPartOf\":{\"@id\":\"https:\/\/agrupacionespsoe.es\/acoruna\/#website\"},\"primaryImageOfPage\":{\"@id\":\"https:\/\/agrupacionespsoe.es\/acoruna\/o-psdeg-denuncia-que-ferrol-perde-co-senor-rueda-como-presidente-da-xunta-tras-2-anos-de-mandato\/#primaryimage\"},\"image\":{\"@id\":\"https:\/\/agrupacionespsoe.es\/acoruna\/o-psdeg-denuncia-que-ferrol-perde-co-senor-rueda-como-presidente-da-xunta-tras-2-anos-de-mandato\/#primaryimage\"},\"thumbnailUrl\":\"https:\/\/agrupacionespsoe.es\/acoruna\/wp-content\/uploads\/sites\/198\/2026\/03\/PSOE-FERROL-9-de-marzo.jpeg\",\"datePublished\":\"2026-03-09T15:06:17+00:00\",\"dateModified\":\"2026-03-09T16:56:32+00:00\",\"description\":\"Bernardo Fern\u00e1ndez, Aitor Bouza e Rafa Beceiro fixeron balance destes dous anos nunha rolda de prensa na sede do PSdeG-PSOE de Ferrol.\",\"breadcrumb\":{\"@id\":\"https:\/\/agrupacionespsoe.es\/acoruna\/o-psdeg-denuncia-que-ferrol-perde-co-senor-rueda-como-presidente-da-xunta-tras-2-anos-de-mandato\/#breadcrumb\"},\"inLanguage\":\"es\",\"potentialAction\":[{\"@type\":\"ReadAction\",\"target\":[\"https:\/\/agrupacionespsoe.es\/acoruna\/o-psdeg-denuncia-que-ferrol-perde-co-senor-rueda-como-presidente-da-xunta-tras-2-anos-de-mandato\/\"]}]},{\"@type\":\"ImageObject\",\"inLanguage\":\"es\",\"@id\":\"https:\/\/agrupacionespsoe.es\/acoruna\/o-psdeg-denuncia-que-ferrol-perde-co-senor-rueda-como-presidente-da-xunta-tras-2-anos-de-mandato\/#primaryimage\",\"url\":\"https:\/\/agrupacionespsoe.es\/acoruna\/wp-content\/uploads\/sites\/198\/2026\/03\/PSOE-FERROL-9-de-marzo.jpeg\",\"contentUrl\":\"https:\/\/agrupacionespsoe.es\/acoruna\/wp-content\/uploads\/sites\/198\/2026\/03\/PSOE-FERROL-9-de-marzo.jpeg\",\"width\":1600,\"height\":1204},{\"@type\":\"BreadcrumbList\",\"@id\":\"https:\/\/agrupacionespsoe.es\/acoruna\/o-psdeg-denuncia-que-ferrol-perde-co-senor-rueda-como-presidente-da-xunta-tras-2-anos-de-mandato\/#breadcrumb\",\"itemListElement\":[{\"@type\":\"ListItem\",\"position\":1,\"name\":\"Portada\",\"item\":\"https:\/\/agrupacionespsoe.es\/acoruna\/\"},{\"@type\":\"ListItem\",\"position\":2,\"name\":\"O PSdeG denuncia que \u00abFerrol perde co se\u00f1or Rueda como presidente da Xunta\u00bb tras 2 anos de mandato\"}]},{\"@type\":\"WebSite\",\"@id\":\"https:\/\/agrupacionespsoe.es\/acoruna\/#website\",\"url\":\"https:\/\/agrupacionespsoe.es\/acoruna\/\",\"name\":\"Agrupaci\u00f3n Provincial da Coru\u00f1a PSOE\",\"description\":\"Provincial PSdeG-PSOE da Coru\u00f1a\",\"publisher\":{\"@id\":\"https:\/\/agrupacionespsoe.es\/acoruna\/#organization\"},\"potentialAction\":[{\"@type\":\"SearchAction\",\"target\":{\"@type\":\"EntryPoint\",\"urlTemplate\":\"https:\/\/agrupacionespsoe.es\/acoruna\/?s={search_term_string}\"},\"query-input\":{\"@type\":\"PropertyValueSpecification\",\"valueRequired\":true,\"valueName\":\"search_term_string\"}}],\"inLanguage\":\"es\"},{\"@type\":\"Organization\",\"@id\":\"https:\/\/agrupacionespsoe.es\/acoruna\/#organization\",\"name\":\"Agrupaci\u00f3n Provincial da Coru\u00f1a PSOE\",\"url\":\"https:\/\/agrupacionespsoe.es\/acoruna\/\",\"logo\":{\"@type\":\"ImageObject\",\"inLanguage\":\"es\",\"@id\":\"https:\/\/agrupacionespsoe.es\/acoruna\/#\/schema\/logo\/image\/\",\"url\":\"https:\/\/agrupacionespsoe.es\/wp-content\/uploads\/2022\/07\/Logotipo_electoral_del_PSOE.png\",\"contentUrl\":\"https:\/\/agrupacionespsoe.es\/wp-content\/uploads\/2022\/07\/Logotipo_electoral_del_PSOE.png\",\"width\":422,\"height\":422,\"caption\":\"Agrupaci\u00f3n Provincial da Coru\u00f1a PSOE\"},\"image\":{\"@id\":\"https:\/\/agrupacionespsoe.es\/acoruna\/#\/schema\/logo\/image\/\"}},{\"@type\":\"Person\",\"@id\":\"https:\/\/agrupacionespsoe.es\/acoruna\/#\/schema\/person\/dbf2b36187b136d06a53f7937d5d5af9\",\"name\":\"Olympia M\u00e9ndez\",\"image\":{\"@type\":\"ImageObject\",\"inLanguage\":\"es\",\"@id\":\"https:\/\/agrupacionespsoe.es\/acoruna\/#\/schema\/person\/image\/\",\"url\":\"https:\/\/secure.gravatar.com\/avatar\/12db1fb8bfe20deb7a2d4ddc95b9042b?s=96&d=mm&r=g\",\"contentUrl\":\"https:\/\/secure.gravatar.com\/avatar\/12db1fb8bfe20deb7a2d4ddc95b9042b?s=96&d=mm&r=g\",\"caption\":\"Olympia M\u00e9ndez\"},\"url\":\"https:\/\/agrupacionespsoe.es\/acoruna\/author\/acoruna2\/\"}]}<\/script>\n<!-- \/ Yoast SEO plugin. -->","yoast_head_json":{"title":"O PSdeG denuncia que \"Ferrol perde co se\u00f1or Rueda como presidente da Xunta\" tras 2 anos de mandato - Agrupaci\u00f3n Provincial da Coru\u00f1a PSOE","description":"Bernardo Fern\u00e1ndez, Aitor Bouza e Rafa Beceiro fixeron balance destes dous anos nunha rolda de prensa na sede do PSdeG-PSOE de Ferrol.","robots":{"index":"index","follow":"follow","max-snippet":"max-snippet:-1","max-image-preview":"max-image-preview:large","max-video-preview":"max-video-preview:-1"},"canonical":"https:\/\/agrupacionespsoe.es\/acoruna\/o-psdeg-denuncia-que-ferrol-perde-co-senor-rueda-como-presidente-da-xunta-tras-2-anos-de-mandato\/","og_locale":"es_ES","og_type":"article","og_title":"O PSdeG denuncia que \"Ferrol perde co se\u00f1or Rueda como presidente da Xunta\" tras 2 anos de mandato - Agrupaci\u00f3n Provincial da Coru\u00f1a PSOE","og_description":"Bernardo Fern\u00e1ndez, Aitor Bouza e Rafa Beceiro fixeron balance destes dous anos nunha rolda de prensa na sede do PSdeG-PSOE de Ferrol.","og_url":"https:\/\/agrupacionespsoe.es\/acoruna\/o-psdeg-denuncia-que-ferrol-perde-co-senor-rueda-como-presidente-da-xunta-tras-2-anos-de-mandato\/","og_site_name":"Agrupaci\u00f3n Provincial da Coru\u00f1a PSOE","article_published_time":"2026-03-09T15:06:17+00:00","article_modified_time":"2026-03-09T16:56:32+00:00","og_image":[{"width":1600,"height":1204,"url":"https:\/\/agrupacionespsoe.es\/acoruna\/wp-content\/uploads\/sites\/198\/2026\/03\/PSOE-FERROL-9-de-marzo.jpeg","type":"image\/jpeg"}],"author":"Olympia M\u00e9ndez","twitter_card":"summary_large_image","twitter_misc":{"Escrito por":"Olympia M\u00e9ndez","Tiempo de lectura":"4 minutos"},"schema":{"@context":"https:\/\/schema.org","@graph":[{"@type":"Article","@id":"https:\/\/agrupacionespsoe.es\/acoruna\/o-psdeg-denuncia-que-ferrol-perde-co-senor-rueda-como-presidente-da-xunta-tras-2-anos-de-mandato\/#article","isPartOf":{"@id":"https:\/\/agrupacionespsoe.es\/acoruna\/o-psdeg-denuncia-que-ferrol-perde-co-senor-rueda-como-presidente-da-xunta-tras-2-anos-de-mandato\/"},"author":{"name":"Olympia M\u00e9ndez","@id":"https:\/\/agrupacionespsoe.es\/acoruna\/#\/schema\/person\/dbf2b36187b136d06a53f7937d5d5af9"},"headline":"O PSdeG denuncia que &#8220;Ferrol perde co se\u00f1or Rueda como presidente da Xunta&#8221; tras 2 anos de mandato","datePublished":"2026-03-09T15:06:17+00:00","dateModified":"2026-03-09T16:56:32+00:00","mainEntityOfPage":{"@id":"https:\/\/agrupacionespsoe.es\/acoruna\/o-psdeg-denuncia-que-ferrol-perde-co-senor-rueda-como-presidente-da-xunta-tras-2-anos-de-mandato\/"},"wordCount":792,"commentCount":0,"publisher":{"@id":"https:\/\/agrupacionespsoe.es\/acoruna\/#organization"},"image":{"@id":"https:\/\/agrupacionespsoe.es\/acoruna\/o-psdeg-denuncia-que-ferrol-perde-co-senor-rueda-como-presidente-da-xunta-tras-2-anos-de-mandato\/#primaryimage"},"thumbnailUrl":"https:\/\/agrupacionespsoe.es\/acoruna\/wp-content\/uploads\/sites\/198\/2026\/03\/PSOE-FERROL-9-de-marzo.jpeg","keywords":["Aitor Bouza Manso","Alfonso Rueda","Balance","Bernardo Fern\u00e1ndez","Casa do Pobo","Educaci\u00f3n","Ferrol","Ferrolterra","industria","Parlamento de Galicia","PSdeG-PSOE","Socialistas","Transporte p\u00fablico","Tren","Vivenda","Xunta de Galicia"],"articleSection":["Agrupaci\u00f3n Provincial da Coru\u00f1a","Ferrolterra","Xunta de Galicia"],"inLanguage":"es","potentialAction":[{"@type":"CommentAction","name":"Comment","target":["https:\/\/agrupacionespsoe.es\/acoruna\/o-psdeg-denuncia-que-ferrol-perde-co-senor-rueda-como-presidente-da-xunta-tras-2-anos-de-mandato\/#respond"]}]},{"@type":"WebPage","@id":"https:\/\/agrupacionespsoe.es\/acoruna\/o-psdeg-denuncia-que-ferrol-perde-co-senor-rueda-como-presidente-da-xunta-tras-2-anos-de-mandato\/","url":"https:\/\/agrupacionespsoe.es\/acoruna\/o-psdeg-denuncia-que-ferrol-perde-co-senor-rueda-como-presidente-da-xunta-tras-2-anos-de-mandato\/","name":"O PSdeG denuncia que \"Ferrol perde co se\u00f1or Rueda como presidente da Xunta\" tras 2 anos de mandato - Agrupaci\u00f3n Provincial da Coru\u00f1a PSOE","isPartOf":{"@id":"https:\/\/agrupacionespsoe.es\/acoruna\/#website"},"primaryImageOfPage":{"@id":"https:\/\/agrupacionespsoe.es\/acoruna\/o-psdeg-denuncia-que-ferrol-perde-co-senor-rueda-como-presidente-da-xunta-tras-2-anos-de-mandato\/#primaryimage"},"image":{"@id":"https:\/\/agrupacionespsoe.es\/acoruna\/o-psdeg-denuncia-que-ferrol-perde-co-senor-rueda-como-presidente-da-xunta-tras-2-anos-de-mandato\/#primaryimage"},"thumbnailUrl":"https:\/\/agrupacionespsoe.es\/acoruna\/wp-content\/uploads\/sites\/198\/2026\/03\/PSOE-FERROL-9-de-marzo.jpeg","datePublished":"2026-03-09T15:06:17+00:00","dateModified":"2026-03-09T16:56:32+00:00","description":"Bernardo Fern\u00e1ndez, Aitor Bouza e Rafa Beceiro fixeron balance destes dous anos nunha rolda de prensa na sede do PSdeG-PSOE de Ferrol.","breadcrumb":{"@id":"https:\/\/agrupacionespsoe.es\/acoruna\/o-psdeg-denuncia-que-ferrol-perde-co-senor-rueda-como-presidente-da-xunta-tras-2-anos-de-mandato\/#breadcrumb"},"inLanguage":"es","potentialAction":[{"@type":"ReadAction","target":["https:\/\/agrupacionespsoe.es\/acoruna\/o-psdeg-denuncia-que-ferrol-perde-co-senor-rueda-como-presidente-da-xunta-tras-2-anos-de-mandato\/"]}]},{"@type":"ImageObject","inLanguage":"es","@id":"https:\/\/agrupacionespsoe.es\/acoruna\/o-psdeg-denuncia-que-ferrol-perde-co-senor-rueda-como-presidente-da-xunta-tras-2-anos-de-mandato\/#primaryimage","url":"https:\/\/agrupacionespsoe.es\/acoruna\/wp-content\/uploads\/sites\/198\/2026\/03\/PSOE-FERROL-9-de-marzo.jpeg","contentUrl":"https:\/\/agrupacionespsoe.es\/acoruna\/wp-content\/uploads\/sites\/198\/2026\/03\/PSOE-FERROL-9-de-marzo.jpeg","width":1600,"height":1204},{"@type":"BreadcrumbList","@id":"https:\/\/agrupacionespsoe.es\/acoruna\/o-psdeg-denuncia-que-ferrol-perde-co-senor-rueda-como-presidente-da-xunta-tras-2-anos-de-mandato\/#breadcrumb","itemListElement":[{"@type":"ListItem","position":1,"name":"Portada","item":"https:\/\/agrupacionespsoe.es\/acoruna\/"},{"@type":"ListItem","position":2,"name":"O PSdeG denuncia que \u00abFerrol perde co se\u00f1or Rueda como presidente da Xunta\u00bb tras 2 anos de mandato"}]},{"@type":"WebSite","@id":"https:\/\/agrupacionespsoe.es\/acoruna\/#website","url":"https:\/\/agrupacionespsoe.es\/acoruna\/","name":"Agrupaci\u00f3n Provincial da Coru\u00f1a PSOE","description":"Provincial PSdeG-PSOE da Coru\u00f1a","publisher":{"@id":"https:\/\/agrupacionespsoe.es\/acoruna\/#organization"},"potentialAction":[{"@type":"SearchAction","target":{"@type":"EntryPoint","urlTemplate":"https:\/\/agrupacionespsoe.es\/acoruna\/?s={search_term_string}"},"query-input":{"@type":"PropertyValueSpecification","valueRequired":true,"valueName":"search_term_string"}}],"inLanguage":"es"},{"@type":"Organization","@id":"https:\/\/agrupacionespsoe.es\/acoruna\/#organization","name":"Agrupaci\u00f3n Provincial da Coru\u00f1a PSOE","url":"https:\/\/agrupacionespsoe.es\/acoruna\/","logo":{"@type":"ImageObject","inLanguage":"es","@id":"https:\/\/agrupacionespsoe.es\/acoruna\/#\/schema\/logo\/image\/","url":"https:\/\/agrupacionespsoe.es\/wp-content\/uploads\/2022\/07\/Logotipo_electoral_del_PSOE.png","contentUrl":"https:\/\/agrupacionespsoe.es\/wp-content\/uploads\/2022\/07\/Logotipo_electoral_del_PSOE.png","width":422,"height":422,"caption":"Agrupaci\u00f3n Provincial da Coru\u00f1a PSOE"},"image":{"@id":"https:\/\/agrupacionespsoe.es\/acoruna\/#\/schema\/logo\/image\/"}},{"@type":"Person","@id":"https:\/\/agrupacionespsoe.es\/acoruna\/#\/schema\/person\/dbf2b36187b136d06a53f7937d5d5af9","name":"Olympia M\u00e9ndez","image":{"@type":"ImageObject","inLanguage":"es","@id":"https:\/\/agrupacionespsoe.es\/acoruna\/#\/schema\/person\/image\/","url":"https:\/\/secure.gravatar.com\/avatar\/12db1fb8bfe20deb7a2d4ddc95b9042b?s=96&d=mm&r=g","contentUrl":"https:\/\/secure.gravatar.com\/avatar\/12db1fb8bfe20deb7a2d4ddc95b9042b?s=96&d=mm&r=g","caption":"Olympia M\u00e9ndez"},"url":"https:\/\/agrupacionespsoe.es\/acoruna\/author\/acoruna2\/"}]}},"jetpack_featured_media_url":"https:\/\/agrupacionespsoe.es\/acoruna\/wp-content\/uploads\/sites\/198\/2026\/03\/PSOE-FERROL-9-de-marzo.jpeg","jetpack_sharing_enabled":true,"jetpack_likes_enabled":true,"_links":{"self":[{"href":"https:\/\/agrupacionespsoe.es\/acoruna\/wp-json\/wp\/v2\/posts\/2844","targetHints":{"allow":["GET"]}}],"collection":[{"href":"https:\/\/agrupacionespsoe.es\/acoruna\/wp-json\/wp\/v2\/posts"}],"about":[{"href":"https:\/\/agrupacionespsoe.es\/acoruna\/wp-json\/wp\/v2\/types\/post"}],"author":[{"embeddable":true,"href":"https:\/\/agrupacionespsoe.es\/acoruna\/wp-json\/wp\/v2\/users\/282"}],"replies":[{"embeddable":true,"href":"https:\/\/agrupacionespsoe.es\/acoruna\/wp-json\/wp\/v2\/comments?post=2844"}],"version-history":[{"count":5,"href":"https:\/\/agrupacionespsoe.es\/acoruna\/wp-json\/wp\/v2\/posts\/2844\/revisions"}],"predecessor-version":[{"id":2854,"href":"https:\/\/agrupacionespsoe.es\/acoruna\/wp-json\/wp\/v2\/posts\/2844\/revisions\/2854"}],"wp:featuredmedia":[{"embeddable":true,"href":"https:\/\/agrupacionespsoe.es\/acoruna\/wp-json\/wp\/v2\/media\/2845"}],"wp:attachment":[{"href":"https:\/\/agrupacionespsoe.es\/acoruna\/wp-json\/wp\/v2\/media?parent=2844"}],"wp:term":[{"taxonomy":"category","embeddable":true,"href":"https:\/\/agrupacionespsoe.es\/acoruna\/wp-json\/wp\/v2\/categories?post=2844"},{"taxonomy":"post_tag","embeddable":true,"href":"https:\/\/agrupacionespsoe.es\/acoruna\/wp-json\/wp\/v2\/tags?post=2844"}],"curies":[{"name":"wp","href":"https:\/\/api.w.org\/{rel}","templated":true}]}}