{"id":2841,"date":"2026-03-09T12:52:40","date_gmt":"2026-03-09T11:52:40","guid":{"rendered":"https:\/\/agrupacionespsoe.es\/acoruna\/?p=2841"},"modified":"2026-03-09T12:52:42","modified_gmt":"2026-03-09T11:52:42","slug":"o-psdeg-de-carral-solicita-informacion-as-tres-administracions-sobre-o-cambio-de-uso-do-solo-residencial-no-poligono-dos-capelos","status":"publish","type":"post","link":"https:\/\/agrupacionespsoe.es\/acoruna\/o-psdeg-de-carral-solicita-informacion-as-tres-administracions-sobre-o-cambio-de-uso-do-solo-residencial-no-poligono-dos-capelos\/","title":{"rendered":"O PSdeG de Carral solicita informaci\u00f3n \u00e1s tres administraci\u00f3ns sobre o cambio de uso do solo residencial no pol\u00edgono dos Capelos"},"content":{"rendered":"\n<ul class=\"wp-block-list\">\n<li><strong>Patricia Blanco Fidalgo, rexistrou solicitudes ante o Concello, a Xunta e o Ministerio de Vivenda para co\u00f1ecer os informes relativos \u00e1 modificaci\u00f3n urban\u00edstica<\/strong><\/li>\n<\/ul>\n\n\n\n<section class=\"wp-block-psoe-separador bg-primary px-2\"><hr class=\"color-white bg-white opacity-1 h-[1px] w-full\" \/><\/section>\n\n\n\n<p class=\"has-medium-font-size\">O Grupo Municipal do PSdeG-PSOE no Concello de Carral rexistrou no d\u00eda de hoxe solicitudes formais de informaci\u00f3n ante tres administraci\u00f3ns p\u00fablicas co obxectivo de co\u00f1ecer con detalle o procedemento de cambio de uso do solo residencial a industrial no \u00e1mbito do Pol\u00edgono de Os Capelos.<\/p>\n\n\n\n<p class=\"has-medium-font-size\">A iniciativa foi presentada pola voceira socialista, Patricia Blanco Fidalgo, no exercicio das funci\u00f3ns de control e fiscalizaci\u00f3n que corresponden aos membros da corporaci\u00f3n municipal e ao abeiro da normativa vixente en materia de transparencia e acceso \u00e1 informaci\u00f3n p\u00fablica.<\/p>\n\n\n\n<p class=\"has-medium-font-size\">As solicitudes foron dirixidas ao Concello de Carral, \u00e1 Xunta de Galicia \u2013a trav\u00e9s da Direcci\u00f3n Xeral de Urbanismo\u2013 e tam\u00e9n \u00e1 entidade p\u00fablica empresarial SEPES, dependente do Ministerio de Vivenda e Axenda Urbana, dado que esta entidade participou na promoci\u00f3n orixinal do pol\u00edgono como unha actuaci\u00f3n mixta de solo industrial e residencial.<\/p>\n\n\n\n<p class=\"has-medium-font-size\">A trav\u00e9s destas solicitudes, o PSdeG solicita informaci\u00f3n completa e actualizada sobre todas as actuaci\u00f3ns realizadas polas diferentes administraci\u00f3ns no proceso de modificaci\u00f3n do planeamento urban\u00edstico que permitir\u00eda transformar o solo inicialmente previsto como residencial en solo industrial.<\/p>\n\n\n\n<p class=\"has-medium-font-size\">Entre a documentaci\u00f3n solicitada incl\u00faense os informes t\u00e9cnicos, xur\u00eddicos, urban\u00edsticos ou ambientais emitidos polas administraci\u00f3ns implicadas, as\u00ed como as resoluci\u00f3ns adoptadas, requirimentos realizados ao Concello de Carral e o estado actual de tramitaci\u00f3n da modificaci\u00f3n do planeamento.<\/p>\n\n\n\n<p class=\"has-medium-font-size\">Do mesmo xeito, a portavoz socialista tam\u00e9n solicita co\u00f1ecer se SEPES deu o seu consentimento formal ao cambio de uso do solo e en que condici\u00f3ns, as\u00ed como a titularidade actual dos terreos afectados e as previsi\u00f3ns de desenvolvemento futuro para esta \u00e1rea.<\/p>\n\n\n\n<p class=\"has-medium-font-size\">Segundo sinalou Patricia Blanco Fidalgo, \u201cestamos ante unha actuaci\u00f3n urban\u00edstica de relevancia para o futuro desenvolvemento econ\u00f3mico e territorial do noso concello, polo que \u00e9 imprescindible garantir a m\u00e1xima transparencia e co\u00f1ecer con exactitude como se est\u00e1 tramitando este cambio de uso do solo\u201d.<\/p>\n\n\n\n<p class=\"has-medium-font-size\">A portavoz socialista subli\u00f1a que o obxectivo desta iniciativa \u00e9 \u201cdispo\u00f1er de toda a informaci\u00f3n necesaria para poder exercer con rigor as tarefas de control e fiscalizaci\u00f3n que corresponden \u00e1 oposici\u00f3n municipal e para garantir que os intereses xerais de Carral est\u00e1n plenamente protexidos\u201d.<\/p>\n\n\n\n<p class=\"has-medium-font-size\">O PSdeG de Carral sinala que, unha vez recibida a informaci\u00f3n solicitada \u00e1s distintas administraci\u00f3ns, analizar\u00e1 a documentaci\u00f3n para valorar o alcance da modificaci\u00f3n urban\u00edstica e as s\u00faas posibles consecuencias para o municipio.<\/p>\n","protected":false},"excerpt":{"rendered":"<p>O Grupo Municipal do PSdeG-PSOE no Concello de Carral rexistrou no d\u00eda de hoxe solicitudes formais de informaci\u00f3n ante tres administraci\u00f3ns p\u00fablicas co obxectivo de co\u00f1ecer con detalle o procedemento de cambio de uso do solo residencial a industrial no \u00e1mbito do Pol\u00edgono de Os Capelos. A iniciativa foi presentada pola voceira socialista, Patricia Blanco &#8230;<\/p>\n","protected":false},"author":282,"featured_media":791,"comment_status":"open","ping_status":"open","sticky":false,"template":"","format":"standard","meta":{"_jetpack_memberships_contains_paid_content":false,"footnotes":""},"categories":[425,62],"tags":[427,143,571,46,95,22,897,495,159],"class_list":["post-2841","post","type-post","status-publish","format-standard","has-post-thumbnail","hentry","category-carral","category-industria","tag-carral","tag-goberno-de-espana","tag-patricia-blanco","tag-poligono-industrial","tag-politica-municipal","tag-psdeg-psoe","tag-sepes","tag-transparencia","tag-xunta-de-galicia"],"yoast_head":"<!-- This site is optimized with the Yoast SEO plugin v24.0 - https:\/\/yoast.com\/wordpress\/plugins\/seo\/ -->\n<title>O PSdeG de Carral solicita informaci\u00f3n \u00e1s tres administraci\u00f3ns sobre o cambio de uso do solo residencial no pol\u00edgono dos Capelos - Agrupaci\u00f3n Provincial da Coru\u00f1a PSOE<\/title>\n<meta name=\"description\" content=\"Patricia Blanco Fidalgo, rexistrou solicitudes ante o Concello, a Xunta e o Ministerio de Vivenda para co\u00f1ecer os informes relativos \u00e1 modificaci\u00f3n urban\u00edstica.\" \/>\n<meta name=\"robots\" content=\"index, follow, max-snippet:-1, max-image-preview:large, max-video-preview:-1\" \/>\n<link rel=\"canonical\" href=\"https:\/\/agrupacionespsoe.es\/acoruna\/o-psdeg-de-carral-solicita-informacion-as-tres-administracions-sobre-o-cambio-de-uso-do-solo-residencial-no-poligono-dos-capelos\/\" \/>\n<meta property=\"og:locale\" content=\"es_ES\" \/>\n<meta property=\"og:type\" content=\"article\" \/>\n<meta property=\"og:title\" content=\"O PSdeG de Carral solicita informaci\u00f3n \u00e1s tres administraci\u00f3ns sobre o cambio de uso do solo residencial no pol\u00edgono dos Capelos - Agrupaci\u00f3n Provincial da Coru\u00f1a PSOE\" \/>\n<meta property=\"og:description\" content=\"Patricia Blanco Fidalgo, rexistrou solicitudes ante o Concello, a Xunta e o Ministerio de Vivenda para co\u00f1ecer os informes relativos \u00e1 modificaci\u00f3n urban\u00edstica.\" \/>\n<meta property=\"og:url\" content=\"https:\/\/agrupacionespsoe.es\/acoruna\/o-psdeg-de-carral-solicita-informacion-as-tres-administracions-sobre-o-cambio-de-uso-do-solo-residencial-no-poligono-dos-capelos\/\" \/>\n<meta property=\"og:site_name\" content=\"Agrupaci\u00f3n Provincial da Coru\u00f1a PSOE\" \/>\n<meta property=\"article:published_time\" content=\"2026-03-09T11:52:40+00:00\" \/>\n<meta property=\"article:modified_time\" content=\"2026-03-09T11:52:42+00:00\" \/>\n<meta property=\"og:image\" content=\"https:\/\/agrupacionespsoe.es\/acoruna\/wp-content\/uploads\/sites\/198\/2024\/08\/PSdeG-cubo.jpg\" \/>\n\t<meta property=\"og:image:width\" content=\"731\" \/>\n\t<meta property=\"og:image:height\" content=\"724\" \/>\n\t<meta property=\"og:image:type\" content=\"image\/jpeg\" \/>\n<meta name=\"author\" content=\"Olympia M\u00e9ndez\" \/>\n<meta name=\"twitter:card\" content=\"summary_large_image\" \/>\n<meta name=\"twitter:label1\" content=\"Escrito por\" \/>\n\t<meta name=\"twitter:data1\" content=\"Olympia M\u00e9ndez\" \/>\n\t<meta name=\"twitter:label2\" content=\"Tiempo de lectura\" \/>\n\t<meta name=\"twitter:data2\" content=\"3 minutos\" \/>\n<script type=\"application\/ld+json\" class=\"yoast-schema-graph\">{\"@context\":\"https:\/\/schema.org\",\"@graph\":[{\"@type\":\"Article\",\"@id\":\"https:\/\/agrupacionespsoe.es\/acoruna\/o-psdeg-de-carral-solicita-informacion-as-tres-administracions-sobre-o-cambio-de-uso-do-solo-residencial-no-poligono-dos-capelos\/#article\",\"isPartOf\":{\"@id\":\"https:\/\/agrupacionespsoe.es\/acoruna\/o-psdeg-de-carral-solicita-informacion-as-tres-administracions-sobre-o-cambio-de-uso-do-solo-residencial-no-poligono-dos-capelos\/\"},\"author\":{\"name\":\"Olympia M\u00e9ndez\",\"@id\":\"https:\/\/agrupacionespsoe.es\/acoruna\/#\/schema\/person\/dbf2b36187b136d06a53f7937d5d5af9\"},\"headline\":\"O PSdeG de Carral solicita informaci\u00f3n \u00e1s tres administraci\u00f3ns sobre o cambio de uso do solo residencial no pol\u00edgono dos Capelos\",\"datePublished\":\"2026-03-09T11:52:40+00:00\",\"dateModified\":\"2026-03-09T11:52:42+00:00\",\"mainEntityOfPage\":{\"@id\":\"https:\/\/agrupacionespsoe.es\/acoruna\/o-psdeg-de-carral-solicita-informacion-as-tres-administracions-sobre-o-cambio-de-uso-do-solo-residencial-no-poligono-dos-capelos\/\"},\"wordCount\":476,\"commentCount\":0,\"publisher\":{\"@id\":\"https:\/\/agrupacionespsoe.es\/acoruna\/#organization\"},\"image\":{\"@id\":\"https:\/\/agrupacionespsoe.es\/acoruna\/o-psdeg-de-carral-solicita-informacion-as-tres-administracions-sobre-o-cambio-de-uso-do-solo-residencial-no-poligono-dos-capelos\/#primaryimage\"},\"thumbnailUrl\":\"https:\/\/agrupacionespsoe.es\/acoruna\/wp-content\/uploads\/sites\/198\/2024\/08\/PSdeG-cubo.jpg\",\"keywords\":[\"Carral\",\"Goberno de Espa\u00f1a\",\"Patricia Blanco\",\"Pol\u00edgono Industrial\",\"Pol\u00edtica Municipal\",\"PSdeG-PSOE\",\"SEPES\",\"Transparencia\",\"Xunta de Galicia\"],\"articleSection\":[\"Carral\",\"Industria\"],\"inLanguage\":\"es\",\"potentialAction\":[{\"@type\":\"CommentAction\",\"name\":\"Comment\",\"target\":[\"https:\/\/agrupacionespsoe.es\/acoruna\/o-psdeg-de-carral-solicita-informacion-as-tres-administracions-sobre-o-cambio-de-uso-do-solo-residencial-no-poligono-dos-capelos\/#respond\"]}]},{\"@type\":\"WebPage\",\"@id\":\"https:\/\/agrupacionespsoe.es\/acoruna\/o-psdeg-de-carral-solicita-informacion-as-tres-administracions-sobre-o-cambio-de-uso-do-solo-residencial-no-poligono-dos-capelos\/\",\"url\":\"https:\/\/agrupacionespsoe.es\/acoruna\/o-psdeg-de-carral-solicita-informacion-as-tres-administracions-sobre-o-cambio-de-uso-do-solo-residencial-no-poligono-dos-capelos\/\",\"name\":\"O PSdeG de Carral solicita informaci\u00f3n \u00e1s tres administraci\u00f3ns sobre o cambio de uso do solo residencial no pol\u00edgono dos Capelos - Agrupaci\u00f3n Provincial da Coru\u00f1a PSOE\",\"isPartOf\":{\"@id\":\"https:\/\/agrupacionespsoe.es\/acoruna\/#website\"},\"primaryImageOfPage\":{\"@id\":\"https:\/\/agrupacionespsoe.es\/acoruna\/o-psdeg-de-carral-solicita-informacion-as-tres-administracions-sobre-o-cambio-de-uso-do-solo-residencial-no-poligono-dos-capelos\/#primaryimage\"},\"image\":{\"@id\":\"https:\/\/agrupacionespsoe.es\/acoruna\/o-psdeg-de-carral-solicita-informacion-as-tres-administracions-sobre-o-cambio-de-uso-do-solo-residencial-no-poligono-dos-capelos\/#primaryimage\"},\"thumbnailUrl\":\"https:\/\/agrupacionespsoe.es\/acoruna\/wp-content\/uploads\/sites\/198\/2024\/08\/PSdeG-cubo.jpg\",\"datePublished\":\"2026-03-09T11:52:40+00:00\",\"dateModified\":\"2026-03-09T11:52:42+00:00\",\"description\":\"Patricia Blanco Fidalgo, rexistrou solicitudes ante o Concello, a Xunta e o Ministerio de Vivenda para co\u00f1ecer os informes relativos \u00e1 modificaci\u00f3n urban\u00edstica.\",\"breadcrumb\":{\"@id\":\"https:\/\/agrupacionespsoe.es\/acoruna\/o-psdeg-de-carral-solicita-informacion-as-tres-administracions-sobre-o-cambio-de-uso-do-solo-residencial-no-poligono-dos-capelos\/#breadcrumb\"},\"inLanguage\":\"es\",\"potentialAction\":[{\"@type\":\"ReadAction\",\"target\":[\"https:\/\/agrupacionespsoe.es\/acoruna\/o-psdeg-de-carral-solicita-informacion-as-tres-administracions-sobre-o-cambio-de-uso-do-solo-residencial-no-poligono-dos-capelos\/\"]}]},{\"@type\":\"ImageObject\",\"inLanguage\":\"es\",\"@id\":\"https:\/\/agrupacionespsoe.es\/acoruna\/o-psdeg-de-carral-solicita-informacion-as-tres-administracions-sobre-o-cambio-de-uso-do-solo-residencial-no-poligono-dos-capelos\/#primaryimage\",\"url\":\"https:\/\/agrupacionespsoe.es\/acoruna\/wp-content\/uploads\/sites\/198\/2024\/08\/PSdeG-cubo.jpg\",\"contentUrl\":\"https:\/\/agrupacionespsoe.es\/acoruna\/wp-content\/uploads\/sites\/198\/2024\/08\/PSdeG-cubo.jpg\",\"width\":731,\"height\":724},{\"@type\":\"BreadcrumbList\",\"@id\":\"https:\/\/agrupacionespsoe.es\/acoruna\/o-psdeg-de-carral-solicita-informacion-as-tres-administracions-sobre-o-cambio-de-uso-do-solo-residencial-no-poligono-dos-capelos\/#breadcrumb\",\"itemListElement\":[{\"@type\":\"ListItem\",\"position\":1,\"name\":\"Portada\",\"item\":\"https:\/\/agrupacionespsoe.es\/acoruna\/\"},{\"@type\":\"ListItem\",\"position\":2,\"name\":\"O PSdeG de Carral solicita informaci\u00f3n \u00e1s tres administraci\u00f3ns sobre o cambio de uso do solo residencial no pol\u00edgono dos Capelos\"}]},{\"@type\":\"WebSite\",\"@id\":\"https:\/\/agrupacionespsoe.es\/acoruna\/#website\",\"url\":\"https:\/\/agrupacionespsoe.es\/acoruna\/\",\"name\":\"Agrupaci\u00f3n Provincial da Coru\u00f1a PSOE\",\"description\":\"Provincial PSdeG-PSOE da Coru\u00f1a\",\"publisher\":{\"@id\":\"https:\/\/agrupacionespsoe.es\/acoruna\/#organization\"},\"potentialAction\":[{\"@type\":\"SearchAction\",\"target\":{\"@type\":\"EntryPoint\",\"urlTemplate\":\"https:\/\/agrupacionespsoe.es\/acoruna\/?s={search_term_string}\"},\"query-input\":{\"@type\":\"PropertyValueSpecification\",\"valueRequired\":true,\"valueName\":\"search_term_string\"}}],\"inLanguage\":\"es\"},{\"@type\":\"Organization\",\"@id\":\"https:\/\/agrupacionespsoe.es\/acoruna\/#organization\",\"name\":\"Agrupaci\u00f3n Provincial da Coru\u00f1a PSOE\",\"url\":\"https:\/\/agrupacionespsoe.es\/acoruna\/\",\"logo\":{\"@type\":\"ImageObject\",\"inLanguage\":\"es\",\"@id\":\"https:\/\/agrupacionespsoe.es\/acoruna\/#\/schema\/logo\/image\/\",\"url\":\"https:\/\/agrupacionespsoe.es\/wp-content\/uploads\/2022\/07\/Logotipo_electoral_del_PSOE.png\",\"contentUrl\":\"https:\/\/agrupacionespsoe.es\/wp-content\/uploads\/2022\/07\/Logotipo_electoral_del_PSOE.png\",\"width\":422,\"height\":422,\"caption\":\"Agrupaci\u00f3n Provincial da Coru\u00f1a PSOE\"},\"image\":{\"@id\":\"https:\/\/agrupacionespsoe.es\/acoruna\/#\/schema\/logo\/image\/\"}},{\"@type\":\"Person\",\"@id\":\"https:\/\/agrupacionespsoe.es\/acoruna\/#\/schema\/person\/dbf2b36187b136d06a53f7937d5d5af9\",\"name\":\"Olympia M\u00e9ndez\",\"image\":{\"@type\":\"ImageObject\",\"inLanguage\":\"es\",\"@id\":\"https:\/\/agrupacionespsoe.es\/acoruna\/#\/schema\/person\/image\/\",\"url\":\"https:\/\/secure.gravatar.com\/avatar\/12db1fb8bfe20deb7a2d4ddc95b9042b?s=96&d=mm&r=g\",\"contentUrl\":\"https:\/\/secure.gravatar.com\/avatar\/12db1fb8bfe20deb7a2d4ddc95b9042b?s=96&d=mm&r=g\",\"caption\":\"Olympia M\u00e9ndez\"},\"url\":\"https:\/\/agrupacionespsoe.es\/acoruna\/author\/acoruna2\/\"}]}<\/script>\n<!-- \/ Yoast SEO plugin. -->","yoast_head_json":{"title":"O PSdeG de Carral solicita informaci\u00f3n \u00e1s tres administraci\u00f3ns sobre o cambio de uso do solo residencial no pol\u00edgono dos Capelos - Agrupaci\u00f3n Provincial da Coru\u00f1a PSOE","description":"Patricia Blanco Fidalgo, rexistrou solicitudes ante o Concello, a Xunta e o Ministerio de Vivenda para co\u00f1ecer os informes relativos \u00e1 modificaci\u00f3n urban\u00edstica.","robots":{"index":"index","follow":"follow","max-snippet":"max-snippet:-1","max-image-preview":"max-image-preview:large","max-video-preview":"max-video-preview:-1"},"canonical":"https:\/\/agrupacionespsoe.es\/acoruna\/o-psdeg-de-carral-solicita-informacion-as-tres-administracions-sobre-o-cambio-de-uso-do-solo-residencial-no-poligono-dos-capelos\/","og_locale":"es_ES","og_type":"article","og_title":"O PSdeG de Carral solicita informaci\u00f3n \u00e1s tres administraci\u00f3ns sobre o cambio de uso do solo residencial no pol\u00edgono dos Capelos - Agrupaci\u00f3n Provincial da Coru\u00f1a PSOE","og_description":"Patricia Blanco Fidalgo, rexistrou solicitudes ante o Concello, a Xunta e o Ministerio de Vivenda para co\u00f1ecer os informes relativos \u00e1 modificaci\u00f3n urban\u00edstica.","og_url":"https:\/\/agrupacionespsoe.es\/acoruna\/o-psdeg-de-carral-solicita-informacion-as-tres-administracions-sobre-o-cambio-de-uso-do-solo-residencial-no-poligono-dos-capelos\/","og_site_name":"Agrupaci\u00f3n Provincial da Coru\u00f1a PSOE","article_published_time":"2026-03-09T11:52:40+00:00","article_modified_time":"2026-03-09T11:52:42+00:00","og_image":[{"width":731,"height":724,"url":"https:\/\/agrupacionespsoe.es\/acoruna\/wp-content\/uploads\/sites\/198\/2024\/08\/PSdeG-cubo.jpg","type":"image\/jpeg"}],"author":"Olympia M\u00e9ndez","twitter_card":"summary_large_image","twitter_misc":{"Escrito por":"Olympia M\u00e9ndez","Tiempo de lectura":"3 minutos"},"schema":{"@context":"https:\/\/schema.org","@graph":[{"@type":"Article","@id":"https:\/\/agrupacionespsoe.es\/acoruna\/o-psdeg-de-carral-solicita-informacion-as-tres-administracions-sobre-o-cambio-de-uso-do-solo-residencial-no-poligono-dos-capelos\/#article","isPartOf":{"@id":"https:\/\/agrupacionespsoe.es\/acoruna\/o-psdeg-de-carral-solicita-informacion-as-tres-administracions-sobre-o-cambio-de-uso-do-solo-residencial-no-poligono-dos-capelos\/"},"author":{"name":"Olympia M\u00e9ndez","@id":"https:\/\/agrupacionespsoe.es\/acoruna\/#\/schema\/person\/dbf2b36187b136d06a53f7937d5d5af9"},"headline":"O PSdeG de Carral solicita informaci\u00f3n \u00e1s tres administraci\u00f3ns sobre o cambio de uso do solo residencial no pol\u00edgono dos Capelos","datePublished":"2026-03-09T11:52:40+00:00","dateModified":"2026-03-09T11:52:42+00:00","mainEntityOfPage":{"@id":"https:\/\/agrupacionespsoe.es\/acoruna\/o-psdeg-de-carral-solicita-informacion-as-tres-administracions-sobre-o-cambio-de-uso-do-solo-residencial-no-poligono-dos-capelos\/"},"wordCount":476,"commentCount":0,"publisher":{"@id":"https:\/\/agrupacionespsoe.es\/acoruna\/#organization"},"image":{"@id":"https:\/\/agrupacionespsoe.es\/acoruna\/o-psdeg-de-carral-solicita-informacion-as-tres-administracions-sobre-o-cambio-de-uso-do-solo-residencial-no-poligono-dos-capelos\/#primaryimage"},"thumbnailUrl":"https:\/\/agrupacionespsoe.es\/acoruna\/wp-content\/uploads\/sites\/198\/2024\/08\/PSdeG-cubo.jpg","keywords":["Carral","Goberno de Espa\u00f1a","Patricia Blanco","Pol\u00edgono Industrial","Pol\u00edtica Municipal","PSdeG-PSOE","SEPES","Transparencia","Xunta de Galicia"],"articleSection":["Carral","Industria"],"inLanguage":"es","potentialAction":[{"@type":"CommentAction","name":"Comment","target":["https:\/\/agrupacionespsoe.es\/acoruna\/o-psdeg-de-carral-solicita-informacion-as-tres-administracions-sobre-o-cambio-de-uso-do-solo-residencial-no-poligono-dos-capelos\/#respond"]}]},{"@type":"WebPage","@id":"https:\/\/agrupacionespsoe.es\/acoruna\/o-psdeg-de-carral-solicita-informacion-as-tres-administracions-sobre-o-cambio-de-uso-do-solo-residencial-no-poligono-dos-capelos\/","url":"https:\/\/agrupacionespsoe.es\/acoruna\/o-psdeg-de-carral-solicita-informacion-as-tres-administracions-sobre-o-cambio-de-uso-do-solo-residencial-no-poligono-dos-capelos\/","name":"O PSdeG de Carral solicita informaci\u00f3n \u00e1s tres administraci\u00f3ns sobre o cambio de uso do solo residencial no pol\u00edgono dos Capelos - Agrupaci\u00f3n Provincial da Coru\u00f1a PSOE","isPartOf":{"@id":"https:\/\/agrupacionespsoe.es\/acoruna\/#website"},"primaryImageOfPage":{"@id":"https:\/\/agrupacionespsoe.es\/acoruna\/o-psdeg-de-carral-solicita-informacion-as-tres-administracions-sobre-o-cambio-de-uso-do-solo-residencial-no-poligono-dos-capelos\/#primaryimage"},"image":{"@id":"https:\/\/agrupacionespsoe.es\/acoruna\/o-psdeg-de-carral-solicita-informacion-as-tres-administracions-sobre-o-cambio-de-uso-do-solo-residencial-no-poligono-dos-capelos\/#primaryimage"},"thumbnailUrl":"https:\/\/agrupacionespsoe.es\/acoruna\/wp-content\/uploads\/sites\/198\/2024\/08\/PSdeG-cubo.jpg","datePublished":"2026-03-09T11:52:40+00:00","dateModified":"2026-03-09T11:52:42+00:00","description":"Patricia Blanco Fidalgo, rexistrou solicitudes ante o Concello, a Xunta e o Ministerio de Vivenda para co\u00f1ecer os informes relativos \u00e1 modificaci\u00f3n urban\u00edstica.","breadcrumb":{"@id":"https:\/\/agrupacionespsoe.es\/acoruna\/o-psdeg-de-carral-solicita-informacion-as-tres-administracions-sobre-o-cambio-de-uso-do-solo-residencial-no-poligono-dos-capelos\/#breadcrumb"},"inLanguage":"es","potentialAction":[{"@type":"ReadAction","target":["https:\/\/agrupacionespsoe.es\/acoruna\/o-psdeg-de-carral-solicita-informacion-as-tres-administracions-sobre-o-cambio-de-uso-do-solo-residencial-no-poligono-dos-capelos\/"]}]},{"@type":"ImageObject","inLanguage":"es","@id":"https:\/\/agrupacionespsoe.es\/acoruna\/o-psdeg-de-carral-solicita-informacion-as-tres-administracions-sobre-o-cambio-de-uso-do-solo-residencial-no-poligono-dos-capelos\/#primaryimage","url":"https:\/\/agrupacionespsoe.es\/acoruna\/wp-content\/uploads\/sites\/198\/2024\/08\/PSdeG-cubo.jpg","contentUrl":"https:\/\/agrupacionespsoe.es\/acoruna\/wp-content\/uploads\/sites\/198\/2024\/08\/PSdeG-cubo.jpg","width":731,"height":724},{"@type":"BreadcrumbList","@id":"https:\/\/agrupacionespsoe.es\/acoruna\/o-psdeg-de-carral-solicita-informacion-as-tres-administracions-sobre-o-cambio-de-uso-do-solo-residencial-no-poligono-dos-capelos\/#breadcrumb","itemListElement":[{"@type":"ListItem","position":1,"name":"Portada","item":"https:\/\/agrupacionespsoe.es\/acoruna\/"},{"@type":"ListItem","position":2,"name":"O PSdeG de Carral solicita informaci\u00f3n \u00e1s tres administraci\u00f3ns sobre o cambio de uso do solo residencial no pol\u00edgono dos Capelos"}]},{"@type":"WebSite","@id":"https:\/\/agrupacionespsoe.es\/acoruna\/#website","url":"https:\/\/agrupacionespsoe.es\/acoruna\/","name":"Agrupaci\u00f3n Provincial da Coru\u00f1a PSOE","description":"Provincial PSdeG-PSOE da Coru\u00f1a","publisher":{"@id":"https:\/\/agrupacionespsoe.es\/acoruna\/#organization"},"potentialAction":[{"@type":"SearchAction","target":{"@type":"EntryPoint","urlTemplate":"https:\/\/agrupacionespsoe.es\/acoruna\/?s={search_term_string}"},"query-input":{"@type":"PropertyValueSpecification","valueRequired":true,"valueName":"search_term_string"}}],"inLanguage":"es"},{"@type":"Organization","@id":"https:\/\/agrupacionespsoe.es\/acoruna\/#organization","name":"Agrupaci\u00f3n Provincial da Coru\u00f1a PSOE","url":"https:\/\/agrupacionespsoe.es\/acoruna\/","logo":{"@type":"ImageObject","inLanguage":"es","@id":"https:\/\/agrupacionespsoe.es\/acoruna\/#\/schema\/logo\/image\/","url":"https:\/\/agrupacionespsoe.es\/wp-content\/uploads\/2022\/07\/Logotipo_electoral_del_PSOE.png","contentUrl":"https:\/\/agrupacionespsoe.es\/wp-content\/uploads\/2022\/07\/Logotipo_electoral_del_PSOE.png","width":422,"height":422,"caption":"Agrupaci\u00f3n Provincial da Coru\u00f1a PSOE"},"image":{"@id":"https:\/\/agrupacionespsoe.es\/acoruna\/#\/schema\/logo\/image\/"}},{"@type":"Person","@id":"https:\/\/agrupacionespsoe.es\/acoruna\/#\/schema\/person\/dbf2b36187b136d06a53f7937d5d5af9","name":"Olympia M\u00e9ndez","image":{"@type":"ImageObject","inLanguage":"es","@id":"https:\/\/agrupacionespsoe.es\/acoruna\/#\/schema\/person\/image\/","url":"https:\/\/secure.gravatar.com\/avatar\/12db1fb8bfe20deb7a2d4ddc95b9042b?s=96&d=mm&r=g","contentUrl":"https:\/\/secure.gravatar.com\/avatar\/12db1fb8bfe20deb7a2d4ddc95b9042b?s=96&d=mm&r=g","caption":"Olympia M\u00e9ndez"},"url":"https:\/\/agrupacionespsoe.es\/acoruna\/author\/acoruna2\/"}]}},"jetpack_featured_media_url":"https:\/\/agrupacionespsoe.es\/acoruna\/wp-content\/uploads\/sites\/198\/2024\/08\/PSdeG-cubo.jpg","jetpack_sharing_enabled":true,"jetpack_likes_enabled":true,"_links":{"self":[{"href":"https:\/\/agrupacionespsoe.es\/acoruna\/wp-json\/wp\/v2\/posts\/2841","targetHints":{"allow":["GET"]}}],"collection":[{"href":"https:\/\/agrupacionespsoe.es\/acoruna\/wp-json\/wp\/v2\/posts"}],"about":[{"href":"https:\/\/agrupacionespsoe.es\/acoruna\/wp-json\/wp\/v2\/types\/post"}],"author":[{"embeddable":true,"href":"https:\/\/agrupacionespsoe.es\/acoruna\/wp-json\/wp\/v2\/users\/282"}],"replies":[{"embeddable":true,"href":"https:\/\/agrupacionespsoe.es\/acoruna\/wp-json\/wp\/v2\/comments?post=2841"}],"version-history":[{"count":2,"href":"https:\/\/agrupacionespsoe.es\/acoruna\/wp-json\/wp\/v2\/posts\/2841\/revisions"}],"predecessor-version":[{"id":2843,"href":"https:\/\/agrupacionespsoe.es\/acoruna\/wp-json\/wp\/v2\/posts\/2841\/revisions\/2843"}],"wp:featuredmedia":[{"embeddable":true,"href":"https:\/\/agrupacionespsoe.es\/acoruna\/wp-json\/wp\/v2\/media\/791"}],"wp:attachment":[{"href":"https:\/\/agrupacionespsoe.es\/acoruna\/wp-json\/wp\/v2\/media?parent=2841"}],"wp:term":[{"taxonomy":"category","embeddable":true,"href":"https:\/\/agrupacionespsoe.es\/acoruna\/wp-json\/wp\/v2\/categories?post=2841"},{"taxonomy":"post_tag","embeddable":true,"href":"https:\/\/agrupacionespsoe.es\/acoruna\/wp-json\/wp\/v2\/tags?post=2841"}],"curies":[{"name":"wp","href":"https:\/\/api.w.org\/{rel}","templated":true}]}}