{"id":2834,"date":"2026-03-06T17:50:53","date_gmt":"2026-03-06T16:50:53","guid":{"rendered":"https:\/\/agrupacionespsoe.es\/acoruna\/?p=2834"},"modified":"2026-03-06T17:50:54","modified_gmt":"2026-03-06T16:50:54","slug":"o-psdeg-cualifica-de-decepcionante-o-balance-dos-2-anos-de-goberno-de-rueda-para-a-cidade-da-coruna","status":"publish","type":"post","link":"https:\/\/agrupacionespsoe.es\/acoruna\/o-psdeg-cualifica-de-decepcionante-o-balance-dos-2-anos-de-goberno-de-rueda-para-a-cidade-da-coruna\/","title":{"rendered":"O PSdeG cualifica de \u201cdecepcionante\u201d o balance dos 2 anos de goberno de Rueda para a cidade da Coru\u00f1a"},"content":{"rendered":"\n<ul class=\"wp-block-list\">\n<li><strong>Bernardo Fern\u00e1ndez Pi\u00f1eiro salientou &#8220;a &#8220;incapacidade do propio Partido Popular na cidade da Coru\u00f1a para facer ning\u00fan tipo de intermediaci\u00f3n cos seus compa\u00f1eiros na Xunta&#8221;<\/strong><\/li>\n<\/ul>\n\n\n\n<section class=\"wp-block-psoe-separador bg-primary px-2\"><hr class=\"color-white bg-white opacity-1 h-[1px] w-full\" \/><\/section>\n\n\n\n<p class=\"has-medium-font-size\">O PSdeG-PSOE realizou o seu balance dos dous anos de goberno de Alfonso Rueda na Xunta de Galicia, un balance que o secretario xeral provincial Bernardo Fern\u00e1ndez Pi\u00f1eiro calificou de &#8220;decepcionante&#8221;.<\/p>\n\n\n\n<p class=\"has-medium-font-size\">O socialista afirmou, nunha rolda de prensa conxunta coa parlamentaria socialista Silvia Longueira e o portavoz municipal Jos\u00e9 Manuel Lage, que &#8220;a Xunta de Galicia amosa un ano m\u00e1is que non est\u00e1 comprometida con esta cidade&#8221;.<\/p>\n\n\n\n<p class=\"has-medium-font-size\">Criticou a un goberno galego que &#8220;non cumpre os compromisos que ten adquirido, que segue sen apostar pola aquelas grandes cuesti\u00f3ns que lle foron trasladadas dende o Concello da Coru\u00f1a e que afectan directamente \u00e1 vida dos coru\u00f1eses e as coru\u00f1esas&#8221;.<\/p>\n\n\n\n<p class=\"has-medium-font-size\">Ademais, quixo salientar a &#8220;incapacidade do propio Partido Popular na cidade da Coru\u00f1a para facer ning\u00fan tipo de intermediaci\u00f3n cos seus compa\u00f1eiros na Xunta de Galicia&#8221;.<\/p>\n\n\n\n<p class=\"has-medium-font-size\">&#8220;Temos a un Partido Popular nesta cidade moi reivindicativo con todas as administraci\u00f3ns e certo con aquela que goberna e que ten a capacidade orzamentaria e dende o punto de vista das competencias&#8221;, indica Fern\u00e1ndez Pi\u00f1eiro, &#8220;para poder mellorar en moito a vida dos cidad\u00e1ns desta cidade&#8221;.<\/p>\n\n\n\n<p class=\"has-medium-font-size\">&#8220;\u00c9 o concello o que est\u00e1 po\u00f1endo a disposici\u00f3n da Xunta terreos para esa vivenda p\u00fablica, pero hai que lembrar que hab\u00eda un compromiso de Alfonso Rueda, hai 2 anos de crear nesta lexislatura 8.000 vivendas en Galicia&#8221;, engade o socialista.<\/p>\n\n\n\n<p class=\"has-medium-font-size\">Lembra que &#8220;a d\u00eda de hoxe foron 5 as creadas no ano 2.024 e 150 no 2025, \u00e9 dicir 155 vivendas p\u00fablicas en 2 anos fronte a 8.000 que se promet\u00edan para 4&#8221;.<\/p>\n\n\n\n<p class=\"has-medium-font-size\">&#8220;Vai ter que apurarse moito neste caso a Xunta de Galicia para poder cumprir minimamente oseu obxectivo&#8221;, apunta o secretario xeral provincial, que lembra que a vivenda \u00e9 &#8220;a principal preocupaci\u00f3n da cidadan\u00eda&#8221;.<\/p>\n\n\n\n<p class=\"has-medium-font-size\">&#8220;Non hai unha vontade real de a Xunta de Galicia nin por habilitar vivenda p\u00fablica nin tampouco por explorar e ampliar a v\u00eda do do banco de alugueiro&#8221;, denuncia Fern\u00e1ndez Pi\u00f1eiro, &#8220;condeando a moit\u00edsimas familias que non te\u00f1en capacidade econ\u00f3mica, sobre todo nesta cidade, para poder adquirir unha vivenda ou pagar un alugueiro, a vivir nunhas infravivendas&#8221;.<\/p>\n\n\n\n<p class=\"has-medium-font-size\">Conclu\u00edu a s\u00faa intervenci\u00f3n lamentando que a Xunta aposte por &#8220;un modelo privado que loxicamente deixa \u00e1 marxe do acceso \u00e1 vivenda, que \u00e9 un dereito consagrado na constituci\u00f3n espa\u00f1ola, a unha parte moi importante da nosa cidadan\u00eda&#8221;.<\/p>\n\n\n\n<p class=\"has-medium-font-size\">Pola s\u00faa banda, Silvia Longueira salientou que a Xunta de Galicia tampouco \u00e9 &#8220;quen de facerse cargo de todas as infraestruturas que lle competen&#8221; en materia educativa, citando &#8220;a reforma dos CEIP, dos IES, que est\u00e1n realmente na cidade nun momento de colapso&#8221;.<\/p>\n\n\n\n<p class=\"has-medium-font-size\">Longueira precisou que estas infraestruturas &#8220;est\u00e1n sendo sostidas basicamente polo orzamento do Concello&#8221;, calificando a situaci\u00f3n de &#8220;unha eiva important\u00edsima&#8221;.<\/p>\n\n\n\n<p class=\"has-medium-font-size\">Subli\u00f1ou tam\u00e9n que &#8220;16 mill\u00f3ns de euros vai po\u00f1er o Concello da Coru\u00f1a para solventar o Servizo de Axuda no Fogar porque a Xunta non \u00e9 quen de facerse cargo do que lle toca&#8221;.<\/p>\n\n\n\n<p class=\"has-medium-font-size\">Finalmente, Jos\u00e9 Manuel Lage destacou que &#8220;segue existindo unha d\u00e9beda hist\u00f3rica da Xunta de Galicia coa cidade da Coru\u00f1a, e segue sendo unha asignatura pendente de Rueda resolver esta d\u00e9beda hist\u00f3rica coa nosa cidade&#8221;.<\/p>\n\n\n\n<p class=\"has-medium-font-size\">Recalcou a necesidade de que a Xunta &#8220;invista moito mais nos servizos p\u00fablicos da cidade, e singularmente nos centros de sa\u00fade, hai que ver como est\u00e1n&#8221;, xa que &#8220;as listas de espera para atenci\u00f3n primaria son absolutamente insoportables&#8221;. &#8220;Prec\u00edsase m\u00e1is persoal sanitario e tam\u00e9n precisamos novos equipamentos para atender aos novos barrios e o crecemento de poboaci\u00f3n que est\u00e1 tendo a cidade da Coru\u00f1a&#8221;, finalizou.<\/p>\n\n\n\n<section class=\"wp-block-psoe-separador bg-primary px-2\"><hr class=\"color-white bg-white opacity-1 h-[1px] w-full\" \/><\/section>\n\n\n\n<figure class=\"wp-block-audio\"><audio controls src=\"https:\/\/agrupacionespsoe.es\/acoruna\/wp-content\/uploads\/sites\/198\/2026\/03\/Audio-Jose-Manuel-Lage-A-Coruna.ogg\"><\/audio><figcaption class=\"wp-element-caption\">Jos\u00e9 Manuel Lage Tu\u00f1as &#8211; 2 anos de Rueda &#8211; mar26<\/figcaption><\/figure>\n\n\n\n<figure class=\"wp-block-video\"><video controls src=\"https:\/\/agrupacionespsoe.es\/acoruna\/wp-content\/uploads\/sites\/198\/2026\/03\/Audio-Bernardo-Fernandez-A-Coruna.mp4\"><\/video><figcaption class=\"wp-element-caption\">Bernardo  Fern\u00e1ndez Pi\u00f1eiro &#8211; 2 anos de Rueda &#8211; mar26<\/figcaption><\/figure>\n\n\n\n<figure class=\"wp-block-video\"><video controls src=\"https:\/\/agrupacionespsoe.es\/acoruna\/wp-content\/uploads\/sites\/198\/2026\/03\/Audio-Silvia-Longueira-A-Coruna.mp4\"><\/video><figcaption class=\"wp-element-caption\">Silvia Longueira &#8211; 2 anos de Rueda &#8211; mar26<\/figcaption><\/figure>\n","protected":false},"excerpt":{"rendered":"<p>O PSdeG-PSOE realizou o seu balance dos dous anos de goberno de Alfonso Rueda na Xunta de Galicia, un balance que o secretario xeral provincial Bernardo Fern\u00e1ndez Pi\u00f1eiro calificou de &#8220;decepcionante&#8221;. O socialista afirmou, nunha rolda de prensa conxunta coa parlamentaria socialista Silvia Longueira e o portavoz municipal Jos\u00e9 Manuel Lage, que &#8220;a Xunta de &#8230;<\/p>\n","protected":false},"author":282,"featured_media":2838,"comment_status":"open","ping_status":"open","sticky":false,"template":"","format":"standard","meta":{"_jetpack_memberships_contains_paid_content":false,"footnotes":""},"categories":[111],"tags":[339,399,893,895,52,383,80,741,50,879,22,237,863,285,24,173,159],"class_list":["post-2834","post","type-post","status-publish","format-standard","has-post-thumbnail","hentry","category-xunta-de-galicia","tag-a-coruna","tag-agrupacion-provincial-da-coruna","tag-alfonso-rueda","tag-balance","tag-bernardo-fernandez","tag-centro-de-saude","tag-educacion","tag-jose-manuel-lage","tag-parlamento-de-galicia","tag-poboacion","tag-psdeg-psoe","tag-sanidade","tag-servizos-publicos","tag-silvia-longueira","tag-socialistas","tag-vivenda","tag-xunta-de-galicia"],"yoast_head":"<!-- This site is optimized with the Yoast SEO plugin v24.0 - https:\/\/yoast.com\/wordpress\/plugins\/seo\/ -->\n<title>O PSdeG cualifica de \u201cdecepcionante\u201d o balance dos 2 anos de goberno de Rueda para a cidade da Coru\u00f1a - Agrupaci\u00f3n Provincial da Coru\u00f1a PSOE<\/title>\n<meta name=\"description\" content=\"Bernardo Fern\u00e1ndez Pi\u00f1eiro salientou &quot;a &quot;incapacidade do propio Partido Popular na cidade da Coru\u00f1a para facer ning\u00fan tipo de intermediaci\u00f3n cos seus compa\u00f1eiros na Xunta&quot;.\" \/>\n<meta name=\"robots\" content=\"index, follow, max-snippet:-1, max-image-preview:large, max-video-preview:-1\" \/>\n<link rel=\"canonical\" href=\"https:\/\/agrupacionespsoe.es\/acoruna\/o-psdeg-cualifica-de-decepcionante-o-balance-dos-2-anos-de-goberno-de-rueda-para-a-cidade-da-coruna\/\" \/>\n<meta property=\"og:locale\" content=\"es_ES\" \/>\n<meta property=\"og:type\" content=\"article\" \/>\n<meta property=\"og:title\" content=\"O PSdeG cualifica de \u201cdecepcionante\u201d o balance dos 2 anos de goberno de Rueda para a cidade da Coru\u00f1a - Agrupaci\u00f3n Provincial da Coru\u00f1a PSOE\" \/>\n<meta property=\"og:description\" content=\"Bernardo Fern\u00e1ndez Pi\u00f1eiro salientou &quot;a &quot;incapacidade do propio Partido Popular na cidade da Coru\u00f1a para facer ning\u00fan tipo de intermediaci\u00f3n cos seus compa\u00f1eiros na Xunta&quot;.\" \/>\n<meta property=\"og:url\" content=\"https:\/\/agrupacionespsoe.es\/acoruna\/o-psdeg-cualifica-de-decepcionante-o-balance-dos-2-anos-de-goberno-de-rueda-para-a-cidade-da-coruna\/\" \/>\n<meta property=\"og:site_name\" content=\"Agrupaci\u00f3n Provincial da Coru\u00f1a PSOE\" \/>\n<meta property=\"article:published_time\" content=\"2026-03-06T16:50:53+00:00\" \/>\n<meta property=\"article:modified_time\" content=\"2026-03-06T16:50:54+00:00\" \/>\n<meta property=\"og:image\" content=\"https:\/\/agrupacionespsoe.es\/acoruna\/wp-content\/uploads\/sites\/198\/2026\/03\/PSOE-A-CORUNA-6-de-marzo.jpeg\" \/>\n\t<meta property=\"og:image:width\" content=\"2048\" \/>\n\t<meta property=\"og:image:height\" content=\"1536\" \/>\n\t<meta property=\"og:image:type\" content=\"image\/jpeg\" \/>\n<meta name=\"author\" content=\"Olympia M\u00e9ndez\" \/>\n<meta name=\"twitter:card\" content=\"summary_large_image\" \/>\n<meta name=\"twitter:label1\" content=\"Escrito por\" \/>\n\t<meta name=\"twitter:data1\" content=\"Olympia M\u00e9ndez\" \/>\n\t<meta name=\"twitter:label2\" content=\"Tiempo de lectura\" \/>\n\t<meta name=\"twitter:data2\" content=\"4 minutos\" \/>\n<script type=\"application\/ld+json\" class=\"yoast-schema-graph\">{\"@context\":\"https:\/\/schema.org\",\"@graph\":[{\"@type\":\"Article\",\"@id\":\"https:\/\/agrupacionespsoe.es\/acoruna\/o-psdeg-cualifica-de-decepcionante-o-balance-dos-2-anos-de-goberno-de-rueda-para-a-cidade-da-coruna\/#article\",\"isPartOf\":{\"@id\":\"https:\/\/agrupacionespsoe.es\/acoruna\/o-psdeg-cualifica-de-decepcionante-o-balance-dos-2-anos-de-goberno-de-rueda-para-a-cidade-da-coruna\/\"},\"author\":{\"name\":\"Olympia M\u00e9ndez\",\"@id\":\"https:\/\/agrupacionespsoe.es\/acoruna\/#\/schema\/person\/dbf2b36187b136d06a53f7937d5d5af9\"},\"headline\":\"O PSdeG cualifica de \u201cdecepcionante\u201d o balance dos 2 anos de goberno de Rueda para a cidade da Coru\u00f1a\",\"datePublished\":\"2026-03-06T16:50:53+00:00\",\"dateModified\":\"2026-03-06T16:50:54+00:00\",\"mainEntityOfPage\":{\"@id\":\"https:\/\/agrupacionespsoe.es\/acoruna\/o-psdeg-cualifica-de-decepcionante-o-balance-dos-2-anos-de-goberno-de-rueda-para-a-cidade-da-coruna\/\"},\"wordCount\":700,\"commentCount\":0,\"publisher\":{\"@id\":\"https:\/\/agrupacionespsoe.es\/acoruna\/#organization\"},\"image\":{\"@id\":\"https:\/\/agrupacionespsoe.es\/acoruna\/o-psdeg-cualifica-de-decepcionante-o-balance-dos-2-anos-de-goberno-de-rueda-para-a-cidade-da-coruna\/#primaryimage\"},\"thumbnailUrl\":\"https:\/\/agrupacionespsoe.es\/acoruna\/wp-content\/uploads\/sites\/198\/2026\/03\/PSOE-A-CORUNA-6-de-marzo.jpeg\",\"keywords\":[\"A Coru\u00f1a\",\"Agrupaci\u00f3n Provincial da Coru\u00f1a\",\"Alfonso Rueda\",\"Balance\",\"Bernardo Fern\u00e1ndez\",\"Centro de Sa\u00fade\",\"Educaci\u00f3n\",\"Jose Manuel Lage\",\"Parlamento de Galicia\",\"Poboaci\u00f3n\",\"PSdeG-PSOE\",\"Sanidade\",\"Servizos p\u00fablicos\",\"Silvia Longueira\",\"Socialistas\",\"Vivenda\",\"Xunta de Galicia\"],\"articleSection\":[\"Xunta de Galicia\"],\"inLanguage\":\"es\",\"potentialAction\":[{\"@type\":\"CommentAction\",\"name\":\"Comment\",\"target\":[\"https:\/\/agrupacionespsoe.es\/acoruna\/o-psdeg-cualifica-de-decepcionante-o-balance-dos-2-anos-de-goberno-de-rueda-para-a-cidade-da-coruna\/#respond\"]}]},{\"@type\":\"WebPage\",\"@id\":\"https:\/\/agrupacionespsoe.es\/acoruna\/o-psdeg-cualifica-de-decepcionante-o-balance-dos-2-anos-de-goberno-de-rueda-para-a-cidade-da-coruna\/\",\"url\":\"https:\/\/agrupacionespsoe.es\/acoruna\/o-psdeg-cualifica-de-decepcionante-o-balance-dos-2-anos-de-goberno-de-rueda-para-a-cidade-da-coruna\/\",\"name\":\"O PSdeG cualifica de \u201cdecepcionante\u201d o balance dos 2 anos de goberno de Rueda para a cidade da Coru\u00f1a - Agrupaci\u00f3n Provincial da Coru\u00f1a PSOE\",\"isPartOf\":{\"@id\":\"https:\/\/agrupacionespsoe.es\/acoruna\/#website\"},\"primaryImageOfPage\":{\"@id\":\"https:\/\/agrupacionespsoe.es\/acoruna\/o-psdeg-cualifica-de-decepcionante-o-balance-dos-2-anos-de-goberno-de-rueda-para-a-cidade-da-coruna\/#primaryimage\"},\"image\":{\"@id\":\"https:\/\/agrupacionespsoe.es\/acoruna\/o-psdeg-cualifica-de-decepcionante-o-balance-dos-2-anos-de-goberno-de-rueda-para-a-cidade-da-coruna\/#primaryimage\"},\"thumbnailUrl\":\"https:\/\/agrupacionespsoe.es\/acoruna\/wp-content\/uploads\/sites\/198\/2026\/03\/PSOE-A-CORUNA-6-de-marzo.jpeg\",\"datePublished\":\"2026-03-06T16:50:53+00:00\",\"dateModified\":\"2026-03-06T16:50:54+00:00\",\"description\":\"Bernardo Fern\u00e1ndez Pi\u00f1eiro salientou \\\"a \\\"incapacidade do propio Partido Popular na cidade da Coru\u00f1a para facer ning\u00fan tipo de intermediaci\u00f3n cos seus compa\u00f1eiros na Xunta\\\".\",\"breadcrumb\":{\"@id\":\"https:\/\/agrupacionespsoe.es\/acoruna\/o-psdeg-cualifica-de-decepcionante-o-balance-dos-2-anos-de-goberno-de-rueda-para-a-cidade-da-coruna\/#breadcrumb\"},\"inLanguage\":\"es\",\"potentialAction\":[{\"@type\":\"ReadAction\",\"target\":[\"https:\/\/agrupacionespsoe.es\/acoruna\/o-psdeg-cualifica-de-decepcionante-o-balance-dos-2-anos-de-goberno-de-rueda-para-a-cidade-da-coruna\/\"]}]},{\"@type\":\"ImageObject\",\"inLanguage\":\"es\",\"@id\":\"https:\/\/agrupacionespsoe.es\/acoruna\/o-psdeg-cualifica-de-decepcionante-o-balance-dos-2-anos-de-goberno-de-rueda-para-a-cidade-da-coruna\/#primaryimage\",\"url\":\"https:\/\/agrupacionespsoe.es\/acoruna\/wp-content\/uploads\/sites\/198\/2026\/03\/PSOE-A-CORUNA-6-de-marzo.jpeg\",\"contentUrl\":\"https:\/\/agrupacionespsoe.es\/acoruna\/wp-content\/uploads\/sites\/198\/2026\/03\/PSOE-A-CORUNA-6-de-marzo.jpeg\",\"width\":2048,\"height\":1536},{\"@type\":\"BreadcrumbList\",\"@id\":\"https:\/\/agrupacionespsoe.es\/acoruna\/o-psdeg-cualifica-de-decepcionante-o-balance-dos-2-anos-de-goberno-de-rueda-para-a-cidade-da-coruna\/#breadcrumb\",\"itemListElement\":[{\"@type\":\"ListItem\",\"position\":1,\"name\":\"Portada\",\"item\":\"https:\/\/agrupacionespsoe.es\/acoruna\/\"},{\"@type\":\"ListItem\",\"position\":2,\"name\":\"O PSdeG cualifica de \u201cdecepcionante\u201d o balance dos 2 anos de goberno de Rueda para a cidade da Coru\u00f1a\"}]},{\"@type\":\"WebSite\",\"@id\":\"https:\/\/agrupacionespsoe.es\/acoruna\/#website\",\"url\":\"https:\/\/agrupacionespsoe.es\/acoruna\/\",\"name\":\"Agrupaci\u00f3n Provincial da Coru\u00f1a PSOE\",\"description\":\"Provincial PSdeG-PSOE da Coru\u00f1a\",\"publisher\":{\"@id\":\"https:\/\/agrupacionespsoe.es\/acoruna\/#organization\"},\"potentialAction\":[{\"@type\":\"SearchAction\",\"target\":{\"@type\":\"EntryPoint\",\"urlTemplate\":\"https:\/\/agrupacionespsoe.es\/acoruna\/?s={search_term_string}\"},\"query-input\":{\"@type\":\"PropertyValueSpecification\",\"valueRequired\":true,\"valueName\":\"search_term_string\"}}],\"inLanguage\":\"es\"},{\"@type\":\"Organization\",\"@id\":\"https:\/\/agrupacionespsoe.es\/acoruna\/#organization\",\"name\":\"Agrupaci\u00f3n Provincial da Coru\u00f1a PSOE\",\"url\":\"https:\/\/agrupacionespsoe.es\/acoruna\/\",\"logo\":{\"@type\":\"ImageObject\",\"inLanguage\":\"es\",\"@id\":\"https:\/\/agrupacionespsoe.es\/acoruna\/#\/schema\/logo\/image\/\",\"url\":\"https:\/\/agrupacionespsoe.es\/wp-content\/uploads\/2022\/07\/Logotipo_electoral_del_PSOE.png\",\"contentUrl\":\"https:\/\/agrupacionespsoe.es\/wp-content\/uploads\/2022\/07\/Logotipo_electoral_del_PSOE.png\",\"width\":422,\"height\":422,\"caption\":\"Agrupaci\u00f3n Provincial da Coru\u00f1a PSOE\"},\"image\":{\"@id\":\"https:\/\/agrupacionespsoe.es\/acoruna\/#\/schema\/logo\/image\/\"}},{\"@type\":\"Person\",\"@id\":\"https:\/\/agrupacionespsoe.es\/acoruna\/#\/schema\/person\/dbf2b36187b136d06a53f7937d5d5af9\",\"name\":\"Olympia M\u00e9ndez\",\"image\":{\"@type\":\"ImageObject\",\"inLanguage\":\"es\",\"@id\":\"https:\/\/agrupacionespsoe.es\/acoruna\/#\/schema\/person\/image\/\",\"url\":\"https:\/\/secure.gravatar.com\/avatar\/12db1fb8bfe20deb7a2d4ddc95b9042b?s=96&d=mm&r=g\",\"contentUrl\":\"https:\/\/secure.gravatar.com\/avatar\/12db1fb8bfe20deb7a2d4ddc95b9042b?s=96&d=mm&r=g\",\"caption\":\"Olympia M\u00e9ndez\"},\"url\":\"https:\/\/agrupacionespsoe.es\/acoruna\/author\/acoruna2\/\"}]}<\/script>\n<!-- \/ Yoast SEO plugin. -->","yoast_head_json":{"title":"O PSdeG cualifica de \u201cdecepcionante\u201d o balance dos 2 anos de goberno de Rueda para a cidade da Coru\u00f1a - Agrupaci\u00f3n Provincial da Coru\u00f1a PSOE","description":"Bernardo Fern\u00e1ndez Pi\u00f1eiro salientou \"a \"incapacidade do propio Partido Popular na cidade da Coru\u00f1a para facer ning\u00fan tipo de intermediaci\u00f3n cos seus compa\u00f1eiros na Xunta\".","robots":{"index":"index","follow":"follow","max-snippet":"max-snippet:-1","max-image-preview":"max-image-preview:large","max-video-preview":"max-video-preview:-1"},"canonical":"https:\/\/agrupacionespsoe.es\/acoruna\/o-psdeg-cualifica-de-decepcionante-o-balance-dos-2-anos-de-goberno-de-rueda-para-a-cidade-da-coruna\/","og_locale":"es_ES","og_type":"article","og_title":"O PSdeG cualifica de \u201cdecepcionante\u201d o balance dos 2 anos de goberno de Rueda para a cidade da Coru\u00f1a - Agrupaci\u00f3n Provincial da Coru\u00f1a PSOE","og_description":"Bernardo Fern\u00e1ndez Pi\u00f1eiro salientou \"a \"incapacidade do propio Partido Popular na cidade da Coru\u00f1a para facer ning\u00fan tipo de intermediaci\u00f3n cos seus compa\u00f1eiros na Xunta\".","og_url":"https:\/\/agrupacionespsoe.es\/acoruna\/o-psdeg-cualifica-de-decepcionante-o-balance-dos-2-anos-de-goberno-de-rueda-para-a-cidade-da-coruna\/","og_site_name":"Agrupaci\u00f3n Provincial da Coru\u00f1a PSOE","article_published_time":"2026-03-06T16:50:53+00:00","article_modified_time":"2026-03-06T16:50:54+00:00","og_image":[{"width":2048,"height":1536,"url":"https:\/\/agrupacionespsoe.es\/acoruna\/wp-content\/uploads\/sites\/198\/2026\/03\/PSOE-A-CORUNA-6-de-marzo.jpeg","type":"image\/jpeg"}],"author":"Olympia M\u00e9ndez","twitter_card":"summary_large_image","twitter_misc":{"Escrito por":"Olympia M\u00e9ndez","Tiempo de lectura":"4 minutos"},"schema":{"@context":"https:\/\/schema.org","@graph":[{"@type":"Article","@id":"https:\/\/agrupacionespsoe.es\/acoruna\/o-psdeg-cualifica-de-decepcionante-o-balance-dos-2-anos-de-goberno-de-rueda-para-a-cidade-da-coruna\/#article","isPartOf":{"@id":"https:\/\/agrupacionespsoe.es\/acoruna\/o-psdeg-cualifica-de-decepcionante-o-balance-dos-2-anos-de-goberno-de-rueda-para-a-cidade-da-coruna\/"},"author":{"name":"Olympia M\u00e9ndez","@id":"https:\/\/agrupacionespsoe.es\/acoruna\/#\/schema\/person\/dbf2b36187b136d06a53f7937d5d5af9"},"headline":"O PSdeG cualifica de \u201cdecepcionante\u201d o balance dos 2 anos de goberno de Rueda para a cidade da Coru\u00f1a","datePublished":"2026-03-06T16:50:53+00:00","dateModified":"2026-03-06T16:50:54+00:00","mainEntityOfPage":{"@id":"https:\/\/agrupacionespsoe.es\/acoruna\/o-psdeg-cualifica-de-decepcionante-o-balance-dos-2-anos-de-goberno-de-rueda-para-a-cidade-da-coruna\/"},"wordCount":700,"commentCount":0,"publisher":{"@id":"https:\/\/agrupacionespsoe.es\/acoruna\/#organization"},"image":{"@id":"https:\/\/agrupacionespsoe.es\/acoruna\/o-psdeg-cualifica-de-decepcionante-o-balance-dos-2-anos-de-goberno-de-rueda-para-a-cidade-da-coruna\/#primaryimage"},"thumbnailUrl":"https:\/\/agrupacionespsoe.es\/acoruna\/wp-content\/uploads\/sites\/198\/2026\/03\/PSOE-A-CORUNA-6-de-marzo.jpeg","keywords":["A Coru\u00f1a","Agrupaci\u00f3n Provincial da Coru\u00f1a","Alfonso Rueda","Balance","Bernardo Fern\u00e1ndez","Centro de Sa\u00fade","Educaci\u00f3n","Jose Manuel Lage","Parlamento de Galicia","Poboaci\u00f3n","PSdeG-PSOE","Sanidade","Servizos p\u00fablicos","Silvia Longueira","Socialistas","Vivenda","Xunta de Galicia"],"articleSection":["Xunta de Galicia"],"inLanguage":"es","potentialAction":[{"@type":"CommentAction","name":"Comment","target":["https:\/\/agrupacionespsoe.es\/acoruna\/o-psdeg-cualifica-de-decepcionante-o-balance-dos-2-anos-de-goberno-de-rueda-para-a-cidade-da-coruna\/#respond"]}]},{"@type":"WebPage","@id":"https:\/\/agrupacionespsoe.es\/acoruna\/o-psdeg-cualifica-de-decepcionante-o-balance-dos-2-anos-de-goberno-de-rueda-para-a-cidade-da-coruna\/","url":"https:\/\/agrupacionespsoe.es\/acoruna\/o-psdeg-cualifica-de-decepcionante-o-balance-dos-2-anos-de-goberno-de-rueda-para-a-cidade-da-coruna\/","name":"O PSdeG cualifica de \u201cdecepcionante\u201d o balance dos 2 anos de goberno de Rueda para a cidade da Coru\u00f1a - Agrupaci\u00f3n Provincial da Coru\u00f1a PSOE","isPartOf":{"@id":"https:\/\/agrupacionespsoe.es\/acoruna\/#website"},"primaryImageOfPage":{"@id":"https:\/\/agrupacionespsoe.es\/acoruna\/o-psdeg-cualifica-de-decepcionante-o-balance-dos-2-anos-de-goberno-de-rueda-para-a-cidade-da-coruna\/#primaryimage"},"image":{"@id":"https:\/\/agrupacionespsoe.es\/acoruna\/o-psdeg-cualifica-de-decepcionante-o-balance-dos-2-anos-de-goberno-de-rueda-para-a-cidade-da-coruna\/#primaryimage"},"thumbnailUrl":"https:\/\/agrupacionespsoe.es\/acoruna\/wp-content\/uploads\/sites\/198\/2026\/03\/PSOE-A-CORUNA-6-de-marzo.jpeg","datePublished":"2026-03-06T16:50:53+00:00","dateModified":"2026-03-06T16:50:54+00:00","description":"Bernardo Fern\u00e1ndez Pi\u00f1eiro salientou \"a \"incapacidade do propio Partido Popular na cidade da Coru\u00f1a para facer ning\u00fan tipo de intermediaci\u00f3n cos seus compa\u00f1eiros na Xunta\".","breadcrumb":{"@id":"https:\/\/agrupacionespsoe.es\/acoruna\/o-psdeg-cualifica-de-decepcionante-o-balance-dos-2-anos-de-goberno-de-rueda-para-a-cidade-da-coruna\/#breadcrumb"},"inLanguage":"es","potentialAction":[{"@type":"ReadAction","target":["https:\/\/agrupacionespsoe.es\/acoruna\/o-psdeg-cualifica-de-decepcionante-o-balance-dos-2-anos-de-goberno-de-rueda-para-a-cidade-da-coruna\/"]}]},{"@type":"ImageObject","inLanguage":"es","@id":"https:\/\/agrupacionespsoe.es\/acoruna\/o-psdeg-cualifica-de-decepcionante-o-balance-dos-2-anos-de-goberno-de-rueda-para-a-cidade-da-coruna\/#primaryimage","url":"https:\/\/agrupacionespsoe.es\/acoruna\/wp-content\/uploads\/sites\/198\/2026\/03\/PSOE-A-CORUNA-6-de-marzo.jpeg","contentUrl":"https:\/\/agrupacionespsoe.es\/acoruna\/wp-content\/uploads\/sites\/198\/2026\/03\/PSOE-A-CORUNA-6-de-marzo.jpeg","width":2048,"height":1536},{"@type":"BreadcrumbList","@id":"https:\/\/agrupacionespsoe.es\/acoruna\/o-psdeg-cualifica-de-decepcionante-o-balance-dos-2-anos-de-goberno-de-rueda-para-a-cidade-da-coruna\/#breadcrumb","itemListElement":[{"@type":"ListItem","position":1,"name":"Portada","item":"https:\/\/agrupacionespsoe.es\/acoruna\/"},{"@type":"ListItem","position":2,"name":"O PSdeG cualifica de \u201cdecepcionante\u201d o balance dos 2 anos de goberno de Rueda para a cidade da Coru\u00f1a"}]},{"@type":"WebSite","@id":"https:\/\/agrupacionespsoe.es\/acoruna\/#website","url":"https:\/\/agrupacionespsoe.es\/acoruna\/","name":"Agrupaci\u00f3n Provincial da Coru\u00f1a PSOE","description":"Provincial PSdeG-PSOE da Coru\u00f1a","publisher":{"@id":"https:\/\/agrupacionespsoe.es\/acoruna\/#organization"},"potentialAction":[{"@type":"SearchAction","target":{"@type":"EntryPoint","urlTemplate":"https:\/\/agrupacionespsoe.es\/acoruna\/?s={search_term_string}"},"query-input":{"@type":"PropertyValueSpecification","valueRequired":true,"valueName":"search_term_string"}}],"inLanguage":"es"},{"@type":"Organization","@id":"https:\/\/agrupacionespsoe.es\/acoruna\/#organization","name":"Agrupaci\u00f3n Provincial da Coru\u00f1a PSOE","url":"https:\/\/agrupacionespsoe.es\/acoruna\/","logo":{"@type":"ImageObject","inLanguage":"es","@id":"https:\/\/agrupacionespsoe.es\/acoruna\/#\/schema\/logo\/image\/","url":"https:\/\/agrupacionespsoe.es\/wp-content\/uploads\/2022\/07\/Logotipo_electoral_del_PSOE.png","contentUrl":"https:\/\/agrupacionespsoe.es\/wp-content\/uploads\/2022\/07\/Logotipo_electoral_del_PSOE.png","width":422,"height":422,"caption":"Agrupaci\u00f3n Provincial da Coru\u00f1a PSOE"},"image":{"@id":"https:\/\/agrupacionespsoe.es\/acoruna\/#\/schema\/logo\/image\/"}},{"@type":"Person","@id":"https:\/\/agrupacionespsoe.es\/acoruna\/#\/schema\/person\/dbf2b36187b136d06a53f7937d5d5af9","name":"Olympia M\u00e9ndez","image":{"@type":"ImageObject","inLanguage":"es","@id":"https:\/\/agrupacionespsoe.es\/acoruna\/#\/schema\/person\/image\/","url":"https:\/\/secure.gravatar.com\/avatar\/12db1fb8bfe20deb7a2d4ddc95b9042b?s=96&d=mm&r=g","contentUrl":"https:\/\/secure.gravatar.com\/avatar\/12db1fb8bfe20deb7a2d4ddc95b9042b?s=96&d=mm&r=g","caption":"Olympia M\u00e9ndez"},"url":"https:\/\/agrupacionespsoe.es\/acoruna\/author\/acoruna2\/"}]}},"jetpack_featured_media_url":"https:\/\/agrupacionespsoe.es\/acoruna\/wp-content\/uploads\/sites\/198\/2026\/03\/PSOE-A-CORUNA-6-de-marzo.jpeg","jetpack_sharing_enabled":true,"jetpack_likes_enabled":true,"_links":{"self":[{"href":"https:\/\/agrupacionespsoe.es\/acoruna\/wp-json\/wp\/v2\/posts\/2834","targetHints":{"allow":["GET"]}}],"collection":[{"href":"https:\/\/agrupacionespsoe.es\/acoruna\/wp-json\/wp\/v2\/posts"}],"about":[{"href":"https:\/\/agrupacionespsoe.es\/acoruna\/wp-json\/wp\/v2\/types\/post"}],"author":[{"embeddable":true,"href":"https:\/\/agrupacionespsoe.es\/acoruna\/wp-json\/wp\/v2\/users\/282"}],"replies":[{"embeddable":true,"href":"https:\/\/agrupacionespsoe.es\/acoruna\/wp-json\/wp\/v2\/comments?post=2834"}],"version-history":[{"count":2,"href":"https:\/\/agrupacionespsoe.es\/acoruna\/wp-json\/wp\/v2\/posts\/2834\/revisions"}],"predecessor-version":[{"id":2840,"href":"https:\/\/agrupacionespsoe.es\/acoruna\/wp-json\/wp\/v2\/posts\/2834\/revisions\/2840"}],"wp:featuredmedia":[{"embeddable":true,"href":"https:\/\/agrupacionespsoe.es\/acoruna\/wp-json\/wp\/v2\/media\/2838"}],"wp:attachment":[{"href":"https:\/\/agrupacionespsoe.es\/acoruna\/wp-json\/wp\/v2\/media?parent=2834"}],"wp:term":[{"taxonomy":"category","embeddable":true,"href":"https:\/\/agrupacionespsoe.es\/acoruna\/wp-json\/wp\/v2\/categories?post=2834"},{"taxonomy":"post_tag","embeddable":true,"href":"https:\/\/agrupacionespsoe.es\/acoruna\/wp-json\/wp\/v2\/tags?post=2834"}],"curies":[{"name":"wp","href":"https:\/\/api.w.org\/{rel}","templated":true}]}}