{"id":2831,"date":"2026-03-06T17:42:26","date_gmt":"2026-03-06T16:42:26","guid":{"rendered":"https:\/\/agrupacionespsoe.es\/acoruna\/?p=2831"},"modified":"2026-03-06T17:42:27","modified_gmt":"2026-03-06T16:42:27","slug":"o-psoe-denuncia-a-paralise-do-goberno-de-cabanas-e-pide-responsabilidade-politica-ante-un-executivo-sen-equipo-e-sen-explicacions","status":"publish","type":"post","link":"https:\/\/agrupacionespsoe.es\/acoruna\/o-psoe-denuncia-a-paralise-do-goberno-de-cabanas-e-pide-responsabilidade-politica-ante-un-executivo-sen-equipo-e-sen-explicacions\/","title":{"rendered":"O PSOE denuncia a &#8220;par\u00e1lise&#8221; do goberno de Cabanas e pide responsabilidade pol\u00edtica ante un executivo \u201csen equipo e sen explicaci\u00f3ns\u201d"},"content":{"rendered":"\n<ul class=\"wp-block-list\">\n<li><strong>Os socialistas lamentan que o BNG contin\u00fae &#8220;bloqueando o cambio dun goberno municipal esgotado e sen capacidade de xesti\u00f3n&#8221;<\/strong><\/li>\n<\/ul>\n\n\n\n<section class=\"wp-block-psoe-separador bg-primary px-2\"><hr class=\"color-white bg-white opacity-1 h-[1px] w-full\" \/><\/section>\n\n\n\n<p class=\"has-medium-font-size\">O pleno extraordinario celebrado esta semana no Concello de Cabanas, solicitado polo Grupo Municipal Socialista para aclarar a situaci\u00f3n do cobro do aparcadoiro da Praia da Madalena e a xesti\u00f3n do pi\u00f1eiral, deixou para o PSdeG &#8220;unha conclusi\u00f3n preocupante&#8221;, xa que &#8220;o goberno municipal do PP contin\u00faa sen ofrecer respostas claras nin asumir responsabilidades sobre cuesti\u00f3ns que afectan directamente \u00e1 veci\u00f1anza&#8221;.<\/p>\n\n\n\n<p class=\"has-medium-font-size\">&#8220;Durante a sesi\u00f3n plenaria, o alcalde non respondeu de maneira concreta \u00e1s preguntas formuladas polos grupos da oposici\u00f3n, limit\u00e1ndose a explicaci\u00f3ns vagas e sen documentaci\u00f3n que avale decisi\u00f3ns tan relevantes como o inicio do cobro do aparcadoiro ou os informes t\u00e9cnicos que deber\u00edan sustentalo&#8221;, lamentan dende o grupo socialista.<\/p>\n\n\n\n<p class=\"has-medium-font-size\">&#8220;A pesar desta falta de explicaci\u00f3ns, a moci\u00f3n presentada polo Grupo Municipal Socialista foi aprobada por unanimidade, o que evidencia que todas as forzas pol\u00edticas coinciden na necesidade de revisar e aclarar a situaci\u00f3n&#8221;, engaden.<\/p>\n\n\n\n<p class=\"has-medium-font-size\">Para o PSdeG-PSOE local, o pleno tam\u00e9n puxo de manifesto &#8220;unha realidade cada vez m\u00e1is evidente en Cabanas, a inexistencia dun verdadeiro equipo de goberno&#8221;, xa que ed\u00eds do Partido Popular &#8220;non asisten de maneira habitual \u00e1s sesi\u00f3ns plenarias, mesmo cando se solicita expresamente a s\u00faa comparecencia para explicar asuntos das s\u00faas \u00e1reas de responsabilidade&#8221;.<\/p>\n\n\n\n<p class=\"has-medium-font-size\">&#8220;No pleno do pasado martes a situaci\u00f3n foi especialmente significativa, xa que s\u00f3 dous concelleiros do PP permaneceron ata o final da sesi\u00f3n, mentres o resto abandonou o pleno antes de rematar&#8221;, explican.<\/p>\n\n\n\n<p class=\"has-medium-font-size\">Salientaron en particular a ausencia da concelleira de Medio Ambiente &#8220;nun pleno no que se abordaban cuesti\u00f3ns directamente vinculadas coa s\u00faa \u00e1rea de goberno&#8221;. A s\u00faa comparecencia fora solicitada expresamente polos socialistas para explicar a situaci\u00f3n do pi\u00f1eiral da Madalena.<\/p>\n\n\n\n<p class=\"has-medium-font-size\">Para o PSOE, esta ausencia evidencia \u201cprepotencia e unha falta de respecto cara \u00e1 cidadan\u00eda e cara ao propio pleno municipal\u201d. \u201cA s\u00faa obriga era estar presente e dar conta da xesti\u00f3n da s\u00faa \u00e1rea\u201d, sinalan.<\/p>\n\n\n\n<p class=\"has-medium-font-size\">Ante esta situaci\u00f3n, o PSOE lembra que &#8220;existe unha maior\u00eda progresista na Corporaci\u00f3n municipal e que tanto socialistas como Candidaturas Veci\u00f1ais de Cabanas coinciden en que o actual goberno municipal est\u00e1 esgotado e sen capacidade de xesti\u00f3n, polo que \u00e9 necesaria unha alternativa de goberno que atenda os problemas reais da veci\u00f1anza, que dea explicaci\u00f3ns e que dea a cara&#8221;.<\/p>\n\n\n\n<p class=\"has-medium-font-size\">Neste sentido, o Grupo Municipal Socialista lamenta que o BNG sexa &#8220;a \u00fanica forza que contin\u00fae bloqueando un cambio pol\u00edtico que as demais forzas progresistas consideran necesario nun Concello paralizado&#8221;. &#8220;Est\u00e1n bloqueando o cambio dun goberno municipal esgotado e sen capacidade de xesti\u00f3n&#8221;, indican dende o grupo.<\/p>\n\n\n\n<p class=\"has-medium-font-size\">Sinalan ademais que &#8220;nunca estableceron li\u00f1as vermellas nin condici\u00f3ns previas ao BNG para explorar unha alternativa de goberno, polo que non entenden a s\u00faa posici\u00f3n de manter o goberno do PP&#8221;. Ao seu xu\u00edzo,&#8221; manter a un executivo en minor\u00eda, sen transparencia e sen funcionamento normal das s\u00faas responsabilidades, resulta dif\u00edcil de explicar ante a cidadan\u00eda&#8221;. Concl\u00faen afirmando que &#8220;Cabanas debe ter un goberno que funcione, que dea explicaci\u00f3ns e que respecte aos veci\u00f1os e veci\u00f1as&#8221;, e aseguran que seguir\u00e1n traballando &#8220;para que o Concello recupere a normalidade institucional e a transparencia que a cidadan\u00eda merece&#8221;.<\/p>\n","protected":false},"excerpt":{"rendered":"<p>O pleno extraordinario celebrado esta semana no Concello de Cabanas, solicitado polo Grupo Municipal Socialista para aclarar a situaci\u00f3n do cobro do aparcadoiro da Praia da Madalena e a xesti\u00f3n do pi\u00f1eiral, deixou para o PSdeG &#8220;unha conclusi\u00f3n preocupante&#8221;, xa que &#8220;o goberno municipal do PP contin\u00faa sen ofrecer respostas claras nin asumir responsabilidades sobre &#8230;<\/p>\n","protected":false},"author":282,"featured_media":2674,"comment_status":"open","ping_status":"open","sticky":false,"template":"","format":"standard","meta":{"_jetpack_memberships_contains_paid_content":false,"footnotes":""},"categories":[40,221],"tags":[18,523,511,95,849,22,495],"class_list":["post-2831","post","type-post","status-publish","format-standard","has-post-thumbnail","hentry","category-cabanas","category-politica-municipal","tag-cabanas","tag-mocion","tag-pleno","tag-politica-municipal","tag-praia-da-madalena","tag-psdeg-psoe","tag-transparencia"],"yoast_head":"<!-- This site is optimized with the Yoast SEO plugin v24.0 - https:\/\/yoast.com\/wordpress\/plugins\/seo\/ -->\n<title>O PSOE denuncia a &quot;par\u00e1lise&quot; do goberno de Cabanas e pide responsabilidade pol\u00edtica ante un executivo \u201csen equipo e sen explicaci\u00f3ns\u201d - Agrupaci\u00f3n Provincial da Coru\u00f1a PSOE<\/title>\n<meta name=\"description\" content=\"Os socialistas lamentan que o BNG contin\u00fae &quot;bloqueando o cambio dun goberno municipal esgotado e sen capacidade de xesti\u00f3n&quot;.\" \/>\n<meta name=\"robots\" content=\"index, follow, max-snippet:-1, max-image-preview:large, max-video-preview:-1\" \/>\n<link rel=\"canonical\" href=\"https:\/\/agrupacionespsoe.es\/acoruna\/o-psoe-denuncia-a-paralise-do-goberno-de-cabanas-e-pide-responsabilidade-politica-ante-un-executivo-sen-equipo-e-sen-explicacions\/\" \/>\n<meta property=\"og:locale\" content=\"es_ES\" \/>\n<meta property=\"og:type\" content=\"article\" \/>\n<meta property=\"og:title\" content=\"O PSOE denuncia a &quot;par\u00e1lise&quot; do goberno de Cabanas e pide responsabilidade pol\u00edtica ante un executivo \u201csen equipo e sen explicaci\u00f3ns\u201d - Agrupaci\u00f3n Provincial da Coru\u00f1a PSOE\" \/>\n<meta property=\"og:description\" content=\"Os socialistas lamentan que o BNG contin\u00fae &quot;bloqueando o cambio dun goberno municipal esgotado e sen capacidade de xesti\u00f3n&quot;.\" \/>\n<meta property=\"og:url\" content=\"https:\/\/agrupacionespsoe.es\/acoruna\/o-psoe-denuncia-a-paralise-do-goberno-de-cabanas-e-pide-responsabilidade-politica-ante-un-executivo-sen-equipo-e-sen-explicacions\/\" \/>\n<meta property=\"og:site_name\" content=\"Agrupaci\u00f3n Provincial da Coru\u00f1a PSOE\" \/>\n<meta property=\"article:published_time\" content=\"2026-03-06T16:42:26+00:00\" \/>\n<meta property=\"article:modified_time\" content=\"2026-03-06T16:42:27+00:00\" \/>\n<meta property=\"og:image\" content=\"https:\/\/agrupacionespsoe.es\/acoruna\/wp-content\/uploads\/sites\/198\/2026\/01\/PSOE-CABANAS.jpeg\" \/>\n\t<meta property=\"og:image:width\" content=\"1600\" \/>\n\t<meta property=\"og:image:height\" content=\"1200\" \/>\n\t<meta property=\"og:image:type\" content=\"image\/jpeg\" \/>\n<meta name=\"author\" content=\"Olympia M\u00e9ndez\" \/>\n<meta name=\"twitter:card\" content=\"summary_large_image\" \/>\n<meta name=\"twitter:label1\" content=\"Escrito por\" \/>\n\t<meta name=\"twitter:data1\" content=\"Olympia M\u00e9ndez\" \/>\n\t<meta name=\"twitter:label2\" content=\"Tiempo de lectura\" \/>\n\t<meta name=\"twitter:data2\" content=\"3 minutos\" \/>\n<script type=\"application\/ld+json\" class=\"yoast-schema-graph\">{\"@context\":\"https:\/\/schema.org\",\"@graph\":[{\"@type\":\"Article\",\"@id\":\"https:\/\/agrupacionespsoe.es\/acoruna\/o-psoe-denuncia-a-paralise-do-goberno-de-cabanas-e-pide-responsabilidade-politica-ante-un-executivo-sen-equipo-e-sen-explicacions\/#article\",\"isPartOf\":{\"@id\":\"https:\/\/agrupacionespsoe.es\/acoruna\/o-psoe-denuncia-a-paralise-do-goberno-de-cabanas-e-pide-responsabilidade-politica-ante-un-executivo-sen-equipo-e-sen-explicacions\/\"},\"author\":{\"name\":\"Olympia M\u00e9ndez\",\"@id\":\"https:\/\/agrupacionespsoe.es\/acoruna\/#\/schema\/person\/dbf2b36187b136d06a53f7937d5d5af9\"},\"headline\":\"O PSOE denuncia a &#8220;par\u00e1lise&#8221; do goberno de Cabanas e pide responsabilidade pol\u00edtica ante un executivo \u201csen equipo e sen explicaci\u00f3ns\u201d\",\"datePublished\":\"2026-03-06T16:42:26+00:00\",\"dateModified\":\"2026-03-06T16:42:27+00:00\",\"mainEntityOfPage\":{\"@id\":\"https:\/\/agrupacionespsoe.es\/acoruna\/o-psoe-denuncia-a-paralise-do-goberno-de-cabanas-e-pide-responsabilidade-politica-ante-un-executivo-sen-equipo-e-sen-explicacions\/\"},\"wordCount\":616,\"commentCount\":0,\"publisher\":{\"@id\":\"https:\/\/agrupacionespsoe.es\/acoruna\/#organization\"},\"image\":{\"@id\":\"https:\/\/agrupacionespsoe.es\/acoruna\/o-psoe-denuncia-a-paralise-do-goberno-de-cabanas-e-pide-responsabilidade-politica-ante-un-executivo-sen-equipo-e-sen-explicacions\/#primaryimage\"},\"thumbnailUrl\":\"https:\/\/agrupacionespsoe.es\/acoruna\/wp-content\/uploads\/sites\/198\/2026\/01\/PSOE-CABANAS.jpeg\",\"keywords\":[\"Cabanas\",\"Moci\u00f3n\",\"Pleno\",\"Pol\u00edtica Municipal\",\"Praia da Madalena\",\"PSdeG-PSOE\",\"Transparencia\"],\"articleSection\":[\"Cabanas\",\"Pol\u00edtica Municipal\"],\"inLanguage\":\"es\",\"potentialAction\":[{\"@type\":\"CommentAction\",\"name\":\"Comment\",\"target\":[\"https:\/\/agrupacionespsoe.es\/acoruna\/o-psoe-denuncia-a-paralise-do-goberno-de-cabanas-e-pide-responsabilidade-politica-ante-un-executivo-sen-equipo-e-sen-explicacions\/#respond\"]}]},{\"@type\":\"WebPage\",\"@id\":\"https:\/\/agrupacionespsoe.es\/acoruna\/o-psoe-denuncia-a-paralise-do-goberno-de-cabanas-e-pide-responsabilidade-politica-ante-un-executivo-sen-equipo-e-sen-explicacions\/\",\"url\":\"https:\/\/agrupacionespsoe.es\/acoruna\/o-psoe-denuncia-a-paralise-do-goberno-de-cabanas-e-pide-responsabilidade-politica-ante-un-executivo-sen-equipo-e-sen-explicacions\/\",\"name\":\"O PSOE denuncia a \\\"par\u00e1lise\\\" do goberno de Cabanas e pide responsabilidade pol\u00edtica ante un executivo \u201csen equipo e sen explicaci\u00f3ns\u201d - Agrupaci\u00f3n Provincial da Coru\u00f1a PSOE\",\"isPartOf\":{\"@id\":\"https:\/\/agrupacionespsoe.es\/acoruna\/#website\"},\"primaryImageOfPage\":{\"@id\":\"https:\/\/agrupacionespsoe.es\/acoruna\/o-psoe-denuncia-a-paralise-do-goberno-de-cabanas-e-pide-responsabilidade-politica-ante-un-executivo-sen-equipo-e-sen-explicacions\/#primaryimage\"},\"image\":{\"@id\":\"https:\/\/agrupacionespsoe.es\/acoruna\/o-psoe-denuncia-a-paralise-do-goberno-de-cabanas-e-pide-responsabilidade-politica-ante-un-executivo-sen-equipo-e-sen-explicacions\/#primaryimage\"},\"thumbnailUrl\":\"https:\/\/agrupacionespsoe.es\/acoruna\/wp-content\/uploads\/sites\/198\/2026\/01\/PSOE-CABANAS.jpeg\",\"datePublished\":\"2026-03-06T16:42:26+00:00\",\"dateModified\":\"2026-03-06T16:42:27+00:00\",\"description\":\"Os socialistas lamentan que o BNG contin\u00fae \\\"bloqueando o cambio dun goberno municipal esgotado e sen capacidade de xesti\u00f3n\\\".\",\"breadcrumb\":{\"@id\":\"https:\/\/agrupacionespsoe.es\/acoruna\/o-psoe-denuncia-a-paralise-do-goberno-de-cabanas-e-pide-responsabilidade-politica-ante-un-executivo-sen-equipo-e-sen-explicacions\/#breadcrumb\"},\"inLanguage\":\"es\",\"potentialAction\":[{\"@type\":\"ReadAction\",\"target\":[\"https:\/\/agrupacionespsoe.es\/acoruna\/o-psoe-denuncia-a-paralise-do-goberno-de-cabanas-e-pide-responsabilidade-politica-ante-un-executivo-sen-equipo-e-sen-explicacions\/\"]}]},{\"@type\":\"ImageObject\",\"inLanguage\":\"es\",\"@id\":\"https:\/\/agrupacionespsoe.es\/acoruna\/o-psoe-denuncia-a-paralise-do-goberno-de-cabanas-e-pide-responsabilidade-politica-ante-un-executivo-sen-equipo-e-sen-explicacions\/#primaryimage\",\"url\":\"https:\/\/agrupacionespsoe.es\/acoruna\/wp-content\/uploads\/sites\/198\/2026\/01\/PSOE-CABANAS.jpeg\",\"contentUrl\":\"https:\/\/agrupacionespsoe.es\/acoruna\/wp-content\/uploads\/sites\/198\/2026\/01\/PSOE-CABANAS.jpeg\",\"width\":1600,\"height\":1200},{\"@type\":\"BreadcrumbList\",\"@id\":\"https:\/\/agrupacionespsoe.es\/acoruna\/o-psoe-denuncia-a-paralise-do-goberno-de-cabanas-e-pide-responsabilidade-politica-ante-un-executivo-sen-equipo-e-sen-explicacions\/#breadcrumb\",\"itemListElement\":[{\"@type\":\"ListItem\",\"position\":1,\"name\":\"Portada\",\"item\":\"https:\/\/agrupacionespsoe.es\/acoruna\/\"},{\"@type\":\"ListItem\",\"position\":2,\"name\":\"O PSOE denuncia a \u00abpar\u00e1lise\u00bb do goberno de Cabanas e pide responsabilidade pol\u00edtica ante un executivo \u201csen equipo e sen explicaci\u00f3ns\u201d\"}]},{\"@type\":\"WebSite\",\"@id\":\"https:\/\/agrupacionespsoe.es\/acoruna\/#website\",\"url\":\"https:\/\/agrupacionespsoe.es\/acoruna\/\",\"name\":\"Agrupaci\u00f3n Provincial da Coru\u00f1a PSOE\",\"description\":\"Provincial PSdeG-PSOE da Coru\u00f1a\",\"publisher\":{\"@id\":\"https:\/\/agrupacionespsoe.es\/acoruna\/#organization\"},\"potentialAction\":[{\"@type\":\"SearchAction\",\"target\":{\"@type\":\"EntryPoint\",\"urlTemplate\":\"https:\/\/agrupacionespsoe.es\/acoruna\/?s={search_term_string}\"},\"query-input\":{\"@type\":\"PropertyValueSpecification\",\"valueRequired\":true,\"valueName\":\"search_term_string\"}}],\"inLanguage\":\"es\"},{\"@type\":\"Organization\",\"@id\":\"https:\/\/agrupacionespsoe.es\/acoruna\/#organization\",\"name\":\"Agrupaci\u00f3n Provincial da Coru\u00f1a PSOE\",\"url\":\"https:\/\/agrupacionespsoe.es\/acoruna\/\",\"logo\":{\"@type\":\"ImageObject\",\"inLanguage\":\"es\",\"@id\":\"https:\/\/agrupacionespsoe.es\/acoruna\/#\/schema\/logo\/image\/\",\"url\":\"https:\/\/agrupacionespsoe.es\/wp-content\/uploads\/2022\/07\/Logotipo_electoral_del_PSOE.png\",\"contentUrl\":\"https:\/\/agrupacionespsoe.es\/wp-content\/uploads\/2022\/07\/Logotipo_electoral_del_PSOE.png\",\"width\":422,\"height\":422,\"caption\":\"Agrupaci\u00f3n Provincial da Coru\u00f1a PSOE\"},\"image\":{\"@id\":\"https:\/\/agrupacionespsoe.es\/acoruna\/#\/schema\/logo\/image\/\"}},{\"@type\":\"Person\",\"@id\":\"https:\/\/agrupacionespsoe.es\/acoruna\/#\/schema\/person\/dbf2b36187b136d06a53f7937d5d5af9\",\"name\":\"Olympia M\u00e9ndez\",\"image\":{\"@type\":\"ImageObject\",\"inLanguage\":\"es\",\"@id\":\"https:\/\/agrupacionespsoe.es\/acoruna\/#\/schema\/person\/image\/\",\"url\":\"https:\/\/secure.gravatar.com\/avatar\/12db1fb8bfe20deb7a2d4ddc95b9042b?s=96&d=mm&r=g\",\"contentUrl\":\"https:\/\/secure.gravatar.com\/avatar\/12db1fb8bfe20deb7a2d4ddc95b9042b?s=96&d=mm&r=g\",\"caption\":\"Olympia M\u00e9ndez\"},\"url\":\"https:\/\/agrupacionespsoe.es\/acoruna\/author\/acoruna2\/\"}]}<\/script>\n<!-- \/ Yoast SEO plugin. -->","yoast_head_json":{"title":"O PSOE denuncia a \"par\u00e1lise\" do goberno de Cabanas e pide responsabilidade pol\u00edtica ante un executivo \u201csen equipo e sen explicaci\u00f3ns\u201d - Agrupaci\u00f3n Provincial da Coru\u00f1a PSOE","description":"Os socialistas lamentan que o BNG contin\u00fae \"bloqueando o cambio dun goberno municipal esgotado e sen capacidade de xesti\u00f3n\".","robots":{"index":"index","follow":"follow","max-snippet":"max-snippet:-1","max-image-preview":"max-image-preview:large","max-video-preview":"max-video-preview:-1"},"canonical":"https:\/\/agrupacionespsoe.es\/acoruna\/o-psoe-denuncia-a-paralise-do-goberno-de-cabanas-e-pide-responsabilidade-politica-ante-un-executivo-sen-equipo-e-sen-explicacions\/","og_locale":"es_ES","og_type":"article","og_title":"O PSOE denuncia a \"par\u00e1lise\" do goberno de Cabanas e pide responsabilidade pol\u00edtica ante un executivo \u201csen equipo e sen explicaci\u00f3ns\u201d - Agrupaci\u00f3n Provincial da Coru\u00f1a PSOE","og_description":"Os socialistas lamentan que o BNG contin\u00fae \"bloqueando o cambio dun goberno municipal esgotado e sen capacidade de xesti\u00f3n\".","og_url":"https:\/\/agrupacionespsoe.es\/acoruna\/o-psoe-denuncia-a-paralise-do-goberno-de-cabanas-e-pide-responsabilidade-politica-ante-un-executivo-sen-equipo-e-sen-explicacions\/","og_site_name":"Agrupaci\u00f3n Provincial da Coru\u00f1a PSOE","article_published_time":"2026-03-06T16:42:26+00:00","article_modified_time":"2026-03-06T16:42:27+00:00","og_image":[{"width":1600,"height":1200,"url":"https:\/\/agrupacionespsoe.es\/acoruna\/wp-content\/uploads\/sites\/198\/2026\/01\/PSOE-CABANAS.jpeg","type":"image\/jpeg"}],"author":"Olympia M\u00e9ndez","twitter_card":"summary_large_image","twitter_misc":{"Escrito por":"Olympia M\u00e9ndez","Tiempo de lectura":"3 minutos"},"schema":{"@context":"https:\/\/schema.org","@graph":[{"@type":"Article","@id":"https:\/\/agrupacionespsoe.es\/acoruna\/o-psoe-denuncia-a-paralise-do-goberno-de-cabanas-e-pide-responsabilidade-politica-ante-un-executivo-sen-equipo-e-sen-explicacions\/#article","isPartOf":{"@id":"https:\/\/agrupacionespsoe.es\/acoruna\/o-psoe-denuncia-a-paralise-do-goberno-de-cabanas-e-pide-responsabilidade-politica-ante-un-executivo-sen-equipo-e-sen-explicacions\/"},"author":{"name":"Olympia M\u00e9ndez","@id":"https:\/\/agrupacionespsoe.es\/acoruna\/#\/schema\/person\/dbf2b36187b136d06a53f7937d5d5af9"},"headline":"O PSOE denuncia a &#8220;par\u00e1lise&#8221; do goberno de Cabanas e pide responsabilidade pol\u00edtica ante un executivo \u201csen equipo e sen explicaci\u00f3ns\u201d","datePublished":"2026-03-06T16:42:26+00:00","dateModified":"2026-03-06T16:42:27+00:00","mainEntityOfPage":{"@id":"https:\/\/agrupacionespsoe.es\/acoruna\/o-psoe-denuncia-a-paralise-do-goberno-de-cabanas-e-pide-responsabilidade-politica-ante-un-executivo-sen-equipo-e-sen-explicacions\/"},"wordCount":616,"commentCount":0,"publisher":{"@id":"https:\/\/agrupacionespsoe.es\/acoruna\/#organization"},"image":{"@id":"https:\/\/agrupacionespsoe.es\/acoruna\/o-psoe-denuncia-a-paralise-do-goberno-de-cabanas-e-pide-responsabilidade-politica-ante-un-executivo-sen-equipo-e-sen-explicacions\/#primaryimage"},"thumbnailUrl":"https:\/\/agrupacionespsoe.es\/acoruna\/wp-content\/uploads\/sites\/198\/2026\/01\/PSOE-CABANAS.jpeg","keywords":["Cabanas","Moci\u00f3n","Pleno","Pol\u00edtica Municipal","Praia da Madalena","PSdeG-PSOE","Transparencia"],"articleSection":["Cabanas","Pol\u00edtica Municipal"],"inLanguage":"es","potentialAction":[{"@type":"CommentAction","name":"Comment","target":["https:\/\/agrupacionespsoe.es\/acoruna\/o-psoe-denuncia-a-paralise-do-goberno-de-cabanas-e-pide-responsabilidade-politica-ante-un-executivo-sen-equipo-e-sen-explicacions\/#respond"]}]},{"@type":"WebPage","@id":"https:\/\/agrupacionespsoe.es\/acoruna\/o-psoe-denuncia-a-paralise-do-goberno-de-cabanas-e-pide-responsabilidade-politica-ante-un-executivo-sen-equipo-e-sen-explicacions\/","url":"https:\/\/agrupacionespsoe.es\/acoruna\/o-psoe-denuncia-a-paralise-do-goberno-de-cabanas-e-pide-responsabilidade-politica-ante-un-executivo-sen-equipo-e-sen-explicacions\/","name":"O PSOE denuncia a \"par\u00e1lise\" do goberno de Cabanas e pide responsabilidade pol\u00edtica ante un executivo \u201csen equipo e sen explicaci\u00f3ns\u201d - Agrupaci\u00f3n Provincial da Coru\u00f1a PSOE","isPartOf":{"@id":"https:\/\/agrupacionespsoe.es\/acoruna\/#website"},"primaryImageOfPage":{"@id":"https:\/\/agrupacionespsoe.es\/acoruna\/o-psoe-denuncia-a-paralise-do-goberno-de-cabanas-e-pide-responsabilidade-politica-ante-un-executivo-sen-equipo-e-sen-explicacions\/#primaryimage"},"image":{"@id":"https:\/\/agrupacionespsoe.es\/acoruna\/o-psoe-denuncia-a-paralise-do-goberno-de-cabanas-e-pide-responsabilidade-politica-ante-un-executivo-sen-equipo-e-sen-explicacions\/#primaryimage"},"thumbnailUrl":"https:\/\/agrupacionespsoe.es\/acoruna\/wp-content\/uploads\/sites\/198\/2026\/01\/PSOE-CABANAS.jpeg","datePublished":"2026-03-06T16:42:26+00:00","dateModified":"2026-03-06T16:42:27+00:00","description":"Os socialistas lamentan que o BNG contin\u00fae \"bloqueando o cambio dun goberno municipal esgotado e sen capacidade de xesti\u00f3n\".","breadcrumb":{"@id":"https:\/\/agrupacionespsoe.es\/acoruna\/o-psoe-denuncia-a-paralise-do-goberno-de-cabanas-e-pide-responsabilidade-politica-ante-un-executivo-sen-equipo-e-sen-explicacions\/#breadcrumb"},"inLanguage":"es","potentialAction":[{"@type":"ReadAction","target":["https:\/\/agrupacionespsoe.es\/acoruna\/o-psoe-denuncia-a-paralise-do-goberno-de-cabanas-e-pide-responsabilidade-politica-ante-un-executivo-sen-equipo-e-sen-explicacions\/"]}]},{"@type":"ImageObject","inLanguage":"es","@id":"https:\/\/agrupacionespsoe.es\/acoruna\/o-psoe-denuncia-a-paralise-do-goberno-de-cabanas-e-pide-responsabilidade-politica-ante-un-executivo-sen-equipo-e-sen-explicacions\/#primaryimage","url":"https:\/\/agrupacionespsoe.es\/acoruna\/wp-content\/uploads\/sites\/198\/2026\/01\/PSOE-CABANAS.jpeg","contentUrl":"https:\/\/agrupacionespsoe.es\/acoruna\/wp-content\/uploads\/sites\/198\/2026\/01\/PSOE-CABANAS.jpeg","width":1600,"height":1200},{"@type":"BreadcrumbList","@id":"https:\/\/agrupacionespsoe.es\/acoruna\/o-psoe-denuncia-a-paralise-do-goberno-de-cabanas-e-pide-responsabilidade-politica-ante-un-executivo-sen-equipo-e-sen-explicacions\/#breadcrumb","itemListElement":[{"@type":"ListItem","position":1,"name":"Portada","item":"https:\/\/agrupacionespsoe.es\/acoruna\/"},{"@type":"ListItem","position":2,"name":"O PSOE denuncia a \u00abpar\u00e1lise\u00bb do goberno de Cabanas e pide responsabilidade pol\u00edtica ante un executivo \u201csen equipo e sen explicaci\u00f3ns\u201d"}]},{"@type":"WebSite","@id":"https:\/\/agrupacionespsoe.es\/acoruna\/#website","url":"https:\/\/agrupacionespsoe.es\/acoruna\/","name":"Agrupaci\u00f3n Provincial da Coru\u00f1a PSOE","description":"Provincial PSdeG-PSOE da Coru\u00f1a","publisher":{"@id":"https:\/\/agrupacionespsoe.es\/acoruna\/#organization"},"potentialAction":[{"@type":"SearchAction","target":{"@type":"EntryPoint","urlTemplate":"https:\/\/agrupacionespsoe.es\/acoruna\/?s={search_term_string}"},"query-input":{"@type":"PropertyValueSpecification","valueRequired":true,"valueName":"search_term_string"}}],"inLanguage":"es"},{"@type":"Organization","@id":"https:\/\/agrupacionespsoe.es\/acoruna\/#organization","name":"Agrupaci\u00f3n Provincial da Coru\u00f1a PSOE","url":"https:\/\/agrupacionespsoe.es\/acoruna\/","logo":{"@type":"ImageObject","inLanguage":"es","@id":"https:\/\/agrupacionespsoe.es\/acoruna\/#\/schema\/logo\/image\/","url":"https:\/\/agrupacionespsoe.es\/wp-content\/uploads\/2022\/07\/Logotipo_electoral_del_PSOE.png","contentUrl":"https:\/\/agrupacionespsoe.es\/wp-content\/uploads\/2022\/07\/Logotipo_electoral_del_PSOE.png","width":422,"height":422,"caption":"Agrupaci\u00f3n Provincial da Coru\u00f1a PSOE"},"image":{"@id":"https:\/\/agrupacionespsoe.es\/acoruna\/#\/schema\/logo\/image\/"}},{"@type":"Person","@id":"https:\/\/agrupacionespsoe.es\/acoruna\/#\/schema\/person\/dbf2b36187b136d06a53f7937d5d5af9","name":"Olympia M\u00e9ndez","image":{"@type":"ImageObject","inLanguage":"es","@id":"https:\/\/agrupacionespsoe.es\/acoruna\/#\/schema\/person\/image\/","url":"https:\/\/secure.gravatar.com\/avatar\/12db1fb8bfe20deb7a2d4ddc95b9042b?s=96&d=mm&r=g","contentUrl":"https:\/\/secure.gravatar.com\/avatar\/12db1fb8bfe20deb7a2d4ddc95b9042b?s=96&d=mm&r=g","caption":"Olympia M\u00e9ndez"},"url":"https:\/\/agrupacionespsoe.es\/acoruna\/author\/acoruna2\/"}]}},"jetpack_featured_media_url":"https:\/\/agrupacionespsoe.es\/acoruna\/wp-content\/uploads\/sites\/198\/2026\/01\/PSOE-CABANAS.jpeg","jetpack_sharing_enabled":true,"jetpack_likes_enabled":true,"_links":{"self":[{"href":"https:\/\/agrupacionespsoe.es\/acoruna\/wp-json\/wp\/v2\/posts\/2831","targetHints":{"allow":["GET"]}}],"collection":[{"href":"https:\/\/agrupacionespsoe.es\/acoruna\/wp-json\/wp\/v2\/posts"}],"about":[{"href":"https:\/\/agrupacionespsoe.es\/acoruna\/wp-json\/wp\/v2\/types\/post"}],"author":[{"embeddable":true,"href":"https:\/\/agrupacionespsoe.es\/acoruna\/wp-json\/wp\/v2\/users\/282"}],"replies":[{"embeddable":true,"href":"https:\/\/agrupacionespsoe.es\/acoruna\/wp-json\/wp\/v2\/comments?post=2831"}],"version-history":[{"count":2,"href":"https:\/\/agrupacionespsoe.es\/acoruna\/wp-json\/wp\/v2\/posts\/2831\/revisions"}],"predecessor-version":[{"id":2833,"href":"https:\/\/agrupacionespsoe.es\/acoruna\/wp-json\/wp\/v2\/posts\/2831\/revisions\/2833"}],"wp:featuredmedia":[{"embeddable":true,"href":"https:\/\/agrupacionespsoe.es\/acoruna\/wp-json\/wp\/v2\/media\/2674"}],"wp:attachment":[{"href":"https:\/\/agrupacionespsoe.es\/acoruna\/wp-json\/wp\/v2\/media?parent=2831"}],"wp:term":[{"taxonomy":"category","embeddable":true,"href":"https:\/\/agrupacionespsoe.es\/acoruna\/wp-json\/wp\/v2\/categories?post=2831"},{"taxonomy":"post_tag","embeddable":true,"href":"https:\/\/agrupacionespsoe.es\/acoruna\/wp-json\/wp\/v2\/tags?post=2831"}],"curies":[{"name":"wp","href":"https:\/\/api.w.org\/{rel}","templated":true}]}}