{"id":2816,"date":"2026-03-05T13:08:00","date_gmt":"2026-03-05T12:08:00","guid":{"rendered":"https:\/\/agrupacionespsoe.es\/acoruna\/?p=2816"},"modified":"2026-03-05T13:08:01","modified_gmt":"2026-03-05T12:08:01","slug":"patricia-iglesias-reclama-no-parlamento-unha-ambulancia-medicalizada-para-a-costa-da-morte","status":"publish","type":"post","link":"https:\/\/agrupacionespsoe.es\/acoruna\/patricia-iglesias-reclama-no-parlamento-unha-ambulancia-medicalizada-para-a-costa-da-morte\/","title":{"rendered":"Patricia Iglesias reclama no Parlamento unha ambulancia medicalizada para a Costa da Morte"},"content":{"rendered":"\n<ul class=\"wp-block-list\">\n<li><strong>A deputada socialista considera &#8220;imprescindible para ter unha atenci\u00f3n de urxencia e de calidade&#8221; non ter que depender da que actualmente \u00e9 a m\u00e1is cercana, na Coru\u00f1a<\/strong><\/li>\n<\/ul>\n\n\n\n<section class=\"wp-block-psoe-separador bg-primary px-2\"><hr class=\"color-white bg-white opacity-1 h-[1px] w-full\" \/><\/section>\n\n\n\n<p class=\"has-medium-font-size\">O PSdeG-PSOE reclama no Parlamento de Galicia unha ambulancia medicalizada para as comarcas da Costa da Morte, consider\u00e1ndoa &#8220;esencial e imprescindible para ter unha atenci\u00f3n de urxencia e de calidade&#8221;.<\/p>\n\n\n\n<p class=\"has-medium-font-size\">Como indica a parlamentaria socialista Patricia Iglesias, &#8220;25 anos, que se di pronto, \u00e9 o que levan esperando os veci\u00f1os e as veci\u00f1as da Costa da Morte e de Berganti\u00f1os por ter unha ambulancia medicalizada&#8221;.<\/p>\n\n\n\n<p class=\"has-medium-font-size\">&#8220;Pensemos nun infarto ou un ictus, onde realmente un minuto \u00e9 esencial e cuesti\u00f3n de vida o morte&#8221;, indica a deputada, que lembra que &#8220;a ambulancia medicalizada m\u00e1is cercana est\u00e1 na Coru\u00f1a, a 30.000 minutos da capital de Berganti\u00f1os, de Carballo&#8221;.<\/p>\n\n\n\n<p class=\"has-medium-font-size\">&#8220;\u00c9 moito tempo, tam\u00e9n do outro hospital, o comarcal de Cee&#8221;, lamenta Iglesias. &#8220;Os n\u00facleos de poboaci\u00f3n da Costa da Morte est\u00e1n moi espallados, polo que \u00e9 imprescindible e necesario que se dote dunha ambulancia medicalizada a esta comarca&#8221;, engade.<\/p>\n\n\n\n<p class=\"has-medium-font-size\">Patricia Iglesias subli\u00f1a que se trata dunha reivindicaci\u00f3n hist\u00f3rica &#8220;tanto da veci\u00f1anza como tam\u00e9n do Partido Socialista&#8221; en diferentes lexislaturas. &#8220;Volveremos insistir&#8221;, recalca.<\/p>\n\n\n\n<p class=\"has-medium-font-size\">&#8220;Esixir\u00e9moslle \u00e1 Xunta de Galicia, ao goberno galego e ao Sergas que doten dunha vez por todas a esta comarca dunha ambulancia medicalizada&#8221;, concl\u00fae a deputada socialista.<\/p>\n\n\n\n<section class=\"wp-block-psoe-separador bg-primary px-2\"><hr class=\"color-white bg-white opacity-1 h-[1px] w-full\" \/><\/section>\n\n\n\n<figure class=\"wp-block-video\"><video controls src=\"https:\/\/agrupacionespsoe.es\/acoruna\/wp-content\/uploads\/sites\/198\/2026\/03\/Audio-Patricia-Iglesias-ambulancia-Costa-da-Morte.mp4\"><\/video><figcaption class=\"wp-element-caption\">Patricia Iglesias &#8211; ambulancia Costa da Morte &#8211; mar26<\/figcaption><\/figure>\n\n\n\n<p><\/p>\n","protected":false},"excerpt":{"rendered":"<p>O PSdeG-PSOE reclama no Parlamento de Galicia unha ambulancia medicalizada para as comarcas da Costa da Morte, consider\u00e1ndoa &#8220;esencial e imprescindible para ter unha atenci\u00f3n de urxencia e de calidade&#8221;. Como indica a parlamentaria socialista Patricia Iglesias, &#8220;25 anos, que se di pronto, \u00e9 o que levan esperando os veci\u00f1os e as veci\u00f1as da Costa &#8230;<\/p>\n","protected":false},"author":282,"featured_media":2818,"comment_status":"open","ping_status":"open","sticky":false,"template":"","format":"standard","meta":{"_jetpack_memberships_contains_paid_content":false,"footnotes":""},"categories":[225,521,89],"tags":[887,44,299,577,50,54,22,237],"class_list":["post-2816","post","type-post","status-publish","format-standard","has-post-thumbnail","hentry","category-bergantinos","category-costa-da-morte","category-sanidade","tag-ambulancia","tag-bergantinos","tag-costa-da-morte","tag-emerxencias","tag-parlamento-de-galicia","tag-patricia-iglesias","tag-psdeg-psoe","tag-sanidade"],"yoast_head":"<!-- This site is optimized with the Yoast SEO plugin v24.0 - https:\/\/yoast.com\/wordpress\/plugins\/seo\/ -->\n<title>Patricia Iglesias reclama no Parlamento unha ambulancia medicalizada para a Costa da Morte - Agrupaci\u00f3n Provincial da Coru\u00f1a PSOE<\/title>\n<meta name=\"description\" content=\"A deputada socialista considera &quot;imprescindible para ter unha atenci\u00f3n de urxencia e de calidade&quot; non ter que depender da que actualmente \u00e9 a m\u00e1is cercana, na Coru\u00f1a.\" \/>\n<meta name=\"robots\" content=\"index, follow, max-snippet:-1, max-image-preview:large, max-video-preview:-1\" \/>\n<link rel=\"canonical\" href=\"https:\/\/agrupacionespsoe.es\/acoruna\/patricia-iglesias-reclama-no-parlamento-unha-ambulancia-medicalizada-para-a-costa-da-morte\/\" \/>\n<meta property=\"og:locale\" content=\"es_ES\" \/>\n<meta property=\"og:type\" content=\"article\" \/>\n<meta property=\"og:title\" content=\"Patricia Iglesias reclama no Parlamento unha ambulancia medicalizada para a Costa da Morte - Agrupaci\u00f3n Provincial da Coru\u00f1a PSOE\" \/>\n<meta property=\"og:description\" content=\"A deputada socialista considera &quot;imprescindible para ter unha atenci\u00f3n de urxencia e de calidade&quot; non ter que depender da que actualmente \u00e9 a m\u00e1is cercana, na Coru\u00f1a.\" \/>\n<meta property=\"og:url\" content=\"https:\/\/agrupacionespsoe.es\/acoruna\/patricia-iglesias-reclama-no-parlamento-unha-ambulancia-medicalizada-para-a-costa-da-morte\/\" \/>\n<meta property=\"og:site_name\" content=\"Agrupaci\u00f3n Provincial da Coru\u00f1a PSOE\" \/>\n<meta property=\"article:published_time\" content=\"2026-03-05T12:08:00+00:00\" \/>\n<meta property=\"article:modified_time\" content=\"2026-03-05T12:08:01+00:00\" \/>\n<meta property=\"og:image\" content=\"https:\/\/agrupacionespsoe.es\/acoruna\/wp-content\/uploads\/sites\/198\/2026\/03\/PSOE-CARBALLO-5-de-marzo.jpeg\" \/>\n\t<meta property=\"og:image:width\" content=\"1600\" \/>\n\t<meta property=\"og:image:height\" content=\"1066\" \/>\n\t<meta property=\"og:image:type\" content=\"image\/jpeg\" \/>\n<meta name=\"author\" content=\"Olympia M\u00e9ndez\" \/>\n<meta name=\"twitter:card\" content=\"summary_large_image\" \/>\n<meta name=\"twitter:label1\" content=\"Escrito por\" \/>\n\t<meta name=\"twitter:data1\" content=\"Olympia M\u00e9ndez\" \/>\n\t<meta name=\"twitter:label2\" content=\"Tiempo de lectura\" \/>\n\t<meta name=\"twitter:data2\" content=\"2 minutos\" \/>\n<script type=\"application\/ld+json\" class=\"yoast-schema-graph\">{\"@context\":\"https:\/\/schema.org\",\"@graph\":[{\"@type\":\"Article\",\"@id\":\"https:\/\/agrupacionespsoe.es\/acoruna\/patricia-iglesias-reclama-no-parlamento-unha-ambulancia-medicalizada-para-a-costa-da-morte\/#article\",\"isPartOf\":{\"@id\":\"https:\/\/agrupacionespsoe.es\/acoruna\/patricia-iglesias-reclama-no-parlamento-unha-ambulancia-medicalizada-para-a-costa-da-morte\/\"},\"author\":{\"name\":\"Olympia M\u00e9ndez\",\"@id\":\"https:\/\/agrupacionespsoe.es\/acoruna\/#\/schema\/person\/dbf2b36187b136d06a53f7937d5d5af9\"},\"headline\":\"Patricia Iglesias reclama no Parlamento unha ambulancia medicalizada para a Costa da Morte\",\"datePublished\":\"2026-03-05T12:08:00+00:00\",\"dateModified\":\"2026-03-05T12:08:01+00:00\",\"mainEntityOfPage\":{\"@id\":\"https:\/\/agrupacionespsoe.es\/acoruna\/patricia-iglesias-reclama-no-parlamento-unha-ambulancia-medicalizada-para-a-costa-da-morte\/\"},\"wordCount\":260,\"commentCount\":0,\"publisher\":{\"@id\":\"https:\/\/agrupacionespsoe.es\/acoruna\/#organization\"},\"image\":{\"@id\":\"https:\/\/agrupacionespsoe.es\/acoruna\/patricia-iglesias-reclama-no-parlamento-unha-ambulancia-medicalizada-para-a-costa-da-morte\/#primaryimage\"},\"thumbnailUrl\":\"https:\/\/agrupacionespsoe.es\/acoruna\/wp-content\/uploads\/sites\/198\/2026\/03\/PSOE-CARBALLO-5-de-marzo.jpeg\",\"keywords\":[\"Ambulancia\",\"Berganti\u00f1os\",\"Costa da Morte\",\"Emerxencias\",\"Parlamento de Galicia\",\"Patricia Iglesias\",\"PSdeG-PSOE\",\"Sanidade\"],\"articleSection\":[\"Berganti\u00f1os\",\"Costa da Morte\",\"Sanidade\"],\"inLanguage\":\"es\",\"potentialAction\":[{\"@type\":\"CommentAction\",\"name\":\"Comment\",\"target\":[\"https:\/\/agrupacionespsoe.es\/acoruna\/patricia-iglesias-reclama-no-parlamento-unha-ambulancia-medicalizada-para-a-costa-da-morte\/#respond\"]}]},{\"@type\":\"WebPage\",\"@id\":\"https:\/\/agrupacionespsoe.es\/acoruna\/patricia-iglesias-reclama-no-parlamento-unha-ambulancia-medicalizada-para-a-costa-da-morte\/\",\"url\":\"https:\/\/agrupacionespsoe.es\/acoruna\/patricia-iglesias-reclama-no-parlamento-unha-ambulancia-medicalizada-para-a-costa-da-morte\/\",\"name\":\"Patricia Iglesias reclama no Parlamento unha ambulancia medicalizada para a Costa da Morte - Agrupaci\u00f3n Provincial da Coru\u00f1a PSOE\",\"isPartOf\":{\"@id\":\"https:\/\/agrupacionespsoe.es\/acoruna\/#website\"},\"primaryImageOfPage\":{\"@id\":\"https:\/\/agrupacionespsoe.es\/acoruna\/patricia-iglesias-reclama-no-parlamento-unha-ambulancia-medicalizada-para-a-costa-da-morte\/#primaryimage\"},\"image\":{\"@id\":\"https:\/\/agrupacionespsoe.es\/acoruna\/patricia-iglesias-reclama-no-parlamento-unha-ambulancia-medicalizada-para-a-costa-da-morte\/#primaryimage\"},\"thumbnailUrl\":\"https:\/\/agrupacionespsoe.es\/acoruna\/wp-content\/uploads\/sites\/198\/2026\/03\/PSOE-CARBALLO-5-de-marzo.jpeg\",\"datePublished\":\"2026-03-05T12:08:00+00:00\",\"dateModified\":\"2026-03-05T12:08:01+00:00\",\"description\":\"A deputada socialista considera \\\"imprescindible para ter unha atenci\u00f3n de urxencia e de calidade\\\" non ter que depender da que actualmente \u00e9 a m\u00e1is cercana, na Coru\u00f1a.\",\"breadcrumb\":{\"@id\":\"https:\/\/agrupacionespsoe.es\/acoruna\/patricia-iglesias-reclama-no-parlamento-unha-ambulancia-medicalizada-para-a-costa-da-morte\/#breadcrumb\"},\"inLanguage\":\"es\",\"potentialAction\":[{\"@type\":\"ReadAction\",\"target\":[\"https:\/\/agrupacionespsoe.es\/acoruna\/patricia-iglesias-reclama-no-parlamento-unha-ambulancia-medicalizada-para-a-costa-da-morte\/\"]}]},{\"@type\":\"ImageObject\",\"inLanguage\":\"es\",\"@id\":\"https:\/\/agrupacionespsoe.es\/acoruna\/patricia-iglesias-reclama-no-parlamento-unha-ambulancia-medicalizada-para-a-costa-da-morte\/#primaryimage\",\"url\":\"https:\/\/agrupacionespsoe.es\/acoruna\/wp-content\/uploads\/sites\/198\/2026\/03\/PSOE-CARBALLO-5-de-marzo.jpeg\",\"contentUrl\":\"https:\/\/agrupacionespsoe.es\/acoruna\/wp-content\/uploads\/sites\/198\/2026\/03\/PSOE-CARBALLO-5-de-marzo.jpeg\",\"width\":1600,\"height\":1066},{\"@type\":\"BreadcrumbList\",\"@id\":\"https:\/\/agrupacionespsoe.es\/acoruna\/patricia-iglesias-reclama-no-parlamento-unha-ambulancia-medicalizada-para-a-costa-da-morte\/#breadcrumb\",\"itemListElement\":[{\"@type\":\"ListItem\",\"position\":1,\"name\":\"Portada\",\"item\":\"https:\/\/agrupacionespsoe.es\/acoruna\/\"},{\"@type\":\"ListItem\",\"position\":2,\"name\":\"Patricia Iglesias reclama no Parlamento unha ambulancia medicalizada para a Costa da Morte\"}]},{\"@type\":\"WebSite\",\"@id\":\"https:\/\/agrupacionespsoe.es\/acoruna\/#website\",\"url\":\"https:\/\/agrupacionespsoe.es\/acoruna\/\",\"name\":\"Agrupaci\u00f3n Provincial da Coru\u00f1a PSOE\",\"description\":\"Provincial PSdeG-PSOE da Coru\u00f1a\",\"publisher\":{\"@id\":\"https:\/\/agrupacionespsoe.es\/acoruna\/#organization\"},\"potentialAction\":[{\"@type\":\"SearchAction\",\"target\":{\"@type\":\"EntryPoint\",\"urlTemplate\":\"https:\/\/agrupacionespsoe.es\/acoruna\/?s={search_term_string}\"},\"query-input\":{\"@type\":\"PropertyValueSpecification\",\"valueRequired\":true,\"valueName\":\"search_term_string\"}}],\"inLanguage\":\"es\"},{\"@type\":\"Organization\",\"@id\":\"https:\/\/agrupacionespsoe.es\/acoruna\/#organization\",\"name\":\"Agrupaci\u00f3n Provincial da Coru\u00f1a PSOE\",\"url\":\"https:\/\/agrupacionespsoe.es\/acoruna\/\",\"logo\":{\"@type\":\"ImageObject\",\"inLanguage\":\"es\",\"@id\":\"https:\/\/agrupacionespsoe.es\/acoruna\/#\/schema\/logo\/image\/\",\"url\":\"https:\/\/agrupacionespsoe.es\/wp-content\/uploads\/2022\/07\/Logotipo_electoral_del_PSOE.png\",\"contentUrl\":\"https:\/\/agrupacionespsoe.es\/wp-content\/uploads\/2022\/07\/Logotipo_electoral_del_PSOE.png\",\"width\":422,\"height\":422,\"caption\":\"Agrupaci\u00f3n Provincial da Coru\u00f1a PSOE\"},\"image\":{\"@id\":\"https:\/\/agrupacionespsoe.es\/acoruna\/#\/schema\/logo\/image\/\"}},{\"@type\":\"Person\",\"@id\":\"https:\/\/agrupacionespsoe.es\/acoruna\/#\/schema\/person\/dbf2b36187b136d06a53f7937d5d5af9\",\"name\":\"Olympia M\u00e9ndez\",\"image\":{\"@type\":\"ImageObject\",\"inLanguage\":\"es\",\"@id\":\"https:\/\/agrupacionespsoe.es\/acoruna\/#\/schema\/person\/image\/\",\"url\":\"https:\/\/secure.gravatar.com\/avatar\/12db1fb8bfe20deb7a2d4ddc95b9042b?s=96&d=mm&r=g\",\"contentUrl\":\"https:\/\/secure.gravatar.com\/avatar\/12db1fb8bfe20deb7a2d4ddc95b9042b?s=96&d=mm&r=g\",\"caption\":\"Olympia M\u00e9ndez\"},\"url\":\"https:\/\/agrupacionespsoe.es\/acoruna\/author\/acoruna2\/\"}]}<\/script>\n<!-- \/ Yoast SEO plugin. -->","yoast_head_json":{"title":"Patricia Iglesias reclama no Parlamento unha ambulancia medicalizada para a Costa da Morte - Agrupaci\u00f3n Provincial da Coru\u00f1a PSOE","description":"A deputada socialista considera \"imprescindible para ter unha atenci\u00f3n de urxencia e de calidade\" non ter que depender da que actualmente \u00e9 a m\u00e1is cercana, na Coru\u00f1a.","robots":{"index":"index","follow":"follow","max-snippet":"max-snippet:-1","max-image-preview":"max-image-preview:large","max-video-preview":"max-video-preview:-1"},"canonical":"https:\/\/agrupacionespsoe.es\/acoruna\/patricia-iglesias-reclama-no-parlamento-unha-ambulancia-medicalizada-para-a-costa-da-morte\/","og_locale":"es_ES","og_type":"article","og_title":"Patricia Iglesias reclama no Parlamento unha ambulancia medicalizada para a Costa da Morte - Agrupaci\u00f3n Provincial da Coru\u00f1a PSOE","og_description":"A deputada socialista considera \"imprescindible para ter unha atenci\u00f3n de urxencia e de calidade\" non ter que depender da que actualmente \u00e9 a m\u00e1is cercana, na Coru\u00f1a.","og_url":"https:\/\/agrupacionespsoe.es\/acoruna\/patricia-iglesias-reclama-no-parlamento-unha-ambulancia-medicalizada-para-a-costa-da-morte\/","og_site_name":"Agrupaci\u00f3n Provincial da Coru\u00f1a PSOE","article_published_time":"2026-03-05T12:08:00+00:00","article_modified_time":"2026-03-05T12:08:01+00:00","og_image":[{"width":1600,"height":1066,"url":"https:\/\/agrupacionespsoe.es\/acoruna\/wp-content\/uploads\/sites\/198\/2026\/03\/PSOE-CARBALLO-5-de-marzo.jpeg","type":"image\/jpeg"}],"author":"Olympia M\u00e9ndez","twitter_card":"summary_large_image","twitter_misc":{"Escrito por":"Olympia M\u00e9ndez","Tiempo de lectura":"2 minutos"},"schema":{"@context":"https:\/\/schema.org","@graph":[{"@type":"Article","@id":"https:\/\/agrupacionespsoe.es\/acoruna\/patricia-iglesias-reclama-no-parlamento-unha-ambulancia-medicalizada-para-a-costa-da-morte\/#article","isPartOf":{"@id":"https:\/\/agrupacionespsoe.es\/acoruna\/patricia-iglesias-reclama-no-parlamento-unha-ambulancia-medicalizada-para-a-costa-da-morte\/"},"author":{"name":"Olympia M\u00e9ndez","@id":"https:\/\/agrupacionespsoe.es\/acoruna\/#\/schema\/person\/dbf2b36187b136d06a53f7937d5d5af9"},"headline":"Patricia Iglesias reclama no Parlamento unha ambulancia medicalizada para a Costa da Morte","datePublished":"2026-03-05T12:08:00+00:00","dateModified":"2026-03-05T12:08:01+00:00","mainEntityOfPage":{"@id":"https:\/\/agrupacionespsoe.es\/acoruna\/patricia-iglesias-reclama-no-parlamento-unha-ambulancia-medicalizada-para-a-costa-da-morte\/"},"wordCount":260,"commentCount":0,"publisher":{"@id":"https:\/\/agrupacionespsoe.es\/acoruna\/#organization"},"image":{"@id":"https:\/\/agrupacionespsoe.es\/acoruna\/patricia-iglesias-reclama-no-parlamento-unha-ambulancia-medicalizada-para-a-costa-da-morte\/#primaryimage"},"thumbnailUrl":"https:\/\/agrupacionespsoe.es\/acoruna\/wp-content\/uploads\/sites\/198\/2026\/03\/PSOE-CARBALLO-5-de-marzo.jpeg","keywords":["Ambulancia","Berganti\u00f1os","Costa da Morte","Emerxencias","Parlamento de Galicia","Patricia Iglesias","PSdeG-PSOE","Sanidade"],"articleSection":["Berganti\u00f1os","Costa da Morte","Sanidade"],"inLanguage":"es","potentialAction":[{"@type":"CommentAction","name":"Comment","target":["https:\/\/agrupacionespsoe.es\/acoruna\/patricia-iglesias-reclama-no-parlamento-unha-ambulancia-medicalizada-para-a-costa-da-morte\/#respond"]}]},{"@type":"WebPage","@id":"https:\/\/agrupacionespsoe.es\/acoruna\/patricia-iglesias-reclama-no-parlamento-unha-ambulancia-medicalizada-para-a-costa-da-morte\/","url":"https:\/\/agrupacionespsoe.es\/acoruna\/patricia-iglesias-reclama-no-parlamento-unha-ambulancia-medicalizada-para-a-costa-da-morte\/","name":"Patricia Iglesias reclama no Parlamento unha ambulancia medicalizada para a Costa da Morte - Agrupaci\u00f3n Provincial da Coru\u00f1a PSOE","isPartOf":{"@id":"https:\/\/agrupacionespsoe.es\/acoruna\/#website"},"primaryImageOfPage":{"@id":"https:\/\/agrupacionespsoe.es\/acoruna\/patricia-iglesias-reclama-no-parlamento-unha-ambulancia-medicalizada-para-a-costa-da-morte\/#primaryimage"},"image":{"@id":"https:\/\/agrupacionespsoe.es\/acoruna\/patricia-iglesias-reclama-no-parlamento-unha-ambulancia-medicalizada-para-a-costa-da-morte\/#primaryimage"},"thumbnailUrl":"https:\/\/agrupacionespsoe.es\/acoruna\/wp-content\/uploads\/sites\/198\/2026\/03\/PSOE-CARBALLO-5-de-marzo.jpeg","datePublished":"2026-03-05T12:08:00+00:00","dateModified":"2026-03-05T12:08:01+00:00","description":"A deputada socialista considera \"imprescindible para ter unha atenci\u00f3n de urxencia e de calidade\" non ter que depender da que actualmente \u00e9 a m\u00e1is cercana, na Coru\u00f1a.","breadcrumb":{"@id":"https:\/\/agrupacionespsoe.es\/acoruna\/patricia-iglesias-reclama-no-parlamento-unha-ambulancia-medicalizada-para-a-costa-da-morte\/#breadcrumb"},"inLanguage":"es","potentialAction":[{"@type":"ReadAction","target":["https:\/\/agrupacionespsoe.es\/acoruna\/patricia-iglesias-reclama-no-parlamento-unha-ambulancia-medicalizada-para-a-costa-da-morte\/"]}]},{"@type":"ImageObject","inLanguage":"es","@id":"https:\/\/agrupacionespsoe.es\/acoruna\/patricia-iglesias-reclama-no-parlamento-unha-ambulancia-medicalizada-para-a-costa-da-morte\/#primaryimage","url":"https:\/\/agrupacionespsoe.es\/acoruna\/wp-content\/uploads\/sites\/198\/2026\/03\/PSOE-CARBALLO-5-de-marzo.jpeg","contentUrl":"https:\/\/agrupacionespsoe.es\/acoruna\/wp-content\/uploads\/sites\/198\/2026\/03\/PSOE-CARBALLO-5-de-marzo.jpeg","width":1600,"height":1066},{"@type":"BreadcrumbList","@id":"https:\/\/agrupacionespsoe.es\/acoruna\/patricia-iglesias-reclama-no-parlamento-unha-ambulancia-medicalizada-para-a-costa-da-morte\/#breadcrumb","itemListElement":[{"@type":"ListItem","position":1,"name":"Portada","item":"https:\/\/agrupacionespsoe.es\/acoruna\/"},{"@type":"ListItem","position":2,"name":"Patricia Iglesias reclama no Parlamento unha ambulancia medicalizada para a Costa da Morte"}]},{"@type":"WebSite","@id":"https:\/\/agrupacionespsoe.es\/acoruna\/#website","url":"https:\/\/agrupacionespsoe.es\/acoruna\/","name":"Agrupaci\u00f3n Provincial da Coru\u00f1a PSOE","description":"Provincial PSdeG-PSOE da Coru\u00f1a","publisher":{"@id":"https:\/\/agrupacionespsoe.es\/acoruna\/#organization"},"potentialAction":[{"@type":"SearchAction","target":{"@type":"EntryPoint","urlTemplate":"https:\/\/agrupacionespsoe.es\/acoruna\/?s={search_term_string}"},"query-input":{"@type":"PropertyValueSpecification","valueRequired":true,"valueName":"search_term_string"}}],"inLanguage":"es"},{"@type":"Organization","@id":"https:\/\/agrupacionespsoe.es\/acoruna\/#organization","name":"Agrupaci\u00f3n Provincial da Coru\u00f1a PSOE","url":"https:\/\/agrupacionespsoe.es\/acoruna\/","logo":{"@type":"ImageObject","inLanguage":"es","@id":"https:\/\/agrupacionespsoe.es\/acoruna\/#\/schema\/logo\/image\/","url":"https:\/\/agrupacionespsoe.es\/wp-content\/uploads\/2022\/07\/Logotipo_electoral_del_PSOE.png","contentUrl":"https:\/\/agrupacionespsoe.es\/wp-content\/uploads\/2022\/07\/Logotipo_electoral_del_PSOE.png","width":422,"height":422,"caption":"Agrupaci\u00f3n Provincial da Coru\u00f1a PSOE"},"image":{"@id":"https:\/\/agrupacionespsoe.es\/acoruna\/#\/schema\/logo\/image\/"}},{"@type":"Person","@id":"https:\/\/agrupacionespsoe.es\/acoruna\/#\/schema\/person\/dbf2b36187b136d06a53f7937d5d5af9","name":"Olympia M\u00e9ndez","image":{"@type":"ImageObject","inLanguage":"es","@id":"https:\/\/agrupacionespsoe.es\/acoruna\/#\/schema\/person\/image\/","url":"https:\/\/secure.gravatar.com\/avatar\/12db1fb8bfe20deb7a2d4ddc95b9042b?s=96&d=mm&r=g","contentUrl":"https:\/\/secure.gravatar.com\/avatar\/12db1fb8bfe20deb7a2d4ddc95b9042b?s=96&d=mm&r=g","caption":"Olympia M\u00e9ndez"},"url":"https:\/\/agrupacionespsoe.es\/acoruna\/author\/acoruna2\/"}]}},"jetpack_featured_media_url":"https:\/\/agrupacionespsoe.es\/acoruna\/wp-content\/uploads\/sites\/198\/2026\/03\/PSOE-CARBALLO-5-de-marzo.jpeg","jetpack_sharing_enabled":true,"jetpack_likes_enabled":true,"_links":{"self":[{"href":"https:\/\/agrupacionespsoe.es\/acoruna\/wp-json\/wp\/v2\/posts\/2816","targetHints":{"allow":["GET"]}}],"collection":[{"href":"https:\/\/agrupacionespsoe.es\/acoruna\/wp-json\/wp\/v2\/posts"}],"about":[{"href":"https:\/\/agrupacionespsoe.es\/acoruna\/wp-json\/wp\/v2\/types\/post"}],"author":[{"embeddable":true,"href":"https:\/\/agrupacionespsoe.es\/acoruna\/wp-json\/wp\/v2\/users\/282"}],"replies":[{"embeddable":true,"href":"https:\/\/agrupacionespsoe.es\/acoruna\/wp-json\/wp\/v2\/comments?post=2816"}],"version-history":[{"count":2,"href":"https:\/\/agrupacionespsoe.es\/acoruna\/wp-json\/wp\/v2\/posts\/2816\/revisions"}],"predecessor-version":[{"id":2820,"href":"https:\/\/agrupacionespsoe.es\/acoruna\/wp-json\/wp\/v2\/posts\/2816\/revisions\/2820"}],"wp:featuredmedia":[{"embeddable":true,"href":"https:\/\/agrupacionespsoe.es\/acoruna\/wp-json\/wp\/v2\/media\/2818"}],"wp:attachment":[{"href":"https:\/\/agrupacionespsoe.es\/acoruna\/wp-json\/wp\/v2\/media?parent=2816"}],"wp:term":[{"taxonomy":"category","embeddable":true,"href":"https:\/\/agrupacionespsoe.es\/acoruna\/wp-json\/wp\/v2\/categories?post=2816"},{"taxonomy":"post_tag","embeddable":true,"href":"https:\/\/agrupacionespsoe.es\/acoruna\/wp-json\/wp\/v2\/tags?post=2816"}],"curies":[{"name":"wp","href":"https:\/\/api.w.org\/{rel}","templated":true}]}}