{"id":2805,"date":"2026-03-03T15:22:55","date_gmt":"2026-03-03T14:22:55","guid":{"rendered":"https:\/\/agrupacionespsoe.es\/acoruna\/?p=2805"},"modified":"2026-03-03T15:22:57","modified_gmt":"2026-03-03T14:22:57","slug":"o-psdeg-reclama-que-a-xunta-reciba-ao-alcalde-de-valdovino-para-falar-sobre-a-construcion-do-instituto","status":"publish","type":"post","link":"https:\/\/agrupacionespsoe.es\/acoruna\/o-psdeg-reclama-que-a-xunta-reciba-ao-alcalde-de-valdovino-para-falar-sobre-a-construcion-do-instituto\/","title":{"rendered":"O PSdeG reclama que a Xunta reciba ao alcalde de Valdovi\u00f1o para falar sobre a construci\u00f3n do instituto"},"content":{"rendered":"\n<ul class=\"wp-block-list\">\n<li><strong>Aitor Bouza sinala que esta infraestrutura educativa \u00e9 necesaria e demandada pola veci\u00f1anza do municipio<\/strong><\/li>\n<\/ul>\n\n\n\n<section class=\"wp-block-psoe-separador bg-primary px-2\"><hr class=\"color-white bg-white opacity-1 h-[1px] w-full\" \/><\/section>\n\n\n\n<p class=\"has-medium-font-size\">O PSdeG-PSOE leva ao Parlamento de Galicia a petici\u00f3n de crear un instituto de Valdovi\u00f1o, logo dunha xornada de traballo conxunta co rexedor Alberto Gonz\u00e1lez Fern\u00e1ndez.<\/p>\n\n\n\n<p class=\"has-medium-font-size\">O alcalde socialista trasladou ao Grupo Parlamentario Socialista a demanda de que a Xunta de Galicia adquira o compromiso de construir dito instituto, as\u00ed como unha reuni\u00f3n coa Conseller\u00eda de Educaci\u00f3n para avanzar cara a este obxectivo.<\/p>\n\n\n\n<p class=\"has-medium-font-size\">O parlamentario socialista Aitor Bouza reclamou que o conselleiro Rom\u00e1n Rodr\u00edguez &#8220;reciba dunha vez \u00f3 representante lex\u00edtimo dos veci\u00f1os e veci\u00f1as de Valdovi\u00f1o, como \u00e9 o seu alcalde&#8221;.<\/p>\n\n\n\n<p class=\"has-medium-font-size\">Bouza explica que Gonz\u00e1lez &#8220;xa pediu en numerosas ocasi\u00f3ns esa xuntanza para poder abordar esta cuesti\u00f3n&#8221;. &#8220;A d\u00eda de hoxe segue sen recibilo&#8221;, lamenta o deputado.<\/p>\n\n\n\n<p class=\"has-medium-font-size\">Destacou que esta infraestrutura educativa que est\u00e1 a reclamar dende o Partido Socialista, &#8220;tam\u00e9n como non pode ser doutro xeito, se est\u00e1 reclamando por parte da comunidade educativa&#8221;.<\/p>\n\n\n\n<p class=\"has-medium-font-size\">&#8220;Intentamos que se incorporase esta partida aos orzamentos do ano 2026 dentro das nosas emendas aos orzamentos da Xunta de Galicia e tam\u00e9n levamos a debate a trav\u00e9s dunha proposici\u00f3n non de lei no Parlamento&#8221;, lembrou. O PP votou negativamente ante estas iniciativas.<\/p>\n\n\n\n<p class=\"has-medium-font-size\">&#8220;N\u00f3s, fronte a este rexeitamento absoluto do Partido Popular a que se realice este instituto en Valdovi\u00f1o, seguiremos traballando para que da man da comunidade educativa se poda desenvolver canto antes o proxecto&#8221;, indica o parlamentario.<\/p>\n\n\n\n<p class=\"has-medium-font-size\">Para Bouza, &#8220;o primeiro que ten que facer a Xunta de Galicia, o se\u00f1or conselleiro de Educaci\u00f3n, \u00e9 recibir o seu alcalde&#8221; para atender &#8220;unha reclamaci\u00f3n que fai a comunidade educativa e toda a vila, porque realmente o precisan, porque \u00e9 necesario&#8221;.<\/p>\n\n\n\n<section class=\"wp-block-psoe-separador bg-primary px-2\"><hr class=\"color-white bg-white opacity-1 h-[1px] w-full\" \/><\/section>\n\n\n\n<figure class=\"wp-block-video\"><video controls src=\"https:\/\/agrupacionespsoe.es\/acoruna\/wp-content\/uploads\/sites\/198\/2026\/03\/Audio-Aitor-Bouza-Valdovino.mp4\"><\/video><figcaption class=\"wp-element-caption\">Aitor Bouza &#8211; Valdovi\u00f1o instituto &#8211; mar26<\/figcaption><\/figure>\n","protected":false},"excerpt":{"rendered":"<p>O PSdeG-PSOE leva ao Parlamento de Galicia a petici\u00f3n de crear un instituto de Valdovi\u00f1o, logo dunha xornada de traballo conxunta co rexedor Alberto Gonz\u00e1lez Fern\u00e1ndez. O alcalde socialista trasladou ao Grupo Parlamentario Socialista a demanda de que a Xunta de Galicia adquira o compromiso de construir dito instituto, as\u00ed como unha reuni\u00f3n coa Conseller\u00eda &#8230;<\/p>\n","protected":false},"author":282,"featured_media":2807,"comment_status":"open","ping_status":"open","sticky":false,"template":"","format":"standard","meta":{"_jetpack_memberships_contains_paid_content":false,"footnotes":""},"categories":[84,679,111],"tags":[587,80,733,58,287,50,22,159],"class_list":["post-2805","post","type-post","status-publish","format-standard","has-post-thumbnail","hentry","category-educacion","category-valdovino","category-xunta-de-galicia","tag-aitor-bouza-manso","tag-educacion","tag-ies","tag-infraestruturas","tag-orzamentos","tag-parlamento-de-galicia","tag-psdeg-psoe","tag-xunta-de-galicia"],"yoast_head":"<!-- This site is optimized with the Yoast SEO plugin v24.0 - https:\/\/yoast.com\/wordpress\/plugins\/seo\/ -->\n<title>O PSdeG reclama que a Xunta reciba ao alcalde de Valdovi\u00f1o para falar sobre a construci\u00f3n do instituto - Agrupaci\u00f3n Provincial da Coru\u00f1a PSOE<\/title>\n<meta name=\"description\" content=\"Aitor Bouza sinala que esta infraestrutura educativa \u00e9 necesaria e demandada pola veci\u00f1anza do municipio.\" \/>\n<meta name=\"robots\" content=\"index, follow, max-snippet:-1, max-image-preview:large, max-video-preview:-1\" \/>\n<link rel=\"canonical\" href=\"https:\/\/agrupacionespsoe.es\/acoruna\/o-psdeg-reclama-que-a-xunta-reciba-ao-alcalde-de-valdovino-para-falar-sobre-a-construcion-do-instituto\/\" \/>\n<meta property=\"og:locale\" content=\"es_ES\" \/>\n<meta property=\"og:type\" content=\"article\" \/>\n<meta property=\"og:title\" content=\"O PSdeG reclama que a Xunta reciba ao alcalde de Valdovi\u00f1o para falar sobre a construci\u00f3n do instituto - Agrupaci\u00f3n Provincial da Coru\u00f1a PSOE\" \/>\n<meta property=\"og:description\" content=\"Aitor Bouza sinala que esta infraestrutura educativa \u00e9 necesaria e demandada pola veci\u00f1anza do municipio.\" \/>\n<meta property=\"og:url\" content=\"https:\/\/agrupacionespsoe.es\/acoruna\/o-psdeg-reclama-que-a-xunta-reciba-ao-alcalde-de-valdovino-para-falar-sobre-a-construcion-do-instituto\/\" \/>\n<meta property=\"og:site_name\" content=\"Agrupaci\u00f3n Provincial da Coru\u00f1a PSOE\" \/>\n<meta property=\"article:published_time\" content=\"2026-03-03T14:22:55+00:00\" \/>\n<meta property=\"article:modified_time\" content=\"2026-03-03T14:22:57+00:00\" \/>\n<meta property=\"og:image\" content=\"https:\/\/agrupacionespsoe.es\/acoruna\/wp-content\/uploads\/sites\/198\/2026\/03\/PSOE-VALDOVINO-3-de-marzo-1-scaled.jpeg\" \/>\n\t<meta property=\"og:image:width\" content=\"2560\" \/>\n\t<meta property=\"og:image:height\" content=\"1680\" \/>\n\t<meta property=\"og:image:type\" content=\"image\/jpeg\" \/>\n<meta name=\"author\" content=\"Olympia M\u00e9ndez\" \/>\n<meta name=\"twitter:card\" content=\"summary_large_image\" \/>\n<meta name=\"twitter:label1\" content=\"Escrito por\" \/>\n\t<meta name=\"twitter:data1\" content=\"Olympia M\u00e9ndez\" \/>\n\t<meta name=\"twitter:label2\" content=\"Tiempo de lectura\" \/>\n\t<meta name=\"twitter:data2\" content=\"2 minutos\" \/>\n<script type=\"application\/ld+json\" class=\"yoast-schema-graph\">{\"@context\":\"https:\/\/schema.org\",\"@graph\":[{\"@type\":\"Article\",\"@id\":\"https:\/\/agrupacionespsoe.es\/acoruna\/o-psdeg-reclama-que-a-xunta-reciba-ao-alcalde-de-valdovino-para-falar-sobre-a-construcion-do-instituto\/#article\",\"isPartOf\":{\"@id\":\"https:\/\/agrupacionespsoe.es\/acoruna\/o-psdeg-reclama-que-a-xunta-reciba-ao-alcalde-de-valdovino-para-falar-sobre-a-construcion-do-instituto\/\"},\"author\":{\"name\":\"Olympia M\u00e9ndez\",\"@id\":\"https:\/\/agrupacionespsoe.es\/acoruna\/#\/schema\/person\/dbf2b36187b136d06a53f7937d5d5af9\"},\"headline\":\"O PSdeG reclama que a Xunta reciba ao alcalde de Valdovi\u00f1o para falar sobre a construci\u00f3n do instituto\",\"datePublished\":\"2026-03-03T14:22:55+00:00\",\"dateModified\":\"2026-03-03T14:22:57+00:00\",\"mainEntityOfPage\":{\"@id\":\"https:\/\/agrupacionespsoe.es\/acoruna\/o-psdeg-reclama-que-a-xunta-reciba-ao-alcalde-de-valdovino-para-falar-sobre-a-construcion-do-instituto\/\"},\"wordCount\":330,\"commentCount\":0,\"publisher\":{\"@id\":\"https:\/\/agrupacionespsoe.es\/acoruna\/#organization\"},\"image\":{\"@id\":\"https:\/\/agrupacionespsoe.es\/acoruna\/o-psdeg-reclama-que-a-xunta-reciba-ao-alcalde-de-valdovino-para-falar-sobre-a-construcion-do-instituto\/#primaryimage\"},\"thumbnailUrl\":\"https:\/\/agrupacionespsoe.es\/acoruna\/wp-content\/uploads\/sites\/198\/2026\/03\/PSOE-VALDOVINO-3-de-marzo-1-scaled.jpeg\",\"keywords\":[\"Aitor Bouza Manso\",\"Educaci\u00f3n\",\"IES\",\"Infraestruturas\",\"Orzamentos\",\"Parlamento de Galicia\",\"PSdeG-PSOE\",\"Xunta de Galicia\"],\"articleSection\":[\"Educaci\u00f3n\",\"Valdovi\u00f1o\",\"Xunta de Galicia\"],\"inLanguage\":\"es\",\"potentialAction\":[{\"@type\":\"CommentAction\",\"name\":\"Comment\",\"target\":[\"https:\/\/agrupacionespsoe.es\/acoruna\/o-psdeg-reclama-que-a-xunta-reciba-ao-alcalde-de-valdovino-para-falar-sobre-a-construcion-do-instituto\/#respond\"]}]},{\"@type\":\"WebPage\",\"@id\":\"https:\/\/agrupacionespsoe.es\/acoruna\/o-psdeg-reclama-que-a-xunta-reciba-ao-alcalde-de-valdovino-para-falar-sobre-a-construcion-do-instituto\/\",\"url\":\"https:\/\/agrupacionespsoe.es\/acoruna\/o-psdeg-reclama-que-a-xunta-reciba-ao-alcalde-de-valdovino-para-falar-sobre-a-construcion-do-instituto\/\",\"name\":\"O PSdeG reclama que a Xunta reciba ao alcalde de Valdovi\u00f1o para falar sobre a construci\u00f3n do instituto - Agrupaci\u00f3n Provincial da Coru\u00f1a PSOE\",\"isPartOf\":{\"@id\":\"https:\/\/agrupacionespsoe.es\/acoruna\/#website\"},\"primaryImageOfPage\":{\"@id\":\"https:\/\/agrupacionespsoe.es\/acoruna\/o-psdeg-reclama-que-a-xunta-reciba-ao-alcalde-de-valdovino-para-falar-sobre-a-construcion-do-instituto\/#primaryimage\"},\"image\":{\"@id\":\"https:\/\/agrupacionespsoe.es\/acoruna\/o-psdeg-reclama-que-a-xunta-reciba-ao-alcalde-de-valdovino-para-falar-sobre-a-construcion-do-instituto\/#primaryimage\"},\"thumbnailUrl\":\"https:\/\/agrupacionespsoe.es\/acoruna\/wp-content\/uploads\/sites\/198\/2026\/03\/PSOE-VALDOVINO-3-de-marzo-1-scaled.jpeg\",\"datePublished\":\"2026-03-03T14:22:55+00:00\",\"dateModified\":\"2026-03-03T14:22:57+00:00\",\"description\":\"Aitor Bouza sinala que esta infraestrutura educativa \u00e9 necesaria e demandada pola veci\u00f1anza do municipio.\",\"breadcrumb\":{\"@id\":\"https:\/\/agrupacionespsoe.es\/acoruna\/o-psdeg-reclama-que-a-xunta-reciba-ao-alcalde-de-valdovino-para-falar-sobre-a-construcion-do-instituto\/#breadcrumb\"},\"inLanguage\":\"es\",\"potentialAction\":[{\"@type\":\"ReadAction\",\"target\":[\"https:\/\/agrupacionespsoe.es\/acoruna\/o-psdeg-reclama-que-a-xunta-reciba-ao-alcalde-de-valdovino-para-falar-sobre-a-construcion-do-instituto\/\"]}]},{\"@type\":\"ImageObject\",\"inLanguage\":\"es\",\"@id\":\"https:\/\/agrupacionespsoe.es\/acoruna\/o-psdeg-reclama-que-a-xunta-reciba-ao-alcalde-de-valdovino-para-falar-sobre-a-construcion-do-instituto\/#primaryimage\",\"url\":\"https:\/\/agrupacionespsoe.es\/acoruna\/wp-content\/uploads\/sites\/198\/2026\/03\/PSOE-VALDOVINO-3-de-marzo-1-scaled.jpeg\",\"contentUrl\":\"https:\/\/agrupacionespsoe.es\/acoruna\/wp-content\/uploads\/sites\/198\/2026\/03\/PSOE-VALDOVINO-3-de-marzo-1-scaled.jpeg\",\"width\":2560,\"height\":1680},{\"@type\":\"BreadcrumbList\",\"@id\":\"https:\/\/agrupacionespsoe.es\/acoruna\/o-psdeg-reclama-que-a-xunta-reciba-ao-alcalde-de-valdovino-para-falar-sobre-a-construcion-do-instituto\/#breadcrumb\",\"itemListElement\":[{\"@type\":\"ListItem\",\"position\":1,\"name\":\"Portada\",\"item\":\"https:\/\/agrupacionespsoe.es\/acoruna\/\"},{\"@type\":\"ListItem\",\"position\":2,\"name\":\"O PSdeG reclama que a Xunta reciba ao alcalde de Valdovi\u00f1o para falar sobre a construci\u00f3n do instituto\"}]},{\"@type\":\"WebSite\",\"@id\":\"https:\/\/agrupacionespsoe.es\/acoruna\/#website\",\"url\":\"https:\/\/agrupacionespsoe.es\/acoruna\/\",\"name\":\"Agrupaci\u00f3n Provincial da Coru\u00f1a PSOE\",\"description\":\"Provincial PSdeG-PSOE da Coru\u00f1a\",\"publisher\":{\"@id\":\"https:\/\/agrupacionespsoe.es\/acoruna\/#organization\"},\"potentialAction\":[{\"@type\":\"SearchAction\",\"target\":{\"@type\":\"EntryPoint\",\"urlTemplate\":\"https:\/\/agrupacionespsoe.es\/acoruna\/?s={search_term_string}\"},\"query-input\":{\"@type\":\"PropertyValueSpecification\",\"valueRequired\":true,\"valueName\":\"search_term_string\"}}],\"inLanguage\":\"es\"},{\"@type\":\"Organization\",\"@id\":\"https:\/\/agrupacionespsoe.es\/acoruna\/#organization\",\"name\":\"Agrupaci\u00f3n Provincial da Coru\u00f1a PSOE\",\"url\":\"https:\/\/agrupacionespsoe.es\/acoruna\/\",\"logo\":{\"@type\":\"ImageObject\",\"inLanguage\":\"es\",\"@id\":\"https:\/\/agrupacionespsoe.es\/acoruna\/#\/schema\/logo\/image\/\",\"url\":\"https:\/\/agrupacionespsoe.es\/wp-content\/uploads\/2022\/07\/Logotipo_electoral_del_PSOE.png\",\"contentUrl\":\"https:\/\/agrupacionespsoe.es\/wp-content\/uploads\/2022\/07\/Logotipo_electoral_del_PSOE.png\",\"width\":422,\"height\":422,\"caption\":\"Agrupaci\u00f3n Provincial da Coru\u00f1a PSOE\"},\"image\":{\"@id\":\"https:\/\/agrupacionespsoe.es\/acoruna\/#\/schema\/logo\/image\/\"}},{\"@type\":\"Person\",\"@id\":\"https:\/\/agrupacionespsoe.es\/acoruna\/#\/schema\/person\/dbf2b36187b136d06a53f7937d5d5af9\",\"name\":\"Olympia M\u00e9ndez\",\"image\":{\"@type\":\"ImageObject\",\"inLanguage\":\"es\",\"@id\":\"https:\/\/agrupacionespsoe.es\/acoruna\/#\/schema\/person\/image\/\",\"url\":\"https:\/\/secure.gravatar.com\/avatar\/12db1fb8bfe20deb7a2d4ddc95b9042b?s=96&d=mm&r=g\",\"contentUrl\":\"https:\/\/secure.gravatar.com\/avatar\/12db1fb8bfe20deb7a2d4ddc95b9042b?s=96&d=mm&r=g\",\"caption\":\"Olympia M\u00e9ndez\"},\"url\":\"https:\/\/agrupacionespsoe.es\/acoruna\/author\/acoruna2\/\"}]}<\/script>\n<!-- \/ Yoast SEO plugin. -->","yoast_head_json":{"title":"O PSdeG reclama que a Xunta reciba ao alcalde de Valdovi\u00f1o para falar sobre a construci\u00f3n do instituto - Agrupaci\u00f3n Provincial da Coru\u00f1a PSOE","description":"Aitor Bouza sinala que esta infraestrutura educativa \u00e9 necesaria e demandada pola veci\u00f1anza do municipio.","robots":{"index":"index","follow":"follow","max-snippet":"max-snippet:-1","max-image-preview":"max-image-preview:large","max-video-preview":"max-video-preview:-1"},"canonical":"https:\/\/agrupacionespsoe.es\/acoruna\/o-psdeg-reclama-que-a-xunta-reciba-ao-alcalde-de-valdovino-para-falar-sobre-a-construcion-do-instituto\/","og_locale":"es_ES","og_type":"article","og_title":"O PSdeG reclama que a Xunta reciba ao alcalde de Valdovi\u00f1o para falar sobre a construci\u00f3n do instituto - Agrupaci\u00f3n Provincial da Coru\u00f1a PSOE","og_description":"Aitor Bouza sinala que esta infraestrutura educativa \u00e9 necesaria e demandada pola veci\u00f1anza do municipio.","og_url":"https:\/\/agrupacionespsoe.es\/acoruna\/o-psdeg-reclama-que-a-xunta-reciba-ao-alcalde-de-valdovino-para-falar-sobre-a-construcion-do-instituto\/","og_site_name":"Agrupaci\u00f3n Provincial da Coru\u00f1a PSOE","article_published_time":"2026-03-03T14:22:55+00:00","article_modified_time":"2026-03-03T14:22:57+00:00","og_image":[{"width":2560,"height":1680,"url":"https:\/\/agrupacionespsoe.es\/acoruna\/wp-content\/uploads\/sites\/198\/2026\/03\/PSOE-VALDOVINO-3-de-marzo-1-scaled.jpeg","type":"image\/jpeg"}],"author":"Olympia M\u00e9ndez","twitter_card":"summary_large_image","twitter_misc":{"Escrito por":"Olympia M\u00e9ndez","Tiempo de lectura":"2 minutos"},"schema":{"@context":"https:\/\/schema.org","@graph":[{"@type":"Article","@id":"https:\/\/agrupacionespsoe.es\/acoruna\/o-psdeg-reclama-que-a-xunta-reciba-ao-alcalde-de-valdovino-para-falar-sobre-a-construcion-do-instituto\/#article","isPartOf":{"@id":"https:\/\/agrupacionespsoe.es\/acoruna\/o-psdeg-reclama-que-a-xunta-reciba-ao-alcalde-de-valdovino-para-falar-sobre-a-construcion-do-instituto\/"},"author":{"name":"Olympia M\u00e9ndez","@id":"https:\/\/agrupacionespsoe.es\/acoruna\/#\/schema\/person\/dbf2b36187b136d06a53f7937d5d5af9"},"headline":"O PSdeG reclama que a Xunta reciba ao alcalde de Valdovi\u00f1o para falar sobre a construci\u00f3n do instituto","datePublished":"2026-03-03T14:22:55+00:00","dateModified":"2026-03-03T14:22:57+00:00","mainEntityOfPage":{"@id":"https:\/\/agrupacionespsoe.es\/acoruna\/o-psdeg-reclama-que-a-xunta-reciba-ao-alcalde-de-valdovino-para-falar-sobre-a-construcion-do-instituto\/"},"wordCount":330,"commentCount":0,"publisher":{"@id":"https:\/\/agrupacionespsoe.es\/acoruna\/#organization"},"image":{"@id":"https:\/\/agrupacionespsoe.es\/acoruna\/o-psdeg-reclama-que-a-xunta-reciba-ao-alcalde-de-valdovino-para-falar-sobre-a-construcion-do-instituto\/#primaryimage"},"thumbnailUrl":"https:\/\/agrupacionespsoe.es\/acoruna\/wp-content\/uploads\/sites\/198\/2026\/03\/PSOE-VALDOVINO-3-de-marzo-1-scaled.jpeg","keywords":["Aitor Bouza Manso","Educaci\u00f3n","IES","Infraestruturas","Orzamentos","Parlamento de Galicia","PSdeG-PSOE","Xunta de Galicia"],"articleSection":["Educaci\u00f3n","Valdovi\u00f1o","Xunta de Galicia"],"inLanguage":"es","potentialAction":[{"@type":"CommentAction","name":"Comment","target":["https:\/\/agrupacionespsoe.es\/acoruna\/o-psdeg-reclama-que-a-xunta-reciba-ao-alcalde-de-valdovino-para-falar-sobre-a-construcion-do-instituto\/#respond"]}]},{"@type":"WebPage","@id":"https:\/\/agrupacionespsoe.es\/acoruna\/o-psdeg-reclama-que-a-xunta-reciba-ao-alcalde-de-valdovino-para-falar-sobre-a-construcion-do-instituto\/","url":"https:\/\/agrupacionespsoe.es\/acoruna\/o-psdeg-reclama-que-a-xunta-reciba-ao-alcalde-de-valdovino-para-falar-sobre-a-construcion-do-instituto\/","name":"O PSdeG reclama que a Xunta reciba ao alcalde de Valdovi\u00f1o para falar sobre a construci\u00f3n do instituto - Agrupaci\u00f3n Provincial da Coru\u00f1a PSOE","isPartOf":{"@id":"https:\/\/agrupacionespsoe.es\/acoruna\/#website"},"primaryImageOfPage":{"@id":"https:\/\/agrupacionespsoe.es\/acoruna\/o-psdeg-reclama-que-a-xunta-reciba-ao-alcalde-de-valdovino-para-falar-sobre-a-construcion-do-instituto\/#primaryimage"},"image":{"@id":"https:\/\/agrupacionespsoe.es\/acoruna\/o-psdeg-reclama-que-a-xunta-reciba-ao-alcalde-de-valdovino-para-falar-sobre-a-construcion-do-instituto\/#primaryimage"},"thumbnailUrl":"https:\/\/agrupacionespsoe.es\/acoruna\/wp-content\/uploads\/sites\/198\/2026\/03\/PSOE-VALDOVINO-3-de-marzo-1-scaled.jpeg","datePublished":"2026-03-03T14:22:55+00:00","dateModified":"2026-03-03T14:22:57+00:00","description":"Aitor Bouza sinala que esta infraestrutura educativa \u00e9 necesaria e demandada pola veci\u00f1anza do municipio.","breadcrumb":{"@id":"https:\/\/agrupacionespsoe.es\/acoruna\/o-psdeg-reclama-que-a-xunta-reciba-ao-alcalde-de-valdovino-para-falar-sobre-a-construcion-do-instituto\/#breadcrumb"},"inLanguage":"es","potentialAction":[{"@type":"ReadAction","target":["https:\/\/agrupacionespsoe.es\/acoruna\/o-psdeg-reclama-que-a-xunta-reciba-ao-alcalde-de-valdovino-para-falar-sobre-a-construcion-do-instituto\/"]}]},{"@type":"ImageObject","inLanguage":"es","@id":"https:\/\/agrupacionespsoe.es\/acoruna\/o-psdeg-reclama-que-a-xunta-reciba-ao-alcalde-de-valdovino-para-falar-sobre-a-construcion-do-instituto\/#primaryimage","url":"https:\/\/agrupacionespsoe.es\/acoruna\/wp-content\/uploads\/sites\/198\/2026\/03\/PSOE-VALDOVINO-3-de-marzo-1-scaled.jpeg","contentUrl":"https:\/\/agrupacionespsoe.es\/acoruna\/wp-content\/uploads\/sites\/198\/2026\/03\/PSOE-VALDOVINO-3-de-marzo-1-scaled.jpeg","width":2560,"height":1680},{"@type":"BreadcrumbList","@id":"https:\/\/agrupacionespsoe.es\/acoruna\/o-psdeg-reclama-que-a-xunta-reciba-ao-alcalde-de-valdovino-para-falar-sobre-a-construcion-do-instituto\/#breadcrumb","itemListElement":[{"@type":"ListItem","position":1,"name":"Portada","item":"https:\/\/agrupacionespsoe.es\/acoruna\/"},{"@type":"ListItem","position":2,"name":"O PSdeG reclama que a Xunta reciba ao alcalde de Valdovi\u00f1o para falar sobre a construci\u00f3n do instituto"}]},{"@type":"WebSite","@id":"https:\/\/agrupacionespsoe.es\/acoruna\/#website","url":"https:\/\/agrupacionespsoe.es\/acoruna\/","name":"Agrupaci\u00f3n Provincial da Coru\u00f1a PSOE","description":"Provincial PSdeG-PSOE da Coru\u00f1a","publisher":{"@id":"https:\/\/agrupacionespsoe.es\/acoruna\/#organization"},"potentialAction":[{"@type":"SearchAction","target":{"@type":"EntryPoint","urlTemplate":"https:\/\/agrupacionespsoe.es\/acoruna\/?s={search_term_string}"},"query-input":{"@type":"PropertyValueSpecification","valueRequired":true,"valueName":"search_term_string"}}],"inLanguage":"es"},{"@type":"Organization","@id":"https:\/\/agrupacionespsoe.es\/acoruna\/#organization","name":"Agrupaci\u00f3n Provincial da Coru\u00f1a PSOE","url":"https:\/\/agrupacionespsoe.es\/acoruna\/","logo":{"@type":"ImageObject","inLanguage":"es","@id":"https:\/\/agrupacionespsoe.es\/acoruna\/#\/schema\/logo\/image\/","url":"https:\/\/agrupacionespsoe.es\/wp-content\/uploads\/2022\/07\/Logotipo_electoral_del_PSOE.png","contentUrl":"https:\/\/agrupacionespsoe.es\/wp-content\/uploads\/2022\/07\/Logotipo_electoral_del_PSOE.png","width":422,"height":422,"caption":"Agrupaci\u00f3n Provincial da Coru\u00f1a PSOE"},"image":{"@id":"https:\/\/agrupacionespsoe.es\/acoruna\/#\/schema\/logo\/image\/"}},{"@type":"Person","@id":"https:\/\/agrupacionespsoe.es\/acoruna\/#\/schema\/person\/dbf2b36187b136d06a53f7937d5d5af9","name":"Olympia M\u00e9ndez","image":{"@type":"ImageObject","inLanguage":"es","@id":"https:\/\/agrupacionespsoe.es\/acoruna\/#\/schema\/person\/image\/","url":"https:\/\/secure.gravatar.com\/avatar\/12db1fb8bfe20deb7a2d4ddc95b9042b?s=96&d=mm&r=g","contentUrl":"https:\/\/secure.gravatar.com\/avatar\/12db1fb8bfe20deb7a2d4ddc95b9042b?s=96&d=mm&r=g","caption":"Olympia M\u00e9ndez"},"url":"https:\/\/agrupacionespsoe.es\/acoruna\/author\/acoruna2\/"}]}},"jetpack_featured_media_url":"https:\/\/agrupacionespsoe.es\/acoruna\/wp-content\/uploads\/sites\/198\/2026\/03\/PSOE-VALDOVINO-3-de-marzo-1-scaled.jpeg","jetpack_sharing_enabled":true,"jetpack_likes_enabled":true,"_links":{"self":[{"href":"https:\/\/agrupacionespsoe.es\/acoruna\/wp-json\/wp\/v2\/posts\/2805","targetHints":{"allow":["GET"]}}],"collection":[{"href":"https:\/\/agrupacionespsoe.es\/acoruna\/wp-json\/wp\/v2\/posts"}],"about":[{"href":"https:\/\/agrupacionespsoe.es\/acoruna\/wp-json\/wp\/v2\/types\/post"}],"author":[{"embeddable":true,"href":"https:\/\/agrupacionespsoe.es\/acoruna\/wp-json\/wp\/v2\/users\/282"}],"replies":[{"embeddable":true,"href":"https:\/\/agrupacionespsoe.es\/acoruna\/wp-json\/wp\/v2\/comments?post=2805"}],"version-history":[{"count":2,"href":"https:\/\/agrupacionespsoe.es\/acoruna\/wp-json\/wp\/v2\/posts\/2805\/revisions"}],"predecessor-version":[{"id":2809,"href":"https:\/\/agrupacionespsoe.es\/acoruna\/wp-json\/wp\/v2\/posts\/2805\/revisions\/2809"}],"wp:featuredmedia":[{"embeddable":true,"href":"https:\/\/agrupacionespsoe.es\/acoruna\/wp-json\/wp\/v2\/media\/2807"}],"wp:attachment":[{"href":"https:\/\/agrupacionespsoe.es\/acoruna\/wp-json\/wp\/v2\/media?parent=2805"}],"wp:term":[{"taxonomy":"category","embeddable":true,"href":"https:\/\/agrupacionespsoe.es\/acoruna\/wp-json\/wp\/v2\/categories?post=2805"},{"taxonomy":"post_tag","embeddable":true,"href":"https:\/\/agrupacionespsoe.es\/acoruna\/wp-json\/wp\/v2\/tags?post=2805"}],"curies":[{"name":"wp","href":"https:\/\/api.w.org\/{rel}","templated":true}]}}