{"id":2661,"date":"2026-01-24T15:35:46","date_gmt":"2026-01-24T14:35:46","guid":{"rendered":"https:\/\/agrupacionespsoe.es\/acoruna\/?p=2661"},"modified":"2026-01-24T15:35:47","modified_gmt":"2026-01-24T14:35:47","slug":"o-psoe-provincial-da-coruna-reunira-este-xoves-ao-consello-de-alcaldes-e-alcaldesas-para-analizar-o-afogo-economico-dos-concellos","status":"publish","type":"post","link":"https:\/\/agrupacionespsoe.es\/acoruna\/o-psoe-provincial-da-coruna-reunira-este-xoves-ao-consello-de-alcaldes-e-alcaldesas-para-analizar-o-afogo-economico-dos-concellos\/","title":{"rendered":"O PSOE provincial da Coru\u00f1a reunir\u00e1 este xoves ao Consello de Alcaldes e Alcaldesas para analizar o &#8220;afogo econ\u00f3mico dos concellos&#8221;"},"content":{"rendered":"\n<ul class=\"wp-block-list\">\n<li><strong>Os socialistas denuncian a \u201ccrecente imposici\u00f3n de competencias impropias sen financiamento suficiente\u201d e reclaman \u00e1 Xunta un reparto de recursos con criterios \u201cobxectivos e transparentes\u201d<\/strong><\/li>\n<\/ul>\n\n\n\n<section class=\"wp-block-psoe-separador bg-primary px-2\"><hr class=\"color-white bg-white opacity-1 h-[1px] w-full\" \/><\/section>\n\n\n\n<p class=\"has-medium-font-size\">O secretario provincial do PSdeG-PSOE da provincia da Coru\u00f1a, Bernardo Fern\u00e1ndez, v\u00e9n de convocar para o xoves 29 de xaneiro o Consello Provincial de Alcaldes e Alcaldesas, \u00f3rgano que re\u00fane aos rexedores e rexedoras socialistas da provincia, co obxectivo de analizar o impacto econ\u00f3mico que est\u00e1 a ter nos concellos o actual modelo de financiamento auton\u00f3mico e a asunci\u00f3n de competencias sen dotaci\u00f3n suficiente.<\/p>\n\n\n\n<p class=\"has-medium-font-size\">Segundo sinalan dende o PSdeG-PSOE provincial, a Xunta de Galicia estar\u00eda trasladando \u00e1s administraci\u00f3ns locais responsabilidades propias da administraci\u00f3n auton\u00f3mica, como o mantemento, conserxer\u00eda e limpeza dos centros educativos ou o Servizo de Axuda no Fogar (SAF), \u201cobrigando aos concellos a asumir un gasto que non lles corresponde e que compromete gravemente a s\u00faa sustentabilidade financeira\u201d.<\/p>\n\n\n\n<p class=\"has-medium-font-size\">O partido advirte de que esta situaci\u00f3n afecta especialmente aos concellos pequenos e medianos, con menor capacidade econ\u00f3mica, que deben destinar unha parte crecente dos seus recursos a servizos que, segundo indican, deber\u00edan estar plenamente cubertos pola Xunta.<\/p>\n\n\n\n<p class=\"has-medium-font-size\">Neste sentido, Bernardo Fern\u00e1ndez afirmou que \u201cfalamos dun modelo de financiamento totalmente inxusto, no que a Xunta reparte a maior\u00eda dos recursos destinados aos concellos de forma partidista e nada transparente, sen criterios obxectivos, con convocatorias de concorrencia non competitiva, ao tempo que se desentende das s\u00faas obrigas, pero esixe aos concellos que garantan servizos esenciais sen po\u00f1er enriba da mesa os cartos necesarios\u201d.<\/p>\n\n\n\n<p class=\"has-medium-font-size\">O Consello de Alcaldes e Alcaldesas abordar\u00e1 tam\u00e9n a situaci\u00f3n do Fondo Galego de Cooperaci\u00f3n Local. Os socialistas lembran que o fondo base, que \u00e9 o \u201c\u00fanico mecanismo de reparto con criterios obxectivos\u201d, permanece conxelado desde hai m\u00e1is de dez anos, malia o incremento dos custos e das obrigas asumidas polos concellos. \u201c\u00c9 absolutamente inxustificable que a Xunta presuma de boa situaci\u00f3n econ\u00f3mica mentres mant\u00e9n paralizado un fondo clave para a autonom\u00eda local. Esa conxelaci\u00f3n \u00e9 outro xeito de afogar economicamente aos concellos\u201d, engadiu Fern\u00e1ndez.<\/p>\n\n\n\n<p class=\"has-medium-font-size\"><strong>Bater\u00eda de medidas en defensa da autonom\u00eda local<\/strong><\/p>\n\n\n\n<p class=\"has-medium-font-size\">A reuni\u00f3n servir\u00e1 para compartir diagn\u00f3sticos, avaliar o impacto real desta situaci\u00f3n nos distintos municipios da provincia e definir unha bater\u00eda de medidas orientadas a defender a autonom\u00eda local, reclamar un financiamento xusto e esixir que cada administraci\u00f3n asuma as s\u00faas competencias coa correspondente cobertura econ\u00f3mica.<\/p>\n\n\n\n<p class=\"has-medium-font-size\">Dende o PSdeG-PSOE da provincia da Coru\u00f1a recl\u00e1mase \u00e1 Xunta de Galicia que \u201cpo\u00f1a fin \u00e1 deriva actual, asuma plenamente as s\u00faas responsabilidades, actualice e implemente de maneira urxente os mecanismos de financiamento local, para evitar que os concellos sigan sufrindo un afogo econ\u00f3mico que pon en risco a calidade dos servizos p\u00fablicos municipais que reciben os veci\u00f1os e veci\u00f1as\u201d. O secretario provincial rematou explicando que \u201cno que \u00e1 financiaci\u00f3n local se refire, ped\u00edmoslle ao presidente Rueda que d\u00e9 exemplo e aplique aqu\u00ed en Galicia os mesmos criterios de reparto de recursos p\u00fablicos que esixe ao Estado, que non son outros que os de igualdade, transparencia e obxectividade.\u201d<\/p>\n","protected":false},"excerpt":{"rendered":"<p>O secretario provincial do PSdeG-PSOE da provincia da Coru\u00f1a, Bernardo Fern\u00e1ndez, v\u00e9n de convocar para o xoves 29 de xaneiro o Consello Provincial de Alcaldes e Alcaldesas, \u00f3rgano que re\u00fane aos rexedores e rexedoras socialistas da provincia, co obxectivo de analizar o impacto econ\u00f3mico que est\u00e1 a ter nos concellos o actual modelo de financiamento &#8230;<\/p>\n","protected":false},"author":282,"featured_media":791,"comment_status":"open","ping_status":"open","sticky":false,"template":"","format":"standard","meta":{"_jetpack_memberships_contains_paid_content":false,"footnotes":""},"categories":[163,221],"tags":[399,52,42,817,433,95,22,169,24,495],"class_list":["post-2661","post","type-post","status-publish","format-standard","has-post-thumbnail","hentry","category-agrupacion-provincial-da-coruna","category-politica-municipal","tag-agrupacion-provincial-da-coruna","tag-bernardo-fernandez","tag-concello","tag-cooperacion-local","tag-economia","tag-politica-municipal","tag-psdeg-psoe","tag-saf","tag-socialistas","tag-transparencia"],"yoast_head":"<!-- This site is optimized with the Yoast SEO plugin v24.0 - https:\/\/yoast.com\/wordpress\/plugins\/seo\/ -->\n<title>O PSOE provincial da Coru\u00f1a reunir\u00e1 este xoves ao Consello de Alcaldes e Alcaldesas para analizar o &quot;afogo econ\u00f3mico dos concellos&quot; - Agrupaci\u00f3n Provincial da Coru\u00f1a PSOE<\/title>\n<meta name=\"description\" content=\"Os socialistas denuncian a \u201ccrecente imposici\u00f3n de competencias impropias sen financiamento suficiente\u201d e reclaman \u00e1 Xunta un reparto de recursos con criterios \u201cobxectivos e transparentes\u201d.\" \/>\n<meta name=\"robots\" content=\"index, follow, max-snippet:-1, max-image-preview:large, max-video-preview:-1\" \/>\n<link rel=\"canonical\" href=\"https:\/\/agrupacionespsoe.es\/acoruna\/o-psoe-provincial-da-coruna-reunira-este-xoves-ao-consello-de-alcaldes-e-alcaldesas-para-analizar-o-afogo-economico-dos-concellos\/\" \/>\n<meta property=\"og:locale\" content=\"es_ES\" \/>\n<meta property=\"og:type\" content=\"article\" \/>\n<meta property=\"og:title\" content=\"O PSOE provincial da Coru\u00f1a reunir\u00e1 este xoves ao Consello de Alcaldes e Alcaldesas para analizar o &quot;afogo econ\u00f3mico dos concellos&quot; - Agrupaci\u00f3n Provincial da Coru\u00f1a PSOE\" \/>\n<meta property=\"og:description\" content=\"Os socialistas denuncian a \u201ccrecente imposici\u00f3n de competencias impropias sen financiamento suficiente\u201d e reclaman \u00e1 Xunta un reparto de recursos con criterios \u201cobxectivos e transparentes\u201d.\" \/>\n<meta property=\"og:url\" content=\"https:\/\/agrupacionespsoe.es\/acoruna\/o-psoe-provincial-da-coruna-reunira-este-xoves-ao-consello-de-alcaldes-e-alcaldesas-para-analizar-o-afogo-economico-dos-concellos\/\" \/>\n<meta property=\"og:site_name\" content=\"Agrupaci\u00f3n Provincial da Coru\u00f1a PSOE\" \/>\n<meta property=\"article:published_time\" content=\"2026-01-24T14:35:46+00:00\" \/>\n<meta property=\"article:modified_time\" content=\"2026-01-24T14:35:47+00:00\" \/>\n<meta property=\"og:image\" content=\"https:\/\/agrupacionespsoe.es\/acoruna\/wp-content\/uploads\/sites\/198\/2024\/08\/PSdeG-cubo.jpg\" \/>\n\t<meta property=\"og:image:width\" content=\"731\" \/>\n\t<meta property=\"og:image:height\" content=\"724\" \/>\n\t<meta property=\"og:image:type\" content=\"image\/jpeg\" \/>\n<meta name=\"author\" content=\"Olympia M\u00e9ndez\" \/>\n<meta name=\"twitter:card\" content=\"summary_large_image\" \/>\n<meta name=\"twitter:label1\" content=\"Escrito por\" \/>\n\t<meta name=\"twitter:data1\" content=\"Olympia M\u00e9ndez\" \/>\n\t<meta name=\"twitter:label2\" content=\"Tiempo de lectura\" \/>\n\t<meta name=\"twitter:data2\" content=\"3 minutos\" \/>\n<script type=\"application\/ld+json\" class=\"yoast-schema-graph\">{\"@context\":\"https:\/\/schema.org\",\"@graph\":[{\"@type\":\"Article\",\"@id\":\"https:\/\/agrupacionespsoe.es\/acoruna\/o-psoe-provincial-da-coruna-reunira-este-xoves-ao-consello-de-alcaldes-e-alcaldesas-para-analizar-o-afogo-economico-dos-concellos\/#article\",\"isPartOf\":{\"@id\":\"https:\/\/agrupacionespsoe.es\/acoruna\/o-psoe-provincial-da-coruna-reunira-este-xoves-ao-consello-de-alcaldes-e-alcaldesas-para-analizar-o-afogo-economico-dos-concellos\/\"},\"author\":{\"name\":\"Olympia M\u00e9ndez\",\"@id\":\"https:\/\/agrupacionespsoe.es\/acoruna\/#\/schema\/person\/dbf2b36187b136d06a53f7937d5d5af9\"},\"headline\":\"O PSOE provincial da Coru\u00f1a reunir\u00e1 este xoves ao Consello de Alcaldes e Alcaldesas para analizar o &#8220;afogo econ\u00f3mico dos concellos&#8221;\",\"datePublished\":\"2026-01-24T14:35:46+00:00\",\"dateModified\":\"2026-01-24T14:35:47+00:00\",\"mainEntityOfPage\":{\"@id\":\"https:\/\/agrupacionespsoe.es\/acoruna\/o-psoe-provincial-da-coruna-reunira-este-xoves-ao-consello-de-alcaldes-e-alcaldesas-para-analizar-o-afogo-economico-dos-concellos\/\"},\"wordCount\":562,\"commentCount\":0,\"publisher\":{\"@id\":\"https:\/\/agrupacionespsoe.es\/acoruna\/#organization\"},\"image\":{\"@id\":\"https:\/\/agrupacionespsoe.es\/acoruna\/o-psoe-provincial-da-coruna-reunira-este-xoves-ao-consello-de-alcaldes-e-alcaldesas-para-analizar-o-afogo-economico-dos-concellos\/#primaryimage\"},\"thumbnailUrl\":\"https:\/\/agrupacionespsoe.es\/acoruna\/wp-content\/uploads\/sites\/198\/2024\/08\/PSdeG-cubo.jpg\",\"keywords\":[\"Agrupaci\u00f3n Provincial da Coru\u00f1a\",\"Bernardo Fern\u00e1ndez\",\"Concello\",\"Cooperaci\u00f3n Local\",\"Econom\u00eda\",\"Pol\u00edtica Municipal\",\"PSdeG-PSOE\",\"SAF\",\"Socialistas\",\"Transparencia\"],\"articleSection\":[\"Agrupaci\u00f3n Provincial da Coru\u00f1a\",\"Pol\u00edtica Municipal\"],\"inLanguage\":\"es\",\"potentialAction\":[{\"@type\":\"CommentAction\",\"name\":\"Comment\",\"target\":[\"https:\/\/agrupacionespsoe.es\/acoruna\/o-psoe-provincial-da-coruna-reunira-este-xoves-ao-consello-de-alcaldes-e-alcaldesas-para-analizar-o-afogo-economico-dos-concellos\/#respond\"]}]},{\"@type\":\"WebPage\",\"@id\":\"https:\/\/agrupacionespsoe.es\/acoruna\/o-psoe-provincial-da-coruna-reunira-este-xoves-ao-consello-de-alcaldes-e-alcaldesas-para-analizar-o-afogo-economico-dos-concellos\/\",\"url\":\"https:\/\/agrupacionespsoe.es\/acoruna\/o-psoe-provincial-da-coruna-reunira-este-xoves-ao-consello-de-alcaldes-e-alcaldesas-para-analizar-o-afogo-economico-dos-concellos\/\",\"name\":\"O PSOE provincial da Coru\u00f1a reunir\u00e1 este xoves ao Consello de Alcaldes e Alcaldesas para analizar o \\\"afogo econ\u00f3mico dos concellos\\\" - Agrupaci\u00f3n Provincial da Coru\u00f1a PSOE\",\"isPartOf\":{\"@id\":\"https:\/\/agrupacionespsoe.es\/acoruna\/#website\"},\"primaryImageOfPage\":{\"@id\":\"https:\/\/agrupacionespsoe.es\/acoruna\/o-psoe-provincial-da-coruna-reunira-este-xoves-ao-consello-de-alcaldes-e-alcaldesas-para-analizar-o-afogo-economico-dos-concellos\/#primaryimage\"},\"image\":{\"@id\":\"https:\/\/agrupacionespsoe.es\/acoruna\/o-psoe-provincial-da-coruna-reunira-este-xoves-ao-consello-de-alcaldes-e-alcaldesas-para-analizar-o-afogo-economico-dos-concellos\/#primaryimage\"},\"thumbnailUrl\":\"https:\/\/agrupacionespsoe.es\/acoruna\/wp-content\/uploads\/sites\/198\/2024\/08\/PSdeG-cubo.jpg\",\"datePublished\":\"2026-01-24T14:35:46+00:00\",\"dateModified\":\"2026-01-24T14:35:47+00:00\",\"description\":\"Os socialistas denuncian a \u201ccrecente imposici\u00f3n de competencias impropias sen financiamento suficiente\u201d e reclaman \u00e1 Xunta un reparto de recursos con criterios \u201cobxectivos e transparentes\u201d.\",\"breadcrumb\":{\"@id\":\"https:\/\/agrupacionespsoe.es\/acoruna\/o-psoe-provincial-da-coruna-reunira-este-xoves-ao-consello-de-alcaldes-e-alcaldesas-para-analizar-o-afogo-economico-dos-concellos\/#breadcrumb\"},\"inLanguage\":\"es\",\"potentialAction\":[{\"@type\":\"ReadAction\",\"target\":[\"https:\/\/agrupacionespsoe.es\/acoruna\/o-psoe-provincial-da-coruna-reunira-este-xoves-ao-consello-de-alcaldes-e-alcaldesas-para-analizar-o-afogo-economico-dos-concellos\/\"]}]},{\"@type\":\"ImageObject\",\"inLanguage\":\"es\",\"@id\":\"https:\/\/agrupacionespsoe.es\/acoruna\/o-psoe-provincial-da-coruna-reunira-este-xoves-ao-consello-de-alcaldes-e-alcaldesas-para-analizar-o-afogo-economico-dos-concellos\/#primaryimage\",\"url\":\"https:\/\/agrupacionespsoe.es\/acoruna\/wp-content\/uploads\/sites\/198\/2024\/08\/PSdeG-cubo.jpg\",\"contentUrl\":\"https:\/\/agrupacionespsoe.es\/acoruna\/wp-content\/uploads\/sites\/198\/2024\/08\/PSdeG-cubo.jpg\",\"width\":731,\"height\":724},{\"@type\":\"BreadcrumbList\",\"@id\":\"https:\/\/agrupacionespsoe.es\/acoruna\/o-psoe-provincial-da-coruna-reunira-este-xoves-ao-consello-de-alcaldes-e-alcaldesas-para-analizar-o-afogo-economico-dos-concellos\/#breadcrumb\",\"itemListElement\":[{\"@type\":\"ListItem\",\"position\":1,\"name\":\"Portada\",\"item\":\"https:\/\/agrupacionespsoe.es\/acoruna\/\"},{\"@type\":\"ListItem\",\"position\":2,\"name\":\"O PSOE provincial da Coru\u00f1a reunir\u00e1 este xoves ao Consello de Alcaldes e Alcaldesas para analizar o \u00abafogo econ\u00f3mico dos concellos\u00bb\"}]},{\"@type\":\"WebSite\",\"@id\":\"https:\/\/agrupacionespsoe.es\/acoruna\/#website\",\"url\":\"https:\/\/agrupacionespsoe.es\/acoruna\/\",\"name\":\"Agrupaci\u00f3n Provincial da Coru\u00f1a PSOE\",\"description\":\"Provincial PSdeG-PSOE da Coru\u00f1a\",\"publisher\":{\"@id\":\"https:\/\/agrupacionespsoe.es\/acoruna\/#organization\"},\"potentialAction\":[{\"@type\":\"SearchAction\",\"target\":{\"@type\":\"EntryPoint\",\"urlTemplate\":\"https:\/\/agrupacionespsoe.es\/acoruna\/?s={search_term_string}\"},\"query-input\":{\"@type\":\"PropertyValueSpecification\",\"valueRequired\":true,\"valueName\":\"search_term_string\"}}],\"inLanguage\":\"es\"},{\"@type\":\"Organization\",\"@id\":\"https:\/\/agrupacionespsoe.es\/acoruna\/#organization\",\"name\":\"Agrupaci\u00f3n Provincial da Coru\u00f1a PSOE\",\"url\":\"https:\/\/agrupacionespsoe.es\/acoruna\/\",\"logo\":{\"@type\":\"ImageObject\",\"inLanguage\":\"es\",\"@id\":\"https:\/\/agrupacionespsoe.es\/acoruna\/#\/schema\/logo\/image\/\",\"url\":\"https:\/\/agrupacionespsoe.es\/wp-content\/uploads\/2022\/07\/Logotipo_electoral_del_PSOE.png\",\"contentUrl\":\"https:\/\/agrupacionespsoe.es\/wp-content\/uploads\/2022\/07\/Logotipo_electoral_del_PSOE.png\",\"width\":422,\"height\":422,\"caption\":\"Agrupaci\u00f3n Provincial da Coru\u00f1a PSOE\"},\"image\":{\"@id\":\"https:\/\/agrupacionespsoe.es\/acoruna\/#\/schema\/logo\/image\/\"}},{\"@type\":\"Person\",\"@id\":\"https:\/\/agrupacionespsoe.es\/acoruna\/#\/schema\/person\/dbf2b36187b136d06a53f7937d5d5af9\",\"name\":\"Olympia M\u00e9ndez\",\"image\":{\"@type\":\"ImageObject\",\"inLanguage\":\"es\",\"@id\":\"https:\/\/agrupacionespsoe.es\/acoruna\/#\/schema\/person\/image\/\",\"url\":\"https:\/\/secure.gravatar.com\/avatar\/12db1fb8bfe20deb7a2d4ddc95b9042b?s=96&d=mm&r=g\",\"contentUrl\":\"https:\/\/secure.gravatar.com\/avatar\/12db1fb8bfe20deb7a2d4ddc95b9042b?s=96&d=mm&r=g\",\"caption\":\"Olympia M\u00e9ndez\"},\"url\":\"https:\/\/agrupacionespsoe.es\/acoruna\/author\/acoruna2\/\"}]}<\/script>\n<!-- \/ Yoast SEO plugin. -->","yoast_head_json":{"title":"O PSOE provincial da Coru\u00f1a reunir\u00e1 este xoves ao Consello de Alcaldes e Alcaldesas para analizar o \"afogo econ\u00f3mico dos concellos\" - Agrupaci\u00f3n Provincial da Coru\u00f1a PSOE","description":"Os socialistas denuncian a \u201ccrecente imposici\u00f3n de competencias impropias sen financiamento suficiente\u201d e reclaman \u00e1 Xunta un reparto de recursos con criterios \u201cobxectivos e transparentes\u201d.","robots":{"index":"index","follow":"follow","max-snippet":"max-snippet:-1","max-image-preview":"max-image-preview:large","max-video-preview":"max-video-preview:-1"},"canonical":"https:\/\/agrupacionespsoe.es\/acoruna\/o-psoe-provincial-da-coruna-reunira-este-xoves-ao-consello-de-alcaldes-e-alcaldesas-para-analizar-o-afogo-economico-dos-concellos\/","og_locale":"es_ES","og_type":"article","og_title":"O PSOE provincial da Coru\u00f1a reunir\u00e1 este xoves ao Consello de Alcaldes e Alcaldesas para analizar o \"afogo econ\u00f3mico dos concellos\" - Agrupaci\u00f3n Provincial da Coru\u00f1a PSOE","og_description":"Os socialistas denuncian a \u201ccrecente imposici\u00f3n de competencias impropias sen financiamento suficiente\u201d e reclaman \u00e1 Xunta un reparto de recursos con criterios \u201cobxectivos e transparentes\u201d.","og_url":"https:\/\/agrupacionespsoe.es\/acoruna\/o-psoe-provincial-da-coruna-reunira-este-xoves-ao-consello-de-alcaldes-e-alcaldesas-para-analizar-o-afogo-economico-dos-concellos\/","og_site_name":"Agrupaci\u00f3n Provincial da Coru\u00f1a PSOE","article_published_time":"2026-01-24T14:35:46+00:00","article_modified_time":"2026-01-24T14:35:47+00:00","og_image":[{"width":731,"height":724,"url":"https:\/\/agrupacionespsoe.es\/acoruna\/wp-content\/uploads\/sites\/198\/2024\/08\/PSdeG-cubo.jpg","type":"image\/jpeg"}],"author":"Olympia M\u00e9ndez","twitter_card":"summary_large_image","twitter_misc":{"Escrito por":"Olympia M\u00e9ndez","Tiempo de lectura":"3 minutos"},"schema":{"@context":"https:\/\/schema.org","@graph":[{"@type":"Article","@id":"https:\/\/agrupacionespsoe.es\/acoruna\/o-psoe-provincial-da-coruna-reunira-este-xoves-ao-consello-de-alcaldes-e-alcaldesas-para-analizar-o-afogo-economico-dos-concellos\/#article","isPartOf":{"@id":"https:\/\/agrupacionespsoe.es\/acoruna\/o-psoe-provincial-da-coruna-reunira-este-xoves-ao-consello-de-alcaldes-e-alcaldesas-para-analizar-o-afogo-economico-dos-concellos\/"},"author":{"name":"Olympia M\u00e9ndez","@id":"https:\/\/agrupacionespsoe.es\/acoruna\/#\/schema\/person\/dbf2b36187b136d06a53f7937d5d5af9"},"headline":"O PSOE provincial da Coru\u00f1a reunir\u00e1 este xoves ao Consello de Alcaldes e Alcaldesas para analizar o &#8220;afogo econ\u00f3mico dos concellos&#8221;","datePublished":"2026-01-24T14:35:46+00:00","dateModified":"2026-01-24T14:35:47+00:00","mainEntityOfPage":{"@id":"https:\/\/agrupacionespsoe.es\/acoruna\/o-psoe-provincial-da-coruna-reunira-este-xoves-ao-consello-de-alcaldes-e-alcaldesas-para-analizar-o-afogo-economico-dos-concellos\/"},"wordCount":562,"commentCount":0,"publisher":{"@id":"https:\/\/agrupacionespsoe.es\/acoruna\/#organization"},"image":{"@id":"https:\/\/agrupacionespsoe.es\/acoruna\/o-psoe-provincial-da-coruna-reunira-este-xoves-ao-consello-de-alcaldes-e-alcaldesas-para-analizar-o-afogo-economico-dos-concellos\/#primaryimage"},"thumbnailUrl":"https:\/\/agrupacionespsoe.es\/acoruna\/wp-content\/uploads\/sites\/198\/2024\/08\/PSdeG-cubo.jpg","keywords":["Agrupaci\u00f3n Provincial da Coru\u00f1a","Bernardo Fern\u00e1ndez","Concello","Cooperaci\u00f3n Local","Econom\u00eda","Pol\u00edtica Municipal","PSdeG-PSOE","SAF","Socialistas","Transparencia"],"articleSection":["Agrupaci\u00f3n Provincial da Coru\u00f1a","Pol\u00edtica Municipal"],"inLanguage":"es","potentialAction":[{"@type":"CommentAction","name":"Comment","target":["https:\/\/agrupacionespsoe.es\/acoruna\/o-psoe-provincial-da-coruna-reunira-este-xoves-ao-consello-de-alcaldes-e-alcaldesas-para-analizar-o-afogo-economico-dos-concellos\/#respond"]}]},{"@type":"WebPage","@id":"https:\/\/agrupacionespsoe.es\/acoruna\/o-psoe-provincial-da-coruna-reunira-este-xoves-ao-consello-de-alcaldes-e-alcaldesas-para-analizar-o-afogo-economico-dos-concellos\/","url":"https:\/\/agrupacionespsoe.es\/acoruna\/o-psoe-provincial-da-coruna-reunira-este-xoves-ao-consello-de-alcaldes-e-alcaldesas-para-analizar-o-afogo-economico-dos-concellos\/","name":"O PSOE provincial da Coru\u00f1a reunir\u00e1 este xoves ao Consello de Alcaldes e Alcaldesas para analizar o \"afogo econ\u00f3mico dos concellos\" - Agrupaci\u00f3n Provincial da Coru\u00f1a PSOE","isPartOf":{"@id":"https:\/\/agrupacionespsoe.es\/acoruna\/#website"},"primaryImageOfPage":{"@id":"https:\/\/agrupacionespsoe.es\/acoruna\/o-psoe-provincial-da-coruna-reunira-este-xoves-ao-consello-de-alcaldes-e-alcaldesas-para-analizar-o-afogo-economico-dos-concellos\/#primaryimage"},"image":{"@id":"https:\/\/agrupacionespsoe.es\/acoruna\/o-psoe-provincial-da-coruna-reunira-este-xoves-ao-consello-de-alcaldes-e-alcaldesas-para-analizar-o-afogo-economico-dos-concellos\/#primaryimage"},"thumbnailUrl":"https:\/\/agrupacionespsoe.es\/acoruna\/wp-content\/uploads\/sites\/198\/2024\/08\/PSdeG-cubo.jpg","datePublished":"2026-01-24T14:35:46+00:00","dateModified":"2026-01-24T14:35:47+00:00","description":"Os socialistas denuncian a \u201ccrecente imposici\u00f3n de competencias impropias sen financiamento suficiente\u201d e reclaman \u00e1 Xunta un reparto de recursos con criterios \u201cobxectivos e transparentes\u201d.","breadcrumb":{"@id":"https:\/\/agrupacionespsoe.es\/acoruna\/o-psoe-provincial-da-coruna-reunira-este-xoves-ao-consello-de-alcaldes-e-alcaldesas-para-analizar-o-afogo-economico-dos-concellos\/#breadcrumb"},"inLanguage":"es","potentialAction":[{"@type":"ReadAction","target":["https:\/\/agrupacionespsoe.es\/acoruna\/o-psoe-provincial-da-coruna-reunira-este-xoves-ao-consello-de-alcaldes-e-alcaldesas-para-analizar-o-afogo-economico-dos-concellos\/"]}]},{"@type":"ImageObject","inLanguage":"es","@id":"https:\/\/agrupacionespsoe.es\/acoruna\/o-psoe-provincial-da-coruna-reunira-este-xoves-ao-consello-de-alcaldes-e-alcaldesas-para-analizar-o-afogo-economico-dos-concellos\/#primaryimage","url":"https:\/\/agrupacionespsoe.es\/acoruna\/wp-content\/uploads\/sites\/198\/2024\/08\/PSdeG-cubo.jpg","contentUrl":"https:\/\/agrupacionespsoe.es\/acoruna\/wp-content\/uploads\/sites\/198\/2024\/08\/PSdeG-cubo.jpg","width":731,"height":724},{"@type":"BreadcrumbList","@id":"https:\/\/agrupacionespsoe.es\/acoruna\/o-psoe-provincial-da-coruna-reunira-este-xoves-ao-consello-de-alcaldes-e-alcaldesas-para-analizar-o-afogo-economico-dos-concellos\/#breadcrumb","itemListElement":[{"@type":"ListItem","position":1,"name":"Portada","item":"https:\/\/agrupacionespsoe.es\/acoruna\/"},{"@type":"ListItem","position":2,"name":"O PSOE provincial da Coru\u00f1a reunir\u00e1 este xoves ao Consello de Alcaldes e Alcaldesas para analizar o \u00abafogo econ\u00f3mico dos concellos\u00bb"}]},{"@type":"WebSite","@id":"https:\/\/agrupacionespsoe.es\/acoruna\/#website","url":"https:\/\/agrupacionespsoe.es\/acoruna\/","name":"Agrupaci\u00f3n Provincial da Coru\u00f1a PSOE","description":"Provincial PSdeG-PSOE da Coru\u00f1a","publisher":{"@id":"https:\/\/agrupacionespsoe.es\/acoruna\/#organization"},"potentialAction":[{"@type":"SearchAction","target":{"@type":"EntryPoint","urlTemplate":"https:\/\/agrupacionespsoe.es\/acoruna\/?s={search_term_string}"},"query-input":{"@type":"PropertyValueSpecification","valueRequired":true,"valueName":"search_term_string"}}],"inLanguage":"es"},{"@type":"Organization","@id":"https:\/\/agrupacionespsoe.es\/acoruna\/#organization","name":"Agrupaci\u00f3n Provincial da Coru\u00f1a PSOE","url":"https:\/\/agrupacionespsoe.es\/acoruna\/","logo":{"@type":"ImageObject","inLanguage":"es","@id":"https:\/\/agrupacionespsoe.es\/acoruna\/#\/schema\/logo\/image\/","url":"https:\/\/agrupacionespsoe.es\/wp-content\/uploads\/2022\/07\/Logotipo_electoral_del_PSOE.png","contentUrl":"https:\/\/agrupacionespsoe.es\/wp-content\/uploads\/2022\/07\/Logotipo_electoral_del_PSOE.png","width":422,"height":422,"caption":"Agrupaci\u00f3n Provincial da Coru\u00f1a PSOE"},"image":{"@id":"https:\/\/agrupacionespsoe.es\/acoruna\/#\/schema\/logo\/image\/"}},{"@type":"Person","@id":"https:\/\/agrupacionespsoe.es\/acoruna\/#\/schema\/person\/dbf2b36187b136d06a53f7937d5d5af9","name":"Olympia M\u00e9ndez","image":{"@type":"ImageObject","inLanguage":"es","@id":"https:\/\/agrupacionespsoe.es\/acoruna\/#\/schema\/person\/image\/","url":"https:\/\/secure.gravatar.com\/avatar\/12db1fb8bfe20deb7a2d4ddc95b9042b?s=96&d=mm&r=g","contentUrl":"https:\/\/secure.gravatar.com\/avatar\/12db1fb8bfe20deb7a2d4ddc95b9042b?s=96&d=mm&r=g","caption":"Olympia M\u00e9ndez"},"url":"https:\/\/agrupacionespsoe.es\/acoruna\/author\/acoruna2\/"}]}},"jetpack_featured_media_url":"https:\/\/agrupacionespsoe.es\/acoruna\/wp-content\/uploads\/sites\/198\/2024\/08\/PSdeG-cubo.jpg","jetpack_sharing_enabled":true,"jetpack_likes_enabled":true,"_links":{"self":[{"href":"https:\/\/agrupacionespsoe.es\/acoruna\/wp-json\/wp\/v2\/posts\/2661","targetHints":{"allow":["GET"]}}],"collection":[{"href":"https:\/\/agrupacionespsoe.es\/acoruna\/wp-json\/wp\/v2\/posts"}],"about":[{"href":"https:\/\/agrupacionespsoe.es\/acoruna\/wp-json\/wp\/v2\/types\/post"}],"author":[{"embeddable":true,"href":"https:\/\/agrupacionespsoe.es\/acoruna\/wp-json\/wp\/v2\/users\/282"}],"replies":[{"embeddable":true,"href":"https:\/\/agrupacionespsoe.es\/acoruna\/wp-json\/wp\/v2\/comments?post=2661"}],"version-history":[{"count":2,"href":"https:\/\/agrupacionespsoe.es\/acoruna\/wp-json\/wp\/v2\/posts\/2661\/revisions"}],"predecessor-version":[{"id":2663,"href":"https:\/\/agrupacionespsoe.es\/acoruna\/wp-json\/wp\/v2\/posts\/2661\/revisions\/2663"}],"wp:featuredmedia":[{"embeddable":true,"href":"https:\/\/agrupacionespsoe.es\/acoruna\/wp-json\/wp\/v2\/media\/791"}],"wp:attachment":[{"href":"https:\/\/agrupacionespsoe.es\/acoruna\/wp-json\/wp\/v2\/media?parent=2661"}],"wp:term":[{"taxonomy":"category","embeddable":true,"href":"https:\/\/agrupacionespsoe.es\/acoruna\/wp-json\/wp\/v2\/categories?post=2661"},{"taxonomy":"post_tag","embeddable":true,"href":"https:\/\/agrupacionespsoe.es\/acoruna\/wp-json\/wp\/v2\/tags?post=2661"}],"curies":[{"name":"wp","href":"https:\/\/api.w.org\/{rel}","templated":true}]}}