{"id":2636,"date":"2026-01-22T13:50:36","date_gmt":"2026-01-22T12:50:36","guid":{"rendered":"https:\/\/agrupacionespsoe.es\/acoruna\/?p=2636"},"modified":"2026-01-22T13:50:37","modified_gmt":"2026-01-22T12:50:37","slug":"o-psdeg-esixe-a-xunta-corrixir-as-deficiencias-nas-linas-de-transporte-publico-de-betanzos","status":"publish","type":"post","link":"https:\/\/agrupacionespsoe.es\/acoruna\/o-psdeg-esixe-a-xunta-corrixir-as-deficiencias-nas-linas-de-transporte-publico-de-betanzos\/","title":{"rendered":"O PSdeG esixe \u00e1 Xunta corrixir as deficiencias nas li\u00f1as de transporte p\u00fablico de Betanzos"},"content":{"rendered":"\n<ul class=\"wp-block-list\">\n<li><strong>Silvia Longueira reclama no Parlamento galego que se inspeccionen e corrixan as incidencias e que se repo\u00f1an as frecuencias eliminadas<\/strong><\/li>\n<\/ul>\n\n\n\n<section class=\"wp-block-psoe-separador bg-primary px-2\"><hr class=\"color-white bg-white opacity-1 h-[1px] w-full\" \/><\/section>\n\n\n\n<p class=\"has-medium-font-size\">O PSdeG-PSOE denuncia no Parlamento de Galicia as deficiencias nas li\u00f1as de autob\u00fas de Betanzos, reclamando que se investiguen as causas das incidencias rexistradas e que se repo\u00f1an as frecuencias eliminadas.<\/p>\n\n\n\n<p class=\"has-medium-font-size\">&#8220;As veci\u00f1as e veci\u00f1os de Betanzos seguen a padecer as deficiencias, un d\u00eda tras outro, do transporte p\u00fablico&#8221;, afirma a parlamentaria socialista Silvia Longueira. Enumera &#8220;horarios que non existen e aparecen como tal, buses que rematan a s\u00faa capacidade e deixa na r\u00faa \u00e1 maior parte daqueles que est\u00e1n \u00e1 cola para subirse ao autob\u00fas&#8221; entre outras problem\u00e1ticas.<\/p>\n\n\n\n<p class=\"has-medium-font-size\">Por estas raz\u00f3ns, os veci\u00f1os e veci\u00f1as de Betanzos &#8220;non poden chegar no seu horario \u00f3s traballos, non poden chegar no seu horario \u00f3s compromisos m\u00e9dicos, non poden chegar no seu horario a calquera das situaci\u00f3ns que te\u00f1an que resolver d\u00eda a d\u00eda&#8221;, lamenta Longueira.<\/p>\n\n\n\n<p class=\"has-medium-font-size\">A socialista explica que ante isto vense obrigadas e obrigados a &#8220;organizarse entre os propios viaxeiros para poder desprazarse ou ben a Betanzos, ou ben \u00e1 Coru\u00f1a, ou ben a Ferrol&#8221;, dependendo as\u00ed &#8220;da amabilidade dos estranos&#8221;. &#8220;\u00c9 un aut\u00e9ntico caos que segue asolagar a toda a cabeceira de comarca en Betanzos&#8221;, engade.<\/p>\n\n\n\n<p class=\"has-medium-font-size\">&#8220;Por estes motivos, o Grupo Parlamentario Socialista insta \u00e1 Xunta a inspeccionar as incidencias da li\u00f1a de autobuses A Coru\u00f1a \u2013 Betanzos, dando conta a esta c\u00e1mara, no prazo dun mes, dos retrasos e anulaci\u00f3ns de servizos de transporte&#8221;, anuncia a deputada.<\/p>\n\n\n\n<p class=\"has-medium-font-size\">A trav\u00e9s dunha proposici\u00f3n non de lei tam\u00e9n instan a repo\u00f1er de inmediato as frecuencias de autob\u00fas da li\u00f1a A Coru\u00f1a \u2013 Betanzos nos tramo horario de maior frecuencia para acudir e retornar ao traballo entre ambas poboaci\u00f3ns.<\/p>\n\n\n\n<section class=\"wp-block-psoe-separador bg-primary px-2\"><hr class=\"color-white bg-white opacity-1 h-[1px] w-full\" \/><\/section>\n\n\n\n<figure class=\"wp-block-video\"><video controls src=\"https:\/\/agrupacionespsoe.es\/acoruna\/wp-content\/uploads\/sites\/198\/2026\/01\/Silvia-Longueira-audio-Betanzos.mp4\"><\/video><figcaption class=\"wp-element-caption\">Silvia Longueira &#8211; Transportes Betanzos &#8211; xan26<\/figcaption><\/figure>\n","protected":false},"excerpt":{"rendered":"<p>O PSdeG-PSOE denuncia no Parlamento de Galicia as deficiencias nas li\u00f1as de autob\u00fas de Betanzos, reclamando que se investiguen as causas das incidencias rexistradas e que se repo\u00f1an as frecuencias eliminadas. &#8220;As veci\u00f1as e veci\u00f1os de Betanzos seguen a padecer as deficiencias, un d\u00eda tras outro, do transporte p\u00fablico&#8221;, afirma a parlamentaria socialista Silvia Longueira. &#8230;<\/p>\n","protected":false},"author":282,"featured_media":2638,"comment_status":"open","ping_status":"open","sticky":false,"template":"","format":"standard","meta":{"_jetpack_memberships_contains_paid_content":false,"footnotes":""},"categories":[477,68,189],"tags":[339,295,185,635,50,22,285,633,583,159],"class_list":["post-2636","post","type-post","status-publish","format-standard","has-post-thumbnail","hentry","category-betanzos","category-parlamento-de-galicia","category-transporte","tag-a-coruna","tag-betanzos","tag-ferrol","tag-marinas-betanceiras","tag-parlamento-de-galicia","tag-psdeg-psoe","tag-silvia-longueira","tag-transporte-metropolitano","tag-transportes","tag-xunta-de-galicia"],"yoast_head":"<!-- This site is optimized with the Yoast SEO plugin v24.0 - https:\/\/yoast.com\/wordpress\/plugins\/seo\/ -->\n<title>O PSdeG esixe \u00e1 Xunta corrixir as deficiencias nas li\u00f1as de transporte p\u00fablico de Betanzos - Agrupaci\u00f3n Provincial da Coru\u00f1a PSOE<\/title>\n<meta name=\"description\" content=\"Silvia Longueira reclama no Parlamento galego que se inspeccionen e corrixan as incidencias e que se repo\u00f1an as frecuencias eliminadas.\" \/>\n<meta name=\"robots\" content=\"index, follow, max-snippet:-1, max-image-preview:large, max-video-preview:-1\" \/>\n<link rel=\"canonical\" href=\"https:\/\/agrupacionespsoe.es\/acoruna\/o-psdeg-esixe-a-xunta-corrixir-as-deficiencias-nas-linas-de-transporte-publico-de-betanzos\/\" \/>\n<meta property=\"og:locale\" content=\"es_ES\" \/>\n<meta property=\"og:type\" content=\"article\" \/>\n<meta property=\"og:title\" content=\"O PSdeG esixe \u00e1 Xunta corrixir as deficiencias nas li\u00f1as de transporte p\u00fablico de Betanzos - Agrupaci\u00f3n Provincial da Coru\u00f1a PSOE\" \/>\n<meta property=\"og:description\" content=\"Silvia Longueira reclama no Parlamento galego que se inspeccionen e corrixan as incidencias e que se repo\u00f1an as frecuencias eliminadas.\" \/>\n<meta property=\"og:url\" content=\"https:\/\/agrupacionespsoe.es\/acoruna\/o-psdeg-esixe-a-xunta-corrixir-as-deficiencias-nas-linas-de-transporte-publico-de-betanzos\/\" \/>\n<meta property=\"og:site_name\" content=\"Agrupaci\u00f3n Provincial da Coru\u00f1a PSOE\" \/>\n<meta property=\"article:published_time\" content=\"2026-01-22T12:50:36+00:00\" \/>\n<meta property=\"article:modified_time\" content=\"2026-01-22T12:50:37+00:00\" \/>\n<meta property=\"og:image\" content=\"https:\/\/agrupacionespsoe.es\/acoruna\/wp-content\/uploads\/sites\/198\/2026\/01\/PSOE-BETANZOS-22-de-xaneiro.jpeg\" \/>\n\t<meta property=\"og:image:width\" content=\"1024\" \/>\n\t<meta property=\"og:image:height\" content=\"683\" \/>\n\t<meta property=\"og:image:type\" content=\"image\/jpeg\" \/>\n<meta name=\"author\" content=\"Olympia M\u00e9ndez\" \/>\n<meta name=\"twitter:card\" content=\"summary_large_image\" \/>\n<meta name=\"twitter:label1\" content=\"Escrito por\" \/>\n\t<meta name=\"twitter:data1\" content=\"Olympia M\u00e9ndez\" \/>\n\t<meta name=\"twitter:label2\" content=\"Tiempo de lectura\" \/>\n\t<meta name=\"twitter:data2\" content=\"2 minutos\" \/>\n<script type=\"application\/ld+json\" class=\"yoast-schema-graph\">{\"@context\":\"https:\/\/schema.org\",\"@graph\":[{\"@type\":\"Article\",\"@id\":\"https:\/\/agrupacionespsoe.es\/acoruna\/o-psdeg-esixe-a-xunta-corrixir-as-deficiencias-nas-linas-de-transporte-publico-de-betanzos\/#article\",\"isPartOf\":{\"@id\":\"https:\/\/agrupacionespsoe.es\/acoruna\/o-psdeg-esixe-a-xunta-corrixir-as-deficiencias-nas-linas-de-transporte-publico-de-betanzos\/\"},\"author\":{\"name\":\"Olympia M\u00e9ndez\",\"@id\":\"https:\/\/agrupacionespsoe.es\/acoruna\/#\/schema\/person\/dbf2b36187b136d06a53f7937d5d5af9\"},\"headline\":\"O PSdeG esixe \u00e1 Xunta corrixir as deficiencias nas li\u00f1as de transporte p\u00fablico de Betanzos\",\"datePublished\":\"2026-01-22T12:50:36+00:00\",\"dateModified\":\"2026-01-22T12:50:37+00:00\",\"mainEntityOfPage\":{\"@id\":\"https:\/\/agrupacionespsoe.es\/acoruna\/o-psdeg-esixe-a-xunta-corrixir-as-deficiencias-nas-linas-de-transporte-publico-de-betanzos\/\"},\"wordCount\":338,\"commentCount\":0,\"publisher\":{\"@id\":\"https:\/\/agrupacionespsoe.es\/acoruna\/#organization\"},\"image\":{\"@id\":\"https:\/\/agrupacionespsoe.es\/acoruna\/o-psdeg-esixe-a-xunta-corrixir-as-deficiencias-nas-linas-de-transporte-publico-de-betanzos\/#primaryimage\"},\"thumbnailUrl\":\"https:\/\/agrupacionespsoe.es\/acoruna\/wp-content\/uploads\/sites\/198\/2026\/01\/PSOE-BETANZOS-22-de-xaneiro.jpeg\",\"keywords\":[\"A Coru\u00f1a\",\"Betanzos\",\"Ferrol\",\"Mari\u00f1as Betanceiras\",\"Parlamento de Galicia\",\"PSdeG-PSOE\",\"Silvia Longueira\",\"Transporte metropolitano\",\"Transportes\",\"Xunta de Galicia\"],\"articleSection\":[\"Betanzos\",\"Parlamento de Galicia\",\"Transporte\"],\"inLanguage\":\"es\",\"potentialAction\":[{\"@type\":\"CommentAction\",\"name\":\"Comment\",\"target\":[\"https:\/\/agrupacionespsoe.es\/acoruna\/o-psdeg-esixe-a-xunta-corrixir-as-deficiencias-nas-linas-de-transporte-publico-de-betanzos\/#respond\"]}]},{\"@type\":\"WebPage\",\"@id\":\"https:\/\/agrupacionespsoe.es\/acoruna\/o-psdeg-esixe-a-xunta-corrixir-as-deficiencias-nas-linas-de-transporte-publico-de-betanzos\/\",\"url\":\"https:\/\/agrupacionespsoe.es\/acoruna\/o-psdeg-esixe-a-xunta-corrixir-as-deficiencias-nas-linas-de-transporte-publico-de-betanzos\/\",\"name\":\"O PSdeG esixe \u00e1 Xunta corrixir as deficiencias nas li\u00f1as de transporte p\u00fablico de Betanzos - Agrupaci\u00f3n Provincial da Coru\u00f1a PSOE\",\"isPartOf\":{\"@id\":\"https:\/\/agrupacionespsoe.es\/acoruna\/#website\"},\"primaryImageOfPage\":{\"@id\":\"https:\/\/agrupacionespsoe.es\/acoruna\/o-psdeg-esixe-a-xunta-corrixir-as-deficiencias-nas-linas-de-transporte-publico-de-betanzos\/#primaryimage\"},\"image\":{\"@id\":\"https:\/\/agrupacionespsoe.es\/acoruna\/o-psdeg-esixe-a-xunta-corrixir-as-deficiencias-nas-linas-de-transporte-publico-de-betanzos\/#primaryimage\"},\"thumbnailUrl\":\"https:\/\/agrupacionespsoe.es\/acoruna\/wp-content\/uploads\/sites\/198\/2026\/01\/PSOE-BETANZOS-22-de-xaneiro.jpeg\",\"datePublished\":\"2026-01-22T12:50:36+00:00\",\"dateModified\":\"2026-01-22T12:50:37+00:00\",\"description\":\"Silvia Longueira reclama no Parlamento galego que se inspeccionen e corrixan as incidencias e que se repo\u00f1an as frecuencias eliminadas.\",\"breadcrumb\":{\"@id\":\"https:\/\/agrupacionespsoe.es\/acoruna\/o-psdeg-esixe-a-xunta-corrixir-as-deficiencias-nas-linas-de-transporte-publico-de-betanzos\/#breadcrumb\"},\"inLanguage\":\"es\",\"potentialAction\":[{\"@type\":\"ReadAction\",\"target\":[\"https:\/\/agrupacionespsoe.es\/acoruna\/o-psdeg-esixe-a-xunta-corrixir-as-deficiencias-nas-linas-de-transporte-publico-de-betanzos\/\"]}]},{\"@type\":\"ImageObject\",\"inLanguage\":\"es\",\"@id\":\"https:\/\/agrupacionespsoe.es\/acoruna\/o-psdeg-esixe-a-xunta-corrixir-as-deficiencias-nas-linas-de-transporte-publico-de-betanzos\/#primaryimage\",\"url\":\"https:\/\/agrupacionespsoe.es\/acoruna\/wp-content\/uploads\/sites\/198\/2026\/01\/PSOE-BETANZOS-22-de-xaneiro.jpeg\",\"contentUrl\":\"https:\/\/agrupacionespsoe.es\/acoruna\/wp-content\/uploads\/sites\/198\/2026\/01\/PSOE-BETANZOS-22-de-xaneiro.jpeg\",\"width\":1024,\"height\":683},{\"@type\":\"BreadcrumbList\",\"@id\":\"https:\/\/agrupacionespsoe.es\/acoruna\/o-psdeg-esixe-a-xunta-corrixir-as-deficiencias-nas-linas-de-transporte-publico-de-betanzos\/#breadcrumb\",\"itemListElement\":[{\"@type\":\"ListItem\",\"position\":1,\"name\":\"Portada\",\"item\":\"https:\/\/agrupacionespsoe.es\/acoruna\/\"},{\"@type\":\"ListItem\",\"position\":2,\"name\":\"O PSdeG esixe \u00e1 Xunta corrixir as deficiencias nas li\u00f1as de transporte p\u00fablico de Betanzos\"}]},{\"@type\":\"WebSite\",\"@id\":\"https:\/\/agrupacionespsoe.es\/acoruna\/#website\",\"url\":\"https:\/\/agrupacionespsoe.es\/acoruna\/\",\"name\":\"Agrupaci\u00f3n Provincial da Coru\u00f1a PSOE\",\"description\":\"Provincial PSdeG-PSOE da Coru\u00f1a\",\"publisher\":{\"@id\":\"https:\/\/agrupacionespsoe.es\/acoruna\/#organization\"},\"potentialAction\":[{\"@type\":\"SearchAction\",\"target\":{\"@type\":\"EntryPoint\",\"urlTemplate\":\"https:\/\/agrupacionespsoe.es\/acoruna\/?s={search_term_string}\"},\"query-input\":{\"@type\":\"PropertyValueSpecification\",\"valueRequired\":true,\"valueName\":\"search_term_string\"}}],\"inLanguage\":\"es\"},{\"@type\":\"Organization\",\"@id\":\"https:\/\/agrupacionespsoe.es\/acoruna\/#organization\",\"name\":\"Agrupaci\u00f3n Provincial da Coru\u00f1a PSOE\",\"url\":\"https:\/\/agrupacionespsoe.es\/acoruna\/\",\"logo\":{\"@type\":\"ImageObject\",\"inLanguage\":\"es\",\"@id\":\"https:\/\/agrupacionespsoe.es\/acoruna\/#\/schema\/logo\/image\/\",\"url\":\"https:\/\/agrupacionespsoe.es\/wp-content\/uploads\/2022\/07\/Logotipo_electoral_del_PSOE.png\",\"contentUrl\":\"https:\/\/agrupacionespsoe.es\/wp-content\/uploads\/2022\/07\/Logotipo_electoral_del_PSOE.png\",\"width\":422,\"height\":422,\"caption\":\"Agrupaci\u00f3n Provincial da Coru\u00f1a PSOE\"},\"image\":{\"@id\":\"https:\/\/agrupacionespsoe.es\/acoruna\/#\/schema\/logo\/image\/\"}},{\"@type\":\"Person\",\"@id\":\"https:\/\/agrupacionespsoe.es\/acoruna\/#\/schema\/person\/dbf2b36187b136d06a53f7937d5d5af9\",\"name\":\"Olympia M\u00e9ndez\",\"image\":{\"@type\":\"ImageObject\",\"inLanguage\":\"es\",\"@id\":\"https:\/\/agrupacionespsoe.es\/acoruna\/#\/schema\/person\/image\/\",\"url\":\"https:\/\/secure.gravatar.com\/avatar\/12db1fb8bfe20deb7a2d4ddc95b9042b?s=96&d=mm&r=g\",\"contentUrl\":\"https:\/\/secure.gravatar.com\/avatar\/12db1fb8bfe20deb7a2d4ddc95b9042b?s=96&d=mm&r=g\",\"caption\":\"Olympia M\u00e9ndez\"},\"url\":\"https:\/\/agrupacionespsoe.es\/acoruna\/author\/acoruna2\/\"}]}<\/script>\n<!-- \/ Yoast SEO plugin. -->","yoast_head_json":{"title":"O PSdeG esixe \u00e1 Xunta corrixir as deficiencias nas li\u00f1as de transporte p\u00fablico de Betanzos - Agrupaci\u00f3n Provincial da Coru\u00f1a PSOE","description":"Silvia Longueira reclama no Parlamento galego que se inspeccionen e corrixan as incidencias e que se repo\u00f1an as frecuencias eliminadas.","robots":{"index":"index","follow":"follow","max-snippet":"max-snippet:-1","max-image-preview":"max-image-preview:large","max-video-preview":"max-video-preview:-1"},"canonical":"https:\/\/agrupacionespsoe.es\/acoruna\/o-psdeg-esixe-a-xunta-corrixir-as-deficiencias-nas-linas-de-transporte-publico-de-betanzos\/","og_locale":"es_ES","og_type":"article","og_title":"O PSdeG esixe \u00e1 Xunta corrixir as deficiencias nas li\u00f1as de transporte p\u00fablico de Betanzos - Agrupaci\u00f3n Provincial da Coru\u00f1a PSOE","og_description":"Silvia Longueira reclama no Parlamento galego que se inspeccionen e corrixan as incidencias e que se repo\u00f1an as frecuencias eliminadas.","og_url":"https:\/\/agrupacionespsoe.es\/acoruna\/o-psdeg-esixe-a-xunta-corrixir-as-deficiencias-nas-linas-de-transporte-publico-de-betanzos\/","og_site_name":"Agrupaci\u00f3n Provincial da Coru\u00f1a PSOE","article_published_time":"2026-01-22T12:50:36+00:00","article_modified_time":"2026-01-22T12:50:37+00:00","og_image":[{"width":1024,"height":683,"url":"https:\/\/agrupacionespsoe.es\/acoruna\/wp-content\/uploads\/sites\/198\/2026\/01\/PSOE-BETANZOS-22-de-xaneiro.jpeg","type":"image\/jpeg"}],"author":"Olympia M\u00e9ndez","twitter_card":"summary_large_image","twitter_misc":{"Escrito por":"Olympia M\u00e9ndez","Tiempo de lectura":"2 minutos"},"schema":{"@context":"https:\/\/schema.org","@graph":[{"@type":"Article","@id":"https:\/\/agrupacionespsoe.es\/acoruna\/o-psdeg-esixe-a-xunta-corrixir-as-deficiencias-nas-linas-de-transporte-publico-de-betanzos\/#article","isPartOf":{"@id":"https:\/\/agrupacionespsoe.es\/acoruna\/o-psdeg-esixe-a-xunta-corrixir-as-deficiencias-nas-linas-de-transporte-publico-de-betanzos\/"},"author":{"name":"Olympia M\u00e9ndez","@id":"https:\/\/agrupacionespsoe.es\/acoruna\/#\/schema\/person\/dbf2b36187b136d06a53f7937d5d5af9"},"headline":"O PSdeG esixe \u00e1 Xunta corrixir as deficiencias nas li\u00f1as de transporte p\u00fablico de Betanzos","datePublished":"2026-01-22T12:50:36+00:00","dateModified":"2026-01-22T12:50:37+00:00","mainEntityOfPage":{"@id":"https:\/\/agrupacionespsoe.es\/acoruna\/o-psdeg-esixe-a-xunta-corrixir-as-deficiencias-nas-linas-de-transporte-publico-de-betanzos\/"},"wordCount":338,"commentCount":0,"publisher":{"@id":"https:\/\/agrupacionespsoe.es\/acoruna\/#organization"},"image":{"@id":"https:\/\/agrupacionespsoe.es\/acoruna\/o-psdeg-esixe-a-xunta-corrixir-as-deficiencias-nas-linas-de-transporte-publico-de-betanzos\/#primaryimage"},"thumbnailUrl":"https:\/\/agrupacionespsoe.es\/acoruna\/wp-content\/uploads\/sites\/198\/2026\/01\/PSOE-BETANZOS-22-de-xaneiro.jpeg","keywords":["A Coru\u00f1a","Betanzos","Ferrol","Mari\u00f1as Betanceiras","Parlamento de Galicia","PSdeG-PSOE","Silvia Longueira","Transporte metropolitano","Transportes","Xunta de Galicia"],"articleSection":["Betanzos","Parlamento de Galicia","Transporte"],"inLanguage":"es","potentialAction":[{"@type":"CommentAction","name":"Comment","target":["https:\/\/agrupacionespsoe.es\/acoruna\/o-psdeg-esixe-a-xunta-corrixir-as-deficiencias-nas-linas-de-transporte-publico-de-betanzos\/#respond"]}]},{"@type":"WebPage","@id":"https:\/\/agrupacionespsoe.es\/acoruna\/o-psdeg-esixe-a-xunta-corrixir-as-deficiencias-nas-linas-de-transporte-publico-de-betanzos\/","url":"https:\/\/agrupacionespsoe.es\/acoruna\/o-psdeg-esixe-a-xunta-corrixir-as-deficiencias-nas-linas-de-transporte-publico-de-betanzos\/","name":"O PSdeG esixe \u00e1 Xunta corrixir as deficiencias nas li\u00f1as de transporte p\u00fablico de Betanzos - Agrupaci\u00f3n Provincial da Coru\u00f1a PSOE","isPartOf":{"@id":"https:\/\/agrupacionespsoe.es\/acoruna\/#website"},"primaryImageOfPage":{"@id":"https:\/\/agrupacionespsoe.es\/acoruna\/o-psdeg-esixe-a-xunta-corrixir-as-deficiencias-nas-linas-de-transporte-publico-de-betanzos\/#primaryimage"},"image":{"@id":"https:\/\/agrupacionespsoe.es\/acoruna\/o-psdeg-esixe-a-xunta-corrixir-as-deficiencias-nas-linas-de-transporte-publico-de-betanzos\/#primaryimage"},"thumbnailUrl":"https:\/\/agrupacionespsoe.es\/acoruna\/wp-content\/uploads\/sites\/198\/2026\/01\/PSOE-BETANZOS-22-de-xaneiro.jpeg","datePublished":"2026-01-22T12:50:36+00:00","dateModified":"2026-01-22T12:50:37+00:00","description":"Silvia Longueira reclama no Parlamento galego que se inspeccionen e corrixan as incidencias e que se repo\u00f1an as frecuencias eliminadas.","breadcrumb":{"@id":"https:\/\/agrupacionespsoe.es\/acoruna\/o-psdeg-esixe-a-xunta-corrixir-as-deficiencias-nas-linas-de-transporte-publico-de-betanzos\/#breadcrumb"},"inLanguage":"es","potentialAction":[{"@type":"ReadAction","target":["https:\/\/agrupacionespsoe.es\/acoruna\/o-psdeg-esixe-a-xunta-corrixir-as-deficiencias-nas-linas-de-transporte-publico-de-betanzos\/"]}]},{"@type":"ImageObject","inLanguage":"es","@id":"https:\/\/agrupacionespsoe.es\/acoruna\/o-psdeg-esixe-a-xunta-corrixir-as-deficiencias-nas-linas-de-transporte-publico-de-betanzos\/#primaryimage","url":"https:\/\/agrupacionespsoe.es\/acoruna\/wp-content\/uploads\/sites\/198\/2026\/01\/PSOE-BETANZOS-22-de-xaneiro.jpeg","contentUrl":"https:\/\/agrupacionespsoe.es\/acoruna\/wp-content\/uploads\/sites\/198\/2026\/01\/PSOE-BETANZOS-22-de-xaneiro.jpeg","width":1024,"height":683},{"@type":"BreadcrumbList","@id":"https:\/\/agrupacionespsoe.es\/acoruna\/o-psdeg-esixe-a-xunta-corrixir-as-deficiencias-nas-linas-de-transporte-publico-de-betanzos\/#breadcrumb","itemListElement":[{"@type":"ListItem","position":1,"name":"Portada","item":"https:\/\/agrupacionespsoe.es\/acoruna\/"},{"@type":"ListItem","position":2,"name":"O PSdeG esixe \u00e1 Xunta corrixir as deficiencias nas li\u00f1as de transporte p\u00fablico de Betanzos"}]},{"@type":"WebSite","@id":"https:\/\/agrupacionespsoe.es\/acoruna\/#website","url":"https:\/\/agrupacionespsoe.es\/acoruna\/","name":"Agrupaci\u00f3n Provincial da Coru\u00f1a PSOE","description":"Provincial PSdeG-PSOE da Coru\u00f1a","publisher":{"@id":"https:\/\/agrupacionespsoe.es\/acoruna\/#organization"},"potentialAction":[{"@type":"SearchAction","target":{"@type":"EntryPoint","urlTemplate":"https:\/\/agrupacionespsoe.es\/acoruna\/?s={search_term_string}"},"query-input":{"@type":"PropertyValueSpecification","valueRequired":true,"valueName":"search_term_string"}}],"inLanguage":"es"},{"@type":"Organization","@id":"https:\/\/agrupacionespsoe.es\/acoruna\/#organization","name":"Agrupaci\u00f3n Provincial da Coru\u00f1a PSOE","url":"https:\/\/agrupacionespsoe.es\/acoruna\/","logo":{"@type":"ImageObject","inLanguage":"es","@id":"https:\/\/agrupacionespsoe.es\/acoruna\/#\/schema\/logo\/image\/","url":"https:\/\/agrupacionespsoe.es\/wp-content\/uploads\/2022\/07\/Logotipo_electoral_del_PSOE.png","contentUrl":"https:\/\/agrupacionespsoe.es\/wp-content\/uploads\/2022\/07\/Logotipo_electoral_del_PSOE.png","width":422,"height":422,"caption":"Agrupaci\u00f3n Provincial da Coru\u00f1a PSOE"},"image":{"@id":"https:\/\/agrupacionespsoe.es\/acoruna\/#\/schema\/logo\/image\/"}},{"@type":"Person","@id":"https:\/\/agrupacionespsoe.es\/acoruna\/#\/schema\/person\/dbf2b36187b136d06a53f7937d5d5af9","name":"Olympia M\u00e9ndez","image":{"@type":"ImageObject","inLanguage":"es","@id":"https:\/\/agrupacionespsoe.es\/acoruna\/#\/schema\/person\/image\/","url":"https:\/\/secure.gravatar.com\/avatar\/12db1fb8bfe20deb7a2d4ddc95b9042b?s=96&d=mm&r=g","contentUrl":"https:\/\/secure.gravatar.com\/avatar\/12db1fb8bfe20deb7a2d4ddc95b9042b?s=96&d=mm&r=g","caption":"Olympia M\u00e9ndez"},"url":"https:\/\/agrupacionespsoe.es\/acoruna\/author\/acoruna2\/"}]}},"jetpack_featured_media_url":"https:\/\/agrupacionespsoe.es\/acoruna\/wp-content\/uploads\/sites\/198\/2026\/01\/PSOE-BETANZOS-22-de-xaneiro.jpeg","jetpack_sharing_enabled":true,"jetpack_likes_enabled":true,"_links":{"self":[{"href":"https:\/\/agrupacionespsoe.es\/acoruna\/wp-json\/wp\/v2\/posts\/2636","targetHints":{"allow":["GET"]}}],"collection":[{"href":"https:\/\/agrupacionespsoe.es\/acoruna\/wp-json\/wp\/v2\/posts"}],"about":[{"href":"https:\/\/agrupacionespsoe.es\/acoruna\/wp-json\/wp\/v2\/types\/post"}],"author":[{"embeddable":true,"href":"https:\/\/agrupacionespsoe.es\/acoruna\/wp-json\/wp\/v2\/users\/282"}],"replies":[{"embeddable":true,"href":"https:\/\/agrupacionespsoe.es\/acoruna\/wp-json\/wp\/v2\/comments?post=2636"}],"version-history":[{"count":2,"href":"https:\/\/agrupacionespsoe.es\/acoruna\/wp-json\/wp\/v2\/posts\/2636\/revisions"}],"predecessor-version":[{"id":2640,"href":"https:\/\/agrupacionespsoe.es\/acoruna\/wp-json\/wp\/v2\/posts\/2636\/revisions\/2640"}],"wp:featuredmedia":[{"embeddable":true,"href":"https:\/\/agrupacionespsoe.es\/acoruna\/wp-json\/wp\/v2\/media\/2638"}],"wp:attachment":[{"href":"https:\/\/agrupacionespsoe.es\/acoruna\/wp-json\/wp\/v2\/media?parent=2636"}],"wp:term":[{"taxonomy":"category","embeddable":true,"href":"https:\/\/agrupacionespsoe.es\/acoruna\/wp-json\/wp\/v2\/categories?post=2636"},{"taxonomy":"post_tag","embeddable":true,"href":"https:\/\/agrupacionespsoe.es\/acoruna\/wp-json\/wp\/v2\/tags?post=2636"}],"curies":[{"name":"wp","href":"https:\/\/api.w.org\/{rel}","templated":true}]}}