{"id":2631,"date":"2026-01-21T16:44:16","date_gmt":"2026-01-21T15:44:16","guid":{"rendered":"https:\/\/agrupacionespsoe.es\/acoruna\/?p=2631"},"modified":"2026-01-21T16:44:17","modified_gmt":"2026-01-21T15:44:17","slug":"o-psdeg-denuncia-do-colapso-absoluto-das-urxencias-do-hospital-arquitecto-marcide-de-ferrol","status":"publish","type":"post","link":"https:\/\/agrupacionespsoe.es\/acoruna\/o-psdeg-denuncia-do-colapso-absoluto-das-urxencias-do-hospital-arquitecto-marcide-de-ferrol\/","title":{"rendered":"O PSdeG denuncia do &#8220;colapso absoluto&#8221; das urxencias do Hospital Arquitecto Marcide de Ferrol"},"content":{"rendered":"\n<ul class=\"wp-block-list\">\n<li><strong>Aitor Bouza reclama soluci\u00f3ns no Parlamento galego ante casos como o das 40 persoas pendentes de ingreso<\/strong><\/li>\n<\/ul>\n\n\n\n<section class=\"wp-block-psoe-separador bg-primary px-2\"><hr class=\"color-white bg-white opacity-1 h-[1px] w-full\" \/><\/section>\n\n\n\n<p class=\"has-medium-font-size\">O PSdeG denuncia no Parlamento de Galicia &#8220;o colapso absoluto das urxencias do hospital Arquitecto Marcide en Ferrol, o hospital de referencia para toda a comarca&#8221;.<\/p>\n\n\n\n<p class=\"has-medium-font-size\">O parlamentario socialista Aitor Bouza sinala que &#8220;este colapso tam\u00e9n se provoca por causa dun colapso previo de atenci\u00f3n primaria&#8221;, logo de que se desen a co\u00f1ecer &#8220;noticias absolutamente aberrantes, inhumanas&#8221;.<\/p>\n\n\n\n<p class=\"has-medium-font-size\">Bouza enumera casos como os das 40 persoas &#8220;pendentes de ingreso por culpa deste colapso&#8221; ou o dunha muller que &#8220;ata que estivo agonizando, non foi atendida, non puido ser atendida&#8221; en urxencias.<\/p>\n\n\n\n<p class=\"has-medium-font-size\">Para o socialista, isto d\u00e9bese a que o centro est\u00e1 &#8220;absolutamente saturado&#8221;, calificando a situaci\u00f3n de &#8220;inconcebible&#8221; e &#8220;intolerable&#8221;. &#8220;Non se pode permitir que a nosa sanidade, un ben tan preciado como temos, a sanidade p\u00fablica galega, estea sendo acabada por parte do goberno de Rueda&#8221;, engade.<\/p>\n\n\n\n<p class=\"has-medium-font-size\">&#8220;Dende o Partido Socialista non podemos consentir esta situaci\u00f3n&#8221;, afirma, e polo tanto anuncia que vai &#8220;esixir de maneira inmediata o cese, e sen\u00f3n, a dimisi\u00f3n do xerente do Sergas polo colapso das urxencias no hospital&#8221;.<\/p>\n\n\n\n<p class=\"has-medium-font-size\">&#8220;As persoas de Ferrolterra merece unha sanidade p\u00fablica de calidade&#8221;, sinala o parlamentario. &#8220;Imos traballar por que esta situaci\u00f3n se revirta e que o colapso nunca se volva repetir, e que, polo tanto, os responsables m\u00e1ximos pol\u00edticos asuman as s\u00faas responsabilidades&#8221;, concl\u00fae.<\/p>\n\n\n\n<section class=\"wp-block-psoe-separador bg-primary px-2\"><hr class=\"color-white bg-white opacity-1 h-[1px] w-full\" \/><\/section>\n\n\n\n<figure class=\"wp-block-video\"><video controls src=\"https:\/\/agrupacionespsoe.es\/acoruna\/wp-content\/uploads\/sites\/198\/2026\/01\/Audio-Aitor-Bouza-CHUF.mp4\"><\/video><figcaption class=\"wp-element-caption\">Aitor Bouza &#8211; CHUF &#8211; xan26<\/figcaption><\/figure>\n","protected":false},"excerpt":{"rendered":"<p>O PSdeG denuncia no Parlamento de Galicia &#8220;o colapso absoluto das urxencias do hospital Arquitecto Marcide en Ferrol, o hospital de referencia para toda a comarca&#8221;. O parlamentario socialista Aitor Bouza sinala que &#8220;este colapso tam\u00e9n se provoca por causa dun colapso previo de atenci\u00f3n primaria&#8221;, logo de que se desen a co\u00f1ecer &#8220;noticias absolutamente &#8230;<\/p>\n","protected":false},"author":282,"featured_media":2497,"comment_status":"open","ping_status":"open","sticky":false,"template":"","format":"standard","meta":{"_jetpack_memberships_contains_paid_content":false,"footnotes":""},"categories":[183,68,89],"tags":[587,185,625,50,22,237,719,799,159],"class_list":["post-2631","post","type-post","status-publish","format-standard","has-post-thumbnail","hentry","category-ferrol","category-parlamento-de-galicia","category-sanidade","tag-aitor-bouza-manso","tag-ferrol","tag-hospital-arquitecto-marcide","tag-parlamento-de-galicia","tag-psdeg-psoe","tag-sanidade","tag-sergas","tag-urxencias","tag-xunta-de-galicia"],"yoast_head":"<!-- This site is optimized with the Yoast SEO plugin v24.0 - https:\/\/yoast.com\/wordpress\/plugins\/seo\/ -->\n<title>O PSdeG denuncia do &quot;colapso absoluto&quot; das urxencias do Hospital Arquitecto Marcide de Ferrol - Agrupaci\u00f3n Provincial da Coru\u00f1a PSOE<\/title>\n<meta name=\"description\" content=\"Aitor Bouza reclama soluci\u00f3ns no Parlamento galego ante casos como o das 40 persoas pendentes de ingreso.\" \/>\n<meta name=\"robots\" content=\"index, follow, max-snippet:-1, max-image-preview:large, max-video-preview:-1\" \/>\n<link rel=\"canonical\" href=\"https:\/\/agrupacionespsoe.es\/acoruna\/o-psdeg-denuncia-do-colapso-absoluto-das-urxencias-do-hospital-arquitecto-marcide-de-ferrol\/\" \/>\n<meta property=\"og:locale\" content=\"es_ES\" \/>\n<meta property=\"og:type\" content=\"article\" \/>\n<meta property=\"og:title\" content=\"O PSdeG denuncia do &quot;colapso absoluto&quot; das urxencias do Hospital Arquitecto Marcide de Ferrol - Agrupaci\u00f3n Provincial da Coru\u00f1a PSOE\" \/>\n<meta property=\"og:description\" content=\"Aitor Bouza reclama soluci\u00f3ns no Parlamento galego ante casos como o das 40 persoas pendentes de ingreso.\" \/>\n<meta property=\"og:url\" content=\"https:\/\/agrupacionespsoe.es\/acoruna\/o-psdeg-denuncia-do-colapso-absoluto-das-urxencias-do-hospital-arquitecto-marcide-de-ferrol\/\" \/>\n<meta property=\"og:site_name\" content=\"Agrupaci\u00f3n Provincial da Coru\u00f1a PSOE\" \/>\n<meta property=\"article:published_time\" content=\"2026-01-21T15:44:16+00:00\" \/>\n<meta property=\"article:modified_time\" content=\"2026-01-21T15:44:17+00:00\" \/>\n<meta property=\"og:image\" content=\"https:\/\/agrupacionespsoe.es\/acoruna\/wp-content\/uploads\/sites\/198\/2025\/12\/PSOE-DODRO-3-de-decembro.jpg\" \/>\n\t<meta property=\"og:image:width\" content=\"1024\" \/>\n\t<meta property=\"og:image:height\" content=\"812\" \/>\n\t<meta property=\"og:image:type\" content=\"image\/jpeg\" \/>\n<meta name=\"author\" content=\"Olympia M\u00e9ndez\" \/>\n<meta name=\"twitter:card\" content=\"summary_large_image\" \/>\n<meta name=\"twitter:label1\" content=\"Escrito por\" \/>\n\t<meta name=\"twitter:data1\" content=\"Olympia M\u00e9ndez\" \/>\n\t<meta name=\"twitter:label2\" content=\"Tiempo de lectura\" \/>\n\t<meta name=\"twitter:data2\" content=\"2 minutos\" \/>\n<script type=\"application\/ld+json\" class=\"yoast-schema-graph\">{\"@context\":\"https:\/\/schema.org\",\"@graph\":[{\"@type\":\"Article\",\"@id\":\"https:\/\/agrupacionespsoe.es\/acoruna\/o-psdeg-denuncia-do-colapso-absoluto-das-urxencias-do-hospital-arquitecto-marcide-de-ferrol\/#article\",\"isPartOf\":{\"@id\":\"https:\/\/agrupacionespsoe.es\/acoruna\/o-psdeg-denuncia-do-colapso-absoluto-das-urxencias-do-hospital-arquitecto-marcide-de-ferrol\/\"},\"author\":{\"name\":\"Olympia M\u00e9ndez\",\"@id\":\"https:\/\/agrupacionespsoe.es\/acoruna\/#\/schema\/person\/dbf2b36187b136d06a53f7937d5d5af9\"},\"headline\":\"O PSdeG denuncia do &#8220;colapso absoluto&#8221; das urxencias do Hospital Arquitecto Marcide de Ferrol\",\"datePublished\":\"2026-01-21T15:44:16+00:00\",\"dateModified\":\"2026-01-21T15:44:17+00:00\",\"mainEntityOfPage\":{\"@id\":\"https:\/\/agrupacionespsoe.es\/acoruna\/o-psdeg-denuncia-do-colapso-absoluto-das-urxencias-do-hospital-arquitecto-marcide-de-ferrol\/\"},\"wordCount\":266,\"commentCount\":0,\"publisher\":{\"@id\":\"https:\/\/agrupacionespsoe.es\/acoruna\/#organization\"},\"image\":{\"@id\":\"https:\/\/agrupacionespsoe.es\/acoruna\/o-psdeg-denuncia-do-colapso-absoluto-das-urxencias-do-hospital-arquitecto-marcide-de-ferrol\/#primaryimage\"},\"thumbnailUrl\":\"https:\/\/agrupacionespsoe.es\/acoruna\/wp-content\/uploads\/sites\/198\/2025\/12\/PSOE-DODRO-3-de-decembro.jpg\",\"keywords\":[\"Aitor Bouza Manso\",\"Ferrol\",\"Hospital Arquitecto Marcide\",\"Parlamento de Galicia\",\"PSdeG-PSOE\",\"Sanidade\",\"SERGAS\",\"Urxencias\",\"Xunta de Galicia\"],\"articleSection\":[\"Ferrol\",\"Parlamento de Galicia\",\"Sanidade\"],\"inLanguage\":\"es\",\"potentialAction\":[{\"@type\":\"CommentAction\",\"name\":\"Comment\",\"target\":[\"https:\/\/agrupacionespsoe.es\/acoruna\/o-psdeg-denuncia-do-colapso-absoluto-das-urxencias-do-hospital-arquitecto-marcide-de-ferrol\/#respond\"]}]},{\"@type\":\"WebPage\",\"@id\":\"https:\/\/agrupacionespsoe.es\/acoruna\/o-psdeg-denuncia-do-colapso-absoluto-das-urxencias-do-hospital-arquitecto-marcide-de-ferrol\/\",\"url\":\"https:\/\/agrupacionespsoe.es\/acoruna\/o-psdeg-denuncia-do-colapso-absoluto-das-urxencias-do-hospital-arquitecto-marcide-de-ferrol\/\",\"name\":\"O PSdeG denuncia do \\\"colapso absoluto\\\" das urxencias do Hospital Arquitecto Marcide de Ferrol - Agrupaci\u00f3n Provincial da Coru\u00f1a PSOE\",\"isPartOf\":{\"@id\":\"https:\/\/agrupacionespsoe.es\/acoruna\/#website\"},\"primaryImageOfPage\":{\"@id\":\"https:\/\/agrupacionespsoe.es\/acoruna\/o-psdeg-denuncia-do-colapso-absoluto-das-urxencias-do-hospital-arquitecto-marcide-de-ferrol\/#primaryimage\"},\"image\":{\"@id\":\"https:\/\/agrupacionespsoe.es\/acoruna\/o-psdeg-denuncia-do-colapso-absoluto-das-urxencias-do-hospital-arquitecto-marcide-de-ferrol\/#primaryimage\"},\"thumbnailUrl\":\"https:\/\/agrupacionespsoe.es\/acoruna\/wp-content\/uploads\/sites\/198\/2025\/12\/PSOE-DODRO-3-de-decembro.jpg\",\"datePublished\":\"2026-01-21T15:44:16+00:00\",\"dateModified\":\"2026-01-21T15:44:17+00:00\",\"description\":\"Aitor Bouza reclama soluci\u00f3ns no Parlamento galego ante casos como o das 40 persoas pendentes de ingreso.\",\"breadcrumb\":{\"@id\":\"https:\/\/agrupacionespsoe.es\/acoruna\/o-psdeg-denuncia-do-colapso-absoluto-das-urxencias-do-hospital-arquitecto-marcide-de-ferrol\/#breadcrumb\"},\"inLanguage\":\"es\",\"potentialAction\":[{\"@type\":\"ReadAction\",\"target\":[\"https:\/\/agrupacionespsoe.es\/acoruna\/o-psdeg-denuncia-do-colapso-absoluto-das-urxencias-do-hospital-arquitecto-marcide-de-ferrol\/\"]}]},{\"@type\":\"ImageObject\",\"inLanguage\":\"es\",\"@id\":\"https:\/\/agrupacionespsoe.es\/acoruna\/o-psdeg-denuncia-do-colapso-absoluto-das-urxencias-do-hospital-arquitecto-marcide-de-ferrol\/#primaryimage\",\"url\":\"https:\/\/agrupacionespsoe.es\/acoruna\/wp-content\/uploads\/sites\/198\/2025\/12\/PSOE-DODRO-3-de-decembro.jpg\",\"contentUrl\":\"https:\/\/agrupacionespsoe.es\/acoruna\/wp-content\/uploads\/sites\/198\/2025\/12\/PSOE-DODRO-3-de-decembro.jpg\",\"width\":1024,\"height\":812},{\"@type\":\"BreadcrumbList\",\"@id\":\"https:\/\/agrupacionespsoe.es\/acoruna\/o-psdeg-denuncia-do-colapso-absoluto-das-urxencias-do-hospital-arquitecto-marcide-de-ferrol\/#breadcrumb\",\"itemListElement\":[{\"@type\":\"ListItem\",\"position\":1,\"name\":\"Portada\",\"item\":\"https:\/\/agrupacionespsoe.es\/acoruna\/\"},{\"@type\":\"ListItem\",\"position\":2,\"name\":\"O PSdeG denuncia do \u00abcolapso absoluto\u00bb das urxencias do Hospital Arquitecto Marcide de Ferrol\"}]},{\"@type\":\"WebSite\",\"@id\":\"https:\/\/agrupacionespsoe.es\/acoruna\/#website\",\"url\":\"https:\/\/agrupacionespsoe.es\/acoruna\/\",\"name\":\"Agrupaci\u00f3n Provincial da Coru\u00f1a PSOE\",\"description\":\"Provincial PSdeG-PSOE da Coru\u00f1a\",\"publisher\":{\"@id\":\"https:\/\/agrupacionespsoe.es\/acoruna\/#organization\"},\"potentialAction\":[{\"@type\":\"SearchAction\",\"target\":{\"@type\":\"EntryPoint\",\"urlTemplate\":\"https:\/\/agrupacionespsoe.es\/acoruna\/?s={search_term_string}\"},\"query-input\":{\"@type\":\"PropertyValueSpecification\",\"valueRequired\":true,\"valueName\":\"search_term_string\"}}],\"inLanguage\":\"es\"},{\"@type\":\"Organization\",\"@id\":\"https:\/\/agrupacionespsoe.es\/acoruna\/#organization\",\"name\":\"Agrupaci\u00f3n Provincial da Coru\u00f1a PSOE\",\"url\":\"https:\/\/agrupacionespsoe.es\/acoruna\/\",\"logo\":{\"@type\":\"ImageObject\",\"inLanguage\":\"es\",\"@id\":\"https:\/\/agrupacionespsoe.es\/acoruna\/#\/schema\/logo\/image\/\",\"url\":\"https:\/\/agrupacionespsoe.es\/wp-content\/uploads\/2022\/07\/Logotipo_electoral_del_PSOE.png\",\"contentUrl\":\"https:\/\/agrupacionespsoe.es\/wp-content\/uploads\/2022\/07\/Logotipo_electoral_del_PSOE.png\",\"width\":422,\"height\":422,\"caption\":\"Agrupaci\u00f3n Provincial da Coru\u00f1a PSOE\"},\"image\":{\"@id\":\"https:\/\/agrupacionespsoe.es\/acoruna\/#\/schema\/logo\/image\/\"}},{\"@type\":\"Person\",\"@id\":\"https:\/\/agrupacionespsoe.es\/acoruna\/#\/schema\/person\/dbf2b36187b136d06a53f7937d5d5af9\",\"name\":\"Olympia M\u00e9ndez\",\"image\":{\"@type\":\"ImageObject\",\"inLanguage\":\"es\",\"@id\":\"https:\/\/agrupacionespsoe.es\/acoruna\/#\/schema\/person\/image\/\",\"url\":\"https:\/\/secure.gravatar.com\/avatar\/12db1fb8bfe20deb7a2d4ddc95b9042b?s=96&d=mm&r=g\",\"contentUrl\":\"https:\/\/secure.gravatar.com\/avatar\/12db1fb8bfe20deb7a2d4ddc95b9042b?s=96&d=mm&r=g\",\"caption\":\"Olympia M\u00e9ndez\"},\"url\":\"https:\/\/agrupacionespsoe.es\/acoruna\/author\/acoruna2\/\"}]}<\/script>\n<!-- \/ Yoast SEO plugin. -->","yoast_head_json":{"title":"O PSdeG denuncia do \"colapso absoluto\" das urxencias do Hospital Arquitecto Marcide de Ferrol - Agrupaci\u00f3n Provincial da Coru\u00f1a PSOE","description":"Aitor Bouza reclama soluci\u00f3ns no Parlamento galego ante casos como o das 40 persoas pendentes de ingreso.","robots":{"index":"index","follow":"follow","max-snippet":"max-snippet:-1","max-image-preview":"max-image-preview:large","max-video-preview":"max-video-preview:-1"},"canonical":"https:\/\/agrupacionespsoe.es\/acoruna\/o-psdeg-denuncia-do-colapso-absoluto-das-urxencias-do-hospital-arquitecto-marcide-de-ferrol\/","og_locale":"es_ES","og_type":"article","og_title":"O PSdeG denuncia do \"colapso absoluto\" das urxencias do Hospital Arquitecto Marcide de Ferrol - Agrupaci\u00f3n Provincial da Coru\u00f1a PSOE","og_description":"Aitor Bouza reclama soluci\u00f3ns no Parlamento galego ante casos como o das 40 persoas pendentes de ingreso.","og_url":"https:\/\/agrupacionespsoe.es\/acoruna\/o-psdeg-denuncia-do-colapso-absoluto-das-urxencias-do-hospital-arquitecto-marcide-de-ferrol\/","og_site_name":"Agrupaci\u00f3n Provincial da Coru\u00f1a PSOE","article_published_time":"2026-01-21T15:44:16+00:00","article_modified_time":"2026-01-21T15:44:17+00:00","og_image":[{"width":1024,"height":812,"url":"https:\/\/agrupacionespsoe.es\/acoruna\/wp-content\/uploads\/sites\/198\/2025\/12\/PSOE-DODRO-3-de-decembro.jpg","type":"image\/jpeg"}],"author":"Olympia M\u00e9ndez","twitter_card":"summary_large_image","twitter_misc":{"Escrito por":"Olympia M\u00e9ndez","Tiempo de lectura":"2 minutos"},"schema":{"@context":"https:\/\/schema.org","@graph":[{"@type":"Article","@id":"https:\/\/agrupacionespsoe.es\/acoruna\/o-psdeg-denuncia-do-colapso-absoluto-das-urxencias-do-hospital-arquitecto-marcide-de-ferrol\/#article","isPartOf":{"@id":"https:\/\/agrupacionespsoe.es\/acoruna\/o-psdeg-denuncia-do-colapso-absoluto-das-urxencias-do-hospital-arquitecto-marcide-de-ferrol\/"},"author":{"name":"Olympia M\u00e9ndez","@id":"https:\/\/agrupacionespsoe.es\/acoruna\/#\/schema\/person\/dbf2b36187b136d06a53f7937d5d5af9"},"headline":"O PSdeG denuncia do &#8220;colapso absoluto&#8221; das urxencias do Hospital Arquitecto Marcide de Ferrol","datePublished":"2026-01-21T15:44:16+00:00","dateModified":"2026-01-21T15:44:17+00:00","mainEntityOfPage":{"@id":"https:\/\/agrupacionespsoe.es\/acoruna\/o-psdeg-denuncia-do-colapso-absoluto-das-urxencias-do-hospital-arquitecto-marcide-de-ferrol\/"},"wordCount":266,"commentCount":0,"publisher":{"@id":"https:\/\/agrupacionespsoe.es\/acoruna\/#organization"},"image":{"@id":"https:\/\/agrupacionespsoe.es\/acoruna\/o-psdeg-denuncia-do-colapso-absoluto-das-urxencias-do-hospital-arquitecto-marcide-de-ferrol\/#primaryimage"},"thumbnailUrl":"https:\/\/agrupacionespsoe.es\/acoruna\/wp-content\/uploads\/sites\/198\/2025\/12\/PSOE-DODRO-3-de-decembro.jpg","keywords":["Aitor Bouza Manso","Ferrol","Hospital Arquitecto Marcide","Parlamento de Galicia","PSdeG-PSOE","Sanidade","SERGAS","Urxencias","Xunta de Galicia"],"articleSection":["Ferrol","Parlamento de Galicia","Sanidade"],"inLanguage":"es","potentialAction":[{"@type":"CommentAction","name":"Comment","target":["https:\/\/agrupacionespsoe.es\/acoruna\/o-psdeg-denuncia-do-colapso-absoluto-das-urxencias-do-hospital-arquitecto-marcide-de-ferrol\/#respond"]}]},{"@type":"WebPage","@id":"https:\/\/agrupacionespsoe.es\/acoruna\/o-psdeg-denuncia-do-colapso-absoluto-das-urxencias-do-hospital-arquitecto-marcide-de-ferrol\/","url":"https:\/\/agrupacionespsoe.es\/acoruna\/o-psdeg-denuncia-do-colapso-absoluto-das-urxencias-do-hospital-arquitecto-marcide-de-ferrol\/","name":"O PSdeG denuncia do \"colapso absoluto\" das urxencias do Hospital Arquitecto Marcide de Ferrol - Agrupaci\u00f3n Provincial da Coru\u00f1a PSOE","isPartOf":{"@id":"https:\/\/agrupacionespsoe.es\/acoruna\/#website"},"primaryImageOfPage":{"@id":"https:\/\/agrupacionespsoe.es\/acoruna\/o-psdeg-denuncia-do-colapso-absoluto-das-urxencias-do-hospital-arquitecto-marcide-de-ferrol\/#primaryimage"},"image":{"@id":"https:\/\/agrupacionespsoe.es\/acoruna\/o-psdeg-denuncia-do-colapso-absoluto-das-urxencias-do-hospital-arquitecto-marcide-de-ferrol\/#primaryimage"},"thumbnailUrl":"https:\/\/agrupacionespsoe.es\/acoruna\/wp-content\/uploads\/sites\/198\/2025\/12\/PSOE-DODRO-3-de-decembro.jpg","datePublished":"2026-01-21T15:44:16+00:00","dateModified":"2026-01-21T15:44:17+00:00","description":"Aitor Bouza reclama soluci\u00f3ns no Parlamento galego ante casos como o das 40 persoas pendentes de ingreso.","breadcrumb":{"@id":"https:\/\/agrupacionespsoe.es\/acoruna\/o-psdeg-denuncia-do-colapso-absoluto-das-urxencias-do-hospital-arquitecto-marcide-de-ferrol\/#breadcrumb"},"inLanguage":"es","potentialAction":[{"@type":"ReadAction","target":["https:\/\/agrupacionespsoe.es\/acoruna\/o-psdeg-denuncia-do-colapso-absoluto-das-urxencias-do-hospital-arquitecto-marcide-de-ferrol\/"]}]},{"@type":"ImageObject","inLanguage":"es","@id":"https:\/\/agrupacionespsoe.es\/acoruna\/o-psdeg-denuncia-do-colapso-absoluto-das-urxencias-do-hospital-arquitecto-marcide-de-ferrol\/#primaryimage","url":"https:\/\/agrupacionespsoe.es\/acoruna\/wp-content\/uploads\/sites\/198\/2025\/12\/PSOE-DODRO-3-de-decembro.jpg","contentUrl":"https:\/\/agrupacionespsoe.es\/acoruna\/wp-content\/uploads\/sites\/198\/2025\/12\/PSOE-DODRO-3-de-decembro.jpg","width":1024,"height":812},{"@type":"BreadcrumbList","@id":"https:\/\/agrupacionespsoe.es\/acoruna\/o-psdeg-denuncia-do-colapso-absoluto-das-urxencias-do-hospital-arquitecto-marcide-de-ferrol\/#breadcrumb","itemListElement":[{"@type":"ListItem","position":1,"name":"Portada","item":"https:\/\/agrupacionespsoe.es\/acoruna\/"},{"@type":"ListItem","position":2,"name":"O PSdeG denuncia do \u00abcolapso absoluto\u00bb das urxencias do Hospital Arquitecto Marcide de Ferrol"}]},{"@type":"WebSite","@id":"https:\/\/agrupacionespsoe.es\/acoruna\/#website","url":"https:\/\/agrupacionespsoe.es\/acoruna\/","name":"Agrupaci\u00f3n Provincial da Coru\u00f1a PSOE","description":"Provincial PSdeG-PSOE da Coru\u00f1a","publisher":{"@id":"https:\/\/agrupacionespsoe.es\/acoruna\/#organization"},"potentialAction":[{"@type":"SearchAction","target":{"@type":"EntryPoint","urlTemplate":"https:\/\/agrupacionespsoe.es\/acoruna\/?s={search_term_string}"},"query-input":{"@type":"PropertyValueSpecification","valueRequired":true,"valueName":"search_term_string"}}],"inLanguage":"es"},{"@type":"Organization","@id":"https:\/\/agrupacionespsoe.es\/acoruna\/#organization","name":"Agrupaci\u00f3n Provincial da Coru\u00f1a PSOE","url":"https:\/\/agrupacionespsoe.es\/acoruna\/","logo":{"@type":"ImageObject","inLanguage":"es","@id":"https:\/\/agrupacionespsoe.es\/acoruna\/#\/schema\/logo\/image\/","url":"https:\/\/agrupacionespsoe.es\/wp-content\/uploads\/2022\/07\/Logotipo_electoral_del_PSOE.png","contentUrl":"https:\/\/agrupacionespsoe.es\/wp-content\/uploads\/2022\/07\/Logotipo_electoral_del_PSOE.png","width":422,"height":422,"caption":"Agrupaci\u00f3n Provincial da Coru\u00f1a PSOE"},"image":{"@id":"https:\/\/agrupacionespsoe.es\/acoruna\/#\/schema\/logo\/image\/"}},{"@type":"Person","@id":"https:\/\/agrupacionespsoe.es\/acoruna\/#\/schema\/person\/dbf2b36187b136d06a53f7937d5d5af9","name":"Olympia M\u00e9ndez","image":{"@type":"ImageObject","inLanguage":"es","@id":"https:\/\/agrupacionespsoe.es\/acoruna\/#\/schema\/person\/image\/","url":"https:\/\/secure.gravatar.com\/avatar\/12db1fb8bfe20deb7a2d4ddc95b9042b?s=96&d=mm&r=g","contentUrl":"https:\/\/secure.gravatar.com\/avatar\/12db1fb8bfe20deb7a2d4ddc95b9042b?s=96&d=mm&r=g","caption":"Olympia M\u00e9ndez"},"url":"https:\/\/agrupacionespsoe.es\/acoruna\/author\/acoruna2\/"}]}},"jetpack_featured_media_url":"https:\/\/agrupacionespsoe.es\/acoruna\/wp-content\/uploads\/sites\/198\/2025\/12\/PSOE-DODRO-3-de-decembro.jpg","jetpack_sharing_enabled":true,"jetpack_likes_enabled":true,"_links":{"self":[{"href":"https:\/\/agrupacionespsoe.es\/acoruna\/wp-json\/wp\/v2\/posts\/2631","targetHints":{"allow":["GET"]}}],"collection":[{"href":"https:\/\/agrupacionespsoe.es\/acoruna\/wp-json\/wp\/v2\/posts"}],"about":[{"href":"https:\/\/agrupacionespsoe.es\/acoruna\/wp-json\/wp\/v2\/types\/post"}],"author":[{"embeddable":true,"href":"https:\/\/agrupacionespsoe.es\/acoruna\/wp-json\/wp\/v2\/users\/282"}],"replies":[{"embeddable":true,"href":"https:\/\/agrupacionespsoe.es\/acoruna\/wp-json\/wp\/v2\/comments?post=2631"}],"version-history":[{"count":2,"href":"https:\/\/agrupacionespsoe.es\/acoruna\/wp-json\/wp\/v2\/posts\/2631\/revisions"}],"predecessor-version":[{"id":2634,"href":"https:\/\/agrupacionespsoe.es\/acoruna\/wp-json\/wp\/v2\/posts\/2631\/revisions\/2634"}],"wp:featuredmedia":[{"embeddable":true,"href":"https:\/\/agrupacionespsoe.es\/acoruna\/wp-json\/wp\/v2\/media\/2497"}],"wp:attachment":[{"href":"https:\/\/agrupacionespsoe.es\/acoruna\/wp-json\/wp\/v2\/media?parent=2631"}],"wp:term":[{"taxonomy":"category","embeddable":true,"href":"https:\/\/agrupacionespsoe.es\/acoruna\/wp-json\/wp\/v2\/categories?post=2631"},{"taxonomy":"post_tag","embeddable":true,"href":"https:\/\/agrupacionespsoe.es\/acoruna\/wp-json\/wp\/v2\/tags?post=2631"}],"curies":[{"name":"wp","href":"https:\/\/api.w.org\/{rel}","templated":true}]}}