{"id":2626,"date":"2026-01-21T16:38:53","date_gmt":"2026-01-21T15:38:53","guid":{"rendered":"https:\/\/agrupacionespsoe.es\/acoruna\/?p=2626"},"modified":"2026-01-21T16:38:54","modified_gmt":"2026-01-21T15:38:54","slug":"o-psdeg-denuncia-o-estado-lamentable-no-que-se-atopa-o-cpi-de-zas","status":"publish","type":"post","link":"https:\/\/agrupacionespsoe.es\/acoruna\/o-psdeg-denuncia-o-estado-lamentable-no-que-se-atopa-o-cpi-de-zas\/","title":{"rendered":"O PSdeG denuncia o &#8220;estado lamentable&#8221; no que se atopa o CPI de Zas"},"content":{"rendered":"\n<ul class=\"wp-block-list\">\n<li><strong>Patricia Iglesias leva a cuesti\u00f3n ao Parlamento galego cunha iniciativa para esixirlle soluci\u00f3ns \u00e1 Xunta<\/strong><\/li>\n<\/ul>\n\n\n\n<section class=\"wp-block-psoe-separador bg-primary px-2\"><hr class=\"color-white bg-white opacity-1 h-[1px] w-full\" \/><\/section>\n\n\n\n<p>O PSdeG-PSOE denuncia no Parlamento de Galicia o &#8220;estado lamentable&#8221; do CPI de Zas e rexistra unha iniciativa parlamentaria para esixir soluci\u00f3ns a esta problem\u00e1tica por parte da Xunta de Galicia.<\/p>\n\n\n\n<p>A parlamentaria socialista Patricia Iglesias mantivo unha serie de reuni\u00f3ns coa voceira socialista en Zas, Sheila Rial, na que a zaseira trasladoulle \u00e1 deputada as reivindicaci\u00f3ns da ANPA do centro, que presenta goteiras e humidades entre outras deficiencias.<\/p>\n\n\n\n<p>&#8220;Os que somos nais e pais non queremos que os nosos nenos e nenas vaian a un colexio nun estado lamentable&#8221;, sinala a deputada socialista. &#8220;O Concello de Zas \u00e9 un gran esquecido para a Xunta de Galicia&#8221;, engade.<\/p>\n\n\n\n<p>A socialista lembra que o PP rexeitou as emendas presentadas polo Grupo Parlamentario Socialista para engadir investimentos en Zas nos orzamentos da Xunta para 2026, e indica as\u00ed mesmo que, ademais do CPI de Zas, o CEIP Labarta Pose tam\u00e9n presenta numerosas deficiencias.<\/p>\n\n\n\n<p>&#8220;Rexistramos no Parlamento unha iniciativa que debatiremos en vindeiras datas, onde reclamamos \u00e1 Xunta de Galicia, en concreto \u00e1 Conseller\u00eda de Educaci\u00f3n, que dunha vez por todas atenda a necesidade de que se faga unha reforma integral do CPI de Zas&#8221;, anuncia Iglesias.<\/p>\n\n\n\n<p>&#8220;Non queremos parches, queremos que a Xunta de Galicia colla o touro polos cornos, que ten o orzamento necesario, e que faga esa reforma integral que v\u00e9n reclamando desde fai moitos anos a comunidade educativa&#8221;, concl\u00fae.<\/p>\n\n\n\n<section class=\"wp-block-psoe-separador bg-primary px-2\"><hr class=\"color-white bg-white opacity-1 h-[1px] w-full\" \/><\/section>\n\n\n\n<figure class=\"wp-block-video\"><video controls src=\"https:\/\/agrupacionespsoe.es\/acoruna\/wp-content\/uploads\/sites\/198\/2026\/01\/Audio-Patricia-Iglesias-Zas.mp4\"><\/video><figcaption class=\"wp-element-caption\">Patricia Iglesias &#8211; CPI Zas &#8211; xan26<\/figcaption><\/figure>\n","protected":false},"excerpt":{"rendered":"<p>O PSdeG-PSOE denuncia no Parlamento de Galicia o &#8220;estado lamentable&#8221; do CPI de Zas e rexistra unha iniciativa parlamentaria para esixir soluci\u00f3ns a esta problem\u00e1tica por parte da Xunta de Galicia. A parlamentaria socialista Patricia Iglesias mantivo unha serie de reuni\u00f3ns coa voceira socialista en Zas, Sheila Rial, na que a zaseira trasladoulle \u00e1 deputada &#8230;<\/p>\n","protected":false},"author":282,"featured_media":2628,"comment_status":"open","ping_status":"open","sticky":false,"template":"","format":"standard","meta":{"_jetpack_memberships_contains_paid_content":false,"footnotes":""},"categories":[84,68,253],"tags":[573,609,80,50,54,22,307,159,255],"class_list":["post-2626","post","type-post","status-publish","format-standard","has-post-thumbnail","hentry","category-educacion","category-parlamento-de-galicia","category-zas","tag-anpa","tag-cpi","tag-educacion","tag-parlamento-de-galicia","tag-patricia-iglesias","tag-psdeg-psoe","tag-sheila-rial-mata","tag-xunta-de-galicia","tag-zas"],"yoast_head":"<!-- This site is optimized with the Yoast SEO plugin v24.0 - https:\/\/yoast.com\/wordpress\/plugins\/seo\/ -->\n<title>O PSdeG denuncia o &quot;estado lamentable&quot; no que se atopa o CPI de Zas - Agrupaci\u00f3n Provincial da Coru\u00f1a PSOE<\/title>\n<meta name=\"description\" content=\"Patricia Iglesias leva a cuesti\u00f3n ao Parlamento galego cunha iniciativa para esixirlle soluci\u00f3ns \u00e1 Xunta.\" \/>\n<meta name=\"robots\" content=\"index, follow, max-snippet:-1, max-image-preview:large, max-video-preview:-1\" \/>\n<link rel=\"canonical\" href=\"https:\/\/agrupacionespsoe.es\/acoruna\/o-psdeg-denuncia-o-estado-lamentable-no-que-se-atopa-o-cpi-de-zas\/\" \/>\n<meta property=\"og:locale\" content=\"es_ES\" \/>\n<meta property=\"og:type\" content=\"article\" \/>\n<meta property=\"og:title\" content=\"O PSdeG denuncia o &quot;estado lamentable&quot; no que se atopa o CPI de Zas - Agrupaci\u00f3n Provincial da Coru\u00f1a PSOE\" \/>\n<meta property=\"og:description\" content=\"Patricia Iglesias leva a cuesti\u00f3n ao Parlamento galego cunha iniciativa para esixirlle soluci\u00f3ns \u00e1 Xunta.\" \/>\n<meta property=\"og:url\" content=\"https:\/\/agrupacionespsoe.es\/acoruna\/o-psdeg-denuncia-o-estado-lamentable-no-que-se-atopa-o-cpi-de-zas\/\" \/>\n<meta property=\"og:site_name\" content=\"Agrupaci\u00f3n Provincial da Coru\u00f1a PSOE\" \/>\n<meta property=\"article:published_time\" content=\"2026-01-21T15:38:53+00:00\" \/>\n<meta property=\"article:modified_time\" content=\"2026-01-21T15:38:54+00:00\" \/>\n<meta property=\"og:image\" content=\"https:\/\/agrupacionespsoe.es\/acoruna\/wp-content\/uploads\/sites\/198\/2026\/01\/PSOE-ZAS-21-de-xaneiro.jpg\" \/>\n\t<meta property=\"og:image:width\" content=\"1024\" \/>\n\t<meta property=\"og:image:height\" content=\"786\" \/>\n\t<meta property=\"og:image:type\" content=\"image\/jpeg\" \/>\n<meta name=\"author\" content=\"Olympia M\u00e9ndez\" \/>\n<meta name=\"twitter:card\" content=\"summary_large_image\" \/>\n<meta name=\"twitter:label1\" content=\"Escrito por\" \/>\n\t<meta name=\"twitter:data1\" content=\"Olympia M\u00e9ndez\" \/>\n\t<meta name=\"twitter:label2\" content=\"Tiempo de lectura\" \/>\n\t<meta name=\"twitter:data2\" content=\"2 minutos\" \/>\n<script type=\"application\/ld+json\" class=\"yoast-schema-graph\">{\"@context\":\"https:\/\/schema.org\",\"@graph\":[{\"@type\":\"Article\",\"@id\":\"https:\/\/agrupacionespsoe.es\/acoruna\/o-psdeg-denuncia-o-estado-lamentable-no-que-se-atopa-o-cpi-de-zas\/#article\",\"isPartOf\":{\"@id\":\"https:\/\/agrupacionespsoe.es\/acoruna\/o-psdeg-denuncia-o-estado-lamentable-no-que-se-atopa-o-cpi-de-zas\/\"},\"author\":{\"name\":\"Olympia M\u00e9ndez\",\"@id\":\"https:\/\/agrupacionespsoe.es\/acoruna\/#\/schema\/person\/dbf2b36187b136d06a53f7937d5d5af9\"},\"headline\":\"O PSdeG denuncia o &#8220;estado lamentable&#8221; no que se atopa o CPI de Zas\",\"datePublished\":\"2026-01-21T15:38:53+00:00\",\"dateModified\":\"2026-01-21T15:38:54+00:00\",\"mainEntityOfPage\":{\"@id\":\"https:\/\/agrupacionespsoe.es\/acoruna\/o-psdeg-denuncia-o-estado-lamentable-no-que-se-atopa-o-cpi-de-zas\/\"},\"wordCount\":271,\"commentCount\":0,\"publisher\":{\"@id\":\"https:\/\/agrupacionespsoe.es\/acoruna\/#organization\"},\"image\":{\"@id\":\"https:\/\/agrupacionespsoe.es\/acoruna\/o-psdeg-denuncia-o-estado-lamentable-no-que-se-atopa-o-cpi-de-zas\/#primaryimage\"},\"thumbnailUrl\":\"https:\/\/agrupacionespsoe.es\/acoruna\/wp-content\/uploads\/sites\/198\/2026\/01\/PSOE-ZAS-21-de-xaneiro.jpg\",\"keywords\":[\"ANPA\",\"CPI\",\"Educaci\u00f3n\",\"Parlamento de Galicia\",\"Patricia Iglesias\",\"PSdeG-PSOE\",\"Sheila Rial Mata\",\"Xunta de Galicia\",\"Zas\"],\"articleSection\":[\"Educaci\u00f3n\",\"Parlamento de Galicia\",\"Zas\"],\"inLanguage\":\"es\",\"potentialAction\":[{\"@type\":\"CommentAction\",\"name\":\"Comment\",\"target\":[\"https:\/\/agrupacionespsoe.es\/acoruna\/o-psdeg-denuncia-o-estado-lamentable-no-que-se-atopa-o-cpi-de-zas\/#respond\"]}]},{\"@type\":\"WebPage\",\"@id\":\"https:\/\/agrupacionespsoe.es\/acoruna\/o-psdeg-denuncia-o-estado-lamentable-no-que-se-atopa-o-cpi-de-zas\/\",\"url\":\"https:\/\/agrupacionespsoe.es\/acoruna\/o-psdeg-denuncia-o-estado-lamentable-no-que-se-atopa-o-cpi-de-zas\/\",\"name\":\"O PSdeG denuncia o \\\"estado lamentable\\\" no que se atopa o CPI de Zas - Agrupaci\u00f3n Provincial da Coru\u00f1a PSOE\",\"isPartOf\":{\"@id\":\"https:\/\/agrupacionespsoe.es\/acoruna\/#website\"},\"primaryImageOfPage\":{\"@id\":\"https:\/\/agrupacionespsoe.es\/acoruna\/o-psdeg-denuncia-o-estado-lamentable-no-que-se-atopa-o-cpi-de-zas\/#primaryimage\"},\"image\":{\"@id\":\"https:\/\/agrupacionespsoe.es\/acoruna\/o-psdeg-denuncia-o-estado-lamentable-no-que-se-atopa-o-cpi-de-zas\/#primaryimage\"},\"thumbnailUrl\":\"https:\/\/agrupacionespsoe.es\/acoruna\/wp-content\/uploads\/sites\/198\/2026\/01\/PSOE-ZAS-21-de-xaneiro.jpg\",\"datePublished\":\"2026-01-21T15:38:53+00:00\",\"dateModified\":\"2026-01-21T15:38:54+00:00\",\"description\":\"Patricia Iglesias leva a cuesti\u00f3n ao Parlamento galego cunha iniciativa para esixirlle soluci\u00f3ns \u00e1 Xunta.\",\"breadcrumb\":{\"@id\":\"https:\/\/agrupacionespsoe.es\/acoruna\/o-psdeg-denuncia-o-estado-lamentable-no-que-se-atopa-o-cpi-de-zas\/#breadcrumb\"},\"inLanguage\":\"es\",\"potentialAction\":[{\"@type\":\"ReadAction\",\"target\":[\"https:\/\/agrupacionespsoe.es\/acoruna\/o-psdeg-denuncia-o-estado-lamentable-no-que-se-atopa-o-cpi-de-zas\/\"]}]},{\"@type\":\"ImageObject\",\"inLanguage\":\"es\",\"@id\":\"https:\/\/agrupacionespsoe.es\/acoruna\/o-psdeg-denuncia-o-estado-lamentable-no-que-se-atopa-o-cpi-de-zas\/#primaryimage\",\"url\":\"https:\/\/agrupacionespsoe.es\/acoruna\/wp-content\/uploads\/sites\/198\/2026\/01\/PSOE-ZAS-21-de-xaneiro.jpg\",\"contentUrl\":\"https:\/\/agrupacionespsoe.es\/acoruna\/wp-content\/uploads\/sites\/198\/2026\/01\/PSOE-ZAS-21-de-xaneiro.jpg\",\"width\":1024,\"height\":786},{\"@type\":\"BreadcrumbList\",\"@id\":\"https:\/\/agrupacionespsoe.es\/acoruna\/o-psdeg-denuncia-o-estado-lamentable-no-que-se-atopa-o-cpi-de-zas\/#breadcrumb\",\"itemListElement\":[{\"@type\":\"ListItem\",\"position\":1,\"name\":\"Portada\",\"item\":\"https:\/\/agrupacionespsoe.es\/acoruna\/\"},{\"@type\":\"ListItem\",\"position\":2,\"name\":\"O PSdeG denuncia o \u00abestado lamentable\u00bb no que se atopa o CPI de Zas\"}]},{\"@type\":\"WebSite\",\"@id\":\"https:\/\/agrupacionespsoe.es\/acoruna\/#website\",\"url\":\"https:\/\/agrupacionespsoe.es\/acoruna\/\",\"name\":\"Agrupaci\u00f3n Provincial da Coru\u00f1a PSOE\",\"description\":\"Provincial PSdeG-PSOE da Coru\u00f1a\",\"publisher\":{\"@id\":\"https:\/\/agrupacionespsoe.es\/acoruna\/#organization\"},\"potentialAction\":[{\"@type\":\"SearchAction\",\"target\":{\"@type\":\"EntryPoint\",\"urlTemplate\":\"https:\/\/agrupacionespsoe.es\/acoruna\/?s={search_term_string}\"},\"query-input\":{\"@type\":\"PropertyValueSpecification\",\"valueRequired\":true,\"valueName\":\"search_term_string\"}}],\"inLanguage\":\"es\"},{\"@type\":\"Organization\",\"@id\":\"https:\/\/agrupacionespsoe.es\/acoruna\/#organization\",\"name\":\"Agrupaci\u00f3n Provincial da Coru\u00f1a PSOE\",\"url\":\"https:\/\/agrupacionespsoe.es\/acoruna\/\",\"logo\":{\"@type\":\"ImageObject\",\"inLanguage\":\"es\",\"@id\":\"https:\/\/agrupacionespsoe.es\/acoruna\/#\/schema\/logo\/image\/\",\"url\":\"https:\/\/agrupacionespsoe.es\/wp-content\/uploads\/2022\/07\/Logotipo_electoral_del_PSOE.png\",\"contentUrl\":\"https:\/\/agrupacionespsoe.es\/wp-content\/uploads\/2022\/07\/Logotipo_electoral_del_PSOE.png\",\"width\":422,\"height\":422,\"caption\":\"Agrupaci\u00f3n Provincial da Coru\u00f1a PSOE\"},\"image\":{\"@id\":\"https:\/\/agrupacionespsoe.es\/acoruna\/#\/schema\/logo\/image\/\"}},{\"@type\":\"Person\",\"@id\":\"https:\/\/agrupacionespsoe.es\/acoruna\/#\/schema\/person\/dbf2b36187b136d06a53f7937d5d5af9\",\"name\":\"Olympia M\u00e9ndez\",\"image\":{\"@type\":\"ImageObject\",\"inLanguage\":\"es\",\"@id\":\"https:\/\/agrupacionespsoe.es\/acoruna\/#\/schema\/person\/image\/\",\"url\":\"https:\/\/secure.gravatar.com\/avatar\/12db1fb8bfe20deb7a2d4ddc95b9042b?s=96&d=mm&r=g\",\"contentUrl\":\"https:\/\/secure.gravatar.com\/avatar\/12db1fb8bfe20deb7a2d4ddc95b9042b?s=96&d=mm&r=g\",\"caption\":\"Olympia M\u00e9ndez\"},\"url\":\"https:\/\/agrupacionespsoe.es\/acoruna\/author\/acoruna2\/\"}]}<\/script>\n<!-- \/ Yoast SEO plugin. -->","yoast_head_json":{"title":"O PSdeG denuncia o \"estado lamentable\" no que se atopa o CPI de Zas - Agrupaci\u00f3n Provincial da Coru\u00f1a PSOE","description":"Patricia Iglesias leva a cuesti\u00f3n ao Parlamento galego cunha iniciativa para esixirlle soluci\u00f3ns \u00e1 Xunta.","robots":{"index":"index","follow":"follow","max-snippet":"max-snippet:-1","max-image-preview":"max-image-preview:large","max-video-preview":"max-video-preview:-1"},"canonical":"https:\/\/agrupacionespsoe.es\/acoruna\/o-psdeg-denuncia-o-estado-lamentable-no-que-se-atopa-o-cpi-de-zas\/","og_locale":"es_ES","og_type":"article","og_title":"O PSdeG denuncia o \"estado lamentable\" no que se atopa o CPI de Zas - Agrupaci\u00f3n Provincial da Coru\u00f1a PSOE","og_description":"Patricia Iglesias leva a cuesti\u00f3n ao Parlamento galego cunha iniciativa para esixirlle soluci\u00f3ns \u00e1 Xunta.","og_url":"https:\/\/agrupacionespsoe.es\/acoruna\/o-psdeg-denuncia-o-estado-lamentable-no-que-se-atopa-o-cpi-de-zas\/","og_site_name":"Agrupaci\u00f3n Provincial da Coru\u00f1a PSOE","article_published_time":"2026-01-21T15:38:53+00:00","article_modified_time":"2026-01-21T15:38:54+00:00","og_image":[{"width":1024,"height":786,"url":"https:\/\/agrupacionespsoe.es\/acoruna\/wp-content\/uploads\/sites\/198\/2026\/01\/PSOE-ZAS-21-de-xaneiro.jpg","type":"image\/jpeg"}],"author":"Olympia M\u00e9ndez","twitter_card":"summary_large_image","twitter_misc":{"Escrito por":"Olympia M\u00e9ndez","Tiempo de lectura":"2 minutos"},"schema":{"@context":"https:\/\/schema.org","@graph":[{"@type":"Article","@id":"https:\/\/agrupacionespsoe.es\/acoruna\/o-psdeg-denuncia-o-estado-lamentable-no-que-se-atopa-o-cpi-de-zas\/#article","isPartOf":{"@id":"https:\/\/agrupacionespsoe.es\/acoruna\/o-psdeg-denuncia-o-estado-lamentable-no-que-se-atopa-o-cpi-de-zas\/"},"author":{"name":"Olympia M\u00e9ndez","@id":"https:\/\/agrupacionespsoe.es\/acoruna\/#\/schema\/person\/dbf2b36187b136d06a53f7937d5d5af9"},"headline":"O PSdeG denuncia o &#8220;estado lamentable&#8221; no que se atopa o CPI de Zas","datePublished":"2026-01-21T15:38:53+00:00","dateModified":"2026-01-21T15:38:54+00:00","mainEntityOfPage":{"@id":"https:\/\/agrupacionespsoe.es\/acoruna\/o-psdeg-denuncia-o-estado-lamentable-no-que-se-atopa-o-cpi-de-zas\/"},"wordCount":271,"commentCount":0,"publisher":{"@id":"https:\/\/agrupacionespsoe.es\/acoruna\/#organization"},"image":{"@id":"https:\/\/agrupacionespsoe.es\/acoruna\/o-psdeg-denuncia-o-estado-lamentable-no-que-se-atopa-o-cpi-de-zas\/#primaryimage"},"thumbnailUrl":"https:\/\/agrupacionespsoe.es\/acoruna\/wp-content\/uploads\/sites\/198\/2026\/01\/PSOE-ZAS-21-de-xaneiro.jpg","keywords":["ANPA","CPI","Educaci\u00f3n","Parlamento de Galicia","Patricia Iglesias","PSdeG-PSOE","Sheila Rial Mata","Xunta de Galicia","Zas"],"articleSection":["Educaci\u00f3n","Parlamento de Galicia","Zas"],"inLanguage":"es","potentialAction":[{"@type":"CommentAction","name":"Comment","target":["https:\/\/agrupacionespsoe.es\/acoruna\/o-psdeg-denuncia-o-estado-lamentable-no-que-se-atopa-o-cpi-de-zas\/#respond"]}]},{"@type":"WebPage","@id":"https:\/\/agrupacionespsoe.es\/acoruna\/o-psdeg-denuncia-o-estado-lamentable-no-que-se-atopa-o-cpi-de-zas\/","url":"https:\/\/agrupacionespsoe.es\/acoruna\/o-psdeg-denuncia-o-estado-lamentable-no-que-se-atopa-o-cpi-de-zas\/","name":"O PSdeG denuncia o \"estado lamentable\" no que se atopa o CPI de Zas - Agrupaci\u00f3n Provincial da Coru\u00f1a PSOE","isPartOf":{"@id":"https:\/\/agrupacionespsoe.es\/acoruna\/#website"},"primaryImageOfPage":{"@id":"https:\/\/agrupacionespsoe.es\/acoruna\/o-psdeg-denuncia-o-estado-lamentable-no-que-se-atopa-o-cpi-de-zas\/#primaryimage"},"image":{"@id":"https:\/\/agrupacionespsoe.es\/acoruna\/o-psdeg-denuncia-o-estado-lamentable-no-que-se-atopa-o-cpi-de-zas\/#primaryimage"},"thumbnailUrl":"https:\/\/agrupacionespsoe.es\/acoruna\/wp-content\/uploads\/sites\/198\/2026\/01\/PSOE-ZAS-21-de-xaneiro.jpg","datePublished":"2026-01-21T15:38:53+00:00","dateModified":"2026-01-21T15:38:54+00:00","description":"Patricia Iglesias leva a cuesti\u00f3n ao Parlamento galego cunha iniciativa para esixirlle soluci\u00f3ns \u00e1 Xunta.","breadcrumb":{"@id":"https:\/\/agrupacionespsoe.es\/acoruna\/o-psdeg-denuncia-o-estado-lamentable-no-que-se-atopa-o-cpi-de-zas\/#breadcrumb"},"inLanguage":"es","potentialAction":[{"@type":"ReadAction","target":["https:\/\/agrupacionespsoe.es\/acoruna\/o-psdeg-denuncia-o-estado-lamentable-no-que-se-atopa-o-cpi-de-zas\/"]}]},{"@type":"ImageObject","inLanguage":"es","@id":"https:\/\/agrupacionespsoe.es\/acoruna\/o-psdeg-denuncia-o-estado-lamentable-no-que-se-atopa-o-cpi-de-zas\/#primaryimage","url":"https:\/\/agrupacionespsoe.es\/acoruna\/wp-content\/uploads\/sites\/198\/2026\/01\/PSOE-ZAS-21-de-xaneiro.jpg","contentUrl":"https:\/\/agrupacionespsoe.es\/acoruna\/wp-content\/uploads\/sites\/198\/2026\/01\/PSOE-ZAS-21-de-xaneiro.jpg","width":1024,"height":786},{"@type":"BreadcrumbList","@id":"https:\/\/agrupacionespsoe.es\/acoruna\/o-psdeg-denuncia-o-estado-lamentable-no-que-se-atopa-o-cpi-de-zas\/#breadcrumb","itemListElement":[{"@type":"ListItem","position":1,"name":"Portada","item":"https:\/\/agrupacionespsoe.es\/acoruna\/"},{"@type":"ListItem","position":2,"name":"O PSdeG denuncia o \u00abestado lamentable\u00bb no que se atopa o CPI de Zas"}]},{"@type":"WebSite","@id":"https:\/\/agrupacionespsoe.es\/acoruna\/#website","url":"https:\/\/agrupacionespsoe.es\/acoruna\/","name":"Agrupaci\u00f3n Provincial da Coru\u00f1a PSOE","description":"Provincial PSdeG-PSOE da Coru\u00f1a","publisher":{"@id":"https:\/\/agrupacionespsoe.es\/acoruna\/#organization"},"potentialAction":[{"@type":"SearchAction","target":{"@type":"EntryPoint","urlTemplate":"https:\/\/agrupacionespsoe.es\/acoruna\/?s={search_term_string}"},"query-input":{"@type":"PropertyValueSpecification","valueRequired":true,"valueName":"search_term_string"}}],"inLanguage":"es"},{"@type":"Organization","@id":"https:\/\/agrupacionespsoe.es\/acoruna\/#organization","name":"Agrupaci\u00f3n Provincial da Coru\u00f1a PSOE","url":"https:\/\/agrupacionespsoe.es\/acoruna\/","logo":{"@type":"ImageObject","inLanguage":"es","@id":"https:\/\/agrupacionespsoe.es\/acoruna\/#\/schema\/logo\/image\/","url":"https:\/\/agrupacionespsoe.es\/wp-content\/uploads\/2022\/07\/Logotipo_electoral_del_PSOE.png","contentUrl":"https:\/\/agrupacionespsoe.es\/wp-content\/uploads\/2022\/07\/Logotipo_electoral_del_PSOE.png","width":422,"height":422,"caption":"Agrupaci\u00f3n Provincial da Coru\u00f1a PSOE"},"image":{"@id":"https:\/\/agrupacionespsoe.es\/acoruna\/#\/schema\/logo\/image\/"}},{"@type":"Person","@id":"https:\/\/agrupacionespsoe.es\/acoruna\/#\/schema\/person\/dbf2b36187b136d06a53f7937d5d5af9","name":"Olympia M\u00e9ndez","image":{"@type":"ImageObject","inLanguage":"es","@id":"https:\/\/agrupacionespsoe.es\/acoruna\/#\/schema\/person\/image\/","url":"https:\/\/secure.gravatar.com\/avatar\/12db1fb8bfe20deb7a2d4ddc95b9042b?s=96&d=mm&r=g","contentUrl":"https:\/\/secure.gravatar.com\/avatar\/12db1fb8bfe20deb7a2d4ddc95b9042b?s=96&d=mm&r=g","caption":"Olympia M\u00e9ndez"},"url":"https:\/\/agrupacionespsoe.es\/acoruna\/author\/acoruna2\/"}]}},"jetpack_featured_media_url":"https:\/\/agrupacionespsoe.es\/acoruna\/wp-content\/uploads\/sites\/198\/2026\/01\/PSOE-ZAS-21-de-xaneiro.jpg","jetpack_sharing_enabled":true,"jetpack_likes_enabled":true,"_links":{"self":[{"href":"https:\/\/agrupacionespsoe.es\/acoruna\/wp-json\/wp\/v2\/posts\/2626","targetHints":{"allow":["GET"]}}],"collection":[{"href":"https:\/\/agrupacionespsoe.es\/acoruna\/wp-json\/wp\/v2\/posts"}],"about":[{"href":"https:\/\/agrupacionespsoe.es\/acoruna\/wp-json\/wp\/v2\/types\/post"}],"author":[{"embeddable":true,"href":"https:\/\/agrupacionespsoe.es\/acoruna\/wp-json\/wp\/v2\/users\/282"}],"replies":[{"embeddable":true,"href":"https:\/\/agrupacionespsoe.es\/acoruna\/wp-json\/wp\/v2\/comments?post=2626"}],"version-history":[{"count":2,"href":"https:\/\/agrupacionespsoe.es\/acoruna\/wp-json\/wp\/v2\/posts\/2626\/revisions"}],"predecessor-version":[{"id":2630,"href":"https:\/\/agrupacionespsoe.es\/acoruna\/wp-json\/wp\/v2\/posts\/2626\/revisions\/2630"}],"wp:featuredmedia":[{"embeddable":true,"href":"https:\/\/agrupacionespsoe.es\/acoruna\/wp-json\/wp\/v2\/media\/2628"}],"wp:attachment":[{"href":"https:\/\/agrupacionespsoe.es\/acoruna\/wp-json\/wp\/v2\/media?parent=2626"}],"wp:term":[{"taxonomy":"category","embeddable":true,"href":"https:\/\/agrupacionespsoe.es\/acoruna\/wp-json\/wp\/v2\/categories?post=2626"},{"taxonomy":"post_tag","embeddable":true,"href":"https:\/\/agrupacionespsoe.es\/acoruna\/wp-json\/wp\/v2\/tags?post=2626"}],"curies":[{"name":"wp","href":"https:\/\/api.w.org\/{rel}","templated":true}]}}