{"id":2604,"date":"2026-01-16T16:15:45","date_gmt":"2026-01-16T15:15:45","guid":{"rendered":"https:\/\/agrupacionespsoe.es\/acoruna\/?p=2604"},"modified":"2026-01-16T16:15:47","modified_gmt":"2026-01-16T15:15:47","slug":"o-psdeg-psoe-reclama-a-xunta-a-construccion-dun-centro-de-dia-en-noia","status":"publish","type":"post","link":"https:\/\/agrupacionespsoe.es\/acoruna\/o-psdeg-psoe-reclama-a-xunta-a-construccion-dun-centro-de-dia-en-noia\/","title":{"rendered":"O PSdeG-PSOE reclama \u00e1 Xunta a construcci\u00f3n dun centro de d\u00eda en Noia"},"content":{"rendered":"\n<ul class=\"wp-block-list\">\n<li><strong>A deputada socialista, Patricia Iglesias, anuncia que rexistrar\u00e1 unha petici\u00f3n no Parlamento de Galicia<\/strong><\/li>\n<\/ul>\n\n\n\n<section class=\"wp-block-psoe-separador bg-primary px-2\"><hr class=\"color-white bg-white opacity-1 h-[1px] w-full\" \/><\/section>\n\n\n\n<p class=\"has-medium-font-size\">O PSdeG-PSOE trasladar\u00e1 ao Parlamento de Galicia a petici\u00f3n do Concello de Noia para a construci\u00f3n dun centro de d\u00eda para as persoas maiores da localidade. As\u00ed o anunciou a deputada socialista, Patricia Iglesias, tras unha reuni\u00f3n institucional co alcalde, Francisco P\u00e9rez, que tivo lugar esta ma\u00f1\u00e1.<\/p>\n\n\n\n<p class=\"has-medium-font-size\">Durante o encontro, o alcalde expuxo a necesidade de contar cun centro de d\u00eda para a atenci\u00f3n das persoas maiores da localidade, trat\u00e1ndose \u201cdunha das prioridades para a vila\u201d, segundo indicou Iglesias, e engadiu que \u201ctraballadores e traballadoras durante toda a s\u00faa vida merecen un coidado digno, unha vellez digna\u201d.<\/p>\n\n\n\n<p class=\"has-medium-font-size\">A deputada socialista afirmou que \u201cexiste unha solicitude formal por parte do alcalde dirixida \u00e1 Conselleira de Pol\u00edtica Social da Xunta de Galicia\u201d, pola contra, \u201ca d\u00eda de hoxe a\u00ednda non contestou\u201d,<\/p>\n\n\n\n<p class=\"has-medium-font-size\">O alcalde manifestou disposici\u00f3n para colaborar coa Xunta no desenvolvemento do proxecto, inclu\u00edndo a posibilidade de facilitar terreos para a s\u00faa construci\u00f3n. A deputada explicou que, malia esta vontade de cooperaci\u00f3n institucional, non se recibiu contestaci\u00f3n por parte da Conseller\u00eda, que \u201cmant\u00e9n silencio\u201d sobre a petici\u00f3n formulada.<\/p>\n\n\n\n<p class=\"has-medium-font-size\">Ante esta situaci\u00f3n, Iglesias anunciou que rexistrar\u00e1 no Parlamento de Galicia a petici\u00f3n formulada polo alcalde de Noia para reclamar a construci\u00f3n do centro de d\u00eda \u201cpara os maiores da vila\u201d.<\/p>\n","protected":false},"excerpt":{"rendered":"<p>O PSdeG-PSOE trasladar\u00e1 ao Parlamento de Galicia a petici\u00f3n do Concello de Noia para a construci\u00f3n dun centro de d\u00eda para as persoas maiores da localidade. As\u00ed o anunciou a deputada socialista, Patricia Iglesias, tras unha reuni\u00f3n institucional co alcalde, Francisco P\u00e9rez, que tivo lugar esta ma\u00f1\u00e1. Durante o encontro, o alcalde expuxo a necesidade &#8230;<\/p>\n","protected":false},"author":282,"featured_media":2605,"comment_status":"open","ping_status":"open","sticky":false,"template":"","format":"standard","meta":{"_jetpack_memberships_contains_paid_content":false,"footnotes":""},"categories":[235,789,68],"tags":[791,793,101,611,50,54,167,22,159],"class_list":["post-2604","post","type-post","status-publish","format-standard","has-post-thumbnail","hentry","category-maiores","category-noia","category-parlamento-de-galicia","tag-centro-de-dia","tag-francisco-perez","tag-maiores","tag-noia","tag-parlamento-de-galicia","tag-patricia-iglesias","tag-politicas-sociais","tag-psdeg-psoe","tag-xunta-de-galicia"],"yoast_head":"<!-- This site is optimized with the Yoast SEO plugin v24.0 - https:\/\/yoast.com\/wordpress\/plugins\/seo\/ -->\n<title>O PSdeG-PSOE reclama \u00e1 Xunta a construcci\u00f3n dun centro de d\u00eda en Noia - Agrupaci\u00f3n Provincial da Coru\u00f1a PSOE<\/title>\n<meta name=\"description\" content=\"A deputada socialista, Patricia Iglesias, anuncia que rexistrar\u00e1 unha petici\u00f3n no Parlamento de Galicia.\" \/>\n<meta name=\"robots\" content=\"index, follow, max-snippet:-1, max-image-preview:large, max-video-preview:-1\" \/>\n<link rel=\"canonical\" href=\"https:\/\/agrupacionespsoe.es\/acoruna\/o-psdeg-psoe-reclama-a-xunta-a-construccion-dun-centro-de-dia-en-noia\/\" \/>\n<meta property=\"og:locale\" content=\"es_ES\" \/>\n<meta property=\"og:type\" content=\"article\" \/>\n<meta property=\"og:title\" content=\"O PSdeG-PSOE reclama \u00e1 Xunta a construcci\u00f3n dun centro de d\u00eda en Noia - Agrupaci\u00f3n Provincial da Coru\u00f1a PSOE\" \/>\n<meta property=\"og:description\" content=\"A deputada socialista, Patricia Iglesias, anuncia que rexistrar\u00e1 unha petici\u00f3n no Parlamento de Galicia.\" \/>\n<meta property=\"og:url\" content=\"https:\/\/agrupacionespsoe.es\/acoruna\/o-psdeg-psoe-reclama-a-xunta-a-construccion-dun-centro-de-dia-en-noia\/\" \/>\n<meta property=\"og:site_name\" content=\"Agrupaci\u00f3n Provincial da Coru\u00f1a PSOE\" \/>\n<meta property=\"article:published_time\" content=\"2026-01-16T15:15:45+00:00\" \/>\n<meta property=\"article:modified_time\" content=\"2026-01-16T15:15:47+00:00\" \/>\n<meta property=\"og:image\" content=\"https:\/\/agrupacionespsoe.es\/acoruna\/wp-content\/uploads\/sites\/198\/2026\/01\/Centro-de-dia-en-Noia.jpeg\" \/>\n\t<meta property=\"og:image:width\" content=\"2560\" \/>\n\t<meta property=\"og:image:height\" content=\"1706\" \/>\n\t<meta property=\"og:image:type\" content=\"image\/jpeg\" \/>\n<meta name=\"author\" content=\"Olympia M\u00e9ndez\" \/>\n<meta name=\"twitter:card\" content=\"summary_large_image\" \/>\n<meta name=\"twitter:label1\" content=\"Escrito por\" \/>\n\t<meta name=\"twitter:data1\" content=\"Olympia M\u00e9ndez\" \/>\n\t<meta name=\"twitter:label2\" content=\"Tiempo de lectura\" \/>\n\t<meta name=\"twitter:data2\" content=\"2 minutos\" \/>\n<script type=\"application\/ld+json\" class=\"yoast-schema-graph\">{\"@context\":\"https:\/\/schema.org\",\"@graph\":[{\"@type\":\"Article\",\"@id\":\"https:\/\/agrupacionespsoe.es\/acoruna\/o-psdeg-psoe-reclama-a-xunta-a-construccion-dun-centro-de-dia-en-noia\/#article\",\"isPartOf\":{\"@id\":\"https:\/\/agrupacionespsoe.es\/acoruna\/o-psdeg-psoe-reclama-a-xunta-a-construccion-dun-centro-de-dia-en-noia\/\"},\"author\":{\"name\":\"Olympia M\u00e9ndez\",\"@id\":\"https:\/\/agrupacionespsoe.es\/acoruna\/#\/schema\/person\/dbf2b36187b136d06a53f7937d5d5af9\"},\"headline\":\"O PSdeG-PSOE reclama \u00e1 Xunta a construcci\u00f3n dun centro de d\u00eda en Noia\",\"datePublished\":\"2026-01-16T15:15:45+00:00\",\"dateModified\":\"2026-01-16T15:15:47+00:00\",\"mainEntityOfPage\":{\"@id\":\"https:\/\/agrupacionespsoe.es\/acoruna\/o-psdeg-psoe-reclama-a-xunta-a-construccion-dun-centro-de-dia-en-noia\/\"},\"wordCount\":260,\"commentCount\":0,\"publisher\":{\"@id\":\"https:\/\/agrupacionespsoe.es\/acoruna\/#organization\"},\"image\":{\"@id\":\"https:\/\/agrupacionespsoe.es\/acoruna\/o-psdeg-psoe-reclama-a-xunta-a-construccion-dun-centro-de-dia-en-noia\/#primaryimage\"},\"thumbnailUrl\":\"https:\/\/agrupacionespsoe.es\/acoruna\/wp-content\/uploads\/sites\/198\/2026\/01\/Centro-de-dia-en-Noia.jpeg\",\"keywords\":[\"Centro de d\u00eda\",\"Francisco P\u00e9rez\",\"Maiores\",\"Noia\",\"Parlamento de Galicia\",\"Patricia Iglesias\",\"Pol\u00edticas Sociais\",\"PSdeG-PSOE\",\"Xunta de Galicia\"],\"articleSection\":[\"Maiores\",\"Noia\",\"Parlamento de Galicia\"],\"inLanguage\":\"es\",\"potentialAction\":[{\"@type\":\"CommentAction\",\"name\":\"Comment\",\"target\":[\"https:\/\/agrupacionespsoe.es\/acoruna\/o-psdeg-psoe-reclama-a-xunta-a-construccion-dun-centro-de-dia-en-noia\/#respond\"]}]},{\"@type\":\"WebPage\",\"@id\":\"https:\/\/agrupacionespsoe.es\/acoruna\/o-psdeg-psoe-reclama-a-xunta-a-construccion-dun-centro-de-dia-en-noia\/\",\"url\":\"https:\/\/agrupacionespsoe.es\/acoruna\/o-psdeg-psoe-reclama-a-xunta-a-construccion-dun-centro-de-dia-en-noia\/\",\"name\":\"O PSdeG-PSOE reclama \u00e1 Xunta a construcci\u00f3n dun centro de d\u00eda en Noia - Agrupaci\u00f3n Provincial da Coru\u00f1a PSOE\",\"isPartOf\":{\"@id\":\"https:\/\/agrupacionespsoe.es\/acoruna\/#website\"},\"primaryImageOfPage\":{\"@id\":\"https:\/\/agrupacionespsoe.es\/acoruna\/o-psdeg-psoe-reclama-a-xunta-a-construccion-dun-centro-de-dia-en-noia\/#primaryimage\"},\"image\":{\"@id\":\"https:\/\/agrupacionespsoe.es\/acoruna\/o-psdeg-psoe-reclama-a-xunta-a-construccion-dun-centro-de-dia-en-noia\/#primaryimage\"},\"thumbnailUrl\":\"https:\/\/agrupacionespsoe.es\/acoruna\/wp-content\/uploads\/sites\/198\/2026\/01\/Centro-de-dia-en-Noia.jpeg\",\"datePublished\":\"2026-01-16T15:15:45+00:00\",\"dateModified\":\"2026-01-16T15:15:47+00:00\",\"description\":\"A deputada socialista, Patricia Iglesias, anuncia que rexistrar\u00e1 unha petici\u00f3n no Parlamento de Galicia.\",\"breadcrumb\":{\"@id\":\"https:\/\/agrupacionespsoe.es\/acoruna\/o-psdeg-psoe-reclama-a-xunta-a-construccion-dun-centro-de-dia-en-noia\/#breadcrumb\"},\"inLanguage\":\"es\",\"potentialAction\":[{\"@type\":\"ReadAction\",\"target\":[\"https:\/\/agrupacionespsoe.es\/acoruna\/o-psdeg-psoe-reclama-a-xunta-a-construccion-dun-centro-de-dia-en-noia\/\"]}]},{\"@type\":\"ImageObject\",\"inLanguage\":\"es\",\"@id\":\"https:\/\/agrupacionespsoe.es\/acoruna\/o-psdeg-psoe-reclama-a-xunta-a-construccion-dun-centro-de-dia-en-noia\/#primaryimage\",\"url\":\"https:\/\/agrupacionespsoe.es\/acoruna\/wp-content\/uploads\/sites\/198\/2026\/01\/Centro-de-dia-en-Noia.jpeg\",\"contentUrl\":\"https:\/\/agrupacionespsoe.es\/acoruna\/wp-content\/uploads\/sites\/198\/2026\/01\/Centro-de-dia-en-Noia.jpeg\",\"width\":2560,\"height\":1706},{\"@type\":\"BreadcrumbList\",\"@id\":\"https:\/\/agrupacionespsoe.es\/acoruna\/o-psdeg-psoe-reclama-a-xunta-a-construccion-dun-centro-de-dia-en-noia\/#breadcrumb\",\"itemListElement\":[{\"@type\":\"ListItem\",\"position\":1,\"name\":\"Portada\",\"item\":\"https:\/\/agrupacionespsoe.es\/acoruna\/\"},{\"@type\":\"ListItem\",\"position\":2,\"name\":\"O PSdeG-PSOE reclama \u00e1 Xunta a construcci\u00f3n dun centro de d\u00eda en Noia\"}]},{\"@type\":\"WebSite\",\"@id\":\"https:\/\/agrupacionespsoe.es\/acoruna\/#website\",\"url\":\"https:\/\/agrupacionespsoe.es\/acoruna\/\",\"name\":\"Agrupaci\u00f3n Provincial da Coru\u00f1a PSOE\",\"description\":\"Provincial PSdeG-PSOE da Coru\u00f1a\",\"publisher\":{\"@id\":\"https:\/\/agrupacionespsoe.es\/acoruna\/#organization\"},\"potentialAction\":[{\"@type\":\"SearchAction\",\"target\":{\"@type\":\"EntryPoint\",\"urlTemplate\":\"https:\/\/agrupacionespsoe.es\/acoruna\/?s={search_term_string}\"},\"query-input\":{\"@type\":\"PropertyValueSpecification\",\"valueRequired\":true,\"valueName\":\"search_term_string\"}}],\"inLanguage\":\"es\"},{\"@type\":\"Organization\",\"@id\":\"https:\/\/agrupacionespsoe.es\/acoruna\/#organization\",\"name\":\"Agrupaci\u00f3n Provincial da Coru\u00f1a PSOE\",\"url\":\"https:\/\/agrupacionespsoe.es\/acoruna\/\",\"logo\":{\"@type\":\"ImageObject\",\"inLanguage\":\"es\",\"@id\":\"https:\/\/agrupacionespsoe.es\/acoruna\/#\/schema\/logo\/image\/\",\"url\":\"https:\/\/agrupacionespsoe.es\/wp-content\/uploads\/2022\/07\/Logotipo_electoral_del_PSOE.png\",\"contentUrl\":\"https:\/\/agrupacionespsoe.es\/wp-content\/uploads\/2022\/07\/Logotipo_electoral_del_PSOE.png\",\"width\":422,\"height\":422,\"caption\":\"Agrupaci\u00f3n Provincial da Coru\u00f1a PSOE\"},\"image\":{\"@id\":\"https:\/\/agrupacionespsoe.es\/acoruna\/#\/schema\/logo\/image\/\"}},{\"@type\":\"Person\",\"@id\":\"https:\/\/agrupacionespsoe.es\/acoruna\/#\/schema\/person\/dbf2b36187b136d06a53f7937d5d5af9\",\"name\":\"Olympia M\u00e9ndez\",\"image\":{\"@type\":\"ImageObject\",\"inLanguage\":\"es\",\"@id\":\"https:\/\/agrupacionespsoe.es\/acoruna\/#\/schema\/person\/image\/\",\"url\":\"https:\/\/secure.gravatar.com\/avatar\/12db1fb8bfe20deb7a2d4ddc95b9042b?s=96&d=mm&r=g\",\"contentUrl\":\"https:\/\/secure.gravatar.com\/avatar\/12db1fb8bfe20deb7a2d4ddc95b9042b?s=96&d=mm&r=g\",\"caption\":\"Olympia M\u00e9ndez\"},\"url\":\"https:\/\/agrupacionespsoe.es\/acoruna\/author\/acoruna2\/\"}]}<\/script>\n<!-- \/ Yoast SEO plugin. -->","yoast_head_json":{"title":"O PSdeG-PSOE reclama \u00e1 Xunta a construcci\u00f3n dun centro de d\u00eda en Noia - Agrupaci\u00f3n Provincial da Coru\u00f1a PSOE","description":"A deputada socialista, Patricia Iglesias, anuncia que rexistrar\u00e1 unha petici\u00f3n no Parlamento de Galicia.","robots":{"index":"index","follow":"follow","max-snippet":"max-snippet:-1","max-image-preview":"max-image-preview:large","max-video-preview":"max-video-preview:-1"},"canonical":"https:\/\/agrupacionespsoe.es\/acoruna\/o-psdeg-psoe-reclama-a-xunta-a-construccion-dun-centro-de-dia-en-noia\/","og_locale":"es_ES","og_type":"article","og_title":"O PSdeG-PSOE reclama \u00e1 Xunta a construcci\u00f3n dun centro de d\u00eda en Noia - Agrupaci\u00f3n Provincial da Coru\u00f1a PSOE","og_description":"A deputada socialista, Patricia Iglesias, anuncia que rexistrar\u00e1 unha petici\u00f3n no Parlamento de Galicia.","og_url":"https:\/\/agrupacionespsoe.es\/acoruna\/o-psdeg-psoe-reclama-a-xunta-a-construccion-dun-centro-de-dia-en-noia\/","og_site_name":"Agrupaci\u00f3n Provincial da Coru\u00f1a PSOE","article_published_time":"2026-01-16T15:15:45+00:00","article_modified_time":"2026-01-16T15:15:47+00:00","og_image":[{"width":2560,"height":1706,"url":"https:\/\/agrupacionespsoe.es\/acoruna\/wp-content\/uploads\/sites\/198\/2026\/01\/Centro-de-dia-en-Noia.jpeg","type":"image\/jpeg"}],"author":"Olympia M\u00e9ndez","twitter_card":"summary_large_image","twitter_misc":{"Escrito por":"Olympia M\u00e9ndez","Tiempo de lectura":"2 minutos"},"schema":{"@context":"https:\/\/schema.org","@graph":[{"@type":"Article","@id":"https:\/\/agrupacionespsoe.es\/acoruna\/o-psdeg-psoe-reclama-a-xunta-a-construccion-dun-centro-de-dia-en-noia\/#article","isPartOf":{"@id":"https:\/\/agrupacionespsoe.es\/acoruna\/o-psdeg-psoe-reclama-a-xunta-a-construccion-dun-centro-de-dia-en-noia\/"},"author":{"name":"Olympia M\u00e9ndez","@id":"https:\/\/agrupacionespsoe.es\/acoruna\/#\/schema\/person\/dbf2b36187b136d06a53f7937d5d5af9"},"headline":"O PSdeG-PSOE reclama \u00e1 Xunta a construcci\u00f3n dun centro de d\u00eda en Noia","datePublished":"2026-01-16T15:15:45+00:00","dateModified":"2026-01-16T15:15:47+00:00","mainEntityOfPage":{"@id":"https:\/\/agrupacionespsoe.es\/acoruna\/o-psdeg-psoe-reclama-a-xunta-a-construccion-dun-centro-de-dia-en-noia\/"},"wordCount":260,"commentCount":0,"publisher":{"@id":"https:\/\/agrupacionespsoe.es\/acoruna\/#organization"},"image":{"@id":"https:\/\/agrupacionespsoe.es\/acoruna\/o-psdeg-psoe-reclama-a-xunta-a-construccion-dun-centro-de-dia-en-noia\/#primaryimage"},"thumbnailUrl":"https:\/\/agrupacionespsoe.es\/acoruna\/wp-content\/uploads\/sites\/198\/2026\/01\/Centro-de-dia-en-Noia.jpeg","keywords":["Centro de d\u00eda","Francisco P\u00e9rez","Maiores","Noia","Parlamento de Galicia","Patricia Iglesias","Pol\u00edticas Sociais","PSdeG-PSOE","Xunta de Galicia"],"articleSection":["Maiores","Noia","Parlamento de Galicia"],"inLanguage":"es","potentialAction":[{"@type":"CommentAction","name":"Comment","target":["https:\/\/agrupacionespsoe.es\/acoruna\/o-psdeg-psoe-reclama-a-xunta-a-construccion-dun-centro-de-dia-en-noia\/#respond"]}]},{"@type":"WebPage","@id":"https:\/\/agrupacionespsoe.es\/acoruna\/o-psdeg-psoe-reclama-a-xunta-a-construccion-dun-centro-de-dia-en-noia\/","url":"https:\/\/agrupacionespsoe.es\/acoruna\/o-psdeg-psoe-reclama-a-xunta-a-construccion-dun-centro-de-dia-en-noia\/","name":"O PSdeG-PSOE reclama \u00e1 Xunta a construcci\u00f3n dun centro de d\u00eda en Noia - Agrupaci\u00f3n Provincial da Coru\u00f1a PSOE","isPartOf":{"@id":"https:\/\/agrupacionespsoe.es\/acoruna\/#website"},"primaryImageOfPage":{"@id":"https:\/\/agrupacionespsoe.es\/acoruna\/o-psdeg-psoe-reclama-a-xunta-a-construccion-dun-centro-de-dia-en-noia\/#primaryimage"},"image":{"@id":"https:\/\/agrupacionespsoe.es\/acoruna\/o-psdeg-psoe-reclama-a-xunta-a-construccion-dun-centro-de-dia-en-noia\/#primaryimage"},"thumbnailUrl":"https:\/\/agrupacionespsoe.es\/acoruna\/wp-content\/uploads\/sites\/198\/2026\/01\/Centro-de-dia-en-Noia.jpeg","datePublished":"2026-01-16T15:15:45+00:00","dateModified":"2026-01-16T15:15:47+00:00","description":"A deputada socialista, Patricia Iglesias, anuncia que rexistrar\u00e1 unha petici\u00f3n no Parlamento de Galicia.","breadcrumb":{"@id":"https:\/\/agrupacionespsoe.es\/acoruna\/o-psdeg-psoe-reclama-a-xunta-a-construccion-dun-centro-de-dia-en-noia\/#breadcrumb"},"inLanguage":"es","potentialAction":[{"@type":"ReadAction","target":["https:\/\/agrupacionespsoe.es\/acoruna\/o-psdeg-psoe-reclama-a-xunta-a-construccion-dun-centro-de-dia-en-noia\/"]}]},{"@type":"ImageObject","inLanguage":"es","@id":"https:\/\/agrupacionespsoe.es\/acoruna\/o-psdeg-psoe-reclama-a-xunta-a-construccion-dun-centro-de-dia-en-noia\/#primaryimage","url":"https:\/\/agrupacionespsoe.es\/acoruna\/wp-content\/uploads\/sites\/198\/2026\/01\/Centro-de-dia-en-Noia.jpeg","contentUrl":"https:\/\/agrupacionespsoe.es\/acoruna\/wp-content\/uploads\/sites\/198\/2026\/01\/Centro-de-dia-en-Noia.jpeg","width":2560,"height":1706},{"@type":"BreadcrumbList","@id":"https:\/\/agrupacionespsoe.es\/acoruna\/o-psdeg-psoe-reclama-a-xunta-a-construccion-dun-centro-de-dia-en-noia\/#breadcrumb","itemListElement":[{"@type":"ListItem","position":1,"name":"Portada","item":"https:\/\/agrupacionespsoe.es\/acoruna\/"},{"@type":"ListItem","position":2,"name":"O PSdeG-PSOE reclama \u00e1 Xunta a construcci\u00f3n dun centro de d\u00eda en Noia"}]},{"@type":"WebSite","@id":"https:\/\/agrupacionespsoe.es\/acoruna\/#website","url":"https:\/\/agrupacionespsoe.es\/acoruna\/","name":"Agrupaci\u00f3n Provincial da Coru\u00f1a PSOE","description":"Provincial PSdeG-PSOE da Coru\u00f1a","publisher":{"@id":"https:\/\/agrupacionespsoe.es\/acoruna\/#organization"},"potentialAction":[{"@type":"SearchAction","target":{"@type":"EntryPoint","urlTemplate":"https:\/\/agrupacionespsoe.es\/acoruna\/?s={search_term_string}"},"query-input":{"@type":"PropertyValueSpecification","valueRequired":true,"valueName":"search_term_string"}}],"inLanguage":"es"},{"@type":"Organization","@id":"https:\/\/agrupacionespsoe.es\/acoruna\/#organization","name":"Agrupaci\u00f3n Provincial da Coru\u00f1a PSOE","url":"https:\/\/agrupacionespsoe.es\/acoruna\/","logo":{"@type":"ImageObject","inLanguage":"es","@id":"https:\/\/agrupacionespsoe.es\/acoruna\/#\/schema\/logo\/image\/","url":"https:\/\/agrupacionespsoe.es\/wp-content\/uploads\/2022\/07\/Logotipo_electoral_del_PSOE.png","contentUrl":"https:\/\/agrupacionespsoe.es\/wp-content\/uploads\/2022\/07\/Logotipo_electoral_del_PSOE.png","width":422,"height":422,"caption":"Agrupaci\u00f3n Provincial da Coru\u00f1a PSOE"},"image":{"@id":"https:\/\/agrupacionespsoe.es\/acoruna\/#\/schema\/logo\/image\/"}},{"@type":"Person","@id":"https:\/\/agrupacionespsoe.es\/acoruna\/#\/schema\/person\/dbf2b36187b136d06a53f7937d5d5af9","name":"Olympia M\u00e9ndez","image":{"@type":"ImageObject","inLanguage":"es","@id":"https:\/\/agrupacionespsoe.es\/acoruna\/#\/schema\/person\/image\/","url":"https:\/\/secure.gravatar.com\/avatar\/12db1fb8bfe20deb7a2d4ddc95b9042b?s=96&d=mm&r=g","contentUrl":"https:\/\/secure.gravatar.com\/avatar\/12db1fb8bfe20deb7a2d4ddc95b9042b?s=96&d=mm&r=g","caption":"Olympia M\u00e9ndez"},"url":"https:\/\/agrupacionespsoe.es\/acoruna\/author\/acoruna2\/"}]}},"jetpack_featured_media_url":"https:\/\/agrupacionespsoe.es\/acoruna\/wp-content\/uploads\/sites\/198\/2026\/01\/Centro-de-dia-en-Noia.jpeg","jetpack_sharing_enabled":true,"jetpack_likes_enabled":true,"_links":{"self":[{"href":"https:\/\/agrupacionespsoe.es\/acoruna\/wp-json\/wp\/v2\/posts\/2604","targetHints":{"allow":["GET"]}}],"collection":[{"href":"https:\/\/agrupacionespsoe.es\/acoruna\/wp-json\/wp\/v2\/posts"}],"about":[{"href":"https:\/\/agrupacionespsoe.es\/acoruna\/wp-json\/wp\/v2\/types\/post"}],"author":[{"embeddable":true,"href":"https:\/\/agrupacionespsoe.es\/acoruna\/wp-json\/wp\/v2\/users\/282"}],"replies":[{"embeddable":true,"href":"https:\/\/agrupacionespsoe.es\/acoruna\/wp-json\/wp\/v2\/comments?post=2604"}],"version-history":[{"count":2,"href":"https:\/\/agrupacionespsoe.es\/acoruna\/wp-json\/wp\/v2\/posts\/2604\/revisions"}],"predecessor-version":[{"id":2607,"href":"https:\/\/agrupacionespsoe.es\/acoruna\/wp-json\/wp\/v2\/posts\/2604\/revisions\/2607"}],"wp:featuredmedia":[{"embeddable":true,"href":"https:\/\/agrupacionespsoe.es\/acoruna\/wp-json\/wp\/v2\/media\/2605"}],"wp:attachment":[{"href":"https:\/\/agrupacionespsoe.es\/acoruna\/wp-json\/wp\/v2\/media?parent=2604"}],"wp:term":[{"taxonomy":"category","embeddable":true,"href":"https:\/\/agrupacionespsoe.es\/acoruna\/wp-json\/wp\/v2\/categories?post=2604"},{"taxonomy":"post_tag","embeddable":true,"href":"https:\/\/agrupacionespsoe.es\/acoruna\/wp-json\/wp\/v2\/tags?post=2604"}],"curies":[{"name":"wp","href":"https:\/\/api.w.org\/{rel}","templated":true}]}}