{"id":2517,"date":"2025-12-06T19:04:57","date_gmt":"2025-12-06T18:04:57","guid":{"rendered":"https:\/\/agrupacionespsoe.es\/acoruna\/?p=2517"},"modified":"2025-12-06T19:04:58","modified_gmt":"2025-12-06T18:04:58","slug":"o-psoe-da-laracha-solicita-un-plan-integral-para-a-cobertura-dos-parques-infantis","status":"publish","type":"post","link":"https:\/\/agrupacionespsoe.es\/acoruna\/o-psoe-da-laracha-solicita-un-plan-integral-para-a-cobertura-dos-parques-infantis\/","title":{"rendered":"O PSOE da Laracha solicita un Plan Integral para a cobertura dos parques infant\u00eds"},"content":{"rendered":"\n<ul class=\"wp-block-list\">\n<li><strong>A iniciativa socialista chega tras as demandas expresadas no Pleno Infantil celebrado o 2 de decembro<\/strong><\/li>\n<\/ul>\n\n\n\n<section class=\"wp-block-psoe-separador bg-primary px-2\"><hr class=\"color-white bg-white opacity-1 h-[1px] w-full\" \/><\/section>\n\n\n\n<p class=\"has-medium-font-size\">O Grupo Socialista da Laracha, a trav\u00e9s da s\u00faa voceira In\u00e9s Ramos, presentar\u00e1 unha iniciativa para instar ao goberno local \u00e1 elaboraci\u00f3n dun Plan Integral de Cobertura dos Parques Infant\u00eds do municipio. A proposta chega despois do Pleno Infantil celebrado o 2 de decembro, no que o alumnado participante solicitou a creaci\u00f3n de espazos de xogo cubertos e utilizables durante todo o ano.<\/p>\n\n\n\n<p class=\"has-medium-font-size\">In\u00e9s Ramos afirmou que \u201cos nenos e nenas da Laracha, as\u00ed como as s\u00faas familias, merecen parques seguros, accesibles e \u00fatiles os 365 d\u00edas do ano\u201d. Na iniciativa, o PSOE da Laracha solicita ao Concello a aprobaci\u00f3n dun documento t\u00e9cnico que analice o estado actual dos parques infant\u00eds e a viabilidade da s\u00faa cobertura, a creaci\u00f3n dun plan municipal que garanta espazos de xogo cubertos en todas as zonas do concello, a programaci\u00f3n de investimentos plurianuais con partidas espec\u00edficas a partir de 2026 e a implantaci\u00f3n dun sistema de informaci\u00f3n que permita \u00e1 veci\u00f1anza co\u00f1ecer prazos, orzamentos e avances. <\/p>\n\n\n\n<p class=\"has-medium-font-size\">Ramos tam\u00e9n valorou positivamente a retransmisi\u00f3n do Pleno Infantil a trav\u00e9s da canle oficial de YouTube, indicando que \u201cfacilitou o seguimento da sesi\u00f3n por parte da veci\u00f1anza\u201d. A voceira socialista insistiu en que esta pr\u00e1ctica se estenda aos plenos ordinarios e afirmou que \u201ca emisi\u00f3n en directo \u00e9 unha ferramenta esencial para achegar a actividade municipal \u00e1 cidadan\u00eda e reforzar a transparencia\u201d, e pediu que esta pr\u00e1ctica se estenda aos plenos ordinarios.<\/p>\n","protected":false},"excerpt":{"rendered":"<p>O Grupo Socialista da Laracha, a trav\u00e9s da s\u00faa voceira In\u00e9s Ramos, presentar\u00e1 unha iniciativa para instar ao goberno local \u00e1 elaboraci\u00f3n dun Plan Integral de Cobertura dos Parques Infant\u00eds do municipio. A proposta chega despois do Pleno Infantil celebrado o 2 de decembro, no que o alumnado participante solicitou a creaci\u00f3n de espazos de &#8230;<\/p>\n","protected":false},"author":282,"featured_media":1231,"comment_status":"open","ping_status":"open","sticky":false,"template":"","format":"standard","meta":{"_jetpack_memberships_contains_paid_content":false,"footnotes":""},"categories":[97,56,221],"tags":[355,58,287,511,95,22,495],"class_list":["post-2517","post","type-post","status-publish","format-standard","has-post-thumbnail","hentry","category-a-laracha","category-infraestruturas","category-politica-municipal","tag-ines-ramos","tag-infraestruturas","tag-orzamentos","tag-pleno","tag-politica-municipal","tag-psdeg-psoe","tag-transparencia"],"yoast_head":"<!-- This site is optimized with the Yoast SEO plugin v24.0 - https:\/\/yoast.com\/wordpress\/plugins\/seo\/ -->\n<title>O PSOE da Laracha solicita un Plan Integral para a cobertura dos parques infant\u00eds - Agrupaci\u00f3n Provincial da Coru\u00f1a PSOE<\/title>\n<meta name=\"description\" content=\"A iniciativa socialista chega tras as demandas expresadas no Pleno Infantil celebrado o 2 de decembro.\" \/>\n<meta name=\"robots\" content=\"index, follow, max-snippet:-1, max-image-preview:large, max-video-preview:-1\" \/>\n<link rel=\"canonical\" href=\"https:\/\/agrupacionespsoe.es\/acoruna\/o-psoe-da-laracha-solicita-un-plan-integral-para-a-cobertura-dos-parques-infantis\/\" \/>\n<meta property=\"og:locale\" content=\"es_ES\" \/>\n<meta property=\"og:type\" content=\"article\" \/>\n<meta property=\"og:title\" content=\"O PSOE da Laracha solicita un Plan Integral para a cobertura dos parques infant\u00eds - Agrupaci\u00f3n Provincial da Coru\u00f1a PSOE\" \/>\n<meta property=\"og:description\" content=\"A iniciativa socialista chega tras as demandas expresadas no Pleno Infantil celebrado o 2 de decembro.\" \/>\n<meta property=\"og:url\" content=\"https:\/\/agrupacionespsoe.es\/acoruna\/o-psoe-da-laracha-solicita-un-plan-integral-para-a-cobertura-dos-parques-infantis\/\" \/>\n<meta property=\"og:site_name\" content=\"Agrupaci\u00f3n Provincial da Coru\u00f1a PSOE\" \/>\n<meta property=\"article:published_time\" content=\"2025-12-06T18:04:57+00:00\" \/>\n<meta property=\"article:modified_time\" content=\"2025-12-06T18:04:58+00:00\" \/>\n<meta property=\"og:image\" content=\"https:\/\/agrupacionespsoe.es\/acoruna\/wp-content\/uploads\/sites\/198\/2025\/03\/PSOE-A-LARACHA-7-de-marzo-2.jpg\" \/>\n\t<meta property=\"og:image:width\" content=\"1200\" \/>\n\t<meta property=\"og:image:height\" content=\"1200\" \/>\n\t<meta property=\"og:image:type\" content=\"image\/jpeg\" \/>\n<meta name=\"author\" content=\"Olympia M\u00e9ndez\" \/>\n<meta name=\"twitter:card\" content=\"summary_large_image\" \/>\n<meta name=\"twitter:label1\" content=\"Escrito por\" \/>\n\t<meta name=\"twitter:data1\" content=\"Olympia M\u00e9ndez\" \/>\n\t<meta name=\"twitter:label2\" content=\"Tiempo de lectura\" \/>\n\t<meta name=\"twitter:data2\" content=\"2 minutos\" \/>\n<script type=\"application\/ld+json\" class=\"yoast-schema-graph\">{\"@context\":\"https:\/\/schema.org\",\"@graph\":[{\"@type\":\"Article\",\"@id\":\"https:\/\/agrupacionespsoe.es\/acoruna\/o-psoe-da-laracha-solicita-un-plan-integral-para-a-cobertura-dos-parques-infantis\/#article\",\"isPartOf\":{\"@id\":\"https:\/\/agrupacionespsoe.es\/acoruna\/o-psoe-da-laracha-solicita-un-plan-integral-para-a-cobertura-dos-parques-infantis\/\"},\"author\":{\"name\":\"Olympia M\u00e9ndez\",\"@id\":\"https:\/\/agrupacionespsoe.es\/acoruna\/#\/schema\/person\/dbf2b36187b136d06a53f7937d5d5af9\"},\"headline\":\"O PSOE da Laracha solicita un Plan Integral para a cobertura dos parques infant\u00eds\",\"datePublished\":\"2025-12-06T18:04:57+00:00\",\"dateModified\":\"2025-12-06T18:04:58+00:00\",\"mainEntityOfPage\":{\"@id\":\"https:\/\/agrupacionespsoe.es\/acoruna\/o-psoe-da-laracha-solicita-un-plan-integral-para-a-cobertura-dos-parques-infantis\/\"},\"wordCount\":286,\"commentCount\":0,\"publisher\":{\"@id\":\"https:\/\/agrupacionespsoe.es\/acoruna\/#organization\"},\"image\":{\"@id\":\"https:\/\/agrupacionespsoe.es\/acoruna\/o-psoe-da-laracha-solicita-un-plan-integral-para-a-cobertura-dos-parques-infantis\/#primaryimage\"},\"thumbnailUrl\":\"https:\/\/agrupacionespsoe.es\/acoruna\/wp-content\/uploads\/sites\/198\/2025\/03\/PSOE-A-LARACHA-7-de-marzo-2.jpg\",\"keywords\":[\"In\u00e9s Ramos\",\"Infraestruturas\",\"Orzamentos\",\"Pleno\",\"Pol\u00edtica Municipal\",\"PSdeG-PSOE\",\"Transparencia\"],\"articleSection\":[\"A Laracha\",\"Infraestruturas\",\"Pol\u00edtica Municipal\"],\"inLanguage\":\"es\",\"potentialAction\":[{\"@type\":\"CommentAction\",\"name\":\"Comment\",\"target\":[\"https:\/\/agrupacionespsoe.es\/acoruna\/o-psoe-da-laracha-solicita-un-plan-integral-para-a-cobertura-dos-parques-infantis\/#respond\"]}]},{\"@type\":\"WebPage\",\"@id\":\"https:\/\/agrupacionespsoe.es\/acoruna\/o-psoe-da-laracha-solicita-un-plan-integral-para-a-cobertura-dos-parques-infantis\/\",\"url\":\"https:\/\/agrupacionespsoe.es\/acoruna\/o-psoe-da-laracha-solicita-un-plan-integral-para-a-cobertura-dos-parques-infantis\/\",\"name\":\"O PSOE da Laracha solicita un Plan Integral para a cobertura dos parques infant\u00eds - Agrupaci\u00f3n Provincial da Coru\u00f1a PSOE\",\"isPartOf\":{\"@id\":\"https:\/\/agrupacionespsoe.es\/acoruna\/#website\"},\"primaryImageOfPage\":{\"@id\":\"https:\/\/agrupacionespsoe.es\/acoruna\/o-psoe-da-laracha-solicita-un-plan-integral-para-a-cobertura-dos-parques-infantis\/#primaryimage\"},\"image\":{\"@id\":\"https:\/\/agrupacionespsoe.es\/acoruna\/o-psoe-da-laracha-solicita-un-plan-integral-para-a-cobertura-dos-parques-infantis\/#primaryimage\"},\"thumbnailUrl\":\"https:\/\/agrupacionespsoe.es\/acoruna\/wp-content\/uploads\/sites\/198\/2025\/03\/PSOE-A-LARACHA-7-de-marzo-2.jpg\",\"datePublished\":\"2025-12-06T18:04:57+00:00\",\"dateModified\":\"2025-12-06T18:04:58+00:00\",\"description\":\"A iniciativa socialista chega tras as demandas expresadas no Pleno Infantil celebrado o 2 de decembro.\",\"breadcrumb\":{\"@id\":\"https:\/\/agrupacionespsoe.es\/acoruna\/o-psoe-da-laracha-solicita-un-plan-integral-para-a-cobertura-dos-parques-infantis\/#breadcrumb\"},\"inLanguage\":\"es\",\"potentialAction\":[{\"@type\":\"ReadAction\",\"target\":[\"https:\/\/agrupacionespsoe.es\/acoruna\/o-psoe-da-laracha-solicita-un-plan-integral-para-a-cobertura-dos-parques-infantis\/\"]}]},{\"@type\":\"ImageObject\",\"inLanguage\":\"es\",\"@id\":\"https:\/\/agrupacionespsoe.es\/acoruna\/o-psoe-da-laracha-solicita-un-plan-integral-para-a-cobertura-dos-parques-infantis\/#primaryimage\",\"url\":\"https:\/\/agrupacionespsoe.es\/acoruna\/wp-content\/uploads\/sites\/198\/2025\/03\/PSOE-A-LARACHA-7-de-marzo-2.jpg\",\"contentUrl\":\"https:\/\/agrupacionespsoe.es\/acoruna\/wp-content\/uploads\/sites\/198\/2025\/03\/PSOE-A-LARACHA-7-de-marzo-2.jpg\",\"width\":1200,\"height\":1200},{\"@type\":\"BreadcrumbList\",\"@id\":\"https:\/\/agrupacionespsoe.es\/acoruna\/o-psoe-da-laracha-solicita-un-plan-integral-para-a-cobertura-dos-parques-infantis\/#breadcrumb\",\"itemListElement\":[{\"@type\":\"ListItem\",\"position\":1,\"name\":\"Portada\",\"item\":\"https:\/\/agrupacionespsoe.es\/acoruna\/\"},{\"@type\":\"ListItem\",\"position\":2,\"name\":\"O PSOE da Laracha solicita un Plan Integral para a cobertura dos parques infant\u00eds\"}]},{\"@type\":\"WebSite\",\"@id\":\"https:\/\/agrupacionespsoe.es\/acoruna\/#website\",\"url\":\"https:\/\/agrupacionespsoe.es\/acoruna\/\",\"name\":\"Agrupaci\u00f3n Provincial da Coru\u00f1a PSOE\",\"description\":\"Provincial PSdeG-PSOE da Coru\u00f1a\",\"publisher\":{\"@id\":\"https:\/\/agrupacionespsoe.es\/acoruna\/#organization\"},\"potentialAction\":[{\"@type\":\"SearchAction\",\"target\":{\"@type\":\"EntryPoint\",\"urlTemplate\":\"https:\/\/agrupacionespsoe.es\/acoruna\/?s={search_term_string}\"},\"query-input\":{\"@type\":\"PropertyValueSpecification\",\"valueRequired\":true,\"valueName\":\"search_term_string\"}}],\"inLanguage\":\"es\"},{\"@type\":\"Organization\",\"@id\":\"https:\/\/agrupacionespsoe.es\/acoruna\/#organization\",\"name\":\"Agrupaci\u00f3n Provincial da Coru\u00f1a PSOE\",\"url\":\"https:\/\/agrupacionespsoe.es\/acoruna\/\",\"logo\":{\"@type\":\"ImageObject\",\"inLanguage\":\"es\",\"@id\":\"https:\/\/agrupacionespsoe.es\/acoruna\/#\/schema\/logo\/image\/\",\"url\":\"https:\/\/agrupacionespsoe.es\/wp-content\/uploads\/2022\/07\/Logotipo_electoral_del_PSOE.png\",\"contentUrl\":\"https:\/\/agrupacionespsoe.es\/wp-content\/uploads\/2022\/07\/Logotipo_electoral_del_PSOE.png\",\"width\":422,\"height\":422,\"caption\":\"Agrupaci\u00f3n Provincial da Coru\u00f1a PSOE\"},\"image\":{\"@id\":\"https:\/\/agrupacionespsoe.es\/acoruna\/#\/schema\/logo\/image\/\"}},{\"@type\":\"Person\",\"@id\":\"https:\/\/agrupacionespsoe.es\/acoruna\/#\/schema\/person\/dbf2b36187b136d06a53f7937d5d5af9\",\"name\":\"Olympia M\u00e9ndez\",\"image\":{\"@type\":\"ImageObject\",\"inLanguage\":\"es\",\"@id\":\"https:\/\/agrupacionespsoe.es\/acoruna\/#\/schema\/person\/image\/\",\"url\":\"https:\/\/secure.gravatar.com\/avatar\/12db1fb8bfe20deb7a2d4ddc95b9042b?s=96&d=mm&r=g\",\"contentUrl\":\"https:\/\/secure.gravatar.com\/avatar\/12db1fb8bfe20deb7a2d4ddc95b9042b?s=96&d=mm&r=g\",\"caption\":\"Olympia M\u00e9ndez\"},\"url\":\"https:\/\/agrupacionespsoe.es\/acoruna\/author\/acoruna2\/\"}]}<\/script>\n<!-- \/ Yoast SEO plugin. -->","yoast_head_json":{"title":"O PSOE da Laracha solicita un Plan Integral para a cobertura dos parques infant\u00eds - Agrupaci\u00f3n Provincial da Coru\u00f1a PSOE","description":"A iniciativa socialista chega tras as demandas expresadas no Pleno Infantil celebrado o 2 de decembro.","robots":{"index":"index","follow":"follow","max-snippet":"max-snippet:-1","max-image-preview":"max-image-preview:large","max-video-preview":"max-video-preview:-1"},"canonical":"https:\/\/agrupacionespsoe.es\/acoruna\/o-psoe-da-laracha-solicita-un-plan-integral-para-a-cobertura-dos-parques-infantis\/","og_locale":"es_ES","og_type":"article","og_title":"O PSOE da Laracha solicita un Plan Integral para a cobertura dos parques infant\u00eds - Agrupaci\u00f3n Provincial da Coru\u00f1a PSOE","og_description":"A iniciativa socialista chega tras as demandas expresadas no Pleno Infantil celebrado o 2 de decembro.","og_url":"https:\/\/agrupacionespsoe.es\/acoruna\/o-psoe-da-laracha-solicita-un-plan-integral-para-a-cobertura-dos-parques-infantis\/","og_site_name":"Agrupaci\u00f3n Provincial da Coru\u00f1a PSOE","article_published_time":"2025-12-06T18:04:57+00:00","article_modified_time":"2025-12-06T18:04:58+00:00","og_image":[{"width":1200,"height":1200,"url":"https:\/\/agrupacionespsoe.es\/acoruna\/wp-content\/uploads\/sites\/198\/2025\/03\/PSOE-A-LARACHA-7-de-marzo-2.jpg","type":"image\/jpeg"}],"author":"Olympia M\u00e9ndez","twitter_card":"summary_large_image","twitter_misc":{"Escrito por":"Olympia M\u00e9ndez","Tiempo de lectura":"2 minutos"},"schema":{"@context":"https:\/\/schema.org","@graph":[{"@type":"Article","@id":"https:\/\/agrupacionespsoe.es\/acoruna\/o-psoe-da-laracha-solicita-un-plan-integral-para-a-cobertura-dos-parques-infantis\/#article","isPartOf":{"@id":"https:\/\/agrupacionespsoe.es\/acoruna\/o-psoe-da-laracha-solicita-un-plan-integral-para-a-cobertura-dos-parques-infantis\/"},"author":{"name":"Olympia M\u00e9ndez","@id":"https:\/\/agrupacionespsoe.es\/acoruna\/#\/schema\/person\/dbf2b36187b136d06a53f7937d5d5af9"},"headline":"O PSOE da Laracha solicita un Plan Integral para a cobertura dos parques infant\u00eds","datePublished":"2025-12-06T18:04:57+00:00","dateModified":"2025-12-06T18:04:58+00:00","mainEntityOfPage":{"@id":"https:\/\/agrupacionespsoe.es\/acoruna\/o-psoe-da-laracha-solicita-un-plan-integral-para-a-cobertura-dos-parques-infantis\/"},"wordCount":286,"commentCount":0,"publisher":{"@id":"https:\/\/agrupacionespsoe.es\/acoruna\/#organization"},"image":{"@id":"https:\/\/agrupacionespsoe.es\/acoruna\/o-psoe-da-laracha-solicita-un-plan-integral-para-a-cobertura-dos-parques-infantis\/#primaryimage"},"thumbnailUrl":"https:\/\/agrupacionespsoe.es\/acoruna\/wp-content\/uploads\/sites\/198\/2025\/03\/PSOE-A-LARACHA-7-de-marzo-2.jpg","keywords":["In\u00e9s Ramos","Infraestruturas","Orzamentos","Pleno","Pol\u00edtica Municipal","PSdeG-PSOE","Transparencia"],"articleSection":["A Laracha","Infraestruturas","Pol\u00edtica Municipal"],"inLanguage":"es","potentialAction":[{"@type":"CommentAction","name":"Comment","target":["https:\/\/agrupacionespsoe.es\/acoruna\/o-psoe-da-laracha-solicita-un-plan-integral-para-a-cobertura-dos-parques-infantis\/#respond"]}]},{"@type":"WebPage","@id":"https:\/\/agrupacionespsoe.es\/acoruna\/o-psoe-da-laracha-solicita-un-plan-integral-para-a-cobertura-dos-parques-infantis\/","url":"https:\/\/agrupacionespsoe.es\/acoruna\/o-psoe-da-laracha-solicita-un-plan-integral-para-a-cobertura-dos-parques-infantis\/","name":"O PSOE da Laracha solicita un Plan Integral para a cobertura dos parques infant\u00eds - Agrupaci\u00f3n Provincial da Coru\u00f1a PSOE","isPartOf":{"@id":"https:\/\/agrupacionespsoe.es\/acoruna\/#website"},"primaryImageOfPage":{"@id":"https:\/\/agrupacionespsoe.es\/acoruna\/o-psoe-da-laracha-solicita-un-plan-integral-para-a-cobertura-dos-parques-infantis\/#primaryimage"},"image":{"@id":"https:\/\/agrupacionespsoe.es\/acoruna\/o-psoe-da-laracha-solicita-un-plan-integral-para-a-cobertura-dos-parques-infantis\/#primaryimage"},"thumbnailUrl":"https:\/\/agrupacionespsoe.es\/acoruna\/wp-content\/uploads\/sites\/198\/2025\/03\/PSOE-A-LARACHA-7-de-marzo-2.jpg","datePublished":"2025-12-06T18:04:57+00:00","dateModified":"2025-12-06T18:04:58+00:00","description":"A iniciativa socialista chega tras as demandas expresadas no Pleno Infantil celebrado o 2 de decembro.","breadcrumb":{"@id":"https:\/\/agrupacionespsoe.es\/acoruna\/o-psoe-da-laracha-solicita-un-plan-integral-para-a-cobertura-dos-parques-infantis\/#breadcrumb"},"inLanguage":"es","potentialAction":[{"@type":"ReadAction","target":["https:\/\/agrupacionespsoe.es\/acoruna\/o-psoe-da-laracha-solicita-un-plan-integral-para-a-cobertura-dos-parques-infantis\/"]}]},{"@type":"ImageObject","inLanguage":"es","@id":"https:\/\/agrupacionespsoe.es\/acoruna\/o-psoe-da-laracha-solicita-un-plan-integral-para-a-cobertura-dos-parques-infantis\/#primaryimage","url":"https:\/\/agrupacionespsoe.es\/acoruna\/wp-content\/uploads\/sites\/198\/2025\/03\/PSOE-A-LARACHA-7-de-marzo-2.jpg","contentUrl":"https:\/\/agrupacionespsoe.es\/acoruna\/wp-content\/uploads\/sites\/198\/2025\/03\/PSOE-A-LARACHA-7-de-marzo-2.jpg","width":1200,"height":1200},{"@type":"BreadcrumbList","@id":"https:\/\/agrupacionespsoe.es\/acoruna\/o-psoe-da-laracha-solicita-un-plan-integral-para-a-cobertura-dos-parques-infantis\/#breadcrumb","itemListElement":[{"@type":"ListItem","position":1,"name":"Portada","item":"https:\/\/agrupacionespsoe.es\/acoruna\/"},{"@type":"ListItem","position":2,"name":"O PSOE da Laracha solicita un Plan Integral para a cobertura dos parques infant\u00eds"}]},{"@type":"WebSite","@id":"https:\/\/agrupacionespsoe.es\/acoruna\/#website","url":"https:\/\/agrupacionespsoe.es\/acoruna\/","name":"Agrupaci\u00f3n Provincial da Coru\u00f1a PSOE","description":"Provincial PSdeG-PSOE da Coru\u00f1a","publisher":{"@id":"https:\/\/agrupacionespsoe.es\/acoruna\/#organization"},"potentialAction":[{"@type":"SearchAction","target":{"@type":"EntryPoint","urlTemplate":"https:\/\/agrupacionespsoe.es\/acoruna\/?s={search_term_string}"},"query-input":{"@type":"PropertyValueSpecification","valueRequired":true,"valueName":"search_term_string"}}],"inLanguage":"es"},{"@type":"Organization","@id":"https:\/\/agrupacionespsoe.es\/acoruna\/#organization","name":"Agrupaci\u00f3n Provincial da Coru\u00f1a PSOE","url":"https:\/\/agrupacionespsoe.es\/acoruna\/","logo":{"@type":"ImageObject","inLanguage":"es","@id":"https:\/\/agrupacionespsoe.es\/acoruna\/#\/schema\/logo\/image\/","url":"https:\/\/agrupacionespsoe.es\/wp-content\/uploads\/2022\/07\/Logotipo_electoral_del_PSOE.png","contentUrl":"https:\/\/agrupacionespsoe.es\/wp-content\/uploads\/2022\/07\/Logotipo_electoral_del_PSOE.png","width":422,"height":422,"caption":"Agrupaci\u00f3n Provincial da Coru\u00f1a PSOE"},"image":{"@id":"https:\/\/agrupacionespsoe.es\/acoruna\/#\/schema\/logo\/image\/"}},{"@type":"Person","@id":"https:\/\/agrupacionespsoe.es\/acoruna\/#\/schema\/person\/dbf2b36187b136d06a53f7937d5d5af9","name":"Olympia M\u00e9ndez","image":{"@type":"ImageObject","inLanguage":"es","@id":"https:\/\/agrupacionespsoe.es\/acoruna\/#\/schema\/person\/image\/","url":"https:\/\/secure.gravatar.com\/avatar\/12db1fb8bfe20deb7a2d4ddc95b9042b?s=96&d=mm&r=g","contentUrl":"https:\/\/secure.gravatar.com\/avatar\/12db1fb8bfe20deb7a2d4ddc95b9042b?s=96&d=mm&r=g","caption":"Olympia M\u00e9ndez"},"url":"https:\/\/agrupacionespsoe.es\/acoruna\/author\/acoruna2\/"}]}},"jetpack_featured_media_url":"https:\/\/agrupacionespsoe.es\/acoruna\/wp-content\/uploads\/sites\/198\/2025\/03\/PSOE-A-LARACHA-7-de-marzo-2.jpg","jetpack_sharing_enabled":true,"jetpack_likes_enabled":true,"_links":{"self":[{"href":"https:\/\/agrupacionespsoe.es\/acoruna\/wp-json\/wp\/v2\/posts\/2517","targetHints":{"allow":["GET"]}}],"collection":[{"href":"https:\/\/agrupacionespsoe.es\/acoruna\/wp-json\/wp\/v2\/posts"}],"about":[{"href":"https:\/\/agrupacionespsoe.es\/acoruna\/wp-json\/wp\/v2\/types\/post"}],"author":[{"embeddable":true,"href":"https:\/\/agrupacionespsoe.es\/acoruna\/wp-json\/wp\/v2\/users\/282"}],"replies":[{"embeddable":true,"href":"https:\/\/agrupacionespsoe.es\/acoruna\/wp-json\/wp\/v2\/comments?post=2517"}],"version-history":[{"count":2,"href":"https:\/\/agrupacionespsoe.es\/acoruna\/wp-json\/wp\/v2\/posts\/2517\/revisions"}],"predecessor-version":[{"id":2519,"href":"https:\/\/agrupacionespsoe.es\/acoruna\/wp-json\/wp\/v2\/posts\/2517\/revisions\/2519"}],"wp:featuredmedia":[{"embeddable":true,"href":"https:\/\/agrupacionespsoe.es\/acoruna\/wp-json\/wp\/v2\/media\/1231"}],"wp:attachment":[{"href":"https:\/\/agrupacionespsoe.es\/acoruna\/wp-json\/wp\/v2\/media?parent=2517"}],"wp:term":[{"taxonomy":"category","embeddable":true,"href":"https:\/\/agrupacionespsoe.es\/acoruna\/wp-json\/wp\/v2\/categories?post=2517"},{"taxonomy":"post_tag","embeddable":true,"href":"https:\/\/agrupacionespsoe.es\/acoruna\/wp-json\/wp\/v2\/tags?post=2517"}],"curies":[{"name":"wp","href":"https:\/\/api.w.org\/{rel}","templated":true}]}}