{"id":2512,"date":"2025-12-05T17:31:32","date_gmt":"2025-12-05T16:31:32","guid":{"rendered":"https:\/\/agrupacionespsoe.es\/acoruna\/?p=2512"},"modified":"2025-12-05T17:31:33","modified_gmt":"2025-12-05T16:31:33","slug":"o-psdeg-reclama-a-xunta-que-cumpra-o-seu-compromiso-e-construa-a-pista-cuberta-para-o-ies-concepcion-arenal","status":"publish","type":"post","link":"https:\/\/agrupacionespsoe.es\/acoruna\/o-psdeg-reclama-a-xunta-que-cumpra-o-seu-compromiso-e-construa-a-pista-cuberta-para-o-ies-concepcion-arenal\/","title":{"rendered":"O PSdeG reclama \u00e1 Xunta que &#8220;cumpra o seu compromiso&#8221; e constr\u00faa a pista cuberta para o IES Concepci\u00f3n Arenal"},"content":{"rendered":"\n<ul class=\"wp-block-list\">\n<li><strong>Os socialistas denuncian dous anos de \u201cpromesas incumpridas\u201d da Conseller\u00eda de Educaci\u00f3n e a falta de xesti\u00f3n do goberno local<\/strong><\/li>\n<\/ul>\n\n\n\n<section class=\"wp-block-psoe-separador bg-primary px-2\"><hr class=\"color-white bg-white opacity-1 h-[1px] w-full\" \/><\/section>\n\n\n\n<p class=\"has-medium-font-size\">O vicevoceiro socialista en Ferrol, Juli\u00e1n Reina, e o deputado do PSdeG no Parlamento galego, Aitor Bouza, participaron hoxe nun canutazo realizado \u00e1 porta do IES Concepci\u00f3n Arenal de Ferrol para denunciar o atraso na execuci\u00f3n da pista cuberta que prometera a Conseller\u00eda de Educaci\u00f3n e reclamar soluci\u00f3ns inmediatas para o centro.<\/p>\n\n\n\n<p class=\"has-medium-font-size\">Reina explicou que no pleno de maio deste ano se aprobou unha moci\u00f3n con d\u00faas propostas concretas: dotar ao IES Concepci\u00f3n Arenal dun pavill\u00f3n con pista cuberta e, mentres non se dotara desta pista, &#8220;dar alg\u00fan tipo de soluci\u00f3n ao centro para que o alumnado non se vise afectado pola deficiencia de infraestruturas&#8221;.<\/p>\n\n\n\n<p class=\"has-medium-font-size\">Segundo explicou o voceiro socialista, &#8220;nese pleno aprobabamos por unanimidade, co voto favorable do Partido Popular, esta proposta dos grupos da oposici\u00f3n do Concello&#8221;, e destacou que xa nese pleno &#8220;o noso voceiro, \u00c1ngel Mato, advertira que far\u00edamos seguimento do cumprimento destes acordos&#8221;.<\/p>\n\n\n\n<p class=\"has-medium-font-size\">Finalmente, hoxe afirmou que &#8220;xa est\u00e1 rematando o primeiro trimestre, e vemos como non hai ning\u00fan tipo de avance nin informaci\u00f3n en relaci\u00f3n con este tema&#8221;. Debido a isto, decidiron elevar o asunto ao Parlamento porque &#8220;o alcalde non o fai&#8221;.<\/p>\n\n\n\n<p class=\"has-medium-font-size\">Pola s\u00faa banda, Bouza indicou que o obxectivo do acto era &#8220;reclamar o que os compa\u00f1eiros e as compa\u00f1eiras de Ferrol levan meses traballando e reclamando ao car\u00f3n da comunidade educativa&#8221;. Indicou que &#8220;xustamente o que fai o Partido Socialista \u00e9 escoitar as demandas da comunidade educativa e trasladalas \u00e1s instituci\u00f3ns onde realmente se poden acometer esas medidas para solucionar os problemas das nenas e dos nenos&#8221;.<\/p>\n\n\n\n<p class=\"has-medium-font-size\">O deputado expuxo que &#8220;o goberno municipal, liderado polo se\u00f1or Rey Varela, nada fixo e nada lle reclamou ao seu propio goberno da Xunta de Rueda&#8221;. Engadiu que, por esa raz\u00f3n, trasladan a cuesti\u00f3n ao Parlamento.<\/p>\n\n\n\n<p class=\"has-medium-font-size\">Bouza afirmou tam\u00e9n que &#8220;o conselleiro de Educaci\u00f3n, que en campa\u00f1a electoral convocou a comunidade educativa para sacar unha foto no ano 2023, contin\u00faa sen cumprir o compromiso&#8221;, e subli\u00f1ou que &#8220;hoxe hai dous anos dese aniversario de promesas incumpridas&#8221;. Relacionou esa situaci\u00f3n coa necesidade de reclamar un cumprimento efectivo das palabras do responsable auton\u00f3mico ao afirmar que &#8220;o cumprimento dos acordos e das promesas \u00e9 algo que non s\u00f3 hai que esixir, sen\u00f3n que \u00e9 o que demostra a palabra dunha persoa que se dedica \u00e1 pol\u00edtica de xesti\u00f3n p\u00fablica&#8221;.<\/p>\n\n\n\n<p class=\"has-medium-font-size\">O deputado insistiu na situaci\u00f3n do alumnado ao afirmar que &#8220;as nenas e os nenos estanse vendo prexudicados, empregando aulas que non est\u00e1n capacitadas para poder realizar educaci\u00f3n f\u00edsica en condici\u00f3ns&#8221;. Por este motivo anunciou que &#8220;o que imos esixir \u00e9 que se incorpore unha partida orzamentaria nos orzamentos de 2026&#8221; mediante unha emenda.<\/p>\n\n\n\n<p class=\"has-medium-font-size\">Bouza afirmou que &#8220;imos ver que vota o Partido Popular a semana que v\u00e9n&#8221;, xa que esta cuesti\u00f3n fora aprobada por unanimidade no Concello e &#8220;veremos como dentro de quince d\u00edas no Parlamento o voto vai ser negativo&#8221;.<\/p>\n\n\n\n<p class=\"has-medium-font-size\">O deputado subli\u00f1ou tam\u00e9n que desenvolver\u00e1n m\u00e1is traballo parlamentario: &#8220;Non imos cesar polo feito de que o Partido Popular vote en contra, sen\u00f3n que presentaremos tam\u00e9n unha bater\u00eda de iniciativas para que se debata, se sustancie e se vote expresamente sobre esa cuesti\u00f3n&#8221;. Indicou que esas iniciativas te\u00f1en como obxectivo que a Xunta esclareza &#8220;se vai cumprir a s\u00faa palabra coa comunidade educativa e vai realizar a pista cuberta neste Instituto Concepci\u00f3n Arenal de Ferrol&#8221;.<\/p>\n\n\n\n<section class=\"wp-block-psoe-separador bg-primary px-2\"><hr class=\"color-white bg-white opacity-1 h-[1px] w-full\" \/><\/section>\n\n\n\n<figure class=\"wp-block-video\"><video controls src=\"https:\/\/agrupacionespsoe.es\/acoruna\/wp-content\/uploads\/sites\/198\/2025\/12\/Rolda-de-prensa-Ferrol-5dec.mp4\"><\/video><figcaption class=\"wp-element-caption\">Juli\u00e1n Reina e Aitor Bouza &#8211; IES Concepci\u00f3n Arenal &#8211; dec25<\/figcaption><\/figure>\n","protected":false},"excerpt":{"rendered":"<p>O vicevoceiro socialista en Ferrol, Juli\u00e1n Reina, e o deputado do PSdeG no Parlamento galego, Aitor Bouza, participaron hoxe nun canutazo realizado \u00e1 porta do IES Concepci\u00f3n Arenal de Ferrol para denunciar o atraso na execuci\u00f3n da pista cuberta que prometera a Conseller\u00eda de Educaci\u00f3n e reclamar soluci\u00f3ns inmediatas para o centro. Reina explicou que &#8230;<\/p>\n","protected":false},"author":282,"featured_media":2514,"comment_status":"open","ping_status":"open","sticky":false,"template":"","format":"standard","meta":{"_jetpack_memberships_contains_paid_content":false,"footnotes":""},"categories":[84,183,68,221],"tags":[587,187,80,185,733,58,773,50,95,22,159],"class_list":["post-2512","post","type-post","status-publish","format-standard","has-post-thumbnail","hentry","category-educacion","category-ferrol","category-parlamento-de-galicia","category-politica-municipal","tag-aitor-bouza-manso","tag-angel-mato","tag-educacion","tag-ferrol","tag-ies","tag-infraestruturas","tag-julian-reina","tag-parlamento-de-galicia","tag-politica-municipal","tag-psdeg-psoe","tag-xunta-de-galicia"],"yoast_head":"<!-- This site is optimized with the Yoast SEO plugin v24.0 - https:\/\/yoast.com\/wordpress\/plugins\/seo\/ -->\n<title>O PSdeG reclama \u00e1 Xunta que &quot;cumpra o seu compromiso&quot; e constr\u00faa a pista cuberta para o IES Concepci\u00f3n Arenal - Agrupaci\u00f3n Provincial da Coru\u00f1a PSOE<\/title>\n<meta name=\"description\" content=\"Os socialistas denuncian dous anos de \u201cpromesas incumpridas\u201d da Conseller\u00eda de Educaci\u00f3n e a falta de xesti\u00f3n do goberno local.\" \/>\n<meta name=\"robots\" content=\"index, follow, max-snippet:-1, max-image-preview:large, max-video-preview:-1\" \/>\n<link rel=\"canonical\" href=\"https:\/\/agrupacionespsoe.es\/acoruna\/o-psdeg-reclama-a-xunta-que-cumpra-o-seu-compromiso-e-construa-a-pista-cuberta-para-o-ies-concepcion-arenal\/\" \/>\n<meta property=\"og:locale\" content=\"es_ES\" \/>\n<meta property=\"og:type\" content=\"article\" \/>\n<meta property=\"og:title\" content=\"O PSdeG reclama \u00e1 Xunta que &quot;cumpra o seu compromiso&quot; e constr\u00faa a pista cuberta para o IES Concepci\u00f3n Arenal - Agrupaci\u00f3n Provincial da Coru\u00f1a PSOE\" \/>\n<meta property=\"og:description\" content=\"Os socialistas denuncian dous anos de \u201cpromesas incumpridas\u201d da Conseller\u00eda de Educaci\u00f3n e a falta de xesti\u00f3n do goberno local.\" \/>\n<meta property=\"og:url\" content=\"https:\/\/agrupacionespsoe.es\/acoruna\/o-psdeg-reclama-a-xunta-que-cumpra-o-seu-compromiso-e-construa-a-pista-cuberta-para-o-ies-concepcion-arenal\/\" \/>\n<meta property=\"og:site_name\" content=\"Agrupaci\u00f3n Provincial da Coru\u00f1a PSOE\" \/>\n<meta property=\"article:published_time\" content=\"2025-12-05T16:31:32+00:00\" \/>\n<meta property=\"article:modified_time\" content=\"2025-12-05T16:31:33+00:00\" \/>\n<meta property=\"og:image\" content=\"https:\/\/agrupacionespsoe.es\/acoruna\/wp-content\/uploads\/sites\/198\/2025\/12\/ROLDA-DE-PRENSA-EN-FERROL-5-DEC.jpeg\" \/>\n\t<meta property=\"og:image:width\" content=\"2000\" \/>\n\t<meta property=\"og:image:height\" content=\"1500\" \/>\n\t<meta property=\"og:image:type\" content=\"image\/jpeg\" \/>\n<meta name=\"author\" content=\"Olympia M\u00e9ndez\" \/>\n<meta name=\"twitter:card\" content=\"summary_large_image\" \/>\n<meta name=\"twitter:label1\" content=\"Escrito por\" \/>\n\t<meta name=\"twitter:data1\" content=\"Olympia M\u00e9ndez\" \/>\n\t<meta name=\"twitter:label2\" content=\"Tiempo de lectura\" \/>\n\t<meta name=\"twitter:data2\" content=\"3 minutos\" \/>\n<script type=\"application\/ld+json\" class=\"yoast-schema-graph\">{\"@context\":\"https:\/\/schema.org\",\"@graph\":[{\"@type\":\"Article\",\"@id\":\"https:\/\/agrupacionespsoe.es\/acoruna\/o-psdeg-reclama-a-xunta-que-cumpra-o-seu-compromiso-e-construa-a-pista-cuberta-para-o-ies-concepcion-arenal\/#article\",\"isPartOf\":{\"@id\":\"https:\/\/agrupacionespsoe.es\/acoruna\/o-psdeg-reclama-a-xunta-que-cumpra-o-seu-compromiso-e-construa-a-pista-cuberta-para-o-ies-concepcion-arenal\/\"},\"author\":{\"name\":\"Olympia M\u00e9ndez\",\"@id\":\"https:\/\/agrupacionespsoe.es\/acoruna\/#\/schema\/person\/dbf2b36187b136d06a53f7937d5d5af9\"},\"headline\":\"O PSdeG reclama \u00e1 Xunta que &#8220;cumpra o seu compromiso&#8221; e constr\u00faa a pista cuberta para o IES Concepci\u00f3n Arenal\",\"datePublished\":\"2025-12-05T16:31:32+00:00\",\"dateModified\":\"2025-12-05T16:31:33+00:00\",\"mainEntityOfPage\":{\"@id\":\"https:\/\/agrupacionespsoe.es\/acoruna\/o-psdeg-reclama-a-xunta-que-cumpra-o-seu-compromiso-e-construa-a-pista-cuberta-para-o-ies-concepcion-arenal\/\"},\"wordCount\":654,\"commentCount\":0,\"publisher\":{\"@id\":\"https:\/\/agrupacionespsoe.es\/acoruna\/#organization\"},\"image\":{\"@id\":\"https:\/\/agrupacionespsoe.es\/acoruna\/o-psdeg-reclama-a-xunta-que-cumpra-o-seu-compromiso-e-construa-a-pista-cuberta-para-o-ies-concepcion-arenal\/#primaryimage\"},\"thumbnailUrl\":\"https:\/\/agrupacionespsoe.es\/acoruna\/wp-content\/uploads\/sites\/198\/2025\/12\/ROLDA-DE-PRENSA-EN-FERROL-5-DEC.jpeg\",\"keywords\":[\"Aitor Bouza Manso\",\"\u00c1ngel Mato\",\"Educaci\u00f3n\",\"Ferrol\",\"IES\",\"Infraestruturas\",\"Juli\u00e1n Reina\",\"Parlamento de Galicia\",\"Pol\u00edtica Municipal\",\"PSdeG-PSOE\",\"Xunta de Galicia\"],\"articleSection\":[\"Educaci\u00f3n\",\"Ferrol\",\"Parlamento de Galicia\",\"Pol\u00edtica Municipal\"],\"inLanguage\":\"es\",\"potentialAction\":[{\"@type\":\"CommentAction\",\"name\":\"Comment\",\"target\":[\"https:\/\/agrupacionespsoe.es\/acoruna\/o-psdeg-reclama-a-xunta-que-cumpra-o-seu-compromiso-e-construa-a-pista-cuberta-para-o-ies-concepcion-arenal\/#respond\"]}]},{\"@type\":\"WebPage\",\"@id\":\"https:\/\/agrupacionespsoe.es\/acoruna\/o-psdeg-reclama-a-xunta-que-cumpra-o-seu-compromiso-e-construa-a-pista-cuberta-para-o-ies-concepcion-arenal\/\",\"url\":\"https:\/\/agrupacionespsoe.es\/acoruna\/o-psdeg-reclama-a-xunta-que-cumpra-o-seu-compromiso-e-construa-a-pista-cuberta-para-o-ies-concepcion-arenal\/\",\"name\":\"O PSdeG reclama \u00e1 Xunta que \\\"cumpra o seu compromiso\\\" e constr\u00faa a pista cuberta para o IES Concepci\u00f3n Arenal - Agrupaci\u00f3n Provincial da Coru\u00f1a PSOE\",\"isPartOf\":{\"@id\":\"https:\/\/agrupacionespsoe.es\/acoruna\/#website\"},\"primaryImageOfPage\":{\"@id\":\"https:\/\/agrupacionespsoe.es\/acoruna\/o-psdeg-reclama-a-xunta-que-cumpra-o-seu-compromiso-e-construa-a-pista-cuberta-para-o-ies-concepcion-arenal\/#primaryimage\"},\"image\":{\"@id\":\"https:\/\/agrupacionespsoe.es\/acoruna\/o-psdeg-reclama-a-xunta-que-cumpra-o-seu-compromiso-e-construa-a-pista-cuberta-para-o-ies-concepcion-arenal\/#primaryimage\"},\"thumbnailUrl\":\"https:\/\/agrupacionespsoe.es\/acoruna\/wp-content\/uploads\/sites\/198\/2025\/12\/ROLDA-DE-PRENSA-EN-FERROL-5-DEC.jpeg\",\"datePublished\":\"2025-12-05T16:31:32+00:00\",\"dateModified\":\"2025-12-05T16:31:33+00:00\",\"description\":\"Os socialistas denuncian dous anos de \u201cpromesas incumpridas\u201d da Conseller\u00eda de Educaci\u00f3n e a falta de xesti\u00f3n do goberno local.\",\"breadcrumb\":{\"@id\":\"https:\/\/agrupacionespsoe.es\/acoruna\/o-psdeg-reclama-a-xunta-que-cumpra-o-seu-compromiso-e-construa-a-pista-cuberta-para-o-ies-concepcion-arenal\/#breadcrumb\"},\"inLanguage\":\"es\",\"potentialAction\":[{\"@type\":\"ReadAction\",\"target\":[\"https:\/\/agrupacionespsoe.es\/acoruna\/o-psdeg-reclama-a-xunta-que-cumpra-o-seu-compromiso-e-construa-a-pista-cuberta-para-o-ies-concepcion-arenal\/\"]}]},{\"@type\":\"ImageObject\",\"inLanguage\":\"es\",\"@id\":\"https:\/\/agrupacionespsoe.es\/acoruna\/o-psdeg-reclama-a-xunta-que-cumpra-o-seu-compromiso-e-construa-a-pista-cuberta-para-o-ies-concepcion-arenal\/#primaryimage\",\"url\":\"https:\/\/agrupacionespsoe.es\/acoruna\/wp-content\/uploads\/sites\/198\/2025\/12\/ROLDA-DE-PRENSA-EN-FERROL-5-DEC.jpeg\",\"contentUrl\":\"https:\/\/agrupacionespsoe.es\/acoruna\/wp-content\/uploads\/sites\/198\/2025\/12\/ROLDA-DE-PRENSA-EN-FERROL-5-DEC.jpeg\",\"width\":2000,\"height\":1500},{\"@type\":\"BreadcrumbList\",\"@id\":\"https:\/\/agrupacionespsoe.es\/acoruna\/o-psdeg-reclama-a-xunta-que-cumpra-o-seu-compromiso-e-construa-a-pista-cuberta-para-o-ies-concepcion-arenal\/#breadcrumb\",\"itemListElement\":[{\"@type\":\"ListItem\",\"position\":1,\"name\":\"Portada\",\"item\":\"https:\/\/agrupacionespsoe.es\/acoruna\/\"},{\"@type\":\"ListItem\",\"position\":2,\"name\":\"O PSdeG reclama \u00e1 Xunta que \u00abcumpra o seu compromiso\u00bb e constr\u00faa a pista cuberta para o IES Concepci\u00f3n Arenal\"}]},{\"@type\":\"WebSite\",\"@id\":\"https:\/\/agrupacionespsoe.es\/acoruna\/#website\",\"url\":\"https:\/\/agrupacionespsoe.es\/acoruna\/\",\"name\":\"Agrupaci\u00f3n Provincial da Coru\u00f1a PSOE\",\"description\":\"Provincial PSdeG-PSOE da Coru\u00f1a\",\"publisher\":{\"@id\":\"https:\/\/agrupacionespsoe.es\/acoruna\/#organization\"},\"potentialAction\":[{\"@type\":\"SearchAction\",\"target\":{\"@type\":\"EntryPoint\",\"urlTemplate\":\"https:\/\/agrupacionespsoe.es\/acoruna\/?s={search_term_string}\"},\"query-input\":{\"@type\":\"PropertyValueSpecification\",\"valueRequired\":true,\"valueName\":\"search_term_string\"}}],\"inLanguage\":\"es\"},{\"@type\":\"Organization\",\"@id\":\"https:\/\/agrupacionespsoe.es\/acoruna\/#organization\",\"name\":\"Agrupaci\u00f3n Provincial da Coru\u00f1a PSOE\",\"url\":\"https:\/\/agrupacionespsoe.es\/acoruna\/\",\"logo\":{\"@type\":\"ImageObject\",\"inLanguage\":\"es\",\"@id\":\"https:\/\/agrupacionespsoe.es\/acoruna\/#\/schema\/logo\/image\/\",\"url\":\"https:\/\/agrupacionespsoe.es\/wp-content\/uploads\/2022\/07\/Logotipo_electoral_del_PSOE.png\",\"contentUrl\":\"https:\/\/agrupacionespsoe.es\/wp-content\/uploads\/2022\/07\/Logotipo_electoral_del_PSOE.png\",\"width\":422,\"height\":422,\"caption\":\"Agrupaci\u00f3n Provincial da Coru\u00f1a PSOE\"},\"image\":{\"@id\":\"https:\/\/agrupacionespsoe.es\/acoruna\/#\/schema\/logo\/image\/\"}},{\"@type\":\"Person\",\"@id\":\"https:\/\/agrupacionespsoe.es\/acoruna\/#\/schema\/person\/dbf2b36187b136d06a53f7937d5d5af9\",\"name\":\"Olympia M\u00e9ndez\",\"image\":{\"@type\":\"ImageObject\",\"inLanguage\":\"es\",\"@id\":\"https:\/\/agrupacionespsoe.es\/acoruna\/#\/schema\/person\/image\/\",\"url\":\"https:\/\/secure.gravatar.com\/avatar\/12db1fb8bfe20deb7a2d4ddc95b9042b?s=96&d=mm&r=g\",\"contentUrl\":\"https:\/\/secure.gravatar.com\/avatar\/12db1fb8bfe20deb7a2d4ddc95b9042b?s=96&d=mm&r=g\",\"caption\":\"Olympia M\u00e9ndez\"},\"url\":\"https:\/\/agrupacionespsoe.es\/acoruna\/author\/acoruna2\/\"}]}<\/script>\n<!-- \/ Yoast SEO plugin. -->","yoast_head_json":{"title":"O PSdeG reclama \u00e1 Xunta que \"cumpra o seu compromiso\" e constr\u00faa a pista cuberta para o IES Concepci\u00f3n Arenal - Agrupaci\u00f3n Provincial da Coru\u00f1a PSOE","description":"Os socialistas denuncian dous anos de \u201cpromesas incumpridas\u201d da Conseller\u00eda de Educaci\u00f3n e a falta de xesti\u00f3n do goberno local.","robots":{"index":"index","follow":"follow","max-snippet":"max-snippet:-1","max-image-preview":"max-image-preview:large","max-video-preview":"max-video-preview:-1"},"canonical":"https:\/\/agrupacionespsoe.es\/acoruna\/o-psdeg-reclama-a-xunta-que-cumpra-o-seu-compromiso-e-construa-a-pista-cuberta-para-o-ies-concepcion-arenal\/","og_locale":"es_ES","og_type":"article","og_title":"O PSdeG reclama \u00e1 Xunta que \"cumpra o seu compromiso\" e constr\u00faa a pista cuberta para o IES Concepci\u00f3n Arenal - Agrupaci\u00f3n Provincial da Coru\u00f1a PSOE","og_description":"Os socialistas denuncian dous anos de \u201cpromesas incumpridas\u201d da Conseller\u00eda de Educaci\u00f3n e a falta de xesti\u00f3n do goberno local.","og_url":"https:\/\/agrupacionespsoe.es\/acoruna\/o-psdeg-reclama-a-xunta-que-cumpra-o-seu-compromiso-e-construa-a-pista-cuberta-para-o-ies-concepcion-arenal\/","og_site_name":"Agrupaci\u00f3n Provincial da Coru\u00f1a PSOE","article_published_time":"2025-12-05T16:31:32+00:00","article_modified_time":"2025-12-05T16:31:33+00:00","og_image":[{"width":2000,"height":1500,"url":"https:\/\/agrupacionespsoe.es\/acoruna\/wp-content\/uploads\/sites\/198\/2025\/12\/ROLDA-DE-PRENSA-EN-FERROL-5-DEC.jpeg","type":"image\/jpeg"}],"author":"Olympia M\u00e9ndez","twitter_card":"summary_large_image","twitter_misc":{"Escrito por":"Olympia M\u00e9ndez","Tiempo de lectura":"3 minutos"},"schema":{"@context":"https:\/\/schema.org","@graph":[{"@type":"Article","@id":"https:\/\/agrupacionespsoe.es\/acoruna\/o-psdeg-reclama-a-xunta-que-cumpra-o-seu-compromiso-e-construa-a-pista-cuberta-para-o-ies-concepcion-arenal\/#article","isPartOf":{"@id":"https:\/\/agrupacionespsoe.es\/acoruna\/o-psdeg-reclama-a-xunta-que-cumpra-o-seu-compromiso-e-construa-a-pista-cuberta-para-o-ies-concepcion-arenal\/"},"author":{"name":"Olympia M\u00e9ndez","@id":"https:\/\/agrupacionespsoe.es\/acoruna\/#\/schema\/person\/dbf2b36187b136d06a53f7937d5d5af9"},"headline":"O PSdeG reclama \u00e1 Xunta que &#8220;cumpra o seu compromiso&#8221; e constr\u00faa a pista cuberta para o IES Concepci\u00f3n Arenal","datePublished":"2025-12-05T16:31:32+00:00","dateModified":"2025-12-05T16:31:33+00:00","mainEntityOfPage":{"@id":"https:\/\/agrupacionespsoe.es\/acoruna\/o-psdeg-reclama-a-xunta-que-cumpra-o-seu-compromiso-e-construa-a-pista-cuberta-para-o-ies-concepcion-arenal\/"},"wordCount":654,"commentCount":0,"publisher":{"@id":"https:\/\/agrupacionespsoe.es\/acoruna\/#organization"},"image":{"@id":"https:\/\/agrupacionespsoe.es\/acoruna\/o-psdeg-reclama-a-xunta-que-cumpra-o-seu-compromiso-e-construa-a-pista-cuberta-para-o-ies-concepcion-arenal\/#primaryimage"},"thumbnailUrl":"https:\/\/agrupacionespsoe.es\/acoruna\/wp-content\/uploads\/sites\/198\/2025\/12\/ROLDA-DE-PRENSA-EN-FERROL-5-DEC.jpeg","keywords":["Aitor Bouza Manso","\u00c1ngel Mato","Educaci\u00f3n","Ferrol","IES","Infraestruturas","Juli\u00e1n Reina","Parlamento de Galicia","Pol\u00edtica Municipal","PSdeG-PSOE","Xunta de Galicia"],"articleSection":["Educaci\u00f3n","Ferrol","Parlamento de Galicia","Pol\u00edtica Municipal"],"inLanguage":"es","potentialAction":[{"@type":"CommentAction","name":"Comment","target":["https:\/\/agrupacionespsoe.es\/acoruna\/o-psdeg-reclama-a-xunta-que-cumpra-o-seu-compromiso-e-construa-a-pista-cuberta-para-o-ies-concepcion-arenal\/#respond"]}]},{"@type":"WebPage","@id":"https:\/\/agrupacionespsoe.es\/acoruna\/o-psdeg-reclama-a-xunta-que-cumpra-o-seu-compromiso-e-construa-a-pista-cuberta-para-o-ies-concepcion-arenal\/","url":"https:\/\/agrupacionespsoe.es\/acoruna\/o-psdeg-reclama-a-xunta-que-cumpra-o-seu-compromiso-e-construa-a-pista-cuberta-para-o-ies-concepcion-arenal\/","name":"O PSdeG reclama \u00e1 Xunta que \"cumpra o seu compromiso\" e constr\u00faa a pista cuberta para o IES Concepci\u00f3n Arenal - Agrupaci\u00f3n Provincial da Coru\u00f1a PSOE","isPartOf":{"@id":"https:\/\/agrupacionespsoe.es\/acoruna\/#website"},"primaryImageOfPage":{"@id":"https:\/\/agrupacionespsoe.es\/acoruna\/o-psdeg-reclama-a-xunta-que-cumpra-o-seu-compromiso-e-construa-a-pista-cuberta-para-o-ies-concepcion-arenal\/#primaryimage"},"image":{"@id":"https:\/\/agrupacionespsoe.es\/acoruna\/o-psdeg-reclama-a-xunta-que-cumpra-o-seu-compromiso-e-construa-a-pista-cuberta-para-o-ies-concepcion-arenal\/#primaryimage"},"thumbnailUrl":"https:\/\/agrupacionespsoe.es\/acoruna\/wp-content\/uploads\/sites\/198\/2025\/12\/ROLDA-DE-PRENSA-EN-FERROL-5-DEC.jpeg","datePublished":"2025-12-05T16:31:32+00:00","dateModified":"2025-12-05T16:31:33+00:00","description":"Os socialistas denuncian dous anos de \u201cpromesas incumpridas\u201d da Conseller\u00eda de Educaci\u00f3n e a falta de xesti\u00f3n do goberno local.","breadcrumb":{"@id":"https:\/\/agrupacionespsoe.es\/acoruna\/o-psdeg-reclama-a-xunta-que-cumpra-o-seu-compromiso-e-construa-a-pista-cuberta-para-o-ies-concepcion-arenal\/#breadcrumb"},"inLanguage":"es","potentialAction":[{"@type":"ReadAction","target":["https:\/\/agrupacionespsoe.es\/acoruna\/o-psdeg-reclama-a-xunta-que-cumpra-o-seu-compromiso-e-construa-a-pista-cuberta-para-o-ies-concepcion-arenal\/"]}]},{"@type":"ImageObject","inLanguage":"es","@id":"https:\/\/agrupacionespsoe.es\/acoruna\/o-psdeg-reclama-a-xunta-que-cumpra-o-seu-compromiso-e-construa-a-pista-cuberta-para-o-ies-concepcion-arenal\/#primaryimage","url":"https:\/\/agrupacionespsoe.es\/acoruna\/wp-content\/uploads\/sites\/198\/2025\/12\/ROLDA-DE-PRENSA-EN-FERROL-5-DEC.jpeg","contentUrl":"https:\/\/agrupacionespsoe.es\/acoruna\/wp-content\/uploads\/sites\/198\/2025\/12\/ROLDA-DE-PRENSA-EN-FERROL-5-DEC.jpeg","width":2000,"height":1500},{"@type":"BreadcrumbList","@id":"https:\/\/agrupacionespsoe.es\/acoruna\/o-psdeg-reclama-a-xunta-que-cumpra-o-seu-compromiso-e-construa-a-pista-cuberta-para-o-ies-concepcion-arenal\/#breadcrumb","itemListElement":[{"@type":"ListItem","position":1,"name":"Portada","item":"https:\/\/agrupacionespsoe.es\/acoruna\/"},{"@type":"ListItem","position":2,"name":"O PSdeG reclama \u00e1 Xunta que \u00abcumpra o seu compromiso\u00bb e constr\u00faa a pista cuberta para o IES Concepci\u00f3n Arenal"}]},{"@type":"WebSite","@id":"https:\/\/agrupacionespsoe.es\/acoruna\/#website","url":"https:\/\/agrupacionespsoe.es\/acoruna\/","name":"Agrupaci\u00f3n Provincial da Coru\u00f1a PSOE","description":"Provincial PSdeG-PSOE da Coru\u00f1a","publisher":{"@id":"https:\/\/agrupacionespsoe.es\/acoruna\/#organization"},"potentialAction":[{"@type":"SearchAction","target":{"@type":"EntryPoint","urlTemplate":"https:\/\/agrupacionespsoe.es\/acoruna\/?s={search_term_string}"},"query-input":{"@type":"PropertyValueSpecification","valueRequired":true,"valueName":"search_term_string"}}],"inLanguage":"es"},{"@type":"Organization","@id":"https:\/\/agrupacionespsoe.es\/acoruna\/#organization","name":"Agrupaci\u00f3n Provincial da Coru\u00f1a PSOE","url":"https:\/\/agrupacionespsoe.es\/acoruna\/","logo":{"@type":"ImageObject","inLanguage":"es","@id":"https:\/\/agrupacionespsoe.es\/acoruna\/#\/schema\/logo\/image\/","url":"https:\/\/agrupacionespsoe.es\/wp-content\/uploads\/2022\/07\/Logotipo_electoral_del_PSOE.png","contentUrl":"https:\/\/agrupacionespsoe.es\/wp-content\/uploads\/2022\/07\/Logotipo_electoral_del_PSOE.png","width":422,"height":422,"caption":"Agrupaci\u00f3n Provincial da Coru\u00f1a PSOE"},"image":{"@id":"https:\/\/agrupacionespsoe.es\/acoruna\/#\/schema\/logo\/image\/"}},{"@type":"Person","@id":"https:\/\/agrupacionespsoe.es\/acoruna\/#\/schema\/person\/dbf2b36187b136d06a53f7937d5d5af9","name":"Olympia M\u00e9ndez","image":{"@type":"ImageObject","inLanguage":"es","@id":"https:\/\/agrupacionespsoe.es\/acoruna\/#\/schema\/person\/image\/","url":"https:\/\/secure.gravatar.com\/avatar\/12db1fb8bfe20deb7a2d4ddc95b9042b?s=96&d=mm&r=g","contentUrl":"https:\/\/secure.gravatar.com\/avatar\/12db1fb8bfe20deb7a2d4ddc95b9042b?s=96&d=mm&r=g","caption":"Olympia M\u00e9ndez"},"url":"https:\/\/agrupacionespsoe.es\/acoruna\/author\/acoruna2\/"}]}},"jetpack_featured_media_url":"https:\/\/agrupacionespsoe.es\/acoruna\/wp-content\/uploads\/sites\/198\/2025\/12\/ROLDA-DE-PRENSA-EN-FERROL-5-DEC.jpeg","jetpack_sharing_enabled":true,"jetpack_likes_enabled":true,"_links":{"self":[{"href":"https:\/\/agrupacionespsoe.es\/acoruna\/wp-json\/wp\/v2\/posts\/2512","targetHints":{"allow":["GET"]}}],"collection":[{"href":"https:\/\/agrupacionespsoe.es\/acoruna\/wp-json\/wp\/v2\/posts"}],"about":[{"href":"https:\/\/agrupacionespsoe.es\/acoruna\/wp-json\/wp\/v2\/types\/post"}],"author":[{"embeddable":true,"href":"https:\/\/agrupacionespsoe.es\/acoruna\/wp-json\/wp\/v2\/users\/282"}],"replies":[{"embeddable":true,"href":"https:\/\/agrupacionespsoe.es\/acoruna\/wp-json\/wp\/v2\/comments?post=2512"}],"version-history":[{"count":2,"href":"https:\/\/agrupacionespsoe.es\/acoruna\/wp-json\/wp\/v2\/posts\/2512\/revisions"}],"predecessor-version":[{"id":2516,"href":"https:\/\/agrupacionespsoe.es\/acoruna\/wp-json\/wp\/v2\/posts\/2512\/revisions\/2516"}],"wp:featuredmedia":[{"embeddable":true,"href":"https:\/\/agrupacionespsoe.es\/acoruna\/wp-json\/wp\/v2\/media\/2514"}],"wp:attachment":[{"href":"https:\/\/agrupacionespsoe.es\/acoruna\/wp-json\/wp\/v2\/media?parent=2512"}],"wp:term":[{"taxonomy":"category","embeddable":true,"href":"https:\/\/agrupacionespsoe.es\/acoruna\/wp-json\/wp\/v2\/categories?post=2512"},{"taxonomy":"post_tag","embeddable":true,"href":"https:\/\/agrupacionespsoe.es\/acoruna\/wp-json\/wp\/v2\/tags?post=2512"}],"curies":[{"name":"wp","href":"https:\/\/api.w.org\/{rel}","templated":true}]}}