{"id":2484,"date":"2025-12-01T17:04:56","date_gmt":"2025-12-01T16:04:56","guid":{"rendered":"https:\/\/agrupacionespsoe.es\/acoruna\/?p=2484"},"modified":"2025-12-01T17:04:58","modified_gmt":"2025-12-01T16:04:58","slug":"o-pleno-de-manon-aproba-a-mocion-do-psoe-para-que-a-base-militar-de-estaca-de-bares-pase-a-mans-da-deputacion","status":"publish","type":"post","link":"https:\/\/agrupacionespsoe.es\/acoruna\/o-pleno-de-manon-aproba-a-mocion-do-psoe-para-que-a-base-militar-de-estaca-de-bares-pase-a-mans-da-deputacion\/","title":{"rendered":"O Pleno de Ma\u00f1\u00f3n aproba a moci\u00f3n do PSOE para que a base militar de Estaca de Bares pase a mans da Deputaci\u00f3n"},"content":{"rendered":"\n<ul class=\"wp-block-list\">\n<li><strong>A iniciativa permitir\u00e1 que a antiga base sexa rehabilitada e integrada na rede provincial de bater\u00edas de costa, co obxectivo de rescatala do abandono dado o seu valor hist\u00f3rico, patrimonial e estrat\u00e9xico<\/strong><\/li>\n<\/ul>\n\n\n\n<section class=\"wp-block-psoe-separador bg-primary px-2\"><hr class=\"color-white bg-white opacity-1 h-[1px] w-full\" \/><\/section>\n\n\n\n<p class=\"has-medium-font-size\">O pleno de Ma\u00f1\u00f3n aprobou unha moci\u00f3n do Grupo Municipal do PSdeG-PSOE para solicitar ao Concello a cesi\u00f3n \u00e1 Deputaci\u00f3n da Coru\u00f1a dos terreos e restos da antiga base militar estadounidense de Estaca de Bares, co obxectivo de inclu\u00edr este enclave no Plan de Recuperaci\u00f3n e Posta en Valor das Bater\u00edas de Costa de Ferrolterra impulsado pola instituci\u00f3n provincial.<\/p>\n\n\n\n<p class=\"has-medium-font-size\">A moci\u00f3n, que xordeu no seo dunha reuni\u00f3n da Agrupaci\u00f3n Socialista de Ma\u00f1\u00f3n, busca dar unha sa\u00edda digna e \u00fatil aos m\u00e1is de 65.000 metros cadrados ocupados polas antigas instalaci\u00f3ns militares, constru\u00eddas en 1960. Hoxe est\u00e1n nun estado de abandono e deterioro, malia o seu enorme valor hist\u00f3rico e patrimonial e a s\u00faa ubicaci\u00f3n estrat\u00e9xica no punto m\u00e1is setentrional da Pen\u00ednsula Ib\u00e9rica, dentro dun espazo natural protexido da Rede Natura 2000.<\/p>\n\n\n\n<p class=\"has-medium-font-size\">O portavoz socialista, Mart\u00edn Rego, lembra que Estaca de Bares \u201cfoi un enclave fundamental durante a Guerra Fr\u00eda e un dos primeiros puntos de contacto social e cultural entre a veci\u00f1anza e o persoal estadounidense destinado na base\u201d. Rego destaca que, unha vez desmantelada en 1991 e tras d\u00e9cadas de abandono, \u201c\u00e9 momento de po\u00f1er fin ao deterioro e esquecemento dun espazo \u00fanico e recuperalo para o uso p\u00fablico, o turismo responsable e a divulgaci\u00f3n hist\u00f3rica\u201d.<\/p>\n\n\n\n<p class=\"has-medium-font-size\"><strong>Integraci\u00f3n nun proxecto que avanza en Valdovi\u00f1o, Ares e Ferrol<\/strong><\/p>\n\n\n\n<p class=\"has-medium-font-size\">A moci\u00f3n socialista subli\u00f1a que a antiga base \u201cencaixa \u00e1 perfecci\u00f3n\u201d na li\u00f1a de traballo que a Deputaci\u00f3n da Coru\u00f1a desenvolve a trav\u00e9s do seu Plan espec\u00edfico de Recuperaci\u00f3n e Posta en Valor das Bater\u00edas de Costa de Ferrolterra, un programa que este ano ten impulsado convenios de rehabilitaci\u00f3n coas bater\u00edas situadas en Valdovi\u00f1o, Ares e Ferrol.<\/p>\n\n\n\n<p class=\"has-medium-font-size\">Segundo o PSdeG de Ma\u00f1\u00f3n, incorporar Estaca de Bares a esta rede permitir\u00eda ampliar o atractivo tur\u00edstico e cultural da comarca, diversificar a oferta e reforzar a protecci\u00f3n dun contorno ambiental \u00fanico.<\/p>\n\n\n\n<p class=\"has-medium-font-size\">A proposta socialista insta ao Concello de Ma\u00f1\u00f3n a ceder formalmente os terreos \u00e1 Deputaci\u00f3n, paso imprescindible para que a administraci\u00f3n provincial poida iniciar estudos, proxectos e intervenci\u00f3ns de recuperaci\u00f3n.<\/p>\n\n\n\n<p class=\"has-medium-font-size\">\u201cNon podemos permitir que un espazo deste valor contin\u00fae degrad\u00e1ndose. A Deputaci\u00f3n xa est\u00e1 recuperando antigas instalaci\u00f3ns militares noutros concellos, transform\u00e1ndoas en recursos culturais, tur\u00edsticos e educativos. Queremos que Ma\u00f1\u00f3n tam\u00e9n forme parte deste proceso\u201d, afirma Rego. No pleno decidiuse que o goberno municipal de Ma\u00f1\u00f3n solicitar\u00e1 unha reuni\u00f3n co presidente da Deputaci\u00f3n para ver a posibilidade de encaixar esta proposta no Plan de Recuperaci\u00f3n das Bater\u00edas da Costa \u00c1rtabra.<\/p>\n","protected":false},"excerpt":{"rendered":"<p>O pleno de Ma\u00f1\u00f3n aprobou unha moci\u00f3n do Grupo Municipal do PSdeG-PSOE para solicitar ao Concello a cesi\u00f3n \u00e1 Deputaci\u00f3n da Coru\u00f1a dos terreos e restos da antiga base militar estadounidense de Estaca de Bares, co obxectivo de inclu\u00edr este enclave no Plan de Recuperaci\u00f3n e Posta en Valor das Bater\u00edas de Costa de Ferrolterra &#8230;<\/p>\n","protected":false},"author":282,"featured_media":791,"comment_status":"open","ping_status":"open","sticky":false,"template":"","format":"standard","meta":{"_jetpack_memberships_contains_paid_content":false,"footnotes":""},"categories":[263,753,221],"tags":[761,195,757,755,759,511,95,22],"class_list":["post-2484","post","type-post","status-publish","format-standard","has-post-thumbnail","hentry","category-deputacion-da-coruna","category-manon","category-politica-municipal","tag-baterias-de-costa-de-ferrolterra","tag-deputacion","tag-estaca-de-bares","tag-manon","tag-martin-rego","tag-pleno","tag-politica-municipal","tag-psdeg-psoe"],"yoast_head":"<!-- This site is optimized with the Yoast SEO plugin v24.0 - https:\/\/yoast.com\/wordpress\/plugins\/seo\/ -->\n<title>O Pleno de Ma\u00f1\u00f3n aproba a moci\u00f3n do PSOE para que a base militar de Estaca de Bares pase a mans da Deputaci\u00f3n - Agrupaci\u00f3n Provincial da Coru\u00f1a PSOE<\/title>\n<meta name=\"description\" content=\"A iniciativa permitir\u00e1 que a antiga base sexa rehabilitada e integrada na rede provincial de bater\u00edas de costa, co obxectivo de rescatala do abandono dado o seu valor hist\u00f3rico, patrimonial e estrat\u00e9xico.\" \/>\n<meta name=\"robots\" content=\"index, follow, max-snippet:-1, max-image-preview:large, max-video-preview:-1\" \/>\n<link rel=\"canonical\" href=\"https:\/\/agrupacionespsoe.es\/acoruna\/o-pleno-de-manon-aproba-a-mocion-do-psoe-para-que-a-base-militar-de-estaca-de-bares-pase-a-mans-da-deputacion\/\" \/>\n<meta property=\"og:locale\" content=\"es_ES\" \/>\n<meta property=\"og:type\" content=\"article\" \/>\n<meta property=\"og:title\" content=\"O Pleno de Ma\u00f1\u00f3n aproba a moci\u00f3n do PSOE para que a base militar de Estaca de Bares pase a mans da Deputaci\u00f3n - Agrupaci\u00f3n Provincial da Coru\u00f1a PSOE\" \/>\n<meta property=\"og:description\" content=\"A iniciativa permitir\u00e1 que a antiga base sexa rehabilitada e integrada na rede provincial de bater\u00edas de costa, co obxectivo de rescatala do abandono dado o seu valor hist\u00f3rico, patrimonial e estrat\u00e9xico.\" \/>\n<meta property=\"og:url\" content=\"https:\/\/agrupacionespsoe.es\/acoruna\/o-pleno-de-manon-aproba-a-mocion-do-psoe-para-que-a-base-militar-de-estaca-de-bares-pase-a-mans-da-deputacion\/\" \/>\n<meta property=\"og:site_name\" content=\"Agrupaci\u00f3n Provincial da Coru\u00f1a PSOE\" \/>\n<meta property=\"article:published_time\" content=\"2025-12-01T16:04:56+00:00\" \/>\n<meta property=\"article:modified_time\" content=\"2025-12-01T16:04:58+00:00\" \/>\n<meta property=\"og:image\" content=\"https:\/\/agrupacionespsoe.es\/acoruna\/wp-content\/uploads\/sites\/198\/2024\/08\/PSdeG-cubo.jpg\" \/>\n\t<meta property=\"og:image:width\" content=\"731\" \/>\n\t<meta property=\"og:image:height\" content=\"724\" \/>\n\t<meta property=\"og:image:type\" content=\"image\/jpeg\" \/>\n<meta name=\"author\" content=\"Olympia M\u00e9ndez\" \/>\n<meta name=\"twitter:card\" content=\"summary_large_image\" \/>\n<meta name=\"twitter:label1\" content=\"Escrito por\" \/>\n\t<meta name=\"twitter:data1\" content=\"Olympia M\u00e9ndez\" \/>\n\t<meta name=\"twitter:label2\" content=\"Tiempo de lectura\" \/>\n\t<meta name=\"twitter:data2\" content=\"3 minutos\" \/>\n<script type=\"application\/ld+json\" class=\"yoast-schema-graph\">{\"@context\":\"https:\/\/schema.org\",\"@graph\":[{\"@type\":\"Article\",\"@id\":\"https:\/\/agrupacionespsoe.es\/acoruna\/o-pleno-de-manon-aproba-a-mocion-do-psoe-para-que-a-base-militar-de-estaca-de-bares-pase-a-mans-da-deputacion\/#article\",\"isPartOf\":{\"@id\":\"https:\/\/agrupacionespsoe.es\/acoruna\/o-pleno-de-manon-aproba-a-mocion-do-psoe-para-que-a-base-militar-de-estaca-de-bares-pase-a-mans-da-deputacion\/\"},\"author\":{\"name\":\"Olympia M\u00e9ndez\",\"@id\":\"https:\/\/agrupacionespsoe.es\/acoruna\/#\/schema\/person\/dbf2b36187b136d06a53f7937d5d5af9\"},\"headline\":\"O Pleno de Ma\u00f1\u00f3n aproba a moci\u00f3n do PSOE para que a base militar de Estaca de Bares pase a mans da Deputaci\u00f3n\",\"datePublished\":\"2025-12-01T16:04:56+00:00\",\"dateModified\":\"2025-12-01T16:04:58+00:00\",\"mainEntityOfPage\":{\"@id\":\"https:\/\/agrupacionespsoe.es\/acoruna\/o-pleno-de-manon-aproba-a-mocion-do-psoe-para-que-a-base-militar-de-estaca-de-bares-pase-a-mans-da-deputacion\/\"},\"wordCount\":528,\"commentCount\":0,\"publisher\":{\"@id\":\"https:\/\/agrupacionespsoe.es\/acoruna\/#organization\"},\"image\":{\"@id\":\"https:\/\/agrupacionespsoe.es\/acoruna\/o-pleno-de-manon-aproba-a-mocion-do-psoe-para-que-a-base-militar-de-estaca-de-bares-pase-a-mans-da-deputacion\/#primaryimage\"},\"thumbnailUrl\":\"https:\/\/agrupacionespsoe.es\/acoruna\/wp-content\/uploads\/sites\/198\/2024\/08\/PSdeG-cubo.jpg\",\"keywords\":[\"Bater\u00edas de Costa de Ferrolterra\",\"Deputaci\u00f3n\",\"Estaca de Bares\",\"Ma\u00f1\u00f3n\",\"Mart\u00edn Rego\",\"Pleno\",\"Pol\u00edtica Municipal\",\"PSdeG-PSOE\"],\"articleSection\":[\"Deputaci\u00f3n da Coru\u00f1a\",\"Ma\u00f1\u00f3n\",\"Pol\u00edtica Municipal\"],\"inLanguage\":\"es\",\"potentialAction\":[{\"@type\":\"CommentAction\",\"name\":\"Comment\",\"target\":[\"https:\/\/agrupacionespsoe.es\/acoruna\/o-pleno-de-manon-aproba-a-mocion-do-psoe-para-que-a-base-militar-de-estaca-de-bares-pase-a-mans-da-deputacion\/#respond\"]}]},{\"@type\":\"WebPage\",\"@id\":\"https:\/\/agrupacionespsoe.es\/acoruna\/o-pleno-de-manon-aproba-a-mocion-do-psoe-para-que-a-base-militar-de-estaca-de-bares-pase-a-mans-da-deputacion\/\",\"url\":\"https:\/\/agrupacionespsoe.es\/acoruna\/o-pleno-de-manon-aproba-a-mocion-do-psoe-para-que-a-base-militar-de-estaca-de-bares-pase-a-mans-da-deputacion\/\",\"name\":\"O Pleno de Ma\u00f1\u00f3n aproba a moci\u00f3n do PSOE para que a base militar de Estaca de Bares pase a mans da Deputaci\u00f3n - Agrupaci\u00f3n Provincial da Coru\u00f1a PSOE\",\"isPartOf\":{\"@id\":\"https:\/\/agrupacionespsoe.es\/acoruna\/#website\"},\"primaryImageOfPage\":{\"@id\":\"https:\/\/agrupacionespsoe.es\/acoruna\/o-pleno-de-manon-aproba-a-mocion-do-psoe-para-que-a-base-militar-de-estaca-de-bares-pase-a-mans-da-deputacion\/#primaryimage\"},\"image\":{\"@id\":\"https:\/\/agrupacionespsoe.es\/acoruna\/o-pleno-de-manon-aproba-a-mocion-do-psoe-para-que-a-base-militar-de-estaca-de-bares-pase-a-mans-da-deputacion\/#primaryimage\"},\"thumbnailUrl\":\"https:\/\/agrupacionespsoe.es\/acoruna\/wp-content\/uploads\/sites\/198\/2024\/08\/PSdeG-cubo.jpg\",\"datePublished\":\"2025-12-01T16:04:56+00:00\",\"dateModified\":\"2025-12-01T16:04:58+00:00\",\"description\":\"A iniciativa permitir\u00e1 que a antiga base sexa rehabilitada e integrada na rede provincial de bater\u00edas de costa, co obxectivo de rescatala do abandono dado o seu valor hist\u00f3rico, patrimonial e estrat\u00e9xico.\",\"breadcrumb\":{\"@id\":\"https:\/\/agrupacionespsoe.es\/acoruna\/o-pleno-de-manon-aproba-a-mocion-do-psoe-para-que-a-base-militar-de-estaca-de-bares-pase-a-mans-da-deputacion\/#breadcrumb\"},\"inLanguage\":\"es\",\"potentialAction\":[{\"@type\":\"ReadAction\",\"target\":[\"https:\/\/agrupacionespsoe.es\/acoruna\/o-pleno-de-manon-aproba-a-mocion-do-psoe-para-que-a-base-militar-de-estaca-de-bares-pase-a-mans-da-deputacion\/\"]}]},{\"@type\":\"ImageObject\",\"inLanguage\":\"es\",\"@id\":\"https:\/\/agrupacionespsoe.es\/acoruna\/o-pleno-de-manon-aproba-a-mocion-do-psoe-para-que-a-base-militar-de-estaca-de-bares-pase-a-mans-da-deputacion\/#primaryimage\",\"url\":\"https:\/\/agrupacionespsoe.es\/acoruna\/wp-content\/uploads\/sites\/198\/2024\/08\/PSdeG-cubo.jpg\",\"contentUrl\":\"https:\/\/agrupacionespsoe.es\/acoruna\/wp-content\/uploads\/sites\/198\/2024\/08\/PSdeG-cubo.jpg\",\"width\":731,\"height\":724},{\"@type\":\"BreadcrumbList\",\"@id\":\"https:\/\/agrupacionespsoe.es\/acoruna\/o-pleno-de-manon-aproba-a-mocion-do-psoe-para-que-a-base-militar-de-estaca-de-bares-pase-a-mans-da-deputacion\/#breadcrumb\",\"itemListElement\":[{\"@type\":\"ListItem\",\"position\":1,\"name\":\"Portada\",\"item\":\"https:\/\/agrupacionespsoe.es\/acoruna\/\"},{\"@type\":\"ListItem\",\"position\":2,\"name\":\"O Pleno de Ma\u00f1\u00f3n aproba a moci\u00f3n do PSOE para que a base militar de Estaca de Bares pase a mans da Deputaci\u00f3n\"}]},{\"@type\":\"WebSite\",\"@id\":\"https:\/\/agrupacionespsoe.es\/acoruna\/#website\",\"url\":\"https:\/\/agrupacionespsoe.es\/acoruna\/\",\"name\":\"Agrupaci\u00f3n Provincial da Coru\u00f1a PSOE\",\"description\":\"Provincial PSdeG-PSOE da Coru\u00f1a\",\"publisher\":{\"@id\":\"https:\/\/agrupacionespsoe.es\/acoruna\/#organization\"},\"potentialAction\":[{\"@type\":\"SearchAction\",\"target\":{\"@type\":\"EntryPoint\",\"urlTemplate\":\"https:\/\/agrupacionespsoe.es\/acoruna\/?s={search_term_string}\"},\"query-input\":{\"@type\":\"PropertyValueSpecification\",\"valueRequired\":true,\"valueName\":\"search_term_string\"}}],\"inLanguage\":\"es\"},{\"@type\":\"Organization\",\"@id\":\"https:\/\/agrupacionespsoe.es\/acoruna\/#organization\",\"name\":\"Agrupaci\u00f3n Provincial da Coru\u00f1a PSOE\",\"url\":\"https:\/\/agrupacionespsoe.es\/acoruna\/\",\"logo\":{\"@type\":\"ImageObject\",\"inLanguage\":\"es\",\"@id\":\"https:\/\/agrupacionespsoe.es\/acoruna\/#\/schema\/logo\/image\/\",\"url\":\"https:\/\/agrupacionespsoe.es\/wp-content\/uploads\/2022\/07\/Logotipo_electoral_del_PSOE.png\",\"contentUrl\":\"https:\/\/agrupacionespsoe.es\/wp-content\/uploads\/2022\/07\/Logotipo_electoral_del_PSOE.png\",\"width\":422,\"height\":422,\"caption\":\"Agrupaci\u00f3n Provincial da Coru\u00f1a PSOE\"},\"image\":{\"@id\":\"https:\/\/agrupacionespsoe.es\/acoruna\/#\/schema\/logo\/image\/\"}},{\"@type\":\"Person\",\"@id\":\"https:\/\/agrupacionespsoe.es\/acoruna\/#\/schema\/person\/dbf2b36187b136d06a53f7937d5d5af9\",\"name\":\"Olympia M\u00e9ndez\",\"image\":{\"@type\":\"ImageObject\",\"inLanguage\":\"es\",\"@id\":\"https:\/\/agrupacionespsoe.es\/acoruna\/#\/schema\/person\/image\/\",\"url\":\"https:\/\/secure.gravatar.com\/avatar\/12db1fb8bfe20deb7a2d4ddc95b9042b?s=96&d=mm&r=g\",\"contentUrl\":\"https:\/\/secure.gravatar.com\/avatar\/12db1fb8bfe20deb7a2d4ddc95b9042b?s=96&d=mm&r=g\",\"caption\":\"Olympia M\u00e9ndez\"},\"url\":\"https:\/\/agrupacionespsoe.es\/acoruna\/author\/acoruna2\/\"}]}<\/script>\n<!-- \/ Yoast SEO plugin. -->","yoast_head_json":{"title":"O Pleno de Ma\u00f1\u00f3n aproba a moci\u00f3n do PSOE para que a base militar de Estaca de Bares pase a mans da Deputaci\u00f3n - Agrupaci\u00f3n Provincial da Coru\u00f1a PSOE","description":"A iniciativa permitir\u00e1 que a antiga base sexa rehabilitada e integrada na rede provincial de bater\u00edas de costa, co obxectivo de rescatala do abandono dado o seu valor hist\u00f3rico, patrimonial e estrat\u00e9xico.","robots":{"index":"index","follow":"follow","max-snippet":"max-snippet:-1","max-image-preview":"max-image-preview:large","max-video-preview":"max-video-preview:-1"},"canonical":"https:\/\/agrupacionespsoe.es\/acoruna\/o-pleno-de-manon-aproba-a-mocion-do-psoe-para-que-a-base-militar-de-estaca-de-bares-pase-a-mans-da-deputacion\/","og_locale":"es_ES","og_type":"article","og_title":"O Pleno de Ma\u00f1\u00f3n aproba a moci\u00f3n do PSOE para que a base militar de Estaca de Bares pase a mans da Deputaci\u00f3n - Agrupaci\u00f3n Provincial da Coru\u00f1a PSOE","og_description":"A iniciativa permitir\u00e1 que a antiga base sexa rehabilitada e integrada na rede provincial de bater\u00edas de costa, co obxectivo de rescatala do abandono dado o seu valor hist\u00f3rico, patrimonial e estrat\u00e9xico.","og_url":"https:\/\/agrupacionespsoe.es\/acoruna\/o-pleno-de-manon-aproba-a-mocion-do-psoe-para-que-a-base-militar-de-estaca-de-bares-pase-a-mans-da-deputacion\/","og_site_name":"Agrupaci\u00f3n Provincial da Coru\u00f1a PSOE","article_published_time":"2025-12-01T16:04:56+00:00","article_modified_time":"2025-12-01T16:04:58+00:00","og_image":[{"width":731,"height":724,"url":"https:\/\/agrupacionespsoe.es\/acoruna\/wp-content\/uploads\/sites\/198\/2024\/08\/PSdeG-cubo.jpg","type":"image\/jpeg"}],"author":"Olympia M\u00e9ndez","twitter_card":"summary_large_image","twitter_misc":{"Escrito por":"Olympia M\u00e9ndez","Tiempo de lectura":"3 minutos"},"schema":{"@context":"https:\/\/schema.org","@graph":[{"@type":"Article","@id":"https:\/\/agrupacionespsoe.es\/acoruna\/o-pleno-de-manon-aproba-a-mocion-do-psoe-para-que-a-base-militar-de-estaca-de-bares-pase-a-mans-da-deputacion\/#article","isPartOf":{"@id":"https:\/\/agrupacionespsoe.es\/acoruna\/o-pleno-de-manon-aproba-a-mocion-do-psoe-para-que-a-base-militar-de-estaca-de-bares-pase-a-mans-da-deputacion\/"},"author":{"name":"Olympia M\u00e9ndez","@id":"https:\/\/agrupacionespsoe.es\/acoruna\/#\/schema\/person\/dbf2b36187b136d06a53f7937d5d5af9"},"headline":"O Pleno de Ma\u00f1\u00f3n aproba a moci\u00f3n do PSOE para que a base militar de Estaca de Bares pase a mans da Deputaci\u00f3n","datePublished":"2025-12-01T16:04:56+00:00","dateModified":"2025-12-01T16:04:58+00:00","mainEntityOfPage":{"@id":"https:\/\/agrupacionespsoe.es\/acoruna\/o-pleno-de-manon-aproba-a-mocion-do-psoe-para-que-a-base-militar-de-estaca-de-bares-pase-a-mans-da-deputacion\/"},"wordCount":528,"commentCount":0,"publisher":{"@id":"https:\/\/agrupacionespsoe.es\/acoruna\/#organization"},"image":{"@id":"https:\/\/agrupacionespsoe.es\/acoruna\/o-pleno-de-manon-aproba-a-mocion-do-psoe-para-que-a-base-militar-de-estaca-de-bares-pase-a-mans-da-deputacion\/#primaryimage"},"thumbnailUrl":"https:\/\/agrupacionespsoe.es\/acoruna\/wp-content\/uploads\/sites\/198\/2024\/08\/PSdeG-cubo.jpg","keywords":["Bater\u00edas de Costa de Ferrolterra","Deputaci\u00f3n","Estaca de Bares","Ma\u00f1\u00f3n","Mart\u00edn Rego","Pleno","Pol\u00edtica Municipal","PSdeG-PSOE"],"articleSection":["Deputaci\u00f3n da Coru\u00f1a","Ma\u00f1\u00f3n","Pol\u00edtica Municipal"],"inLanguage":"es","potentialAction":[{"@type":"CommentAction","name":"Comment","target":["https:\/\/agrupacionespsoe.es\/acoruna\/o-pleno-de-manon-aproba-a-mocion-do-psoe-para-que-a-base-militar-de-estaca-de-bares-pase-a-mans-da-deputacion\/#respond"]}]},{"@type":"WebPage","@id":"https:\/\/agrupacionespsoe.es\/acoruna\/o-pleno-de-manon-aproba-a-mocion-do-psoe-para-que-a-base-militar-de-estaca-de-bares-pase-a-mans-da-deputacion\/","url":"https:\/\/agrupacionespsoe.es\/acoruna\/o-pleno-de-manon-aproba-a-mocion-do-psoe-para-que-a-base-militar-de-estaca-de-bares-pase-a-mans-da-deputacion\/","name":"O Pleno de Ma\u00f1\u00f3n aproba a moci\u00f3n do PSOE para que a base militar de Estaca de Bares pase a mans da Deputaci\u00f3n - Agrupaci\u00f3n Provincial da Coru\u00f1a PSOE","isPartOf":{"@id":"https:\/\/agrupacionespsoe.es\/acoruna\/#website"},"primaryImageOfPage":{"@id":"https:\/\/agrupacionespsoe.es\/acoruna\/o-pleno-de-manon-aproba-a-mocion-do-psoe-para-que-a-base-militar-de-estaca-de-bares-pase-a-mans-da-deputacion\/#primaryimage"},"image":{"@id":"https:\/\/agrupacionespsoe.es\/acoruna\/o-pleno-de-manon-aproba-a-mocion-do-psoe-para-que-a-base-militar-de-estaca-de-bares-pase-a-mans-da-deputacion\/#primaryimage"},"thumbnailUrl":"https:\/\/agrupacionespsoe.es\/acoruna\/wp-content\/uploads\/sites\/198\/2024\/08\/PSdeG-cubo.jpg","datePublished":"2025-12-01T16:04:56+00:00","dateModified":"2025-12-01T16:04:58+00:00","description":"A iniciativa permitir\u00e1 que a antiga base sexa rehabilitada e integrada na rede provincial de bater\u00edas de costa, co obxectivo de rescatala do abandono dado o seu valor hist\u00f3rico, patrimonial e estrat\u00e9xico.","breadcrumb":{"@id":"https:\/\/agrupacionespsoe.es\/acoruna\/o-pleno-de-manon-aproba-a-mocion-do-psoe-para-que-a-base-militar-de-estaca-de-bares-pase-a-mans-da-deputacion\/#breadcrumb"},"inLanguage":"es","potentialAction":[{"@type":"ReadAction","target":["https:\/\/agrupacionespsoe.es\/acoruna\/o-pleno-de-manon-aproba-a-mocion-do-psoe-para-que-a-base-militar-de-estaca-de-bares-pase-a-mans-da-deputacion\/"]}]},{"@type":"ImageObject","inLanguage":"es","@id":"https:\/\/agrupacionespsoe.es\/acoruna\/o-pleno-de-manon-aproba-a-mocion-do-psoe-para-que-a-base-militar-de-estaca-de-bares-pase-a-mans-da-deputacion\/#primaryimage","url":"https:\/\/agrupacionespsoe.es\/acoruna\/wp-content\/uploads\/sites\/198\/2024\/08\/PSdeG-cubo.jpg","contentUrl":"https:\/\/agrupacionespsoe.es\/acoruna\/wp-content\/uploads\/sites\/198\/2024\/08\/PSdeG-cubo.jpg","width":731,"height":724},{"@type":"BreadcrumbList","@id":"https:\/\/agrupacionespsoe.es\/acoruna\/o-pleno-de-manon-aproba-a-mocion-do-psoe-para-que-a-base-militar-de-estaca-de-bares-pase-a-mans-da-deputacion\/#breadcrumb","itemListElement":[{"@type":"ListItem","position":1,"name":"Portada","item":"https:\/\/agrupacionespsoe.es\/acoruna\/"},{"@type":"ListItem","position":2,"name":"O Pleno de Ma\u00f1\u00f3n aproba a moci\u00f3n do PSOE para que a base militar de Estaca de Bares pase a mans da Deputaci\u00f3n"}]},{"@type":"WebSite","@id":"https:\/\/agrupacionespsoe.es\/acoruna\/#website","url":"https:\/\/agrupacionespsoe.es\/acoruna\/","name":"Agrupaci\u00f3n Provincial da Coru\u00f1a PSOE","description":"Provincial PSdeG-PSOE da Coru\u00f1a","publisher":{"@id":"https:\/\/agrupacionespsoe.es\/acoruna\/#organization"},"potentialAction":[{"@type":"SearchAction","target":{"@type":"EntryPoint","urlTemplate":"https:\/\/agrupacionespsoe.es\/acoruna\/?s={search_term_string}"},"query-input":{"@type":"PropertyValueSpecification","valueRequired":true,"valueName":"search_term_string"}}],"inLanguage":"es"},{"@type":"Organization","@id":"https:\/\/agrupacionespsoe.es\/acoruna\/#organization","name":"Agrupaci\u00f3n Provincial da Coru\u00f1a PSOE","url":"https:\/\/agrupacionespsoe.es\/acoruna\/","logo":{"@type":"ImageObject","inLanguage":"es","@id":"https:\/\/agrupacionespsoe.es\/acoruna\/#\/schema\/logo\/image\/","url":"https:\/\/agrupacionespsoe.es\/wp-content\/uploads\/2022\/07\/Logotipo_electoral_del_PSOE.png","contentUrl":"https:\/\/agrupacionespsoe.es\/wp-content\/uploads\/2022\/07\/Logotipo_electoral_del_PSOE.png","width":422,"height":422,"caption":"Agrupaci\u00f3n Provincial da Coru\u00f1a PSOE"},"image":{"@id":"https:\/\/agrupacionespsoe.es\/acoruna\/#\/schema\/logo\/image\/"}},{"@type":"Person","@id":"https:\/\/agrupacionespsoe.es\/acoruna\/#\/schema\/person\/dbf2b36187b136d06a53f7937d5d5af9","name":"Olympia M\u00e9ndez","image":{"@type":"ImageObject","inLanguage":"es","@id":"https:\/\/agrupacionespsoe.es\/acoruna\/#\/schema\/person\/image\/","url":"https:\/\/secure.gravatar.com\/avatar\/12db1fb8bfe20deb7a2d4ddc95b9042b?s=96&d=mm&r=g","contentUrl":"https:\/\/secure.gravatar.com\/avatar\/12db1fb8bfe20deb7a2d4ddc95b9042b?s=96&d=mm&r=g","caption":"Olympia M\u00e9ndez"},"url":"https:\/\/agrupacionespsoe.es\/acoruna\/author\/acoruna2\/"}]}},"jetpack_featured_media_url":"https:\/\/agrupacionespsoe.es\/acoruna\/wp-content\/uploads\/sites\/198\/2024\/08\/PSdeG-cubo.jpg","jetpack_sharing_enabled":true,"jetpack_likes_enabled":true,"_links":{"self":[{"href":"https:\/\/agrupacionespsoe.es\/acoruna\/wp-json\/wp\/v2\/posts\/2484","targetHints":{"allow":["GET"]}}],"collection":[{"href":"https:\/\/agrupacionespsoe.es\/acoruna\/wp-json\/wp\/v2\/posts"}],"about":[{"href":"https:\/\/agrupacionespsoe.es\/acoruna\/wp-json\/wp\/v2\/types\/post"}],"author":[{"embeddable":true,"href":"https:\/\/agrupacionespsoe.es\/acoruna\/wp-json\/wp\/v2\/users\/282"}],"replies":[{"embeddable":true,"href":"https:\/\/agrupacionespsoe.es\/acoruna\/wp-json\/wp\/v2\/comments?post=2484"}],"version-history":[{"count":2,"href":"https:\/\/agrupacionespsoe.es\/acoruna\/wp-json\/wp\/v2\/posts\/2484\/revisions"}],"predecessor-version":[{"id":2486,"href":"https:\/\/agrupacionespsoe.es\/acoruna\/wp-json\/wp\/v2\/posts\/2484\/revisions\/2486"}],"wp:featuredmedia":[{"embeddable":true,"href":"https:\/\/agrupacionespsoe.es\/acoruna\/wp-json\/wp\/v2\/media\/791"}],"wp:attachment":[{"href":"https:\/\/agrupacionespsoe.es\/acoruna\/wp-json\/wp\/v2\/media?parent=2484"}],"wp:term":[{"taxonomy":"category","embeddable":true,"href":"https:\/\/agrupacionespsoe.es\/acoruna\/wp-json\/wp\/v2\/categories?post=2484"},{"taxonomy":"post_tag","embeddable":true,"href":"https:\/\/agrupacionespsoe.es\/acoruna\/wp-json\/wp\/v2\/tags?post=2484"}],"curies":[{"name":"wp","href":"https:\/\/api.w.org\/{rel}","templated":true}]}}