{"id":2191,"date":"2025-10-23T15:52:32","date_gmt":"2025-10-23T13:52:32","guid":{"rendered":"https:\/\/agrupacionespsoe.es\/acoruna\/?p=2191"},"modified":"2025-10-23T15:52:33","modified_gmt":"2025-10-23T13:52:33","slug":"o-psoe-da-laracha-solicita-a-convocatoria-urxente-da-xunta-local-de-seguridade-ante-a-falta-de-efectivos-da-policia-local","status":"publish","type":"post","link":"https:\/\/agrupacionespsoe.es\/acoruna\/o-psoe-da-laracha-solicita-a-convocatoria-urxente-da-xunta-local-de-seguridade-ante-a-falta-de-efectivos-da-policia-local\/","title":{"rendered":"O PSOE da Laracha solicita a convocatoria urxente da Xunta Local de seguridade ante a falta de efectivos da Polic\u00eda Local"},"content":{"rendered":"\n<ul class=\"wp-block-list\">\n<li><strong>In\u00e9s Ramos L\u00f3pez\u00a0sinala\u00a0que a convocatoria &#8220;non pode demorarse\u00a0m\u00e1is\u00a0ante a evidente\u00a0necesidade\u00a0de reforzar o\u00a0servizo\u00a0e ofrecer \u00e1 veci\u00f1anza a tranquilidade que merece&#8221;<\/strong><\/li>\n<\/ul>\n\n\n\n<section class=\"wp-block-psoe-separador bg-primary px-2\"><hr class=\"color-white bg-white opacity-1 h-[1px] w-full\" \/><\/section>\n\n\n\n<p class=\"has-medium-font-size\">A voceira do Grupo Municipal Socialista da Laracha, In\u00e9s Ramos, presentou a trav\u00e9s da sede electr\u00f3nica do Concello unha solicitude formal para a convocatoria urxente da Xunta Local de Seguridade, debido ao que califica de &#8220;preocupante falla de efectivos da Polic\u00eda Local no municipio&#8221;.<\/p>\n\n\n\n<p class=\"has-medium-font-size\">&#8220;Desde o grupo socialista observamos problemas crecientes na atenci\u00f3n cidad\u00e1, no control do tr\u00e1fico e na prevenci\u00f3n de condutas inc\u00edvicas, derivados da escaseza de axentes dispo\u00f1ibles, unha situaci\u00f3n que est\u00e1 a xerar inseguridade e preocupaci\u00f3n entre a veci\u00f1anza&#8221;, indica Ramos.<\/p>\n\n\n\n<p class=\"has-medium-font-size\">A voceira socialista local subli\u00f1a que \u201ca seguridade cidad\u00e1 \u00e9 unha prioridade que require coordinaci\u00f3n e resposta inmediata por parte de todas as administraci\u00f3ns implicadas\u201d.<\/p>\n\n\n\n<p class=\"has-medium-font-size\">Por esta raz\u00f3n, o PSOE da Laracha solicita que na xuntanza da Xunta Local de Seguridade participen a Alcald\u00eda, representantes da Polic\u00eda Local, da Garda Civil e tam\u00e9n a Subdelegaci\u00f3n do Goberno na Coru\u00f1a, co obxectivo de avaliar a situaci\u00f3n e impulsar medidas efectivas que garantan unha presenza policial axeitada en todo o termo municipal.<\/p>\n\n\n\n<p class=\"has-medium-font-size\">A portavoz do PSdeG-PSOE local lembra que a Xunta Local de Seguridade \u00e9 o \u00f3rgano de coordinaci\u00f3n entre corpos e instituci\u00f3ns responsables da seguridade cidad\u00e1, e considera que a s\u00faa convocatoria &#8220;non pode demorarse m\u00e1is ante a evidente necesidade de reforzar o servizo e ofrecer \u00e1 veci\u00f1anza a tranquilidade que merece\u201d.<\/p>\n\n\n\n<section class=\"wp-block-psoe-separador bg-primary px-2\"><hr class=\"color-white bg-white opacity-1 h-[1px] w-full\" \/><\/section>\n\n\n\n<figure class=\"wp-block-video aligncenter\"><video controls src=\"https:\/\/agrupacionespsoe.es\/acoruna\/wp-content\/uploads\/sites\/198\/2025\/10\/Audio-Ines-Ramos-Lopez-xunta-local-de-seguridade.mp4\"><\/video><figcaption class=\"wp-element-caption\">In\u00e9s Ramos sobre a Xunta Local de Seguridade &#8211; out25<\/figcaption><\/figure>\n","protected":false},"excerpt":{"rendered":"<p>A voceira do Grupo Municipal Socialista da Laracha, In\u00e9s Ramos, presentou a trav\u00e9s da sede electr\u00f3nica do Concello unha solicitude formal para a convocatoria urxente da Xunta Local de Seguridade, debido ao que califica de &#8220;preocupante falla de efectivos da Polic\u00eda Local no municipio&#8221;. &#8220;Desde o grupo socialista observamos problemas crecientes na atenci\u00f3n cidad\u00e1, no &#8230;<\/p>\n","protected":false},"author":282,"featured_media":954,"comment_status":"open","ping_status":"open","sticky":false,"template":"","format":"standard","meta":{"_jetpack_memberships_contains_paid_content":false,"footnotes":""},"categories":[97,221,323],"tags":[103,355,275,95,22,325],"class_list":["post-2191","post","type-post","status-publish","format-standard","has-post-thumbnail","hentry","category-a-laracha","category-politica-municipal","category-seguridade","tag-a-laracha","tag-ines-ramos","tag-policia-local","tag-politica-municipal","tag-psdeg-psoe","tag-seguridade"],"yoast_head":"<!-- This site is optimized with the Yoast SEO plugin v24.0 - https:\/\/yoast.com\/wordpress\/plugins\/seo\/ -->\n<title>O PSOE da Laracha solicita a convocatoria urxente da Xunta Local de seguridade ante a falta de efectivos da Polic\u00eda Local - Agrupaci\u00f3n Provincial da Coru\u00f1a PSOE<\/title>\n<meta name=\"description\" content=\"In\u00e9s Ramos L\u00f3pez\u00a0sinala\u00a0que a convocatoria &quot;non pode demorarse\u00a0m\u00e1is\u00a0ante a evidente\u00a0necesidade\u00a0de reforzar o\u00a0servizo\u00a0e ofrecer \u00e1 veci\u00f1anza a tranquilidade que merece&quot;.\" \/>\n<meta name=\"robots\" content=\"index, follow, max-snippet:-1, max-image-preview:large, max-video-preview:-1\" \/>\n<link rel=\"canonical\" href=\"https:\/\/agrupacionespsoe.es\/acoruna\/o-psoe-da-laracha-solicita-a-convocatoria-urxente-da-xunta-local-de-seguridade-ante-a-falta-de-efectivos-da-policia-local\/\" \/>\n<meta property=\"og:locale\" content=\"es_ES\" \/>\n<meta property=\"og:type\" content=\"article\" \/>\n<meta property=\"og:title\" content=\"O PSOE da Laracha solicita a convocatoria urxente da Xunta Local de seguridade ante a falta de efectivos da Polic\u00eda Local - Agrupaci\u00f3n Provincial da Coru\u00f1a PSOE\" \/>\n<meta property=\"og:description\" content=\"In\u00e9s Ramos L\u00f3pez\u00a0sinala\u00a0que a convocatoria &quot;non pode demorarse\u00a0m\u00e1is\u00a0ante a evidente\u00a0necesidade\u00a0de reforzar o\u00a0servizo\u00a0e ofrecer \u00e1 veci\u00f1anza a tranquilidade que merece&quot;.\" \/>\n<meta property=\"og:url\" content=\"https:\/\/agrupacionespsoe.es\/acoruna\/o-psoe-da-laracha-solicita-a-convocatoria-urxente-da-xunta-local-de-seguridade-ante-a-falta-de-efectivos-da-policia-local\/\" \/>\n<meta property=\"og:site_name\" content=\"Agrupaci\u00f3n Provincial da Coru\u00f1a PSOE\" \/>\n<meta property=\"article:published_time\" content=\"2025-10-23T13:52:32+00:00\" \/>\n<meta property=\"article:modified_time\" content=\"2025-10-23T13:52:33+00:00\" \/>\n<meta property=\"og:image\" content=\"https:\/\/agrupacionespsoe.es\/acoruna\/wp-content\/uploads\/sites\/198\/2024\/10\/PSOE-A-LARACHA-29-de-outubro.jpg\" \/>\n\t<meta property=\"og:image:width\" content=\"979\" \/>\n\t<meta property=\"og:image:height\" content=\"1110\" \/>\n\t<meta property=\"og:image:type\" content=\"image\/jpeg\" \/>\n<meta name=\"author\" content=\"Olympia M\u00e9ndez\" \/>\n<meta name=\"twitter:card\" content=\"summary_large_image\" \/>\n<meta name=\"twitter:label1\" content=\"Escrito por\" \/>\n\t<meta name=\"twitter:data1\" content=\"Olympia M\u00e9ndez\" \/>\n\t<meta name=\"twitter:label2\" content=\"Tiempo de lectura\" \/>\n\t<meta name=\"twitter:data2\" content=\"2 minutos\" \/>\n<script type=\"application\/ld+json\" class=\"yoast-schema-graph\">{\"@context\":\"https:\/\/schema.org\",\"@graph\":[{\"@type\":\"Article\",\"@id\":\"https:\/\/agrupacionespsoe.es\/acoruna\/o-psoe-da-laracha-solicita-a-convocatoria-urxente-da-xunta-local-de-seguridade-ante-a-falta-de-efectivos-da-policia-local\/#article\",\"isPartOf\":{\"@id\":\"https:\/\/agrupacionespsoe.es\/acoruna\/o-psoe-da-laracha-solicita-a-convocatoria-urxente-da-xunta-local-de-seguridade-ante-a-falta-de-efectivos-da-policia-local\/\"},\"author\":{\"name\":\"Olympia M\u00e9ndez\",\"@id\":\"https:\/\/agrupacionespsoe.es\/acoruna\/#\/schema\/person\/dbf2b36187b136d06a53f7937d5d5af9\"},\"headline\":\"O PSOE da Laracha solicita a convocatoria urxente da Xunta Local de seguridade ante a falta de efectivos da Polic\u00eda Local\",\"datePublished\":\"2025-10-23T13:52:32+00:00\",\"dateModified\":\"2025-10-23T13:52:33+00:00\",\"mainEntityOfPage\":{\"@id\":\"https:\/\/agrupacionespsoe.es\/acoruna\/o-psoe-da-laracha-solicita-a-convocatoria-urxente-da-xunta-local-de-seguridade-ante-a-falta-de-efectivos-da-policia-local\/\"},\"wordCount\":302,\"commentCount\":0,\"publisher\":{\"@id\":\"https:\/\/agrupacionespsoe.es\/acoruna\/#organization\"},\"image\":{\"@id\":\"https:\/\/agrupacionespsoe.es\/acoruna\/o-psoe-da-laracha-solicita-a-convocatoria-urxente-da-xunta-local-de-seguridade-ante-a-falta-de-efectivos-da-policia-local\/#primaryimage\"},\"thumbnailUrl\":\"https:\/\/agrupacionespsoe.es\/acoruna\/wp-content\/uploads\/sites\/198\/2024\/10\/PSOE-A-LARACHA-29-de-outubro.jpg\",\"keywords\":[\"A Laracha\",\"In\u00e9s Ramos\",\"Polic\u00eda Local\",\"Pol\u00edtica Municipal\",\"PSdeG-PSOE\",\"Seguridade\"],\"articleSection\":[\"A Laracha\",\"Pol\u00edtica Municipal\",\"Seguridade\"],\"inLanguage\":\"es\",\"potentialAction\":[{\"@type\":\"CommentAction\",\"name\":\"Comment\",\"target\":[\"https:\/\/agrupacionespsoe.es\/acoruna\/o-psoe-da-laracha-solicita-a-convocatoria-urxente-da-xunta-local-de-seguridade-ante-a-falta-de-efectivos-da-policia-local\/#respond\"]}]},{\"@type\":\"WebPage\",\"@id\":\"https:\/\/agrupacionespsoe.es\/acoruna\/o-psoe-da-laracha-solicita-a-convocatoria-urxente-da-xunta-local-de-seguridade-ante-a-falta-de-efectivos-da-policia-local\/\",\"url\":\"https:\/\/agrupacionespsoe.es\/acoruna\/o-psoe-da-laracha-solicita-a-convocatoria-urxente-da-xunta-local-de-seguridade-ante-a-falta-de-efectivos-da-policia-local\/\",\"name\":\"O PSOE da Laracha solicita a convocatoria urxente da Xunta Local de seguridade ante a falta de efectivos da Polic\u00eda Local - Agrupaci\u00f3n Provincial da Coru\u00f1a PSOE\",\"isPartOf\":{\"@id\":\"https:\/\/agrupacionespsoe.es\/acoruna\/#website\"},\"primaryImageOfPage\":{\"@id\":\"https:\/\/agrupacionespsoe.es\/acoruna\/o-psoe-da-laracha-solicita-a-convocatoria-urxente-da-xunta-local-de-seguridade-ante-a-falta-de-efectivos-da-policia-local\/#primaryimage\"},\"image\":{\"@id\":\"https:\/\/agrupacionespsoe.es\/acoruna\/o-psoe-da-laracha-solicita-a-convocatoria-urxente-da-xunta-local-de-seguridade-ante-a-falta-de-efectivos-da-policia-local\/#primaryimage\"},\"thumbnailUrl\":\"https:\/\/agrupacionespsoe.es\/acoruna\/wp-content\/uploads\/sites\/198\/2024\/10\/PSOE-A-LARACHA-29-de-outubro.jpg\",\"datePublished\":\"2025-10-23T13:52:32+00:00\",\"dateModified\":\"2025-10-23T13:52:33+00:00\",\"description\":\"In\u00e9s Ramos L\u00f3pez\u00a0sinala\u00a0que a convocatoria \\\"non pode demorarse\u00a0m\u00e1is\u00a0ante a evidente\u00a0necesidade\u00a0de reforzar o\u00a0servizo\u00a0e ofrecer \u00e1 veci\u00f1anza a tranquilidade que merece\\\".\",\"breadcrumb\":{\"@id\":\"https:\/\/agrupacionespsoe.es\/acoruna\/o-psoe-da-laracha-solicita-a-convocatoria-urxente-da-xunta-local-de-seguridade-ante-a-falta-de-efectivos-da-policia-local\/#breadcrumb\"},\"inLanguage\":\"es\",\"potentialAction\":[{\"@type\":\"ReadAction\",\"target\":[\"https:\/\/agrupacionespsoe.es\/acoruna\/o-psoe-da-laracha-solicita-a-convocatoria-urxente-da-xunta-local-de-seguridade-ante-a-falta-de-efectivos-da-policia-local\/\"]}]},{\"@type\":\"ImageObject\",\"inLanguage\":\"es\",\"@id\":\"https:\/\/agrupacionespsoe.es\/acoruna\/o-psoe-da-laracha-solicita-a-convocatoria-urxente-da-xunta-local-de-seguridade-ante-a-falta-de-efectivos-da-policia-local\/#primaryimage\",\"url\":\"https:\/\/agrupacionespsoe.es\/acoruna\/wp-content\/uploads\/sites\/198\/2024\/10\/PSOE-A-LARACHA-29-de-outubro.jpg\",\"contentUrl\":\"https:\/\/agrupacionespsoe.es\/acoruna\/wp-content\/uploads\/sites\/198\/2024\/10\/PSOE-A-LARACHA-29-de-outubro.jpg\",\"width\":979,\"height\":1110},{\"@type\":\"BreadcrumbList\",\"@id\":\"https:\/\/agrupacionespsoe.es\/acoruna\/o-psoe-da-laracha-solicita-a-convocatoria-urxente-da-xunta-local-de-seguridade-ante-a-falta-de-efectivos-da-policia-local\/#breadcrumb\",\"itemListElement\":[{\"@type\":\"ListItem\",\"position\":1,\"name\":\"Portada\",\"item\":\"https:\/\/agrupacionespsoe.es\/acoruna\/\"},{\"@type\":\"ListItem\",\"position\":2,\"name\":\"O PSOE da Laracha solicita a convocatoria urxente da Xunta Local de seguridade ante a falta de efectivos da Polic\u00eda Local\"}]},{\"@type\":\"WebSite\",\"@id\":\"https:\/\/agrupacionespsoe.es\/acoruna\/#website\",\"url\":\"https:\/\/agrupacionespsoe.es\/acoruna\/\",\"name\":\"Agrupaci\u00f3n Provincial da Coru\u00f1a PSOE\",\"description\":\"Provincial PSdeG-PSOE da Coru\u00f1a\",\"publisher\":{\"@id\":\"https:\/\/agrupacionespsoe.es\/acoruna\/#organization\"},\"potentialAction\":[{\"@type\":\"SearchAction\",\"target\":{\"@type\":\"EntryPoint\",\"urlTemplate\":\"https:\/\/agrupacionespsoe.es\/acoruna\/?s={search_term_string}\"},\"query-input\":{\"@type\":\"PropertyValueSpecification\",\"valueRequired\":true,\"valueName\":\"search_term_string\"}}],\"inLanguage\":\"es\"},{\"@type\":\"Organization\",\"@id\":\"https:\/\/agrupacionespsoe.es\/acoruna\/#organization\",\"name\":\"Agrupaci\u00f3n Provincial da Coru\u00f1a PSOE\",\"url\":\"https:\/\/agrupacionespsoe.es\/acoruna\/\",\"logo\":{\"@type\":\"ImageObject\",\"inLanguage\":\"es\",\"@id\":\"https:\/\/agrupacionespsoe.es\/acoruna\/#\/schema\/logo\/image\/\",\"url\":\"https:\/\/agrupacionespsoe.es\/wp-content\/uploads\/2022\/07\/Logotipo_electoral_del_PSOE.png\",\"contentUrl\":\"https:\/\/agrupacionespsoe.es\/wp-content\/uploads\/2022\/07\/Logotipo_electoral_del_PSOE.png\",\"width\":422,\"height\":422,\"caption\":\"Agrupaci\u00f3n Provincial da Coru\u00f1a PSOE\"},\"image\":{\"@id\":\"https:\/\/agrupacionespsoe.es\/acoruna\/#\/schema\/logo\/image\/\"}},{\"@type\":\"Person\",\"@id\":\"https:\/\/agrupacionespsoe.es\/acoruna\/#\/schema\/person\/dbf2b36187b136d06a53f7937d5d5af9\",\"name\":\"Olympia M\u00e9ndez\",\"image\":{\"@type\":\"ImageObject\",\"inLanguage\":\"es\",\"@id\":\"https:\/\/agrupacionespsoe.es\/acoruna\/#\/schema\/person\/image\/\",\"url\":\"https:\/\/secure.gravatar.com\/avatar\/12db1fb8bfe20deb7a2d4ddc95b9042b?s=96&d=mm&r=g\",\"contentUrl\":\"https:\/\/secure.gravatar.com\/avatar\/12db1fb8bfe20deb7a2d4ddc95b9042b?s=96&d=mm&r=g\",\"caption\":\"Olympia M\u00e9ndez\"},\"url\":\"https:\/\/agrupacionespsoe.es\/acoruna\/author\/acoruna2\/\"}]}<\/script>\n<!-- \/ Yoast SEO plugin. -->","yoast_head_json":{"title":"O PSOE da Laracha solicita a convocatoria urxente da Xunta Local de seguridade ante a falta de efectivos da Polic\u00eda Local - Agrupaci\u00f3n Provincial da Coru\u00f1a PSOE","description":"In\u00e9s Ramos L\u00f3pez\u00a0sinala\u00a0que a convocatoria \"non pode demorarse\u00a0m\u00e1is\u00a0ante a evidente\u00a0necesidade\u00a0de reforzar o\u00a0servizo\u00a0e ofrecer \u00e1 veci\u00f1anza a tranquilidade que merece\".","robots":{"index":"index","follow":"follow","max-snippet":"max-snippet:-1","max-image-preview":"max-image-preview:large","max-video-preview":"max-video-preview:-1"},"canonical":"https:\/\/agrupacionespsoe.es\/acoruna\/o-psoe-da-laracha-solicita-a-convocatoria-urxente-da-xunta-local-de-seguridade-ante-a-falta-de-efectivos-da-policia-local\/","og_locale":"es_ES","og_type":"article","og_title":"O PSOE da Laracha solicita a convocatoria urxente da Xunta Local de seguridade ante a falta de efectivos da Polic\u00eda Local - Agrupaci\u00f3n Provincial da Coru\u00f1a PSOE","og_description":"In\u00e9s Ramos L\u00f3pez\u00a0sinala\u00a0que a convocatoria \"non pode demorarse\u00a0m\u00e1is\u00a0ante a evidente\u00a0necesidade\u00a0de reforzar o\u00a0servizo\u00a0e ofrecer \u00e1 veci\u00f1anza a tranquilidade que merece\".","og_url":"https:\/\/agrupacionespsoe.es\/acoruna\/o-psoe-da-laracha-solicita-a-convocatoria-urxente-da-xunta-local-de-seguridade-ante-a-falta-de-efectivos-da-policia-local\/","og_site_name":"Agrupaci\u00f3n Provincial da Coru\u00f1a PSOE","article_published_time":"2025-10-23T13:52:32+00:00","article_modified_time":"2025-10-23T13:52:33+00:00","og_image":[{"width":979,"height":1110,"url":"https:\/\/agrupacionespsoe.es\/acoruna\/wp-content\/uploads\/sites\/198\/2024\/10\/PSOE-A-LARACHA-29-de-outubro.jpg","type":"image\/jpeg"}],"author":"Olympia M\u00e9ndez","twitter_card":"summary_large_image","twitter_misc":{"Escrito por":"Olympia M\u00e9ndez","Tiempo de lectura":"2 minutos"},"schema":{"@context":"https:\/\/schema.org","@graph":[{"@type":"Article","@id":"https:\/\/agrupacionespsoe.es\/acoruna\/o-psoe-da-laracha-solicita-a-convocatoria-urxente-da-xunta-local-de-seguridade-ante-a-falta-de-efectivos-da-policia-local\/#article","isPartOf":{"@id":"https:\/\/agrupacionespsoe.es\/acoruna\/o-psoe-da-laracha-solicita-a-convocatoria-urxente-da-xunta-local-de-seguridade-ante-a-falta-de-efectivos-da-policia-local\/"},"author":{"name":"Olympia M\u00e9ndez","@id":"https:\/\/agrupacionespsoe.es\/acoruna\/#\/schema\/person\/dbf2b36187b136d06a53f7937d5d5af9"},"headline":"O PSOE da Laracha solicita a convocatoria urxente da Xunta Local de seguridade ante a falta de efectivos da Polic\u00eda Local","datePublished":"2025-10-23T13:52:32+00:00","dateModified":"2025-10-23T13:52:33+00:00","mainEntityOfPage":{"@id":"https:\/\/agrupacionespsoe.es\/acoruna\/o-psoe-da-laracha-solicita-a-convocatoria-urxente-da-xunta-local-de-seguridade-ante-a-falta-de-efectivos-da-policia-local\/"},"wordCount":302,"commentCount":0,"publisher":{"@id":"https:\/\/agrupacionespsoe.es\/acoruna\/#organization"},"image":{"@id":"https:\/\/agrupacionespsoe.es\/acoruna\/o-psoe-da-laracha-solicita-a-convocatoria-urxente-da-xunta-local-de-seguridade-ante-a-falta-de-efectivos-da-policia-local\/#primaryimage"},"thumbnailUrl":"https:\/\/agrupacionespsoe.es\/acoruna\/wp-content\/uploads\/sites\/198\/2024\/10\/PSOE-A-LARACHA-29-de-outubro.jpg","keywords":["A Laracha","In\u00e9s Ramos","Polic\u00eda Local","Pol\u00edtica Municipal","PSdeG-PSOE","Seguridade"],"articleSection":["A Laracha","Pol\u00edtica Municipal","Seguridade"],"inLanguage":"es","potentialAction":[{"@type":"CommentAction","name":"Comment","target":["https:\/\/agrupacionespsoe.es\/acoruna\/o-psoe-da-laracha-solicita-a-convocatoria-urxente-da-xunta-local-de-seguridade-ante-a-falta-de-efectivos-da-policia-local\/#respond"]}]},{"@type":"WebPage","@id":"https:\/\/agrupacionespsoe.es\/acoruna\/o-psoe-da-laracha-solicita-a-convocatoria-urxente-da-xunta-local-de-seguridade-ante-a-falta-de-efectivos-da-policia-local\/","url":"https:\/\/agrupacionespsoe.es\/acoruna\/o-psoe-da-laracha-solicita-a-convocatoria-urxente-da-xunta-local-de-seguridade-ante-a-falta-de-efectivos-da-policia-local\/","name":"O PSOE da Laracha solicita a convocatoria urxente da Xunta Local de seguridade ante a falta de efectivos da Polic\u00eda Local - Agrupaci\u00f3n Provincial da Coru\u00f1a PSOE","isPartOf":{"@id":"https:\/\/agrupacionespsoe.es\/acoruna\/#website"},"primaryImageOfPage":{"@id":"https:\/\/agrupacionespsoe.es\/acoruna\/o-psoe-da-laracha-solicita-a-convocatoria-urxente-da-xunta-local-de-seguridade-ante-a-falta-de-efectivos-da-policia-local\/#primaryimage"},"image":{"@id":"https:\/\/agrupacionespsoe.es\/acoruna\/o-psoe-da-laracha-solicita-a-convocatoria-urxente-da-xunta-local-de-seguridade-ante-a-falta-de-efectivos-da-policia-local\/#primaryimage"},"thumbnailUrl":"https:\/\/agrupacionespsoe.es\/acoruna\/wp-content\/uploads\/sites\/198\/2024\/10\/PSOE-A-LARACHA-29-de-outubro.jpg","datePublished":"2025-10-23T13:52:32+00:00","dateModified":"2025-10-23T13:52:33+00:00","description":"In\u00e9s Ramos L\u00f3pez\u00a0sinala\u00a0que a convocatoria \"non pode demorarse\u00a0m\u00e1is\u00a0ante a evidente\u00a0necesidade\u00a0de reforzar o\u00a0servizo\u00a0e ofrecer \u00e1 veci\u00f1anza a tranquilidade que merece\".","breadcrumb":{"@id":"https:\/\/agrupacionespsoe.es\/acoruna\/o-psoe-da-laracha-solicita-a-convocatoria-urxente-da-xunta-local-de-seguridade-ante-a-falta-de-efectivos-da-policia-local\/#breadcrumb"},"inLanguage":"es","potentialAction":[{"@type":"ReadAction","target":["https:\/\/agrupacionespsoe.es\/acoruna\/o-psoe-da-laracha-solicita-a-convocatoria-urxente-da-xunta-local-de-seguridade-ante-a-falta-de-efectivos-da-policia-local\/"]}]},{"@type":"ImageObject","inLanguage":"es","@id":"https:\/\/agrupacionespsoe.es\/acoruna\/o-psoe-da-laracha-solicita-a-convocatoria-urxente-da-xunta-local-de-seguridade-ante-a-falta-de-efectivos-da-policia-local\/#primaryimage","url":"https:\/\/agrupacionespsoe.es\/acoruna\/wp-content\/uploads\/sites\/198\/2024\/10\/PSOE-A-LARACHA-29-de-outubro.jpg","contentUrl":"https:\/\/agrupacionespsoe.es\/acoruna\/wp-content\/uploads\/sites\/198\/2024\/10\/PSOE-A-LARACHA-29-de-outubro.jpg","width":979,"height":1110},{"@type":"BreadcrumbList","@id":"https:\/\/agrupacionespsoe.es\/acoruna\/o-psoe-da-laracha-solicita-a-convocatoria-urxente-da-xunta-local-de-seguridade-ante-a-falta-de-efectivos-da-policia-local\/#breadcrumb","itemListElement":[{"@type":"ListItem","position":1,"name":"Portada","item":"https:\/\/agrupacionespsoe.es\/acoruna\/"},{"@type":"ListItem","position":2,"name":"O PSOE da Laracha solicita a convocatoria urxente da Xunta Local de seguridade ante a falta de efectivos da Polic\u00eda Local"}]},{"@type":"WebSite","@id":"https:\/\/agrupacionespsoe.es\/acoruna\/#website","url":"https:\/\/agrupacionespsoe.es\/acoruna\/","name":"Agrupaci\u00f3n Provincial da Coru\u00f1a PSOE","description":"Provincial PSdeG-PSOE da Coru\u00f1a","publisher":{"@id":"https:\/\/agrupacionespsoe.es\/acoruna\/#organization"},"potentialAction":[{"@type":"SearchAction","target":{"@type":"EntryPoint","urlTemplate":"https:\/\/agrupacionespsoe.es\/acoruna\/?s={search_term_string}"},"query-input":{"@type":"PropertyValueSpecification","valueRequired":true,"valueName":"search_term_string"}}],"inLanguage":"es"},{"@type":"Organization","@id":"https:\/\/agrupacionespsoe.es\/acoruna\/#organization","name":"Agrupaci\u00f3n Provincial da Coru\u00f1a PSOE","url":"https:\/\/agrupacionespsoe.es\/acoruna\/","logo":{"@type":"ImageObject","inLanguage":"es","@id":"https:\/\/agrupacionespsoe.es\/acoruna\/#\/schema\/logo\/image\/","url":"https:\/\/agrupacionespsoe.es\/wp-content\/uploads\/2022\/07\/Logotipo_electoral_del_PSOE.png","contentUrl":"https:\/\/agrupacionespsoe.es\/wp-content\/uploads\/2022\/07\/Logotipo_electoral_del_PSOE.png","width":422,"height":422,"caption":"Agrupaci\u00f3n Provincial da Coru\u00f1a PSOE"},"image":{"@id":"https:\/\/agrupacionespsoe.es\/acoruna\/#\/schema\/logo\/image\/"}},{"@type":"Person","@id":"https:\/\/agrupacionespsoe.es\/acoruna\/#\/schema\/person\/dbf2b36187b136d06a53f7937d5d5af9","name":"Olympia M\u00e9ndez","image":{"@type":"ImageObject","inLanguage":"es","@id":"https:\/\/agrupacionespsoe.es\/acoruna\/#\/schema\/person\/image\/","url":"https:\/\/secure.gravatar.com\/avatar\/12db1fb8bfe20deb7a2d4ddc95b9042b?s=96&d=mm&r=g","contentUrl":"https:\/\/secure.gravatar.com\/avatar\/12db1fb8bfe20deb7a2d4ddc95b9042b?s=96&d=mm&r=g","caption":"Olympia M\u00e9ndez"},"url":"https:\/\/agrupacionespsoe.es\/acoruna\/author\/acoruna2\/"}]}},"jetpack_featured_media_url":"https:\/\/agrupacionespsoe.es\/acoruna\/wp-content\/uploads\/sites\/198\/2024\/10\/PSOE-A-LARACHA-29-de-outubro.jpg","jetpack_sharing_enabled":true,"jetpack_likes_enabled":true,"_links":{"self":[{"href":"https:\/\/agrupacionespsoe.es\/acoruna\/wp-json\/wp\/v2\/posts\/2191","targetHints":{"allow":["GET"]}}],"collection":[{"href":"https:\/\/agrupacionespsoe.es\/acoruna\/wp-json\/wp\/v2\/posts"}],"about":[{"href":"https:\/\/agrupacionespsoe.es\/acoruna\/wp-json\/wp\/v2\/types\/post"}],"author":[{"embeddable":true,"href":"https:\/\/agrupacionespsoe.es\/acoruna\/wp-json\/wp\/v2\/users\/282"}],"replies":[{"embeddable":true,"href":"https:\/\/agrupacionespsoe.es\/acoruna\/wp-json\/wp\/v2\/comments?post=2191"}],"version-history":[{"count":2,"href":"https:\/\/agrupacionespsoe.es\/acoruna\/wp-json\/wp\/v2\/posts\/2191\/revisions"}],"predecessor-version":[{"id":2194,"href":"https:\/\/agrupacionespsoe.es\/acoruna\/wp-json\/wp\/v2\/posts\/2191\/revisions\/2194"}],"wp:featuredmedia":[{"embeddable":true,"href":"https:\/\/agrupacionespsoe.es\/acoruna\/wp-json\/wp\/v2\/media\/954"}],"wp:attachment":[{"href":"https:\/\/agrupacionespsoe.es\/acoruna\/wp-json\/wp\/v2\/media?parent=2191"}],"wp:term":[{"taxonomy":"category","embeddable":true,"href":"https:\/\/agrupacionespsoe.es\/acoruna\/wp-json\/wp\/v2\/categories?post=2191"},{"taxonomy":"post_tag","embeddable":true,"href":"https:\/\/agrupacionespsoe.es\/acoruna\/wp-json\/wp\/v2\/tags?post=2191"}],"curies":[{"name":"wp","href":"https:\/\/api.w.org\/{rel}","templated":true}]}}