{"id":1788,"date":"2025-07-23T13:40:46","date_gmt":"2025-07-23T11:40:46","guid":{"rendered":"https:\/\/agrupacionespsoe.es\/acoruna\/?p=1788"},"modified":"2025-07-23T13:40:47","modified_gmt":"2025-07-23T11:40:47","slug":"jorge-dominguez-castro-concelleiro-do-psdeg-de-corcubion-novo-coordinador-comarcal-da-costa-atlantica","status":"publish","type":"post","link":"https:\/\/agrupacionespsoe.es\/acoruna\/jorge-dominguez-castro-concelleiro-do-psdeg-de-corcubion-novo-coordinador-comarcal-da-costa-atlantica\/","title":{"rendered":"Jorge Dom\u00ednguez Castro, concelleiro do PSdeG de Corcubi\u00f3n, novo coordinador comarcal da Costa Atl\u00e1ntica"},"content":{"rendered":"\n<p><strong>&#8211; O coordinador foi elixido por unanimidade e anuncia un novo tempo de traballo e demandas para a comarca<\/strong>.<\/p>\n\n\n\n<section class=\"wp-block-psoe-separador bg-primary px-2\"><hr class=\"color-white bg-white opacity-1 h-[1px] w-full\" \/><\/section>\n\n\n\n<p class=\"has-medium-font-size\">O pasado luns a comarca da Costa Atl\u00e1ntica escolleu o novo Coordinador Comarcal, Jorge Dom\u00ednguez Castro, que foi apoiado de forma un\u00e1nime por todos os membros. Jorge colleu o cargo con palabras de agradecemento de cara \u00e1s compa\u00f1eiras e compa\u00f1eiros e tam\u00e9n para a coordinadora sa\u00ednte Paula Mouzo, polo traballo feito neste tempo.<\/p>\n\n\n\n<p class=\"has-medium-font-size\">O coordinador comarcal explicou que \u201ctemos que por en valor tanto as nosas alcald\u00edas como a lavor na oposici\u00f3n. Abr\u00e9se un tempo novo para a comarca na que demandaremos melloras para a veci\u00f1anza\u201d.<\/p>\n\n\n\n<p class=\"has-medium-font-size\">Na reuni\u00f3n, na que estiveron acompa\u00f1ados polo Secretario de Militancia, Agrupaci\u00f3ns Locais e adxunto a organizaci\u00f3n da Executiva Provincial da Coru\u00f1a, Rafael Fern\u00e1ndez Beceiro, a comarcal da Costa Atl\u00e1ntica abordou o novo plan de traballo dos vindeiros anos e tratou temas clave para a zona.<\/p>\n\n\n\n<section class=\"wp-block-psoe-separador bg-primary px-2\"><hr class=\"color-white bg-white opacity-1 h-[1px] w-full\" \/><\/section>\n\n\n\n<figure class=\"wp-block-audio aligncenter\"><audio controls src=\"https:\/\/agrupacionespsoe.es\/acoruna\/wp-content\/uploads\/sites\/198\/2025\/07\/AUDIO-JORGE-DOMINGUEZ-CASTRO_-CONCELLEIRO-DO-PSDEG-DE-CORCUBION_-NOVO-COORDINADOR-COMARCAL-DA-COST.mp3\"><\/audio><figcaption class=\"wp-element-caption\">Declaraci\u00f3ns de Jorge Dom\u00ednguez Castro<\/figcaption><\/figure>\n\n\n\n<section class=\"wp-block-psoe-separador bg-primary px-2\"><hr class=\"color-white bg-white opacity-1 h-[1px] w-full\" \/><\/section>\n\n\n\n<figure class=\"wp-block-gallery has-nested-images columns-default is-cropped wp-block-gallery-1 is-layout-flex wp-block-gallery-is-layout-flex\">\n<figure class=\"wp-block-image aligncenter size-large\"><img loading=\"lazy\" decoding=\"async\" width=\"1024\" height=\"768\" data-id=\"1789\" src=\"https:\/\/agrupacionespsoe.es\/acoruna\/wp-content\/uploads\/sites\/198\/2025\/07\/COMARCAL-DA-COSTA-DA-MORTE-2-1024x768.jpeg\" alt=\"\" class=\"wp-image-1789\" srcset=\"https:\/\/agrupacionespsoe.es\/acoruna\/wp-content\/uploads\/sites\/198\/2025\/07\/COMARCAL-DA-COSTA-DA-MORTE-2-1024x768.jpeg 1024w, https:\/\/agrupacionespsoe.es\/acoruna\/wp-content\/uploads\/sites\/198\/2025\/07\/COMARCAL-DA-COSTA-DA-MORTE-2-300x225.jpeg 300w, https:\/\/agrupacionespsoe.es\/acoruna\/wp-content\/uploads\/sites\/198\/2025\/07\/COMARCAL-DA-COSTA-DA-MORTE-2-768x576.jpeg 768w, https:\/\/agrupacionespsoe.es\/acoruna\/wp-content\/uploads\/sites\/198\/2025\/07\/COMARCAL-DA-COSTA-DA-MORTE-2-1536x1152.jpeg 1536w, https:\/\/agrupacionespsoe.es\/acoruna\/wp-content\/uploads\/sites\/198\/2025\/07\/COMARCAL-DA-COSTA-DA-MORTE-2.jpeg 1600w\" sizes=\"auto, (max-width: 1024px) 100vw, 1024px\" \/><\/figure>\n\n\n\n<figure class=\"wp-block-image aligncenter size-large\"><img loading=\"lazy\" decoding=\"async\" width=\"1024\" height=\"768\" data-id=\"1790\" src=\"https:\/\/agrupacionespsoe.es\/acoruna\/wp-content\/uploads\/sites\/198\/2025\/07\/COMARCAL-DA-COSTA-DA-MORTE-1024x768.jpeg\" alt=\"\" class=\"wp-image-1790\" srcset=\"https:\/\/agrupacionespsoe.es\/acoruna\/wp-content\/uploads\/sites\/198\/2025\/07\/COMARCAL-DA-COSTA-DA-MORTE-1024x768.jpeg 1024w, https:\/\/agrupacionespsoe.es\/acoruna\/wp-content\/uploads\/sites\/198\/2025\/07\/COMARCAL-DA-COSTA-DA-MORTE-300x225.jpeg 300w, https:\/\/agrupacionespsoe.es\/acoruna\/wp-content\/uploads\/sites\/198\/2025\/07\/COMARCAL-DA-COSTA-DA-MORTE-768x576.jpeg 768w, https:\/\/agrupacionespsoe.es\/acoruna\/wp-content\/uploads\/sites\/198\/2025\/07\/COMARCAL-DA-COSTA-DA-MORTE-1536x1152.jpeg 1536w, https:\/\/agrupacionespsoe.es\/acoruna\/wp-content\/uploads\/sites\/198\/2025\/07\/COMARCAL-DA-COSTA-DA-MORTE.jpeg 1600w\" sizes=\"auto, (max-width: 1024px) 100vw, 1024px\" \/><\/figure>\n<\/figure>\n","protected":false},"excerpt":{"rendered":"<p>&#8211; O coordinador foi elixido por unanimidade e anuncia un novo tempo de traballo e demandas para a comarca. O pasado luns a comarca da Costa Atl\u00e1ntica escolleu o novo Coordinador Comarcal, Jorge Dom\u00ednguez Castro, que foi apoiado de forma un\u00e1nime por todos os membros. Jorge colleu o cargo con palabras de agradecemento de cara &#8230;<\/p>\n","protected":false},"author":282,"featured_media":1791,"comment_status":"open","ping_status":"open","sticky":false,"template":"","format":"standard","meta":{"_jetpack_memberships_contains_paid_content":false,"footnotes":""},"categories":[163,521],"tags":[399,529,531,22,24],"class_list":["post-1788","post","type-post","status-publish","format-standard","has-post-thumbnail","hentry","category-agrupacion-provincial-da-coruna","category-costa-da-morte","tag-agrupacion-provincial-da-coruna","tag-coordinadora-comarcal","tag-costa-atlantica","tag-psdeg-psoe","tag-socialistas"],"yoast_head":"<!-- This site is optimized with the Yoast SEO plugin v24.0 - https:\/\/yoast.com\/wordpress\/plugins\/seo\/ -->\n<title>Jorge Dom\u00ednguez Castro, concelleiro do PSdeG de Corcubi\u00f3n, novo coordinador comarcal da Costa Atl\u00e1ntica - Agrupaci\u00f3n Provincial da Coru\u00f1a PSOE<\/title>\n<meta name=\"description\" content=\"O coordinador foi elixido por unanimidade e anuncia un novo tempo de traballo e demandas para a comarca\" \/>\n<meta name=\"robots\" content=\"index, follow, max-snippet:-1, max-image-preview:large, max-video-preview:-1\" \/>\n<link rel=\"canonical\" href=\"https:\/\/agrupacionespsoe.es\/acoruna\/jorge-dominguez-castro-concelleiro-do-psdeg-de-corcubion-novo-coordinador-comarcal-da-costa-atlantica\/\" \/>\n<meta property=\"og:locale\" content=\"es_ES\" \/>\n<meta property=\"og:type\" content=\"article\" \/>\n<meta property=\"og:title\" content=\"Jorge Dom\u00ednguez Castro, concelleiro do PSdeG de Corcubi\u00f3n, novo coordinador comarcal da Costa Atl\u00e1ntica - Agrupaci\u00f3n Provincial da Coru\u00f1a PSOE\" \/>\n<meta property=\"og:description\" content=\"O coordinador foi elixido por unanimidade e anuncia un novo tempo de traballo e demandas para a comarca\" \/>\n<meta property=\"og:url\" content=\"https:\/\/agrupacionespsoe.es\/acoruna\/jorge-dominguez-castro-concelleiro-do-psdeg-de-corcubion-novo-coordinador-comarcal-da-costa-atlantica\/\" \/>\n<meta property=\"og:site_name\" content=\"Agrupaci\u00f3n Provincial da Coru\u00f1a PSOE\" \/>\n<meta property=\"article:published_time\" content=\"2025-07-23T11:40:46+00:00\" \/>\n<meta property=\"article:modified_time\" content=\"2025-07-23T11:40:47+00:00\" \/>\n<meta property=\"og:image\" content=\"https:\/\/agrupacionespsoe.es\/acoruna\/wp-content\/uploads\/sites\/198\/2025\/07\/JORGE-DOMINGUEZ-CASTRO-CONCELLEIRO-DO-PSDEG-DE-CORCUBION-NOVO-COORDINADOR-COMARCAL--e1753270743939.jpeg\" \/>\n\t<meta property=\"og:image:width\" content=\"1638\" \/>\n\t<meta property=\"og:image:height\" content=\"1423\" \/>\n\t<meta property=\"og:image:type\" content=\"image\/jpeg\" \/>\n<meta name=\"author\" content=\"Olympia M\u00e9ndez\" \/>\n<meta name=\"twitter:card\" content=\"summary_large_image\" \/>\n<meta name=\"twitter:label1\" content=\"Escrito por\" \/>\n\t<meta name=\"twitter:data1\" content=\"Olympia M\u00e9ndez\" \/>\n\t<meta name=\"twitter:label2\" content=\"Tiempo de lectura\" \/>\n\t<meta name=\"twitter:data2\" content=\"2 minutos\" \/>\n<script type=\"application\/ld+json\" class=\"yoast-schema-graph\">{\"@context\":\"https:\/\/schema.org\",\"@graph\":[{\"@type\":\"Article\",\"@id\":\"https:\/\/agrupacionespsoe.es\/acoruna\/jorge-dominguez-castro-concelleiro-do-psdeg-de-corcubion-novo-coordinador-comarcal-da-costa-atlantica\/#article\",\"isPartOf\":{\"@id\":\"https:\/\/agrupacionespsoe.es\/acoruna\/jorge-dominguez-castro-concelleiro-do-psdeg-de-corcubion-novo-coordinador-comarcal-da-costa-atlantica\/\"},\"author\":{\"name\":\"Olympia M\u00e9ndez\",\"@id\":\"https:\/\/agrupacionespsoe.es\/acoruna\/#\/schema\/person\/dbf2b36187b136d06a53f7937d5d5af9\"},\"headline\":\"Jorge Dom\u00ednguez Castro, concelleiro do PSdeG de Corcubi\u00f3n, novo coordinador comarcal da Costa Atl\u00e1ntica\",\"datePublished\":\"2025-07-23T11:40:46+00:00\",\"dateModified\":\"2025-07-23T11:40:47+00:00\",\"mainEntityOfPage\":{\"@id\":\"https:\/\/agrupacionespsoe.es\/acoruna\/jorge-dominguez-castro-concelleiro-do-psdeg-de-corcubion-novo-coordinador-comarcal-da-costa-atlantica\/\"},\"wordCount\":192,\"commentCount\":0,\"publisher\":{\"@id\":\"https:\/\/agrupacionespsoe.es\/acoruna\/#organization\"},\"image\":{\"@id\":\"https:\/\/agrupacionespsoe.es\/acoruna\/jorge-dominguez-castro-concelleiro-do-psdeg-de-corcubion-novo-coordinador-comarcal-da-costa-atlantica\/#primaryimage\"},\"thumbnailUrl\":\"https:\/\/agrupacionespsoe.es\/acoruna\/wp-content\/uploads\/sites\/198\/2025\/07\/JORGE-DOMINGUEZ-CASTRO-CONCELLEIRO-DO-PSDEG-DE-CORCUBION-NOVO-COORDINADOR-COMARCAL--e1753270743939.jpeg\",\"keywords\":[\"Agrupaci\u00f3n Provincial da Coru\u00f1a\",\"Coordinadora comarcal\",\"Costa Atl\u00e1ntica\",\"PSdeG-PSOE\",\"Socialistas\"],\"articleSection\":[\"Agrupaci\u00f3n Provincial da Coru\u00f1a\",\"Costa da Morte\"],\"inLanguage\":\"es\",\"potentialAction\":[{\"@type\":\"CommentAction\",\"name\":\"Comment\",\"target\":[\"https:\/\/agrupacionespsoe.es\/acoruna\/jorge-dominguez-castro-concelleiro-do-psdeg-de-corcubion-novo-coordinador-comarcal-da-costa-atlantica\/#respond\"]}]},{\"@type\":\"WebPage\",\"@id\":\"https:\/\/agrupacionespsoe.es\/acoruna\/jorge-dominguez-castro-concelleiro-do-psdeg-de-corcubion-novo-coordinador-comarcal-da-costa-atlantica\/\",\"url\":\"https:\/\/agrupacionespsoe.es\/acoruna\/jorge-dominguez-castro-concelleiro-do-psdeg-de-corcubion-novo-coordinador-comarcal-da-costa-atlantica\/\",\"name\":\"Jorge Dom\u00ednguez Castro, concelleiro do PSdeG de Corcubi\u00f3n, novo coordinador comarcal da Costa Atl\u00e1ntica - Agrupaci\u00f3n Provincial da Coru\u00f1a PSOE\",\"isPartOf\":{\"@id\":\"https:\/\/agrupacionespsoe.es\/acoruna\/#website\"},\"primaryImageOfPage\":{\"@id\":\"https:\/\/agrupacionespsoe.es\/acoruna\/jorge-dominguez-castro-concelleiro-do-psdeg-de-corcubion-novo-coordinador-comarcal-da-costa-atlantica\/#primaryimage\"},\"image\":{\"@id\":\"https:\/\/agrupacionespsoe.es\/acoruna\/jorge-dominguez-castro-concelleiro-do-psdeg-de-corcubion-novo-coordinador-comarcal-da-costa-atlantica\/#primaryimage\"},\"thumbnailUrl\":\"https:\/\/agrupacionespsoe.es\/acoruna\/wp-content\/uploads\/sites\/198\/2025\/07\/JORGE-DOMINGUEZ-CASTRO-CONCELLEIRO-DO-PSDEG-DE-CORCUBION-NOVO-COORDINADOR-COMARCAL--e1753270743939.jpeg\",\"datePublished\":\"2025-07-23T11:40:46+00:00\",\"dateModified\":\"2025-07-23T11:40:47+00:00\",\"description\":\"O coordinador foi elixido por unanimidade e anuncia un novo tempo de traballo e demandas para a comarca\",\"breadcrumb\":{\"@id\":\"https:\/\/agrupacionespsoe.es\/acoruna\/jorge-dominguez-castro-concelleiro-do-psdeg-de-corcubion-novo-coordinador-comarcal-da-costa-atlantica\/#breadcrumb\"},\"inLanguage\":\"es\",\"potentialAction\":[{\"@type\":\"ReadAction\",\"target\":[\"https:\/\/agrupacionespsoe.es\/acoruna\/jorge-dominguez-castro-concelleiro-do-psdeg-de-corcubion-novo-coordinador-comarcal-da-costa-atlantica\/\"]}]},{\"@type\":\"ImageObject\",\"inLanguage\":\"es\",\"@id\":\"https:\/\/agrupacionespsoe.es\/acoruna\/jorge-dominguez-castro-concelleiro-do-psdeg-de-corcubion-novo-coordinador-comarcal-da-costa-atlantica\/#primaryimage\",\"url\":\"https:\/\/agrupacionespsoe.es\/acoruna\/wp-content\/uploads\/sites\/198\/2025\/07\/JORGE-DOMINGUEZ-CASTRO-CONCELLEIRO-DO-PSDEG-DE-CORCUBION-NOVO-COORDINADOR-COMARCAL--e1753270743939.jpeg\",\"contentUrl\":\"https:\/\/agrupacionespsoe.es\/acoruna\/wp-content\/uploads\/sites\/198\/2025\/07\/JORGE-DOMINGUEZ-CASTRO-CONCELLEIRO-DO-PSDEG-DE-CORCUBION-NOVO-COORDINADOR-COMARCAL--e1753270743939.jpeg\",\"width\":1638,\"height\":1423},{\"@type\":\"BreadcrumbList\",\"@id\":\"https:\/\/agrupacionespsoe.es\/acoruna\/jorge-dominguez-castro-concelleiro-do-psdeg-de-corcubion-novo-coordinador-comarcal-da-costa-atlantica\/#breadcrumb\",\"itemListElement\":[{\"@type\":\"ListItem\",\"position\":1,\"name\":\"Portada\",\"item\":\"https:\/\/agrupacionespsoe.es\/acoruna\/\"},{\"@type\":\"ListItem\",\"position\":2,\"name\":\"Jorge Dom\u00ednguez Castro, concelleiro do PSdeG de Corcubi\u00f3n, novo coordinador comarcal da Costa Atl\u00e1ntica\"}]},{\"@type\":\"WebSite\",\"@id\":\"https:\/\/agrupacionespsoe.es\/acoruna\/#website\",\"url\":\"https:\/\/agrupacionespsoe.es\/acoruna\/\",\"name\":\"Agrupaci\u00f3n Provincial da Coru\u00f1a PSOE\",\"description\":\"Provincial PSdeG-PSOE da Coru\u00f1a\",\"publisher\":{\"@id\":\"https:\/\/agrupacionespsoe.es\/acoruna\/#organization\"},\"potentialAction\":[{\"@type\":\"SearchAction\",\"target\":{\"@type\":\"EntryPoint\",\"urlTemplate\":\"https:\/\/agrupacionespsoe.es\/acoruna\/?s={search_term_string}\"},\"query-input\":{\"@type\":\"PropertyValueSpecification\",\"valueRequired\":true,\"valueName\":\"search_term_string\"}}],\"inLanguage\":\"es\"},{\"@type\":\"Organization\",\"@id\":\"https:\/\/agrupacionespsoe.es\/acoruna\/#organization\",\"name\":\"Agrupaci\u00f3n Provincial da Coru\u00f1a PSOE\",\"url\":\"https:\/\/agrupacionespsoe.es\/acoruna\/\",\"logo\":{\"@type\":\"ImageObject\",\"inLanguage\":\"es\",\"@id\":\"https:\/\/agrupacionespsoe.es\/acoruna\/#\/schema\/logo\/image\/\",\"url\":\"https:\/\/agrupacionespsoe.es\/wp-content\/uploads\/2022\/07\/Logotipo_electoral_del_PSOE.png\",\"contentUrl\":\"https:\/\/agrupacionespsoe.es\/wp-content\/uploads\/2022\/07\/Logotipo_electoral_del_PSOE.png\",\"width\":422,\"height\":422,\"caption\":\"Agrupaci\u00f3n Provincial da Coru\u00f1a PSOE\"},\"image\":{\"@id\":\"https:\/\/agrupacionespsoe.es\/acoruna\/#\/schema\/logo\/image\/\"}},{\"@type\":\"Person\",\"@id\":\"https:\/\/agrupacionespsoe.es\/acoruna\/#\/schema\/person\/dbf2b36187b136d06a53f7937d5d5af9\",\"name\":\"Olympia M\u00e9ndez\",\"image\":{\"@type\":\"ImageObject\",\"inLanguage\":\"es\",\"@id\":\"https:\/\/agrupacionespsoe.es\/acoruna\/#\/schema\/person\/image\/\",\"url\":\"https:\/\/secure.gravatar.com\/avatar\/12db1fb8bfe20deb7a2d4ddc95b9042b?s=96&d=mm&r=g\",\"contentUrl\":\"https:\/\/secure.gravatar.com\/avatar\/12db1fb8bfe20deb7a2d4ddc95b9042b?s=96&d=mm&r=g\",\"caption\":\"Olympia M\u00e9ndez\"},\"url\":\"https:\/\/agrupacionespsoe.es\/acoruna\/author\/acoruna2\/\"}]}<\/script>\n<!-- \/ Yoast SEO plugin. -->","yoast_head_json":{"title":"Jorge Dom\u00ednguez Castro, concelleiro do PSdeG de Corcubi\u00f3n, novo coordinador comarcal da Costa Atl\u00e1ntica - Agrupaci\u00f3n Provincial da Coru\u00f1a PSOE","description":"O coordinador foi elixido por unanimidade e anuncia un novo tempo de traballo e demandas para a comarca","robots":{"index":"index","follow":"follow","max-snippet":"max-snippet:-1","max-image-preview":"max-image-preview:large","max-video-preview":"max-video-preview:-1"},"canonical":"https:\/\/agrupacionespsoe.es\/acoruna\/jorge-dominguez-castro-concelleiro-do-psdeg-de-corcubion-novo-coordinador-comarcal-da-costa-atlantica\/","og_locale":"es_ES","og_type":"article","og_title":"Jorge Dom\u00ednguez Castro, concelleiro do PSdeG de Corcubi\u00f3n, novo coordinador comarcal da Costa Atl\u00e1ntica - Agrupaci\u00f3n Provincial da Coru\u00f1a PSOE","og_description":"O coordinador foi elixido por unanimidade e anuncia un novo tempo de traballo e demandas para a comarca","og_url":"https:\/\/agrupacionespsoe.es\/acoruna\/jorge-dominguez-castro-concelleiro-do-psdeg-de-corcubion-novo-coordinador-comarcal-da-costa-atlantica\/","og_site_name":"Agrupaci\u00f3n Provincial da Coru\u00f1a PSOE","article_published_time":"2025-07-23T11:40:46+00:00","article_modified_time":"2025-07-23T11:40:47+00:00","og_image":[{"width":1638,"height":1423,"url":"https:\/\/agrupacionespsoe.es\/acoruna\/wp-content\/uploads\/sites\/198\/2025\/07\/JORGE-DOMINGUEZ-CASTRO-CONCELLEIRO-DO-PSDEG-DE-CORCUBION-NOVO-COORDINADOR-COMARCAL--e1753270743939.jpeg","type":"image\/jpeg"}],"author":"Olympia M\u00e9ndez","twitter_card":"summary_large_image","twitter_misc":{"Escrito por":"Olympia M\u00e9ndez","Tiempo de lectura":"2 minutos"},"schema":{"@context":"https:\/\/schema.org","@graph":[{"@type":"Article","@id":"https:\/\/agrupacionespsoe.es\/acoruna\/jorge-dominguez-castro-concelleiro-do-psdeg-de-corcubion-novo-coordinador-comarcal-da-costa-atlantica\/#article","isPartOf":{"@id":"https:\/\/agrupacionespsoe.es\/acoruna\/jorge-dominguez-castro-concelleiro-do-psdeg-de-corcubion-novo-coordinador-comarcal-da-costa-atlantica\/"},"author":{"name":"Olympia M\u00e9ndez","@id":"https:\/\/agrupacionespsoe.es\/acoruna\/#\/schema\/person\/dbf2b36187b136d06a53f7937d5d5af9"},"headline":"Jorge Dom\u00ednguez Castro, concelleiro do PSdeG de Corcubi\u00f3n, novo coordinador comarcal da Costa Atl\u00e1ntica","datePublished":"2025-07-23T11:40:46+00:00","dateModified":"2025-07-23T11:40:47+00:00","mainEntityOfPage":{"@id":"https:\/\/agrupacionespsoe.es\/acoruna\/jorge-dominguez-castro-concelleiro-do-psdeg-de-corcubion-novo-coordinador-comarcal-da-costa-atlantica\/"},"wordCount":192,"commentCount":0,"publisher":{"@id":"https:\/\/agrupacionespsoe.es\/acoruna\/#organization"},"image":{"@id":"https:\/\/agrupacionespsoe.es\/acoruna\/jorge-dominguez-castro-concelleiro-do-psdeg-de-corcubion-novo-coordinador-comarcal-da-costa-atlantica\/#primaryimage"},"thumbnailUrl":"https:\/\/agrupacionespsoe.es\/acoruna\/wp-content\/uploads\/sites\/198\/2025\/07\/JORGE-DOMINGUEZ-CASTRO-CONCELLEIRO-DO-PSDEG-DE-CORCUBION-NOVO-COORDINADOR-COMARCAL--e1753270743939.jpeg","keywords":["Agrupaci\u00f3n Provincial da Coru\u00f1a","Coordinadora comarcal","Costa Atl\u00e1ntica","PSdeG-PSOE","Socialistas"],"articleSection":["Agrupaci\u00f3n Provincial da Coru\u00f1a","Costa da Morte"],"inLanguage":"es","potentialAction":[{"@type":"CommentAction","name":"Comment","target":["https:\/\/agrupacionespsoe.es\/acoruna\/jorge-dominguez-castro-concelleiro-do-psdeg-de-corcubion-novo-coordinador-comarcal-da-costa-atlantica\/#respond"]}]},{"@type":"WebPage","@id":"https:\/\/agrupacionespsoe.es\/acoruna\/jorge-dominguez-castro-concelleiro-do-psdeg-de-corcubion-novo-coordinador-comarcal-da-costa-atlantica\/","url":"https:\/\/agrupacionespsoe.es\/acoruna\/jorge-dominguez-castro-concelleiro-do-psdeg-de-corcubion-novo-coordinador-comarcal-da-costa-atlantica\/","name":"Jorge Dom\u00ednguez Castro, concelleiro do PSdeG de Corcubi\u00f3n, novo coordinador comarcal da Costa Atl\u00e1ntica - Agrupaci\u00f3n Provincial da Coru\u00f1a PSOE","isPartOf":{"@id":"https:\/\/agrupacionespsoe.es\/acoruna\/#website"},"primaryImageOfPage":{"@id":"https:\/\/agrupacionespsoe.es\/acoruna\/jorge-dominguez-castro-concelleiro-do-psdeg-de-corcubion-novo-coordinador-comarcal-da-costa-atlantica\/#primaryimage"},"image":{"@id":"https:\/\/agrupacionespsoe.es\/acoruna\/jorge-dominguez-castro-concelleiro-do-psdeg-de-corcubion-novo-coordinador-comarcal-da-costa-atlantica\/#primaryimage"},"thumbnailUrl":"https:\/\/agrupacionespsoe.es\/acoruna\/wp-content\/uploads\/sites\/198\/2025\/07\/JORGE-DOMINGUEZ-CASTRO-CONCELLEIRO-DO-PSDEG-DE-CORCUBION-NOVO-COORDINADOR-COMARCAL--e1753270743939.jpeg","datePublished":"2025-07-23T11:40:46+00:00","dateModified":"2025-07-23T11:40:47+00:00","description":"O coordinador foi elixido por unanimidade e anuncia un novo tempo de traballo e demandas para a comarca","breadcrumb":{"@id":"https:\/\/agrupacionespsoe.es\/acoruna\/jorge-dominguez-castro-concelleiro-do-psdeg-de-corcubion-novo-coordinador-comarcal-da-costa-atlantica\/#breadcrumb"},"inLanguage":"es","potentialAction":[{"@type":"ReadAction","target":["https:\/\/agrupacionespsoe.es\/acoruna\/jorge-dominguez-castro-concelleiro-do-psdeg-de-corcubion-novo-coordinador-comarcal-da-costa-atlantica\/"]}]},{"@type":"ImageObject","inLanguage":"es","@id":"https:\/\/agrupacionespsoe.es\/acoruna\/jorge-dominguez-castro-concelleiro-do-psdeg-de-corcubion-novo-coordinador-comarcal-da-costa-atlantica\/#primaryimage","url":"https:\/\/agrupacionespsoe.es\/acoruna\/wp-content\/uploads\/sites\/198\/2025\/07\/JORGE-DOMINGUEZ-CASTRO-CONCELLEIRO-DO-PSDEG-DE-CORCUBION-NOVO-COORDINADOR-COMARCAL--e1753270743939.jpeg","contentUrl":"https:\/\/agrupacionespsoe.es\/acoruna\/wp-content\/uploads\/sites\/198\/2025\/07\/JORGE-DOMINGUEZ-CASTRO-CONCELLEIRO-DO-PSDEG-DE-CORCUBION-NOVO-COORDINADOR-COMARCAL--e1753270743939.jpeg","width":1638,"height":1423},{"@type":"BreadcrumbList","@id":"https:\/\/agrupacionespsoe.es\/acoruna\/jorge-dominguez-castro-concelleiro-do-psdeg-de-corcubion-novo-coordinador-comarcal-da-costa-atlantica\/#breadcrumb","itemListElement":[{"@type":"ListItem","position":1,"name":"Portada","item":"https:\/\/agrupacionespsoe.es\/acoruna\/"},{"@type":"ListItem","position":2,"name":"Jorge Dom\u00ednguez Castro, concelleiro do PSdeG de Corcubi\u00f3n, novo coordinador comarcal da Costa Atl\u00e1ntica"}]},{"@type":"WebSite","@id":"https:\/\/agrupacionespsoe.es\/acoruna\/#website","url":"https:\/\/agrupacionespsoe.es\/acoruna\/","name":"Agrupaci\u00f3n Provincial da Coru\u00f1a PSOE","description":"Provincial PSdeG-PSOE da Coru\u00f1a","publisher":{"@id":"https:\/\/agrupacionespsoe.es\/acoruna\/#organization"},"potentialAction":[{"@type":"SearchAction","target":{"@type":"EntryPoint","urlTemplate":"https:\/\/agrupacionespsoe.es\/acoruna\/?s={search_term_string}"},"query-input":{"@type":"PropertyValueSpecification","valueRequired":true,"valueName":"search_term_string"}}],"inLanguage":"es"},{"@type":"Organization","@id":"https:\/\/agrupacionespsoe.es\/acoruna\/#organization","name":"Agrupaci\u00f3n Provincial da Coru\u00f1a PSOE","url":"https:\/\/agrupacionespsoe.es\/acoruna\/","logo":{"@type":"ImageObject","inLanguage":"es","@id":"https:\/\/agrupacionespsoe.es\/acoruna\/#\/schema\/logo\/image\/","url":"https:\/\/agrupacionespsoe.es\/wp-content\/uploads\/2022\/07\/Logotipo_electoral_del_PSOE.png","contentUrl":"https:\/\/agrupacionespsoe.es\/wp-content\/uploads\/2022\/07\/Logotipo_electoral_del_PSOE.png","width":422,"height":422,"caption":"Agrupaci\u00f3n Provincial da Coru\u00f1a PSOE"},"image":{"@id":"https:\/\/agrupacionespsoe.es\/acoruna\/#\/schema\/logo\/image\/"}},{"@type":"Person","@id":"https:\/\/agrupacionespsoe.es\/acoruna\/#\/schema\/person\/dbf2b36187b136d06a53f7937d5d5af9","name":"Olympia M\u00e9ndez","image":{"@type":"ImageObject","inLanguage":"es","@id":"https:\/\/agrupacionespsoe.es\/acoruna\/#\/schema\/person\/image\/","url":"https:\/\/secure.gravatar.com\/avatar\/12db1fb8bfe20deb7a2d4ddc95b9042b?s=96&d=mm&r=g","contentUrl":"https:\/\/secure.gravatar.com\/avatar\/12db1fb8bfe20deb7a2d4ddc95b9042b?s=96&d=mm&r=g","caption":"Olympia M\u00e9ndez"},"url":"https:\/\/agrupacionespsoe.es\/acoruna\/author\/acoruna2\/"}]}},"jetpack_featured_media_url":"https:\/\/agrupacionespsoe.es\/acoruna\/wp-content\/uploads\/sites\/198\/2025\/07\/JORGE-DOMINGUEZ-CASTRO-CONCELLEIRO-DO-PSDEG-DE-CORCUBION-NOVO-COORDINADOR-COMARCAL--e1753270743939.jpeg","jetpack_sharing_enabled":true,"jetpack_likes_enabled":true,"_links":{"self":[{"href":"https:\/\/agrupacionespsoe.es\/acoruna\/wp-json\/wp\/v2\/posts\/1788","targetHints":{"allow":["GET"]}}],"collection":[{"href":"https:\/\/agrupacionespsoe.es\/acoruna\/wp-json\/wp\/v2\/posts"}],"about":[{"href":"https:\/\/agrupacionespsoe.es\/acoruna\/wp-json\/wp\/v2\/types\/post"}],"author":[{"embeddable":true,"href":"https:\/\/agrupacionespsoe.es\/acoruna\/wp-json\/wp\/v2\/users\/282"}],"replies":[{"embeddable":true,"href":"https:\/\/agrupacionespsoe.es\/acoruna\/wp-json\/wp\/v2\/comments?post=1788"}],"version-history":[{"count":2,"href":"https:\/\/agrupacionespsoe.es\/acoruna\/wp-json\/wp\/v2\/posts\/1788\/revisions"}],"predecessor-version":[{"id":1794,"href":"https:\/\/agrupacionespsoe.es\/acoruna\/wp-json\/wp\/v2\/posts\/1788\/revisions\/1794"}],"wp:featuredmedia":[{"embeddable":true,"href":"https:\/\/agrupacionespsoe.es\/acoruna\/wp-json\/wp\/v2\/media\/1791"}],"wp:attachment":[{"href":"https:\/\/agrupacionespsoe.es\/acoruna\/wp-json\/wp\/v2\/media?parent=1788"}],"wp:term":[{"taxonomy":"category","embeddable":true,"href":"https:\/\/agrupacionespsoe.es\/acoruna\/wp-json\/wp\/v2\/categories?post=1788"},{"taxonomy":"post_tag","embeddable":true,"href":"https:\/\/agrupacionespsoe.es\/acoruna\/wp-json\/wp\/v2\/tags?post=1788"}],"curies":[{"name":"wp","href":"https:\/\/api.w.org\/{rel}","templated":true}]}}