{"id":1388,"date":"2025-04-23T13:52:25","date_gmt":"2025-04-23T11:52:25","guid":{"rendered":"https:\/\/agrupacionespsoe.es\/acoruna\/?p=1388"},"modified":"2025-04-23T13:52:25","modified_gmt":"2025-04-23T11:52:25","slug":"o-psdeg-da-laracha-pide-mais-prevision-e-control-do-gasto-ante-as-modificacions-orzamentarias-do-concello","status":"publish","type":"post","link":"https:\/\/agrupacionespsoe.es\/acoruna\/o-psdeg-da-laracha-pide-mais-prevision-e-control-do-gasto-ante-as-modificacions-orzamentarias-do-concello\/","title":{"rendered":"O PSdeG da Laracha pide m\u00e1is previsi\u00f3n e control do gasto ante as modificaci\u00f3ns orzamentarias do Concello"},"content":{"rendered":"\n<p><strong>-In\u00e9s Ramos L\u00f3pez lembra no pleno que empregar o remanente de tesourer\u00eda \u201csen planificaci\u00f3n suficiente pode acabar comprometendo o equilibrio financeiro\u201d da instituci\u00f3n<\/strong><\/p>\n\n\n\n<p><strong>-\u201cSeguiremos atentos para que futuras modificaci\u00f3ns incl\u00faan tam\u00e9n actuaci\u00f3ns que leven soluci\u00f3ns a zonas onde a dotaci\u00f3n de servizos a\u00ednda \u00e9 claramente insuficiente\u201d, indica a voceira socialista local<\/strong><\/p>\n\n\n\n<section class=\"wp-block-psoe-separador bg-primary px-2\"><hr class=\"color-white bg-white opacity-1 h-[1px] w-full\" \/><\/section>\n\n\n\n<p class=\"has-medium-font-size\">O PSdeG-PSOE da Laracha reclamou no pleno municipal extraordinario de hoxe, m\u00e9rcores 23 de abril, m\u00e1is previsi\u00f3n e control do gasto no Concello.<\/p>\n\n\n\n<p class=\"has-medium-font-size\">O Grupo Municipal Socialista votou a favor do Plan Econ\u00f3mico-Financeiro e do Expediente de Cr\u00e9dito Extraordinario propostos polo Goberno local no pleno, mantendo, en palabras da voceira socialista local In\u00e9s Ramos L\u00f3pez, \u201cunha actitude construtiva pero tam\u00e9n vixiante, co obxectivo de que se cumpra rigorosamente cos l\u00edmites marcados pola normativa\u201d.<\/p>\n\n\n\n<p class=\"has-medium-font-size\">A socialista destaca sobre o Plan Econ\u00f3mico-Financeiro que foi \u201celaborado como consecuencia do incumprimento da regra de gasto e do obxectivo de estabilidade orzamentaria na liquidaci\u00f3n de 2024\u201d. Dito incumprimento v\u00e9n provocado pola utilizaci\u00f3n do remanente l\u00edquido de tesourer\u00eda para financiar gasto non financeiro, \u00e9 dicir, modificaci\u00f3ns orzamentarias ao longo do ano.<\/p>\n\n\n\n<p class=\"has-medium-font-size\">\u201c\u00c9 importante lembrar que o uso do remanente \u00e9 legal e, en moitas ocasi\u00f3ns, \u00fatil para executar investimentos, pero tam\u00e9n \u00e9 certo que cando se recorre de maneira frecuente e sen planificaci\u00f3n suficiente pode acabar comprometendo o equilibrio financeiro a medio prazo\u201d, subli\u00f1ou.<\/p>\n\n\n\n<p class=\"has-medium-font-size\">&#8220;Dende o noso grupo consideramos imprescindible que se aplique un maior control na execuci\u00f3n do orzamento e nas futuras modificaci\u00f3ns, especialmente cando se empregan recursos extraordinarios como o remanente de tesourer\u00eda\u201d, engadiu.<\/p>\n\n\n\n<p class=\"has-medium-font-size\">Sobre a proposta de modificaci\u00f3n orzamentaria, que recolle diversas actuaci\u00f3ns que dende o PSOE consideran necesarias, afirma que \u201csegue habendo unha importante marxe de mellora no que respecta \u00e1 distribuci\u00f3n dos investimentos e \u00e1 atenci\u00f3n a certas necesidades estruturais que seguen sen resposta\u201d.<\/p>\n\n\n\n<p class=\"has-medium-font-size\">\u201cFalamos, por exemplo, de servizos b\u00e1sicos como o saneamento, o abastecemento de auga ou o acondicionamento de espazos p\u00fablicos, que seguen sen chegar a moitas zonas do concello e que a veci\u00f1anza leva tempo demandando\u201d, explicou.<\/p>\n\n\n\n<p class=\"has-medium-font-size\">Ramos L\u00f3pez mencionou a este respecto lugares como o Loureiro (Coiro), Guilfoi, Me\u00e1ns, Bustelo. Estas actuaci\u00f3ns \u201cdeber\u00edan ocupar un lugar prioritario \u00e1 hora de establecer as modificaci\u00f3ns orzamentarias, por seren fundamentais para a calidade de vida e para garantir unha mellor igualdade de acceso aos servizos municipais\u201d.<\/p>\n\n\n\n<p class=\"has-medium-font-size\">&#8220;Sendo esta modificaci\u00f3n orzamentaria tan ampla e produc\u00edndose pouco despois da aprobaci\u00f3n do orzamento anual, c\u00f3mpre mellorar a previsi\u00f3n inicial e anticiparse mellor \u00e1s necesidades reais do concello\u201d, apuntou.<\/p>\n\n\n\n<p class=\"has-medium-font-size\">&#8220;Seguiremos atentos para que futuras modificaci\u00f3ns incl\u00faan tam\u00e9n actuaci\u00f3ns que leven soluci\u00f3ns a zonas onde a dotaci\u00f3n de servizos a\u00ednda \u00e9 claramente insuficiente\u201d, conclu\u00edu a voceira socialista.<\/p>\n","protected":false},"excerpt":{"rendered":"<p>-In\u00e9s Ramos L\u00f3pez lembra no pleno que empregar o remanente de tesourer\u00eda \u201csen planificaci\u00f3n suficiente pode acabar comprometendo o equilibrio financeiro\u201d da instituci\u00f3n -\u201cSeguiremos atentos para que futuras modificaci\u00f3ns incl\u00faan tam\u00e9n actuaci\u00f3ns que leven soluci\u00f3ns a zonas onde a dotaci\u00f3n de servizos a\u00ednda \u00e9 claramente insuficiente\u201d, indica a voceira socialista local O PSdeG-PSOE da Laracha &#8230;<\/p>\n","protected":false},"author":282,"featured_media":1209,"comment_status":"open","ping_status":"open","sticky":false,"template":"","format":"standard","meta":{"_jetpack_memberships_contains_paid_content":false,"footnotes":""},"categories":[97,361,221],"tags":[103,287,95,22,24],"class_list":["post-1388","post","type-post","status-publish","format-standard","has-post-thumbnail","hentry","category-a-laracha","category-orzamentos","category-politica-municipal","tag-a-laracha","tag-orzamentos","tag-politica-municipal","tag-psdeg-psoe","tag-socialistas"],"yoast_head":"<!-- This site is optimized with the Yoast SEO plugin v24.0 - https:\/\/yoast.com\/wordpress\/plugins\/seo\/ -->\n<title>O PSdeG da Laracha pide m\u00e1is previsi\u00f3n e control do gasto ante as modificaci\u00f3ns orzamentarias do Concello - Agrupaci\u00f3n Provincial da Coru\u00f1a PSOE<\/title>\n<meta name=\"description\" content=\"In\u00e9s Ramos L\u00f3pez lembra no pleno que empregar o remanente de tesourer\u00eda \u201csen planificaci\u00f3n suficiente pode acabar comprometendo o equilibrio financeiro\u201d da instituci\u00f3n\" \/>\n<meta name=\"robots\" content=\"index, follow, max-snippet:-1, max-image-preview:large, max-video-preview:-1\" \/>\n<link rel=\"canonical\" href=\"https:\/\/agrupacionespsoe.es\/acoruna\/o-psdeg-da-laracha-pide-mais-prevision-e-control-do-gasto-ante-as-modificacions-orzamentarias-do-concello\/\" \/>\n<meta property=\"og:locale\" content=\"es_ES\" \/>\n<meta property=\"og:type\" content=\"article\" \/>\n<meta property=\"og:title\" content=\"O PSdeG da Laracha pide m\u00e1is previsi\u00f3n e control do gasto ante as modificaci\u00f3ns orzamentarias do Concello - Agrupaci\u00f3n Provincial da Coru\u00f1a PSOE\" \/>\n<meta property=\"og:description\" content=\"In\u00e9s Ramos L\u00f3pez lembra no pleno que empregar o remanente de tesourer\u00eda \u201csen planificaci\u00f3n suficiente pode acabar comprometendo o equilibrio financeiro\u201d da instituci\u00f3n\" \/>\n<meta property=\"og:url\" content=\"https:\/\/agrupacionespsoe.es\/acoruna\/o-psdeg-da-laracha-pide-mais-prevision-e-control-do-gasto-ante-as-modificacions-orzamentarias-do-concello\/\" \/>\n<meta property=\"og:site_name\" content=\"Agrupaci\u00f3n Provincial da Coru\u00f1a PSOE\" \/>\n<meta property=\"article:published_time\" content=\"2025-04-23T11:52:25+00:00\" \/>\n<meta property=\"og:image\" content=\"https:\/\/agrupacionespsoe.es\/acoruna\/wp-content\/uploads\/sites\/198\/2025\/02\/PSOE-A-LARACHA-21-de-febreiro-e1745409094401.jpeg\" \/>\n\t<meta property=\"og:image:width\" content=\"1040\" \/>\n\t<meta property=\"og:image:height\" content=\"1370\" \/>\n\t<meta property=\"og:image:type\" content=\"image\/jpeg\" \/>\n<meta name=\"author\" content=\"Olympia M\u00e9ndez\" \/>\n<meta name=\"twitter:card\" content=\"summary_large_image\" \/>\n<meta name=\"twitter:label1\" content=\"Escrito por\" \/>\n\t<meta name=\"twitter:data1\" content=\"Olympia M\u00e9ndez\" \/>\n\t<meta name=\"twitter:label2\" content=\"Tiempo de lectura\" \/>\n\t<meta name=\"twitter:data2\" content=\"3 minutos\" \/>\n<script type=\"application\/ld+json\" class=\"yoast-schema-graph\">{\"@context\":\"https:\/\/schema.org\",\"@graph\":[{\"@type\":\"Article\",\"@id\":\"https:\/\/agrupacionespsoe.es\/acoruna\/o-psdeg-da-laracha-pide-mais-prevision-e-control-do-gasto-ante-as-modificacions-orzamentarias-do-concello\/#article\",\"isPartOf\":{\"@id\":\"https:\/\/agrupacionespsoe.es\/acoruna\/o-psdeg-da-laracha-pide-mais-prevision-e-control-do-gasto-ante-as-modificacions-orzamentarias-do-concello\/\"},\"author\":{\"name\":\"Olympia M\u00e9ndez\",\"@id\":\"https:\/\/agrupacionespsoe.es\/acoruna\/#\/schema\/person\/dbf2b36187b136d06a53f7937d5d5af9\"},\"headline\":\"O PSdeG da Laracha pide m\u00e1is previsi\u00f3n e control do gasto ante as modificaci\u00f3ns orzamentarias do Concello\",\"datePublished\":\"2025-04-23T11:52:25+00:00\",\"dateModified\":\"2025-04-23T11:52:25+00:00\",\"mainEntityOfPage\":{\"@id\":\"https:\/\/agrupacionespsoe.es\/acoruna\/o-psdeg-da-laracha-pide-mais-prevision-e-control-do-gasto-ante-as-modificacions-orzamentarias-do-concello\/\"},\"wordCount\":503,\"commentCount\":0,\"publisher\":{\"@id\":\"https:\/\/agrupacionespsoe.es\/acoruna\/#organization\"},\"image\":{\"@id\":\"https:\/\/agrupacionespsoe.es\/acoruna\/o-psdeg-da-laracha-pide-mais-prevision-e-control-do-gasto-ante-as-modificacions-orzamentarias-do-concello\/#primaryimage\"},\"thumbnailUrl\":\"https:\/\/agrupacionespsoe.es\/acoruna\/wp-content\/uploads\/sites\/198\/2025\/02\/PSOE-A-LARACHA-21-de-febreiro-e1745409094401.jpeg\",\"keywords\":[\"A Laracha\",\"Orzamentos\",\"Pol\u00edtica Municipal\",\"PSdeG-PSOE\",\"Socialistas\"],\"articleSection\":[\"A Laracha\",\"Orzamentos\",\"Pol\u00edtica Municipal\"],\"inLanguage\":\"es\",\"potentialAction\":[{\"@type\":\"CommentAction\",\"name\":\"Comment\",\"target\":[\"https:\/\/agrupacionespsoe.es\/acoruna\/o-psdeg-da-laracha-pide-mais-prevision-e-control-do-gasto-ante-as-modificacions-orzamentarias-do-concello\/#respond\"]}]},{\"@type\":\"WebPage\",\"@id\":\"https:\/\/agrupacionespsoe.es\/acoruna\/o-psdeg-da-laracha-pide-mais-prevision-e-control-do-gasto-ante-as-modificacions-orzamentarias-do-concello\/\",\"url\":\"https:\/\/agrupacionespsoe.es\/acoruna\/o-psdeg-da-laracha-pide-mais-prevision-e-control-do-gasto-ante-as-modificacions-orzamentarias-do-concello\/\",\"name\":\"O PSdeG da Laracha pide m\u00e1is previsi\u00f3n e control do gasto ante as modificaci\u00f3ns orzamentarias do Concello - Agrupaci\u00f3n Provincial da Coru\u00f1a PSOE\",\"isPartOf\":{\"@id\":\"https:\/\/agrupacionespsoe.es\/acoruna\/#website\"},\"primaryImageOfPage\":{\"@id\":\"https:\/\/agrupacionespsoe.es\/acoruna\/o-psdeg-da-laracha-pide-mais-prevision-e-control-do-gasto-ante-as-modificacions-orzamentarias-do-concello\/#primaryimage\"},\"image\":{\"@id\":\"https:\/\/agrupacionespsoe.es\/acoruna\/o-psdeg-da-laracha-pide-mais-prevision-e-control-do-gasto-ante-as-modificacions-orzamentarias-do-concello\/#primaryimage\"},\"thumbnailUrl\":\"https:\/\/agrupacionespsoe.es\/acoruna\/wp-content\/uploads\/sites\/198\/2025\/02\/PSOE-A-LARACHA-21-de-febreiro-e1745409094401.jpeg\",\"datePublished\":\"2025-04-23T11:52:25+00:00\",\"dateModified\":\"2025-04-23T11:52:25+00:00\",\"description\":\"In\u00e9s Ramos L\u00f3pez lembra no pleno que empregar o remanente de tesourer\u00eda \u201csen planificaci\u00f3n suficiente pode acabar comprometendo o equilibrio financeiro\u201d da instituci\u00f3n\",\"breadcrumb\":{\"@id\":\"https:\/\/agrupacionespsoe.es\/acoruna\/o-psdeg-da-laracha-pide-mais-prevision-e-control-do-gasto-ante-as-modificacions-orzamentarias-do-concello\/#breadcrumb\"},\"inLanguage\":\"es\",\"potentialAction\":[{\"@type\":\"ReadAction\",\"target\":[\"https:\/\/agrupacionespsoe.es\/acoruna\/o-psdeg-da-laracha-pide-mais-prevision-e-control-do-gasto-ante-as-modificacions-orzamentarias-do-concello\/\"]}]},{\"@type\":\"ImageObject\",\"inLanguage\":\"es\",\"@id\":\"https:\/\/agrupacionespsoe.es\/acoruna\/o-psdeg-da-laracha-pide-mais-prevision-e-control-do-gasto-ante-as-modificacions-orzamentarias-do-concello\/#primaryimage\",\"url\":\"https:\/\/agrupacionespsoe.es\/acoruna\/wp-content\/uploads\/sites\/198\/2025\/02\/PSOE-A-LARACHA-21-de-febreiro-e1745409094401.jpeg\",\"contentUrl\":\"https:\/\/agrupacionespsoe.es\/acoruna\/wp-content\/uploads\/sites\/198\/2025\/02\/PSOE-A-LARACHA-21-de-febreiro-e1745409094401.jpeg\",\"width\":1040,\"height\":1370},{\"@type\":\"BreadcrumbList\",\"@id\":\"https:\/\/agrupacionespsoe.es\/acoruna\/o-psdeg-da-laracha-pide-mais-prevision-e-control-do-gasto-ante-as-modificacions-orzamentarias-do-concello\/#breadcrumb\",\"itemListElement\":[{\"@type\":\"ListItem\",\"position\":1,\"name\":\"Portada\",\"item\":\"https:\/\/agrupacionespsoe.es\/acoruna\/\"},{\"@type\":\"ListItem\",\"position\":2,\"name\":\"O PSdeG da Laracha pide m\u00e1is previsi\u00f3n e control do gasto ante as modificaci\u00f3ns orzamentarias do Concello\"}]},{\"@type\":\"WebSite\",\"@id\":\"https:\/\/agrupacionespsoe.es\/acoruna\/#website\",\"url\":\"https:\/\/agrupacionespsoe.es\/acoruna\/\",\"name\":\"Agrupaci\u00f3n Provincial da Coru\u00f1a PSOE\",\"description\":\"Provincial PSdeG-PSOE da Coru\u00f1a\",\"publisher\":{\"@id\":\"https:\/\/agrupacionespsoe.es\/acoruna\/#organization\"},\"potentialAction\":[{\"@type\":\"SearchAction\",\"target\":{\"@type\":\"EntryPoint\",\"urlTemplate\":\"https:\/\/agrupacionespsoe.es\/acoruna\/?s={search_term_string}\"},\"query-input\":{\"@type\":\"PropertyValueSpecification\",\"valueRequired\":true,\"valueName\":\"search_term_string\"}}],\"inLanguage\":\"es\"},{\"@type\":\"Organization\",\"@id\":\"https:\/\/agrupacionespsoe.es\/acoruna\/#organization\",\"name\":\"Agrupaci\u00f3n Provincial da Coru\u00f1a PSOE\",\"url\":\"https:\/\/agrupacionespsoe.es\/acoruna\/\",\"logo\":{\"@type\":\"ImageObject\",\"inLanguage\":\"es\",\"@id\":\"https:\/\/agrupacionespsoe.es\/acoruna\/#\/schema\/logo\/image\/\",\"url\":\"https:\/\/agrupacionespsoe.es\/wp-content\/uploads\/2022\/07\/Logotipo_electoral_del_PSOE.png\",\"contentUrl\":\"https:\/\/agrupacionespsoe.es\/wp-content\/uploads\/2022\/07\/Logotipo_electoral_del_PSOE.png\",\"width\":422,\"height\":422,\"caption\":\"Agrupaci\u00f3n Provincial da Coru\u00f1a PSOE\"},\"image\":{\"@id\":\"https:\/\/agrupacionespsoe.es\/acoruna\/#\/schema\/logo\/image\/\"}},{\"@type\":\"Person\",\"@id\":\"https:\/\/agrupacionespsoe.es\/acoruna\/#\/schema\/person\/dbf2b36187b136d06a53f7937d5d5af9\",\"name\":\"Olympia M\u00e9ndez\",\"image\":{\"@type\":\"ImageObject\",\"inLanguage\":\"es\",\"@id\":\"https:\/\/agrupacionespsoe.es\/acoruna\/#\/schema\/person\/image\/\",\"url\":\"https:\/\/secure.gravatar.com\/avatar\/12db1fb8bfe20deb7a2d4ddc95b9042b?s=96&d=mm&r=g\",\"contentUrl\":\"https:\/\/secure.gravatar.com\/avatar\/12db1fb8bfe20deb7a2d4ddc95b9042b?s=96&d=mm&r=g\",\"caption\":\"Olympia M\u00e9ndez\"},\"url\":\"https:\/\/agrupacionespsoe.es\/acoruna\/author\/acoruna2\/\"}]}<\/script>\n<!-- \/ Yoast SEO plugin. -->","yoast_head_json":{"title":"O PSdeG da Laracha pide m\u00e1is previsi\u00f3n e control do gasto ante as modificaci\u00f3ns orzamentarias do Concello - Agrupaci\u00f3n Provincial da Coru\u00f1a PSOE","description":"In\u00e9s Ramos L\u00f3pez lembra no pleno que empregar o remanente de tesourer\u00eda \u201csen planificaci\u00f3n suficiente pode acabar comprometendo o equilibrio financeiro\u201d da instituci\u00f3n","robots":{"index":"index","follow":"follow","max-snippet":"max-snippet:-1","max-image-preview":"max-image-preview:large","max-video-preview":"max-video-preview:-1"},"canonical":"https:\/\/agrupacionespsoe.es\/acoruna\/o-psdeg-da-laracha-pide-mais-prevision-e-control-do-gasto-ante-as-modificacions-orzamentarias-do-concello\/","og_locale":"es_ES","og_type":"article","og_title":"O PSdeG da Laracha pide m\u00e1is previsi\u00f3n e control do gasto ante as modificaci\u00f3ns orzamentarias do Concello - Agrupaci\u00f3n Provincial da Coru\u00f1a PSOE","og_description":"In\u00e9s Ramos L\u00f3pez lembra no pleno que empregar o remanente de tesourer\u00eda \u201csen planificaci\u00f3n suficiente pode acabar comprometendo o equilibrio financeiro\u201d da instituci\u00f3n","og_url":"https:\/\/agrupacionespsoe.es\/acoruna\/o-psdeg-da-laracha-pide-mais-prevision-e-control-do-gasto-ante-as-modificacions-orzamentarias-do-concello\/","og_site_name":"Agrupaci\u00f3n Provincial da Coru\u00f1a PSOE","article_published_time":"2025-04-23T11:52:25+00:00","og_image":[{"width":1040,"height":1370,"url":"https:\/\/agrupacionespsoe.es\/acoruna\/wp-content\/uploads\/sites\/198\/2025\/02\/PSOE-A-LARACHA-21-de-febreiro-e1745409094401.jpeg","type":"image\/jpeg"}],"author":"Olympia M\u00e9ndez","twitter_card":"summary_large_image","twitter_misc":{"Escrito por":"Olympia M\u00e9ndez","Tiempo de lectura":"3 minutos"},"schema":{"@context":"https:\/\/schema.org","@graph":[{"@type":"Article","@id":"https:\/\/agrupacionespsoe.es\/acoruna\/o-psdeg-da-laracha-pide-mais-prevision-e-control-do-gasto-ante-as-modificacions-orzamentarias-do-concello\/#article","isPartOf":{"@id":"https:\/\/agrupacionespsoe.es\/acoruna\/o-psdeg-da-laracha-pide-mais-prevision-e-control-do-gasto-ante-as-modificacions-orzamentarias-do-concello\/"},"author":{"name":"Olympia M\u00e9ndez","@id":"https:\/\/agrupacionespsoe.es\/acoruna\/#\/schema\/person\/dbf2b36187b136d06a53f7937d5d5af9"},"headline":"O PSdeG da Laracha pide m\u00e1is previsi\u00f3n e control do gasto ante as modificaci\u00f3ns orzamentarias do Concello","datePublished":"2025-04-23T11:52:25+00:00","dateModified":"2025-04-23T11:52:25+00:00","mainEntityOfPage":{"@id":"https:\/\/agrupacionespsoe.es\/acoruna\/o-psdeg-da-laracha-pide-mais-prevision-e-control-do-gasto-ante-as-modificacions-orzamentarias-do-concello\/"},"wordCount":503,"commentCount":0,"publisher":{"@id":"https:\/\/agrupacionespsoe.es\/acoruna\/#organization"},"image":{"@id":"https:\/\/agrupacionespsoe.es\/acoruna\/o-psdeg-da-laracha-pide-mais-prevision-e-control-do-gasto-ante-as-modificacions-orzamentarias-do-concello\/#primaryimage"},"thumbnailUrl":"https:\/\/agrupacionespsoe.es\/acoruna\/wp-content\/uploads\/sites\/198\/2025\/02\/PSOE-A-LARACHA-21-de-febreiro-e1745409094401.jpeg","keywords":["A Laracha","Orzamentos","Pol\u00edtica Municipal","PSdeG-PSOE","Socialistas"],"articleSection":["A Laracha","Orzamentos","Pol\u00edtica Municipal"],"inLanguage":"es","potentialAction":[{"@type":"CommentAction","name":"Comment","target":["https:\/\/agrupacionespsoe.es\/acoruna\/o-psdeg-da-laracha-pide-mais-prevision-e-control-do-gasto-ante-as-modificacions-orzamentarias-do-concello\/#respond"]}]},{"@type":"WebPage","@id":"https:\/\/agrupacionespsoe.es\/acoruna\/o-psdeg-da-laracha-pide-mais-prevision-e-control-do-gasto-ante-as-modificacions-orzamentarias-do-concello\/","url":"https:\/\/agrupacionespsoe.es\/acoruna\/o-psdeg-da-laracha-pide-mais-prevision-e-control-do-gasto-ante-as-modificacions-orzamentarias-do-concello\/","name":"O PSdeG da Laracha pide m\u00e1is previsi\u00f3n e control do gasto ante as modificaci\u00f3ns orzamentarias do Concello - Agrupaci\u00f3n Provincial da Coru\u00f1a PSOE","isPartOf":{"@id":"https:\/\/agrupacionespsoe.es\/acoruna\/#website"},"primaryImageOfPage":{"@id":"https:\/\/agrupacionespsoe.es\/acoruna\/o-psdeg-da-laracha-pide-mais-prevision-e-control-do-gasto-ante-as-modificacions-orzamentarias-do-concello\/#primaryimage"},"image":{"@id":"https:\/\/agrupacionespsoe.es\/acoruna\/o-psdeg-da-laracha-pide-mais-prevision-e-control-do-gasto-ante-as-modificacions-orzamentarias-do-concello\/#primaryimage"},"thumbnailUrl":"https:\/\/agrupacionespsoe.es\/acoruna\/wp-content\/uploads\/sites\/198\/2025\/02\/PSOE-A-LARACHA-21-de-febreiro-e1745409094401.jpeg","datePublished":"2025-04-23T11:52:25+00:00","dateModified":"2025-04-23T11:52:25+00:00","description":"In\u00e9s Ramos L\u00f3pez lembra no pleno que empregar o remanente de tesourer\u00eda \u201csen planificaci\u00f3n suficiente pode acabar comprometendo o equilibrio financeiro\u201d da instituci\u00f3n","breadcrumb":{"@id":"https:\/\/agrupacionespsoe.es\/acoruna\/o-psdeg-da-laracha-pide-mais-prevision-e-control-do-gasto-ante-as-modificacions-orzamentarias-do-concello\/#breadcrumb"},"inLanguage":"es","potentialAction":[{"@type":"ReadAction","target":["https:\/\/agrupacionespsoe.es\/acoruna\/o-psdeg-da-laracha-pide-mais-prevision-e-control-do-gasto-ante-as-modificacions-orzamentarias-do-concello\/"]}]},{"@type":"ImageObject","inLanguage":"es","@id":"https:\/\/agrupacionespsoe.es\/acoruna\/o-psdeg-da-laracha-pide-mais-prevision-e-control-do-gasto-ante-as-modificacions-orzamentarias-do-concello\/#primaryimage","url":"https:\/\/agrupacionespsoe.es\/acoruna\/wp-content\/uploads\/sites\/198\/2025\/02\/PSOE-A-LARACHA-21-de-febreiro-e1745409094401.jpeg","contentUrl":"https:\/\/agrupacionespsoe.es\/acoruna\/wp-content\/uploads\/sites\/198\/2025\/02\/PSOE-A-LARACHA-21-de-febreiro-e1745409094401.jpeg","width":1040,"height":1370},{"@type":"BreadcrumbList","@id":"https:\/\/agrupacionespsoe.es\/acoruna\/o-psdeg-da-laracha-pide-mais-prevision-e-control-do-gasto-ante-as-modificacions-orzamentarias-do-concello\/#breadcrumb","itemListElement":[{"@type":"ListItem","position":1,"name":"Portada","item":"https:\/\/agrupacionespsoe.es\/acoruna\/"},{"@type":"ListItem","position":2,"name":"O PSdeG da Laracha pide m\u00e1is previsi\u00f3n e control do gasto ante as modificaci\u00f3ns orzamentarias do Concello"}]},{"@type":"WebSite","@id":"https:\/\/agrupacionespsoe.es\/acoruna\/#website","url":"https:\/\/agrupacionespsoe.es\/acoruna\/","name":"Agrupaci\u00f3n Provincial da Coru\u00f1a PSOE","description":"Provincial PSdeG-PSOE da Coru\u00f1a","publisher":{"@id":"https:\/\/agrupacionespsoe.es\/acoruna\/#organization"},"potentialAction":[{"@type":"SearchAction","target":{"@type":"EntryPoint","urlTemplate":"https:\/\/agrupacionespsoe.es\/acoruna\/?s={search_term_string}"},"query-input":{"@type":"PropertyValueSpecification","valueRequired":true,"valueName":"search_term_string"}}],"inLanguage":"es"},{"@type":"Organization","@id":"https:\/\/agrupacionespsoe.es\/acoruna\/#organization","name":"Agrupaci\u00f3n Provincial da Coru\u00f1a PSOE","url":"https:\/\/agrupacionespsoe.es\/acoruna\/","logo":{"@type":"ImageObject","inLanguage":"es","@id":"https:\/\/agrupacionespsoe.es\/acoruna\/#\/schema\/logo\/image\/","url":"https:\/\/agrupacionespsoe.es\/wp-content\/uploads\/2022\/07\/Logotipo_electoral_del_PSOE.png","contentUrl":"https:\/\/agrupacionespsoe.es\/wp-content\/uploads\/2022\/07\/Logotipo_electoral_del_PSOE.png","width":422,"height":422,"caption":"Agrupaci\u00f3n Provincial da Coru\u00f1a PSOE"},"image":{"@id":"https:\/\/agrupacionespsoe.es\/acoruna\/#\/schema\/logo\/image\/"}},{"@type":"Person","@id":"https:\/\/agrupacionespsoe.es\/acoruna\/#\/schema\/person\/dbf2b36187b136d06a53f7937d5d5af9","name":"Olympia M\u00e9ndez","image":{"@type":"ImageObject","inLanguage":"es","@id":"https:\/\/agrupacionespsoe.es\/acoruna\/#\/schema\/person\/image\/","url":"https:\/\/secure.gravatar.com\/avatar\/12db1fb8bfe20deb7a2d4ddc95b9042b?s=96&d=mm&r=g","contentUrl":"https:\/\/secure.gravatar.com\/avatar\/12db1fb8bfe20deb7a2d4ddc95b9042b?s=96&d=mm&r=g","caption":"Olympia M\u00e9ndez"},"url":"https:\/\/agrupacionespsoe.es\/acoruna\/author\/acoruna2\/"}]}},"jetpack_featured_media_url":"https:\/\/agrupacionespsoe.es\/acoruna\/wp-content\/uploads\/sites\/198\/2025\/02\/PSOE-A-LARACHA-21-de-febreiro-e1745409094401.jpeg","jetpack_sharing_enabled":true,"jetpack_likes_enabled":true,"_links":{"self":[{"href":"https:\/\/agrupacionespsoe.es\/acoruna\/wp-json\/wp\/v2\/posts\/1388","targetHints":{"allow":["GET"]}}],"collection":[{"href":"https:\/\/agrupacionespsoe.es\/acoruna\/wp-json\/wp\/v2\/posts"}],"about":[{"href":"https:\/\/agrupacionespsoe.es\/acoruna\/wp-json\/wp\/v2\/types\/post"}],"author":[{"embeddable":true,"href":"https:\/\/agrupacionespsoe.es\/acoruna\/wp-json\/wp\/v2\/users\/282"}],"replies":[{"embeddable":true,"href":"https:\/\/agrupacionespsoe.es\/acoruna\/wp-json\/wp\/v2\/comments?post=1388"}],"version-history":[{"count":2,"href":"https:\/\/agrupacionespsoe.es\/acoruna\/wp-json\/wp\/v2\/posts\/1388\/revisions"}],"predecessor-version":[{"id":1390,"href":"https:\/\/agrupacionespsoe.es\/acoruna\/wp-json\/wp\/v2\/posts\/1388\/revisions\/1390"}],"wp:featuredmedia":[{"embeddable":true,"href":"https:\/\/agrupacionespsoe.es\/acoruna\/wp-json\/wp\/v2\/media\/1209"}],"wp:attachment":[{"href":"https:\/\/agrupacionespsoe.es\/acoruna\/wp-json\/wp\/v2\/media?parent=1388"}],"wp:term":[{"taxonomy":"category","embeddable":true,"href":"https:\/\/agrupacionespsoe.es\/acoruna\/wp-json\/wp\/v2\/categories?post=1388"},{"taxonomy":"post_tag","embeddable":true,"href":"https:\/\/agrupacionespsoe.es\/acoruna\/wp-json\/wp\/v2\/tags?post=1388"}],"curies":[{"name":"wp","href":"https:\/\/api.w.org\/{rel}","templated":true}]}}