{"id":1361,"date":"2025-04-10T14:29:53","date_gmt":"2025-04-10T12:29:53","guid":{"rendered":"https:\/\/agrupacionespsoe.es\/acoruna\/?p=1361"},"modified":"2025-04-10T14:29:54","modified_gmt":"2025-04-10T12:29:54","slug":"o-psdeg-reclama-en-carballo-que-a-ag-55-reciba-as-mesmas-bonificacions-que-esta-a-aplicar-o-goberno-de-espana-na-ap-9-e-na-ap-53","status":"publish","type":"post","link":"https:\/\/agrupacionespsoe.es\/acoruna\/o-psdeg-reclama-en-carballo-que-a-ag-55-reciba-as-mesmas-bonificacions-que-esta-a-aplicar-o-goberno-de-espana-na-ap-9-e-na-ap-53\/","title":{"rendered":"O PSdeG reclama en Carballo que a AG-55 reciba &#8220;as mesmas bonificaci\u00f3ns que est\u00e1 a aplicar o Goberno de Espa\u00f1a na AP-9 e na AP-53&#8221;"},"content":{"rendered":"\n<p><strong>-A deputada auton\u00f3mica Patricia Iglesias sinalou que unha persoa que utilice todos os d\u00edas esta autoestrada gasta \u201cunha media de 130\u20ac a parte da gasolina\u201d ao mes<\/strong><\/p>\n\n\n\n<section class=\"wp-block-psoe-separador bg-primary px-2\"><hr class=\"color-white bg-white opacity-1 h-[1px] w-full\" \/><\/section>\n\n\n\n<p class=\"has-medium-font-size\">O PSdeG-PSOE reclamou en Carballo que a Xunta de Galicia aplique na AG-55 as mesmas bonificaci\u00f3ns que o Estado aplica na AP-53 e na AP-9.<\/p>\n\n\n\n<p class=\"has-medium-font-size\">Patricia Iglesias Rey, deputada socialista no Parlamento de Galicia, e Aitor Bouza Manso, secretario de Acci\u00f3n Territoral do PSdeG, acudiron a Carballo xunto a portavoces socialistas dos Concellos da comarca.<\/p>\n\n\n\n<p class=\"has-medium-font-size\">Iglesias sinalou que \u201cunha persoa que utiliza todos os d\u00edas a autoestrada da Costa da Morte, Carballo-Coru\u00f1a ou viceversa, ten unha media de 130 euros a parte da gasolina que lle costar\u00e1 o mes\u201d de gasto.<\/p>\n\n\n\n<p class=\"has-medium-font-size\">\u201cReivindicamos a gratuidade da AG 55, da autov\u00eda da Costa da Morte, xa que vertebra esta bisbarra tan importante como polo econ\u00f3mico, un dos m\u00e1is puxantes de toda Galicia\u201d, explicou a socialista.<\/p>\n\n\n\n<p class=\"has-medium-font-size\">\u201cQueremos as mesmas bonificaci\u00f3ns que est\u00e1 a aplicar o Goberno de Espa\u00f1a na AP-9 e na AP-53&#8243;, recalcou, engadindo tam\u00e9n que \u201cxa non hai escusas para o se\u00f1or Rueda, que aposte pola gratuidade\u201d.<\/p>\n\n\n\n<p class=\"has-medium-font-size\">Pola s\u00faa banda, Aitor Bouza esixiu a Rueda \u201cque deixe a confrontaci\u00f3n permanente co Goberno do Estado e que xustamente aplique aqu\u00ed en Carballo, e en toda a zona da Costa da Morte, as mesmas bonificaci\u00f3ns que se est\u00e1n aplicando na AP-9 e na AP-53&#8243;.<\/p>\n\n\n\n<p class=\"has-medium-font-size\">\u201cO goberno socialista de Pedro S\u00e1nchez o que fixo foi pular porque realmente as comunicaci\u00f3ns, neste caso por estrada, non sexan un luxo e un privilexio, sen\u00f3n que pasen a ser un dereito\u201d, indicou o socialista, engadindo que \u201co que queremos \u00e9 que as galegas e galegos poidan desfrutalo xustamente en igualdade de condici\u00f3ns\u201d.<\/p>\n\n\n\n<p class=\"has-medium-font-size\">Sinalou que a gratuidade da AG-55 \u00e9 \u201cunha reivindicaci\u00f3n para a que o Partido Socialista se volcou e se seguir\u00e1 volcando ata que o goberno de Rueda deixe de mirar cara outro lado\u201d.<\/p>\n\n\n\n<p class=\"has-medium-font-size\">\u201cEstamos e estaremos, coma sempre, ao car\u00f3n dos galegos e das galegas para poder reivindicar algo que nos parece non s\u00f3 de xustiza, sen\u00f3n neste caso, de igualdade\u201d, afirmou Bouza. &#8220;Non deixaremos de levalo non s\u00f3 ao Parlamento de Galicia, sen\u00f3n tam\u00e9n aos concellos desta bisbarra e da bisbarra da Costa da Morte para poder exixirlle ao Goberno de Rueda que se implique&#8221;, conclu\u00edu.<\/p>\n","protected":false},"excerpt":{"rendered":"<p>-A deputada auton\u00f3mica Patricia Iglesias sinalou que unha persoa que utilice todos os d\u00edas esta autoestrada gasta \u201cunha media de 130\u20ac a parte da gasolina\u201d ao mes O PSdeG-PSOE reclamou en Carballo que a Xunta de Galicia aplique na AG-55 as mesmas bonificaci\u00f3ns que o Estado aplica na AP-53 e na AP-9. Patricia Iglesias Rey, &#8230;<\/p>\n","protected":false},"author":282,"featured_media":1362,"comment_status":"open","ping_status":"open","sticky":false,"template":"","format":"standard","meta":{"_jetpack_memberships_contains_paid_content":false,"footnotes":""},"categories":[225,56,111],"tags":[429,44,157,299,54,22,24],"class_list":["post-1361","post","type-post","status-publish","format-standard","has-post-thumbnail","hentry","category-bergantinos","category-infraestruturas","category-xunta-de-galicia","tag-autovia","tag-bergantinos","tag-carballo","tag-costa-da-morte","tag-patricia-iglesias","tag-psdeg-psoe","tag-socialistas"],"yoast_head":"<!-- This site is optimized with the Yoast SEO plugin v24.0 - https:\/\/yoast.com\/wordpress\/plugins\/seo\/ -->\n<title>O PSdeG reclama en Carballo que a AG-55 reciba &quot;as mesmas bonificaci\u00f3ns que est\u00e1 a aplicar o Goberno de Espa\u00f1a na AP-9 e na AP-53&quot; - Agrupaci\u00f3n Provincial da Coru\u00f1a PSOE<\/title>\n<meta name=\"description\" content=\"A deputada auton\u00f3mica Patricia Iglesias sinalou que unha persoa que utilice todos os d\u00edas esta autoestrada gasta \u201cunha media de 130\u20ac a parte da gasolina\u201d ao mes\" \/>\n<meta name=\"robots\" content=\"index, follow, max-snippet:-1, max-image-preview:large, max-video-preview:-1\" \/>\n<link rel=\"canonical\" href=\"https:\/\/agrupacionespsoe.es\/acoruna\/o-psdeg-reclama-en-carballo-que-a-ag-55-reciba-as-mesmas-bonificacions-que-esta-a-aplicar-o-goberno-de-espana-na-ap-9-e-na-ap-53\/\" \/>\n<meta property=\"og:locale\" content=\"es_ES\" \/>\n<meta property=\"og:type\" content=\"article\" \/>\n<meta property=\"og:title\" content=\"O PSdeG reclama en Carballo que a AG-55 reciba &quot;as mesmas bonificaci\u00f3ns que est\u00e1 a aplicar o Goberno de Espa\u00f1a na AP-9 e na AP-53&quot; - Agrupaci\u00f3n Provincial da Coru\u00f1a PSOE\" \/>\n<meta property=\"og:description\" content=\"A deputada auton\u00f3mica Patricia Iglesias sinalou que unha persoa que utilice todos os d\u00edas esta autoestrada gasta \u201cunha media de 130\u20ac a parte da gasolina\u201d ao mes\" \/>\n<meta property=\"og:url\" content=\"https:\/\/agrupacionespsoe.es\/acoruna\/o-psdeg-reclama-en-carballo-que-a-ag-55-reciba-as-mesmas-bonificacions-que-esta-a-aplicar-o-goberno-de-espana-na-ap-9-e-na-ap-53\/\" \/>\n<meta property=\"og:site_name\" content=\"Agrupaci\u00f3n Provincial da Coru\u00f1a PSOE\" \/>\n<meta property=\"article:published_time\" content=\"2025-04-10T12:29:53+00:00\" \/>\n<meta property=\"article:modified_time\" content=\"2025-04-10T12:29:54+00:00\" \/>\n<meta property=\"og:image\" content=\"https:\/\/agrupacionespsoe.es\/acoruna\/wp-content\/uploads\/sites\/198\/2025\/04\/PSOE-CARBALLO-10-de-abril-3-scaled.jpeg\" \/>\n\t<meta property=\"og:image:width\" content=\"2560\" \/>\n\t<meta property=\"og:image:height\" content=\"1920\" \/>\n\t<meta property=\"og:image:type\" content=\"image\/jpeg\" \/>\n<meta name=\"author\" content=\"Olympia M\u00e9ndez\" \/>\n<meta name=\"twitter:card\" content=\"summary_large_image\" \/>\n<meta name=\"twitter:label1\" content=\"Escrito por\" \/>\n\t<meta name=\"twitter:data1\" content=\"Olympia M\u00e9ndez\" \/>\n\t<meta name=\"twitter:label2\" content=\"Tiempo de lectura\" \/>\n\t<meta name=\"twitter:data2\" content=\"2 minutos\" \/>\n<script type=\"application\/ld+json\" class=\"yoast-schema-graph\">{\"@context\":\"https:\/\/schema.org\",\"@graph\":[{\"@type\":\"Article\",\"@id\":\"https:\/\/agrupacionespsoe.es\/acoruna\/o-psdeg-reclama-en-carballo-que-a-ag-55-reciba-as-mesmas-bonificacions-que-esta-a-aplicar-o-goberno-de-espana-na-ap-9-e-na-ap-53\/#article\",\"isPartOf\":{\"@id\":\"https:\/\/agrupacionespsoe.es\/acoruna\/o-psdeg-reclama-en-carballo-que-a-ag-55-reciba-as-mesmas-bonificacions-que-esta-a-aplicar-o-goberno-de-espana-na-ap-9-e-na-ap-53\/\"},\"author\":{\"name\":\"Olympia M\u00e9ndez\",\"@id\":\"https:\/\/agrupacionespsoe.es\/acoruna\/#\/schema\/person\/dbf2b36187b136d06a53f7937d5d5af9\"},\"headline\":\"O PSdeG reclama en Carballo que a AG-55 reciba &#8220;as mesmas bonificaci\u00f3ns que est\u00e1 a aplicar o Goberno de Espa\u00f1a na AP-9 e na AP-53&#8221;\",\"datePublished\":\"2025-04-10T12:29:53+00:00\",\"dateModified\":\"2025-04-10T12:29:54+00:00\",\"mainEntityOfPage\":{\"@id\":\"https:\/\/agrupacionespsoe.es\/acoruna\/o-psdeg-reclama-en-carballo-que-a-ag-55-reciba-as-mesmas-bonificacions-que-esta-a-aplicar-o-goberno-de-espana-na-ap-9-e-na-ap-53\/\"},\"wordCount\":428,\"commentCount\":0,\"publisher\":{\"@id\":\"https:\/\/agrupacionespsoe.es\/acoruna\/#organization\"},\"image\":{\"@id\":\"https:\/\/agrupacionespsoe.es\/acoruna\/o-psdeg-reclama-en-carballo-que-a-ag-55-reciba-as-mesmas-bonificacions-que-esta-a-aplicar-o-goberno-de-espana-na-ap-9-e-na-ap-53\/#primaryimage\"},\"thumbnailUrl\":\"https:\/\/agrupacionespsoe.es\/acoruna\/wp-content\/uploads\/sites\/198\/2025\/04\/PSOE-CARBALLO-10-de-abril-3-scaled.jpeg\",\"keywords\":[\"autov\u00eda\",\"Berganti\u00f1os\",\"Carballo\",\"Costa da Morte\",\"Patricia Iglesias\",\"PSdeG-PSOE\",\"Socialistas\"],\"articleSection\":[\"Berganti\u00f1os\",\"Infraestruturas\",\"Xunta de Galicia\"],\"inLanguage\":\"es\",\"potentialAction\":[{\"@type\":\"CommentAction\",\"name\":\"Comment\",\"target\":[\"https:\/\/agrupacionespsoe.es\/acoruna\/o-psdeg-reclama-en-carballo-que-a-ag-55-reciba-as-mesmas-bonificacions-que-esta-a-aplicar-o-goberno-de-espana-na-ap-9-e-na-ap-53\/#respond\"]}]},{\"@type\":\"WebPage\",\"@id\":\"https:\/\/agrupacionespsoe.es\/acoruna\/o-psdeg-reclama-en-carballo-que-a-ag-55-reciba-as-mesmas-bonificacions-que-esta-a-aplicar-o-goberno-de-espana-na-ap-9-e-na-ap-53\/\",\"url\":\"https:\/\/agrupacionespsoe.es\/acoruna\/o-psdeg-reclama-en-carballo-que-a-ag-55-reciba-as-mesmas-bonificacions-que-esta-a-aplicar-o-goberno-de-espana-na-ap-9-e-na-ap-53\/\",\"name\":\"O PSdeG reclama en Carballo que a AG-55 reciba \\\"as mesmas bonificaci\u00f3ns que est\u00e1 a aplicar o Goberno de Espa\u00f1a na AP-9 e na AP-53\\\" - Agrupaci\u00f3n Provincial da Coru\u00f1a PSOE\",\"isPartOf\":{\"@id\":\"https:\/\/agrupacionespsoe.es\/acoruna\/#website\"},\"primaryImageOfPage\":{\"@id\":\"https:\/\/agrupacionespsoe.es\/acoruna\/o-psdeg-reclama-en-carballo-que-a-ag-55-reciba-as-mesmas-bonificacions-que-esta-a-aplicar-o-goberno-de-espana-na-ap-9-e-na-ap-53\/#primaryimage\"},\"image\":{\"@id\":\"https:\/\/agrupacionespsoe.es\/acoruna\/o-psdeg-reclama-en-carballo-que-a-ag-55-reciba-as-mesmas-bonificacions-que-esta-a-aplicar-o-goberno-de-espana-na-ap-9-e-na-ap-53\/#primaryimage\"},\"thumbnailUrl\":\"https:\/\/agrupacionespsoe.es\/acoruna\/wp-content\/uploads\/sites\/198\/2025\/04\/PSOE-CARBALLO-10-de-abril-3-scaled.jpeg\",\"datePublished\":\"2025-04-10T12:29:53+00:00\",\"dateModified\":\"2025-04-10T12:29:54+00:00\",\"description\":\"A deputada auton\u00f3mica Patricia Iglesias sinalou que unha persoa que utilice todos os d\u00edas esta autoestrada gasta \u201cunha media de 130\u20ac a parte da gasolina\u201d ao mes\",\"breadcrumb\":{\"@id\":\"https:\/\/agrupacionespsoe.es\/acoruna\/o-psdeg-reclama-en-carballo-que-a-ag-55-reciba-as-mesmas-bonificacions-que-esta-a-aplicar-o-goberno-de-espana-na-ap-9-e-na-ap-53\/#breadcrumb\"},\"inLanguage\":\"es\",\"potentialAction\":[{\"@type\":\"ReadAction\",\"target\":[\"https:\/\/agrupacionespsoe.es\/acoruna\/o-psdeg-reclama-en-carballo-que-a-ag-55-reciba-as-mesmas-bonificacions-que-esta-a-aplicar-o-goberno-de-espana-na-ap-9-e-na-ap-53\/\"]}]},{\"@type\":\"ImageObject\",\"inLanguage\":\"es\",\"@id\":\"https:\/\/agrupacionespsoe.es\/acoruna\/o-psdeg-reclama-en-carballo-que-a-ag-55-reciba-as-mesmas-bonificacions-que-esta-a-aplicar-o-goberno-de-espana-na-ap-9-e-na-ap-53\/#primaryimage\",\"url\":\"https:\/\/agrupacionespsoe.es\/acoruna\/wp-content\/uploads\/sites\/198\/2025\/04\/PSOE-CARBALLO-10-de-abril-3-scaled.jpeg\",\"contentUrl\":\"https:\/\/agrupacionespsoe.es\/acoruna\/wp-content\/uploads\/sites\/198\/2025\/04\/PSOE-CARBALLO-10-de-abril-3-scaled.jpeg\",\"width\":2560,\"height\":1920},{\"@type\":\"BreadcrumbList\",\"@id\":\"https:\/\/agrupacionespsoe.es\/acoruna\/o-psdeg-reclama-en-carballo-que-a-ag-55-reciba-as-mesmas-bonificacions-que-esta-a-aplicar-o-goberno-de-espana-na-ap-9-e-na-ap-53\/#breadcrumb\",\"itemListElement\":[{\"@type\":\"ListItem\",\"position\":1,\"name\":\"Portada\",\"item\":\"https:\/\/agrupacionespsoe.es\/acoruna\/\"},{\"@type\":\"ListItem\",\"position\":2,\"name\":\"O PSdeG reclama en Carballo que a AG-55 reciba \u00abas mesmas bonificaci\u00f3ns que est\u00e1 a aplicar o Goberno de Espa\u00f1a na AP-9 e na AP-53\u00bb\"}]},{\"@type\":\"WebSite\",\"@id\":\"https:\/\/agrupacionespsoe.es\/acoruna\/#website\",\"url\":\"https:\/\/agrupacionespsoe.es\/acoruna\/\",\"name\":\"Agrupaci\u00f3n Provincial da Coru\u00f1a PSOE\",\"description\":\"Provincial PSdeG-PSOE da Coru\u00f1a\",\"publisher\":{\"@id\":\"https:\/\/agrupacionespsoe.es\/acoruna\/#organization\"},\"potentialAction\":[{\"@type\":\"SearchAction\",\"target\":{\"@type\":\"EntryPoint\",\"urlTemplate\":\"https:\/\/agrupacionespsoe.es\/acoruna\/?s={search_term_string}\"},\"query-input\":{\"@type\":\"PropertyValueSpecification\",\"valueRequired\":true,\"valueName\":\"search_term_string\"}}],\"inLanguage\":\"es\"},{\"@type\":\"Organization\",\"@id\":\"https:\/\/agrupacionespsoe.es\/acoruna\/#organization\",\"name\":\"Agrupaci\u00f3n Provincial da Coru\u00f1a PSOE\",\"url\":\"https:\/\/agrupacionespsoe.es\/acoruna\/\",\"logo\":{\"@type\":\"ImageObject\",\"inLanguage\":\"es\",\"@id\":\"https:\/\/agrupacionespsoe.es\/acoruna\/#\/schema\/logo\/image\/\",\"url\":\"https:\/\/agrupacionespsoe.es\/wp-content\/uploads\/2022\/07\/Logotipo_electoral_del_PSOE.png\",\"contentUrl\":\"https:\/\/agrupacionespsoe.es\/wp-content\/uploads\/2022\/07\/Logotipo_electoral_del_PSOE.png\",\"width\":422,\"height\":422,\"caption\":\"Agrupaci\u00f3n Provincial da Coru\u00f1a PSOE\"},\"image\":{\"@id\":\"https:\/\/agrupacionespsoe.es\/acoruna\/#\/schema\/logo\/image\/\"}},{\"@type\":\"Person\",\"@id\":\"https:\/\/agrupacionespsoe.es\/acoruna\/#\/schema\/person\/dbf2b36187b136d06a53f7937d5d5af9\",\"name\":\"Olympia M\u00e9ndez\",\"image\":{\"@type\":\"ImageObject\",\"inLanguage\":\"es\",\"@id\":\"https:\/\/agrupacionespsoe.es\/acoruna\/#\/schema\/person\/image\/\",\"url\":\"https:\/\/secure.gravatar.com\/avatar\/12db1fb8bfe20deb7a2d4ddc95b9042b?s=96&d=mm&r=g\",\"contentUrl\":\"https:\/\/secure.gravatar.com\/avatar\/12db1fb8bfe20deb7a2d4ddc95b9042b?s=96&d=mm&r=g\",\"caption\":\"Olympia M\u00e9ndez\"},\"url\":\"https:\/\/agrupacionespsoe.es\/acoruna\/author\/acoruna2\/\"}]}<\/script>\n<!-- \/ Yoast SEO plugin. -->","yoast_head_json":{"title":"O PSdeG reclama en Carballo que a AG-55 reciba \"as mesmas bonificaci\u00f3ns que est\u00e1 a aplicar o Goberno de Espa\u00f1a na AP-9 e na AP-53\" - Agrupaci\u00f3n Provincial da Coru\u00f1a PSOE","description":"A deputada auton\u00f3mica Patricia Iglesias sinalou que unha persoa que utilice todos os d\u00edas esta autoestrada gasta \u201cunha media de 130\u20ac a parte da gasolina\u201d ao mes","robots":{"index":"index","follow":"follow","max-snippet":"max-snippet:-1","max-image-preview":"max-image-preview:large","max-video-preview":"max-video-preview:-1"},"canonical":"https:\/\/agrupacionespsoe.es\/acoruna\/o-psdeg-reclama-en-carballo-que-a-ag-55-reciba-as-mesmas-bonificacions-que-esta-a-aplicar-o-goberno-de-espana-na-ap-9-e-na-ap-53\/","og_locale":"es_ES","og_type":"article","og_title":"O PSdeG reclama en Carballo que a AG-55 reciba \"as mesmas bonificaci\u00f3ns que est\u00e1 a aplicar o Goberno de Espa\u00f1a na AP-9 e na AP-53\" - Agrupaci\u00f3n Provincial da Coru\u00f1a PSOE","og_description":"A deputada auton\u00f3mica Patricia Iglesias sinalou que unha persoa que utilice todos os d\u00edas esta autoestrada gasta \u201cunha media de 130\u20ac a parte da gasolina\u201d ao mes","og_url":"https:\/\/agrupacionespsoe.es\/acoruna\/o-psdeg-reclama-en-carballo-que-a-ag-55-reciba-as-mesmas-bonificacions-que-esta-a-aplicar-o-goberno-de-espana-na-ap-9-e-na-ap-53\/","og_site_name":"Agrupaci\u00f3n Provincial da Coru\u00f1a PSOE","article_published_time":"2025-04-10T12:29:53+00:00","article_modified_time":"2025-04-10T12:29:54+00:00","og_image":[{"width":2560,"height":1920,"url":"https:\/\/agrupacionespsoe.es\/acoruna\/wp-content\/uploads\/sites\/198\/2025\/04\/PSOE-CARBALLO-10-de-abril-3-scaled.jpeg","type":"image\/jpeg"}],"author":"Olympia M\u00e9ndez","twitter_card":"summary_large_image","twitter_misc":{"Escrito por":"Olympia M\u00e9ndez","Tiempo de lectura":"2 minutos"},"schema":{"@context":"https:\/\/schema.org","@graph":[{"@type":"Article","@id":"https:\/\/agrupacionespsoe.es\/acoruna\/o-psdeg-reclama-en-carballo-que-a-ag-55-reciba-as-mesmas-bonificacions-que-esta-a-aplicar-o-goberno-de-espana-na-ap-9-e-na-ap-53\/#article","isPartOf":{"@id":"https:\/\/agrupacionespsoe.es\/acoruna\/o-psdeg-reclama-en-carballo-que-a-ag-55-reciba-as-mesmas-bonificacions-que-esta-a-aplicar-o-goberno-de-espana-na-ap-9-e-na-ap-53\/"},"author":{"name":"Olympia M\u00e9ndez","@id":"https:\/\/agrupacionespsoe.es\/acoruna\/#\/schema\/person\/dbf2b36187b136d06a53f7937d5d5af9"},"headline":"O PSdeG reclama en Carballo que a AG-55 reciba &#8220;as mesmas bonificaci\u00f3ns que est\u00e1 a aplicar o Goberno de Espa\u00f1a na AP-9 e na AP-53&#8221;","datePublished":"2025-04-10T12:29:53+00:00","dateModified":"2025-04-10T12:29:54+00:00","mainEntityOfPage":{"@id":"https:\/\/agrupacionespsoe.es\/acoruna\/o-psdeg-reclama-en-carballo-que-a-ag-55-reciba-as-mesmas-bonificacions-que-esta-a-aplicar-o-goberno-de-espana-na-ap-9-e-na-ap-53\/"},"wordCount":428,"commentCount":0,"publisher":{"@id":"https:\/\/agrupacionespsoe.es\/acoruna\/#organization"},"image":{"@id":"https:\/\/agrupacionespsoe.es\/acoruna\/o-psdeg-reclama-en-carballo-que-a-ag-55-reciba-as-mesmas-bonificacions-que-esta-a-aplicar-o-goberno-de-espana-na-ap-9-e-na-ap-53\/#primaryimage"},"thumbnailUrl":"https:\/\/agrupacionespsoe.es\/acoruna\/wp-content\/uploads\/sites\/198\/2025\/04\/PSOE-CARBALLO-10-de-abril-3-scaled.jpeg","keywords":["autov\u00eda","Berganti\u00f1os","Carballo","Costa da Morte","Patricia Iglesias","PSdeG-PSOE","Socialistas"],"articleSection":["Berganti\u00f1os","Infraestruturas","Xunta de Galicia"],"inLanguage":"es","potentialAction":[{"@type":"CommentAction","name":"Comment","target":["https:\/\/agrupacionespsoe.es\/acoruna\/o-psdeg-reclama-en-carballo-que-a-ag-55-reciba-as-mesmas-bonificacions-que-esta-a-aplicar-o-goberno-de-espana-na-ap-9-e-na-ap-53\/#respond"]}]},{"@type":"WebPage","@id":"https:\/\/agrupacionespsoe.es\/acoruna\/o-psdeg-reclama-en-carballo-que-a-ag-55-reciba-as-mesmas-bonificacions-que-esta-a-aplicar-o-goberno-de-espana-na-ap-9-e-na-ap-53\/","url":"https:\/\/agrupacionespsoe.es\/acoruna\/o-psdeg-reclama-en-carballo-que-a-ag-55-reciba-as-mesmas-bonificacions-que-esta-a-aplicar-o-goberno-de-espana-na-ap-9-e-na-ap-53\/","name":"O PSdeG reclama en Carballo que a AG-55 reciba \"as mesmas bonificaci\u00f3ns que est\u00e1 a aplicar o Goberno de Espa\u00f1a na AP-9 e na AP-53\" - Agrupaci\u00f3n Provincial da Coru\u00f1a PSOE","isPartOf":{"@id":"https:\/\/agrupacionespsoe.es\/acoruna\/#website"},"primaryImageOfPage":{"@id":"https:\/\/agrupacionespsoe.es\/acoruna\/o-psdeg-reclama-en-carballo-que-a-ag-55-reciba-as-mesmas-bonificacions-que-esta-a-aplicar-o-goberno-de-espana-na-ap-9-e-na-ap-53\/#primaryimage"},"image":{"@id":"https:\/\/agrupacionespsoe.es\/acoruna\/o-psdeg-reclama-en-carballo-que-a-ag-55-reciba-as-mesmas-bonificacions-que-esta-a-aplicar-o-goberno-de-espana-na-ap-9-e-na-ap-53\/#primaryimage"},"thumbnailUrl":"https:\/\/agrupacionespsoe.es\/acoruna\/wp-content\/uploads\/sites\/198\/2025\/04\/PSOE-CARBALLO-10-de-abril-3-scaled.jpeg","datePublished":"2025-04-10T12:29:53+00:00","dateModified":"2025-04-10T12:29:54+00:00","description":"A deputada auton\u00f3mica Patricia Iglesias sinalou que unha persoa que utilice todos os d\u00edas esta autoestrada gasta \u201cunha media de 130\u20ac a parte da gasolina\u201d ao mes","breadcrumb":{"@id":"https:\/\/agrupacionespsoe.es\/acoruna\/o-psdeg-reclama-en-carballo-que-a-ag-55-reciba-as-mesmas-bonificacions-que-esta-a-aplicar-o-goberno-de-espana-na-ap-9-e-na-ap-53\/#breadcrumb"},"inLanguage":"es","potentialAction":[{"@type":"ReadAction","target":["https:\/\/agrupacionespsoe.es\/acoruna\/o-psdeg-reclama-en-carballo-que-a-ag-55-reciba-as-mesmas-bonificacions-que-esta-a-aplicar-o-goberno-de-espana-na-ap-9-e-na-ap-53\/"]}]},{"@type":"ImageObject","inLanguage":"es","@id":"https:\/\/agrupacionespsoe.es\/acoruna\/o-psdeg-reclama-en-carballo-que-a-ag-55-reciba-as-mesmas-bonificacions-que-esta-a-aplicar-o-goberno-de-espana-na-ap-9-e-na-ap-53\/#primaryimage","url":"https:\/\/agrupacionespsoe.es\/acoruna\/wp-content\/uploads\/sites\/198\/2025\/04\/PSOE-CARBALLO-10-de-abril-3-scaled.jpeg","contentUrl":"https:\/\/agrupacionespsoe.es\/acoruna\/wp-content\/uploads\/sites\/198\/2025\/04\/PSOE-CARBALLO-10-de-abril-3-scaled.jpeg","width":2560,"height":1920},{"@type":"BreadcrumbList","@id":"https:\/\/agrupacionespsoe.es\/acoruna\/o-psdeg-reclama-en-carballo-que-a-ag-55-reciba-as-mesmas-bonificacions-que-esta-a-aplicar-o-goberno-de-espana-na-ap-9-e-na-ap-53\/#breadcrumb","itemListElement":[{"@type":"ListItem","position":1,"name":"Portada","item":"https:\/\/agrupacionespsoe.es\/acoruna\/"},{"@type":"ListItem","position":2,"name":"O PSdeG reclama en Carballo que a AG-55 reciba \u00abas mesmas bonificaci\u00f3ns que est\u00e1 a aplicar o Goberno de Espa\u00f1a na AP-9 e na AP-53\u00bb"}]},{"@type":"WebSite","@id":"https:\/\/agrupacionespsoe.es\/acoruna\/#website","url":"https:\/\/agrupacionespsoe.es\/acoruna\/","name":"Agrupaci\u00f3n Provincial da Coru\u00f1a PSOE","description":"Provincial PSdeG-PSOE da Coru\u00f1a","publisher":{"@id":"https:\/\/agrupacionespsoe.es\/acoruna\/#organization"},"potentialAction":[{"@type":"SearchAction","target":{"@type":"EntryPoint","urlTemplate":"https:\/\/agrupacionespsoe.es\/acoruna\/?s={search_term_string}"},"query-input":{"@type":"PropertyValueSpecification","valueRequired":true,"valueName":"search_term_string"}}],"inLanguage":"es"},{"@type":"Organization","@id":"https:\/\/agrupacionespsoe.es\/acoruna\/#organization","name":"Agrupaci\u00f3n Provincial da Coru\u00f1a PSOE","url":"https:\/\/agrupacionespsoe.es\/acoruna\/","logo":{"@type":"ImageObject","inLanguage":"es","@id":"https:\/\/agrupacionespsoe.es\/acoruna\/#\/schema\/logo\/image\/","url":"https:\/\/agrupacionespsoe.es\/wp-content\/uploads\/2022\/07\/Logotipo_electoral_del_PSOE.png","contentUrl":"https:\/\/agrupacionespsoe.es\/wp-content\/uploads\/2022\/07\/Logotipo_electoral_del_PSOE.png","width":422,"height":422,"caption":"Agrupaci\u00f3n Provincial da Coru\u00f1a PSOE"},"image":{"@id":"https:\/\/agrupacionespsoe.es\/acoruna\/#\/schema\/logo\/image\/"}},{"@type":"Person","@id":"https:\/\/agrupacionespsoe.es\/acoruna\/#\/schema\/person\/dbf2b36187b136d06a53f7937d5d5af9","name":"Olympia M\u00e9ndez","image":{"@type":"ImageObject","inLanguage":"es","@id":"https:\/\/agrupacionespsoe.es\/acoruna\/#\/schema\/person\/image\/","url":"https:\/\/secure.gravatar.com\/avatar\/12db1fb8bfe20deb7a2d4ddc95b9042b?s=96&d=mm&r=g","contentUrl":"https:\/\/secure.gravatar.com\/avatar\/12db1fb8bfe20deb7a2d4ddc95b9042b?s=96&d=mm&r=g","caption":"Olympia M\u00e9ndez"},"url":"https:\/\/agrupacionespsoe.es\/acoruna\/author\/acoruna2\/"}]}},"jetpack_featured_media_url":"https:\/\/agrupacionespsoe.es\/acoruna\/wp-content\/uploads\/sites\/198\/2025\/04\/PSOE-CARBALLO-10-de-abril-3-scaled.jpeg","jetpack_sharing_enabled":true,"jetpack_likes_enabled":true,"_links":{"self":[{"href":"https:\/\/agrupacionespsoe.es\/acoruna\/wp-json\/wp\/v2\/posts\/1361","targetHints":{"allow":["GET"]}}],"collection":[{"href":"https:\/\/agrupacionespsoe.es\/acoruna\/wp-json\/wp\/v2\/posts"}],"about":[{"href":"https:\/\/agrupacionespsoe.es\/acoruna\/wp-json\/wp\/v2\/types\/post"}],"author":[{"embeddable":true,"href":"https:\/\/agrupacionespsoe.es\/acoruna\/wp-json\/wp\/v2\/users\/282"}],"replies":[{"embeddable":true,"href":"https:\/\/agrupacionespsoe.es\/acoruna\/wp-json\/wp\/v2\/comments?post=1361"}],"version-history":[{"count":2,"href":"https:\/\/agrupacionespsoe.es\/acoruna\/wp-json\/wp\/v2\/posts\/1361\/revisions"}],"predecessor-version":[{"id":1364,"href":"https:\/\/agrupacionespsoe.es\/acoruna\/wp-json\/wp\/v2\/posts\/1361\/revisions\/1364"}],"wp:featuredmedia":[{"embeddable":true,"href":"https:\/\/agrupacionespsoe.es\/acoruna\/wp-json\/wp\/v2\/media\/1362"}],"wp:attachment":[{"href":"https:\/\/agrupacionespsoe.es\/acoruna\/wp-json\/wp\/v2\/media?parent=1361"}],"wp:term":[{"taxonomy":"category","embeddable":true,"href":"https:\/\/agrupacionespsoe.es\/acoruna\/wp-json\/wp\/v2\/categories?post=1361"},{"taxonomy":"post_tag","embeddable":true,"href":"https:\/\/agrupacionespsoe.es\/acoruna\/wp-json\/wp\/v2\/tags?post=1361"}],"curies":[{"name":"wp","href":"https:\/\/api.w.org\/{rel}","templated":true}]}}