{"id":1305,"date":"2025-03-31T16:14:29","date_gmt":"2025-03-31T14:14:29","guid":{"rendered":"https:\/\/agrupacionespsoe.es\/acoruna\/?p=1305"},"modified":"2025-03-31T16:23:11","modified_gmt":"2025-03-31T14:23:11","slug":"o-psoe-esixe-a-xunta-que-actua-de-inmediato-para-reparar-os-danos-provocados-polo-temporal-no-cpi-o-cruce-de-cerceda","status":"publish","type":"post","link":"https:\/\/agrupacionespsoe.es\/acoruna\/o-psoe-esixe-a-xunta-que-actua-de-inmediato-para-reparar-os-danos-provocados-polo-temporal-no-cpi-o-cruce-de-cerceda\/","title":{"rendered":"O PSOE esixe \u00e1 Xunta que act\u00fae de inmediato para reparar os danos provocados polo temporal no CPI O Cruce de Cerceda"},"content":{"rendered":"\n<p><strong>-O secretario provincial Bernardo Fern\u00e1ndez e a deputada Silvia Longueira participaron na concentraci\u00f3n convocada polas familias e avanzaron que levar\u00e1n a cuesti\u00f3n ao Parlamento galego<\/strong><\/p>\n\n\n\n<section class=\"wp-block-psoe-separador bg-primary px-2\"><hr class=\"color-white bg-white opacity-1 h-[1px] w-full\" \/><\/section>\n\n\n\n<p class=\"has-medium-font-size\">O PSdeG-PSOE Provincial da Coru\u00f1a esixe \u00e1 Xunta de Galicia que act\u00fae de inmediato para reparar os danos provocados polo temporal Marti\u00f1o no CPI O Cruce de Cerceda.<\/p>\n\n\n\n<p class=\"has-medium-font-size\">As\u00ed o manifestaron o secretario xeral provincial Bernardo Fern\u00e1ndez Pi\u00f1eiro e a deputada Silvia Longueira, que participaron na concentraci\u00f3n convocada polas familias en resposta a esta problem\u00e1tica.<\/p>\n\n\n\n<p class=\"has-medium-font-size\">O secretario provincial sinala que os danos ter\u00edan sido \u201cmoito menores se por parte da Xunta de Galicia se tivese atendido ao longo dos \u00faltimos anos \u00e1s reivindicaci\u00f3ns, \u00e1s reclamaci\u00f3ns constantes do Concello de Cerceda e de parte da comunidade educativa&#8221;.<\/p>\n\n\n\n<p class=\"has-medium-font-size\">O socialista destacou que \u201co Concello de Cerceda estivo dende o primeiro momento a p\u00e9 do ca\u00f1\u00f3n, apoiando \u00e1 comunidade educativa, buscando soluci\u00f3ns e reubicando a estes rapaces e rapazas\u201d en instalaci\u00f3ns municipais.<\/p>\n\n\n\n<p class=\"has-medium-font-size\">\u201cMentres, non sabemos moi ben o que se fixo por parte da Xunta de Galicia\u201d, lamentou, engadindo que \u201cesta \u00e9 unha boa mostra da situaci\u00f3n da educaci\u00f3n p\u00fablica en Galicia\u201d.<\/p>\n\n\n\n<p class=\"has-medium-font-size\">Pola s\u00faa banda, Silvia Longueira denunciou que \u201c150 nenos e nenos do colexio p\u00fablico de Cerceda van a ter que recibir clases f\u00f3ra das aulas do propio colexio por unha cuesti\u00f3n que v\u00e9n denunciando o Concello de Cerceda e a direcci\u00f3n do colexio, as\u00ed como as diferentes ANPAs, durante moito tempo\u201d.<\/p>\n\n\n\n<p class=\"has-medium-font-size\">\u201cLevan 10 anos reclamando unha reforma integral para o colexio p\u00fablico O Cruce que nunca chegou\u201d, lembra a parlamentaria, provocando deste xeito que o vento levantase a cuberta do edificio, deixando aulas expostas e caendo os restos ao patio.<\/p>\n\n\n\n<p class=\"has-medium-font-size\">Longueira subli\u00f1a tam\u00e9n que o centro ten \u201cpingueiras, humidades e un envellecemento que durante estes anos nunca contou coa mirada da conseller\u00eda de educaci\u00f3n\u201d. \u201cLevaremos ao parlamento diferentes iniciativas que pregunten o por que da inacci\u00f3n e que po\u00f1an o foco sobre algo que temos que preservar e que \u00e9 noso, a educaci\u00f3n p\u00fablica\u201d, avanzou.<\/p>\n\n\n\n<section class=\"wp-block-psoe-separador bg-primary px-2\"><hr class=\"color-white bg-white opacity-1 h-[1px] w-full\" \/><\/section>\n\n\n\n<figure class=\"wp-block-audio\"><audio controls src=\"https:\/\/agrupacionespsoe.es\/acoruna\/wp-content\/uploads\/sites\/198\/2025\/03\/Bernardo-Fernandez-Pineiro-en-Cerceda.ogg\"><\/audio><figcaption class=\"wp-element-caption\">Declaraci\u00f3ns de Bernardo Fern\u00e1ndez en Cerceda<\/figcaption><\/figure>\n\n\n\n<figure class=\"wp-block-image size-large\"><img loading=\"lazy\" decoding=\"async\" width=\"1024\" height=\"683\" src=\"https:\/\/agrupacionespsoe.es\/acoruna\/wp-content\/uploads\/sites\/198\/2025\/03\/PSOE-CERCEDA-31-de-marzo-2-1024x683.jpeg\" alt=\"\" class=\"wp-image-1308\" srcset=\"https:\/\/agrupacionespsoe.es\/acoruna\/wp-content\/uploads\/sites\/198\/2025\/03\/PSOE-CERCEDA-31-de-marzo-2-1024x683.jpeg 1024w, https:\/\/agrupacionespsoe.es\/acoruna\/wp-content\/uploads\/sites\/198\/2025\/03\/PSOE-CERCEDA-31-de-marzo-2-300x200.jpeg 300w, https:\/\/agrupacionespsoe.es\/acoruna\/wp-content\/uploads\/sites\/198\/2025\/03\/PSOE-CERCEDA-31-de-marzo-2-768x512.jpeg 768w, https:\/\/agrupacionespsoe.es\/acoruna\/wp-content\/uploads\/sites\/198\/2025\/03\/PSOE-CERCEDA-31-de-marzo-2-1536x1024.jpeg 1536w, https:\/\/agrupacionespsoe.es\/acoruna\/wp-content\/uploads\/sites\/198\/2025\/03\/PSOE-CERCEDA-31-de-marzo-2.jpeg 1824w\" sizes=\"auto, (max-width: 1024px) 100vw, 1024px\" \/><\/figure>\n","protected":false},"excerpt":{"rendered":"<p>-O secretario provincial Bernardo Fern\u00e1ndez e a deputada Silvia Longueira participaron na concentraci\u00f3n convocada polas familias e avanzaron que levar\u00e1n a cuesti\u00f3n ao Parlamento galego O PSdeG-PSOE Provincial da Coru\u00f1a esixe \u00e1 Xunta de Galicia que act\u00fae de inmediato para reparar os danos provocados polo temporal Marti\u00f1o no CPI O Cruce de Cerceda. As\u00ed o &#8230;<\/p>\n","protected":false},"author":282,"featured_media":1307,"comment_status":"open","ping_status":"open","sticky":false,"template":"","format":"standard","meta":{"_jetpack_memberships_contains_paid_content":false,"footnotes":""},"categories":[403,84,111],"tags":[405,80,50,22,285,24,407,159],"class_list":["post-1305","post","type-post","status-publish","format-standard","has-post-thumbnail","hentry","category-cerceda","category-educacion","category-xunta-de-galicia","tag-cerceda","tag-educacion","tag-parlamento-de-galicia","tag-psdeg-psoe","tag-silvia-longueira","tag-socialistas","tag-temporal","tag-xunta-de-galicia"],"yoast_head":"<!-- This site is optimized with the Yoast SEO plugin v24.0 - https:\/\/yoast.com\/wordpress\/plugins\/seo\/ -->\n<title>O PSOE esixe \u00e1 Xunta que act\u00fae de inmediato para reparar os danos provocados polo temporal no CPI O Cruce de Cerceda - Agrupaci\u00f3n Provincial da Coru\u00f1a PSOE<\/title>\n<meta name=\"description\" content=\"O secretario provincial Bernardo Fern\u00e1ndez e a deputada Silvia Longueira participaron na concentraci\u00f3n convocada polas familias e avanzaron que levar\u00e1n a cuesti\u00f3n ao Parlamento galego\" \/>\n<meta name=\"robots\" content=\"index, follow, max-snippet:-1, max-image-preview:large, max-video-preview:-1\" \/>\n<link rel=\"canonical\" href=\"https:\/\/agrupacionespsoe.es\/acoruna\/o-psoe-esixe-a-xunta-que-actua-de-inmediato-para-reparar-os-danos-provocados-polo-temporal-no-cpi-o-cruce-de-cerceda\/\" \/>\n<meta property=\"og:locale\" content=\"es_ES\" \/>\n<meta property=\"og:type\" content=\"article\" \/>\n<meta property=\"og:title\" content=\"O PSOE esixe \u00e1 Xunta que act\u00fae de inmediato para reparar os danos provocados polo temporal no CPI O Cruce de Cerceda - Agrupaci\u00f3n Provincial da Coru\u00f1a PSOE\" \/>\n<meta property=\"og:description\" content=\"O secretario provincial Bernardo Fern\u00e1ndez e a deputada Silvia Longueira participaron na concentraci\u00f3n convocada polas familias e avanzaron que levar\u00e1n a cuesti\u00f3n ao Parlamento galego\" \/>\n<meta property=\"og:url\" content=\"https:\/\/agrupacionespsoe.es\/acoruna\/o-psoe-esixe-a-xunta-que-actua-de-inmediato-para-reparar-os-danos-provocados-polo-temporal-no-cpi-o-cruce-de-cerceda\/\" \/>\n<meta property=\"og:site_name\" content=\"Agrupaci\u00f3n Provincial da Coru\u00f1a PSOE\" \/>\n<meta property=\"article:published_time\" content=\"2025-03-31T14:14:29+00:00\" \/>\n<meta property=\"article:modified_time\" content=\"2025-03-31T14:23:11+00:00\" \/>\n<meta property=\"og:image\" content=\"https:\/\/agrupacionespsoe.es\/acoruna\/wp-content\/uploads\/sites\/198\/2025\/03\/PSOE-CERCEDA-31-de-marzo.jpeg\" \/>\n\t<meta property=\"og:image:width\" content=\"1824\" \/>\n\t<meta property=\"og:image:height\" content=\"1216\" \/>\n\t<meta property=\"og:image:type\" content=\"image\/jpeg\" \/>\n<meta name=\"author\" content=\"Olympia M\u00e9ndez\" \/>\n<meta name=\"twitter:card\" content=\"summary_large_image\" \/>\n<meta name=\"twitter:label1\" content=\"Escrito por\" \/>\n\t<meta name=\"twitter:data1\" content=\"Olympia M\u00e9ndez\" \/>\n\t<meta name=\"twitter:label2\" content=\"Tiempo de lectura\" \/>\n\t<meta name=\"twitter:data2\" content=\"2 minutos\" \/>\n<script type=\"application\/ld+json\" class=\"yoast-schema-graph\">{\"@context\":\"https:\/\/schema.org\",\"@graph\":[{\"@type\":\"Article\",\"@id\":\"https:\/\/agrupacionespsoe.es\/acoruna\/o-psoe-esixe-a-xunta-que-actua-de-inmediato-para-reparar-os-danos-provocados-polo-temporal-no-cpi-o-cruce-de-cerceda\/#article\",\"isPartOf\":{\"@id\":\"https:\/\/agrupacionespsoe.es\/acoruna\/o-psoe-esixe-a-xunta-que-actua-de-inmediato-para-reparar-os-danos-provocados-polo-temporal-no-cpi-o-cruce-de-cerceda\/\"},\"author\":{\"name\":\"Olympia M\u00e9ndez\",\"@id\":\"https:\/\/agrupacionespsoe.es\/acoruna\/#\/schema\/person\/dbf2b36187b136d06a53f7937d5d5af9\"},\"headline\":\"O PSOE esixe \u00e1 Xunta que act\u00fae de inmediato para reparar os danos provocados polo temporal no CPI O Cruce de Cerceda\",\"datePublished\":\"2025-03-31T14:14:29+00:00\",\"dateModified\":\"2025-03-31T14:23:11+00:00\",\"mainEntityOfPage\":{\"@id\":\"https:\/\/agrupacionespsoe.es\/acoruna\/o-psoe-esixe-a-xunta-que-actua-de-inmediato-para-reparar-os-danos-provocados-polo-temporal-no-cpi-o-cruce-de-cerceda\/\"},\"wordCount\":388,\"commentCount\":0,\"publisher\":{\"@id\":\"https:\/\/agrupacionespsoe.es\/acoruna\/#organization\"},\"image\":{\"@id\":\"https:\/\/agrupacionespsoe.es\/acoruna\/o-psoe-esixe-a-xunta-que-actua-de-inmediato-para-reparar-os-danos-provocados-polo-temporal-no-cpi-o-cruce-de-cerceda\/#primaryimage\"},\"thumbnailUrl\":\"https:\/\/agrupacionespsoe.es\/acoruna\/wp-content\/uploads\/sites\/198\/2025\/03\/PSOE-CERCEDA-31-de-marzo.jpeg\",\"keywords\":[\"Cerceda\",\"Educaci\u00f3n\",\"Parlamento de Galicia\",\"PSdeG-PSOE\",\"Silvia Longueira\",\"Socialistas\",\"Temporal\",\"Xunta de Galicia\"],\"articleSection\":[\"Cerceda\",\"Educaci\u00f3n\",\"Xunta de Galicia\"],\"inLanguage\":\"es\",\"potentialAction\":[{\"@type\":\"CommentAction\",\"name\":\"Comment\",\"target\":[\"https:\/\/agrupacionespsoe.es\/acoruna\/o-psoe-esixe-a-xunta-que-actua-de-inmediato-para-reparar-os-danos-provocados-polo-temporal-no-cpi-o-cruce-de-cerceda\/#respond\"]}]},{\"@type\":\"WebPage\",\"@id\":\"https:\/\/agrupacionespsoe.es\/acoruna\/o-psoe-esixe-a-xunta-que-actua-de-inmediato-para-reparar-os-danos-provocados-polo-temporal-no-cpi-o-cruce-de-cerceda\/\",\"url\":\"https:\/\/agrupacionespsoe.es\/acoruna\/o-psoe-esixe-a-xunta-que-actua-de-inmediato-para-reparar-os-danos-provocados-polo-temporal-no-cpi-o-cruce-de-cerceda\/\",\"name\":\"O PSOE esixe \u00e1 Xunta que act\u00fae de inmediato para reparar os danos provocados polo temporal no CPI O Cruce de Cerceda - Agrupaci\u00f3n Provincial da Coru\u00f1a PSOE\",\"isPartOf\":{\"@id\":\"https:\/\/agrupacionespsoe.es\/acoruna\/#website\"},\"primaryImageOfPage\":{\"@id\":\"https:\/\/agrupacionespsoe.es\/acoruna\/o-psoe-esixe-a-xunta-que-actua-de-inmediato-para-reparar-os-danos-provocados-polo-temporal-no-cpi-o-cruce-de-cerceda\/#primaryimage\"},\"image\":{\"@id\":\"https:\/\/agrupacionespsoe.es\/acoruna\/o-psoe-esixe-a-xunta-que-actua-de-inmediato-para-reparar-os-danos-provocados-polo-temporal-no-cpi-o-cruce-de-cerceda\/#primaryimage\"},\"thumbnailUrl\":\"https:\/\/agrupacionespsoe.es\/acoruna\/wp-content\/uploads\/sites\/198\/2025\/03\/PSOE-CERCEDA-31-de-marzo.jpeg\",\"datePublished\":\"2025-03-31T14:14:29+00:00\",\"dateModified\":\"2025-03-31T14:23:11+00:00\",\"description\":\"O secretario provincial Bernardo Fern\u00e1ndez e a deputada Silvia Longueira participaron na concentraci\u00f3n convocada polas familias e avanzaron que levar\u00e1n a cuesti\u00f3n ao Parlamento galego\",\"breadcrumb\":{\"@id\":\"https:\/\/agrupacionespsoe.es\/acoruna\/o-psoe-esixe-a-xunta-que-actua-de-inmediato-para-reparar-os-danos-provocados-polo-temporal-no-cpi-o-cruce-de-cerceda\/#breadcrumb\"},\"inLanguage\":\"es\",\"potentialAction\":[{\"@type\":\"ReadAction\",\"target\":[\"https:\/\/agrupacionespsoe.es\/acoruna\/o-psoe-esixe-a-xunta-que-actua-de-inmediato-para-reparar-os-danos-provocados-polo-temporal-no-cpi-o-cruce-de-cerceda\/\"]}]},{\"@type\":\"ImageObject\",\"inLanguage\":\"es\",\"@id\":\"https:\/\/agrupacionespsoe.es\/acoruna\/o-psoe-esixe-a-xunta-que-actua-de-inmediato-para-reparar-os-danos-provocados-polo-temporal-no-cpi-o-cruce-de-cerceda\/#primaryimage\",\"url\":\"https:\/\/agrupacionespsoe.es\/acoruna\/wp-content\/uploads\/sites\/198\/2025\/03\/PSOE-CERCEDA-31-de-marzo.jpeg\",\"contentUrl\":\"https:\/\/agrupacionespsoe.es\/acoruna\/wp-content\/uploads\/sites\/198\/2025\/03\/PSOE-CERCEDA-31-de-marzo.jpeg\",\"width\":1824,\"height\":1216},{\"@type\":\"BreadcrumbList\",\"@id\":\"https:\/\/agrupacionespsoe.es\/acoruna\/o-psoe-esixe-a-xunta-que-actua-de-inmediato-para-reparar-os-danos-provocados-polo-temporal-no-cpi-o-cruce-de-cerceda\/#breadcrumb\",\"itemListElement\":[{\"@type\":\"ListItem\",\"position\":1,\"name\":\"Portada\",\"item\":\"https:\/\/agrupacionespsoe.es\/acoruna\/\"},{\"@type\":\"ListItem\",\"position\":2,\"name\":\"O PSOE esixe \u00e1 Xunta que act\u00fae de inmediato para reparar os danos provocados polo temporal no CPI O Cruce de Cerceda\"}]},{\"@type\":\"WebSite\",\"@id\":\"https:\/\/agrupacionespsoe.es\/acoruna\/#website\",\"url\":\"https:\/\/agrupacionespsoe.es\/acoruna\/\",\"name\":\"Agrupaci\u00f3n Provincial da Coru\u00f1a PSOE\",\"description\":\"Provincial PSdeG-PSOE da Coru\u00f1a\",\"publisher\":{\"@id\":\"https:\/\/agrupacionespsoe.es\/acoruna\/#organization\"},\"potentialAction\":[{\"@type\":\"SearchAction\",\"target\":{\"@type\":\"EntryPoint\",\"urlTemplate\":\"https:\/\/agrupacionespsoe.es\/acoruna\/?s={search_term_string}\"},\"query-input\":{\"@type\":\"PropertyValueSpecification\",\"valueRequired\":true,\"valueName\":\"search_term_string\"}}],\"inLanguage\":\"es\"},{\"@type\":\"Organization\",\"@id\":\"https:\/\/agrupacionespsoe.es\/acoruna\/#organization\",\"name\":\"Agrupaci\u00f3n Provincial da Coru\u00f1a PSOE\",\"url\":\"https:\/\/agrupacionespsoe.es\/acoruna\/\",\"logo\":{\"@type\":\"ImageObject\",\"inLanguage\":\"es\",\"@id\":\"https:\/\/agrupacionespsoe.es\/acoruna\/#\/schema\/logo\/image\/\",\"url\":\"https:\/\/agrupacionespsoe.es\/wp-content\/uploads\/2022\/07\/Logotipo_electoral_del_PSOE.png\",\"contentUrl\":\"https:\/\/agrupacionespsoe.es\/wp-content\/uploads\/2022\/07\/Logotipo_electoral_del_PSOE.png\",\"width\":422,\"height\":422,\"caption\":\"Agrupaci\u00f3n Provincial da Coru\u00f1a PSOE\"},\"image\":{\"@id\":\"https:\/\/agrupacionespsoe.es\/acoruna\/#\/schema\/logo\/image\/\"}},{\"@type\":\"Person\",\"@id\":\"https:\/\/agrupacionespsoe.es\/acoruna\/#\/schema\/person\/dbf2b36187b136d06a53f7937d5d5af9\",\"name\":\"Olympia M\u00e9ndez\",\"image\":{\"@type\":\"ImageObject\",\"inLanguage\":\"es\",\"@id\":\"https:\/\/agrupacionespsoe.es\/acoruna\/#\/schema\/person\/image\/\",\"url\":\"https:\/\/secure.gravatar.com\/avatar\/12db1fb8bfe20deb7a2d4ddc95b9042b?s=96&d=mm&r=g\",\"contentUrl\":\"https:\/\/secure.gravatar.com\/avatar\/12db1fb8bfe20deb7a2d4ddc95b9042b?s=96&d=mm&r=g\",\"caption\":\"Olympia M\u00e9ndez\"},\"url\":\"https:\/\/agrupacionespsoe.es\/acoruna\/author\/acoruna2\/\"}]}<\/script>\n<!-- \/ Yoast SEO plugin. -->","yoast_head_json":{"title":"O PSOE esixe \u00e1 Xunta que act\u00fae de inmediato para reparar os danos provocados polo temporal no CPI O Cruce de Cerceda - Agrupaci\u00f3n Provincial da Coru\u00f1a PSOE","description":"O secretario provincial Bernardo Fern\u00e1ndez e a deputada Silvia Longueira participaron na concentraci\u00f3n convocada polas familias e avanzaron que levar\u00e1n a cuesti\u00f3n ao Parlamento galego","robots":{"index":"index","follow":"follow","max-snippet":"max-snippet:-1","max-image-preview":"max-image-preview:large","max-video-preview":"max-video-preview:-1"},"canonical":"https:\/\/agrupacionespsoe.es\/acoruna\/o-psoe-esixe-a-xunta-que-actua-de-inmediato-para-reparar-os-danos-provocados-polo-temporal-no-cpi-o-cruce-de-cerceda\/","og_locale":"es_ES","og_type":"article","og_title":"O PSOE esixe \u00e1 Xunta que act\u00fae de inmediato para reparar os danos provocados polo temporal no CPI O Cruce de Cerceda - Agrupaci\u00f3n Provincial da Coru\u00f1a PSOE","og_description":"O secretario provincial Bernardo Fern\u00e1ndez e a deputada Silvia Longueira participaron na concentraci\u00f3n convocada polas familias e avanzaron que levar\u00e1n a cuesti\u00f3n ao Parlamento galego","og_url":"https:\/\/agrupacionespsoe.es\/acoruna\/o-psoe-esixe-a-xunta-que-actua-de-inmediato-para-reparar-os-danos-provocados-polo-temporal-no-cpi-o-cruce-de-cerceda\/","og_site_name":"Agrupaci\u00f3n Provincial da Coru\u00f1a PSOE","article_published_time":"2025-03-31T14:14:29+00:00","article_modified_time":"2025-03-31T14:23:11+00:00","og_image":[{"width":1824,"height":1216,"url":"https:\/\/agrupacionespsoe.es\/acoruna\/wp-content\/uploads\/sites\/198\/2025\/03\/PSOE-CERCEDA-31-de-marzo.jpeg","type":"image\/jpeg"}],"author":"Olympia M\u00e9ndez","twitter_card":"summary_large_image","twitter_misc":{"Escrito por":"Olympia M\u00e9ndez","Tiempo de lectura":"2 minutos"},"schema":{"@context":"https:\/\/schema.org","@graph":[{"@type":"Article","@id":"https:\/\/agrupacionespsoe.es\/acoruna\/o-psoe-esixe-a-xunta-que-actua-de-inmediato-para-reparar-os-danos-provocados-polo-temporal-no-cpi-o-cruce-de-cerceda\/#article","isPartOf":{"@id":"https:\/\/agrupacionespsoe.es\/acoruna\/o-psoe-esixe-a-xunta-que-actua-de-inmediato-para-reparar-os-danos-provocados-polo-temporal-no-cpi-o-cruce-de-cerceda\/"},"author":{"name":"Olympia M\u00e9ndez","@id":"https:\/\/agrupacionespsoe.es\/acoruna\/#\/schema\/person\/dbf2b36187b136d06a53f7937d5d5af9"},"headline":"O PSOE esixe \u00e1 Xunta que act\u00fae de inmediato para reparar os danos provocados polo temporal no CPI O Cruce de Cerceda","datePublished":"2025-03-31T14:14:29+00:00","dateModified":"2025-03-31T14:23:11+00:00","mainEntityOfPage":{"@id":"https:\/\/agrupacionespsoe.es\/acoruna\/o-psoe-esixe-a-xunta-que-actua-de-inmediato-para-reparar-os-danos-provocados-polo-temporal-no-cpi-o-cruce-de-cerceda\/"},"wordCount":388,"commentCount":0,"publisher":{"@id":"https:\/\/agrupacionespsoe.es\/acoruna\/#organization"},"image":{"@id":"https:\/\/agrupacionespsoe.es\/acoruna\/o-psoe-esixe-a-xunta-que-actua-de-inmediato-para-reparar-os-danos-provocados-polo-temporal-no-cpi-o-cruce-de-cerceda\/#primaryimage"},"thumbnailUrl":"https:\/\/agrupacionespsoe.es\/acoruna\/wp-content\/uploads\/sites\/198\/2025\/03\/PSOE-CERCEDA-31-de-marzo.jpeg","keywords":["Cerceda","Educaci\u00f3n","Parlamento de Galicia","PSdeG-PSOE","Silvia Longueira","Socialistas","Temporal","Xunta de Galicia"],"articleSection":["Cerceda","Educaci\u00f3n","Xunta de Galicia"],"inLanguage":"es","potentialAction":[{"@type":"CommentAction","name":"Comment","target":["https:\/\/agrupacionespsoe.es\/acoruna\/o-psoe-esixe-a-xunta-que-actua-de-inmediato-para-reparar-os-danos-provocados-polo-temporal-no-cpi-o-cruce-de-cerceda\/#respond"]}]},{"@type":"WebPage","@id":"https:\/\/agrupacionespsoe.es\/acoruna\/o-psoe-esixe-a-xunta-que-actua-de-inmediato-para-reparar-os-danos-provocados-polo-temporal-no-cpi-o-cruce-de-cerceda\/","url":"https:\/\/agrupacionespsoe.es\/acoruna\/o-psoe-esixe-a-xunta-que-actua-de-inmediato-para-reparar-os-danos-provocados-polo-temporal-no-cpi-o-cruce-de-cerceda\/","name":"O PSOE esixe \u00e1 Xunta que act\u00fae de inmediato para reparar os danos provocados polo temporal no CPI O Cruce de Cerceda - Agrupaci\u00f3n Provincial da Coru\u00f1a PSOE","isPartOf":{"@id":"https:\/\/agrupacionespsoe.es\/acoruna\/#website"},"primaryImageOfPage":{"@id":"https:\/\/agrupacionespsoe.es\/acoruna\/o-psoe-esixe-a-xunta-que-actua-de-inmediato-para-reparar-os-danos-provocados-polo-temporal-no-cpi-o-cruce-de-cerceda\/#primaryimage"},"image":{"@id":"https:\/\/agrupacionespsoe.es\/acoruna\/o-psoe-esixe-a-xunta-que-actua-de-inmediato-para-reparar-os-danos-provocados-polo-temporal-no-cpi-o-cruce-de-cerceda\/#primaryimage"},"thumbnailUrl":"https:\/\/agrupacionespsoe.es\/acoruna\/wp-content\/uploads\/sites\/198\/2025\/03\/PSOE-CERCEDA-31-de-marzo.jpeg","datePublished":"2025-03-31T14:14:29+00:00","dateModified":"2025-03-31T14:23:11+00:00","description":"O secretario provincial Bernardo Fern\u00e1ndez e a deputada Silvia Longueira participaron na concentraci\u00f3n convocada polas familias e avanzaron que levar\u00e1n a cuesti\u00f3n ao Parlamento galego","breadcrumb":{"@id":"https:\/\/agrupacionespsoe.es\/acoruna\/o-psoe-esixe-a-xunta-que-actua-de-inmediato-para-reparar-os-danos-provocados-polo-temporal-no-cpi-o-cruce-de-cerceda\/#breadcrumb"},"inLanguage":"es","potentialAction":[{"@type":"ReadAction","target":["https:\/\/agrupacionespsoe.es\/acoruna\/o-psoe-esixe-a-xunta-que-actua-de-inmediato-para-reparar-os-danos-provocados-polo-temporal-no-cpi-o-cruce-de-cerceda\/"]}]},{"@type":"ImageObject","inLanguage":"es","@id":"https:\/\/agrupacionespsoe.es\/acoruna\/o-psoe-esixe-a-xunta-que-actua-de-inmediato-para-reparar-os-danos-provocados-polo-temporal-no-cpi-o-cruce-de-cerceda\/#primaryimage","url":"https:\/\/agrupacionespsoe.es\/acoruna\/wp-content\/uploads\/sites\/198\/2025\/03\/PSOE-CERCEDA-31-de-marzo.jpeg","contentUrl":"https:\/\/agrupacionespsoe.es\/acoruna\/wp-content\/uploads\/sites\/198\/2025\/03\/PSOE-CERCEDA-31-de-marzo.jpeg","width":1824,"height":1216},{"@type":"BreadcrumbList","@id":"https:\/\/agrupacionespsoe.es\/acoruna\/o-psoe-esixe-a-xunta-que-actua-de-inmediato-para-reparar-os-danos-provocados-polo-temporal-no-cpi-o-cruce-de-cerceda\/#breadcrumb","itemListElement":[{"@type":"ListItem","position":1,"name":"Portada","item":"https:\/\/agrupacionespsoe.es\/acoruna\/"},{"@type":"ListItem","position":2,"name":"O PSOE esixe \u00e1 Xunta que act\u00fae de inmediato para reparar os danos provocados polo temporal no CPI O Cruce de Cerceda"}]},{"@type":"WebSite","@id":"https:\/\/agrupacionespsoe.es\/acoruna\/#website","url":"https:\/\/agrupacionespsoe.es\/acoruna\/","name":"Agrupaci\u00f3n Provincial da Coru\u00f1a PSOE","description":"Provincial PSdeG-PSOE da Coru\u00f1a","publisher":{"@id":"https:\/\/agrupacionespsoe.es\/acoruna\/#organization"},"potentialAction":[{"@type":"SearchAction","target":{"@type":"EntryPoint","urlTemplate":"https:\/\/agrupacionespsoe.es\/acoruna\/?s={search_term_string}"},"query-input":{"@type":"PropertyValueSpecification","valueRequired":true,"valueName":"search_term_string"}}],"inLanguage":"es"},{"@type":"Organization","@id":"https:\/\/agrupacionespsoe.es\/acoruna\/#organization","name":"Agrupaci\u00f3n Provincial da Coru\u00f1a PSOE","url":"https:\/\/agrupacionespsoe.es\/acoruna\/","logo":{"@type":"ImageObject","inLanguage":"es","@id":"https:\/\/agrupacionespsoe.es\/acoruna\/#\/schema\/logo\/image\/","url":"https:\/\/agrupacionespsoe.es\/wp-content\/uploads\/2022\/07\/Logotipo_electoral_del_PSOE.png","contentUrl":"https:\/\/agrupacionespsoe.es\/wp-content\/uploads\/2022\/07\/Logotipo_electoral_del_PSOE.png","width":422,"height":422,"caption":"Agrupaci\u00f3n Provincial da Coru\u00f1a PSOE"},"image":{"@id":"https:\/\/agrupacionespsoe.es\/acoruna\/#\/schema\/logo\/image\/"}},{"@type":"Person","@id":"https:\/\/agrupacionespsoe.es\/acoruna\/#\/schema\/person\/dbf2b36187b136d06a53f7937d5d5af9","name":"Olympia M\u00e9ndez","image":{"@type":"ImageObject","inLanguage":"es","@id":"https:\/\/agrupacionespsoe.es\/acoruna\/#\/schema\/person\/image\/","url":"https:\/\/secure.gravatar.com\/avatar\/12db1fb8bfe20deb7a2d4ddc95b9042b?s=96&d=mm&r=g","contentUrl":"https:\/\/secure.gravatar.com\/avatar\/12db1fb8bfe20deb7a2d4ddc95b9042b?s=96&d=mm&r=g","caption":"Olympia M\u00e9ndez"},"url":"https:\/\/agrupacionespsoe.es\/acoruna\/author\/acoruna2\/"}]}},"jetpack_featured_media_url":"https:\/\/agrupacionespsoe.es\/acoruna\/wp-content\/uploads\/sites\/198\/2025\/03\/PSOE-CERCEDA-31-de-marzo.jpeg","jetpack_sharing_enabled":true,"jetpack_likes_enabled":true,"_links":{"self":[{"href":"https:\/\/agrupacionespsoe.es\/acoruna\/wp-json\/wp\/v2\/posts\/1305","targetHints":{"allow":["GET"]}}],"collection":[{"href":"https:\/\/agrupacionespsoe.es\/acoruna\/wp-json\/wp\/v2\/posts"}],"about":[{"href":"https:\/\/agrupacionespsoe.es\/acoruna\/wp-json\/wp\/v2\/types\/post"}],"author":[{"embeddable":true,"href":"https:\/\/agrupacionespsoe.es\/acoruna\/wp-json\/wp\/v2\/users\/282"}],"replies":[{"embeddable":true,"href":"https:\/\/agrupacionespsoe.es\/acoruna\/wp-json\/wp\/v2\/comments?post=1305"}],"version-history":[{"count":3,"href":"https:\/\/agrupacionespsoe.es\/acoruna\/wp-json\/wp\/v2\/posts\/1305\/revisions"}],"predecessor-version":[{"id":1312,"href":"https:\/\/agrupacionespsoe.es\/acoruna\/wp-json\/wp\/v2\/posts\/1305\/revisions\/1312"}],"wp:featuredmedia":[{"embeddable":true,"href":"https:\/\/agrupacionespsoe.es\/acoruna\/wp-json\/wp\/v2\/media\/1307"}],"wp:attachment":[{"href":"https:\/\/agrupacionespsoe.es\/acoruna\/wp-json\/wp\/v2\/media?parent=1305"}],"wp:term":[{"taxonomy":"category","embeddable":true,"href":"https:\/\/agrupacionespsoe.es\/acoruna\/wp-json\/wp\/v2\/categories?post=1305"},{"taxonomy":"post_tag","embeddable":true,"href":"https:\/\/agrupacionespsoe.es\/acoruna\/wp-json\/wp\/v2\/tags?post=1305"}],"curies":[{"name":"wp","href":"https:\/\/api.w.org\/{rel}","templated":true}]}}