{"id":1288,"date":"2025-03-24T16:45:36","date_gmt":"2025-03-24T15:45:36","guid":{"rendered":"https:\/\/agrupacionespsoe.es\/acoruna\/?p=1288"},"modified":"2025-03-24T16:45:37","modified_gmt":"2025-03-24T15:45:37","slug":"o-grupo-socialista-reivindica-no-forum-gastronomico-os-produtos-de-proximidade-e-esixelle-a-xunta-que-non-mire-para-outro-lado","status":"publish","type":"post","link":"https:\/\/agrupacionespsoe.es\/acoruna\/o-grupo-socialista-reivindica-no-forum-gastronomico-os-produtos-de-proximidade-e-esixelle-a-xunta-que-non-mire-para-outro-lado\/","title":{"rendered":"O Grupo Socialista reivindica no F\u00f3rum Gastron\u00f3mico os produtos de proximidade e es\u00edxelle \u00e1 Xunta &#8220;que non mire para outro lado&#8221;"},"content":{"rendered":"\n<p><strong>O PSdeG acadou a unanimidade no Parlamento para que o Goberno galego prime o emprego de produtos quil\u00f3metro cero nas contrataci\u00f3ns para os comedores p\u00fablicos<\/strong><\/p>\n\n\n\n<p><strong>Os deputados Patricia Iglesias, Julio Abalde e Silvia Longueira apoiaron na s\u00faa visita \u00e1 feira aos produtores locais<\/strong><\/p>\n\n\n\n<section class=\"wp-block-psoe-separador bg-primary px-2\"><hr class=\"color-white bg-white opacity-1 h-[1px] w-full\" \/><\/section>\n\n\n\n<p class=\"has-medium-font-size\">Os deputados socialistas Patricia Iglesias, Julio Abalde, e Silvia Longueira reivindicaron hoxe no Forum Gastron\u00f3mico de Galicia, que se celebra na Coru\u00f1a, os produtos locais polo seu potencial econ\u00f3mico para a comunidade e o seu maior respecto ao medio ambiente. Durante a s\u00faa visita \u00e1 feira, Iglesias recordou que hai escasamente un mes o Parlamento aut\u00f3nomo aprobou unha iniciativa do Grupo Socialista a trav\u00e9s da que se insta \u00e1 Xunta a valorar os produtos de proximidade nas s\u00faas contrataci\u00f3ns para comedores e servizos de c\u00e1tering, como son os dos centros escolares, hospitais e residencias p\u00fablicos.<\/p>\n\n\n\n<p class=\"has-medium-font-size\">A deputada defendeu que o obxectivo do PSdeG non \u00e9 s\u00f3 apoiar as econom\u00edas locais, sen\u00f3n que tam\u00e9n se trata \u201cdunha cuesti\u00f3n medioambiental\u201d, posto que se reduce a pegada de carbono que deixan os alimentos. \u201cNos, as e os socialistas de Galicia, cremos nos produtos da nosa terra, pola importancia do noso sector primario, no que somos unha potencia, e polos beneneficios que te\u00f1en sobre o medio ambiente\u201d, engadiu. Por iso, \u201ca Xunta non pode mirar para outro lado\u201d, afirmou.<\/p>\n\n\n\n<p class=\"has-medium-font-size\">Abalde, como portavoz socialista de educaci\u00f3n e de pesca na C\u00e1mara galega, sinalou a importancia de que os alimentos de quil\u00f3metro cero cheguen aos comedores escolares, \u201conde as rapazas e os rapaces aprenden os h\u00e1bitos alimenticios\u201d. Destacou, ao mesmo tempo, os beneficios de que nenas e nenos \u201cse acostumen a comer peixes peixes, pero peixes galegos\u201d. \u201c\u00c9 crucial que a Xunta po\u00f1a especial interese en que al\u00ed se consuman produtos de proximidade, e non s\u00f3 os procedentes da agricultura e da gander\u00eda, sen\u00f3n tam\u00e9n os da pesca\u201d, insistiu.<\/p>\n\n\n\n<p class=\"has-medium-font-size\">De feito, o Grupo do PSdeG impulsou tam\u00e9n diversas iniciativas nas que se reclama que as capturas dos barcos galegos te\u00f1an unha maior presenza nos men\u00fas que se serven nas escolas e nos colexios. \u201cEstamos aqu\u00ed para apoiar a toda esta xente e empresas vinculadas aos produtos da nosa terra, que forman parte esencial do futuro econ\u00f3mico de Galicia, e traballaremos para que estes emprendedores sigan contribu\u00edndo \u00e1 econom\u00eda que necesitamos en Galicia\u201d, insistiu o deputado socialista.<\/p>\n\n\n\n<figure class=\"wp-block-image size-large\"><img loading=\"lazy\" decoding=\"async\" width=\"1024\" height=\"767\" src=\"https:\/\/agrupacionespsoe.es\/acoruna\/wp-content\/uploads\/sites\/198\/2025\/03\/ForumGastronomico_01-1024x767.jpeg\" alt=\"\" class=\"wp-image-1290\" srcset=\"https:\/\/agrupacionespsoe.es\/acoruna\/wp-content\/uploads\/sites\/198\/2025\/03\/ForumGastronomico_01-1024x767.jpeg 1024w, https:\/\/agrupacionespsoe.es\/acoruna\/wp-content\/uploads\/sites\/198\/2025\/03\/ForumGastronomico_01-300x225.jpeg 300w, https:\/\/agrupacionespsoe.es\/acoruna\/wp-content\/uploads\/sites\/198\/2025\/03\/ForumGastronomico_01-768x575.jpeg 768w, https:\/\/agrupacionespsoe.es\/acoruna\/wp-content\/uploads\/sites\/198\/2025\/03\/ForumGastronomico_01-1536x1150.jpeg 1536w, https:\/\/agrupacionespsoe.es\/acoruna\/wp-content\/uploads\/sites\/198\/2025\/03\/ForumGastronomico_01-2048x1534.jpeg 2048w\" sizes=\"auto, (max-width: 1024px) 100vw, 1024px\" \/><\/figure>\n","protected":false},"excerpt":{"rendered":"<p>O PSdeG acadou a unanimidade no Parlamento para que o Goberno galego prime o emprego de produtos quil\u00f3metro cero nas contrataci\u00f3ns para os comedores p\u00fablicos Os deputados Patricia Iglesias, Julio Abalde e Silvia Longueira apoiaron na s\u00faa visita \u00e1 feira aos produtores locais Os deputados socialistas Patricia Iglesias, Julio Abalde, e Silvia Longueira reivindicaron hoxe &#8230;<\/p>\n","protected":false},"author":282,"featured_media":1289,"comment_status":"open","ping_status":"open","sticky":false,"template":"","format":"standard","meta":{"_jetpack_memberships_contains_paid_content":false,"footnotes":""},"categories":[2,68],"tags":[70,50,54,22,285,24],"class_list":["post-1288","post","type-post","status-publish","format-standard","has-post-thumbnail","hentry","category-economia-gl","category-parlamento-de-galicia","tag-julio-abalde","tag-parlamento-de-galicia","tag-patricia-iglesias","tag-psdeg-psoe","tag-silvia-longueira","tag-socialistas"],"yoast_head":"<!-- This site is optimized with the Yoast SEO plugin v24.0 - https:\/\/yoast.com\/wordpress\/plugins\/seo\/ -->\n<title>O Grupo Socialista reivindica no F\u00f3rum Gastron\u00f3mico os produtos de proximidade e es\u00edxelle \u00e1 Xunta &quot;que non mire para outro lado&quot; - Agrupaci\u00f3n Provincial da Coru\u00f1a PSOE<\/title>\n<meta name=\"description\" content=\"O PSdeG acadou a unanimidade no Parlamento para que o Goberno galego prime o emprego de produtos quil\u00f3metro cero nas contrataci\u00f3ns para os comedores p\u00fablicos\" \/>\n<meta name=\"robots\" content=\"index, follow, max-snippet:-1, max-image-preview:large, max-video-preview:-1\" \/>\n<link rel=\"canonical\" href=\"https:\/\/agrupacionespsoe.es\/acoruna\/o-grupo-socialista-reivindica-no-forum-gastronomico-os-produtos-de-proximidade-e-esixelle-a-xunta-que-non-mire-para-outro-lado\/\" \/>\n<meta property=\"og:locale\" content=\"es_ES\" \/>\n<meta property=\"og:type\" content=\"article\" \/>\n<meta property=\"og:title\" content=\"O Grupo Socialista reivindica no F\u00f3rum Gastron\u00f3mico os produtos de proximidade e es\u00edxelle \u00e1 Xunta &quot;que non mire para outro lado&quot; - Agrupaci\u00f3n Provincial da Coru\u00f1a PSOE\" \/>\n<meta property=\"og:description\" content=\"O PSdeG acadou a unanimidade no Parlamento para que o Goberno galego prime o emprego de produtos quil\u00f3metro cero nas contrataci\u00f3ns para os comedores p\u00fablicos\" \/>\n<meta property=\"og:url\" content=\"https:\/\/agrupacionespsoe.es\/acoruna\/o-grupo-socialista-reivindica-no-forum-gastronomico-os-produtos-de-proximidade-e-esixelle-a-xunta-que-non-mire-para-outro-lado\/\" \/>\n<meta property=\"og:site_name\" content=\"Agrupaci\u00f3n Provincial da Coru\u00f1a PSOE\" \/>\n<meta property=\"article:published_time\" content=\"2025-03-24T15:45:36+00:00\" \/>\n<meta property=\"article:modified_time\" content=\"2025-03-24T15:45:37+00:00\" \/>\n<meta property=\"og:image\" content=\"https:\/\/agrupacionespsoe.es\/acoruna\/wp-content\/uploads\/sites\/198\/2025\/03\/ForumGastronomico_02-scaled.jpeg\" \/>\n\t<meta property=\"og:image:width\" content=\"2560\" \/>\n\t<meta property=\"og:image:height\" content=\"1617\" \/>\n\t<meta property=\"og:image:type\" content=\"image\/jpeg\" \/>\n<meta name=\"author\" content=\"Olympia M\u00e9ndez\" \/>\n<meta name=\"twitter:card\" content=\"summary_large_image\" \/>\n<meta name=\"twitter:label1\" content=\"Escrito por\" \/>\n\t<meta name=\"twitter:data1\" content=\"Olympia M\u00e9ndez\" \/>\n\t<meta name=\"twitter:label2\" content=\"Tiempo de lectura\" \/>\n\t<meta name=\"twitter:data2\" content=\"3 minutos\" \/>\n<script type=\"application\/ld+json\" class=\"yoast-schema-graph\">{\"@context\":\"https:\/\/schema.org\",\"@graph\":[{\"@type\":\"Article\",\"@id\":\"https:\/\/agrupacionespsoe.es\/acoruna\/o-grupo-socialista-reivindica-no-forum-gastronomico-os-produtos-de-proximidade-e-esixelle-a-xunta-que-non-mire-para-outro-lado\/#article\",\"isPartOf\":{\"@id\":\"https:\/\/agrupacionespsoe.es\/acoruna\/o-grupo-socialista-reivindica-no-forum-gastronomico-os-produtos-de-proximidade-e-esixelle-a-xunta-que-non-mire-para-outro-lado\/\"},\"author\":{\"name\":\"Olympia M\u00e9ndez\",\"@id\":\"https:\/\/agrupacionespsoe.es\/acoruna\/#\/schema\/person\/dbf2b36187b136d06a53f7937d5d5af9\"},\"headline\":\"O Grupo Socialista reivindica no F\u00f3rum Gastron\u00f3mico os produtos de proximidade e es\u00edxelle \u00e1 Xunta &#8220;que non mire para outro lado&#8221;\",\"datePublished\":\"2025-03-24T15:45:36+00:00\",\"dateModified\":\"2025-03-24T15:45:37+00:00\",\"mainEntityOfPage\":{\"@id\":\"https:\/\/agrupacionespsoe.es\/acoruna\/o-grupo-socialista-reivindica-no-forum-gastronomico-os-produtos-de-proximidade-e-esixelle-a-xunta-que-non-mire-para-outro-lado\/\"},\"wordCount\":433,\"commentCount\":0,\"publisher\":{\"@id\":\"https:\/\/agrupacionespsoe.es\/acoruna\/#organization\"},\"image\":{\"@id\":\"https:\/\/agrupacionespsoe.es\/acoruna\/o-grupo-socialista-reivindica-no-forum-gastronomico-os-produtos-de-proximidade-e-esixelle-a-xunta-que-non-mire-para-outro-lado\/#primaryimage\"},\"thumbnailUrl\":\"https:\/\/agrupacionespsoe.es\/acoruna\/wp-content\/uploads\/sites\/198\/2025\/03\/ForumGastronomico_02-scaled.jpeg\",\"keywords\":[\"Julio Abalde\",\"Parlamento de Galicia\",\"Patricia Iglesias\",\"PSdeG-PSOE\",\"Silvia Longueira\",\"Socialistas\"],\"articleSection\":[\"Econom\u00eda\",\"Parlamento de Galicia\"],\"inLanguage\":\"es\",\"potentialAction\":[{\"@type\":\"CommentAction\",\"name\":\"Comment\",\"target\":[\"https:\/\/agrupacionespsoe.es\/acoruna\/o-grupo-socialista-reivindica-no-forum-gastronomico-os-produtos-de-proximidade-e-esixelle-a-xunta-que-non-mire-para-outro-lado\/#respond\"]}]},{\"@type\":\"WebPage\",\"@id\":\"https:\/\/agrupacionespsoe.es\/acoruna\/o-grupo-socialista-reivindica-no-forum-gastronomico-os-produtos-de-proximidade-e-esixelle-a-xunta-que-non-mire-para-outro-lado\/\",\"url\":\"https:\/\/agrupacionespsoe.es\/acoruna\/o-grupo-socialista-reivindica-no-forum-gastronomico-os-produtos-de-proximidade-e-esixelle-a-xunta-que-non-mire-para-outro-lado\/\",\"name\":\"O Grupo Socialista reivindica no F\u00f3rum Gastron\u00f3mico os produtos de proximidade e es\u00edxelle \u00e1 Xunta \\\"que non mire para outro lado\\\" - Agrupaci\u00f3n Provincial da Coru\u00f1a PSOE\",\"isPartOf\":{\"@id\":\"https:\/\/agrupacionespsoe.es\/acoruna\/#website\"},\"primaryImageOfPage\":{\"@id\":\"https:\/\/agrupacionespsoe.es\/acoruna\/o-grupo-socialista-reivindica-no-forum-gastronomico-os-produtos-de-proximidade-e-esixelle-a-xunta-que-non-mire-para-outro-lado\/#primaryimage\"},\"image\":{\"@id\":\"https:\/\/agrupacionespsoe.es\/acoruna\/o-grupo-socialista-reivindica-no-forum-gastronomico-os-produtos-de-proximidade-e-esixelle-a-xunta-que-non-mire-para-outro-lado\/#primaryimage\"},\"thumbnailUrl\":\"https:\/\/agrupacionespsoe.es\/acoruna\/wp-content\/uploads\/sites\/198\/2025\/03\/ForumGastronomico_02-scaled.jpeg\",\"datePublished\":\"2025-03-24T15:45:36+00:00\",\"dateModified\":\"2025-03-24T15:45:37+00:00\",\"description\":\"O PSdeG acadou a unanimidade no Parlamento para que o Goberno galego prime o emprego de produtos quil\u00f3metro cero nas contrataci\u00f3ns para os comedores p\u00fablicos\",\"breadcrumb\":{\"@id\":\"https:\/\/agrupacionespsoe.es\/acoruna\/o-grupo-socialista-reivindica-no-forum-gastronomico-os-produtos-de-proximidade-e-esixelle-a-xunta-que-non-mire-para-outro-lado\/#breadcrumb\"},\"inLanguage\":\"es\",\"potentialAction\":[{\"@type\":\"ReadAction\",\"target\":[\"https:\/\/agrupacionespsoe.es\/acoruna\/o-grupo-socialista-reivindica-no-forum-gastronomico-os-produtos-de-proximidade-e-esixelle-a-xunta-que-non-mire-para-outro-lado\/\"]}]},{\"@type\":\"ImageObject\",\"inLanguage\":\"es\",\"@id\":\"https:\/\/agrupacionespsoe.es\/acoruna\/o-grupo-socialista-reivindica-no-forum-gastronomico-os-produtos-de-proximidade-e-esixelle-a-xunta-que-non-mire-para-outro-lado\/#primaryimage\",\"url\":\"https:\/\/agrupacionespsoe.es\/acoruna\/wp-content\/uploads\/sites\/198\/2025\/03\/ForumGastronomico_02-scaled.jpeg\",\"contentUrl\":\"https:\/\/agrupacionespsoe.es\/acoruna\/wp-content\/uploads\/sites\/198\/2025\/03\/ForumGastronomico_02-scaled.jpeg\",\"width\":2560,\"height\":1617,\"caption\":\"Julio Abalde e Patricia Iglesias visitan o F\u00f3rum Gastron\u00f3mico\"},{\"@type\":\"BreadcrumbList\",\"@id\":\"https:\/\/agrupacionespsoe.es\/acoruna\/o-grupo-socialista-reivindica-no-forum-gastronomico-os-produtos-de-proximidade-e-esixelle-a-xunta-que-non-mire-para-outro-lado\/#breadcrumb\",\"itemListElement\":[{\"@type\":\"ListItem\",\"position\":1,\"name\":\"Portada\",\"item\":\"https:\/\/agrupacionespsoe.es\/acoruna\/\"},{\"@type\":\"ListItem\",\"position\":2,\"name\":\"O Grupo Socialista reivindica no F\u00f3rum Gastron\u00f3mico os produtos de proximidade e es\u00edxelle \u00e1 Xunta \u00abque non mire para outro lado\u00bb\"}]},{\"@type\":\"WebSite\",\"@id\":\"https:\/\/agrupacionespsoe.es\/acoruna\/#website\",\"url\":\"https:\/\/agrupacionespsoe.es\/acoruna\/\",\"name\":\"Agrupaci\u00f3n Provincial da Coru\u00f1a PSOE\",\"description\":\"Provincial PSdeG-PSOE da Coru\u00f1a\",\"publisher\":{\"@id\":\"https:\/\/agrupacionespsoe.es\/acoruna\/#organization\"},\"potentialAction\":[{\"@type\":\"SearchAction\",\"target\":{\"@type\":\"EntryPoint\",\"urlTemplate\":\"https:\/\/agrupacionespsoe.es\/acoruna\/?s={search_term_string}\"},\"query-input\":{\"@type\":\"PropertyValueSpecification\",\"valueRequired\":true,\"valueName\":\"search_term_string\"}}],\"inLanguage\":\"es\"},{\"@type\":\"Organization\",\"@id\":\"https:\/\/agrupacionespsoe.es\/acoruna\/#organization\",\"name\":\"Agrupaci\u00f3n Provincial da Coru\u00f1a PSOE\",\"url\":\"https:\/\/agrupacionespsoe.es\/acoruna\/\",\"logo\":{\"@type\":\"ImageObject\",\"inLanguage\":\"es\",\"@id\":\"https:\/\/agrupacionespsoe.es\/acoruna\/#\/schema\/logo\/image\/\",\"url\":\"https:\/\/agrupacionespsoe.es\/wp-content\/uploads\/2022\/07\/Logotipo_electoral_del_PSOE.png\",\"contentUrl\":\"https:\/\/agrupacionespsoe.es\/wp-content\/uploads\/2022\/07\/Logotipo_electoral_del_PSOE.png\",\"width\":422,\"height\":422,\"caption\":\"Agrupaci\u00f3n Provincial da Coru\u00f1a PSOE\"},\"image\":{\"@id\":\"https:\/\/agrupacionespsoe.es\/acoruna\/#\/schema\/logo\/image\/\"}},{\"@type\":\"Person\",\"@id\":\"https:\/\/agrupacionespsoe.es\/acoruna\/#\/schema\/person\/dbf2b36187b136d06a53f7937d5d5af9\",\"name\":\"Olympia M\u00e9ndez\",\"image\":{\"@type\":\"ImageObject\",\"inLanguage\":\"es\",\"@id\":\"https:\/\/agrupacionespsoe.es\/acoruna\/#\/schema\/person\/image\/\",\"url\":\"https:\/\/secure.gravatar.com\/avatar\/12db1fb8bfe20deb7a2d4ddc95b9042b?s=96&d=mm&r=g\",\"contentUrl\":\"https:\/\/secure.gravatar.com\/avatar\/12db1fb8bfe20deb7a2d4ddc95b9042b?s=96&d=mm&r=g\",\"caption\":\"Olympia M\u00e9ndez\"},\"url\":\"https:\/\/agrupacionespsoe.es\/acoruna\/author\/acoruna2\/\"}]}<\/script>\n<!-- \/ Yoast SEO plugin. -->","yoast_head_json":{"title":"O Grupo Socialista reivindica no F\u00f3rum Gastron\u00f3mico os produtos de proximidade e es\u00edxelle \u00e1 Xunta \"que non mire para outro lado\" - Agrupaci\u00f3n Provincial da Coru\u00f1a PSOE","description":"O PSdeG acadou a unanimidade no Parlamento para que o Goberno galego prime o emprego de produtos quil\u00f3metro cero nas contrataci\u00f3ns para os comedores p\u00fablicos","robots":{"index":"index","follow":"follow","max-snippet":"max-snippet:-1","max-image-preview":"max-image-preview:large","max-video-preview":"max-video-preview:-1"},"canonical":"https:\/\/agrupacionespsoe.es\/acoruna\/o-grupo-socialista-reivindica-no-forum-gastronomico-os-produtos-de-proximidade-e-esixelle-a-xunta-que-non-mire-para-outro-lado\/","og_locale":"es_ES","og_type":"article","og_title":"O Grupo Socialista reivindica no F\u00f3rum Gastron\u00f3mico os produtos de proximidade e es\u00edxelle \u00e1 Xunta \"que non mire para outro lado\" - Agrupaci\u00f3n Provincial da Coru\u00f1a PSOE","og_description":"O PSdeG acadou a unanimidade no Parlamento para que o Goberno galego prime o emprego de produtos quil\u00f3metro cero nas contrataci\u00f3ns para os comedores p\u00fablicos","og_url":"https:\/\/agrupacionespsoe.es\/acoruna\/o-grupo-socialista-reivindica-no-forum-gastronomico-os-produtos-de-proximidade-e-esixelle-a-xunta-que-non-mire-para-outro-lado\/","og_site_name":"Agrupaci\u00f3n Provincial da Coru\u00f1a PSOE","article_published_time":"2025-03-24T15:45:36+00:00","article_modified_time":"2025-03-24T15:45:37+00:00","og_image":[{"width":2560,"height":1617,"url":"https:\/\/agrupacionespsoe.es\/acoruna\/wp-content\/uploads\/sites\/198\/2025\/03\/ForumGastronomico_02-scaled.jpeg","type":"image\/jpeg"}],"author":"Olympia M\u00e9ndez","twitter_card":"summary_large_image","twitter_misc":{"Escrito por":"Olympia M\u00e9ndez","Tiempo de lectura":"3 minutos"},"schema":{"@context":"https:\/\/schema.org","@graph":[{"@type":"Article","@id":"https:\/\/agrupacionespsoe.es\/acoruna\/o-grupo-socialista-reivindica-no-forum-gastronomico-os-produtos-de-proximidade-e-esixelle-a-xunta-que-non-mire-para-outro-lado\/#article","isPartOf":{"@id":"https:\/\/agrupacionespsoe.es\/acoruna\/o-grupo-socialista-reivindica-no-forum-gastronomico-os-produtos-de-proximidade-e-esixelle-a-xunta-que-non-mire-para-outro-lado\/"},"author":{"name":"Olympia M\u00e9ndez","@id":"https:\/\/agrupacionespsoe.es\/acoruna\/#\/schema\/person\/dbf2b36187b136d06a53f7937d5d5af9"},"headline":"O Grupo Socialista reivindica no F\u00f3rum Gastron\u00f3mico os produtos de proximidade e es\u00edxelle \u00e1 Xunta &#8220;que non mire para outro lado&#8221;","datePublished":"2025-03-24T15:45:36+00:00","dateModified":"2025-03-24T15:45:37+00:00","mainEntityOfPage":{"@id":"https:\/\/agrupacionespsoe.es\/acoruna\/o-grupo-socialista-reivindica-no-forum-gastronomico-os-produtos-de-proximidade-e-esixelle-a-xunta-que-non-mire-para-outro-lado\/"},"wordCount":433,"commentCount":0,"publisher":{"@id":"https:\/\/agrupacionespsoe.es\/acoruna\/#organization"},"image":{"@id":"https:\/\/agrupacionespsoe.es\/acoruna\/o-grupo-socialista-reivindica-no-forum-gastronomico-os-produtos-de-proximidade-e-esixelle-a-xunta-que-non-mire-para-outro-lado\/#primaryimage"},"thumbnailUrl":"https:\/\/agrupacionespsoe.es\/acoruna\/wp-content\/uploads\/sites\/198\/2025\/03\/ForumGastronomico_02-scaled.jpeg","keywords":["Julio Abalde","Parlamento de Galicia","Patricia Iglesias","PSdeG-PSOE","Silvia Longueira","Socialistas"],"articleSection":["Econom\u00eda","Parlamento de Galicia"],"inLanguage":"es","potentialAction":[{"@type":"CommentAction","name":"Comment","target":["https:\/\/agrupacionespsoe.es\/acoruna\/o-grupo-socialista-reivindica-no-forum-gastronomico-os-produtos-de-proximidade-e-esixelle-a-xunta-que-non-mire-para-outro-lado\/#respond"]}]},{"@type":"WebPage","@id":"https:\/\/agrupacionespsoe.es\/acoruna\/o-grupo-socialista-reivindica-no-forum-gastronomico-os-produtos-de-proximidade-e-esixelle-a-xunta-que-non-mire-para-outro-lado\/","url":"https:\/\/agrupacionespsoe.es\/acoruna\/o-grupo-socialista-reivindica-no-forum-gastronomico-os-produtos-de-proximidade-e-esixelle-a-xunta-que-non-mire-para-outro-lado\/","name":"O Grupo Socialista reivindica no F\u00f3rum Gastron\u00f3mico os produtos de proximidade e es\u00edxelle \u00e1 Xunta \"que non mire para outro lado\" - Agrupaci\u00f3n Provincial da Coru\u00f1a PSOE","isPartOf":{"@id":"https:\/\/agrupacionespsoe.es\/acoruna\/#website"},"primaryImageOfPage":{"@id":"https:\/\/agrupacionespsoe.es\/acoruna\/o-grupo-socialista-reivindica-no-forum-gastronomico-os-produtos-de-proximidade-e-esixelle-a-xunta-que-non-mire-para-outro-lado\/#primaryimage"},"image":{"@id":"https:\/\/agrupacionespsoe.es\/acoruna\/o-grupo-socialista-reivindica-no-forum-gastronomico-os-produtos-de-proximidade-e-esixelle-a-xunta-que-non-mire-para-outro-lado\/#primaryimage"},"thumbnailUrl":"https:\/\/agrupacionespsoe.es\/acoruna\/wp-content\/uploads\/sites\/198\/2025\/03\/ForumGastronomico_02-scaled.jpeg","datePublished":"2025-03-24T15:45:36+00:00","dateModified":"2025-03-24T15:45:37+00:00","description":"O PSdeG acadou a unanimidade no Parlamento para que o Goberno galego prime o emprego de produtos quil\u00f3metro cero nas contrataci\u00f3ns para os comedores p\u00fablicos","breadcrumb":{"@id":"https:\/\/agrupacionespsoe.es\/acoruna\/o-grupo-socialista-reivindica-no-forum-gastronomico-os-produtos-de-proximidade-e-esixelle-a-xunta-que-non-mire-para-outro-lado\/#breadcrumb"},"inLanguage":"es","potentialAction":[{"@type":"ReadAction","target":["https:\/\/agrupacionespsoe.es\/acoruna\/o-grupo-socialista-reivindica-no-forum-gastronomico-os-produtos-de-proximidade-e-esixelle-a-xunta-que-non-mire-para-outro-lado\/"]}]},{"@type":"ImageObject","inLanguage":"es","@id":"https:\/\/agrupacionespsoe.es\/acoruna\/o-grupo-socialista-reivindica-no-forum-gastronomico-os-produtos-de-proximidade-e-esixelle-a-xunta-que-non-mire-para-outro-lado\/#primaryimage","url":"https:\/\/agrupacionespsoe.es\/acoruna\/wp-content\/uploads\/sites\/198\/2025\/03\/ForumGastronomico_02-scaled.jpeg","contentUrl":"https:\/\/agrupacionespsoe.es\/acoruna\/wp-content\/uploads\/sites\/198\/2025\/03\/ForumGastronomico_02-scaled.jpeg","width":2560,"height":1617,"caption":"Julio Abalde e Patricia Iglesias visitan o F\u00f3rum Gastron\u00f3mico"},{"@type":"BreadcrumbList","@id":"https:\/\/agrupacionespsoe.es\/acoruna\/o-grupo-socialista-reivindica-no-forum-gastronomico-os-produtos-de-proximidade-e-esixelle-a-xunta-que-non-mire-para-outro-lado\/#breadcrumb","itemListElement":[{"@type":"ListItem","position":1,"name":"Portada","item":"https:\/\/agrupacionespsoe.es\/acoruna\/"},{"@type":"ListItem","position":2,"name":"O Grupo Socialista reivindica no F\u00f3rum Gastron\u00f3mico os produtos de proximidade e es\u00edxelle \u00e1 Xunta \u00abque non mire para outro lado\u00bb"}]},{"@type":"WebSite","@id":"https:\/\/agrupacionespsoe.es\/acoruna\/#website","url":"https:\/\/agrupacionespsoe.es\/acoruna\/","name":"Agrupaci\u00f3n Provincial da Coru\u00f1a PSOE","description":"Provincial PSdeG-PSOE da Coru\u00f1a","publisher":{"@id":"https:\/\/agrupacionespsoe.es\/acoruna\/#organization"},"potentialAction":[{"@type":"SearchAction","target":{"@type":"EntryPoint","urlTemplate":"https:\/\/agrupacionespsoe.es\/acoruna\/?s={search_term_string}"},"query-input":{"@type":"PropertyValueSpecification","valueRequired":true,"valueName":"search_term_string"}}],"inLanguage":"es"},{"@type":"Organization","@id":"https:\/\/agrupacionespsoe.es\/acoruna\/#organization","name":"Agrupaci\u00f3n Provincial da Coru\u00f1a PSOE","url":"https:\/\/agrupacionespsoe.es\/acoruna\/","logo":{"@type":"ImageObject","inLanguage":"es","@id":"https:\/\/agrupacionespsoe.es\/acoruna\/#\/schema\/logo\/image\/","url":"https:\/\/agrupacionespsoe.es\/wp-content\/uploads\/2022\/07\/Logotipo_electoral_del_PSOE.png","contentUrl":"https:\/\/agrupacionespsoe.es\/wp-content\/uploads\/2022\/07\/Logotipo_electoral_del_PSOE.png","width":422,"height":422,"caption":"Agrupaci\u00f3n Provincial da Coru\u00f1a PSOE"},"image":{"@id":"https:\/\/agrupacionespsoe.es\/acoruna\/#\/schema\/logo\/image\/"}},{"@type":"Person","@id":"https:\/\/agrupacionespsoe.es\/acoruna\/#\/schema\/person\/dbf2b36187b136d06a53f7937d5d5af9","name":"Olympia M\u00e9ndez","image":{"@type":"ImageObject","inLanguage":"es","@id":"https:\/\/agrupacionespsoe.es\/acoruna\/#\/schema\/person\/image\/","url":"https:\/\/secure.gravatar.com\/avatar\/12db1fb8bfe20deb7a2d4ddc95b9042b?s=96&d=mm&r=g","contentUrl":"https:\/\/secure.gravatar.com\/avatar\/12db1fb8bfe20deb7a2d4ddc95b9042b?s=96&d=mm&r=g","caption":"Olympia M\u00e9ndez"},"url":"https:\/\/agrupacionespsoe.es\/acoruna\/author\/acoruna2\/"}]}},"jetpack_featured_media_url":"https:\/\/agrupacionespsoe.es\/acoruna\/wp-content\/uploads\/sites\/198\/2025\/03\/ForumGastronomico_02-scaled.jpeg","jetpack_sharing_enabled":true,"jetpack_likes_enabled":true,"_links":{"self":[{"href":"https:\/\/agrupacionespsoe.es\/acoruna\/wp-json\/wp\/v2\/posts\/1288","targetHints":{"allow":["GET"]}}],"collection":[{"href":"https:\/\/agrupacionespsoe.es\/acoruna\/wp-json\/wp\/v2\/posts"}],"about":[{"href":"https:\/\/agrupacionespsoe.es\/acoruna\/wp-json\/wp\/v2\/types\/post"}],"author":[{"embeddable":true,"href":"https:\/\/agrupacionespsoe.es\/acoruna\/wp-json\/wp\/v2\/users\/282"}],"replies":[{"embeddable":true,"href":"https:\/\/agrupacionespsoe.es\/acoruna\/wp-json\/wp\/v2\/comments?post=1288"}],"version-history":[{"count":2,"href":"https:\/\/agrupacionespsoe.es\/acoruna\/wp-json\/wp\/v2\/posts\/1288\/revisions"}],"predecessor-version":[{"id":1292,"href":"https:\/\/agrupacionespsoe.es\/acoruna\/wp-json\/wp\/v2\/posts\/1288\/revisions\/1292"}],"wp:featuredmedia":[{"embeddable":true,"href":"https:\/\/agrupacionespsoe.es\/acoruna\/wp-json\/wp\/v2\/media\/1289"}],"wp:attachment":[{"href":"https:\/\/agrupacionespsoe.es\/acoruna\/wp-json\/wp\/v2\/media?parent=1288"}],"wp:term":[{"taxonomy":"category","embeddable":true,"href":"https:\/\/agrupacionespsoe.es\/acoruna\/wp-json\/wp\/v2\/categories?post=1288"},{"taxonomy":"post_tag","embeddable":true,"href":"https:\/\/agrupacionespsoe.es\/acoruna\/wp-json\/wp\/v2\/tags?post=1288"}],"curies":[{"name":"wp","href":"https:\/\/api.w.org\/{rel}","templated":true}]}}