{"id":1101,"date":"2024-12-13T13:49:00","date_gmt":"2024-12-13T12:49:00","guid":{"rendered":"https:\/\/agrupacionespsoe.es\/acoruna\/?p=1101"},"modified":"2024-12-13T13:49:01","modified_gmt":"2024-12-13T12:49:01","slug":"o-psdeg-da-laracha-denuncia-os-problemas-de-seguridade-derivados-da-ausencia-de-policia-local-no-concello","status":"publish","type":"post","link":"https:\/\/agrupacionespsoe.es\/acoruna\/o-psdeg-da-laracha-denuncia-os-problemas-de-seguridade-derivados-da-ausencia-de-policia-local-no-concello\/","title":{"rendered":"O PSdeG da Laracha denuncia os problemas de seguridade derivados da ausencia de Polic\u00eda Local no concello"},"content":{"rendered":"\n<p><strong>-A voceira socialista local In\u00e9s Ramos L\u00f3pez lamenta que &#8220;xa que a semana pasada entraron a roubar no Concello, e ao d\u00eda seguinte no IES Agra de Lebor\u00eds&#8221;<\/strong><\/p>\n\n\n\n<section class=\"wp-block-psoe-separador bg-primary px-2\"><hr class=\"color-white bg-white opacity-1 h-[1px] w-full\" \/><\/section>\n\n\n\n<p class=\"has-medium-font-size\">O PSdeG-PSOE da Laracha segue a denunciar a situaci\u00f3n da Polic\u00eda Local no municipio, que conta agora mesmo con 0 axentes en activo mentres a negociaci\u00f3n entre o Concello e os axentes segue estancada.<\/p>\n\n\n\n<p class=\"has-medium-font-size\">&#8220;Dende o Grupo Municipal Socialista da Laracha seguimos con bastante preocupaci\u00f3n a situaci\u00f3n, xa que dende o mes de maio non temos Polic\u00eda Local&#8221;, explica a voceira socialista local In\u00e9s Ramos L\u00f3pez. &#8220;Incorpor\u00e1ronse en ver\u00e1n 3 auxiliares, pero 2 terminaron esta semana o seu contrato e un deles tivo que coller a baixa por mor dun accidente&#8221;, indica.<\/p>\n\n\n\n<p class=\"has-medium-font-size\">A socialista lamenta que &#8220;isto deriva en problemas de seguridade graves, xa que a semana pasada entraron a roubar no Concello, e ao d\u00eda seguinte no IES Agra de Lebor\u00eds&#8221;.<\/p>\n\n\n\n<p class=\"has-medium-font-size\">&#8220;Imaxinamos que o pr\u00f3ximo ser\u00e1 que entren a roubar nas casas dos veci\u00f1os e veci\u00f1as, porque se xa se atreven a entrar a roubar no Concello sen que isto te\u00f1a ning\u00fan tipo de consecuencia, entendemos que a situaci\u00f3n se ir\u00e1 agravando&#8221;, denuncia a voceira.<\/p>\n\n\n\n<p class=\"has-medium-font-size\">Ram\u00f3s L\u00f3pez sinala que &#8220;o alcalde se nega a negociar cos axentes, non acude \u00e1s mesas de negociaci\u00f3n&#8221;, engadindo que &#8220;ten unha actitude ditatorial e intransixente&#8221;. &#8220;Di que todo o que ocorre na laracha para \u00e9l non ocorre, nega todo o que para a veci\u00f1anza \u00e9 unha realidade que estamos vivindo e que \u00e9 bastante preocupante&#8221;, subli\u00f1a a concelleira.<\/p>\n\n\n\n<p class=\"has-medium-font-size\">Puxo como exemplo que &#8220;no \u00faltimo pleno negaba que houbese problemas de tr\u00e1fico, negaba que houbese problemas de seguridade, negaba tam\u00e9n que houbese problemas nas manifestaci\u00f3ns que se celebraron no IES Agra de Lebor\u00eds co tema do tr\u00e1fico&#8221;.<\/p>\n\n\n\n<p class=\"has-medium-font-size\">&#8220;Ademais, dixo que non se vai rebaixar a negociar coa Polic\u00eda Local, cando o traballo de todo o alcalde \u00e9 negociar, falar e entenderse que as persoas que traballan ao seu cargo&#8221;, critica.<\/p>\n\n\n\n<p class=\"has-medium-font-size\">&#8220;Non sabemos que ten que pasar para que o alcalde decida sentarse e falar con eles, facer o seu traballo, en definitiva, po\u00f1er fin a esta situaci\u00f3n que non xera m\u00e1is que problemas para todos os veci\u00f1os e veci\u00f1as&#8221;, indica Ramos L\u00f3pez.<\/p>\n\n\n\n<p class=\"has-medium-font-size\">&#8220;Agora mesmo se tes un problema non vai haber Polic\u00eda Local porque non hai ningun axente traballando, ter\u00edas que chamar \u00e1 Garda Civil de Carballo, que ao mellor ten que vir dende outros concellos como Coristanco&#8221;, salienta.<\/p>\n\n\n\n<p class=\"has-medium-font-size\">Ademais, a voceira socialista destaca que dende o ano 2022 est\u00e1 adxudicada a elaboraci\u00f3n da RPT a unha empresa privada: &#8220;Xa denunciamos outras ocasi\u00f3ns que este traballo poder\u00eda facelo un t\u00e9cnico do Concello, podendo aforrar esta cantidade&#8221;. Para a socialista, en definitiva, &#8220;todo se debe \u00e1 gran incapacidade de negociaci\u00f3n e de comunicaci\u00f3n que ten o noso alcalde&#8221;. &#8220;Deber\u00eda deixar esta actitude dictatorial a un lado \u00e9 acudir \u00e1s mesas de negociaci\u00f3n en lugar de mandar a outros concelleiros no seu lugar&#8221;, conclu\u00edu.<\/p>\n\n\n\n<figure class=\"wp-block-audio\"><audio controls src=\"https:\/\/agrupacionespsoe.es\/acoruna\/wp-content\/uploads\/sites\/198\/2024\/12\/Declaracions-Ines-Ramos-Lopez-PSdeG-A-Laracha.mp3\"><\/audio><figcaption class=\"wp-element-caption\">Declaraci\u00f3ns de In\u00e9s Ramos (A Laracha) 13dec24<\/figcaption><\/figure>\n","protected":false},"excerpt":{"rendered":"<p>-A voceira socialista local In\u00e9s Ramos L\u00f3pez lamenta que &#8220;xa que a semana pasada entraron a roubar no Concello, e ao d\u00eda seguinte no IES Agra de Lebor\u00eds&#8221; O PSdeG-PSOE da Laracha segue a denunciar a situaci\u00f3n da Polic\u00eda Local no municipio, que conta agora mesmo con 0 axentes en activo mentres a negociaci\u00f3n entre &#8230;<\/p>\n","protected":false},"author":282,"featured_media":1051,"comment_status":"open","ping_status":"open","sticky":false,"template":"","format":"standard","meta":{"_jetpack_memberships_contains_paid_content":false,"footnotes":""},"categories":[97,323],"tags":[103,337,95,22,325,24],"class_list":["post-1101","post","type-post","status-publish","format-standard","has-post-thumbnail","hentry","category-a-laracha","category-seguridade","tag-a-laracha","tag-policia","tag-politica-municipal","tag-psdeg-psoe","tag-seguridade","tag-socialistas"],"yoast_head":"<!-- This site is optimized with the Yoast SEO plugin v24.0 - https:\/\/yoast.com\/wordpress\/plugins\/seo\/ -->\n<title>O PSdeG da Laracha denuncia os problemas de seguridade derivados da ausencia de Polic\u00eda Local no concello - Agrupaci\u00f3n Provincial da Coru\u00f1a PSOE<\/title>\n<meta name=\"description\" content=\"A voceira socialista local In\u00e9s Ramos L\u00f3pez lamenta que &quot;xa que a semana pasada entraron a roubar no Concello, e ao d\u00eda seguinte no IES Agra de Lebor\u00eds&quot;\" \/>\n<meta name=\"robots\" content=\"index, follow, max-snippet:-1, max-image-preview:large, max-video-preview:-1\" \/>\n<link rel=\"canonical\" href=\"https:\/\/agrupacionespsoe.es\/acoruna\/o-psdeg-da-laracha-denuncia-os-problemas-de-seguridade-derivados-da-ausencia-de-policia-local-no-concello\/\" \/>\n<meta property=\"og:locale\" content=\"es_ES\" \/>\n<meta property=\"og:type\" content=\"article\" \/>\n<meta property=\"og:title\" content=\"O PSdeG da Laracha denuncia os problemas de seguridade derivados da ausencia de Polic\u00eda Local no concello - Agrupaci\u00f3n Provincial da Coru\u00f1a PSOE\" \/>\n<meta property=\"og:description\" content=\"A voceira socialista local In\u00e9s Ramos L\u00f3pez lamenta que &quot;xa que a semana pasada entraron a roubar no Concello, e ao d\u00eda seguinte no IES Agra de Lebor\u00eds&quot;\" \/>\n<meta property=\"og:url\" content=\"https:\/\/agrupacionespsoe.es\/acoruna\/o-psdeg-da-laracha-denuncia-os-problemas-de-seguridade-derivados-da-ausencia-de-policia-local-no-concello\/\" \/>\n<meta property=\"og:site_name\" content=\"Agrupaci\u00f3n Provincial da Coru\u00f1a PSOE\" \/>\n<meta property=\"article:published_time\" content=\"2024-12-13T12:49:00+00:00\" \/>\n<meta property=\"article:modified_time\" content=\"2024-12-13T12:49:01+00:00\" \/>\n<meta property=\"og:image\" content=\"https:\/\/agrupacionespsoe.es\/acoruna\/wp-content\/uploads\/sites\/198\/2024\/11\/Laracha-recurso2.jpeg\" \/>\n\t<meta property=\"og:image:width\" content=\"979\" \/>\n\t<meta property=\"og:image:height\" content=\"1110\" \/>\n\t<meta property=\"og:image:type\" content=\"image\/jpeg\" \/>\n<meta name=\"author\" content=\"Olympia M\u00e9ndez\" \/>\n<meta name=\"twitter:card\" content=\"summary_large_image\" \/>\n<meta name=\"twitter:label1\" content=\"Escrito por\" \/>\n\t<meta name=\"twitter:data1\" content=\"Olympia M\u00e9ndez\" \/>\n\t<meta name=\"twitter:label2\" content=\"Tiempo de lectura\" \/>\n\t<meta name=\"twitter:data2\" content=\"3 minutos\" \/>\n<script type=\"application\/ld+json\" class=\"yoast-schema-graph\">{\"@context\":\"https:\/\/schema.org\",\"@graph\":[{\"@type\":\"Article\",\"@id\":\"https:\/\/agrupacionespsoe.es\/acoruna\/o-psdeg-da-laracha-denuncia-os-problemas-de-seguridade-derivados-da-ausencia-de-policia-local-no-concello\/#article\",\"isPartOf\":{\"@id\":\"https:\/\/agrupacionespsoe.es\/acoruna\/o-psdeg-da-laracha-denuncia-os-problemas-de-seguridade-derivados-da-ausencia-de-policia-local-no-concello\/\"},\"author\":{\"name\":\"Olympia M\u00e9ndez\",\"@id\":\"https:\/\/agrupacionespsoe.es\/acoruna\/#\/schema\/person\/dbf2b36187b136d06a53f7937d5d5af9\"},\"headline\":\"O PSdeG da Laracha denuncia os problemas de seguridade derivados da ausencia de Polic\u00eda Local no concello\",\"datePublished\":\"2024-12-13T12:49:00+00:00\",\"dateModified\":\"2024-12-13T12:49:01+00:00\",\"mainEntityOfPage\":{\"@id\":\"https:\/\/agrupacionespsoe.es\/acoruna\/o-psdeg-da-laracha-denuncia-os-problemas-de-seguridade-derivados-da-ausencia-de-policia-local-no-concello\/\"},\"wordCount\":553,\"commentCount\":0,\"publisher\":{\"@id\":\"https:\/\/agrupacionespsoe.es\/acoruna\/#organization\"},\"image\":{\"@id\":\"https:\/\/agrupacionespsoe.es\/acoruna\/o-psdeg-da-laracha-denuncia-os-problemas-de-seguridade-derivados-da-ausencia-de-policia-local-no-concello\/#primaryimage\"},\"thumbnailUrl\":\"https:\/\/agrupacionespsoe.es\/acoruna\/wp-content\/uploads\/sites\/198\/2024\/11\/Laracha-recurso2.jpeg\",\"keywords\":[\"A Laracha\",\"Polic\u00eda\",\"Pol\u00edtica Municipal\",\"PSdeG-PSOE\",\"Seguridade\",\"Socialistas\"],\"articleSection\":[\"A Laracha\",\"Seguridade\"],\"inLanguage\":\"es\",\"potentialAction\":[{\"@type\":\"CommentAction\",\"name\":\"Comment\",\"target\":[\"https:\/\/agrupacionespsoe.es\/acoruna\/o-psdeg-da-laracha-denuncia-os-problemas-de-seguridade-derivados-da-ausencia-de-policia-local-no-concello\/#respond\"]}]},{\"@type\":\"WebPage\",\"@id\":\"https:\/\/agrupacionespsoe.es\/acoruna\/o-psdeg-da-laracha-denuncia-os-problemas-de-seguridade-derivados-da-ausencia-de-policia-local-no-concello\/\",\"url\":\"https:\/\/agrupacionespsoe.es\/acoruna\/o-psdeg-da-laracha-denuncia-os-problemas-de-seguridade-derivados-da-ausencia-de-policia-local-no-concello\/\",\"name\":\"O PSdeG da Laracha denuncia os problemas de seguridade derivados da ausencia de Polic\u00eda Local no concello - Agrupaci\u00f3n Provincial da Coru\u00f1a PSOE\",\"isPartOf\":{\"@id\":\"https:\/\/agrupacionespsoe.es\/acoruna\/#website\"},\"primaryImageOfPage\":{\"@id\":\"https:\/\/agrupacionespsoe.es\/acoruna\/o-psdeg-da-laracha-denuncia-os-problemas-de-seguridade-derivados-da-ausencia-de-policia-local-no-concello\/#primaryimage\"},\"image\":{\"@id\":\"https:\/\/agrupacionespsoe.es\/acoruna\/o-psdeg-da-laracha-denuncia-os-problemas-de-seguridade-derivados-da-ausencia-de-policia-local-no-concello\/#primaryimage\"},\"thumbnailUrl\":\"https:\/\/agrupacionespsoe.es\/acoruna\/wp-content\/uploads\/sites\/198\/2024\/11\/Laracha-recurso2.jpeg\",\"datePublished\":\"2024-12-13T12:49:00+00:00\",\"dateModified\":\"2024-12-13T12:49:01+00:00\",\"description\":\"A voceira socialista local In\u00e9s Ramos L\u00f3pez lamenta que \\\"xa que a semana pasada entraron a roubar no Concello, e ao d\u00eda seguinte no IES Agra de Lebor\u00eds\\\"\",\"breadcrumb\":{\"@id\":\"https:\/\/agrupacionespsoe.es\/acoruna\/o-psdeg-da-laracha-denuncia-os-problemas-de-seguridade-derivados-da-ausencia-de-policia-local-no-concello\/#breadcrumb\"},\"inLanguage\":\"es\",\"potentialAction\":[{\"@type\":\"ReadAction\",\"target\":[\"https:\/\/agrupacionespsoe.es\/acoruna\/o-psdeg-da-laracha-denuncia-os-problemas-de-seguridade-derivados-da-ausencia-de-policia-local-no-concello\/\"]}]},{\"@type\":\"ImageObject\",\"inLanguage\":\"es\",\"@id\":\"https:\/\/agrupacionespsoe.es\/acoruna\/o-psdeg-da-laracha-denuncia-os-problemas-de-seguridade-derivados-da-ausencia-de-policia-local-no-concello\/#primaryimage\",\"url\":\"https:\/\/agrupacionespsoe.es\/acoruna\/wp-content\/uploads\/sites\/198\/2024\/11\/Laracha-recurso2.jpeg\",\"contentUrl\":\"https:\/\/agrupacionespsoe.es\/acoruna\/wp-content\/uploads\/sites\/198\/2024\/11\/Laracha-recurso2.jpeg\",\"width\":979,\"height\":1110},{\"@type\":\"BreadcrumbList\",\"@id\":\"https:\/\/agrupacionespsoe.es\/acoruna\/o-psdeg-da-laracha-denuncia-os-problemas-de-seguridade-derivados-da-ausencia-de-policia-local-no-concello\/#breadcrumb\",\"itemListElement\":[{\"@type\":\"ListItem\",\"position\":1,\"name\":\"Portada\",\"item\":\"https:\/\/agrupacionespsoe.es\/acoruna\/\"},{\"@type\":\"ListItem\",\"position\":2,\"name\":\"O PSdeG da Laracha denuncia os problemas de seguridade derivados da ausencia de Polic\u00eda Local no concello\"}]},{\"@type\":\"WebSite\",\"@id\":\"https:\/\/agrupacionespsoe.es\/acoruna\/#website\",\"url\":\"https:\/\/agrupacionespsoe.es\/acoruna\/\",\"name\":\"Agrupaci\u00f3n Provincial da Coru\u00f1a PSOE\",\"description\":\"Provincial PSdeG-PSOE da Coru\u00f1a\",\"publisher\":{\"@id\":\"https:\/\/agrupacionespsoe.es\/acoruna\/#organization\"},\"potentialAction\":[{\"@type\":\"SearchAction\",\"target\":{\"@type\":\"EntryPoint\",\"urlTemplate\":\"https:\/\/agrupacionespsoe.es\/acoruna\/?s={search_term_string}\"},\"query-input\":{\"@type\":\"PropertyValueSpecification\",\"valueRequired\":true,\"valueName\":\"search_term_string\"}}],\"inLanguage\":\"es\"},{\"@type\":\"Organization\",\"@id\":\"https:\/\/agrupacionespsoe.es\/acoruna\/#organization\",\"name\":\"Agrupaci\u00f3n Provincial da Coru\u00f1a PSOE\",\"url\":\"https:\/\/agrupacionespsoe.es\/acoruna\/\",\"logo\":{\"@type\":\"ImageObject\",\"inLanguage\":\"es\",\"@id\":\"https:\/\/agrupacionespsoe.es\/acoruna\/#\/schema\/logo\/image\/\",\"url\":\"https:\/\/agrupacionespsoe.es\/wp-content\/uploads\/2022\/07\/Logotipo_electoral_del_PSOE.png\",\"contentUrl\":\"https:\/\/agrupacionespsoe.es\/wp-content\/uploads\/2022\/07\/Logotipo_electoral_del_PSOE.png\",\"width\":422,\"height\":422,\"caption\":\"Agrupaci\u00f3n Provincial da Coru\u00f1a PSOE\"},\"image\":{\"@id\":\"https:\/\/agrupacionespsoe.es\/acoruna\/#\/schema\/logo\/image\/\"}},{\"@type\":\"Person\",\"@id\":\"https:\/\/agrupacionespsoe.es\/acoruna\/#\/schema\/person\/dbf2b36187b136d06a53f7937d5d5af9\",\"name\":\"Olympia M\u00e9ndez\",\"image\":{\"@type\":\"ImageObject\",\"inLanguage\":\"es\",\"@id\":\"https:\/\/agrupacionespsoe.es\/acoruna\/#\/schema\/person\/image\/\",\"url\":\"https:\/\/secure.gravatar.com\/avatar\/12db1fb8bfe20deb7a2d4ddc95b9042b?s=96&d=mm&r=g\",\"contentUrl\":\"https:\/\/secure.gravatar.com\/avatar\/12db1fb8bfe20deb7a2d4ddc95b9042b?s=96&d=mm&r=g\",\"caption\":\"Olympia M\u00e9ndez\"},\"url\":\"https:\/\/agrupacionespsoe.es\/acoruna\/author\/acoruna2\/\"}]}<\/script>\n<!-- \/ Yoast SEO plugin. -->","yoast_head_json":{"title":"O PSdeG da Laracha denuncia os problemas de seguridade derivados da ausencia de Polic\u00eda Local no concello - Agrupaci\u00f3n Provincial da Coru\u00f1a PSOE","description":"A voceira socialista local In\u00e9s Ramos L\u00f3pez lamenta que \"xa que a semana pasada entraron a roubar no Concello, e ao d\u00eda seguinte no IES Agra de Lebor\u00eds\"","robots":{"index":"index","follow":"follow","max-snippet":"max-snippet:-1","max-image-preview":"max-image-preview:large","max-video-preview":"max-video-preview:-1"},"canonical":"https:\/\/agrupacionespsoe.es\/acoruna\/o-psdeg-da-laracha-denuncia-os-problemas-de-seguridade-derivados-da-ausencia-de-policia-local-no-concello\/","og_locale":"es_ES","og_type":"article","og_title":"O PSdeG da Laracha denuncia os problemas de seguridade derivados da ausencia de Polic\u00eda Local no concello - Agrupaci\u00f3n Provincial da Coru\u00f1a PSOE","og_description":"A voceira socialista local In\u00e9s Ramos L\u00f3pez lamenta que \"xa que a semana pasada entraron a roubar no Concello, e ao d\u00eda seguinte no IES Agra de Lebor\u00eds\"","og_url":"https:\/\/agrupacionespsoe.es\/acoruna\/o-psdeg-da-laracha-denuncia-os-problemas-de-seguridade-derivados-da-ausencia-de-policia-local-no-concello\/","og_site_name":"Agrupaci\u00f3n Provincial da Coru\u00f1a PSOE","article_published_time":"2024-12-13T12:49:00+00:00","article_modified_time":"2024-12-13T12:49:01+00:00","og_image":[{"width":979,"height":1110,"url":"https:\/\/agrupacionespsoe.es\/acoruna\/wp-content\/uploads\/sites\/198\/2024\/11\/Laracha-recurso2.jpeg","type":"image\/jpeg"}],"author":"Olympia M\u00e9ndez","twitter_card":"summary_large_image","twitter_misc":{"Escrito por":"Olympia M\u00e9ndez","Tiempo de lectura":"3 minutos"},"schema":{"@context":"https:\/\/schema.org","@graph":[{"@type":"Article","@id":"https:\/\/agrupacionespsoe.es\/acoruna\/o-psdeg-da-laracha-denuncia-os-problemas-de-seguridade-derivados-da-ausencia-de-policia-local-no-concello\/#article","isPartOf":{"@id":"https:\/\/agrupacionespsoe.es\/acoruna\/o-psdeg-da-laracha-denuncia-os-problemas-de-seguridade-derivados-da-ausencia-de-policia-local-no-concello\/"},"author":{"name":"Olympia M\u00e9ndez","@id":"https:\/\/agrupacionespsoe.es\/acoruna\/#\/schema\/person\/dbf2b36187b136d06a53f7937d5d5af9"},"headline":"O PSdeG da Laracha denuncia os problemas de seguridade derivados da ausencia de Polic\u00eda Local no concello","datePublished":"2024-12-13T12:49:00+00:00","dateModified":"2024-12-13T12:49:01+00:00","mainEntityOfPage":{"@id":"https:\/\/agrupacionespsoe.es\/acoruna\/o-psdeg-da-laracha-denuncia-os-problemas-de-seguridade-derivados-da-ausencia-de-policia-local-no-concello\/"},"wordCount":553,"commentCount":0,"publisher":{"@id":"https:\/\/agrupacionespsoe.es\/acoruna\/#organization"},"image":{"@id":"https:\/\/agrupacionespsoe.es\/acoruna\/o-psdeg-da-laracha-denuncia-os-problemas-de-seguridade-derivados-da-ausencia-de-policia-local-no-concello\/#primaryimage"},"thumbnailUrl":"https:\/\/agrupacionespsoe.es\/acoruna\/wp-content\/uploads\/sites\/198\/2024\/11\/Laracha-recurso2.jpeg","keywords":["A Laracha","Polic\u00eda","Pol\u00edtica Municipal","PSdeG-PSOE","Seguridade","Socialistas"],"articleSection":["A Laracha","Seguridade"],"inLanguage":"es","potentialAction":[{"@type":"CommentAction","name":"Comment","target":["https:\/\/agrupacionespsoe.es\/acoruna\/o-psdeg-da-laracha-denuncia-os-problemas-de-seguridade-derivados-da-ausencia-de-policia-local-no-concello\/#respond"]}]},{"@type":"WebPage","@id":"https:\/\/agrupacionespsoe.es\/acoruna\/o-psdeg-da-laracha-denuncia-os-problemas-de-seguridade-derivados-da-ausencia-de-policia-local-no-concello\/","url":"https:\/\/agrupacionespsoe.es\/acoruna\/o-psdeg-da-laracha-denuncia-os-problemas-de-seguridade-derivados-da-ausencia-de-policia-local-no-concello\/","name":"O PSdeG da Laracha denuncia os problemas de seguridade derivados da ausencia de Polic\u00eda Local no concello - Agrupaci\u00f3n Provincial da Coru\u00f1a PSOE","isPartOf":{"@id":"https:\/\/agrupacionespsoe.es\/acoruna\/#website"},"primaryImageOfPage":{"@id":"https:\/\/agrupacionespsoe.es\/acoruna\/o-psdeg-da-laracha-denuncia-os-problemas-de-seguridade-derivados-da-ausencia-de-policia-local-no-concello\/#primaryimage"},"image":{"@id":"https:\/\/agrupacionespsoe.es\/acoruna\/o-psdeg-da-laracha-denuncia-os-problemas-de-seguridade-derivados-da-ausencia-de-policia-local-no-concello\/#primaryimage"},"thumbnailUrl":"https:\/\/agrupacionespsoe.es\/acoruna\/wp-content\/uploads\/sites\/198\/2024\/11\/Laracha-recurso2.jpeg","datePublished":"2024-12-13T12:49:00+00:00","dateModified":"2024-12-13T12:49:01+00:00","description":"A voceira socialista local In\u00e9s Ramos L\u00f3pez lamenta que \"xa que a semana pasada entraron a roubar no Concello, e ao d\u00eda seguinte no IES Agra de Lebor\u00eds\"","breadcrumb":{"@id":"https:\/\/agrupacionespsoe.es\/acoruna\/o-psdeg-da-laracha-denuncia-os-problemas-de-seguridade-derivados-da-ausencia-de-policia-local-no-concello\/#breadcrumb"},"inLanguage":"es","potentialAction":[{"@type":"ReadAction","target":["https:\/\/agrupacionespsoe.es\/acoruna\/o-psdeg-da-laracha-denuncia-os-problemas-de-seguridade-derivados-da-ausencia-de-policia-local-no-concello\/"]}]},{"@type":"ImageObject","inLanguage":"es","@id":"https:\/\/agrupacionespsoe.es\/acoruna\/o-psdeg-da-laracha-denuncia-os-problemas-de-seguridade-derivados-da-ausencia-de-policia-local-no-concello\/#primaryimage","url":"https:\/\/agrupacionespsoe.es\/acoruna\/wp-content\/uploads\/sites\/198\/2024\/11\/Laracha-recurso2.jpeg","contentUrl":"https:\/\/agrupacionespsoe.es\/acoruna\/wp-content\/uploads\/sites\/198\/2024\/11\/Laracha-recurso2.jpeg","width":979,"height":1110},{"@type":"BreadcrumbList","@id":"https:\/\/agrupacionespsoe.es\/acoruna\/o-psdeg-da-laracha-denuncia-os-problemas-de-seguridade-derivados-da-ausencia-de-policia-local-no-concello\/#breadcrumb","itemListElement":[{"@type":"ListItem","position":1,"name":"Portada","item":"https:\/\/agrupacionespsoe.es\/acoruna\/"},{"@type":"ListItem","position":2,"name":"O PSdeG da Laracha denuncia os problemas de seguridade derivados da ausencia de Polic\u00eda Local no concello"}]},{"@type":"WebSite","@id":"https:\/\/agrupacionespsoe.es\/acoruna\/#website","url":"https:\/\/agrupacionespsoe.es\/acoruna\/","name":"Agrupaci\u00f3n Provincial da Coru\u00f1a PSOE","description":"Provincial PSdeG-PSOE da Coru\u00f1a","publisher":{"@id":"https:\/\/agrupacionespsoe.es\/acoruna\/#organization"},"potentialAction":[{"@type":"SearchAction","target":{"@type":"EntryPoint","urlTemplate":"https:\/\/agrupacionespsoe.es\/acoruna\/?s={search_term_string}"},"query-input":{"@type":"PropertyValueSpecification","valueRequired":true,"valueName":"search_term_string"}}],"inLanguage":"es"},{"@type":"Organization","@id":"https:\/\/agrupacionespsoe.es\/acoruna\/#organization","name":"Agrupaci\u00f3n Provincial da Coru\u00f1a PSOE","url":"https:\/\/agrupacionespsoe.es\/acoruna\/","logo":{"@type":"ImageObject","inLanguage":"es","@id":"https:\/\/agrupacionespsoe.es\/acoruna\/#\/schema\/logo\/image\/","url":"https:\/\/agrupacionespsoe.es\/wp-content\/uploads\/2022\/07\/Logotipo_electoral_del_PSOE.png","contentUrl":"https:\/\/agrupacionespsoe.es\/wp-content\/uploads\/2022\/07\/Logotipo_electoral_del_PSOE.png","width":422,"height":422,"caption":"Agrupaci\u00f3n Provincial da Coru\u00f1a PSOE"},"image":{"@id":"https:\/\/agrupacionespsoe.es\/acoruna\/#\/schema\/logo\/image\/"}},{"@type":"Person","@id":"https:\/\/agrupacionespsoe.es\/acoruna\/#\/schema\/person\/dbf2b36187b136d06a53f7937d5d5af9","name":"Olympia M\u00e9ndez","image":{"@type":"ImageObject","inLanguage":"es","@id":"https:\/\/agrupacionespsoe.es\/acoruna\/#\/schema\/person\/image\/","url":"https:\/\/secure.gravatar.com\/avatar\/12db1fb8bfe20deb7a2d4ddc95b9042b?s=96&d=mm&r=g","contentUrl":"https:\/\/secure.gravatar.com\/avatar\/12db1fb8bfe20deb7a2d4ddc95b9042b?s=96&d=mm&r=g","caption":"Olympia M\u00e9ndez"},"url":"https:\/\/agrupacionespsoe.es\/acoruna\/author\/acoruna2\/"}]}},"jetpack_featured_media_url":"https:\/\/agrupacionespsoe.es\/acoruna\/wp-content\/uploads\/sites\/198\/2024\/11\/Laracha-recurso2.jpeg","jetpack_sharing_enabled":true,"jetpack_likes_enabled":true,"_links":{"self":[{"href":"https:\/\/agrupacionespsoe.es\/acoruna\/wp-json\/wp\/v2\/posts\/1101","targetHints":{"allow":["GET"]}}],"collection":[{"href":"https:\/\/agrupacionespsoe.es\/acoruna\/wp-json\/wp\/v2\/posts"}],"about":[{"href":"https:\/\/agrupacionespsoe.es\/acoruna\/wp-json\/wp\/v2\/types\/post"}],"author":[{"embeddable":true,"href":"https:\/\/agrupacionespsoe.es\/acoruna\/wp-json\/wp\/v2\/users\/282"}],"replies":[{"embeddable":true,"href":"https:\/\/agrupacionespsoe.es\/acoruna\/wp-json\/wp\/v2\/comments?post=1101"}],"version-history":[{"count":2,"href":"https:\/\/agrupacionespsoe.es\/acoruna\/wp-json\/wp\/v2\/posts\/1101\/revisions"}],"predecessor-version":[{"id":1104,"href":"https:\/\/agrupacionespsoe.es\/acoruna\/wp-json\/wp\/v2\/posts\/1101\/revisions\/1104"}],"wp:featuredmedia":[{"embeddable":true,"href":"https:\/\/agrupacionespsoe.es\/acoruna\/wp-json\/wp\/v2\/media\/1051"}],"wp:attachment":[{"href":"https:\/\/agrupacionespsoe.es\/acoruna\/wp-json\/wp\/v2\/media?parent=1101"}],"wp:term":[{"taxonomy":"category","embeddable":true,"href":"https:\/\/agrupacionespsoe.es\/acoruna\/wp-json\/wp\/v2\/categories?post=1101"},{"taxonomy":"post_tag","embeddable":true,"href":"https:\/\/agrupacionespsoe.es\/acoruna\/wp-json\/wp\/v2\/tags?post=1101"}],"curies":[{"name":"wp","href":"https:\/\/api.w.org\/{rel}","templated":true}]}}