{"id":1023,"date":"2024-11-19T13:33:59","date_gmt":"2024-11-19T12:33:59","guid":{"rendered":"https:\/\/agrupacionespsoe.es\/acoruna\/?p=1023"},"modified":"2024-11-19T13:33:59","modified_gmt":"2024-11-19T12:33:59","slug":"o-psoe-da-bana-denuncia-que-a-xunta-marxina-ao-concello-ao-non-incluir-ningunha-das-suas-solicitudes-nos-orzamentos","status":"publish","type":"post","link":"https:\/\/agrupacionespsoe.es\/acoruna\/o-psoe-da-bana-denuncia-que-a-xunta-marxina-ao-concello-ao-non-incluir-ningunha-das-suas-solicitudes-nos-orzamentos\/","title":{"rendered":"O PSOE da Ba\u00f1a denuncia que a Xunta &#8220;marxina ao concello&#8221; ao non incluir ningunha das s\u00faas solicitudes nos orzamentos"},"content":{"rendered":"\n<p><strong>-O Concello da Ba\u00f1a reclama a urbanizaci\u00f3n do Pol\u00edgono Industrial e colaboraci\u00f3n con outros Concellos no saneamento de d\u00faas parroquias<\/strong><\/p>\n\n\n\n<p><strong>-Os socialistas presentar\u00e1n no pleno unha moci\u00f3n instando \u00e1 Xunta a incorporar nos orzamentos de 2025 estas reivindicaci\u00f3ns<\/strong><\/p>\n\n\n\n<section class=\"wp-block-psoe-separador bg-primary px-2\"><hr class=\"color-white bg-white opacity-1 h-[1px] w-full\" \/><\/section>\n\n\n\n<p class=\"has-medium-font-size\">O PSdeG-PSOE da Ba\u00f1a critica que a Xunta de Galicia non inclu\u00edu ningunha das solicitudes realizadas polo Concello nos seus orzamentos para o ano 2025.<\/p>\n\n\n\n<p class=\"has-medium-font-size\">&#8220;Unha vez m\u00e1is vemos como a Xunta marxina o noso Concello nos seus orzamentos ignorando todas as solicitudes feitas&#8221;, lamenta o alcalde socialista da Ba\u00f1a, Jos\u00e9 Antonio Pereira Gil.<\/p>\n\n\n\n<p class=\"has-medium-font-size\">Entre as solicitudes do Concello estaba que se realizase o saneamento da parroquia de Troitosende de maneira conxunta co lim\u00edtrofe Concello de Ames.<\/p>\n\n\n\n<p class=\"has-medium-font-size\">Tam\u00e9n se pedira a urbanizaci\u00f3n do pol\u00edgono industrial e o saneamento da parroquia de San Cibr\u00e1n utilizando a 2\u00aa fase dos colectores da EDAR da Barcala do Concello de Negreira.<\/p>\n\n\n\n<p class=\"has-medium-font-size\">&#8220;Lev\u00e1molo reivindicando durante os \u00faltimos tres anos e vemos como esta instituci\u00f3n marxina ao Concello da Ba\u00f1a ao non inclu\u00edr ningunha das nosas reclamaci\u00f3ns&#8221;, denuncia o socialista.<\/p>\n\n\n\n<p class=\"has-medium-font-size\">&#8220;Nos vindeiros d\u00edas faremos unha moci\u00f3n para levar ao pleno ordinario, onde solicitaremos a colaboraci\u00f3n do resto dos grupos pol\u00edticos para instar \u00e1 Xunta de Galicia a que incorpore nos seus orzamentos para 2025 estas actuaci\u00f3ns indispensables para o Concello da Ba\u00f1a&#8221;, conclu\u00edu.<\/p>\n\n\n\n<p class=\"has-medium-font-size\">Ademais, o Grupo Parlamentario Socialista no Parlamento de Galicia recolleu estas reivindicaci\u00f3ns, inclu\u00edndoas nas s\u00faas emendas aos orzamentos da Xunta.<\/p>\n\n\n\n<section class=\"wp-block-psoe-separador bg-primary px-2\"><hr class=\"color-white bg-white opacity-1 h-[1px] w-full\" \/><\/section>\n\n\n\n<figure class=\"wp-block-audio aligncenter\"><audio controls src=\"https:\/\/agrupacionespsoe.es\/acoruna\/wp-content\/uploads\/sites\/198\/2024\/11\/PSOE-A-BANA-19-de-novembro.mp3\"><\/audio><figcaption class=\"wp-element-caption\">Declaraci\u00f3ns de Jos\u00e9 Antonio Pereira, alcalde da Ba\u00f1a &#8211; nov24<\/figcaption><\/figure>\n","protected":false},"excerpt":{"rendered":"<p>-O Concello da Ba\u00f1a reclama a urbanizaci\u00f3n do Pol\u00edgono Industrial e colaboraci\u00f3n con outros Concellos no saneamento de d\u00faas parroquias -Os socialistas presentar\u00e1n no pleno unha moci\u00f3n instando \u00e1 Xunta a incorporar nos orzamentos de 2025 estas reivindicaci\u00f3ns O PSdeG-PSOE da Ba\u00f1a critica que a Xunta de Galicia non inclu\u00edu ningunha das solicitudes realizadas polo &#8230;<\/p>\n","protected":false},"author":282,"featured_media":1022,"comment_status":"open","ping_status":"open","sticky":false,"template":"","format":"standard","meta":{"_jetpack_memberships_contains_paid_content":false,"footnotes":""},"categories":[331,111],"tags":[333,287,22,24,159],"class_list":["post-1023","post","type-post","status-publish","format-standard","has-post-thumbnail","hentry","category-a-bana","category-xunta-de-galicia","tag-a-bana","tag-orzamentos","tag-psdeg-psoe","tag-socialistas","tag-xunta-de-galicia"],"yoast_head":"<!-- This site is optimized with the Yoast SEO plugin v24.0 - https:\/\/yoast.com\/wordpress\/plugins\/seo\/ -->\n<title>O PSOE da Ba\u00f1a denuncia que a Xunta &quot;marxina ao concello&quot; ao non incluir ningunha das s\u00faas solicitudes nos orzamentos - Agrupaci\u00f3n Provincial da Coru\u00f1a PSOE<\/title>\n<meta name=\"description\" content=\"O Concello da Ba\u00f1a reclama a urbanizaci\u00f3n do Pol\u00edgono Industrial e colaboraci\u00f3n con outros Concellos no saneamento de d\u00faas parroquias\" \/>\n<meta name=\"robots\" content=\"index, follow, max-snippet:-1, max-image-preview:large, max-video-preview:-1\" \/>\n<link rel=\"canonical\" href=\"https:\/\/agrupacionespsoe.es\/acoruna\/o-psoe-da-bana-denuncia-que-a-xunta-marxina-ao-concello-ao-non-incluir-ningunha-das-suas-solicitudes-nos-orzamentos\/\" \/>\n<meta property=\"og:locale\" content=\"es_ES\" \/>\n<meta property=\"og:type\" content=\"article\" \/>\n<meta property=\"og:title\" content=\"O PSOE da Ba\u00f1a denuncia que a Xunta &quot;marxina ao concello&quot; ao non incluir ningunha das s\u00faas solicitudes nos orzamentos - Agrupaci\u00f3n Provincial da Coru\u00f1a PSOE\" \/>\n<meta property=\"og:description\" content=\"O Concello da Ba\u00f1a reclama a urbanizaci\u00f3n do Pol\u00edgono Industrial e colaboraci\u00f3n con outros Concellos no saneamento de d\u00faas parroquias\" \/>\n<meta property=\"og:url\" content=\"https:\/\/agrupacionespsoe.es\/acoruna\/o-psoe-da-bana-denuncia-que-a-xunta-marxina-ao-concello-ao-non-incluir-ningunha-das-suas-solicitudes-nos-orzamentos\/\" \/>\n<meta property=\"og:site_name\" content=\"Agrupaci\u00f3n Provincial da Coru\u00f1a PSOE\" \/>\n<meta property=\"article:published_time\" content=\"2024-11-19T12:33:59+00:00\" \/>\n<meta property=\"og:image\" content=\"https:\/\/agrupacionespsoe.es\/acoruna\/wp-content\/uploads\/sites\/198\/2024\/11\/Foto-A-Bana-scaled-e1732019621639.jpg\" \/>\n\t<meta property=\"og:image:width\" content=\"1971\" \/>\n\t<meta property=\"og:image:height\" content=\"1800\" \/>\n\t<meta property=\"og:image:type\" content=\"image\/jpeg\" \/>\n<meta name=\"author\" content=\"Olympia M\u00e9ndez\" \/>\n<meta name=\"twitter:card\" content=\"summary_large_image\" \/>\n<meta name=\"twitter:label1\" content=\"Escrito por\" \/>\n\t<meta name=\"twitter:data1\" content=\"Olympia M\u00e9ndez\" \/>\n\t<meta name=\"twitter:label2\" content=\"Tiempo de lectura\" \/>\n\t<meta name=\"twitter:data2\" content=\"2 minutos\" \/>\n<script type=\"application\/ld+json\" class=\"yoast-schema-graph\">{\"@context\":\"https:\/\/schema.org\",\"@graph\":[{\"@type\":\"Article\",\"@id\":\"https:\/\/agrupacionespsoe.es\/acoruna\/o-psoe-da-bana-denuncia-que-a-xunta-marxina-ao-concello-ao-non-incluir-ningunha-das-suas-solicitudes-nos-orzamentos\/#article\",\"isPartOf\":{\"@id\":\"https:\/\/agrupacionespsoe.es\/acoruna\/o-psoe-da-bana-denuncia-que-a-xunta-marxina-ao-concello-ao-non-incluir-ningunha-das-suas-solicitudes-nos-orzamentos\/\"},\"author\":{\"name\":\"Olympia M\u00e9ndez\",\"@id\":\"https:\/\/agrupacionespsoe.es\/acoruna\/#\/schema\/person\/dbf2b36187b136d06a53f7937d5d5af9\"},\"headline\":\"O PSOE da Ba\u00f1a denuncia que a Xunta &#8220;marxina ao concello&#8221; ao non incluir ningunha das s\u00faas solicitudes nos orzamentos\",\"datePublished\":\"2024-11-19T12:33:59+00:00\",\"dateModified\":\"2024-11-19T12:33:59+00:00\",\"mainEntityOfPage\":{\"@id\":\"https:\/\/agrupacionespsoe.es\/acoruna\/o-psoe-da-bana-denuncia-que-a-xunta-marxina-ao-concello-ao-non-incluir-ningunha-das-suas-solicitudes-nos-orzamentos\/\"},\"wordCount\":295,\"commentCount\":0,\"publisher\":{\"@id\":\"https:\/\/agrupacionespsoe.es\/acoruna\/#organization\"},\"image\":{\"@id\":\"https:\/\/agrupacionespsoe.es\/acoruna\/o-psoe-da-bana-denuncia-que-a-xunta-marxina-ao-concello-ao-non-incluir-ningunha-das-suas-solicitudes-nos-orzamentos\/#primaryimage\"},\"thumbnailUrl\":\"https:\/\/agrupacionespsoe.es\/acoruna\/wp-content\/uploads\/sites\/198\/2024\/11\/Foto-A-Bana-scaled-e1732019621639.jpg\",\"keywords\":[\"A Ba\u00f1a\",\"Orzamentos\",\"PSdeG-PSOE\",\"Socialistas\",\"Xunta de Galicia\"],\"articleSection\":[\"A Ba\u00f1a\",\"Xunta de Galicia\"],\"inLanguage\":\"es\",\"potentialAction\":[{\"@type\":\"CommentAction\",\"name\":\"Comment\",\"target\":[\"https:\/\/agrupacionespsoe.es\/acoruna\/o-psoe-da-bana-denuncia-que-a-xunta-marxina-ao-concello-ao-non-incluir-ningunha-das-suas-solicitudes-nos-orzamentos\/#respond\"]}]},{\"@type\":\"WebPage\",\"@id\":\"https:\/\/agrupacionespsoe.es\/acoruna\/o-psoe-da-bana-denuncia-que-a-xunta-marxina-ao-concello-ao-non-incluir-ningunha-das-suas-solicitudes-nos-orzamentos\/\",\"url\":\"https:\/\/agrupacionespsoe.es\/acoruna\/o-psoe-da-bana-denuncia-que-a-xunta-marxina-ao-concello-ao-non-incluir-ningunha-das-suas-solicitudes-nos-orzamentos\/\",\"name\":\"O PSOE da Ba\u00f1a denuncia que a Xunta \\\"marxina ao concello\\\" ao non incluir ningunha das s\u00faas solicitudes nos orzamentos - Agrupaci\u00f3n Provincial da Coru\u00f1a PSOE\",\"isPartOf\":{\"@id\":\"https:\/\/agrupacionespsoe.es\/acoruna\/#website\"},\"primaryImageOfPage\":{\"@id\":\"https:\/\/agrupacionespsoe.es\/acoruna\/o-psoe-da-bana-denuncia-que-a-xunta-marxina-ao-concello-ao-non-incluir-ningunha-das-suas-solicitudes-nos-orzamentos\/#primaryimage\"},\"image\":{\"@id\":\"https:\/\/agrupacionespsoe.es\/acoruna\/o-psoe-da-bana-denuncia-que-a-xunta-marxina-ao-concello-ao-non-incluir-ningunha-das-suas-solicitudes-nos-orzamentos\/#primaryimage\"},\"thumbnailUrl\":\"https:\/\/agrupacionespsoe.es\/acoruna\/wp-content\/uploads\/sites\/198\/2024\/11\/Foto-A-Bana-scaled-e1732019621639.jpg\",\"datePublished\":\"2024-11-19T12:33:59+00:00\",\"dateModified\":\"2024-11-19T12:33:59+00:00\",\"description\":\"O Concello da Ba\u00f1a reclama a urbanizaci\u00f3n do Pol\u00edgono Industrial e colaboraci\u00f3n con outros Concellos no saneamento de d\u00faas parroquias\",\"breadcrumb\":{\"@id\":\"https:\/\/agrupacionespsoe.es\/acoruna\/o-psoe-da-bana-denuncia-que-a-xunta-marxina-ao-concello-ao-non-incluir-ningunha-das-suas-solicitudes-nos-orzamentos\/#breadcrumb\"},\"inLanguage\":\"es\",\"potentialAction\":[{\"@type\":\"ReadAction\",\"target\":[\"https:\/\/agrupacionespsoe.es\/acoruna\/o-psoe-da-bana-denuncia-que-a-xunta-marxina-ao-concello-ao-non-incluir-ningunha-das-suas-solicitudes-nos-orzamentos\/\"]}]},{\"@type\":\"ImageObject\",\"inLanguage\":\"es\",\"@id\":\"https:\/\/agrupacionespsoe.es\/acoruna\/o-psoe-da-bana-denuncia-que-a-xunta-marxina-ao-concello-ao-non-incluir-ningunha-das-suas-solicitudes-nos-orzamentos\/#primaryimage\",\"url\":\"https:\/\/agrupacionespsoe.es\/acoruna\/wp-content\/uploads\/sites\/198\/2024\/11\/Foto-A-Bana-scaled-e1732019621639.jpg\",\"contentUrl\":\"https:\/\/agrupacionespsoe.es\/acoruna\/wp-content\/uploads\/sites\/198\/2024\/11\/Foto-A-Bana-scaled-e1732019621639.jpg\",\"width\":1971,\"height\":1800},{\"@type\":\"BreadcrumbList\",\"@id\":\"https:\/\/agrupacionespsoe.es\/acoruna\/o-psoe-da-bana-denuncia-que-a-xunta-marxina-ao-concello-ao-non-incluir-ningunha-das-suas-solicitudes-nos-orzamentos\/#breadcrumb\",\"itemListElement\":[{\"@type\":\"ListItem\",\"position\":1,\"name\":\"Portada\",\"item\":\"https:\/\/agrupacionespsoe.es\/acoruna\/\"},{\"@type\":\"ListItem\",\"position\":2,\"name\":\"O PSOE da Ba\u00f1a denuncia que a Xunta \u00abmarxina ao concello\u00bb ao non incluir ningunha das s\u00faas solicitudes nos orzamentos\"}]},{\"@type\":\"WebSite\",\"@id\":\"https:\/\/agrupacionespsoe.es\/acoruna\/#website\",\"url\":\"https:\/\/agrupacionespsoe.es\/acoruna\/\",\"name\":\"Agrupaci\u00f3n Provincial da Coru\u00f1a PSOE\",\"description\":\"Provincial PSdeG-PSOE da Coru\u00f1a\",\"publisher\":{\"@id\":\"https:\/\/agrupacionespsoe.es\/acoruna\/#organization\"},\"potentialAction\":[{\"@type\":\"SearchAction\",\"target\":{\"@type\":\"EntryPoint\",\"urlTemplate\":\"https:\/\/agrupacionespsoe.es\/acoruna\/?s={search_term_string}\"},\"query-input\":{\"@type\":\"PropertyValueSpecification\",\"valueRequired\":true,\"valueName\":\"search_term_string\"}}],\"inLanguage\":\"es\"},{\"@type\":\"Organization\",\"@id\":\"https:\/\/agrupacionespsoe.es\/acoruna\/#organization\",\"name\":\"Agrupaci\u00f3n Provincial da Coru\u00f1a PSOE\",\"url\":\"https:\/\/agrupacionespsoe.es\/acoruna\/\",\"logo\":{\"@type\":\"ImageObject\",\"inLanguage\":\"es\",\"@id\":\"https:\/\/agrupacionespsoe.es\/acoruna\/#\/schema\/logo\/image\/\",\"url\":\"https:\/\/agrupacionespsoe.es\/wp-content\/uploads\/2022\/07\/Logotipo_electoral_del_PSOE.png\",\"contentUrl\":\"https:\/\/agrupacionespsoe.es\/wp-content\/uploads\/2022\/07\/Logotipo_electoral_del_PSOE.png\",\"width\":422,\"height\":422,\"caption\":\"Agrupaci\u00f3n Provincial da Coru\u00f1a PSOE\"},\"image\":{\"@id\":\"https:\/\/agrupacionespsoe.es\/acoruna\/#\/schema\/logo\/image\/\"}},{\"@type\":\"Person\",\"@id\":\"https:\/\/agrupacionespsoe.es\/acoruna\/#\/schema\/person\/dbf2b36187b136d06a53f7937d5d5af9\",\"name\":\"Olympia M\u00e9ndez\",\"image\":{\"@type\":\"ImageObject\",\"inLanguage\":\"es\",\"@id\":\"https:\/\/agrupacionespsoe.es\/acoruna\/#\/schema\/person\/image\/\",\"url\":\"https:\/\/secure.gravatar.com\/avatar\/12db1fb8bfe20deb7a2d4ddc95b9042b?s=96&d=mm&r=g\",\"contentUrl\":\"https:\/\/secure.gravatar.com\/avatar\/12db1fb8bfe20deb7a2d4ddc95b9042b?s=96&d=mm&r=g\",\"caption\":\"Olympia M\u00e9ndez\"},\"url\":\"https:\/\/agrupacionespsoe.es\/acoruna\/author\/acoruna2\/\"}]}<\/script>\n<!-- \/ Yoast SEO plugin. -->","yoast_head_json":{"title":"O PSOE da Ba\u00f1a denuncia que a Xunta \"marxina ao concello\" ao non incluir ningunha das s\u00faas solicitudes nos orzamentos - Agrupaci\u00f3n Provincial da Coru\u00f1a PSOE","description":"O Concello da Ba\u00f1a reclama a urbanizaci\u00f3n do Pol\u00edgono Industrial e colaboraci\u00f3n con outros Concellos no saneamento de d\u00faas parroquias","robots":{"index":"index","follow":"follow","max-snippet":"max-snippet:-1","max-image-preview":"max-image-preview:large","max-video-preview":"max-video-preview:-1"},"canonical":"https:\/\/agrupacionespsoe.es\/acoruna\/o-psoe-da-bana-denuncia-que-a-xunta-marxina-ao-concello-ao-non-incluir-ningunha-das-suas-solicitudes-nos-orzamentos\/","og_locale":"es_ES","og_type":"article","og_title":"O PSOE da Ba\u00f1a denuncia que a Xunta \"marxina ao concello\" ao non incluir ningunha das s\u00faas solicitudes nos orzamentos - Agrupaci\u00f3n Provincial da Coru\u00f1a PSOE","og_description":"O Concello da Ba\u00f1a reclama a urbanizaci\u00f3n do Pol\u00edgono Industrial e colaboraci\u00f3n con outros Concellos no saneamento de d\u00faas parroquias","og_url":"https:\/\/agrupacionespsoe.es\/acoruna\/o-psoe-da-bana-denuncia-que-a-xunta-marxina-ao-concello-ao-non-incluir-ningunha-das-suas-solicitudes-nos-orzamentos\/","og_site_name":"Agrupaci\u00f3n Provincial da Coru\u00f1a PSOE","article_published_time":"2024-11-19T12:33:59+00:00","og_image":[{"width":1971,"height":1800,"url":"https:\/\/agrupacionespsoe.es\/acoruna\/wp-content\/uploads\/sites\/198\/2024\/11\/Foto-A-Bana-scaled-e1732019621639.jpg","type":"image\/jpeg"}],"author":"Olympia M\u00e9ndez","twitter_card":"summary_large_image","twitter_misc":{"Escrito por":"Olympia M\u00e9ndez","Tiempo de lectura":"2 minutos"},"schema":{"@context":"https:\/\/schema.org","@graph":[{"@type":"Article","@id":"https:\/\/agrupacionespsoe.es\/acoruna\/o-psoe-da-bana-denuncia-que-a-xunta-marxina-ao-concello-ao-non-incluir-ningunha-das-suas-solicitudes-nos-orzamentos\/#article","isPartOf":{"@id":"https:\/\/agrupacionespsoe.es\/acoruna\/o-psoe-da-bana-denuncia-que-a-xunta-marxina-ao-concello-ao-non-incluir-ningunha-das-suas-solicitudes-nos-orzamentos\/"},"author":{"name":"Olympia M\u00e9ndez","@id":"https:\/\/agrupacionespsoe.es\/acoruna\/#\/schema\/person\/dbf2b36187b136d06a53f7937d5d5af9"},"headline":"O PSOE da Ba\u00f1a denuncia que a Xunta &#8220;marxina ao concello&#8221; ao non incluir ningunha das s\u00faas solicitudes nos orzamentos","datePublished":"2024-11-19T12:33:59+00:00","dateModified":"2024-11-19T12:33:59+00:00","mainEntityOfPage":{"@id":"https:\/\/agrupacionespsoe.es\/acoruna\/o-psoe-da-bana-denuncia-que-a-xunta-marxina-ao-concello-ao-non-incluir-ningunha-das-suas-solicitudes-nos-orzamentos\/"},"wordCount":295,"commentCount":0,"publisher":{"@id":"https:\/\/agrupacionespsoe.es\/acoruna\/#organization"},"image":{"@id":"https:\/\/agrupacionespsoe.es\/acoruna\/o-psoe-da-bana-denuncia-que-a-xunta-marxina-ao-concello-ao-non-incluir-ningunha-das-suas-solicitudes-nos-orzamentos\/#primaryimage"},"thumbnailUrl":"https:\/\/agrupacionespsoe.es\/acoruna\/wp-content\/uploads\/sites\/198\/2024\/11\/Foto-A-Bana-scaled-e1732019621639.jpg","keywords":["A Ba\u00f1a","Orzamentos","PSdeG-PSOE","Socialistas","Xunta de Galicia"],"articleSection":["A Ba\u00f1a","Xunta de Galicia"],"inLanguage":"es","potentialAction":[{"@type":"CommentAction","name":"Comment","target":["https:\/\/agrupacionespsoe.es\/acoruna\/o-psoe-da-bana-denuncia-que-a-xunta-marxina-ao-concello-ao-non-incluir-ningunha-das-suas-solicitudes-nos-orzamentos\/#respond"]}]},{"@type":"WebPage","@id":"https:\/\/agrupacionespsoe.es\/acoruna\/o-psoe-da-bana-denuncia-que-a-xunta-marxina-ao-concello-ao-non-incluir-ningunha-das-suas-solicitudes-nos-orzamentos\/","url":"https:\/\/agrupacionespsoe.es\/acoruna\/o-psoe-da-bana-denuncia-que-a-xunta-marxina-ao-concello-ao-non-incluir-ningunha-das-suas-solicitudes-nos-orzamentos\/","name":"O PSOE da Ba\u00f1a denuncia que a Xunta \"marxina ao concello\" ao non incluir ningunha das s\u00faas solicitudes nos orzamentos - Agrupaci\u00f3n Provincial da Coru\u00f1a PSOE","isPartOf":{"@id":"https:\/\/agrupacionespsoe.es\/acoruna\/#website"},"primaryImageOfPage":{"@id":"https:\/\/agrupacionespsoe.es\/acoruna\/o-psoe-da-bana-denuncia-que-a-xunta-marxina-ao-concello-ao-non-incluir-ningunha-das-suas-solicitudes-nos-orzamentos\/#primaryimage"},"image":{"@id":"https:\/\/agrupacionespsoe.es\/acoruna\/o-psoe-da-bana-denuncia-que-a-xunta-marxina-ao-concello-ao-non-incluir-ningunha-das-suas-solicitudes-nos-orzamentos\/#primaryimage"},"thumbnailUrl":"https:\/\/agrupacionespsoe.es\/acoruna\/wp-content\/uploads\/sites\/198\/2024\/11\/Foto-A-Bana-scaled-e1732019621639.jpg","datePublished":"2024-11-19T12:33:59+00:00","dateModified":"2024-11-19T12:33:59+00:00","description":"O Concello da Ba\u00f1a reclama a urbanizaci\u00f3n do Pol\u00edgono Industrial e colaboraci\u00f3n con outros Concellos no saneamento de d\u00faas parroquias","breadcrumb":{"@id":"https:\/\/agrupacionespsoe.es\/acoruna\/o-psoe-da-bana-denuncia-que-a-xunta-marxina-ao-concello-ao-non-incluir-ningunha-das-suas-solicitudes-nos-orzamentos\/#breadcrumb"},"inLanguage":"es","potentialAction":[{"@type":"ReadAction","target":["https:\/\/agrupacionespsoe.es\/acoruna\/o-psoe-da-bana-denuncia-que-a-xunta-marxina-ao-concello-ao-non-incluir-ningunha-das-suas-solicitudes-nos-orzamentos\/"]}]},{"@type":"ImageObject","inLanguage":"es","@id":"https:\/\/agrupacionespsoe.es\/acoruna\/o-psoe-da-bana-denuncia-que-a-xunta-marxina-ao-concello-ao-non-incluir-ningunha-das-suas-solicitudes-nos-orzamentos\/#primaryimage","url":"https:\/\/agrupacionespsoe.es\/acoruna\/wp-content\/uploads\/sites\/198\/2024\/11\/Foto-A-Bana-scaled-e1732019621639.jpg","contentUrl":"https:\/\/agrupacionespsoe.es\/acoruna\/wp-content\/uploads\/sites\/198\/2024\/11\/Foto-A-Bana-scaled-e1732019621639.jpg","width":1971,"height":1800},{"@type":"BreadcrumbList","@id":"https:\/\/agrupacionespsoe.es\/acoruna\/o-psoe-da-bana-denuncia-que-a-xunta-marxina-ao-concello-ao-non-incluir-ningunha-das-suas-solicitudes-nos-orzamentos\/#breadcrumb","itemListElement":[{"@type":"ListItem","position":1,"name":"Portada","item":"https:\/\/agrupacionespsoe.es\/acoruna\/"},{"@type":"ListItem","position":2,"name":"O PSOE da Ba\u00f1a denuncia que a Xunta \u00abmarxina ao concello\u00bb ao non incluir ningunha das s\u00faas solicitudes nos orzamentos"}]},{"@type":"WebSite","@id":"https:\/\/agrupacionespsoe.es\/acoruna\/#website","url":"https:\/\/agrupacionespsoe.es\/acoruna\/","name":"Agrupaci\u00f3n Provincial da Coru\u00f1a PSOE","description":"Provincial PSdeG-PSOE da Coru\u00f1a","publisher":{"@id":"https:\/\/agrupacionespsoe.es\/acoruna\/#organization"},"potentialAction":[{"@type":"SearchAction","target":{"@type":"EntryPoint","urlTemplate":"https:\/\/agrupacionespsoe.es\/acoruna\/?s={search_term_string}"},"query-input":{"@type":"PropertyValueSpecification","valueRequired":true,"valueName":"search_term_string"}}],"inLanguage":"es"},{"@type":"Organization","@id":"https:\/\/agrupacionespsoe.es\/acoruna\/#organization","name":"Agrupaci\u00f3n Provincial da Coru\u00f1a PSOE","url":"https:\/\/agrupacionespsoe.es\/acoruna\/","logo":{"@type":"ImageObject","inLanguage":"es","@id":"https:\/\/agrupacionespsoe.es\/acoruna\/#\/schema\/logo\/image\/","url":"https:\/\/agrupacionespsoe.es\/wp-content\/uploads\/2022\/07\/Logotipo_electoral_del_PSOE.png","contentUrl":"https:\/\/agrupacionespsoe.es\/wp-content\/uploads\/2022\/07\/Logotipo_electoral_del_PSOE.png","width":422,"height":422,"caption":"Agrupaci\u00f3n Provincial da Coru\u00f1a PSOE"},"image":{"@id":"https:\/\/agrupacionespsoe.es\/acoruna\/#\/schema\/logo\/image\/"}},{"@type":"Person","@id":"https:\/\/agrupacionespsoe.es\/acoruna\/#\/schema\/person\/dbf2b36187b136d06a53f7937d5d5af9","name":"Olympia M\u00e9ndez","image":{"@type":"ImageObject","inLanguage":"es","@id":"https:\/\/agrupacionespsoe.es\/acoruna\/#\/schema\/person\/image\/","url":"https:\/\/secure.gravatar.com\/avatar\/12db1fb8bfe20deb7a2d4ddc95b9042b?s=96&d=mm&r=g","contentUrl":"https:\/\/secure.gravatar.com\/avatar\/12db1fb8bfe20deb7a2d4ddc95b9042b?s=96&d=mm&r=g","caption":"Olympia M\u00e9ndez"},"url":"https:\/\/agrupacionespsoe.es\/acoruna\/author\/acoruna2\/"}]}},"jetpack_featured_media_url":"https:\/\/agrupacionespsoe.es\/acoruna\/wp-content\/uploads\/sites\/198\/2024\/11\/Foto-A-Bana-scaled-e1732019621639.jpg","jetpack_sharing_enabled":true,"jetpack_likes_enabled":true,"_links":{"self":[{"href":"https:\/\/agrupacionespsoe.es\/acoruna\/wp-json\/wp\/v2\/posts\/1023","targetHints":{"allow":["GET"]}}],"collection":[{"href":"https:\/\/agrupacionespsoe.es\/acoruna\/wp-json\/wp\/v2\/posts"}],"about":[{"href":"https:\/\/agrupacionespsoe.es\/acoruna\/wp-json\/wp\/v2\/types\/post"}],"author":[{"embeddable":true,"href":"https:\/\/agrupacionespsoe.es\/acoruna\/wp-json\/wp\/v2\/users\/282"}],"replies":[{"embeddable":true,"href":"https:\/\/agrupacionespsoe.es\/acoruna\/wp-json\/wp\/v2\/comments?post=1023"}],"version-history":[{"count":2,"href":"https:\/\/agrupacionespsoe.es\/acoruna\/wp-json\/wp\/v2\/posts\/1023\/revisions"}],"predecessor-version":[{"id":1026,"href":"https:\/\/agrupacionespsoe.es\/acoruna\/wp-json\/wp\/v2\/posts\/1023\/revisions\/1026"}],"wp:featuredmedia":[{"embeddable":true,"href":"https:\/\/agrupacionespsoe.es\/acoruna\/wp-json\/wp\/v2\/media\/1022"}],"wp:attachment":[{"href":"https:\/\/agrupacionespsoe.es\/acoruna\/wp-json\/wp\/v2\/media?parent=1023"}],"wp:term":[{"taxonomy":"category","embeddable":true,"href":"https:\/\/agrupacionespsoe.es\/acoruna\/wp-json\/wp\/v2\/categories?post=1023"},{"taxonomy":"post_tag","embeddable":true,"href":"https:\/\/agrupacionespsoe.es\/acoruna\/wp-json\/wp\/v2\/tags?post=1023"}],"curies":[{"name":"wp","href":"https:\/\/api.w.org\/{rel}","templated":true}]}}