{"id":1012,"date":"2024-11-14T17:11:00","date_gmt":"2024-11-14T16:11:00","guid":{"rendered":"https:\/\/agrupacionespsoe.es\/acoruna\/?p=1012"},"modified":"2024-11-14T17:24:19","modified_gmt":"2024-11-14T16:24:19","slug":"o-psdeg-provincial-denuncia-na-laracha-a-negativa-do-alcalde-a-negociar-coa-policia-local-e-a-falta-de-axentes-no-municipio","status":"publish","type":"post","link":"https:\/\/agrupacionespsoe.es\/acoruna\/o-psdeg-provincial-denuncia-na-laracha-a-negativa-do-alcalde-a-negociar-coa-policia-local-e-a-falta-de-axentes-no-municipio\/","title":{"rendered":"O PSdeG provincial denuncia na Laracha a negativa do alcalde a negociar coa Polic\u00eda Local e a falta de axentes no municipio"},"content":{"rendered":"\n<p><strong>-A voceira socialista local In\u00e9s Ramos L\u00f3pez destacou que os axentes &#8220;simplemente piden unha equiparaci\u00f3n ao resto de postos de traballo do Concello&#8221;<\/strong><\/p>\n\n\n\n<p><strong>-O secretario xeral provincial Bernardo Fern\u00e1ndez Pi\u00f1eiro lamentou que o Concello &#8220;est\u00e1 tendo moitos problemas actualmente para garantir a seguridade dos veci\u00f1os e as veci\u00f1as por culpa da decisi\u00f3n do alcalde\u201d<\/strong><\/p>\n\n\n\n<section class=\"wp-block-psoe-separador bg-primary px-2\"><hr class=\"color-white bg-white opacity-1 h-[1px] w-full\" \/><\/section>\n\n\n\n<p class=\"has-medium-font-size\">-O PSdeG-PSOE Provincial da Coru\u00f1a denunciou na Laracha a negativa do alcalde do municipio a negociar coa Polic\u00eda Local para solucionar a situaci\u00f3n actual de falta de axentes.<\/p>\n\n\n\n<p class=\"has-medium-font-size\">O secretario xeral provincial Bernardo Fern\u00e1ndez Pi\u00f1eiro lamentou que o Concello &#8220;est\u00e1 tendo moitos problemas actualmente para garantir a seguridade dos veci\u00f1os e as veci\u00f1as por culpa da decisi\u00f3n do alcalde de non sentarse a negociar coa Polic\u00eda Local a modificaci\u00f3n da relaci\u00f3n de postos de traballo&#8221;.<\/p>\n\n\n\n<p class=\"has-medium-font-size\">&#8220;Nadie obriga a que se chegue a acordos, pero como m\u00ednimo deberiamos de sentarnos a negociar para escoitar as propostas dos traballadores e evitar a situaci\u00f3n que hai na actualidade&#8221;, sinala o socialista.<\/p>\n\n\n\n<p class=\"has-medium-font-size\">O socialista incidiu en que A Laracha &#8220;non conta con efectivos da Polic\u00eda Local suficientes, polas baixas de moitos deles, para poder garantir un servizo que \u00e9 b\u00e1sico para a cidadan\u00eda&#8221;. &#8220;Cando temos un problema, un accidente, un atraco ou un roubo, son os primeiros en estar ao noso car\u00f3n&#8221;, engadiu.<\/p>\n\n\n\n<p class=\"has-medium-font-size\">&#8220;Polo tanto, \u00e9 fundamental que se adopten medidas de car\u00e1cter urxente para revertir esta situaci\u00f3n e garantir que este Concello poida contar novamente cos efectivos da polic\u00eda local que necesita&#8221;, reclamou.<\/p>\n\n\n\n<p class=\"has-medium-font-size\">Fern\u00e1ndez Pi\u00f1eiro puxo o foco tam\u00e9n na Lei de Coordinaci\u00f3n da Polic\u00eda Local de Galicia: &#8220;Levamos anos demandando a s\u00faa modificaci\u00f3n dende o Partido Socialista, \u00e1 vista dos graves problemas e perxu\u00edzos que est\u00e1 xerando para a maior\u00eda dos concellos en xeral, problemas que nos impiden cubrir baixas ou cubrir prazas&#8221;.<\/p>\n\n\n\n<p class=\"has-medium-font-size\">&#8220;Dende aqu\u00ed queremos instar ao presidente Rueda e ao seu conselleiro de presidencia, o se\u00f1or Diego Calvo, a que inicien xa os tr\u00e1mites de cara \u00e1 modificaci\u00f3n desa lei, negociando co resto de grupos do Parlamento de Galicia para que sexa consensuada&#8221;, sinalou.<\/p>\n\n\n\n<p class=\"has-medium-font-size\">Subli\u00f1ou tam\u00e9n a importancia de atender &#8220;as demandas reais que temos nos concellos, ese gran olvidado da Xunta do Partido Popular, os concellos galegos que non est\u00e1n a ser atendidos, que asumimos competencias impropias, aos que non se derivan os recursos&#8221;.<\/p>\n\n\n\n<p class=\"has-medium-font-size\">Pola s\u00faa banda, a voceira socialista local In\u00e9s Ramos L\u00f3pez destacou que os axentes &#8220;simplemente piden unha equiparaci\u00f3n ao resto de postos de traballo do Concello&#8221;, criticando a negativa total do Concello \u00e1s s\u00faas demandas.<\/p>\n\n\n\n<p class=\"has-medium-font-size\">&#8220;Ultimamente temos sufrido varios sucesos que deixaron clara a situaci\u00f3n preocupante da polic\u00eda, mesmamente coa manifestaci\u00f3n celebrada no IES Agra de Lebor\u00eds, que \u00eda dende o propio centro ata o Concello e onde os propios manifestantes v\u00edan como polo medio deles pasaban coches porque non hab\u00eda un xente ou un auxiliar que puidese coordinar o tr\u00e1fico&#8221;, afirmou a voceira.<\/p>\n\n\n\n<p class=\"has-medium-font-size\">&#8220;O mesmo ocorreu co grave accidente de tr\u00e1fico que se produciu na avenida Doutor L\u00f3pez Astray ou co caos que xurde \u00e1 entrada e sa\u00edda dos colexios, como por exemplo no CEIP Otero Pedrayo&#8221;, enumerou Ramos L\u00f3pez.<\/p>\n\n\n\n<p class=\"has-medium-font-size\">&#8220;Ante esta situaci\u00f3n tan grave e que pon en risco a seguridade de todos os veci\u00f1os e veci\u00f1as, o alcalde deber\u00eda pensar se ten capacidade para solucionar esta cuesti\u00f3n, e en caso de que non poida solucionala e que a situaci\u00f3n vaia manterse, deber\u00eda cuestionar se realmente ten capacidade para gobernar este Concello&#8221;, conclu\u00edu.<\/p>\n\n\n\n<p class=\"has-medium-font-size\">Finalmente, interviu tam\u00e9n a deputada socialista no Parlamento galego Patricia Iglesias Rey, que rexistrou na c\u00e1mara unha pregunta ao Goberno galego e ao conselleiro responsable Diego Calvo respecto desta cuesti\u00f3n.<\/p>\n\n\n\n<p class=\"has-medium-font-size\">&#8220;Mandou auxiliares de polic\u00eda pero que non est\u00e1n a ser supervisados e as s\u00faas funci\u00f3ns tuteladas polos titulares de polic\u00eda local porque non hai, un est\u00e1 de baixa m\u00e9dica e outro pediu o traslado para Carballo&#8221;, explicou a parlamentaria. Afirmou tam\u00e9n que a Lei de Coordinaci\u00f3n da Polic\u00eda Local amosa &#8220;o modus operandi do Goberno galego, esa asfixia, ese infrafinanciamento ao que ten sometidos os concellos galegos\u201d. &#8220;En definitiva, unha situaci\u00f3n de caos e falta de acci\u00f3n&#8221; por parte da Xunta, rematou.<\/p>\n\n\n\n<section class=\"wp-block-psoe-separador bg-primary px-2\"><hr class=\"color-white bg-white opacity-1 h-[1px] w-full\" \/><\/section>\n\n\n\n<figure class=\"wp-block-audio\"><audio controls src=\"https:\/\/agrupacionespsoe.es\/acoruna\/wp-content\/uploads\/sites\/198\/2024\/11\/Declaracions-Ines-Ramos-A-Laracha.mp3\"><\/audio><figcaption class=\"wp-element-caption\">Declaraci\u00f3ns de In\u00e9s Ramos &#8211; 14-11-24<\/figcaption><\/figure>\n\n\n\n<figure class=\"wp-block-audio\"><audio controls src=\"https:\/\/agrupacionespsoe.es\/acoruna\/wp-content\/uploads\/sites\/198\/2024\/11\/Declaracions-Bernardo-Ferandez-A-Laracha.mp3\"><\/audio><figcaption class=\"wp-element-caption\">Declaraci\u00f3ns de Bernardo Fern\u00e1ndez 14-11-24<\/figcaption><\/figure>\n\n\n\n<figure class=\"wp-block-audio\"><audio controls src=\"https:\/\/agrupacionespsoe.es\/acoruna\/wp-content\/uploads\/sites\/198\/2024\/11\/Declaracions-Patricia-Iglesias-A-Laracha.mp3\"><\/audio><figcaption class=\"wp-element-caption\">Declaraci\u00f3ns Patricia Iglesias 14-11-24<\/figcaption><\/figure>\n","protected":false},"excerpt":{"rendered":"<p>-A voceira socialista local In\u00e9s Ramos L\u00f3pez destacou que os axentes &#8220;simplemente piden unha equiparaci\u00f3n ao resto de postos de traballo do Concello&#8221; -O secretario xeral provincial Bernardo Fern\u00e1ndez Pi\u00f1eiro lamentou que o Concello &#8220;est\u00e1 tendo moitos problemas actualmente para garantir a seguridade dos veci\u00f1os e as veci\u00f1as por culpa da decisi\u00f3n do alcalde\u201d -O &#8230;<\/p>\n","protected":false},"author":282,"featured_media":1018,"comment_status":"open","ping_status":"open","sticky":false,"template":"","format":"standard","meta":{"_jetpack_memberships_contains_paid_content":false,"footnotes":""},"categories":[97,323],"tags":[103,52,54,95,22,325,24],"class_list":["post-1012","post","type-post","status-publish","format-standard","has-post-thumbnail","hentry","category-a-laracha","category-seguridade","tag-a-laracha","tag-bernardo-fernandez","tag-patricia-iglesias","tag-politica-municipal","tag-psdeg-psoe","tag-seguridade","tag-socialistas"],"yoast_head":"<!-- This site is optimized with the Yoast SEO plugin v24.0 - https:\/\/yoast.com\/wordpress\/plugins\/seo\/ -->\n<title>O PSdeG provincial denuncia na Laracha a negativa do alcalde a negociar coa Polic\u00eda Local e a falta de axentes no municipio - Agrupaci\u00f3n Provincial da Coru\u00f1a PSOE<\/title>\n<meta name=\"description\" content=\"A voceira socialista local In\u00e9s Ramos L\u00f3pez destacou que os axentes &quot;simplemente piden unha equiparaci\u00f3n ao resto de postos de traballo do Concello\" \/>\n<meta name=\"robots\" content=\"index, follow, max-snippet:-1, max-image-preview:large, max-video-preview:-1\" \/>\n<link rel=\"canonical\" href=\"https:\/\/agrupacionespsoe.es\/acoruna\/o-psdeg-provincial-denuncia-na-laracha-a-negativa-do-alcalde-a-negociar-coa-policia-local-e-a-falta-de-axentes-no-municipio\/\" \/>\n<meta property=\"og:locale\" content=\"es_ES\" \/>\n<meta property=\"og:type\" content=\"article\" \/>\n<meta property=\"og:title\" content=\"O PSdeG provincial denuncia na Laracha a negativa do alcalde a negociar coa Polic\u00eda Local e a falta de axentes no municipio - Agrupaci\u00f3n Provincial da Coru\u00f1a PSOE\" \/>\n<meta property=\"og:description\" content=\"A voceira socialista local In\u00e9s Ramos L\u00f3pez destacou que os axentes &quot;simplemente piden unha equiparaci\u00f3n ao resto de postos de traballo do Concello\" \/>\n<meta property=\"og:url\" content=\"https:\/\/agrupacionespsoe.es\/acoruna\/o-psdeg-provincial-denuncia-na-laracha-a-negativa-do-alcalde-a-negociar-coa-policia-local-e-a-falta-de-axentes-no-municipio\/\" \/>\n<meta property=\"og:site_name\" content=\"Agrupaci\u00f3n Provincial da Coru\u00f1a PSOE\" \/>\n<meta property=\"article:published_time\" content=\"2024-11-14T16:11:00+00:00\" \/>\n<meta property=\"article:modified_time\" content=\"2024-11-14T16:24:19+00:00\" \/>\n<meta property=\"og:image\" content=\"https:\/\/agrupacionespsoe.es\/acoruna\/wp-content\/uploads\/sites\/198\/2024\/11\/Laracha-Policia-Local-nov24.jpeg\" \/>\n\t<meta property=\"og:image:width\" content=\"2048\" \/>\n\t<meta property=\"og:image:height\" content=\"1152\" \/>\n\t<meta property=\"og:image:type\" content=\"image\/jpeg\" \/>\n<meta name=\"author\" content=\"Olympia M\u00e9ndez\" \/>\n<meta name=\"twitter:card\" content=\"summary_large_image\" \/>\n<meta name=\"twitter:label1\" content=\"Escrito por\" \/>\n\t<meta name=\"twitter:data1\" content=\"Olympia M\u00e9ndez\" \/>\n\t<meta name=\"twitter:label2\" content=\"Tiempo de lectura\" \/>\n\t<meta name=\"twitter:data2\" content=\"4 minutos\" \/>\n<script type=\"application\/ld+json\" class=\"yoast-schema-graph\">{\"@context\":\"https:\/\/schema.org\",\"@graph\":[{\"@type\":\"Article\",\"@id\":\"https:\/\/agrupacionespsoe.es\/acoruna\/o-psdeg-provincial-denuncia-na-laracha-a-negativa-do-alcalde-a-negociar-coa-policia-local-e-a-falta-de-axentes-no-municipio\/#article\",\"isPartOf\":{\"@id\":\"https:\/\/agrupacionespsoe.es\/acoruna\/o-psdeg-provincial-denuncia-na-laracha-a-negativa-do-alcalde-a-negociar-coa-policia-local-e-a-falta-de-axentes-no-municipio\/\"},\"author\":{\"name\":\"Olympia M\u00e9ndez\",\"@id\":\"https:\/\/agrupacionespsoe.es\/acoruna\/#\/schema\/person\/dbf2b36187b136d06a53f7937d5d5af9\"},\"headline\":\"O PSdeG provincial denuncia na Laracha a negativa do alcalde a negociar coa Polic\u00eda Local e a falta de axentes no municipio\",\"datePublished\":\"2024-11-14T16:11:00+00:00\",\"dateModified\":\"2024-11-14T16:24:19+00:00\",\"mainEntityOfPage\":{\"@id\":\"https:\/\/agrupacionespsoe.es\/acoruna\/o-psdeg-provincial-denuncia-na-laracha-a-negativa-do-alcalde-a-negociar-coa-policia-local-e-a-falta-de-axentes-no-municipio\/\"},\"wordCount\":798,\"commentCount\":0,\"publisher\":{\"@id\":\"https:\/\/agrupacionespsoe.es\/acoruna\/#organization\"},\"image\":{\"@id\":\"https:\/\/agrupacionespsoe.es\/acoruna\/o-psdeg-provincial-denuncia-na-laracha-a-negativa-do-alcalde-a-negociar-coa-policia-local-e-a-falta-de-axentes-no-municipio\/#primaryimage\"},\"thumbnailUrl\":\"https:\/\/agrupacionespsoe.es\/acoruna\/wp-content\/uploads\/sites\/198\/2024\/11\/Laracha-Policia-Local-nov24.jpeg\",\"keywords\":[\"A Laracha\",\"Bernardo Fern\u00e1ndez\",\"Patricia Iglesias\",\"Pol\u00edtica Municipal\",\"PSdeG-PSOE\",\"Seguridade\",\"Socialistas\"],\"articleSection\":[\"A Laracha\",\"Seguridade\"],\"inLanguage\":\"es\",\"potentialAction\":[{\"@type\":\"CommentAction\",\"name\":\"Comment\",\"target\":[\"https:\/\/agrupacionespsoe.es\/acoruna\/o-psdeg-provincial-denuncia-na-laracha-a-negativa-do-alcalde-a-negociar-coa-policia-local-e-a-falta-de-axentes-no-municipio\/#respond\"]}]},{\"@type\":\"WebPage\",\"@id\":\"https:\/\/agrupacionespsoe.es\/acoruna\/o-psdeg-provincial-denuncia-na-laracha-a-negativa-do-alcalde-a-negociar-coa-policia-local-e-a-falta-de-axentes-no-municipio\/\",\"url\":\"https:\/\/agrupacionespsoe.es\/acoruna\/o-psdeg-provincial-denuncia-na-laracha-a-negativa-do-alcalde-a-negociar-coa-policia-local-e-a-falta-de-axentes-no-municipio\/\",\"name\":\"O PSdeG provincial denuncia na Laracha a negativa do alcalde a negociar coa Polic\u00eda Local e a falta de axentes no municipio - Agrupaci\u00f3n Provincial da Coru\u00f1a PSOE\",\"isPartOf\":{\"@id\":\"https:\/\/agrupacionespsoe.es\/acoruna\/#website\"},\"primaryImageOfPage\":{\"@id\":\"https:\/\/agrupacionespsoe.es\/acoruna\/o-psdeg-provincial-denuncia-na-laracha-a-negativa-do-alcalde-a-negociar-coa-policia-local-e-a-falta-de-axentes-no-municipio\/#primaryimage\"},\"image\":{\"@id\":\"https:\/\/agrupacionespsoe.es\/acoruna\/o-psdeg-provincial-denuncia-na-laracha-a-negativa-do-alcalde-a-negociar-coa-policia-local-e-a-falta-de-axentes-no-municipio\/#primaryimage\"},\"thumbnailUrl\":\"https:\/\/agrupacionespsoe.es\/acoruna\/wp-content\/uploads\/sites\/198\/2024\/11\/Laracha-Policia-Local-nov24.jpeg\",\"datePublished\":\"2024-11-14T16:11:00+00:00\",\"dateModified\":\"2024-11-14T16:24:19+00:00\",\"description\":\"A voceira socialista local In\u00e9s Ramos L\u00f3pez destacou que os axentes \\\"simplemente piden unha equiparaci\u00f3n ao resto de postos de traballo do Concello\",\"breadcrumb\":{\"@id\":\"https:\/\/agrupacionespsoe.es\/acoruna\/o-psdeg-provincial-denuncia-na-laracha-a-negativa-do-alcalde-a-negociar-coa-policia-local-e-a-falta-de-axentes-no-municipio\/#breadcrumb\"},\"inLanguage\":\"es\",\"potentialAction\":[{\"@type\":\"ReadAction\",\"target\":[\"https:\/\/agrupacionespsoe.es\/acoruna\/o-psdeg-provincial-denuncia-na-laracha-a-negativa-do-alcalde-a-negociar-coa-policia-local-e-a-falta-de-axentes-no-municipio\/\"]}]},{\"@type\":\"ImageObject\",\"inLanguage\":\"es\",\"@id\":\"https:\/\/agrupacionespsoe.es\/acoruna\/o-psdeg-provincial-denuncia-na-laracha-a-negativa-do-alcalde-a-negociar-coa-policia-local-e-a-falta-de-axentes-no-municipio\/#primaryimage\",\"url\":\"https:\/\/agrupacionespsoe.es\/acoruna\/wp-content\/uploads\/sites\/198\/2024\/11\/Laracha-Policia-Local-nov24.jpeg\",\"contentUrl\":\"https:\/\/agrupacionespsoe.es\/acoruna\/wp-content\/uploads\/sites\/198\/2024\/11\/Laracha-Policia-Local-nov24.jpeg\",\"width\":2048,\"height\":1152},{\"@type\":\"BreadcrumbList\",\"@id\":\"https:\/\/agrupacionespsoe.es\/acoruna\/o-psdeg-provincial-denuncia-na-laracha-a-negativa-do-alcalde-a-negociar-coa-policia-local-e-a-falta-de-axentes-no-municipio\/#breadcrumb\",\"itemListElement\":[{\"@type\":\"ListItem\",\"position\":1,\"name\":\"Portada\",\"item\":\"https:\/\/agrupacionespsoe.es\/acoruna\/\"},{\"@type\":\"ListItem\",\"position\":2,\"name\":\"O PSdeG provincial denuncia na Laracha a negativa do alcalde a negociar coa Polic\u00eda Local e a falta de axentes no municipio\"}]},{\"@type\":\"WebSite\",\"@id\":\"https:\/\/agrupacionespsoe.es\/acoruna\/#website\",\"url\":\"https:\/\/agrupacionespsoe.es\/acoruna\/\",\"name\":\"Agrupaci\u00f3n Provincial da Coru\u00f1a PSOE\",\"description\":\"Provincial PSdeG-PSOE da Coru\u00f1a\",\"publisher\":{\"@id\":\"https:\/\/agrupacionespsoe.es\/acoruna\/#organization\"},\"potentialAction\":[{\"@type\":\"SearchAction\",\"target\":{\"@type\":\"EntryPoint\",\"urlTemplate\":\"https:\/\/agrupacionespsoe.es\/acoruna\/?s={search_term_string}\"},\"query-input\":{\"@type\":\"PropertyValueSpecification\",\"valueRequired\":true,\"valueName\":\"search_term_string\"}}],\"inLanguage\":\"es\"},{\"@type\":\"Organization\",\"@id\":\"https:\/\/agrupacionespsoe.es\/acoruna\/#organization\",\"name\":\"Agrupaci\u00f3n Provincial da Coru\u00f1a PSOE\",\"url\":\"https:\/\/agrupacionespsoe.es\/acoruna\/\",\"logo\":{\"@type\":\"ImageObject\",\"inLanguage\":\"es\",\"@id\":\"https:\/\/agrupacionespsoe.es\/acoruna\/#\/schema\/logo\/image\/\",\"url\":\"https:\/\/agrupacionespsoe.es\/wp-content\/uploads\/2022\/07\/Logotipo_electoral_del_PSOE.png\",\"contentUrl\":\"https:\/\/agrupacionespsoe.es\/wp-content\/uploads\/2022\/07\/Logotipo_electoral_del_PSOE.png\",\"width\":422,\"height\":422,\"caption\":\"Agrupaci\u00f3n Provincial da Coru\u00f1a PSOE\"},\"image\":{\"@id\":\"https:\/\/agrupacionespsoe.es\/acoruna\/#\/schema\/logo\/image\/\"}},{\"@type\":\"Person\",\"@id\":\"https:\/\/agrupacionespsoe.es\/acoruna\/#\/schema\/person\/dbf2b36187b136d06a53f7937d5d5af9\",\"name\":\"Olympia M\u00e9ndez\",\"image\":{\"@type\":\"ImageObject\",\"inLanguage\":\"es\",\"@id\":\"https:\/\/agrupacionespsoe.es\/acoruna\/#\/schema\/person\/image\/\",\"url\":\"https:\/\/secure.gravatar.com\/avatar\/12db1fb8bfe20deb7a2d4ddc95b9042b?s=96&d=mm&r=g\",\"contentUrl\":\"https:\/\/secure.gravatar.com\/avatar\/12db1fb8bfe20deb7a2d4ddc95b9042b?s=96&d=mm&r=g\",\"caption\":\"Olympia M\u00e9ndez\"},\"url\":\"https:\/\/agrupacionespsoe.es\/acoruna\/author\/acoruna2\/\"}]}<\/script>\n<!-- \/ Yoast SEO plugin. -->","yoast_head_json":{"title":"O PSdeG provincial denuncia na Laracha a negativa do alcalde a negociar coa Polic\u00eda Local e a falta de axentes no municipio - Agrupaci\u00f3n Provincial da Coru\u00f1a PSOE","description":"A voceira socialista local In\u00e9s Ramos L\u00f3pez destacou que os axentes \"simplemente piden unha equiparaci\u00f3n ao resto de postos de traballo do Concello","robots":{"index":"index","follow":"follow","max-snippet":"max-snippet:-1","max-image-preview":"max-image-preview:large","max-video-preview":"max-video-preview:-1"},"canonical":"https:\/\/agrupacionespsoe.es\/acoruna\/o-psdeg-provincial-denuncia-na-laracha-a-negativa-do-alcalde-a-negociar-coa-policia-local-e-a-falta-de-axentes-no-municipio\/","og_locale":"es_ES","og_type":"article","og_title":"O PSdeG provincial denuncia na Laracha a negativa do alcalde a negociar coa Polic\u00eda Local e a falta de axentes no municipio - Agrupaci\u00f3n Provincial da Coru\u00f1a PSOE","og_description":"A voceira socialista local In\u00e9s Ramos L\u00f3pez destacou que os axentes \"simplemente piden unha equiparaci\u00f3n ao resto de postos de traballo do Concello","og_url":"https:\/\/agrupacionespsoe.es\/acoruna\/o-psdeg-provincial-denuncia-na-laracha-a-negativa-do-alcalde-a-negociar-coa-policia-local-e-a-falta-de-axentes-no-municipio\/","og_site_name":"Agrupaci\u00f3n Provincial da Coru\u00f1a PSOE","article_published_time":"2024-11-14T16:11:00+00:00","article_modified_time":"2024-11-14T16:24:19+00:00","og_image":[{"width":2048,"height":1152,"url":"https:\/\/agrupacionespsoe.es\/acoruna\/wp-content\/uploads\/sites\/198\/2024\/11\/Laracha-Policia-Local-nov24.jpeg","type":"image\/jpeg"}],"author":"Olympia M\u00e9ndez","twitter_card":"summary_large_image","twitter_misc":{"Escrito por":"Olympia M\u00e9ndez","Tiempo de lectura":"4 minutos"},"schema":{"@context":"https:\/\/schema.org","@graph":[{"@type":"Article","@id":"https:\/\/agrupacionespsoe.es\/acoruna\/o-psdeg-provincial-denuncia-na-laracha-a-negativa-do-alcalde-a-negociar-coa-policia-local-e-a-falta-de-axentes-no-municipio\/#article","isPartOf":{"@id":"https:\/\/agrupacionespsoe.es\/acoruna\/o-psdeg-provincial-denuncia-na-laracha-a-negativa-do-alcalde-a-negociar-coa-policia-local-e-a-falta-de-axentes-no-municipio\/"},"author":{"name":"Olympia M\u00e9ndez","@id":"https:\/\/agrupacionespsoe.es\/acoruna\/#\/schema\/person\/dbf2b36187b136d06a53f7937d5d5af9"},"headline":"O PSdeG provincial denuncia na Laracha a negativa do alcalde a negociar coa Polic\u00eda Local e a falta de axentes no municipio","datePublished":"2024-11-14T16:11:00+00:00","dateModified":"2024-11-14T16:24:19+00:00","mainEntityOfPage":{"@id":"https:\/\/agrupacionespsoe.es\/acoruna\/o-psdeg-provincial-denuncia-na-laracha-a-negativa-do-alcalde-a-negociar-coa-policia-local-e-a-falta-de-axentes-no-municipio\/"},"wordCount":798,"commentCount":0,"publisher":{"@id":"https:\/\/agrupacionespsoe.es\/acoruna\/#organization"},"image":{"@id":"https:\/\/agrupacionespsoe.es\/acoruna\/o-psdeg-provincial-denuncia-na-laracha-a-negativa-do-alcalde-a-negociar-coa-policia-local-e-a-falta-de-axentes-no-municipio\/#primaryimage"},"thumbnailUrl":"https:\/\/agrupacionespsoe.es\/acoruna\/wp-content\/uploads\/sites\/198\/2024\/11\/Laracha-Policia-Local-nov24.jpeg","keywords":["A Laracha","Bernardo Fern\u00e1ndez","Patricia Iglesias","Pol\u00edtica Municipal","PSdeG-PSOE","Seguridade","Socialistas"],"articleSection":["A Laracha","Seguridade"],"inLanguage":"es","potentialAction":[{"@type":"CommentAction","name":"Comment","target":["https:\/\/agrupacionespsoe.es\/acoruna\/o-psdeg-provincial-denuncia-na-laracha-a-negativa-do-alcalde-a-negociar-coa-policia-local-e-a-falta-de-axentes-no-municipio\/#respond"]}]},{"@type":"WebPage","@id":"https:\/\/agrupacionespsoe.es\/acoruna\/o-psdeg-provincial-denuncia-na-laracha-a-negativa-do-alcalde-a-negociar-coa-policia-local-e-a-falta-de-axentes-no-municipio\/","url":"https:\/\/agrupacionespsoe.es\/acoruna\/o-psdeg-provincial-denuncia-na-laracha-a-negativa-do-alcalde-a-negociar-coa-policia-local-e-a-falta-de-axentes-no-municipio\/","name":"O PSdeG provincial denuncia na Laracha a negativa do alcalde a negociar coa Polic\u00eda Local e a falta de axentes no municipio - Agrupaci\u00f3n Provincial da Coru\u00f1a PSOE","isPartOf":{"@id":"https:\/\/agrupacionespsoe.es\/acoruna\/#website"},"primaryImageOfPage":{"@id":"https:\/\/agrupacionespsoe.es\/acoruna\/o-psdeg-provincial-denuncia-na-laracha-a-negativa-do-alcalde-a-negociar-coa-policia-local-e-a-falta-de-axentes-no-municipio\/#primaryimage"},"image":{"@id":"https:\/\/agrupacionespsoe.es\/acoruna\/o-psdeg-provincial-denuncia-na-laracha-a-negativa-do-alcalde-a-negociar-coa-policia-local-e-a-falta-de-axentes-no-municipio\/#primaryimage"},"thumbnailUrl":"https:\/\/agrupacionespsoe.es\/acoruna\/wp-content\/uploads\/sites\/198\/2024\/11\/Laracha-Policia-Local-nov24.jpeg","datePublished":"2024-11-14T16:11:00+00:00","dateModified":"2024-11-14T16:24:19+00:00","description":"A voceira socialista local In\u00e9s Ramos L\u00f3pez destacou que os axentes \"simplemente piden unha equiparaci\u00f3n ao resto de postos de traballo do Concello","breadcrumb":{"@id":"https:\/\/agrupacionespsoe.es\/acoruna\/o-psdeg-provincial-denuncia-na-laracha-a-negativa-do-alcalde-a-negociar-coa-policia-local-e-a-falta-de-axentes-no-municipio\/#breadcrumb"},"inLanguage":"es","potentialAction":[{"@type":"ReadAction","target":["https:\/\/agrupacionespsoe.es\/acoruna\/o-psdeg-provincial-denuncia-na-laracha-a-negativa-do-alcalde-a-negociar-coa-policia-local-e-a-falta-de-axentes-no-municipio\/"]}]},{"@type":"ImageObject","inLanguage":"es","@id":"https:\/\/agrupacionespsoe.es\/acoruna\/o-psdeg-provincial-denuncia-na-laracha-a-negativa-do-alcalde-a-negociar-coa-policia-local-e-a-falta-de-axentes-no-municipio\/#primaryimage","url":"https:\/\/agrupacionespsoe.es\/acoruna\/wp-content\/uploads\/sites\/198\/2024\/11\/Laracha-Policia-Local-nov24.jpeg","contentUrl":"https:\/\/agrupacionespsoe.es\/acoruna\/wp-content\/uploads\/sites\/198\/2024\/11\/Laracha-Policia-Local-nov24.jpeg","width":2048,"height":1152},{"@type":"BreadcrumbList","@id":"https:\/\/agrupacionespsoe.es\/acoruna\/o-psdeg-provincial-denuncia-na-laracha-a-negativa-do-alcalde-a-negociar-coa-policia-local-e-a-falta-de-axentes-no-municipio\/#breadcrumb","itemListElement":[{"@type":"ListItem","position":1,"name":"Portada","item":"https:\/\/agrupacionespsoe.es\/acoruna\/"},{"@type":"ListItem","position":2,"name":"O PSdeG provincial denuncia na Laracha a negativa do alcalde a negociar coa Polic\u00eda Local e a falta de axentes no municipio"}]},{"@type":"WebSite","@id":"https:\/\/agrupacionespsoe.es\/acoruna\/#website","url":"https:\/\/agrupacionespsoe.es\/acoruna\/","name":"Agrupaci\u00f3n Provincial da Coru\u00f1a PSOE","description":"Provincial PSdeG-PSOE da Coru\u00f1a","publisher":{"@id":"https:\/\/agrupacionespsoe.es\/acoruna\/#organization"},"potentialAction":[{"@type":"SearchAction","target":{"@type":"EntryPoint","urlTemplate":"https:\/\/agrupacionespsoe.es\/acoruna\/?s={search_term_string}"},"query-input":{"@type":"PropertyValueSpecification","valueRequired":true,"valueName":"search_term_string"}}],"inLanguage":"es"},{"@type":"Organization","@id":"https:\/\/agrupacionespsoe.es\/acoruna\/#organization","name":"Agrupaci\u00f3n Provincial da Coru\u00f1a PSOE","url":"https:\/\/agrupacionespsoe.es\/acoruna\/","logo":{"@type":"ImageObject","inLanguage":"es","@id":"https:\/\/agrupacionespsoe.es\/acoruna\/#\/schema\/logo\/image\/","url":"https:\/\/agrupacionespsoe.es\/wp-content\/uploads\/2022\/07\/Logotipo_electoral_del_PSOE.png","contentUrl":"https:\/\/agrupacionespsoe.es\/wp-content\/uploads\/2022\/07\/Logotipo_electoral_del_PSOE.png","width":422,"height":422,"caption":"Agrupaci\u00f3n Provincial da Coru\u00f1a PSOE"},"image":{"@id":"https:\/\/agrupacionespsoe.es\/acoruna\/#\/schema\/logo\/image\/"}},{"@type":"Person","@id":"https:\/\/agrupacionespsoe.es\/acoruna\/#\/schema\/person\/dbf2b36187b136d06a53f7937d5d5af9","name":"Olympia M\u00e9ndez","image":{"@type":"ImageObject","inLanguage":"es","@id":"https:\/\/agrupacionespsoe.es\/acoruna\/#\/schema\/person\/image\/","url":"https:\/\/secure.gravatar.com\/avatar\/12db1fb8bfe20deb7a2d4ddc95b9042b?s=96&d=mm&r=g","contentUrl":"https:\/\/secure.gravatar.com\/avatar\/12db1fb8bfe20deb7a2d4ddc95b9042b?s=96&d=mm&r=g","caption":"Olympia M\u00e9ndez"},"url":"https:\/\/agrupacionespsoe.es\/acoruna\/author\/acoruna2\/"}]}},"jetpack_featured_media_url":"https:\/\/agrupacionespsoe.es\/acoruna\/wp-content\/uploads\/sites\/198\/2024\/11\/Laracha-Policia-Local-nov24.jpeg","jetpack_sharing_enabled":true,"jetpack_likes_enabled":true,"_links":{"self":[{"href":"https:\/\/agrupacionespsoe.es\/acoruna\/wp-json\/wp\/v2\/posts\/1012","targetHints":{"allow":["GET"]}}],"collection":[{"href":"https:\/\/agrupacionespsoe.es\/acoruna\/wp-json\/wp\/v2\/posts"}],"about":[{"href":"https:\/\/agrupacionespsoe.es\/acoruna\/wp-json\/wp\/v2\/types\/post"}],"author":[{"embeddable":true,"href":"https:\/\/agrupacionespsoe.es\/acoruna\/wp-json\/wp\/v2\/users\/282"}],"replies":[{"embeddable":true,"href":"https:\/\/agrupacionespsoe.es\/acoruna\/wp-json\/wp\/v2\/comments?post=1012"}],"version-history":[{"count":2,"href":"https:\/\/agrupacionespsoe.es\/acoruna\/wp-json\/wp\/v2\/posts\/1012\/revisions"}],"predecessor-version":[{"id":1017,"href":"https:\/\/agrupacionespsoe.es\/acoruna\/wp-json\/wp\/v2\/posts\/1012\/revisions\/1017"}],"wp:featuredmedia":[{"embeddable":true,"href":"https:\/\/agrupacionespsoe.es\/acoruna\/wp-json\/wp\/v2\/media\/1018"}],"wp:attachment":[{"href":"https:\/\/agrupacionespsoe.es\/acoruna\/wp-json\/wp\/v2\/media?parent=1012"}],"wp:term":[{"taxonomy":"category","embeddable":true,"href":"https:\/\/agrupacionespsoe.es\/acoruna\/wp-json\/wp\/v2\/categories?post=1012"},{"taxonomy":"post_tag","embeddable":true,"href":"https:\/\/agrupacionespsoe.es\/acoruna\/wp-json\/wp\/v2\/tags?post=1012"}],"curies":[{"name":"wp","href":"https:\/\/api.w.org\/{rel}","templated":true}]}}